{"id":76978,"date":"2025-04-17T18:40:21","date_gmt":"2025-04-17T16:40:21","guid":{"rendered":"https:\/\/vosgesinfo.fr\/saintdieinfo\/?p=76978"},"modified":"2025-04-17T18:40:21","modified_gmt":"2025-04-17T16:40:21","slug":"fermeture-definitive-du-college-lycee-frassati-de-mandres-sur-vair-une-decision-prefectorale-sur-fond-dirregularites-persistantes","status":"publish","type":"post","link":"https:\/\/vosgesinfo.fr\/saintdieinfo\/2025\/04\/fermeture-definitive-du-college-lycee-frassati-de-mandres-sur-vair-une-decision-prefectorale-sur-fond-dirregularites-persistantes\/","title":{"rendered":"Fermeture d\u00e9finitive du coll\u00e8ge-lyc\u00e9e Frassati de Mandres-sur-Vair : une d\u00e9cision pr\u00e9fectorale sur fond d\u2019irr\u00e9gularit\u00e9s persistantes"},"content":{"rendered":"<h2 data-start=\"524\" data-end=\"894\"><strong><a href=\"https:\/\/vosgesinfo.fr\/app\/uploads\/sites\/3\/2024\/10\/202005bac-eleves-etudiant-800x533-2.jpg\"><img decoding=\"async\" class=\"aligncenter size-full wp-image-123371\" src=\"https:\/\/vosgesinfo.fr\/app\/uploads\/sites\/3\/2024\/10\/202005bac-eleves-etudiant-800x533-2.jpg\" alt=\"\" width=\"800\" height=\"533\" \/><\/a>Le coll\u00e8ge-lyc\u00e9e Frassati, \u00e9tablissement priv\u00e9 hors contrat situ\u00e9 \u00e0 Mandres-sur-Vair dans les Vosges, a officiellement \u00e9t\u00e9 contraint de fermer ses portes \u00e0 la suite d\u2019un arr\u00eat\u00e9 pr\u00e9fectoral publi\u00e9 le 9 avril 2025. Cette d\u00e9cision intervient sur proposition du recteur de l\u2019acad\u00e9mie de Nancy-Metz, \u00e0 l\u2019issue de constats r\u00e9p\u00e9t\u00e9s de manquements graves.<\/strong><\/h2>\n<p class=\"\" data-start=\"896\" data-end=\"1219\">Selon les autorit\u00e9s, l\u2019\u00e9tablissement ne remplissait plus les conditions minimales en mati\u00e8re de s\u00e9curit\u00e9, d\u2019hygi\u00e8ne et de conformit\u00e9 p\u00e9dagogique. Malgr\u00e9 plusieurs mises en demeure ant\u00e9rieures, la direction de l\u2019\u00e9tablissement n\u2019aurait pas mis en \u0153uvre les correctifs n\u00e9cessaires pour rem\u00e9dier \u00e0 ces d\u00e9faillances.<\/p>\n<p class=\"\" data-start=\"1221\" data-end=\"1580\">Dans un communiqu\u00e9, la pr\u00e9fecture des Vosges a rappel\u00e9 que cette d\u00e9cision visait avant tout \u00e0 garantir un environnement \u00e9ducatif sain et conforme aux exigences r\u00e9glementaires. Elle a \u00e9galement pr\u00e9cis\u00e9 que les services de l\u2019\u00c9ducation nationale du d\u00e9partement \u00e9taient pleinement mobilis\u00e9s pour accompagner les \u00e9l\u00e8ves et leurs familles dans cette transition.<\/p>\n<blockquote data-start=\"1582\" data-end=\"1790\">\n<p class=\"\" data-start=\"1584\" data-end=\"1790\">\u00ab\u00a0Des solutions de scolarisation adapt\u00e9es seront propos\u00e9es \u00e0 chaque famille selon leurs souhaits, avec un accompagnement sp\u00e9cifique pour les \u00e9l\u00e8ves en p\u00e9riode d\u2019examen\u00a0\u00bb, a indiqu\u00e9 un repr\u00e9sentant acad\u00e9mique.<\/p>\n<\/blockquote>\n<p class=\"\" data-start=\"1792\" data-end=\"2186\">L\u2019\u00e9tablissement avait saisi en urgence le tribunal administratif de Nancy pour contester la d\u00e9cision de fermeture. Toutefois, dans son ordonnance rendue le 17 avril 2025, le juge des r\u00e9f\u00e9r\u00e9s a confirm\u00e9 la l\u00e9galit\u00e9 de l\u2019arr\u00eat\u00e9 pr\u00e9fectoral, estimant que celui-ci ne portait pas atteinte de mani\u00e8re \u00ab\u00a0manifestement grave et ill\u00e9gale\u00a0\u00bb \u00e0 la libert\u00e9 d\u2019enseigner ou au droit \u00e0 la scolarisation.<\/p>\n<p class=\"\" data-start=\"2188\" data-end=\"2544\">La fermeture du coll\u00e8ge-lyc\u00e9e Frassati marque un tournant pour cet \u00e9tablissement alternatif, qui accueillait des \u00e9l\u00e8ves en qu\u00eate d\u2019une \u00e9ducation en dehors du syst\u00e8me traditionnel. La priorit\u00e9 reste d\u00e9sormais de garantir la continuit\u00e9 p\u00e9dagogique et de permettre aux \u00e9l\u00e8ves concern\u00e9s de poursuivre leur parcours dans les meilleures conditions possibles.<\/p>\n","protected":false},"excerpt":{"rendered":"<p>Le coll\u00e8ge-lyc\u00e9e Frassati, \u00e9tablissement priv\u00e9 hors contrat situ\u00e9 \u00e0 Mandres-sur-Vair dans les Vosges, a officiellement \u00e9t\u00e9 contraint de fermer ses [&hellip;]<\/p>\n","protected":false},"author":52,"featured_media":76979,"comment_status":"open","ping_status":"open","sticky":false,"template":"","format":"standard","meta":{"footnotes":""},"categories":[460,5392,5391,5389,4099,4100],"tags":[16940,153,16941,1130,43],"class_list":["post-76978","post","type-post","status-publish","format-standard","has-post-thumbnail","hentry","category-a-la-une","category-epinal","category-gerardmer","category-la-plaine-des-vosges","category-remiremont","category-saint-die","tag-college-lycee-frassati-de-mandres-sur-vair","tag-education","tag-fermeture-definitive-du-college","tag-prefecture","tag-vosges"],"acf":[],"yoast_head":"<!-- This site is optimized with the Yoast SEO plugin v22.5 - https:\/\/yoast.com\/wordpress\/plugins\/seo\/ -->\n<title>Fermeture d\u00e9finitive du coll\u00e8ge-lyc\u00e9e Frassati de Mandres-sur-Vair : une d\u00e9cision pr\u00e9fectorale sur fond d\u2019irr\u00e9gularit\u00e9s persistantes - Saint Die Info<\/title>\n<meta name=\"robots\" content=\"index, follow, max-snippet:-1, max-image-preview:large, max-video-preview:-1\" \/>\n<link rel=\"canonical\" href=\"https:\/\/vosgesinfo.fr\/saintdieinfo\/2025\/04\/fermeture-definitive-du-college-lycee-frassati-de-mandres-sur-vair-une-decision-prefectorale-sur-fond-dirregularites-persistantes\/\" \/>\n<meta name=\"twitter:card\" content=\"summary_large_image\" \/>\n<meta name=\"twitter:title\" content=\"Fermeture d\u00e9finitive du coll\u00e8ge-lyc\u00e9e Frassati de Mandres-sur-Vair : une d\u00e9cision pr\u00e9fectorale sur fond d\u2019irr\u00e9gularit\u00e9s persistantes - Saint Die Info\" \/>\n<meta name=\"twitter:description\" content=\"Le coll\u00e8ge-lyc\u00e9e Frassati, \u00e9tablissement priv\u00e9 hors contrat situ\u00e9 \u00e0 Mandres-sur-Vair dans les Vosges, a officiellement \u00e9t\u00e9 contraint de fermer ses [&hellip;]\" \/>\n<meta name=\"twitter:image\" content=\"https:\/\/vosgesinfo.fr\/app\/uploads\/sites\/4\/2025\/04\/202005bac-eleves-etudiant-800x533-2.jpg\" \/>\n<meta name=\"twitter:creator\" content=\"@VosgesInfo88\" \/>\n<meta name=\"twitter:site\" content=\"@VosgesInfo88\" \/>\n<meta name=\"twitter:label1\" content=\"\u00c9crit par\" \/>\n\t<meta name=\"twitter:data1\" content=\"C.K.\" \/>\n\t<meta name=\"twitter:label2\" content=\"Dur\u00e9e de lecture estim\u00e9e\" \/>\n\t<meta name=\"twitter:data2\" content=\"2 minutes\" \/>\n<script type=\"application\/ld+json\" class=\"yoast-schema-graph\">{\"@context\":\"https:\/\/schema.org\",\"@graph\":[{\"@type\":\"Article\",\"@id\":\"https:\/\/vosgesinfo.fr\/saintdieinfo\/2025\/04\/fermeture-definitive-du-college-lycee-frassati-de-mandres-sur-vair-une-decision-prefectorale-sur-fond-dirregularites-persistantes\/#article\",\"isPartOf\":{\"@id\":\"https:\/\/vosgesinfo.fr\/saintdieinfo\/2025\/04\/fermeture-definitive-du-college-lycee-frassati-de-mandres-sur-vair-une-decision-prefectorale-sur-fond-dirregularites-persistantes\/\"},\"author\":{\"name\":\"C.K.\",\"@id\":\"https:\/\/vosgesinfo.fr\/saintdieinfo\/#\/schema\/person\/6f9a650eeea99d969b6c4ab78fccbe81\"},\"headline\":\"Fermeture d\u00e9finitive du coll\u00e8ge-lyc\u00e9e Frassati de Mandres-sur-Vair : une d\u00e9cision pr\u00e9fectorale sur fond d\u2019irr\u00e9gularit\u00e9s persistantes\",\"datePublished\":\"2025-04-17T16:40:21+00:00\",\"dateModified\":\"2025-04-17T16:40:21+00:00\",\"mainEntityOfPage\":{\"@id\":\"https:\/\/vosgesinfo.fr\/saintdieinfo\/2025\/04\/fermeture-definitive-du-college-lycee-frassati-de-mandres-sur-vair-une-decision-prefectorale-sur-fond-dirregularites-persistantes\/\"},\"wordCount\":353,\"commentCount\":0,\"publisher\":{\"@id\":\"https:\/\/vosgesinfo.fr\/saintdieinfo\/#organization\"},\"image\":{\"@id\":\"https:\/\/vosgesinfo.fr\/saintdieinfo\/2025\/04\/fermeture-definitive-du-college-lycee-frassati-de-mandres-sur-vair-une-decision-prefectorale-sur-fond-dirregularites-persistantes\/#primaryimage\"},\"thumbnailUrl\":\"https:\/\/vosgesinfo.fr\/app\/uploads\/sites\/4\/2025\/04\/202005bac-eleves-etudiant-800x533-2.jpg\",\"keywords\":[\"coll\u00e8ge-lyc\u00e9e Frassati de Mandres-sur-Vair\",\"\u00e9ducation\",\"Fermeture d\u00e9finitive du coll\u00e8ge\",\"pr\u00e9fecture\",\"vosges\"],\"articleSection\":[\"A la Une\",\"Epinal\",\"Gerardmer\",\"La plaine des vosges\",\"Remiremont\",\"Saint-di\u00e9\"],\"inLanguage\":\"fr-FR\",\"potentialAction\":[{\"@type\":\"CommentAction\",\"name\":\"Comment\",\"target\":[\"https:\/\/vosgesinfo.fr\/saintdieinfo\/2025\/04\/fermeture-definitive-du-college-lycee-frassati-de-mandres-sur-vair-une-decision-prefectorale-sur-fond-dirregularites-persistantes\/#respond\"]}]},{\"@type\":\"WebPage\",\"@id\":\"https:\/\/vosgesinfo.fr\/saintdieinfo\/2025\/04\/fermeture-definitive-du-college-lycee-frassati-de-mandres-sur-vair-une-decision-prefectorale-sur-fond-dirregularites-persistantes\/\",\"url\":\"https:\/\/vosgesinfo.fr\/saintdieinfo\/2025\/04\/fermeture-definitive-du-college-lycee-frassati-de-mandres-sur-vair-une-decision-prefectorale-sur-fond-dirregularites-persistantes\/\",\"name\":\"Fermeture d\u00e9finitive du coll\u00e8ge-lyc\u00e9e Frassati de Mandres-sur-Vair : une d\u00e9cision pr\u00e9fectorale sur fond d\u2019irr\u00e9gularit\u00e9s persistantes - Saint Die Info\",\"isPartOf\":{\"@id\":\"https:\/\/vosgesinfo.fr\/saintdieinfo\/#website\"},\"primaryImageOfPage\":{\"@id\":\"https:\/\/vosgesinfo.fr\/saintdieinfo\/2025\/04\/fermeture-definitive-du-college-lycee-frassati-de-mandres-sur-vair-une-decision-prefectorale-sur-fond-dirregularites-persistantes\/#primaryimage\"},\"image\":{\"@id\":\"https:\/\/vosgesinfo.fr\/saintdieinfo\/2025\/04\/fermeture-definitive-du-college-lycee-frassati-de-mandres-sur-vair-une-decision-prefectorale-sur-fond-dirregularites-persistantes\/#primaryimage\"},\"thumbnailUrl\":\"https:\/\/vosgesinfo.fr\/app\/uploads\/sites\/4\/2025\/04\/202005bac-eleves-etudiant-800x533-2.jpg\",\"datePublished\":\"2025-04-17T16:40:21+00:00\",\"dateModified\":\"2025-04-17T16:40:21+00:00\",\"breadcrumb\":{\"@id\":\"https:\/\/vosgesinfo.fr\/saintdieinfo\/2025\/04\/fermeture-definitive-du-college-lycee-frassati-de-mandres-sur-vair-une-decision-prefectorale-sur-fond-dirregularites-persistantes\/#breadcrumb\"},\"inLanguage\":\"fr-FR\",\"potentialAction\":[{\"@type\":\"ReadAction\",\"target\":[\"https:\/\/vosgesinfo.fr\/saintdieinfo\/2025\/04\/fermeture-definitive-du-college-lycee-frassati-de-mandres-sur-vair-une-decision-prefectorale-sur-fond-dirregularites-persistantes\/\"]}]},{\"@type\":\"ImageObject\",\"inLanguage\":\"fr-FR\",\"@id\":\"https:\/\/vosgesinfo.fr\/saintdieinfo\/2025\/04\/fermeture-definitive-du-college-lycee-frassati-de-mandres-sur-vair-une-decision-prefectorale-sur-fond-dirregularites-persistantes\/#primaryimage\",\"url\":\"https:\/\/vosgesinfo.fr\/app\/uploads\/sites\/4\/2025\/04\/202005bac-eleves-etudiant-800x533-2.jpg\",\"contentUrl\":\"https:\/\/vosgesinfo.fr\/app\/uploads\/sites\/4\/2025\/04\/202005bac-eleves-etudiant-800x533-2.jpg\",\"width\":800,\"height\":533},{\"@type\":\"BreadcrumbList\",\"@id\":\"https:\/\/vosgesinfo.fr\/saintdieinfo\/2025\/04\/fermeture-definitive-du-college-lycee-frassati-de-mandres-sur-vair-une-decision-prefectorale-sur-fond-dirregularites-persistantes\/#breadcrumb\",\"itemListElement\":[{\"@type\":\"ListItem\",\"position\":1,\"name\":\"Home\",\"item\":\"https:\/\/vosgesinfo.fr\/saintdieinfo\/\"},{\"@type\":\"ListItem\",\"position\":2,\"name\":\"Fermeture d\u00e9finitive du coll\u00e8ge-lyc\u00e9e Frassati de Mandres-sur-Vair : une d\u00e9cision pr\u00e9fectorale sur fond d\u2019irr\u00e9gularit\u00e9s persistantes\"}]},{\"@type\":\"WebSite\",\"@id\":\"https:\/\/vosgesinfo.fr\/saintdieinfo\/#website\",\"url\":\"https:\/\/vosgesinfo.fr\/saintdieinfo\/\",\"name\":\"Saint Die Info\",\"description\":\"Toute l&#039;actualit\u00e9 de Saint-Di\u00e9-Des-Vosges\",\"publisher\":{\"@id\":\"https:\/\/vosgesinfo.fr\/saintdieinfo\/#organization\"},\"alternateName\":\"Toute l'actualit\u00e9 de Saint-Di\u00e9-Des-Vosges\",\"potentialAction\":[{\"@type\":\"SearchAction\",\"target\":{\"@type\":\"EntryPoint\",\"urlTemplate\":\"https:\/\/vosgesinfo.fr\/saintdieinfo\/?s={search_term_string}\"},\"query-input\":\"required name=search_term_string\"}],\"inLanguage\":\"fr-FR\"},{\"@type\":\"Organization\",\"@id\":\"https:\/\/vosgesinfo.fr\/saintdieinfo\/#organization\",\"name\":\"Saint Die Info\",\"url\":\"https:\/\/vosgesinfo.fr\/saintdieinfo\/\",\"logo\":{\"@type\":\"ImageObject\",\"inLanguage\":\"fr-FR\",\"@id\":\"https:\/\/vosgesinfo.fr\/saintdieinfo\/#\/schema\/logo\/image\/\",\"url\":\"https:\/\/vosgesinfo.fr\/app\/uploads\/sites\/4\/2024\/02\/logo-sdi.jpg\",\"contentUrl\":\"https:\/\/vosgesinfo.fr\/app\/uploads\/sites\/4\/2024\/02\/logo-sdi.jpg\",\"width\":600,\"height\":600,\"caption\":\"Saint Die Info\"},\"image\":{\"@id\":\"https:\/\/vosgesinfo.fr\/saintdieinfo\/#\/schema\/logo\/image\/\"},\"sameAs\":[\"https:\/\/www.facebook.com\/Saintdieinfofr\",\"https:\/\/x.com\/VosgesInfo88\",\"https:\/\/www.youtube.com\/@vosgesinfo\"]},{\"@type\":\"Person\",\"@id\":\"https:\/\/vosgesinfo.fr\/saintdieinfo\/#\/schema\/person\/6f9a650eeea99d969b6c4ab78fccbe81\",\"name\":\"C.K.\",\"image\":{\"@type\":\"ImageObject\",\"inLanguage\":\"fr-FR\",\"@id\":\"https:\/\/vosgesinfo.fr\/saintdieinfo\/#\/schema\/person\/image\/\",\"url\":\"https:\/\/secure.gravatar.com\/avatar\/48e3fc7f8421ba8942be6b74a2b7f014ca39bc00dece156b7a8e098ae7dc87bf?s=96&d=mm&r=g\",\"contentUrl\":\"https:\/\/secure.gravatar.com\/avatar\/48e3fc7f8421ba8942be6b74a2b7f014ca39bc00dece156b7a8e098ae7dc87bf?s=96&d=mm&r=g\",\"caption\":\"C.K.\"},\"url\":\"https:\/\/vosgesinfo.fr\/saintdieinfo\/author\/celia-k-n\/\"}]}<\/script>\n<!-- \/ Yoast SEO plugin. -->","yoast_head_json":{"title":"Fermeture d\u00e9finitive du coll\u00e8ge-lyc\u00e9e Frassati de Mandres-sur-Vair : une d\u00e9cision pr\u00e9fectorale sur fond d\u2019irr\u00e9gularit\u00e9s persistantes - Saint Die Info","robots":{"index":"index","follow":"follow","max-snippet":"max-snippet:-1","max-image-preview":"max-image-preview:large","max-video-preview":"max-video-preview:-1"},"canonical":"https:\/\/vosgesinfo.fr\/saintdieinfo\/2025\/04\/fermeture-definitive-du-college-lycee-frassati-de-mandres-sur-vair-une-decision-prefectorale-sur-fond-dirregularites-persistantes\/","twitter_card":"summary_large_image","twitter_title":"Fermeture d\u00e9finitive du coll\u00e8ge-lyc\u00e9e Frassati de Mandres-sur-Vair : une d\u00e9cision pr\u00e9fectorale sur fond d\u2019irr\u00e9gularit\u00e9s persistantes - Saint Die Info","twitter_description":"Le coll\u00e8ge-lyc\u00e9e Frassati, \u00e9tablissement priv\u00e9 hors contrat situ\u00e9 \u00e0 Mandres-sur-Vair dans les Vosges, a officiellement \u00e9t\u00e9 contraint de fermer ses [&hellip;]","twitter_image":"https:\/\/vosgesinfo.fr\/app\/uploads\/sites\/4\/2025\/04\/202005bac-eleves-etudiant-800x533-2.jpg","twitter_creator":"@VosgesInfo88","twitter_site":"@VosgesInfo88","twitter_misc":{"\u00c9crit par":"C.K.","Dur\u00e9e de lecture estim\u00e9e":"2 minutes"},"schema":{"@context":"https:\/\/schema.org","@graph":[{"@type":"Article","@id":"https:\/\/vosgesinfo.fr\/saintdieinfo\/2025\/04\/fermeture-definitive-du-college-lycee-frassati-de-mandres-sur-vair-une-decision-prefectorale-sur-fond-dirregularites-persistantes\/#article","isPartOf":{"@id":"https:\/\/vosgesinfo.fr\/saintdieinfo\/2025\/04\/fermeture-definitive-du-college-lycee-frassati-de-mandres-sur-vair-une-decision-prefectorale-sur-fond-dirregularites-persistantes\/"},"author":{"name":"C.K.","@id":"https:\/\/vosgesinfo.fr\/saintdieinfo\/#\/schema\/person\/6f9a650eeea99d969b6c4ab78fccbe81"},"headline":"Fermeture d\u00e9finitive du coll\u00e8ge-lyc\u00e9e Frassati de Mandres-sur-Vair : une d\u00e9cision pr\u00e9fectorale sur fond d\u2019irr\u00e9gularit\u00e9s persistantes","datePublished":"2025-04-17T16:40:21+00:00","dateModified":"2025-04-17T16:40:21+00:00","mainEntityOfPage":{"@id":"https:\/\/vosgesinfo.fr\/saintdieinfo\/2025\/04\/fermeture-definitive-du-college-lycee-frassati-de-mandres-sur-vair-une-decision-prefectorale-sur-fond-dirregularites-persistantes\/"},"wordCount":353,"commentCount":0,"publisher":{"@id":"https:\/\/vosgesinfo.fr\/saintdieinfo\/#organization"},"image":{"@id":"https:\/\/vosgesinfo.fr\/saintdieinfo\/2025\/04\/fermeture-definitive-du-college-lycee-frassati-de-mandres-sur-vair-une-decision-prefectorale-sur-fond-dirregularites-persistantes\/#primaryimage"},"thumbnailUrl":"https:\/\/vosgesinfo.fr\/app\/uploads\/sites\/4\/2025\/04\/202005bac-eleves-etudiant-800x533-2.jpg","keywords":["coll\u00e8ge-lyc\u00e9e Frassati de Mandres-sur-Vair","\u00e9ducation","Fermeture d\u00e9finitive du coll\u00e8ge","pr\u00e9fecture","vosges"],"articleSection":["A la Une","Epinal","Gerardmer","La plaine des vosges","Remiremont","Saint-di\u00e9"],"inLanguage":"fr-FR","potentialAction":[{"@type":"CommentAction","name":"Comment","target":["https:\/\/vosgesinfo.fr\/saintdieinfo\/2025\/04\/fermeture-definitive-du-college-lycee-frassati-de-mandres-sur-vair-une-decision-prefectorale-sur-fond-dirregularites-persistantes\/#respond"]}]},{"@type":"WebPage","@id":"https:\/\/vosgesinfo.fr\/saintdieinfo\/2025\/04\/fermeture-definitive-du-college-lycee-frassati-de-mandres-sur-vair-une-decision-prefectorale-sur-fond-dirregularites-persistantes\/","url":"https:\/\/vosgesinfo.fr\/saintdieinfo\/2025\/04\/fermeture-definitive-du-college-lycee-frassati-de-mandres-sur-vair-une-decision-prefectorale-sur-fond-dirregularites-persistantes\/","name":"Fermeture d\u00e9finitive du coll\u00e8ge-lyc\u00e9e Frassati de Mandres-sur-Vair : une d\u00e9cision pr\u00e9fectorale sur fond d\u2019irr\u00e9gularit\u00e9s persistantes - Saint Die Info","isPartOf":{"@id":"https:\/\/vosgesinfo.fr\/saintdieinfo\/#website"},"primaryImageOfPage":{"@id":"https:\/\/vosgesinfo.fr\/saintdieinfo\/2025\/04\/fermeture-definitive-du-college-lycee-frassati-de-mandres-sur-vair-une-decision-prefectorale-sur-fond-dirregularites-persistantes\/#primaryimage"},"image":{"@id":"https:\/\/vosgesinfo.fr\/saintdieinfo\/2025\/04\/fermeture-definitive-du-college-lycee-frassati-de-mandres-sur-vair-une-decision-prefectorale-sur-fond-dirregularites-persistantes\/#primaryimage"},"thumbnailUrl":"https:\/\/vosgesinfo.fr\/app\/uploads\/sites\/4\/2025\/04\/202005bac-eleves-etudiant-800x533-2.jpg","datePublished":"2025-04-17T16:40:21+00:00","dateModified":"2025-04-17T16:40:21+00:00","breadcrumb":{"@id":"https:\/\/vosgesinfo.fr\/saintdieinfo\/2025\/04\/fermeture-definitive-du-college-lycee-frassati-de-mandres-sur-vair-une-decision-prefectorale-sur-fond-dirregularites-persistantes\/#breadcrumb"},"inLanguage":"fr-FR","potentialAction":[{"@type":"ReadAction","target":["https:\/\/vosgesinfo.fr\/saintdieinfo\/2025\/04\/fermeture-definitive-du-college-lycee-frassati-de-mandres-sur-vair-une-decision-prefectorale-sur-fond-dirregularites-persistantes\/"]}]},{"@type":"ImageObject","inLanguage":"fr-FR","@id":"https:\/\/vosgesinfo.fr\/saintdieinfo\/2025\/04\/fermeture-definitive-du-college-lycee-frassati-de-mandres-sur-vair-une-decision-prefectorale-sur-fond-dirregularites-persistantes\/#primaryimage","url":"https:\/\/vosgesinfo.fr\/app\/uploads\/sites\/4\/2025\/04\/202005bac-eleves-etudiant-800x533-2.jpg","contentUrl":"https:\/\/vosgesinfo.fr\/app\/uploads\/sites\/4\/2025\/04\/202005bac-eleves-etudiant-800x533-2.jpg","width":800,"height":533},{"@type":"BreadcrumbList","@id":"https:\/\/vosgesinfo.fr\/saintdieinfo\/2025\/04\/fermeture-definitive-du-college-lycee-frassati-de-mandres-sur-vair-une-decision-prefectorale-sur-fond-dirregularites-persistantes\/#breadcrumb","itemListElement":[{"@type":"ListItem","position":1,"name":"Home","item":"https:\/\/vosgesinfo.fr\/saintdieinfo\/"},{"@type":"ListItem","position":2,"name":"Fermeture d\u00e9finitive du coll\u00e8ge-lyc\u00e9e Frassati de Mandres-sur-Vair : une d\u00e9cision pr\u00e9fectorale sur fond d\u2019irr\u00e9gularit\u00e9s persistantes"}]},{"@type":"WebSite","@id":"https:\/\/vosgesinfo.fr\/saintdieinfo\/#website","url":"https:\/\/vosgesinfo.fr\/saintdieinfo\/","name":"Saint Die Info","description":"Toute l&#039;actualit\u00e9 de Saint-Di\u00e9-Des-Vosges","publisher":{"@id":"https:\/\/vosgesinfo.fr\/saintdieinfo\/#organization"},"alternateName":"Toute l'actualit\u00e9 de Saint-Di\u00e9-Des-Vosges","potentialAction":[{"@type":"SearchAction","target":{"@type":"EntryPoint","urlTemplate":"https:\/\/vosgesinfo.fr\/saintdieinfo\/?s={search_term_string}"},"query-input":"required name=search_term_string"}],"inLanguage":"fr-FR"},{"@type":"Organization","@id":"https:\/\/vosgesinfo.fr\/saintdieinfo\/#organization","name":"Saint Die Info","url":"https:\/\/vosgesinfo.fr\/saintdieinfo\/","logo":{"@type":"ImageObject","inLanguage":"fr-FR","@id":"https:\/\/vosgesinfo.fr\/saintdieinfo\/#\/schema\/logo\/image\/","url":"https:\/\/vosgesinfo.fr\/app\/uploads\/sites\/4\/2024\/02\/logo-sdi.jpg","contentUrl":"https:\/\/vosgesinfo.fr\/app\/uploads\/sites\/4\/2024\/02\/logo-sdi.jpg","width":600,"height":600,"caption":"Saint Die Info"},"image":{"@id":"https:\/\/vosgesinfo.fr\/saintdieinfo\/#\/schema\/logo\/image\/"},"sameAs":["https:\/\/www.facebook.com\/Saintdieinfofr","https:\/\/x.com\/VosgesInfo88","https:\/\/www.youtube.com\/@vosgesinfo"]},{"@type":"Person","@id":"https:\/\/vosgesinfo.fr\/saintdieinfo\/#\/schema\/person\/6f9a650eeea99d969b6c4ab78fccbe81","name":"C.K.","image":{"@type":"ImageObject","inLanguage":"fr-FR","@id":"https:\/\/vosgesinfo.fr\/saintdieinfo\/#\/schema\/person\/image\/","url":"https:\/\/secure.gravatar.com\/avatar\/48e3fc7f8421ba8942be6b74a2b7f014ca39bc00dece156b7a8e098ae7dc87bf?s=96&d=mm&r=g","contentUrl":"https:\/\/secure.gravatar.com\/avatar\/48e3fc7f8421ba8942be6b74a2b7f014ca39bc00dece156b7a8e098ae7dc87bf?s=96&d=mm&r=g","caption":"C.K."},"url":"https:\/\/vosgesinfo.fr\/saintdieinfo\/author\/celia-k-n\/"}]}},"_links":{"self":[{"href":"https:\/\/vosgesinfo.fr\/saintdieinfo\/wp-json\/wp\/v2\/posts\/76978","targetHints":{"allow":["GET"]}}],"collection":[{"href":"https:\/\/vosgesinfo.fr\/saintdieinfo\/wp-json\/wp\/v2\/posts"}],"about":[{"href":"https:\/\/vosgesinfo.fr\/saintdieinfo\/wp-json\/wp\/v2\/types\/post"}],"author":[{"embeddable":true,"href":"https:\/\/vosgesinfo.fr\/saintdieinfo\/wp-json\/wp\/v2\/users\/52"}],"replies":[{"embeddable":true,"href":"https:\/\/vosgesinfo.fr\/saintdieinfo\/wp-json\/wp\/v2\/comments?post=76978"}],"version-history":[{"count":0,"href":"https:\/\/vosgesinfo.fr\/saintdieinfo\/wp-json\/wp\/v2\/posts\/76978\/revisions"}],"wp:featuredmedia":[{"embeddable":true,"href":"https:\/\/vosgesinfo.fr\/saintdieinfo\/wp-json\/wp\/v2\/media\/76979"}],"wp:attachment":[{"href":"https:\/\/vosgesinfo.fr\/saintdieinfo\/wp-json\/wp\/v2\/media?parent=76978"}],"wp:term":[{"taxonomy":"category","embeddable":true,"href":"https:\/\/vosgesinfo.fr\/saintdieinfo\/wp-json\/wp\/v2\/categories?post=76978"},{"taxonomy":"post_tag","embeddable":true,"href":"https:\/\/vosgesinfo.fr\/saintdieinfo\/wp-json\/wp\/v2\/tags?post=76978"}],"curies":[{"name":"wp","href":"https:\/\/api.w.org\/{rel}","templated":true}]}}