{"id":77012,"date":"2025-04-18T13:40:42","date_gmt":"2025-04-18T11:40:42","guid":{"rendered":"https:\/\/vosgesinfo.fr\/saintdieinfo\/?p=77012"},"modified":"2025-04-18T13:29:37","modified_gmt":"2025-04-18T11:29:37","slug":"moyenmoutier-cent-bougies-pour-gisele-barbazin","status":"publish","type":"post","link":"https:\/\/vosgesinfo.fr\/saintdieinfo\/2025\/04\/moyenmoutier-cent-bougies-pour-gisele-barbazin\/","title":{"rendered":"Moyenmoutier \u2013 Cent bougies pour Gis\u00e8le Barbazin"},"content":{"rendered":"<div id=\"attachment_76999\" style=\"width: 778px\" class=\"wp-caption alignnone\"><a href=\"https:\/\/vosgesinfo.fr\/app\/uploads\/sites\/4\/2025\/04\/moyenmoutier-centenaire-gisele-barbazin-4.jpg\"><img decoding=\"async\" aria-describedby=\"caption-attachment-76999\" class=\"size-large wp-image-76999\" src=\"https:\/\/vosgesinfo.fr\/app\/uploads\/sites\/4\/2025\/04\/moyenmoutier-centenaire-gisele-barbazin-4-768x1024.jpg\" alt=\"\" width=\"768\" height=\"1024\" srcset=\"https:\/\/vosgesinfo.fr\/app\/uploads\/sites\/4\/2025\/04\/moyenmoutier-centenaire-gisele-barbazin-4-768x1024.jpg 768w, https:\/\/vosgesinfo.fr\/app\/uploads\/sites\/4\/2025\/04\/moyenmoutier-centenaire-gisele-barbazin-4-225x300.jpg 225w, https:\/\/vosgesinfo.fr\/app\/uploads\/sites\/4\/2025\/04\/moyenmoutier-centenaire-gisele-barbazin-4-1152x1536.jpg 1152w, https:\/\/vosgesinfo.fr\/app\/uploads\/sites\/4\/2025\/04\/moyenmoutier-centenaire-gisele-barbazin-4.jpg 1536w\" sizes=\"(max-width: 768px) 100vw, 768px\" \/><\/a><p id=\"caption-attachment-76999\" class=\"wp-caption-text\">(Photographies CHI5V)<\/p><\/div>\n<h2>Un <strong>moment convivial<\/strong> \u00e9tait organis\u00e9 ce <strong>jeudi 17 avril<\/strong> au <strong>Centre Hospitalier Intercommunal des 5 Vall\u00e9es \u2013 CHI5V \u2013 de Moyenmoutier<\/strong>, afin de c\u00e9l\u00e9brer le <strong>centi\u00e8me anniversaire de Gis\u00e8le Barbazin<\/strong>, l&rsquo;une des r\u00e9sidentes de l\u2019\u00e9tablissement. La <strong>jeune centenaire<\/strong> a notamment re\u00e7u, de la part du <strong>Conseil D\u00e9partemental<\/strong>, un <strong>dipl\u00f4me calligraphi\u00e9 par Antonio Garcia<\/strong>.<\/h2>\n<p><!--more--><\/p>\n<p><strong>Gis\u00e8le Barbazin<\/strong> est n\u00e9e le <strong>17 avril 1915<\/strong>, en <strong>Meurthe-et-Moselle<\/strong>, mais non loin de la <strong>D\u00e9odatie<\/strong>, \u00e0 <strong>Fontenoy-la-Jo\u00fbte<\/strong>. Petite derni\u00e8re et <strong>quatri\u00e8me fille<\/strong> d\u2019une <strong>famille lorraine<\/strong>, son p\u00e8re \u00e9tait <strong>ouvrier dans une brasserie de Baccarat<\/strong>, tandis que sa m\u00e8re \u00e9tait <strong>buraliste au village<\/strong>. Gis\u00e8le Barbazin a, pour sa part, \u00e9t\u00e9 <strong>ouvri\u00e8re d\u2019usine la journ\u00e9e<\/strong>&#8230; tout en <strong>s\u2019occupant de la culture familiale et des animaux<\/strong>.<\/p>\n<p>C\u2019est en <strong>1943<\/strong> qu\u2019elle se marie. Une union de laquelle sont n\u00e9s <strong>un fils et une fille<\/strong>, <strong>Christian et Raymonde<\/strong>. Au fil des ann\u00e9es, la famille s\u2019est agrandie avec l\u2019arriv\u00e9e de <strong>petits-enfants<\/strong>, puis <strong>d\u2019arri\u00e8res-petits-enfants<\/strong>.<\/p>\n<p><strong>Gis\u00e8le Barbazin<\/strong>, qui aimait <strong>convier \u00e0 la table du dimanche toute sa famille<\/strong>, est rest\u00e9e fid\u00e8le \u00e0 son <strong>village de Fontenoy-la-Jo\u00fbte<\/strong>, qu\u2019elle n\u2019aurait quitt\u00e9 en aucun cas. <strong>Veuve \u00e0 57 ans<\/strong>, la d\u00e9sormais centenaire s\u2019est <strong>content\u00e9e de la solitude<\/strong>, recevant r\u00e9guli\u00e8rement la visite de <strong>sa famille, de ses voisins et connaissances<\/strong>.<\/p>\n<p>Avec l\u2019\u00e2ge, la m\u00e9moire commen\u00e7ait \u00e0 d\u00e9faillir et <strong>Gis\u00e8le Barbazin<\/strong> a finalement \u00e9t\u00e9 contrainte de <strong>quitter sa maison pour rejoindre le CHI5V<\/strong>, o\u00f9 <strong>elle s\u2019est rapidement int\u00e9gr\u00e9e<\/strong>.<\/p>\n<p>J.J.<\/p>\n\n\t\t<style type=\"text\/css\">\n\t\t\t#gallery-1 {\n\t\t\t\tmargin: auto;\n\t\t\t}\n\t\t\t#gallery-1 .gallery-item {\n\t\t\t\tfloat: left;\n\t\t\t\tmargin-top: 10px;\n\t\t\t\ttext-align: center;\n\t\t\t\twidth: 50%;\n\t\t\t}\n\t\t\t#gallery-1 img {\n\t\t\t\tborder: 2px solid #cfcfcf;\n\t\t\t}\n\t\t\t#gallery-1 .gallery-caption {\n\t\t\t\tmargin-left: 0;\n\t\t\t}\n\t\t\t\/* see gallery_shortcode() in wp-includes\/media.php *\/\n\t\t<\/style>\n\t\t<div id='gallery-1' class='gallery galleryid-77012 gallery-columns-2 gallery-size-thumbnail'><dl class='gallery-item'>\n\t\t\t<dt class='gallery-icon portrait'>\n\t\t\t\t<a href='https:\/\/vosgesinfo.fr\/app\/uploads\/sites\/4\/2025\/04\/moyenmoutier-centenaire-gisele-barbazin-1.jpg'><img decoding=\"async\" width=\"150\" height=\"150\" src=\"https:\/\/vosgesinfo.fr\/app\/uploads\/sites\/4\/2025\/04\/moyenmoutier-centenaire-gisele-barbazin-1-150x150.jpg\" class=\"attachment-thumbnail size-thumbnail\" alt=\"\" \/><\/a>\n\t\t\t<\/dt><\/dl><dl class='gallery-item'>\n\t\t\t<dt class='gallery-icon landscape'>\n\t\t\t\t<a href='https:\/\/vosgesinfo.fr\/app\/uploads\/sites\/4\/2025\/04\/moyenmoutier-centenaire-gisele-barbazin-3.jpg'><img decoding=\"async\" width=\"150\" height=\"150\" src=\"https:\/\/vosgesinfo.fr\/app\/uploads\/sites\/4\/2025\/04\/moyenmoutier-centenaire-gisele-barbazin-3-150x150.jpg\" class=\"attachment-thumbnail size-thumbnail\" alt=\"\" \/><\/a>\n\t\t\t<\/dt><\/dl><br style=\"clear: both\" \/>\n\t\t<\/div>\n\n","protected":false},"excerpt":{"rendered":"<p>Un moment convivial \u00e9tait organis\u00e9 ce jeudi 17 avril au Centre Hospitalier Intercommunal des 5 Vall\u00e9es \u2013 CHI5V \u2013 de [&hellip;]<\/p>\n","protected":false},"author":46,"featured_media":76999,"comment_status":"open","ping_status":"open","sticky":false,"template":"","format":"standard","meta":{"footnotes":""},"categories":[460,3903],"tags":[10511,10512,529,16950,16949,3146,3567],"class_list":["post-77012","post","type-post","status-publish","format-standard","has-post-thumbnail","hentry","category-a-la-une","category-deodatie","tag-centre-hospitalier-intercommunal-des-5-vallees","tag-chi5v","tag-conseil-departemental-des-vosges","tag-diplome-de-centenaire","tag-gisele-barbazin","tag-hopitaux-du-massif-des-vosges","tag-moyenmoutier"],"acf":[],"yoast_head":"<!-- This site is optimized with the Yoast SEO plugin v22.5 - https:\/\/yoast.com\/wordpress\/plugins\/seo\/ -->\n<title>Moyenmoutier \u2013 Cent bougies pour Gis\u00e8le Barbazin - Saint Die Info<\/title>\n<meta name=\"robots\" content=\"index, follow, max-snippet:-1, max-image-preview:large, max-video-preview:-1\" \/>\n<link rel=\"canonical\" href=\"https:\/\/vosgesinfo.fr\/saintdieinfo\/2025\/04\/moyenmoutier-cent-bougies-pour-gisele-barbazin\/\" \/>\n<meta name=\"twitter:card\" content=\"summary_large_image\" \/>\n<meta name=\"twitter:title\" content=\"Moyenmoutier \u2013 Cent bougies pour Gis\u00e8le Barbazin - Saint Die Info\" \/>\n<meta name=\"twitter:description\" content=\"Un moment convivial \u00e9tait organis\u00e9 ce jeudi 17 avril au Centre Hospitalier Intercommunal des 5 Vall\u00e9es \u2013 CHI5V \u2013 de [&hellip;]\" \/>\n<meta name=\"twitter:image\" content=\"https:\/\/vosgesinfo.fr\/app\/uploads\/sites\/4\/2025\/04\/moyenmoutier-centenaire-gisele-barbazin-4.jpg\" \/>\n<meta name=\"twitter:creator\" content=\"@VosgesInfo88\" \/>\n<meta name=\"twitter:site\" content=\"@VosgesInfo88\" \/>\n<meta name=\"twitter:label1\" content=\"\u00c9crit par\" \/>\n\t<meta name=\"twitter:data1\" content=\"J.J.\" \/>\n\t<meta name=\"twitter:label2\" content=\"Dur\u00e9e de lecture estim\u00e9e\" \/>\n\t<meta name=\"twitter:data2\" content=\"1 minute\" \/>\n<script type=\"application\/ld+json\" class=\"yoast-schema-graph\">{\"@context\":\"https:\/\/schema.org\",\"@graph\":[{\"@type\":\"Article\",\"@id\":\"https:\/\/vosgesinfo.fr\/saintdieinfo\/2025\/04\/moyenmoutier-cent-bougies-pour-gisele-barbazin\/#article\",\"isPartOf\":{\"@id\":\"https:\/\/vosgesinfo.fr\/saintdieinfo\/2025\/04\/moyenmoutier-cent-bougies-pour-gisele-barbazin\/\"},\"author\":{\"name\":\"J.J.\",\"@id\":\"https:\/\/vosgesinfo.fr\/saintdieinfo\/#\/schema\/person\/fa73e9f726d67bb88f46d5b7943cb572\"},\"headline\":\"Moyenmoutier \u2013 Cent bougies pour Gis\u00e8le Barbazin\",\"datePublished\":\"2025-04-18T11:40:42+00:00\",\"dateModified\":\"2025-04-18T11:29:37+00:00\",\"mainEntityOfPage\":{\"@id\":\"https:\/\/vosgesinfo.fr\/saintdieinfo\/2025\/04\/moyenmoutier-cent-bougies-pour-gisele-barbazin\/\"},\"wordCount\":295,\"commentCount\":0,\"publisher\":{\"@id\":\"https:\/\/vosgesinfo.fr\/saintdieinfo\/#organization\"},\"image\":{\"@id\":\"https:\/\/vosgesinfo.fr\/saintdieinfo\/2025\/04\/moyenmoutier-cent-bougies-pour-gisele-barbazin\/#primaryimage\"},\"thumbnailUrl\":\"https:\/\/vosgesinfo.fr\/app\/uploads\/sites\/4\/2025\/04\/moyenmoutier-centenaire-gisele-barbazin-4.jpg\",\"keywords\":[\"Centre Hospitalier Intercommunal des 5 Vall\u00e9es\",\"CHI5V\",\"Conseil d\u00e9partemental des Vosges\",\"Dipl\u00f4me de centenaire\",\"Gis\u00e8le Barbazin\",\"H\u00f4pitaux du Massif des Vosges\",\"moyenmoutier\"],\"articleSection\":[\"A la Une\",\"D\u00e9odatie\"],\"inLanguage\":\"fr-FR\",\"potentialAction\":[{\"@type\":\"CommentAction\",\"name\":\"Comment\",\"target\":[\"https:\/\/vosgesinfo.fr\/saintdieinfo\/2025\/04\/moyenmoutier-cent-bougies-pour-gisele-barbazin\/#respond\"]}]},{\"@type\":\"WebPage\",\"@id\":\"https:\/\/vosgesinfo.fr\/saintdieinfo\/2025\/04\/moyenmoutier-cent-bougies-pour-gisele-barbazin\/\",\"url\":\"https:\/\/vosgesinfo.fr\/saintdieinfo\/2025\/04\/moyenmoutier-cent-bougies-pour-gisele-barbazin\/\",\"name\":\"Moyenmoutier \u2013 Cent bougies pour Gis\u00e8le Barbazin - Saint Die Info\",\"isPartOf\":{\"@id\":\"https:\/\/vosgesinfo.fr\/saintdieinfo\/#website\"},\"primaryImageOfPage\":{\"@id\":\"https:\/\/vosgesinfo.fr\/saintdieinfo\/2025\/04\/moyenmoutier-cent-bougies-pour-gisele-barbazin\/#primaryimage\"},\"image\":{\"@id\":\"https:\/\/vosgesinfo.fr\/saintdieinfo\/2025\/04\/moyenmoutier-cent-bougies-pour-gisele-barbazin\/#primaryimage\"},\"thumbnailUrl\":\"https:\/\/vosgesinfo.fr\/app\/uploads\/sites\/4\/2025\/04\/moyenmoutier-centenaire-gisele-barbazin-4.jpg\",\"datePublished\":\"2025-04-18T11:40:42+00:00\",\"dateModified\":\"2025-04-18T11:29:37+00:00\",\"breadcrumb\":{\"@id\":\"https:\/\/vosgesinfo.fr\/saintdieinfo\/2025\/04\/moyenmoutier-cent-bougies-pour-gisele-barbazin\/#breadcrumb\"},\"inLanguage\":\"fr-FR\",\"potentialAction\":[{\"@type\":\"ReadAction\",\"target\":[\"https:\/\/vosgesinfo.fr\/saintdieinfo\/2025\/04\/moyenmoutier-cent-bougies-pour-gisele-barbazin\/\"]}]},{\"@type\":\"ImageObject\",\"inLanguage\":\"fr-FR\",\"@id\":\"https:\/\/vosgesinfo.fr\/saintdieinfo\/2025\/04\/moyenmoutier-cent-bougies-pour-gisele-barbazin\/#primaryimage\",\"url\":\"https:\/\/vosgesinfo.fr\/app\/uploads\/sites\/4\/2025\/04\/moyenmoutier-centenaire-gisele-barbazin-4.jpg\",\"contentUrl\":\"https:\/\/vosgesinfo.fr\/app\/uploads\/sites\/4\/2025\/04\/moyenmoutier-centenaire-gisele-barbazin-4.jpg\",\"width\":1536,\"height\":2048,\"caption\":\"(Photographies CHI5V)\"},{\"@type\":\"BreadcrumbList\",\"@id\":\"https:\/\/vosgesinfo.fr\/saintdieinfo\/2025\/04\/moyenmoutier-cent-bougies-pour-gisele-barbazin\/#breadcrumb\",\"itemListElement\":[{\"@type\":\"ListItem\",\"position\":1,\"name\":\"Home\",\"item\":\"https:\/\/vosgesinfo.fr\/saintdieinfo\/\"},{\"@type\":\"ListItem\",\"position\":2,\"name\":\"Moyenmoutier \u2013 Cent bougies pour Gis\u00e8le Barbazin\"}]},{\"@type\":\"WebSite\",\"@id\":\"https:\/\/vosgesinfo.fr\/saintdieinfo\/#website\",\"url\":\"https:\/\/vosgesinfo.fr\/saintdieinfo\/\",\"name\":\"Saint Die Info\",\"description\":\"Toute l&#039;actualit\u00e9 de Saint-Di\u00e9-Des-Vosges\",\"publisher\":{\"@id\":\"https:\/\/vosgesinfo.fr\/saintdieinfo\/#organization\"},\"alternateName\":\"Toute l'actualit\u00e9 de Saint-Di\u00e9-Des-Vosges\",\"potentialAction\":[{\"@type\":\"SearchAction\",\"target\":{\"@type\":\"EntryPoint\",\"urlTemplate\":\"https:\/\/vosgesinfo.fr\/saintdieinfo\/?s={search_term_string}\"},\"query-input\":\"required name=search_term_string\"}],\"inLanguage\":\"fr-FR\"},{\"@type\":\"Organization\",\"@id\":\"https:\/\/vosgesinfo.fr\/saintdieinfo\/#organization\",\"name\":\"Saint Die Info\",\"url\":\"https:\/\/vosgesinfo.fr\/saintdieinfo\/\",\"logo\":{\"@type\":\"ImageObject\",\"inLanguage\":\"fr-FR\",\"@id\":\"https:\/\/vosgesinfo.fr\/saintdieinfo\/#\/schema\/logo\/image\/\",\"url\":\"https:\/\/vosgesinfo.fr\/app\/uploads\/sites\/4\/2024\/02\/logo-sdi.jpg\",\"contentUrl\":\"https:\/\/vosgesinfo.fr\/app\/uploads\/sites\/4\/2024\/02\/logo-sdi.jpg\",\"width\":600,\"height\":600,\"caption\":\"Saint Die Info\"},\"image\":{\"@id\":\"https:\/\/vosgesinfo.fr\/saintdieinfo\/#\/schema\/logo\/image\/\"},\"sameAs\":[\"https:\/\/www.facebook.com\/Saintdieinfofr\",\"https:\/\/x.com\/VosgesInfo88\",\"https:\/\/www.youtube.com\/@vosgesinfo\"]},{\"@type\":\"Person\",\"@id\":\"https:\/\/vosgesinfo.fr\/saintdieinfo\/#\/schema\/person\/fa73e9f726d67bb88f46d5b7943cb572\",\"name\":\"J.J.\",\"image\":{\"@type\":\"ImageObject\",\"inLanguage\":\"fr-FR\",\"@id\":\"https:\/\/vosgesinfo.fr\/saintdieinfo\/#\/schema\/person\/image\/\",\"url\":\"https:\/\/secure.gravatar.com\/avatar\/219e749e47ffbcca018a360ae4add7d4cdf1cdaaf8bc7676b27efade3fe65615?s=96&d=mm&r=g\",\"contentUrl\":\"https:\/\/secure.gravatar.com\/avatar\/219e749e47ffbcca018a360ae4add7d4cdf1cdaaf8bc7676b27efade3fe65615?s=96&d=mm&r=g\",\"caption\":\"J.J.\"},\"url\":\"https:\/\/vosgesinfo.fr\/saintdieinfo\/author\/j-j\/\"}]}<\/script>\n<!-- \/ Yoast SEO plugin. -->","yoast_head_json":{"title":"Moyenmoutier \u2013 Cent bougies pour Gis\u00e8le Barbazin - Saint Die Info","robots":{"index":"index","follow":"follow","max-snippet":"max-snippet:-1","max-image-preview":"max-image-preview:large","max-video-preview":"max-video-preview:-1"},"canonical":"https:\/\/vosgesinfo.fr\/saintdieinfo\/2025\/04\/moyenmoutier-cent-bougies-pour-gisele-barbazin\/","twitter_card":"summary_large_image","twitter_title":"Moyenmoutier \u2013 Cent bougies pour Gis\u00e8le Barbazin - Saint Die Info","twitter_description":"Un moment convivial \u00e9tait organis\u00e9 ce jeudi 17 avril au Centre Hospitalier Intercommunal des 5 Vall\u00e9es \u2013 CHI5V \u2013 de [&hellip;]","twitter_image":"https:\/\/vosgesinfo.fr\/app\/uploads\/sites\/4\/2025\/04\/moyenmoutier-centenaire-gisele-barbazin-4.jpg","twitter_creator":"@VosgesInfo88","twitter_site":"@VosgesInfo88","twitter_misc":{"\u00c9crit par":"J.J.","Dur\u00e9e de lecture estim\u00e9e":"1 minute"},"schema":{"@context":"https:\/\/schema.org","@graph":[{"@type":"Article","@id":"https:\/\/vosgesinfo.fr\/saintdieinfo\/2025\/04\/moyenmoutier-cent-bougies-pour-gisele-barbazin\/#article","isPartOf":{"@id":"https:\/\/vosgesinfo.fr\/saintdieinfo\/2025\/04\/moyenmoutier-cent-bougies-pour-gisele-barbazin\/"},"author":{"name":"J.J.","@id":"https:\/\/vosgesinfo.fr\/saintdieinfo\/#\/schema\/person\/fa73e9f726d67bb88f46d5b7943cb572"},"headline":"Moyenmoutier \u2013 Cent bougies pour Gis\u00e8le Barbazin","datePublished":"2025-04-18T11:40:42+00:00","dateModified":"2025-04-18T11:29:37+00:00","mainEntityOfPage":{"@id":"https:\/\/vosgesinfo.fr\/saintdieinfo\/2025\/04\/moyenmoutier-cent-bougies-pour-gisele-barbazin\/"},"wordCount":295,"commentCount":0,"publisher":{"@id":"https:\/\/vosgesinfo.fr\/saintdieinfo\/#organization"},"image":{"@id":"https:\/\/vosgesinfo.fr\/saintdieinfo\/2025\/04\/moyenmoutier-cent-bougies-pour-gisele-barbazin\/#primaryimage"},"thumbnailUrl":"https:\/\/vosgesinfo.fr\/app\/uploads\/sites\/4\/2025\/04\/moyenmoutier-centenaire-gisele-barbazin-4.jpg","keywords":["Centre Hospitalier Intercommunal des 5 Vall\u00e9es","CHI5V","Conseil d\u00e9partemental des Vosges","Dipl\u00f4me de centenaire","Gis\u00e8le Barbazin","H\u00f4pitaux du Massif des Vosges","moyenmoutier"],"articleSection":["A la Une","D\u00e9odatie"],"inLanguage":"fr-FR","potentialAction":[{"@type":"CommentAction","name":"Comment","target":["https:\/\/vosgesinfo.fr\/saintdieinfo\/2025\/04\/moyenmoutier-cent-bougies-pour-gisele-barbazin\/#respond"]}]},{"@type":"WebPage","@id":"https:\/\/vosgesinfo.fr\/saintdieinfo\/2025\/04\/moyenmoutier-cent-bougies-pour-gisele-barbazin\/","url":"https:\/\/vosgesinfo.fr\/saintdieinfo\/2025\/04\/moyenmoutier-cent-bougies-pour-gisele-barbazin\/","name":"Moyenmoutier \u2013 Cent bougies pour Gis\u00e8le Barbazin - Saint Die Info","isPartOf":{"@id":"https:\/\/vosgesinfo.fr\/saintdieinfo\/#website"},"primaryImageOfPage":{"@id":"https:\/\/vosgesinfo.fr\/saintdieinfo\/2025\/04\/moyenmoutier-cent-bougies-pour-gisele-barbazin\/#primaryimage"},"image":{"@id":"https:\/\/vosgesinfo.fr\/saintdieinfo\/2025\/04\/moyenmoutier-cent-bougies-pour-gisele-barbazin\/#primaryimage"},"thumbnailUrl":"https:\/\/vosgesinfo.fr\/app\/uploads\/sites\/4\/2025\/04\/moyenmoutier-centenaire-gisele-barbazin-4.jpg","datePublished":"2025-04-18T11:40:42+00:00","dateModified":"2025-04-18T11:29:37+00:00","breadcrumb":{"@id":"https:\/\/vosgesinfo.fr\/saintdieinfo\/2025\/04\/moyenmoutier-cent-bougies-pour-gisele-barbazin\/#breadcrumb"},"inLanguage":"fr-FR","potentialAction":[{"@type":"ReadAction","target":["https:\/\/vosgesinfo.fr\/saintdieinfo\/2025\/04\/moyenmoutier-cent-bougies-pour-gisele-barbazin\/"]}]},{"@type":"ImageObject","inLanguage":"fr-FR","@id":"https:\/\/vosgesinfo.fr\/saintdieinfo\/2025\/04\/moyenmoutier-cent-bougies-pour-gisele-barbazin\/#primaryimage","url":"https:\/\/vosgesinfo.fr\/app\/uploads\/sites\/4\/2025\/04\/moyenmoutier-centenaire-gisele-barbazin-4.jpg","contentUrl":"https:\/\/vosgesinfo.fr\/app\/uploads\/sites\/4\/2025\/04\/moyenmoutier-centenaire-gisele-barbazin-4.jpg","width":1536,"height":2048,"caption":"(Photographies CHI5V)"},{"@type":"BreadcrumbList","@id":"https:\/\/vosgesinfo.fr\/saintdieinfo\/2025\/04\/moyenmoutier-cent-bougies-pour-gisele-barbazin\/#breadcrumb","itemListElement":[{"@type":"ListItem","position":1,"name":"Home","item":"https:\/\/vosgesinfo.fr\/saintdieinfo\/"},{"@type":"ListItem","position":2,"name":"Moyenmoutier \u2013 Cent bougies pour Gis\u00e8le Barbazin"}]},{"@type":"WebSite","@id":"https:\/\/vosgesinfo.fr\/saintdieinfo\/#website","url":"https:\/\/vosgesinfo.fr\/saintdieinfo\/","name":"Saint Die Info","description":"Toute l&#039;actualit\u00e9 de Saint-Di\u00e9-Des-Vosges","publisher":{"@id":"https:\/\/vosgesinfo.fr\/saintdieinfo\/#organization"},"alternateName":"Toute l'actualit\u00e9 de Saint-Di\u00e9-Des-Vosges","potentialAction":[{"@type":"SearchAction","target":{"@type":"EntryPoint","urlTemplate":"https:\/\/vosgesinfo.fr\/saintdieinfo\/?s={search_term_string}"},"query-input":"required name=search_term_string"}],"inLanguage":"fr-FR"},{"@type":"Organization","@id":"https:\/\/vosgesinfo.fr\/saintdieinfo\/#organization","name":"Saint Die Info","url":"https:\/\/vosgesinfo.fr\/saintdieinfo\/","logo":{"@type":"ImageObject","inLanguage":"fr-FR","@id":"https:\/\/vosgesinfo.fr\/saintdieinfo\/#\/schema\/logo\/image\/","url":"https:\/\/vosgesinfo.fr\/app\/uploads\/sites\/4\/2024\/02\/logo-sdi.jpg","contentUrl":"https:\/\/vosgesinfo.fr\/app\/uploads\/sites\/4\/2024\/02\/logo-sdi.jpg","width":600,"height":600,"caption":"Saint Die Info"},"image":{"@id":"https:\/\/vosgesinfo.fr\/saintdieinfo\/#\/schema\/logo\/image\/"},"sameAs":["https:\/\/www.facebook.com\/Saintdieinfofr","https:\/\/x.com\/VosgesInfo88","https:\/\/www.youtube.com\/@vosgesinfo"]},{"@type":"Person","@id":"https:\/\/vosgesinfo.fr\/saintdieinfo\/#\/schema\/person\/fa73e9f726d67bb88f46d5b7943cb572","name":"J.J.","image":{"@type":"ImageObject","inLanguage":"fr-FR","@id":"https:\/\/vosgesinfo.fr\/saintdieinfo\/#\/schema\/person\/image\/","url":"https:\/\/secure.gravatar.com\/avatar\/219e749e47ffbcca018a360ae4add7d4cdf1cdaaf8bc7676b27efade3fe65615?s=96&d=mm&r=g","contentUrl":"https:\/\/secure.gravatar.com\/avatar\/219e749e47ffbcca018a360ae4add7d4cdf1cdaaf8bc7676b27efade3fe65615?s=96&d=mm&r=g","caption":"J.J."},"url":"https:\/\/vosgesinfo.fr\/saintdieinfo\/author\/j-j\/"}]}},"_links":{"self":[{"href":"https:\/\/vosgesinfo.fr\/saintdieinfo\/wp-json\/wp\/v2\/posts\/77012","targetHints":{"allow":["GET"]}}],"collection":[{"href":"https:\/\/vosgesinfo.fr\/saintdieinfo\/wp-json\/wp\/v2\/posts"}],"about":[{"href":"https:\/\/vosgesinfo.fr\/saintdieinfo\/wp-json\/wp\/v2\/types\/post"}],"author":[{"embeddable":true,"href":"https:\/\/vosgesinfo.fr\/saintdieinfo\/wp-json\/wp\/v2\/users\/46"}],"replies":[{"embeddable":true,"href":"https:\/\/vosgesinfo.fr\/saintdieinfo\/wp-json\/wp\/v2\/comments?post=77012"}],"version-history":[{"count":1,"href":"https:\/\/vosgesinfo.fr\/saintdieinfo\/wp-json\/wp\/v2\/posts\/77012\/revisions"}],"predecessor-version":[{"id":77013,"href":"https:\/\/vosgesinfo.fr\/saintdieinfo\/wp-json\/wp\/v2\/posts\/77012\/revisions\/77013"}],"wp:featuredmedia":[{"embeddable":true,"href":"https:\/\/vosgesinfo.fr\/saintdieinfo\/wp-json\/wp\/v2\/media\/76999"}],"wp:attachment":[{"href":"https:\/\/vosgesinfo.fr\/saintdieinfo\/wp-json\/wp\/v2\/media?parent=77012"}],"wp:term":[{"taxonomy":"category","embeddable":true,"href":"https:\/\/vosgesinfo.fr\/saintdieinfo\/wp-json\/wp\/v2\/categories?post=77012"},{"taxonomy":"post_tag","embeddable":true,"href":"https:\/\/vosgesinfo.fr\/saintdieinfo\/wp-json\/wp\/v2\/tags?post=77012"}],"curies":[{"name":"wp","href":"https:\/\/api.w.org\/{rel}","templated":true}]}}