{"id":77014,"date":"2025-04-18T19:03:56","date_gmt":"2025-04-18T17:03:56","guid":{"rendered":"https:\/\/vosgesinfo.fr\/saintdieinfo\/?p=77014"},"modified":"2025-04-18T18:52:02","modified_gmt":"2025-04-18T16:52:02","slug":"jour-de-la-terre-un-apero-concert-engage-a-la-nef","status":"publish","type":"post","link":"https:\/\/vosgesinfo.fr\/saintdieinfo\/2025\/04\/jour-de-la-terre-un-apero-concert-engage-a-la-nef\/","title":{"rendered":"Jour de la Terre\u00a0: un ap\u00e9ro-concert engag\u00e9 \u00e0 La Nef"},"content":{"rendered":"<p><a href=\"https:\/\/vosgesinfo.fr\/app\/uploads\/sites\/4\/2025\/04\/jour-de-la-terre-la-nef-4.jpg\"><img decoding=\"async\" class=\"alignnone size-large wp-image-77018\" src=\"https:\/\/vosgesinfo.fr\/app\/uploads\/sites\/4\/2025\/04\/jour-de-la-terre-la-nef-4-1024x771.jpg\" alt=\"\" width=\"1024\" height=\"771\" srcset=\"https:\/\/vosgesinfo.fr\/app\/uploads\/sites\/4\/2025\/04\/jour-de-la-terre-la-nef-4-1024x771.jpg 1024w, https:\/\/vosgesinfo.fr\/app\/uploads\/sites\/4\/2025\/04\/jour-de-la-terre-la-nef-4-300x226.jpg 300w, https:\/\/vosgesinfo.fr\/app\/uploads\/sites\/4\/2025\/04\/jour-de-la-terre-la-nef-4-768x578.jpg 768w, https:\/\/vosgesinfo.fr\/app\/uploads\/sites\/4\/2025\/04\/jour-de-la-terre-la-nef-4-1536x1156.jpg 1536w, https:\/\/vosgesinfo.fr\/app\/uploads\/sites\/4\/2025\/04\/jour-de-la-terre-la-nef-4.jpg 1800w\" sizes=\"(max-width: 1024px) 100vw, 1024px\" \/><\/a><\/p>\n<h2>\u00c0 l\u2019occasion du <strong>Jour de la Terre<\/strong>, un <strong>\u00e9v\u00e9nement annuel mondial en faveur de l\u2019environnement<\/strong>, un <strong>ap\u00e9ro-concert engag\u00e9<\/strong> est organis\u00e9 \u00e0 <strong>La Nef de Saint-Di\u00e9-des-Vosges<\/strong>. Rendez-vous <strong>mardi 22 avril \u00e0 partir de 18h<\/strong>. <strong>Entr\u00e9e libre<\/strong>.<\/h2>\n<p><!--more--><\/p>\n<h3><strong>Un premier \u00e9cho d\u00e9odatien au Jour de la Terre<\/strong><\/h3>\n<p>Ce premier <strong>\u00e9cho d\u00e9odatien au Jour de la Terre<\/strong> est \u00e0 l\u2019initiative de <strong>\u00c9milie Meistersheim<\/strong>, enseignante en guitare et ukul\u00e9l\u00e9 au <strong>Conservatoire Olivier-Douchain<\/strong>. Cette derni\u00e8re a sollicit\u00e9 pour cette occasion l\u2019association <strong>\u00ab Il est encore temps en D\u00e9odatie \u00bb<\/strong> ainsi que l\u2019artiste d\u00e9odatien <strong>Willy<\/strong>, qui expose <strong>une quinzaine de ses toiles et de celles de ses adh\u00e9rents<\/strong> sur les murs de <strong>La Nef<\/strong>, et ce <strong>durant un mois<\/strong>.<\/p>\n<h3><strong>Ateliers sur l&rsquo;environnement et produits locaux<\/strong><\/h3>\n<p><strong>Mardi prochain<\/strong>, <strong>six ateliers<\/strong> anim\u00e9s par <strong>\u00ab Il est encore temps en D\u00e9odatie \u00bb<\/strong> et l\u2019association <strong>ETC&#8230; Terra<\/strong> seront propos\u00e9s au public <strong>de 18h \u00e0 20h<\/strong>, sur des <strong>th\u00e9matiques li\u00e9es \u00e0 l\u2019environnement<\/strong> : <strong>biodiversit\u00e9<\/strong>, <strong>tiques<\/strong>, <strong>fresque du climat<\/strong>, <strong>jardin<\/strong>, etc. En parall\u00e8le, des <strong>produits locaux du Drive Fermier d\u00e9odatien<\/strong> pourront \u00eatre d\u00e9gust\u00e9s.<\/p>\n<h3><strong>Un concert porteur d&rsquo;un message<\/strong><\/h3>\n<p>La soir\u00e9e se poursuivra par un <strong>concert m\u00ealant instruments, chant choral et danse<\/strong>. Avec la participation des <strong>\u00e9l\u00e8ves du Conservatoire Olivier-Douchain<\/strong> et du <strong>Ch\u0153ur des Jumeaux<\/strong>, des morceaux tels que <strong>\u00ab Aux arbres citoyens \u00bb de Yannick Noah<\/strong>, <strong>\u00ab Je suis un homme \u00bb de Zazie<\/strong> ou <strong>\u00ab Heal the World \u00bb de Michael Jackson<\/strong>, transmettront <strong>le message du Jour de la Terre<\/strong>. Le tout sera mis en sc\u00e8ne par la <strong>sc\u00e9nographe Marie-Anne Bacquet<\/strong> et la <strong>danseuse Meela Pierson<\/strong>, avec en toile de fond <strong>un grand d\u00e9cor pr\u00eat\u00e9 par l\u2019association Vosegus, de Biffontaine<\/strong>.<\/p>\n<h3><strong>Une fresque du climat le 6 mai<\/strong><\/h3>\n<p>Deux semaines plus tard, le <strong>mardi 6 mai<\/strong>, l\u2019association <strong>Il est encore temps en D\u00e9odatie<\/strong> organisera une <strong>nouvelle fresque du climat<\/strong>. Plus d\u2019informations \u00e0 ce sujet dans un prochain article.<\/p>\n<p>J.J.<\/p>\n\n\t\t<style type=\"text\/css\">\n\t\t\t#gallery-1 {\n\t\t\t\tmargin: auto;\n\t\t\t}\n\t\t\t#gallery-1 .gallery-item {\n\t\t\t\tfloat: left;\n\t\t\t\tmargin-top: 10px;\n\t\t\t\ttext-align: center;\n\t\t\t\twidth: 50%;\n\t\t\t}\n\t\t\t#gallery-1 img {\n\t\t\t\tborder: 2px solid #cfcfcf;\n\t\t\t}\n\t\t\t#gallery-1 .gallery-caption {\n\t\t\t\tmargin-left: 0;\n\t\t\t}\n\t\t\t\/* see gallery_shortcode() in wp-includes\/media.php *\/\n\t\t<\/style>\n\t\t<div id='gallery-1' class='gallery galleryid-77014 gallery-columns-2 gallery-size-thumbnail'><dl class='gallery-item'>\n\t\t\t<dt class='gallery-icon landscape'>\n\t\t\t\t<a href='https:\/\/vosgesinfo.fr\/app\/uploads\/sites\/4\/2025\/04\/jour-de-la-terre-la-nef-1.jpg'><img decoding=\"async\" width=\"150\" height=\"150\" src=\"https:\/\/vosgesinfo.fr\/app\/uploads\/sites\/4\/2025\/04\/jour-de-la-terre-la-nef-1-150x150.jpg\" class=\"attachment-thumbnail size-thumbnail\" alt=\"\" \/><\/a>\n\t\t\t<\/dt><\/dl><dl class='gallery-item'>\n\t\t\t<dt class='gallery-icon landscape'>\n\t\t\t\t<a href='https:\/\/vosgesinfo.fr\/app\/uploads\/sites\/4\/2025\/04\/jour-de-la-terre-la-nef-2.jpg'><img decoding=\"async\" width=\"150\" height=\"150\" src=\"https:\/\/vosgesinfo.fr\/app\/uploads\/sites\/4\/2025\/04\/jour-de-la-terre-la-nef-2-150x150.jpg\" class=\"attachment-thumbnail size-thumbnail\" alt=\"\" \/><\/a>\n\t\t\t<\/dt><\/dl><br style=\"clear: both\" \/><dl class='gallery-item'>\n\t\t\t<dt class='gallery-icon landscape'>\n\t\t\t\t<a href='https:\/\/vosgesinfo.fr\/app\/uploads\/sites\/4\/2025\/04\/jour-de-la-terre-la-nef-5.jpg'><img decoding=\"async\" width=\"150\" height=\"150\" src=\"https:\/\/vosgesinfo.fr\/app\/uploads\/sites\/4\/2025\/04\/jour-de-la-terre-la-nef-5-150x150.jpg\" class=\"attachment-thumbnail size-thumbnail\" alt=\"\" \/><\/a>\n\t\t\t<\/dt><\/dl><dl class='gallery-item'>\n\t\t\t<dt class='gallery-icon landscape'>\n\t\t\t\t<a href='https:\/\/vosgesinfo.fr\/app\/uploads\/sites\/4\/2025\/04\/jour-de-la-terre-la-nef-3.jpg'><img decoding=\"async\" width=\"150\" height=\"150\" src=\"https:\/\/vosgesinfo.fr\/app\/uploads\/sites\/4\/2025\/04\/jour-de-la-terre-la-nef-3-150x150.jpg\" class=\"attachment-thumbnail size-thumbnail\" alt=\"\" \/><\/a>\n\t\t\t<\/dt><\/dl><br style=\"clear: both\" \/>\n\t\t<\/div>\n\n","protected":false},"excerpt":{"rendered":"<p>\u00c0 l\u2019occasion du Jour de la Terre, un \u00e9v\u00e9nement annuel mondial en faveur de l\u2019environnement, un ap\u00e9ro-concert engag\u00e9 est organis\u00e9 [&hellip;]<\/p>\n","protected":false},"author":46,"featured_media":77018,"comment_status":"open","ping_status":"open","sticky":false,"template":"","format":"standard","meta":{"footnotes":""},"categories":[460,8003,7,167],"tags":[4601,3282,4584,3200,16951,3008],"class_list":["post-77014","post","type-post","status-publish","format-standard","has-post-thumbnail","hentry","category-a-la-une","category-concert-culture","category-environnement","category-saint-die-des-vosges","tag-atelier-willy","tag-communaute-dagglomeration-de-saint-die-des-vosges","tag-conservatoire-olivier-douchain","tag-il-est-encore-temps-en-deodatie","tag-jour-de-la-terre","tag-la-nef"],"acf":[],"yoast_head":"<!-- This site is optimized with the Yoast SEO plugin v22.5 - https:\/\/yoast.com\/wordpress\/plugins\/seo\/ -->\n<title>Jour de la Terre\u00a0: un ap\u00e9ro-concert engag\u00e9 \u00e0 La Nef - Saint Die Info<\/title>\n<meta name=\"robots\" content=\"index, follow, max-snippet:-1, max-image-preview:large, max-video-preview:-1\" \/>\n<link rel=\"canonical\" href=\"https:\/\/vosgesinfo.fr\/saintdieinfo\/2025\/04\/jour-de-la-terre-un-apero-concert-engage-a-la-nef\/\" \/>\n<meta name=\"twitter:card\" content=\"summary_large_image\" \/>\n<meta name=\"twitter:title\" content=\"Jour de la Terre\u00a0: un ap\u00e9ro-concert engag\u00e9 \u00e0 La Nef - Saint Die Info\" \/>\n<meta name=\"twitter:description\" content=\"\u00c0 l\u2019occasion du Jour de la Terre, un \u00e9v\u00e9nement annuel mondial en faveur de l\u2019environnement, un ap\u00e9ro-concert engag\u00e9 est organis\u00e9 [&hellip;]\" \/>\n<meta name=\"twitter:image\" content=\"https:\/\/vosgesinfo.fr\/app\/uploads\/sites\/4\/2025\/04\/jour-de-la-terre-la-nef-4.jpg\" \/>\n<meta name=\"twitter:creator\" content=\"@VosgesInfo88\" \/>\n<meta name=\"twitter:site\" content=\"@VosgesInfo88\" \/>\n<meta name=\"twitter:label1\" content=\"\u00c9crit par\" \/>\n\t<meta name=\"twitter:data1\" content=\"J.J.\" \/>\n\t<meta name=\"twitter:label2\" content=\"Dur\u00e9e de lecture estim\u00e9e\" \/>\n\t<meta name=\"twitter:data2\" content=\"2 minutes\" \/>\n<script type=\"application\/ld+json\" class=\"yoast-schema-graph\">{\"@context\":\"https:\/\/schema.org\",\"@graph\":[{\"@type\":\"Article\",\"@id\":\"https:\/\/vosgesinfo.fr\/saintdieinfo\/2025\/04\/jour-de-la-terre-un-apero-concert-engage-a-la-nef\/#article\",\"isPartOf\":{\"@id\":\"https:\/\/vosgesinfo.fr\/saintdieinfo\/2025\/04\/jour-de-la-terre-un-apero-concert-engage-a-la-nef\/\"},\"author\":{\"name\":\"J.J.\",\"@id\":\"https:\/\/vosgesinfo.fr\/saintdieinfo\/#\/schema\/person\/fa73e9f726d67bb88f46d5b7943cb572\"},\"headline\":\"Jour de la Terre\u00a0: un ap\u00e9ro-concert engag\u00e9 \u00e0 La Nef\",\"datePublished\":\"2025-04-18T17:03:56+00:00\",\"dateModified\":\"2025-04-18T16:52:02+00:00\",\"mainEntityOfPage\":{\"@id\":\"https:\/\/vosgesinfo.fr\/saintdieinfo\/2025\/04\/jour-de-la-terre-un-apero-concert-engage-a-la-nef\/\"},\"wordCount\":342,\"commentCount\":0,\"publisher\":{\"@id\":\"https:\/\/vosgesinfo.fr\/saintdieinfo\/#organization\"},\"image\":{\"@id\":\"https:\/\/vosgesinfo.fr\/saintdieinfo\/2025\/04\/jour-de-la-terre-un-apero-concert-engage-a-la-nef\/#primaryimage\"},\"thumbnailUrl\":\"https:\/\/vosgesinfo.fr\/app\/uploads\/sites\/4\/2025\/04\/jour-de-la-terre-la-nef-4.jpg\",\"keywords\":[\"Atelier Willy\",\"Communaut\u00e9 d'Agglom\u00e9ration de Saint-Di\u00e9-des-Vosges\",\"Conservatoire Olivier-Douchain\",\"Il est encore temps en D\u00e9odatie\",\"Jour de la Terre\",\"La Nef\"],\"articleSection\":[\"A la Une\",\"Concert\",\"Environnement\",\"Saint-Di\u00e9-des-Vosges\"],\"inLanguage\":\"fr-FR\",\"potentialAction\":[{\"@type\":\"CommentAction\",\"name\":\"Comment\",\"target\":[\"https:\/\/vosgesinfo.fr\/saintdieinfo\/2025\/04\/jour-de-la-terre-un-apero-concert-engage-a-la-nef\/#respond\"]}]},{\"@type\":\"WebPage\",\"@id\":\"https:\/\/vosgesinfo.fr\/saintdieinfo\/2025\/04\/jour-de-la-terre-un-apero-concert-engage-a-la-nef\/\",\"url\":\"https:\/\/vosgesinfo.fr\/saintdieinfo\/2025\/04\/jour-de-la-terre-un-apero-concert-engage-a-la-nef\/\",\"name\":\"Jour de la Terre\u00a0: un ap\u00e9ro-concert engag\u00e9 \u00e0 La Nef - Saint Die Info\",\"isPartOf\":{\"@id\":\"https:\/\/vosgesinfo.fr\/saintdieinfo\/#website\"},\"primaryImageOfPage\":{\"@id\":\"https:\/\/vosgesinfo.fr\/saintdieinfo\/2025\/04\/jour-de-la-terre-un-apero-concert-engage-a-la-nef\/#primaryimage\"},\"image\":{\"@id\":\"https:\/\/vosgesinfo.fr\/saintdieinfo\/2025\/04\/jour-de-la-terre-un-apero-concert-engage-a-la-nef\/#primaryimage\"},\"thumbnailUrl\":\"https:\/\/vosgesinfo.fr\/app\/uploads\/sites\/4\/2025\/04\/jour-de-la-terre-la-nef-4.jpg\",\"datePublished\":\"2025-04-18T17:03:56+00:00\",\"dateModified\":\"2025-04-18T16:52:02+00:00\",\"breadcrumb\":{\"@id\":\"https:\/\/vosgesinfo.fr\/saintdieinfo\/2025\/04\/jour-de-la-terre-un-apero-concert-engage-a-la-nef\/#breadcrumb\"},\"inLanguage\":\"fr-FR\",\"potentialAction\":[{\"@type\":\"ReadAction\",\"target\":[\"https:\/\/vosgesinfo.fr\/saintdieinfo\/2025\/04\/jour-de-la-terre-un-apero-concert-engage-a-la-nef\/\"]}]},{\"@type\":\"ImageObject\",\"inLanguage\":\"fr-FR\",\"@id\":\"https:\/\/vosgesinfo.fr\/saintdieinfo\/2025\/04\/jour-de-la-terre-un-apero-concert-engage-a-la-nef\/#primaryimage\",\"url\":\"https:\/\/vosgesinfo.fr\/app\/uploads\/sites\/4\/2025\/04\/jour-de-la-terre-la-nef-4.jpg\",\"contentUrl\":\"https:\/\/vosgesinfo.fr\/app\/uploads\/sites\/4\/2025\/04\/jour-de-la-terre-la-nef-4.jpg\",\"width\":1800,\"height\":1355},{\"@type\":\"BreadcrumbList\",\"@id\":\"https:\/\/vosgesinfo.fr\/saintdieinfo\/2025\/04\/jour-de-la-terre-un-apero-concert-engage-a-la-nef\/#breadcrumb\",\"itemListElement\":[{\"@type\":\"ListItem\",\"position\":1,\"name\":\"Home\",\"item\":\"https:\/\/vosgesinfo.fr\/saintdieinfo\/\"},{\"@type\":\"ListItem\",\"position\":2,\"name\":\"Jour de la Terre\u00a0: un ap\u00e9ro-concert engag\u00e9 \u00e0 La Nef\"}]},{\"@type\":\"WebSite\",\"@id\":\"https:\/\/vosgesinfo.fr\/saintdieinfo\/#website\",\"url\":\"https:\/\/vosgesinfo.fr\/saintdieinfo\/\",\"name\":\"Saint Die Info\",\"description\":\"Toute l&#039;actualit\u00e9 de Saint-Di\u00e9-Des-Vosges\",\"publisher\":{\"@id\":\"https:\/\/vosgesinfo.fr\/saintdieinfo\/#organization\"},\"alternateName\":\"Toute l'actualit\u00e9 de Saint-Di\u00e9-Des-Vosges\",\"potentialAction\":[{\"@type\":\"SearchAction\",\"target\":{\"@type\":\"EntryPoint\",\"urlTemplate\":\"https:\/\/vosgesinfo.fr\/saintdieinfo\/?s={search_term_string}\"},\"query-input\":\"required name=search_term_string\"}],\"inLanguage\":\"fr-FR\"},{\"@type\":\"Organization\",\"@id\":\"https:\/\/vosgesinfo.fr\/saintdieinfo\/#organization\",\"name\":\"Saint Die Info\",\"url\":\"https:\/\/vosgesinfo.fr\/saintdieinfo\/\",\"logo\":{\"@type\":\"ImageObject\",\"inLanguage\":\"fr-FR\",\"@id\":\"https:\/\/vosgesinfo.fr\/saintdieinfo\/#\/schema\/logo\/image\/\",\"url\":\"https:\/\/vosgesinfo.fr\/app\/uploads\/sites\/4\/2024\/02\/logo-sdi.jpg\",\"contentUrl\":\"https:\/\/vosgesinfo.fr\/app\/uploads\/sites\/4\/2024\/02\/logo-sdi.jpg\",\"width\":600,\"height\":600,\"caption\":\"Saint Die Info\"},\"image\":{\"@id\":\"https:\/\/vosgesinfo.fr\/saintdieinfo\/#\/schema\/logo\/image\/\"},\"sameAs\":[\"https:\/\/www.facebook.com\/Saintdieinfofr\",\"https:\/\/x.com\/VosgesInfo88\",\"https:\/\/www.youtube.com\/@vosgesinfo\"]},{\"@type\":\"Person\",\"@id\":\"https:\/\/vosgesinfo.fr\/saintdieinfo\/#\/schema\/person\/fa73e9f726d67bb88f46d5b7943cb572\",\"name\":\"J.J.\",\"image\":{\"@type\":\"ImageObject\",\"inLanguage\":\"fr-FR\",\"@id\":\"https:\/\/vosgesinfo.fr\/saintdieinfo\/#\/schema\/person\/image\/\",\"url\":\"https:\/\/secure.gravatar.com\/avatar\/219e749e47ffbcca018a360ae4add7d4cdf1cdaaf8bc7676b27efade3fe65615?s=96&d=mm&r=g\",\"contentUrl\":\"https:\/\/secure.gravatar.com\/avatar\/219e749e47ffbcca018a360ae4add7d4cdf1cdaaf8bc7676b27efade3fe65615?s=96&d=mm&r=g\",\"caption\":\"J.J.\"},\"url\":\"https:\/\/vosgesinfo.fr\/saintdieinfo\/author\/j-j\/\"}]}<\/script>\n<!-- \/ Yoast SEO plugin. -->","yoast_head_json":{"title":"Jour de la Terre\u00a0: un ap\u00e9ro-concert engag\u00e9 \u00e0 La Nef - Saint Die Info","robots":{"index":"index","follow":"follow","max-snippet":"max-snippet:-1","max-image-preview":"max-image-preview:large","max-video-preview":"max-video-preview:-1"},"canonical":"https:\/\/vosgesinfo.fr\/saintdieinfo\/2025\/04\/jour-de-la-terre-un-apero-concert-engage-a-la-nef\/","twitter_card":"summary_large_image","twitter_title":"Jour de la Terre\u00a0: un ap\u00e9ro-concert engag\u00e9 \u00e0 La Nef - Saint Die Info","twitter_description":"\u00c0 l\u2019occasion du Jour de la Terre, un \u00e9v\u00e9nement annuel mondial en faveur de l\u2019environnement, un ap\u00e9ro-concert engag\u00e9 est organis\u00e9 [&hellip;]","twitter_image":"https:\/\/vosgesinfo.fr\/app\/uploads\/sites\/4\/2025\/04\/jour-de-la-terre-la-nef-4.jpg","twitter_creator":"@VosgesInfo88","twitter_site":"@VosgesInfo88","twitter_misc":{"\u00c9crit par":"J.J.","Dur\u00e9e de lecture estim\u00e9e":"2 minutes"},"schema":{"@context":"https:\/\/schema.org","@graph":[{"@type":"Article","@id":"https:\/\/vosgesinfo.fr\/saintdieinfo\/2025\/04\/jour-de-la-terre-un-apero-concert-engage-a-la-nef\/#article","isPartOf":{"@id":"https:\/\/vosgesinfo.fr\/saintdieinfo\/2025\/04\/jour-de-la-terre-un-apero-concert-engage-a-la-nef\/"},"author":{"name":"J.J.","@id":"https:\/\/vosgesinfo.fr\/saintdieinfo\/#\/schema\/person\/fa73e9f726d67bb88f46d5b7943cb572"},"headline":"Jour de la Terre\u00a0: un ap\u00e9ro-concert engag\u00e9 \u00e0 La Nef","datePublished":"2025-04-18T17:03:56+00:00","dateModified":"2025-04-18T16:52:02+00:00","mainEntityOfPage":{"@id":"https:\/\/vosgesinfo.fr\/saintdieinfo\/2025\/04\/jour-de-la-terre-un-apero-concert-engage-a-la-nef\/"},"wordCount":342,"commentCount":0,"publisher":{"@id":"https:\/\/vosgesinfo.fr\/saintdieinfo\/#organization"},"image":{"@id":"https:\/\/vosgesinfo.fr\/saintdieinfo\/2025\/04\/jour-de-la-terre-un-apero-concert-engage-a-la-nef\/#primaryimage"},"thumbnailUrl":"https:\/\/vosgesinfo.fr\/app\/uploads\/sites\/4\/2025\/04\/jour-de-la-terre-la-nef-4.jpg","keywords":["Atelier Willy","Communaut\u00e9 d'Agglom\u00e9ration de Saint-Di\u00e9-des-Vosges","Conservatoire Olivier-Douchain","Il est encore temps en D\u00e9odatie","Jour de la Terre","La Nef"],"articleSection":["A la Une","Concert","Environnement","Saint-Di\u00e9-des-Vosges"],"inLanguage":"fr-FR","potentialAction":[{"@type":"CommentAction","name":"Comment","target":["https:\/\/vosgesinfo.fr\/saintdieinfo\/2025\/04\/jour-de-la-terre-un-apero-concert-engage-a-la-nef\/#respond"]}]},{"@type":"WebPage","@id":"https:\/\/vosgesinfo.fr\/saintdieinfo\/2025\/04\/jour-de-la-terre-un-apero-concert-engage-a-la-nef\/","url":"https:\/\/vosgesinfo.fr\/saintdieinfo\/2025\/04\/jour-de-la-terre-un-apero-concert-engage-a-la-nef\/","name":"Jour de la Terre\u00a0: un ap\u00e9ro-concert engag\u00e9 \u00e0 La Nef - Saint Die Info","isPartOf":{"@id":"https:\/\/vosgesinfo.fr\/saintdieinfo\/#website"},"primaryImageOfPage":{"@id":"https:\/\/vosgesinfo.fr\/saintdieinfo\/2025\/04\/jour-de-la-terre-un-apero-concert-engage-a-la-nef\/#primaryimage"},"image":{"@id":"https:\/\/vosgesinfo.fr\/saintdieinfo\/2025\/04\/jour-de-la-terre-un-apero-concert-engage-a-la-nef\/#primaryimage"},"thumbnailUrl":"https:\/\/vosgesinfo.fr\/app\/uploads\/sites\/4\/2025\/04\/jour-de-la-terre-la-nef-4.jpg","datePublished":"2025-04-18T17:03:56+00:00","dateModified":"2025-04-18T16:52:02+00:00","breadcrumb":{"@id":"https:\/\/vosgesinfo.fr\/saintdieinfo\/2025\/04\/jour-de-la-terre-un-apero-concert-engage-a-la-nef\/#breadcrumb"},"inLanguage":"fr-FR","potentialAction":[{"@type":"ReadAction","target":["https:\/\/vosgesinfo.fr\/saintdieinfo\/2025\/04\/jour-de-la-terre-un-apero-concert-engage-a-la-nef\/"]}]},{"@type":"ImageObject","inLanguage":"fr-FR","@id":"https:\/\/vosgesinfo.fr\/saintdieinfo\/2025\/04\/jour-de-la-terre-un-apero-concert-engage-a-la-nef\/#primaryimage","url":"https:\/\/vosgesinfo.fr\/app\/uploads\/sites\/4\/2025\/04\/jour-de-la-terre-la-nef-4.jpg","contentUrl":"https:\/\/vosgesinfo.fr\/app\/uploads\/sites\/4\/2025\/04\/jour-de-la-terre-la-nef-4.jpg","width":1800,"height":1355},{"@type":"BreadcrumbList","@id":"https:\/\/vosgesinfo.fr\/saintdieinfo\/2025\/04\/jour-de-la-terre-un-apero-concert-engage-a-la-nef\/#breadcrumb","itemListElement":[{"@type":"ListItem","position":1,"name":"Home","item":"https:\/\/vosgesinfo.fr\/saintdieinfo\/"},{"@type":"ListItem","position":2,"name":"Jour de la Terre\u00a0: un ap\u00e9ro-concert engag\u00e9 \u00e0 La Nef"}]},{"@type":"WebSite","@id":"https:\/\/vosgesinfo.fr\/saintdieinfo\/#website","url":"https:\/\/vosgesinfo.fr\/saintdieinfo\/","name":"Saint Die Info","description":"Toute l&#039;actualit\u00e9 de Saint-Di\u00e9-Des-Vosges","publisher":{"@id":"https:\/\/vosgesinfo.fr\/saintdieinfo\/#organization"},"alternateName":"Toute l'actualit\u00e9 de Saint-Di\u00e9-Des-Vosges","potentialAction":[{"@type":"SearchAction","target":{"@type":"EntryPoint","urlTemplate":"https:\/\/vosgesinfo.fr\/saintdieinfo\/?s={search_term_string}"},"query-input":"required name=search_term_string"}],"inLanguage":"fr-FR"},{"@type":"Organization","@id":"https:\/\/vosgesinfo.fr\/saintdieinfo\/#organization","name":"Saint Die Info","url":"https:\/\/vosgesinfo.fr\/saintdieinfo\/","logo":{"@type":"ImageObject","inLanguage":"fr-FR","@id":"https:\/\/vosgesinfo.fr\/saintdieinfo\/#\/schema\/logo\/image\/","url":"https:\/\/vosgesinfo.fr\/app\/uploads\/sites\/4\/2024\/02\/logo-sdi.jpg","contentUrl":"https:\/\/vosgesinfo.fr\/app\/uploads\/sites\/4\/2024\/02\/logo-sdi.jpg","width":600,"height":600,"caption":"Saint Die Info"},"image":{"@id":"https:\/\/vosgesinfo.fr\/saintdieinfo\/#\/schema\/logo\/image\/"},"sameAs":["https:\/\/www.facebook.com\/Saintdieinfofr","https:\/\/x.com\/VosgesInfo88","https:\/\/www.youtube.com\/@vosgesinfo"]},{"@type":"Person","@id":"https:\/\/vosgesinfo.fr\/saintdieinfo\/#\/schema\/person\/fa73e9f726d67bb88f46d5b7943cb572","name":"J.J.","image":{"@type":"ImageObject","inLanguage":"fr-FR","@id":"https:\/\/vosgesinfo.fr\/saintdieinfo\/#\/schema\/person\/image\/","url":"https:\/\/secure.gravatar.com\/avatar\/219e749e47ffbcca018a360ae4add7d4cdf1cdaaf8bc7676b27efade3fe65615?s=96&d=mm&r=g","contentUrl":"https:\/\/secure.gravatar.com\/avatar\/219e749e47ffbcca018a360ae4add7d4cdf1cdaaf8bc7676b27efade3fe65615?s=96&d=mm&r=g","caption":"J.J."},"url":"https:\/\/vosgesinfo.fr\/saintdieinfo\/author\/j-j\/"}]}},"_links":{"self":[{"href":"https:\/\/vosgesinfo.fr\/saintdieinfo\/wp-json\/wp\/v2\/posts\/77014","targetHints":{"allow":["GET"]}}],"collection":[{"href":"https:\/\/vosgesinfo.fr\/saintdieinfo\/wp-json\/wp\/v2\/posts"}],"about":[{"href":"https:\/\/vosgesinfo.fr\/saintdieinfo\/wp-json\/wp\/v2\/types\/post"}],"author":[{"embeddable":true,"href":"https:\/\/vosgesinfo.fr\/saintdieinfo\/wp-json\/wp\/v2\/users\/46"}],"replies":[{"embeddable":true,"href":"https:\/\/vosgesinfo.fr\/saintdieinfo\/wp-json\/wp\/v2\/comments?post=77014"}],"version-history":[{"count":1,"href":"https:\/\/vosgesinfo.fr\/saintdieinfo\/wp-json\/wp\/v2\/posts\/77014\/revisions"}],"predecessor-version":[{"id":77020,"href":"https:\/\/vosgesinfo.fr\/saintdieinfo\/wp-json\/wp\/v2\/posts\/77014\/revisions\/77020"}],"wp:featuredmedia":[{"embeddable":true,"href":"https:\/\/vosgesinfo.fr\/saintdieinfo\/wp-json\/wp\/v2\/media\/77018"}],"wp:attachment":[{"href":"https:\/\/vosgesinfo.fr\/saintdieinfo\/wp-json\/wp\/v2\/media?parent=77014"}],"wp:term":[{"taxonomy":"category","embeddable":true,"href":"https:\/\/vosgesinfo.fr\/saintdieinfo\/wp-json\/wp\/v2\/categories?post=77014"},{"taxonomy":"post_tag","embeddable":true,"href":"https:\/\/vosgesinfo.fr\/saintdieinfo\/wp-json\/wp\/v2\/tags?post=77014"}],"curies":[{"name":"wp","href":"https:\/\/api.w.org\/{rel}","templated":true}]}}