{"id":77051,"date":"2025-04-19T16:41:58","date_gmt":"2025-04-19T14:41:58","guid":{"rendered":"https:\/\/vosgesinfo.fr\/saintdieinfo\/2025\/04\/succes-eclatant-pour-la-premiere-journee-de-la-39e-bourse-dechange-a-vagney\/"},"modified":"2025-04-19T16:41:58","modified_gmt":"2025-04-19T14:41:58","slug":"succes-eclatant-pour-la-premiere-journee-de-la-39e-bourse-dechange-a-vagney","status":"publish","type":"post","link":"https:\/\/vosgesinfo.fr\/saintdieinfo\/2025\/04\/succes-eclatant-pour-la-premiere-journee-de-la-39e-bourse-dechange-a-vagney\/","title":{"rendered":"Succ\u00e8s \u00e9clatant pour la premi\u00e8re journ\u00e9e de la 39e Bourse d\u2019\u00e9change \u00e0 Vagney"},"content":{"rendered":"<p data-start=\"181\" data-end=\"605\"><a href=\"https:\/\/vosgesinfo.fr\/app\/uploads\/sites\/5\/2025\/04\/bourse-d-echange-vagney004.jpg\"><img decoding=\"async\" class=\"aligncenter size-full wp-image-81004\" src=\"https:\/\/vosgesinfo.fr\/app\/uploads\/sites\/5\/2025\/04\/bourse-d-echange-vagney004.jpg\" alt=\"\" width=\"1350\" height=\"1013\" \/><\/a><\/p>\n<p class=\"\" data-start=\"181\" data-end=\"605\"><strong>Sous un soleil g\u00e9n\u00e9reux, la 39e \u00e9dition de la Bourse d\u2019\u00e9change de Vagney a d\u00e9marr\u00e9 en fanfare ce samedi, attirant d\u00e8s les premi\u00e8res heures une foule nombreuse de passionn\u00e9s, curieux et collectionneurs. Organis\u00e9 par l\u2019association R\u00e9tro-Loisirs Ligne Bleue, l\u2019\u00e9v\u00e9nement reste un rendez-vous incontournable pour les amateurs d\u2019automobile, qui n\u2019ont pas manqu\u00e9 ce d\u00e9but de week-end printanier pour venir fl\u00e2ner entre les stands.<\/strong><\/p>\n<p class=\"\" data-start=\"607\" data-end=\"888\">Cette ann\u00e9e, la bourse c\u00e9l\u00e8bre les 60 ans du film culte <em data-start=\"663\" data-end=\"684\">Les Grandes Gueules<\/em>. Pour l\u2019occasion, un petit train, clin d\u2019\u0153il \u00e9vident au long-m\u00e9trage tourn\u00e9 en partie dans la r\u00e9gion, est install\u00e9 sur la place : un bel hommage qui amuse autant les enfants que les adultes nostalgiques.<\/p>\n<p class=\"\" data-start=\"890\" data-end=\"1154\">Pas moins de 120 exposants se sont d\u00e9ploy\u00e9s sur 1 200 m\u00e8tres lin\u00e9aires, proposant une large gamme de pi\u00e8ces automobiles, miniatures, livres sp\u00e9cialis\u00e9s, objets de collection et autres curiosit\u00e9s m\u00e9caniques. Un v\u00e9ritable paradis pour chineurs et bricoleurs.<\/p>\n<p class=\"\" data-start=\"1156\" data-end=\"1434\">C\u00f4t\u00e9 exposition, environ 300 v\u00e9hicules de collection font le d\u00e9placement, avec en prime une s\u00e9lection sp\u00e9ciale d\u00e9di\u00e9e aux voitures produites en 1985, toutes marques confondues. Un bel aper\u00e7u de ce que le monde de l\u2019automobile avait \u00e0 offrir il y a quarante ans.<\/p>\n<p class=\"\" data-start=\"1436\" data-end=\"1588\">Parmi les temps forts de cette \u00e9dition : une Peugeot 103 d\u2019une valeur de 1 900 \u20ac est mise en jeu, accompagn\u00e9e de nombreux autres lots \u00e0 gagner.<\/p>\n<h3 class=\"\" data-start=\"1590\" data-end=\"1621\">La bourse continue demain !<\/h3>\n<p class=\"\" data-start=\"1623\" data-end=\"1751\">La bourse d\u2019\u00e9change se poursuivra ce dimanche 20 avril, avec un public attendu tout aussi nombreux pour la deuxi\u00e8me journ\u00e9e.<\/p>\n<p class=\"\" data-start=\"1753\" data-end=\"1964\">Infos pratiques :<br data-start=\"1774\" data-end=\"1777\" \/>\u2013 Entr\u00e9e : 6 \u20ac<br data-start=\"1795\" data-end=\"1798\" \/>\u2013 Pass week-end : 10 \u20ac<br data-start=\"1824\" data-end=\"1827\" \/>\u2013 Demi-tarif : dimanche apr\u00e8s-midi<br data-start=\"1865\" data-end=\"1868\" \/>\u2013 Entr\u00e9e gratuite pour les conducteurs de v\u00e9hicules de collection<br data-start=\"1933\" data-end=\"1936\" \/>\u2013 Restauration sur place<\/p>\n<p class=\"\" data-start=\"1966\" data-end=\"2060\">Une belle escapade \u00e0 vivre pour les amoureux de belles m\u00e9caniques et de patrimoine automobile.<\/p>\n\n\t\t<style type=\"text\/css\">\n\t\t\t#gallery-1 {\n\t\t\t\tmargin: auto;\n\t\t\t}\n\t\t\t#gallery-1 .gallery-item {\n\t\t\t\tfloat: left;\n\t\t\t\tmargin-top: 10px;\n\t\t\t\ttext-align: center;\n\t\t\t\twidth: 33%;\n\t\t\t}\n\t\t\t#gallery-1 img {\n\t\t\t\tborder: 2px solid #cfcfcf;\n\t\t\t}\n\t\t\t#gallery-1 .gallery-caption {\n\t\t\t\tmargin-left: 0;\n\t\t\t}\n\t\t\t\/* see gallery_shortcode() in wp-includes\/media.php *\/\n\t\t<\/style>\n\t\t<div id='gallery-1' class='gallery galleryid-77051 gallery-columns-3 gallery-size-thumbnail'><dl class='gallery-item'>\n\t\t\t<dt class='gallery-icon landscape'>\n\t\t\t\t<a href='https:\/\/vosgesinfo.fr\/app\/uploads\/sites\/4\/2025\/04\/bourse-d-echange-vagney001.jpg'><img decoding=\"async\" width=\"150\" height=\"150\" src=\"https:\/\/vosgesinfo.fr\/app\/uploads\/sites\/4\/2025\/04\/bourse-d-echange-vagney001-150x150.jpg\" class=\"attachment-thumbnail size-thumbnail\" alt=\"\" \/><\/a>\n\t\t\t<\/dt><\/dl><dl class='gallery-item'>\n\t\t\t<dt class='gallery-icon landscape'>\n\t\t\t\t<a href='https:\/\/vosgesinfo.fr\/app\/uploads\/sites\/4\/2025\/04\/bourse-d-echange-vagney002.jpg'><img decoding=\"async\" width=\"150\" height=\"150\" src=\"https:\/\/vosgesinfo.fr\/app\/uploads\/sites\/4\/2025\/04\/bourse-d-echange-vagney002-150x150.jpg\" class=\"attachment-thumbnail size-thumbnail\" alt=\"\" \/><\/a>\n\t\t\t<\/dt><\/dl><dl class='gallery-item'>\n\t\t\t<dt class='gallery-icon landscape'>\n\t\t\t\t<a href='https:\/\/vosgesinfo.fr\/app\/uploads\/sites\/4\/2025\/04\/bourse-d-echange-vagney003.jpg'><img decoding=\"async\" width=\"150\" height=\"150\" src=\"https:\/\/vosgesinfo.fr\/app\/uploads\/sites\/4\/2025\/04\/bourse-d-echange-vagney003-150x150.jpg\" class=\"attachment-thumbnail size-thumbnail\" alt=\"\" \/><\/a>\n\t\t\t<\/dt><\/dl><br style=\"clear: both\" \/><dl class='gallery-item'>\n\t\t\t<dt class='gallery-icon landscape'>\n\t\t\t\t<a href='https:\/\/vosgesinfo.fr\/app\/uploads\/sites\/4\/2025\/04\/bourse-d-echange-vagney004.jpg'><img decoding=\"async\" width=\"150\" height=\"150\" src=\"https:\/\/vosgesinfo.fr\/app\/uploads\/sites\/4\/2025\/04\/bourse-d-echange-vagney004-150x150.jpg\" class=\"attachment-thumbnail size-thumbnail\" alt=\"\" \/><\/a>\n\t\t\t<\/dt><\/dl><dl class='gallery-item'>\n\t\t\t<dt class='gallery-icon landscape'>\n\t\t\t\t<a href='https:\/\/vosgesinfo.fr\/app\/uploads\/sites\/4\/2025\/04\/bourse-d-echange-vagney009.jpg'><img decoding=\"async\" width=\"150\" height=\"150\" src=\"https:\/\/vosgesinfo.fr\/app\/uploads\/sites\/4\/2025\/04\/bourse-d-echange-vagney009-150x150.jpg\" class=\"attachment-thumbnail size-thumbnail\" alt=\"\" \/><\/a>\n\t\t\t<\/dt><\/dl><dl class='gallery-item'>\n\t\t\t<dt class='gallery-icon landscape'>\n\t\t\t\t<a href='https:\/\/vosgesinfo.fr\/app\/uploads\/sites\/4\/2025\/04\/bourse-d-echange-vagney014.jpg'><img decoding=\"async\" width=\"150\" height=\"150\" src=\"https:\/\/vosgesinfo.fr\/app\/uploads\/sites\/4\/2025\/04\/bourse-d-echange-vagney014-150x150.jpg\" class=\"attachment-thumbnail size-thumbnail\" alt=\"\" \/><\/a>\n\t\t\t<\/dt><\/dl><br style=\"clear: both\" \/><dl class='gallery-item'>\n\t\t\t<dt class='gallery-icon landscape'>\n\t\t\t\t<a href='https:\/\/vosgesinfo.fr\/app\/uploads\/sites\/4\/2025\/04\/bourse-d-echange-vagney005-scaled-1.jpg'><img decoding=\"async\" width=\"150\" height=\"150\" src=\"https:\/\/vosgesinfo.fr\/app\/uploads\/sites\/4\/2025\/04\/bourse-d-echange-vagney005-scaled-1-150x150.jpg\" class=\"attachment-thumbnail size-thumbnail\" alt=\"\" \/><\/a>\n\t\t\t<\/dt><\/dl><dl class='gallery-item'>\n\t\t\t<dt class='gallery-icon landscape'>\n\t\t\t\t<a href='https:\/\/vosgesinfo.fr\/app\/uploads\/sites\/4\/2025\/04\/bourse-d-echange-vagney013-scaled-1.jpg'><img decoding=\"async\" width=\"150\" height=\"150\" src=\"https:\/\/vosgesinfo.fr\/app\/uploads\/sites\/4\/2025\/04\/bourse-d-echange-vagney013-scaled-1-150x150.jpg\" class=\"attachment-thumbnail size-thumbnail\" alt=\"\" \/><\/a>\n\t\t\t<\/dt><\/dl><dl class='gallery-item'>\n\t\t\t<dt class='gallery-icon landscape'>\n\t\t\t\t<a href='https:\/\/vosgesinfo.fr\/app\/uploads\/sites\/4\/2025\/04\/bourse-d-echange-vagney012-scaled-1.jpg'><img decoding=\"async\" width=\"150\" height=\"150\" src=\"https:\/\/vosgesinfo.fr\/app\/uploads\/sites\/4\/2025\/04\/bourse-d-echange-vagney012-scaled-1-150x150.jpg\" class=\"attachment-thumbnail size-thumbnail\" alt=\"\" \/><\/a>\n\t\t\t<\/dt><\/dl><br style=\"clear: both\" \/><dl class='gallery-item'>\n\t\t\t<dt class='gallery-icon landscape'>\n\t\t\t\t<a href='https:\/\/vosgesinfo.fr\/app\/uploads\/sites\/4\/2025\/04\/bourse-d-echange-vagney011-scaled-1.jpg'><img decoding=\"async\" width=\"150\" height=\"150\" src=\"https:\/\/vosgesinfo.fr\/app\/uploads\/sites\/4\/2025\/04\/bourse-d-echange-vagney011-scaled-1-150x150.jpg\" class=\"attachment-thumbnail size-thumbnail\" alt=\"\" \/><\/a>\n\t\t\t<\/dt><\/dl><dl class='gallery-item'>\n\t\t\t<dt class='gallery-icon landscape'>\n\t\t\t\t<a href='https:\/\/vosgesinfo.fr\/app\/uploads\/sites\/4\/2025\/04\/bourse-d-echange-vagney010-scaled-1.jpg'><img decoding=\"async\" width=\"150\" height=\"150\" src=\"https:\/\/vosgesinfo.fr\/app\/uploads\/sites\/4\/2025\/04\/bourse-d-echange-vagney010-scaled-1-150x150.jpg\" class=\"attachment-thumbnail size-thumbnail\" alt=\"\" \/><\/a>\n\t\t\t<\/dt><\/dl><dl class='gallery-item'>\n\t\t\t<dt class='gallery-icon landscape'>\n\t\t\t\t<a href='https:\/\/vosgesinfo.fr\/app\/uploads\/sites\/4\/2025\/04\/bourse-d-echange-vagney008-scaled-1.jpg'><img decoding=\"async\" width=\"150\" height=\"150\" src=\"https:\/\/vosgesinfo.fr\/app\/uploads\/sites\/4\/2025\/04\/bourse-d-echange-vagney008-scaled-1-150x150.jpg\" class=\"attachment-thumbnail size-thumbnail\" alt=\"\" \/><\/a>\n\t\t\t<\/dt><\/dl><br style=\"clear: both\" \/><dl class='gallery-item'>\n\t\t\t<dt class='gallery-icon landscape'>\n\t\t\t\t<a href='https:\/\/vosgesinfo.fr\/app\/uploads\/sites\/4\/2025\/04\/bourse-d-echange-vagney007-scaled-1.jpg'><img decoding=\"async\" width=\"150\" height=\"150\" src=\"https:\/\/vosgesinfo.fr\/app\/uploads\/sites\/4\/2025\/04\/bourse-d-echange-vagney007-scaled-1-150x150.jpg\" class=\"attachment-thumbnail size-thumbnail\" alt=\"\" \/><\/a>\n\t\t\t<\/dt><\/dl><dl class='gallery-item'>\n\t\t\t<dt class='gallery-icon landscape'>\n\t\t\t\t<a href='https:\/\/vosgesinfo.fr\/app\/uploads\/sites\/4\/2025\/04\/bourse-d-echange-vagney006-scaled-1.jpg'><img decoding=\"async\" width=\"150\" height=\"150\" src=\"https:\/\/vosgesinfo.fr\/app\/uploads\/sites\/4\/2025\/04\/bourse-d-echange-vagney006-scaled-1-150x150.jpg\" class=\"attachment-thumbnail size-thumbnail\" alt=\"\" \/><\/a>\n\t\t\t<\/dt><\/dl><dl class='gallery-item'>\n\t\t\t<dt class='gallery-icon landscape'>\n\t\t\t\t<a href='https:\/\/vosgesinfo.fr\/app\/uploads\/sites\/4\/2025\/04\/bourse-d-echange-vagney015-scaled-1.jpg'><img decoding=\"async\" width=\"150\" height=\"150\" src=\"https:\/\/vosgesinfo.fr\/app\/uploads\/sites\/4\/2025\/04\/bourse-d-echange-vagney015-scaled-1-150x150.jpg\" class=\"attachment-thumbnail size-thumbnail\" alt=\"\" \/><\/a>\n\t\t\t<\/dt><\/dl><br style=\"clear: both\" \/>\n\t\t<\/div>\n\n","protected":false},"excerpt":{"rendered":"<p>Sous un soleil g\u00e9n\u00e9reux, la 39e \u00e9dition de la Bourse d\u2019\u00e9change de Vagney a d\u00e9marr\u00e9 en fanfare ce samedi, attirant [&hellip;]<\/p>\n","protected":false},"author":418,"featured_media":77052,"comment_status":"open","ping_status":"open","sticky":false,"template":"","format":"standard","meta":{"footnotes":""},"categories":[460,5392,5391,5389,20,4099,4100,18],"tags":[16821,14797],"class_list":["post-77051","post","type-post","status-publish","format-standard","has-post-thumbnail","hentry","category-a-la-une","category-epinal","category-gerardmer","category-la-plaine-des-vosges","category-loisirs","category-remiremont","category-saint-die","category-vosges","tag-bourse-dechange-vagney","tag-voitures"],"acf":[],"yoast_head":"<!-- This site is optimized with the Yoast SEO plugin v22.5 - https:\/\/yoast.com\/wordpress\/plugins\/seo\/ -->\n<title>Succ\u00e8s \u00e9clatant pour la premi\u00e8re journ\u00e9e de la 39e Bourse d\u2019\u00e9change \u00e0 Vagney - Saint Die Info<\/title>\n<meta name=\"robots\" content=\"index, follow, max-snippet:-1, max-image-preview:large, max-video-preview:-1\" \/>\n<link rel=\"canonical\" href=\"https:\/\/vosgesinfo.fr\/saintdieinfo\/2025\/04\/succes-eclatant-pour-la-premiere-journee-de-la-39e-bourse-dechange-a-vagney\/\" \/>\n<meta name=\"twitter:card\" content=\"summary_large_image\" \/>\n<meta name=\"twitter:title\" content=\"Succ\u00e8s \u00e9clatant pour la premi\u00e8re journ\u00e9e de la 39e Bourse d\u2019\u00e9change \u00e0 Vagney - Saint Die Info\" \/>\n<meta name=\"twitter:description\" content=\"Sous un soleil g\u00e9n\u00e9reux, la 39e \u00e9dition de la Bourse d\u2019\u00e9change de Vagney a d\u00e9marr\u00e9 en fanfare ce samedi, attirant [&hellip;]\" \/>\n<meta name=\"twitter:image\" content=\"https:\/\/vosgesinfo.fr\/app\/uploads\/sites\/4\/2025\/04\/bourse-d-echange-vagney004-1.jpg\" \/>\n<meta name=\"twitter:creator\" content=\"@VosgesInfo88\" \/>\n<meta name=\"twitter:site\" content=\"@VosgesInfo88\" \/>\n<meta name=\"twitter:label1\" content=\"\u00c9crit par\" \/>\n\t<meta name=\"twitter:data1\" content=\"C.M\" \/>\n\t<meta name=\"twitter:label2\" content=\"Dur\u00e9e de lecture estim\u00e9e\" \/>\n\t<meta name=\"twitter:data2\" content=\"2 minutes\" \/>\n<script type=\"application\/ld+json\" class=\"yoast-schema-graph\">{\"@context\":\"https:\/\/schema.org\",\"@graph\":[{\"@type\":\"Article\",\"@id\":\"https:\/\/vosgesinfo.fr\/saintdieinfo\/2025\/04\/succes-eclatant-pour-la-premiere-journee-de-la-39e-bourse-dechange-a-vagney\/#article\",\"isPartOf\":{\"@id\":\"https:\/\/vosgesinfo.fr\/saintdieinfo\/2025\/04\/succes-eclatant-pour-la-premiere-journee-de-la-39e-bourse-dechange-a-vagney\/\"},\"author\":{\"name\":\"C.M\",\"@id\":\"https:\/\/vosgesinfo.fr\/saintdieinfo\/#\/schema\/person\/4f38cd3068e342935b7304695c797d08\"},\"headline\":\"Succ\u00e8s \u00e9clatant pour la premi\u00e8re journ\u00e9e de la 39e Bourse d\u2019\u00e9change \u00e0 Vagney\",\"datePublished\":\"2025-04-19T14:41:58+00:00\",\"dateModified\":\"2025-04-19T14:41:58+00:00\",\"mainEntityOfPage\":{\"@id\":\"https:\/\/vosgesinfo.fr\/saintdieinfo\/2025\/04\/succes-eclatant-pour-la-premiere-journee-de-la-39e-bourse-dechange-a-vagney\/\"},\"wordCount\":332,\"commentCount\":0,\"publisher\":{\"@id\":\"https:\/\/vosgesinfo.fr\/saintdieinfo\/#organization\"},\"image\":{\"@id\":\"https:\/\/vosgesinfo.fr\/saintdieinfo\/2025\/04\/succes-eclatant-pour-la-premiere-journee-de-la-39e-bourse-dechange-a-vagney\/#primaryimage\"},\"thumbnailUrl\":\"https:\/\/vosgesinfo.fr\/app\/uploads\/sites\/4\/2025\/04\/bourse-d-echange-vagney004-1.jpg\",\"keywords\":[\"Bourse d'\u00e9change Vagney\",\"voitures\"],\"articleSection\":[\"A la Une\",\"Epinal\",\"Gerardmer\",\"La plaine des vosges\",\"Loisirs\",\"Remiremont\",\"Saint-di\u00e9\",\"Vosges\"],\"inLanguage\":\"fr-FR\",\"potentialAction\":[{\"@type\":\"CommentAction\",\"name\":\"Comment\",\"target\":[\"https:\/\/vosgesinfo.fr\/saintdieinfo\/2025\/04\/succes-eclatant-pour-la-premiere-journee-de-la-39e-bourse-dechange-a-vagney\/#respond\"]}]},{\"@type\":\"WebPage\",\"@id\":\"https:\/\/vosgesinfo.fr\/saintdieinfo\/2025\/04\/succes-eclatant-pour-la-premiere-journee-de-la-39e-bourse-dechange-a-vagney\/\",\"url\":\"https:\/\/vosgesinfo.fr\/saintdieinfo\/2025\/04\/succes-eclatant-pour-la-premiere-journee-de-la-39e-bourse-dechange-a-vagney\/\",\"name\":\"Succ\u00e8s \u00e9clatant pour la premi\u00e8re journ\u00e9e de la 39e Bourse d\u2019\u00e9change \u00e0 Vagney - Saint Die Info\",\"isPartOf\":{\"@id\":\"https:\/\/vosgesinfo.fr\/saintdieinfo\/#website\"},\"primaryImageOfPage\":{\"@id\":\"https:\/\/vosgesinfo.fr\/saintdieinfo\/2025\/04\/succes-eclatant-pour-la-premiere-journee-de-la-39e-bourse-dechange-a-vagney\/#primaryimage\"},\"image\":{\"@id\":\"https:\/\/vosgesinfo.fr\/saintdieinfo\/2025\/04\/succes-eclatant-pour-la-premiere-journee-de-la-39e-bourse-dechange-a-vagney\/#primaryimage\"},\"thumbnailUrl\":\"https:\/\/vosgesinfo.fr\/app\/uploads\/sites\/4\/2025\/04\/bourse-d-echange-vagney004-1.jpg\",\"datePublished\":\"2025-04-19T14:41:58+00:00\",\"dateModified\":\"2025-04-19T14:41:58+00:00\",\"breadcrumb\":{\"@id\":\"https:\/\/vosgesinfo.fr\/saintdieinfo\/2025\/04\/succes-eclatant-pour-la-premiere-journee-de-la-39e-bourse-dechange-a-vagney\/#breadcrumb\"},\"inLanguage\":\"fr-FR\",\"potentialAction\":[{\"@type\":\"ReadAction\",\"target\":[\"https:\/\/vosgesinfo.fr\/saintdieinfo\/2025\/04\/succes-eclatant-pour-la-premiere-journee-de-la-39e-bourse-dechange-a-vagney\/\"]}]},{\"@type\":\"ImageObject\",\"inLanguage\":\"fr-FR\",\"@id\":\"https:\/\/vosgesinfo.fr\/saintdieinfo\/2025\/04\/succes-eclatant-pour-la-premiere-journee-de-la-39e-bourse-dechange-a-vagney\/#primaryimage\",\"url\":\"https:\/\/vosgesinfo.fr\/app\/uploads\/sites\/4\/2025\/04\/bourse-d-echange-vagney004-1.jpg\",\"contentUrl\":\"https:\/\/vosgesinfo.fr\/app\/uploads\/sites\/4\/2025\/04\/bourse-d-echange-vagney004-1.jpg\",\"width\":1350,\"height\":1013},{\"@type\":\"BreadcrumbList\",\"@id\":\"https:\/\/vosgesinfo.fr\/saintdieinfo\/2025\/04\/succes-eclatant-pour-la-premiere-journee-de-la-39e-bourse-dechange-a-vagney\/#breadcrumb\",\"itemListElement\":[{\"@type\":\"ListItem\",\"position\":1,\"name\":\"Home\",\"item\":\"https:\/\/vosgesinfo.fr\/saintdieinfo\/\"},{\"@type\":\"ListItem\",\"position\":2,\"name\":\"Succ\u00e8s \u00e9clatant pour la premi\u00e8re journ\u00e9e de la 39e Bourse d\u2019\u00e9change \u00e0 Vagney\"}]},{\"@type\":\"WebSite\",\"@id\":\"https:\/\/vosgesinfo.fr\/saintdieinfo\/#website\",\"url\":\"https:\/\/vosgesinfo.fr\/saintdieinfo\/\",\"name\":\"Saint Die Info\",\"description\":\"Toute l&#039;actualit\u00e9 de Saint-Di\u00e9-Des-Vosges\",\"publisher\":{\"@id\":\"https:\/\/vosgesinfo.fr\/saintdieinfo\/#organization\"},\"alternateName\":\"Toute l'actualit\u00e9 de Saint-Di\u00e9-Des-Vosges\",\"potentialAction\":[{\"@type\":\"SearchAction\",\"target\":{\"@type\":\"EntryPoint\",\"urlTemplate\":\"https:\/\/vosgesinfo.fr\/saintdieinfo\/?s={search_term_string}\"},\"query-input\":\"required name=search_term_string\"}],\"inLanguage\":\"fr-FR\"},{\"@type\":\"Organization\",\"@id\":\"https:\/\/vosgesinfo.fr\/saintdieinfo\/#organization\",\"name\":\"Saint Die Info\",\"url\":\"https:\/\/vosgesinfo.fr\/saintdieinfo\/\",\"logo\":{\"@type\":\"ImageObject\",\"inLanguage\":\"fr-FR\",\"@id\":\"https:\/\/vosgesinfo.fr\/saintdieinfo\/#\/schema\/logo\/image\/\",\"url\":\"https:\/\/vosgesinfo.fr\/app\/uploads\/sites\/4\/2024\/02\/logo-sdi.jpg\",\"contentUrl\":\"https:\/\/vosgesinfo.fr\/app\/uploads\/sites\/4\/2024\/02\/logo-sdi.jpg\",\"width\":600,\"height\":600,\"caption\":\"Saint Die Info\"},\"image\":{\"@id\":\"https:\/\/vosgesinfo.fr\/saintdieinfo\/#\/schema\/logo\/image\/\"},\"sameAs\":[\"https:\/\/www.facebook.com\/Saintdieinfofr\",\"https:\/\/x.com\/VosgesInfo88\",\"https:\/\/www.youtube.com\/@vosgesinfo\"]},{\"@type\":\"Person\",\"@id\":\"https:\/\/vosgesinfo.fr\/saintdieinfo\/#\/schema\/person\/4f38cd3068e342935b7304695c797d08\",\"name\":\"C.M\",\"image\":{\"@type\":\"ImageObject\",\"inLanguage\":\"fr-FR\",\"@id\":\"https:\/\/vosgesinfo.fr\/saintdieinfo\/#\/schema\/person\/image\/\",\"url\":\"https:\/\/secure.gravatar.com\/avatar\/fe9daaef0164d920717484172682f3c5c9bcf7d42aa8c7048c76c34f0eb6c8da?s=96&d=mm&r=g\",\"contentUrl\":\"https:\/\/secure.gravatar.com\/avatar\/fe9daaef0164d920717484172682f3c5c9bcf7d42aa8c7048c76c34f0eb6c8da?s=96&d=mm&r=g\",\"caption\":\"C.M\"},\"url\":\"https:\/\/vosgesinfo.fr\/saintdieinfo\/author\/cm88200\/\"}]}<\/script>\n<!-- \/ Yoast SEO plugin. -->","yoast_head_json":{"title":"Succ\u00e8s \u00e9clatant pour la premi\u00e8re journ\u00e9e de la 39e Bourse d\u2019\u00e9change \u00e0 Vagney - Saint Die Info","robots":{"index":"index","follow":"follow","max-snippet":"max-snippet:-1","max-image-preview":"max-image-preview:large","max-video-preview":"max-video-preview:-1"},"canonical":"https:\/\/vosgesinfo.fr\/saintdieinfo\/2025\/04\/succes-eclatant-pour-la-premiere-journee-de-la-39e-bourse-dechange-a-vagney\/","twitter_card":"summary_large_image","twitter_title":"Succ\u00e8s \u00e9clatant pour la premi\u00e8re journ\u00e9e de la 39e Bourse d\u2019\u00e9change \u00e0 Vagney - Saint Die Info","twitter_description":"Sous un soleil g\u00e9n\u00e9reux, la 39e \u00e9dition de la Bourse d\u2019\u00e9change de Vagney a d\u00e9marr\u00e9 en fanfare ce samedi, attirant [&hellip;]","twitter_image":"https:\/\/vosgesinfo.fr\/app\/uploads\/sites\/4\/2025\/04\/bourse-d-echange-vagney004-1.jpg","twitter_creator":"@VosgesInfo88","twitter_site":"@VosgesInfo88","twitter_misc":{"\u00c9crit par":"C.M","Dur\u00e9e de lecture estim\u00e9e":"2 minutes"},"schema":{"@context":"https:\/\/schema.org","@graph":[{"@type":"Article","@id":"https:\/\/vosgesinfo.fr\/saintdieinfo\/2025\/04\/succes-eclatant-pour-la-premiere-journee-de-la-39e-bourse-dechange-a-vagney\/#article","isPartOf":{"@id":"https:\/\/vosgesinfo.fr\/saintdieinfo\/2025\/04\/succes-eclatant-pour-la-premiere-journee-de-la-39e-bourse-dechange-a-vagney\/"},"author":{"name":"C.M","@id":"https:\/\/vosgesinfo.fr\/saintdieinfo\/#\/schema\/person\/4f38cd3068e342935b7304695c797d08"},"headline":"Succ\u00e8s \u00e9clatant pour la premi\u00e8re journ\u00e9e de la 39e Bourse d\u2019\u00e9change \u00e0 Vagney","datePublished":"2025-04-19T14:41:58+00:00","dateModified":"2025-04-19T14:41:58+00:00","mainEntityOfPage":{"@id":"https:\/\/vosgesinfo.fr\/saintdieinfo\/2025\/04\/succes-eclatant-pour-la-premiere-journee-de-la-39e-bourse-dechange-a-vagney\/"},"wordCount":332,"commentCount":0,"publisher":{"@id":"https:\/\/vosgesinfo.fr\/saintdieinfo\/#organization"},"image":{"@id":"https:\/\/vosgesinfo.fr\/saintdieinfo\/2025\/04\/succes-eclatant-pour-la-premiere-journee-de-la-39e-bourse-dechange-a-vagney\/#primaryimage"},"thumbnailUrl":"https:\/\/vosgesinfo.fr\/app\/uploads\/sites\/4\/2025\/04\/bourse-d-echange-vagney004-1.jpg","keywords":["Bourse d'\u00e9change Vagney","voitures"],"articleSection":["A la Une","Epinal","Gerardmer","La plaine des vosges","Loisirs","Remiremont","Saint-di\u00e9","Vosges"],"inLanguage":"fr-FR","potentialAction":[{"@type":"CommentAction","name":"Comment","target":["https:\/\/vosgesinfo.fr\/saintdieinfo\/2025\/04\/succes-eclatant-pour-la-premiere-journee-de-la-39e-bourse-dechange-a-vagney\/#respond"]}]},{"@type":"WebPage","@id":"https:\/\/vosgesinfo.fr\/saintdieinfo\/2025\/04\/succes-eclatant-pour-la-premiere-journee-de-la-39e-bourse-dechange-a-vagney\/","url":"https:\/\/vosgesinfo.fr\/saintdieinfo\/2025\/04\/succes-eclatant-pour-la-premiere-journee-de-la-39e-bourse-dechange-a-vagney\/","name":"Succ\u00e8s \u00e9clatant pour la premi\u00e8re journ\u00e9e de la 39e Bourse d\u2019\u00e9change \u00e0 Vagney - Saint Die Info","isPartOf":{"@id":"https:\/\/vosgesinfo.fr\/saintdieinfo\/#website"},"primaryImageOfPage":{"@id":"https:\/\/vosgesinfo.fr\/saintdieinfo\/2025\/04\/succes-eclatant-pour-la-premiere-journee-de-la-39e-bourse-dechange-a-vagney\/#primaryimage"},"image":{"@id":"https:\/\/vosgesinfo.fr\/saintdieinfo\/2025\/04\/succes-eclatant-pour-la-premiere-journee-de-la-39e-bourse-dechange-a-vagney\/#primaryimage"},"thumbnailUrl":"https:\/\/vosgesinfo.fr\/app\/uploads\/sites\/4\/2025\/04\/bourse-d-echange-vagney004-1.jpg","datePublished":"2025-04-19T14:41:58+00:00","dateModified":"2025-04-19T14:41:58+00:00","breadcrumb":{"@id":"https:\/\/vosgesinfo.fr\/saintdieinfo\/2025\/04\/succes-eclatant-pour-la-premiere-journee-de-la-39e-bourse-dechange-a-vagney\/#breadcrumb"},"inLanguage":"fr-FR","potentialAction":[{"@type":"ReadAction","target":["https:\/\/vosgesinfo.fr\/saintdieinfo\/2025\/04\/succes-eclatant-pour-la-premiere-journee-de-la-39e-bourse-dechange-a-vagney\/"]}]},{"@type":"ImageObject","inLanguage":"fr-FR","@id":"https:\/\/vosgesinfo.fr\/saintdieinfo\/2025\/04\/succes-eclatant-pour-la-premiere-journee-de-la-39e-bourse-dechange-a-vagney\/#primaryimage","url":"https:\/\/vosgesinfo.fr\/app\/uploads\/sites\/4\/2025\/04\/bourse-d-echange-vagney004-1.jpg","contentUrl":"https:\/\/vosgesinfo.fr\/app\/uploads\/sites\/4\/2025\/04\/bourse-d-echange-vagney004-1.jpg","width":1350,"height":1013},{"@type":"BreadcrumbList","@id":"https:\/\/vosgesinfo.fr\/saintdieinfo\/2025\/04\/succes-eclatant-pour-la-premiere-journee-de-la-39e-bourse-dechange-a-vagney\/#breadcrumb","itemListElement":[{"@type":"ListItem","position":1,"name":"Home","item":"https:\/\/vosgesinfo.fr\/saintdieinfo\/"},{"@type":"ListItem","position":2,"name":"Succ\u00e8s \u00e9clatant pour la premi\u00e8re journ\u00e9e de la 39e Bourse d\u2019\u00e9change \u00e0 Vagney"}]},{"@type":"WebSite","@id":"https:\/\/vosgesinfo.fr\/saintdieinfo\/#website","url":"https:\/\/vosgesinfo.fr\/saintdieinfo\/","name":"Saint Die Info","description":"Toute l&#039;actualit\u00e9 de Saint-Di\u00e9-Des-Vosges","publisher":{"@id":"https:\/\/vosgesinfo.fr\/saintdieinfo\/#organization"},"alternateName":"Toute l'actualit\u00e9 de Saint-Di\u00e9-Des-Vosges","potentialAction":[{"@type":"SearchAction","target":{"@type":"EntryPoint","urlTemplate":"https:\/\/vosgesinfo.fr\/saintdieinfo\/?s={search_term_string}"},"query-input":"required name=search_term_string"}],"inLanguage":"fr-FR"},{"@type":"Organization","@id":"https:\/\/vosgesinfo.fr\/saintdieinfo\/#organization","name":"Saint Die Info","url":"https:\/\/vosgesinfo.fr\/saintdieinfo\/","logo":{"@type":"ImageObject","inLanguage":"fr-FR","@id":"https:\/\/vosgesinfo.fr\/saintdieinfo\/#\/schema\/logo\/image\/","url":"https:\/\/vosgesinfo.fr\/app\/uploads\/sites\/4\/2024\/02\/logo-sdi.jpg","contentUrl":"https:\/\/vosgesinfo.fr\/app\/uploads\/sites\/4\/2024\/02\/logo-sdi.jpg","width":600,"height":600,"caption":"Saint Die Info"},"image":{"@id":"https:\/\/vosgesinfo.fr\/saintdieinfo\/#\/schema\/logo\/image\/"},"sameAs":["https:\/\/www.facebook.com\/Saintdieinfofr","https:\/\/x.com\/VosgesInfo88","https:\/\/www.youtube.com\/@vosgesinfo"]},{"@type":"Person","@id":"https:\/\/vosgesinfo.fr\/saintdieinfo\/#\/schema\/person\/4f38cd3068e342935b7304695c797d08","name":"C.M","image":{"@type":"ImageObject","inLanguage":"fr-FR","@id":"https:\/\/vosgesinfo.fr\/saintdieinfo\/#\/schema\/person\/image\/","url":"https:\/\/secure.gravatar.com\/avatar\/fe9daaef0164d920717484172682f3c5c9bcf7d42aa8c7048c76c34f0eb6c8da?s=96&d=mm&r=g","contentUrl":"https:\/\/secure.gravatar.com\/avatar\/fe9daaef0164d920717484172682f3c5c9bcf7d42aa8c7048c76c34f0eb6c8da?s=96&d=mm&r=g","caption":"C.M"},"url":"https:\/\/vosgesinfo.fr\/saintdieinfo\/author\/cm88200\/"}]}},"_links":{"self":[{"href":"https:\/\/vosgesinfo.fr\/saintdieinfo\/wp-json\/wp\/v2\/posts\/77051","targetHints":{"allow":["GET"]}}],"collection":[{"href":"https:\/\/vosgesinfo.fr\/saintdieinfo\/wp-json\/wp\/v2\/posts"}],"about":[{"href":"https:\/\/vosgesinfo.fr\/saintdieinfo\/wp-json\/wp\/v2\/types\/post"}],"author":[{"embeddable":true,"href":"https:\/\/vosgesinfo.fr\/saintdieinfo\/wp-json\/wp\/v2\/users\/418"}],"replies":[{"embeddable":true,"href":"https:\/\/vosgesinfo.fr\/saintdieinfo\/wp-json\/wp\/v2\/comments?post=77051"}],"version-history":[{"count":0,"href":"https:\/\/vosgesinfo.fr\/saintdieinfo\/wp-json\/wp\/v2\/posts\/77051\/revisions"}],"wp:featuredmedia":[{"embeddable":true,"href":"https:\/\/vosgesinfo.fr\/saintdieinfo\/wp-json\/wp\/v2\/media\/77052"}],"wp:attachment":[{"href":"https:\/\/vosgesinfo.fr\/saintdieinfo\/wp-json\/wp\/v2\/media?parent=77051"}],"wp:term":[{"taxonomy":"category","embeddable":true,"href":"https:\/\/vosgesinfo.fr\/saintdieinfo\/wp-json\/wp\/v2\/categories?post=77051"},{"taxonomy":"post_tag","embeddable":true,"href":"https:\/\/vosgesinfo.fr\/saintdieinfo\/wp-json\/wp\/v2\/tags?post=77051"}],"curies":[{"name":"wp","href":"https:\/\/api.w.org\/{rel}","templated":true}]}}