{"id":77055,"date":"2025-04-20T08:00:33","date_gmt":"2025-04-20T06:00:33","guid":{"rendered":"https:\/\/vosgesinfo.fr\/saintdieinfo\/?p=77055"},"modified":"2025-04-20T08:00:33","modified_gmt":"2025-04-20T06:00:33","slug":"les-grandes-gueules-a-lhonneur-pour-la-39e-bourse-dechange-de-vagney","status":"publish","type":"post","link":"https:\/\/vosgesinfo.fr\/saintdieinfo\/2025\/04\/les-grandes-gueules-a-lhonneur-pour-la-39e-bourse-dechange-de-vagney\/","title":{"rendered":"\u00ab\u00a0Les Grandes Gueules\u00a0\u00bb \u00e0 l&rsquo;honneur pour la 39e Bourse d\u2019\u00e9change de Vagney"},"content":{"rendered":"<p data-start=\"155\" data-end=\"392\"><a href=\"https:\/\/vosgesinfo.fr\/app\/uploads\/sites\/5\/2025\/04\/bourse-d-echange-vagney015-scaled.jpg\"><img decoding=\"async\" class=\"aligncenter size-full wp-image-80993\" src=\"https:\/\/vosgesinfo.fr\/app\/uploads\/sites\/5\/2025\/04\/bourse-d-echange-vagney015-scaled.jpg\" alt=\"\" width=\"2560\" height=\"1920\" \/><\/a><\/p>\n<p class=\"\" data-start=\"155\" data-end=\"392\"><strong>Cette 39\u1d49 \u00e9dition de la Bourse d\u2019\u00e9change de Vagney ne se contente pas de ravir les passionn\u00e9s d\u2019automobile : elle rend aussi un hommage vibrant au 60\u1d49 anniversaire du film culte <em data-start=\"335\" data-end=\"356\">Les Grandes Gueules<\/em>, tourn\u00e9 en partie dans la r\u00e9gion.<\/strong><\/p>\n<p class=\"\" data-start=\"394\" data-end=\"782\">Pour l\u2019occasion, un petit train sp\u00e9cialement affr\u00e9t\u00e9 a pris place sur le site de la manifestation. Gratuit, il propose des tours aux enfants comme aux adultes avec des \u00e2mes d\u2019enfants, dans une ambiance joyeuse et r\u00e9tro, fid\u00e8le \u00e0 l\u2019esprit du film. Ce clin d&rsquo;\u0153il symbolique \u00e0 l\u2019univers ferroviaire pr\u00e9sent dans <em data-start=\"715\" data-end=\"736\">Les Grandes Gueules<\/em> est l\u2019une des attractions phares du week-end.<\/p>\n<p class=\"\" data-start=\"784\" data-end=\"1024\">Autre temps fort : une exposition de maquettes consacr\u00e9e au film compl\u00e8te les animations autour de cette \u0153uvre embl\u00e9matique. On y d\u00e9couvre des reconstitutions minutieuses de sc\u00e8nes, de lieux et de v\u00e9hicules ayant marqu\u00e9 le long-m\u00e9trage.<\/p>\n<p class=\"\" data-start=\"1026\" data-end=\"1443\">Le public peut \u00e9galement rencontrer Jean-Pascal Voirin, r\u00e9alisateur originaire de G\u00e9rardmer et auteur du livre <em data-start=\"1149\" data-end=\"1181\">L\u2019Aventure des Grandes Gueules<\/em>. Pr\u00e9sent sur place, il \u00e9voque l\u2019histoire du tournage, ses anecdotes et les coulisses de cette \u0153uvre devenue mythique dans les Vosges. Il propose \u00e9galement \u00e0 la vente son ouvrage, v\u00e9ritable r\u00e9f\u00e9rence pour les cin\u00e9philes et les amoureux du patrimoine local.<\/p>\n<p class=\"\" data-start=\"1445\" data-end=\"1576\">Un bel hommage cin\u00e9matographique qui enrichit cette \u00e9dition de la Bourse d\u2019\u00e9change, m\u00ealant passion m\u00e9canique et m\u00e9moire collective.<\/p>\n<p><strong data-start=\"1753\" data-end=\"1774\">Infos pratiques :<\/strong><br data-start=\"1774\" data-end=\"1777\" \/>\u2013 Entr\u00e9e : <strong data-start=\"1788\" data-end=\"1795\">6 \u20ac<\/strong><br data-start=\"1824\" data-end=\"1827\" \/>\u2013 Demi-tarif : <strong data-start=\"1842\" data-end=\"1865\">dimanche apr\u00e8s-midi<\/strong><br data-start=\"1865\" data-end=\"1868\" \/>\u2013 Entr\u00e9e gratuite pour les conducteurs de v\u00e9hicules de collection<br data-start=\"1933\" data-end=\"1936\" \/>\u2013 <strong data-start=\"1938\" data-end=\"1964\">Restauration sur place<\/strong><\/p>\n\n\t\t<style type=\"text\/css\">\n\t\t\t#gallery-1 {\n\t\t\t\tmargin: auto;\n\t\t\t}\n\t\t\t#gallery-1 .gallery-item {\n\t\t\t\tfloat: left;\n\t\t\t\tmargin-top: 10px;\n\t\t\t\ttext-align: center;\n\t\t\t\twidth: 33%;\n\t\t\t}\n\t\t\t#gallery-1 img {\n\t\t\t\tborder: 2px solid #cfcfcf;\n\t\t\t}\n\t\t\t#gallery-1 .gallery-caption {\n\t\t\t\tmargin-left: 0;\n\t\t\t}\n\t\t\t\/* see gallery_shortcode() in wp-includes\/media.php *\/\n\t\t<\/style>\n\t\t<div id='gallery-1' class='gallery galleryid-77055 gallery-columns-3 gallery-size-thumbnail'><dl class='gallery-item'>\n\t\t\t<dt class='gallery-icon landscape'>\n\t\t\t\t<a href='https:\/\/vosgesinfo.fr\/app\/uploads\/sites\/4\/2025\/04\/bourse-d-echange-vagney-scaled-1.jpg'><img decoding=\"async\" width=\"150\" height=\"150\" src=\"https:\/\/vosgesinfo.fr\/app\/uploads\/sites\/4\/2025\/04\/bourse-d-echange-vagney-scaled-1-150x150.jpg\" class=\"attachment-thumbnail size-thumbnail\" alt=\"\" \/><\/a>\n\t\t\t<\/dt><\/dl><dl class='gallery-item'>\n\t\t\t<dt class='gallery-icon landscape'>\n\t\t\t\t<a href='https:\/\/vosgesinfo.fr\/app\/uploads\/sites\/4\/2025\/04\/bourse-d-echange-vagney002-1.jpg'><img decoding=\"async\" width=\"150\" height=\"150\" src=\"https:\/\/vosgesinfo.fr\/app\/uploads\/sites\/4\/2025\/04\/bourse-d-echange-vagney002-1-150x150.jpg\" class=\"attachment-thumbnail size-thumbnail\" alt=\"\" \/><\/a>\n\t\t\t<\/dt><\/dl>\n\t\t\t<br style='clear: both' \/>\n\t\t<\/div>\n\n","protected":false},"excerpt":{"rendered":"<p>Cette 39\u1d49 \u00e9dition de la Bourse d\u2019\u00e9change de Vagney ne se contente pas de ravir les passionn\u00e9s d\u2019automobile : elle [&hellip;]<\/p>\n","protected":false},"author":418,"featured_media":77056,"comment_status":"open","ping_status":"open","sticky":false,"template":"","format":"standard","meta":{"footnotes":""},"categories":[460,5392,5391,5389,20,4099,4100],"tags":[16821,14797],"class_list":["post-77055","post","type-post","status-publish","format-standard","has-post-thumbnail","hentry","category-a-la-une","category-epinal","category-gerardmer","category-la-plaine-des-vosges","category-loisirs","category-remiremont","category-saint-die","tag-bourse-dechange-vagney","tag-voitures"],"acf":[],"yoast_head":"<!-- This site is optimized with the Yoast SEO plugin v22.5 - https:\/\/yoast.com\/wordpress\/plugins\/seo\/ -->\n<title>&quot;Les Grandes Gueules&quot; \u00e0 l&#039;honneur pour la 39e Bourse d\u2019\u00e9change de Vagney - Saint Die Info<\/title>\n<meta name=\"robots\" content=\"index, follow, max-snippet:-1, max-image-preview:large, max-video-preview:-1\" \/>\n<link rel=\"canonical\" href=\"https:\/\/vosgesinfo.fr\/saintdieinfo\/2025\/04\/les-grandes-gueules-a-lhonneur-pour-la-39e-bourse-dechange-de-vagney\/\" \/>\n<meta name=\"twitter:card\" content=\"summary_large_image\" \/>\n<meta name=\"twitter:title\" content=\"&quot;Les Grandes Gueules&quot; \u00e0 l&#039;honneur pour la 39e Bourse d\u2019\u00e9change de Vagney - Saint Die Info\" \/>\n<meta name=\"twitter:description\" content=\"Cette 39\u1d49 \u00e9dition de la Bourse d\u2019\u00e9change de Vagney ne se contente pas de ravir les passionn\u00e9s d\u2019automobile : elle [&hellip;]\" \/>\n<meta name=\"twitter:image\" content=\"https:\/\/vosgesinfo.fr\/app\/uploads\/sites\/4\/2025\/04\/bourse-d-echange-vagney015-scaled-2.jpg\" \/>\n<meta name=\"twitter:creator\" content=\"@VosgesInfo88\" \/>\n<meta name=\"twitter:site\" content=\"@VosgesInfo88\" \/>\n<meta name=\"twitter:label1\" content=\"\u00c9crit par\" \/>\n\t<meta name=\"twitter:data1\" content=\"C.M\" \/>\n\t<meta name=\"twitter:label2\" content=\"Dur\u00e9e de lecture estim\u00e9e\" \/>\n\t<meta name=\"twitter:data2\" content=\"1 minute\" \/>\n<script type=\"application\/ld+json\" class=\"yoast-schema-graph\">{\"@context\":\"https:\/\/schema.org\",\"@graph\":[{\"@type\":\"Article\",\"@id\":\"https:\/\/vosgesinfo.fr\/saintdieinfo\/2025\/04\/les-grandes-gueules-a-lhonneur-pour-la-39e-bourse-dechange-de-vagney\/#article\",\"isPartOf\":{\"@id\":\"https:\/\/vosgesinfo.fr\/saintdieinfo\/2025\/04\/les-grandes-gueules-a-lhonneur-pour-la-39e-bourse-dechange-de-vagney\/\"},\"author\":{\"name\":\"C.M\",\"@id\":\"https:\/\/vosgesinfo.fr\/saintdieinfo\/#\/schema\/person\/4f38cd3068e342935b7304695c797d08\"},\"headline\":\"\u00ab\u00a0Les Grandes Gueules\u00a0\u00bb \u00e0 l&rsquo;honneur pour la 39e Bourse d\u2019\u00e9change de Vagney\",\"datePublished\":\"2025-04-20T06:00:33+00:00\",\"dateModified\":\"2025-04-20T06:00:33+00:00\",\"mainEntityOfPage\":{\"@id\":\"https:\/\/vosgesinfo.fr\/saintdieinfo\/2025\/04\/les-grandes-gueules-a-lhonneur-pour-la-39e-bourse-dechange-de-vagney\/\"},\"wordCount\":281,\"commentCount\":0,\"publisher\":{\"@id\":\"https:\/\/vosgesinfo.fr\/saintdieinfo\/#organization\"},\"image\":{\"@id\":\"https:\/\/vosgesinfo.fr\/saintdieinfo\/2025\/04\/les-grandes-gueules-a-lhonneur-pour-la-39e-bourse-dechange-de-vagney\/#primaryimage\"},\"thumbnailUrl\":\"https:\/\/vosgesinfo.fr\/app\/uploads\/sites\/4\/2025\/04\/bourse-d-echange-vagney015-scaled-2.jpg\",\"keywords\":[\"Bourse d'\u00e9change Vagney\",\"voitures\"],\"articleSection\":[\"A la Une\",\"Epinal\",\"Gerardmer\",\"La plaine des vosges\",\"Loisirs\",\"Remiremont\",\"Saint-di\u00e9\"],\"inLanguage\":\"fr-FR\",\"potentialAction\":[{\"@type\":\"CommentAction\",\"name\":\"Comment\",\"target\":[\"https:\/\/vosgesinfo.fr\/saintdieinfo\/2025\/04\/les-grandes-gueules-a-lhonneur-pour-la-39e-bourse-dechange-de-vagney\/#respond\"]}]},{\"@type\":\"WebPage\",\"@id\":\"https:\/\/vosgesinfo.fr\/saintdieinfo\/2025\/04\/les-grandes-gueules-a-lhonneur-pour-la-39e-bourse-dechange-de-vagney\/\",\"url\":\"https:\/\/vosgesinfo.fr\/saintdieinfo\/2025\/04\/les-grandes-gueules-a-lhonneur-pour-la-39e-bourse-dechange-de-vagney\/\",\"name\":\"\\\"Les Grandes Gueules\\\" \u00e0 l'honneur pour la 39e Bourse d\u2019\u00e9change de Vagney - Saint Die Info\",\"isPartOf\":{\"@id\":\"https:\/\/vosgesinfo.fr\/saintdieinfo\/#website\"},\"primaryImageOfPage\":{\"@id\":\"https:\/\/vosgesinfo.fr\/saintdieinfo\/2025\/04\/les-grandes-gueules-a-lhonneur-pour-la-39e-bourse-dechange-de-vagney\/#primaryimage\"},\"image\":{\"@id\":\"https:\/\/vosgesinfo.fr\/saintdieinfo\/2025\/04\/les-grandes-gueules-a-lhonneur-pour-la-39e-bourse-dechange-de-vagney\/#primaryimage\"},\"thumbnailUrl\":\"https:\/\/vosgesinfo.fr\/app\/uploads\/sites\/4\/2025\/04\/bourse-d-echange-vagney015-scaled-2.jpg\",\"datePublished\":\"2025-04-20T06:00:33+00:00\",\"dateModified\":\"2025-04-20T06:00:33+00:00\",\"breadcrumb\":{\"@id\":\"https:\/\/vosgesinfo.fr\/saintdieinfo\/2025\/04\/les-grandes-gueules-a-lhonneur-pour-la-39e-bourse-dechange-de-vagney\/#breadcrumb\"},\"inLanguage\":\"fr-FR\",\"potentialAction\":[{\"@type\":\"ReadAction\",\"target\":[\"https:\/\/vosgesinfo.fr\/saintdieinfo\/2025\/04\/les-grandes-gueules-a-lhonneur-pour-la-39e-bourse-dechange-de-vagney\/\"]}]},{\"@type\":\"ImageObject\",\"inLanguage\":\"fr-FR\",\"@id\":\"https:\/\/vosgesinfo.fr\/saintdieinfo\/2025\/04\/les-grandes-gueules-a-lhonneur-pour-la-39e-bourse-dechange-de-vagney\/#primaryimage\",\"url\":\"https:\/\/vosgesinfo.fr\/app\/uploads\/sites\/4\/2025\/04\/bourse-d-echange-vagney015-scaled-2.jpg\",\"contentUrl\":\"https:\/\/vosgesinfo.fr\/app\/uploads\/sites\/4\/2025\/04\/bourse-d-echange-vagney015-scaled-2.jpg\",\"width\":2560,\"height\":1920},{\"@type\":\"BreadcrumbList\",\"@id\":\"https:\/\/vosgesinfo.fr\/saintdieinfo\/2025\/04\/les-grandes-gueules-a-lhonneur-pour-la-39e-bourse-dechange-de-vagney\/#breadcrumb\",\"itemListElement\":[{\"@type\":\"ListItem\",\"position\":1,\"name\":\"Home\",\"item\":\"https:\/\/vosgesinfo.fr\/saintdieinfo\/\"},{\"@type\":\"ListItem\",\"position\":2,\"name\":\"\u00ab\u00a0Les Grandes Gueules\u00a0\u00bb \u00e0 l&rsquo;honneur pour la 39e Bourse d\u2019\u00e9change de Vagney\"}]},{\"@type\":\"WebSite\",\"@id\":\"https:\/\/vosgesinfo.fr\/saintdieinfo\/#website\",\"url\":\"https:\/\/vosgesinfo.fr\/saintdieinfo\/\",\"name\":\"Saint Die Info\",\"description\":\"Toute l&#039;actualit\u00e9 de Saint-Di\u00e9-Des-Vosges\",\"publisher\":{\"@id\":\"https:\/\/vosgesinfo.fr\/saintdieinfo\/#organization\"},\"alternateName\":\"Toute l'actualit\u00e9 de Saint-Di\u00e9-Des-Vosges\",\"potentialAction\":[{\"@type\":\"SearchAction\",\"target\":{\"@type\":\"EntryPoint\",\"urlTemplate\":\"https:\/\/vosgesinfo.fr\/saintdieinfo\/?s={search_term_string}\"},\"query-input\":\"required name=search_term_string\"}],\"inLanguage\":\"fr-FR\"},{\"@type\":\"Organization\",\"@id\":\"https:\/\/vosgesinfo.fr\/saintdieinfo\/#organization\",\"name\":\"Saint Die Info\",\"url\":\"https:\/\/vosgesinfo.fr\/saintdieinfo\/\",\"logo\":{\"@type\":\"ImageObject\",\"inLanguage\":\"fr-FR\",\"@id\":\"https:\/\/vosgesinfo.fr\/saintdieinfo\/#\/schema\/logo\/image\/\",\"url\":\"https:\/\/vosgesinfo.fr\/app\/uploads\/sites\/4\/2024\/02\/logo-sdi.jpg\",\"contentUrl\":\"https:\/\/vosgesinfo.fr\/app\/uploads\/sites\/4\/2024\/02\/logo-sdi.jpg\",\"width\":600,\"height\":600,\"caption\":\"Saint Die Info\"},\"image\":{\"@id\":\"https:\/\/vosgesinfo.fr\/saintdieinfo\/#\/schema\/logo\/image\/\"},\"sameAs\":[\"https:\/\/www.facebook.com\/Saintdieinfofr\",\"https:\/\/x.com\/VosgesInfo88\",\"https:\/\/www.youtube.com\/@vosgesinfo\"]},{\"@type\":\"Person\",\"@id\":\"https:\/\/vosgesinfo.fr\/saintdieinfo\/#\/schema\/person\/4f38cd3068e342935b7304695c797d08\",\"name\":\"C.M\",\"image\":{\"@type\":\"ImageObject\",\"inLanguage\":\"fr-FR\",\"@id\":\"https:\/\/vosgesinfo.fr\/saintdieinfo\/#\/schema\/person\/image\/\",\"url\":\"https:\/\/secure.gravatar.com\/avatar\/fe9daaef0164d920717484172682f3c5c9bcf7d42aa8c7048c76c34f0eb6c8da?s=96&d=mm&r=g\",\"contentUrl\":\"https:\/\/secure.gravatar.com\/avatar\/fe9daaef0164d920717484172682f3c5c9bcf7d42aa8c7048c76c34f0eb6c8da?s=96&d=mm&r=g\",\"caption\":\"C.M\"},\"url\":\"https:\/\/vosgesinfo.fr\/saintdieinfo\/author\/cm88200\/\"}]}<\/script>\n<!-- \/ Yoast SEO plugin. -->","yoast_head_json":{"title":"\"Les Grandes Gueules\" \u00e0 l'honneur pour la 39e Bourse d\u2019\u00e9change de Vagney - Saint Die Info","robots":{"index":"index","follow":"follow","max-snippet":"max-snippet:-1","max-image-preview":"max-image-preview:large","max-video-preview":"max-video-preview:-1"},"canonical":"https:\/\/vosgesinfo.fr\/saintdieinfo\/2025\/04\/les-grandes-gueules-a-lhonneur-pour-la-39e-bourse-dechange-de-vagney\/","twitter_card":"summary_large_image","twitter_title":"\"Les Grandes Gueules\" \u00e0 l'honneur pour la 39e Bourse d\u2019\u00e9change de Vagney - Saint Die Info","twitter_description":"Cette 39\u1d49 \u00e9dition de la Bourse d\u2019\u00e9change de Vagney ne se contente pas de ravir les passionn\u00e9s d\u2019automobile : elle [&hellip;]","twitter_image":"https:\/\/vosgesinfo.fr\/app\/uploads\/sites\/4\/2025\/04\/bourse-d-echange-vagney015-scaled-2.jpg","twitter_creator":"@VosgesInfo88","twitter_site":"@VosgesInfo88","twitter_misc":{"\u00c9crit par":"C.M","Dur\u00e9e de lecture estim\u00e9e":"1 minute"},"schema":{"@context":"https:\/\/schema.org","@graph":[{"@type":"Article","@id":"https:\/\/vosgesinfo.fr\/saintdieinfo\/2025\/04\/les-grandes-gueules-a-lhonneur-pour-la-39e-bourse-dechange-de-vagney\/#article","isPartOf":{"@id":"https:\/\/vosgesinfo.fr\/saintdieinfo\/2025\/04\/les-grandes-gueules-a-lhonneur-pour-la-39e-bourse-dechange-de-vagney\/"},"author":{"name":"C.M","@id":"https:\/\/vosgesinfo.fr\/saintdieinfo\/#\/schema\/person\/4f38cd3068e342935b7304695c797d08"},"headline":"\u00ab\u00a0Les Grandes Gueules\u00a0\u00bb \u00e0 l&rsquo;honneur pour la 39e Bourse d\u2019\u00e9change de Vagney","datePublished":"2025-04-20T06:00:33+00:00","dateModified":"2025-04-20T06:00:33+00:00","mainEntityOfPage":{"@id":"https:\/\/vosgesinfo.fr\/saintdieinfo\/2025\/04\/les-grandes-gueules-a-lhonneur-pour-la-39e-bourse-dechange-de-vagney\/"},"wordCount":281,"commentCount":0,"publisher":{"@id":"https:\/\/vosgesinfo.fr\/saintdieinfo\/#organization"},"image":{"@id":"https:\/\/vosgesinfo.fr\/saintdieinfo\/2025\/04\/les-grandes-gueules-a-lhonneur-pour-la-39e-bourse-dechange-de-vagney\/#primaryimage"},"thumbnailUrl":"https:\/\/vosgesinfo.fr\/app\/uploads\/sites\/4\/2025\/04\/bourse-d-echange-vagney015-scaled-2.jpg","keywords":["Bourse d'\u00e9change Vagney","voitures"],"articleSection":["A la Une","Epinal","Gerardmer","La plaine des vosges","Loisirs","Remiremont","Saint-di\u00e9"],"inLanguage":"fr-FR","potentialAction":[{"@type":"CommentAction","name":"Comment","target":["https:\/\/vosgesinfo.fr\/saintdieinfo\/2025\/04\/les-grandes-gueules-a-lhonneur-pour-la-39e-bourse-dechange-de-vagney\/#respond"]}]},{"@type":"WebPage","@id":"https:\/\/vosgesinfo.fr\/saintdieinfo\/2025\/04\/les-grandes-gueules-a-lhonneur-pour-la-39e-bourse-dechange-de-vagney\/","url":"https:\/\/vosgesinfo.fr\/saintdieinfo\/2025\/04\/les-grandes-gueules-a-lhonneur-pour-la-39e-bourse-dechange-de-vagney\/","name":"\"Les Grandes Gueules\" \u00e0 l'honneur pour la 39e Bourse d\u2019\u00e9change de Vagney - Saint Die Info","isPartOf":{"@id":"https:\/\/vosgesinfo.fr\/saintdieinfo\/#website"},"primaryImageOfPage":{"@id":"https:\/\/vosgesinfo.fr\/saintdieinfo\/2025\/04\/les-grandes-gueules-a-lhonneur-pour-la-39e-bourse-dechange-de-vagney\/#primaryimage"},"image":{"@id":"https:\/\/vosgesinfo.fr\/saintdieinfo\/2025\/04\/les-grandes-gueules-a-lhonneur-pour-la-39e-bourse-dechange-de-vagney\/#primaryimage"},"thumbnailUrl":"https:\/\/vosgesinfo.fr\/app\/uploads\/sites\/4\/2025\/04\/bourse-d-echange-vagney015-scaled-2.jpg","datePublished":"2025-04-20T06:00:33+00:00","dateModified":"2025-04-20T06:00:33+00:00","breadcrumb":{"@id":"https:\/\/vosgesinfo.fr\/saintdieinfo\/2025\/04\/les-grandes-gueules-a-lhonneur-pour-la-39e-bourse-dechange-de-vagney\/#breadcrumb"},"inLanguage":"fr-FR","potentialAction":[{"@type":"ReadAction","target":["https:\/\/vosgesinfo.fr\/saintdieinfo\/2025\/04\/les-grandes-gueules-a-lhonneur-pour-la-39e-bourse-dechange-de-vagney\/"]}]},{"@type":"ImageObject","inLanguage":"fr-FR","@id":"https:\/\/vosgesinfo.fr\/saintdieinfo\/2025\/04\/les-grandes-gueules-a-lhonneur-pour-la-39e-bourse-dechange-de-vagney\/#primaryimage","url":"https:\/\/vosgesinfo.fr\/app\/uploads\/sites\/4\/2025\/04\/bourse-d-echange-vagney015-scaled-2.jpg","contentUrl":"https:\/\/vosgesinfo.fr\/app\/uploads\/sites\/4\/2025\/04\/bourse-d-echange-vagney015-scaled-2.jpg","width":2560,"height":1920},{"@type":"BreadcrumbList","@id":"https:\/\/vosgesinfo.fr\/saintdieinfo\/2025\/04\/les-grandes-gueules-a-lhonneur-pour-la-39e-bourse-dechange-de-vagney\/#breadcrumb","itemListElement":[{"@type":"ListItem","position":1,"name":"Home","item":"https:\/\/vosgesinfo.fr\/saintdieinfo\/"},{"@type":"ListItem","position":2,"name":"\u00ab\u00a0Les Grandes Gueules\u00a0\u00bb \u00e0 l&rsquo;honneur pour la 39e Bourse d\u2019\u00e9change de Vagney"}]},{"@type":"WebSite","@id":"https:\/\/vosgesinfo.fr\/saintdieinfo\/#website","url":"https:\/\/vosgesinfo.fr\/saintdieinfo\/","name":"Saint Die Info","description":"Toute l&#039;actualit\u00e9 de Saint-Di\u00e9-Des-Vosges","publisher":{"@id":"https:\/\/vosgesinfo.fr\/saintdieinfo\/#organization"},"alternateName":"Toute l'actualit\u00e9 de Saint-Di\u00e9-Des-Vosges","potentialAction":[{"@type":"SearchAction","target":{"@type":"EntryPoint","urlTemplate":"https:\/\/vosgesinfo.fr\/saintdieinfo\/?s={search_term_string}"},"query-input":"required name=search_term_string"}],"inLanguage":"fr-FR"},{"@type":"Organization","@id":"https:\/\/vosgesinfo.fr\/saintdieinfo\/#organization","name":"Saint Die Info","url":"https:\/\/vosgesinfo.fr\/saintdieinfo\/","logo":{"@type":"ImageObject","inLanguage":"fr-FR","@id":"https:\/\/vosgesinfo.fr\/saintdieinfo\/#\/schema\/logo\/image\/","url":"https:\/\/vosgesinfo.fr\/app\/uploads\/sites\/4\/2024\/02\/logo-sdi.jpg","contentUrl":"https:\/\/vosgesinfo.fr\/app\/uploads\/sites\/4\/2024\/02\/logo-sdi.jpg","width":600,"height":600,"caption":"Saint Die Info"},"image":{"@id":"https:\/\/vosgesinfo.fr\/saintdieinfo\/#\/schema\/logo\/image\/"},"sameAs":["https:\/\/www.facebook.com\/Saintdieinfofr","https:\/\/x.com\/VosgesInfo88","https:\/\/www.youtube.com\/@vosgesinfo"]},{"@type":"Person","@id":"https:\/\/vosgesinfo.fr\/saintdieinfo\/#\/schema\/person\/4f38cd3068e342935b7304695c797d08","name":"C.M","image":{"@type":"ImageObject","inLanguage":"fr-FR","@id":"https:\/\/vosgesinfo.fr\/saintdieinfo\/#\/schema\/person\/image\/","url":"https:\/\/secure.gravatar.com\/avatar\/fe9daaef0164d920717484172682f3c5c9bcf7d42aa8c7048c76c34f0eb6c8da?s=96&d=mm&r=g","contentUrl":"https:\/\/secure.gravatar.com\/avatar\/fe9daaef0164d920717484172682f3c5c9bcf7d42aa8c7048c76c34f0eb6c8da?s=96&d=mm&r=g","caption":"C.M"},"url":"https:\/\/vosgesinfo.fr\/saintdieinfo\/author\/cm88200\/"}]}},"_links":{"self":[{"href":"https:\/\/vosgesinfo.fr\/saintdieinfo\/wp-json\/wp\/v2\/posts\/77055","targetHints":{"allow":["GET"]}}],"collection":[{"href":"https:\/\/vosgesinfo.fr\/saintdieinfo\/wp-json\/wp\/v2\/posts"}],"about":[{"href":"https:\/\/vosgesinfo.fr\/saintdieinfo\/wp-json\/wp\/v2\/types\/post"}],"author":[{"embeddable":true,"href":"https:\/\/vosgesinfo.fr\/saintdieinfo\/wp-json\/wp\/v2\/users\/418"}],"replies":[{"embeddable":true,"href":"https:\/\/vosgesinfo.fr\/saintdieinfo\/wp-json\/wp\/v2\/comments?post=77055"}],"version-history":[{"count":0,"href":"https:\/\/vosgesinfo.fr\/saintdieinfo\/wp-json\/wp\/v2\/posts\/77055\/revisions"}],"wp:featuredmedia":[{"embeddable":true,"href":"https:\/\/vosgesinfo.fr\/saintdieinfo\/wp-json\/wp\/v2\/media\/77056"}],"wp:attachment":[{"href":"https:\/\/vosgesinfo.fr\/saintdieinfo\/wp-json\/wp\/v2\/media?parent=77055"}],"wp:term":[{"taxonomy":"category","embeddable":true,"href":"https:\/\/vosgesinfo.fr\/saintdieinfo\/wp-json\/wp\/v2\/categories?post=77055"},{"taxonomy":"post_tag","embeddable":true,"href":"https:\/\/vosgesinfo.fr\/saintdieinfo\/wp-json\/wp\/v2\/tags?post=77055"}],"curies":[{"name":"wp","href":"https:\/\/api.w.org\/{rel}","templated":true}]}}