{"id":77158,"date":"2025-04-23T09:55:56","date_gmt":"2025-04-23T07:55:56","guid":{"rendered":"https:\/\/vosgesinfo.fr\/saintdieinfo\/?p=77158"},"modified":"2025-04-23T09:41:55","modified_gmt":"2025-04-23T07:41:55","slug":"sainte-marguerite-vide-greniers-de-lamicale-des-ecoles","status":"publish","type":"post","link":"https:\/\/vosgesinfo.fr\/saintdieinfo\/2025\/04\/sainte-marguerite-vide-greniers-de-lamicale-des-ecoles\/","title":{"rendered":"Sainte-Marguerite \u2013 Vide-greniers de l&rsquo;Amicale des Ecoles"},"content":{"rendered":"<h2>Le traditionnel <strong>vide-greniers de l&rsquo;Amicale des \u00c9coles de Sainte-Marguerite<\/strong> se tiendra ce <strong>dimanche 27 avril<\/strong>, de <strong>7h \u00e0 18h<\/strong>, dans la <strong>cour de l\u2019\u00e9cole du centre<\/strong>.<\/h2>\n<p><!--more--><\/p>\n<p>L&#8217;emplacement est propos\u00e9 \u00e0 <strong>3\u202f\u20ac le m\u00e8tre<\/strong>, sachant qu\u2019<strong>un v\u00e9hicule est autoris\u00e9 seulement si un emplacement de 4 m\u00e8tres minimum est r\u00e9serv\u00e9<\/strong>. <strong>Renseignements compl\u00e9mentaires<\/strong> et <strong>r\u00e9servations<\/strong> aupr\u00e8s de <strong>C\u00e9dric Drapp<\/strong>, par t\u00e9l\u00e9phone au <strong>06-11-79-26-28<\/strong>.<\/p>\n<p>Outre les <strong>exposants<\/strong>, de <strong>nombreuses animations pour petits et grands<\/strong> seront propos\u00e9es sur place. Les visiteurs pourront notamment profiter d\u2019une <strong>buvette d\u00e8s le matin<\/strong>, avec croissants, p\u00e2t\u00e9s lorrains, caf\u00e9 et chocolat chaud. La nouveaut\u00e9 cette ann\u00e9e \u00e9tant le <strong>camion \u00e0 burger<\/strong>, qui sera pr\u00e9sent pour le d\u00e9jeuner du midi. Les enfants ne seront pas en reste, avec <strong>cr\u00eapes<\/strong>, <strong>friandises<\/strong> et de nombreux <strong>jouets \u00e0 chiner<\/strong>. Cerise sur le g\u00e2teau : <strong>le soleil devrait lui aussi \u00eatre de la partie<\/strong>.<\/p>\n<p><a href=\"https:\/\/vosgesinfo.fr\/app\/uploads\/sites\/4\/2025\/04\/sainte-marguerite-vide-greniers-ecole-du-centre.jpg\"><img decoding=\"async\" class=\"alignnone size-large wp-image-77156\" src=\"https:\/\/vosgesinfo.fr\/app\/uploads\/sites\/4\/2025\/04\/sainte-marguerite-vide-greniers-ecole-du-centre-723x1024.jpg\" alt=\"\" width=\"723\" height=\"1024\" srcset=\"https:\/\/vosgesinfo.fr\/app\/uploads\/sites\/4\/2025\/04\/sainte-marguerite-vide-greniers-ecole-du-centre-723x1024.jpg 723w, https:\/\/vosgesinfo.fr\/app\/uploads\/sites\/4\/2025\/04\/sainte-marguerite-vide-greniers-ecole-du-centre-212x300.jpg 212w, https:\/\/vosgesinfo.fr\/app\/uploads\/sites\/4\/2025\/04\/sainte-marguerite-vide-greniers-ecole-du-centre-768x1088.jpg 768w, https:\/\/vosgesinfo.fr\/app\/uploads\/sites\/4\/2025\/04\/sainte-marguerite-vide-greniers-ecole-du-centre.jpg 1076w\" sizes=\"(max-width: 723px) 100vw, 723px\" \/><\/a><\/p>\n","protected":false},"excerpt":{"rendered":"<p>Le traditionnel vide-greniers de l&rsquo;Amicale des \u00c9coles de Sainte-Marguerite se tiendra ce dimanche 27 avril, de 7h \u00e0 18h, dans [&hellip;]<\/p>\n","protected":false},"author":46,"featured_media":77156,"comment_status":"open","ping_status":"open","sticky":false,"template":"","format":"standard","meta":{"footnotes":""},"categories":[3900,3903,20],"tags":[5134,10829,3092,1372,16974],"class_list":["post-77158","post","type-post","status-publish","format-standard","has-post-thumbnail","hentry","category-breves","category-deodatie","category-loisirs","tag-amicale-des-ecoles-de-sainte-marguerite","tag-ecole-du-centre-de-sainte-marguerite","tag-sainte-marguerite","tag-vide-greniers","tag-vide-greniers-de-lamicale-des-ecoles-de-sainte-marguerite"],"acf":[],"yoast_head":"<!-- This site is optimized with the Yoast SEO plugin v22.5 - https:\/\/yoast.com\/wordpress\/plugins\/seo\/ -->\n<title>Sainte-Marguerite \u2013 Vide-greniers de l&#039;Amicale des Ecoles - Saint Die Info<\/title>\n<meta name=\"robots\" content=\"index, follow, max-snippet:-1, max-image-preview:large, max-video-preview:-1\" \/>\n<link rel=\"canonical\" href=\"https:\/\/vosgesinfo.fr\/saintdieinfo\/2025\/04\/sainte-marguerite-vide-greniers-de-lamicale-des-ecoles\/\" \/>\n<meta name=\"twitter:card\" content=\"summary_large_image\" \/>\n<meta name=\"twitter:title\" content=\"Sainte-Marguerite \u2013 Vide-greniers de l&#039;Amicale des Ecoles - Saint Die Info\" \/>\n<meta name=\"twitter:description\" content=\"Le traditionnel vide-greniers de l&rsquo;Amicale des \u00c9coles de Sainte-Marguerite se tiendra ce dimanche 27 avril, de 7h \u00e0 18h, dans [&hellip;]\" \/>\n<meta name=\"twitter:image\" content=\"https:\/\/vosgesinfo.fr\/app\/uploads\/sites\/4\/2025\/04\/sainte-marguerite-vide-greniers-ecole-du-centre.jpg\" \/>\n<meta name=\"twitter:creator\" content=\"@VosgesInfo88\" \/>\n<meta name=\"twitter:site\" content=\"@VosgesInfo88\" \/>\n<meta name=\"twitter:label1\" content=\"\u00c9crit par\" \/>\n\t<meta name=\"twitter:data1\" content=\"J.J.\" \/>\n\t<meta name=\"twitter:label2\" content=\"Dur\u00e9e de lecture estim\u00e9e\" \/>\n\t<meta name=\"twitter:data2\" content=\"1 minute\" \/>\n<script type=\"application\/ld+json\" class=\"yoast-schema-graph\">{\"@context\":\"https:\/\/schema.org\",\"@graph\":[{\"@type\":\"Article\",\"@id\":\"https:\/\/vosgesinfo.fr\/saintdieinfo\/2025\/04\/sainte-marguerite-vide-greniers-de-lamicale-des-ecoles\/#article\",\"isPartOf\":{\"@id\":\"https:\/\/vosgesinfo.fr\/saintdieinfo\/2025\/04\/sainte-marguerite-vide-greniers-de-lamicale-des-ecoles\/\"},\"author\":{\"name\":\"J.J.\",\"@id\":\"https:\/\/vosgesinfo.fr\/saintdieinfo\/#\/schema\/person\/fa73e9f726d67bb88f46d5b7943cb572\"},\"headline\":\"Sainte-Marguerite \u2013 Vide-greniers de l&rsquo;Amicale des Ecoles\",\"datePublished\":\"2025-04-23T07:55:56+00:00\",\"dateModified\":\"2025-04-23T07:41:55+00:00\",\"mainEntityOfPage\":{\"@id\":\"https:\/\/vosgesinfo.fr\/saintdieinfo\/2025\/04\/sainte-marguerite-vide-greniers-de-lamicale-des-ecoles\/\"},\"wordCount\":165,\"commentCount\":0,\"publisher\":{\"@id\":\"https:\/\/vosgesinfo.fr\/saintdieinfo\/#organization\"},\"image\":{\"@id\":\"https:\/\/vosgesinfo.fr\/saintdieinfo\/2025\/04\/sainte-marguerite-vide-greniers-de-lamicale-des-ecoles\/#primaryimage\"},\"thumbnailUrl\":\"https:\/\/vosgesinfo.fr\/app\/uploads\/sites\/4\/2025\/04\/sainte-marguerite-vide-greniers-ecole-du-centre.jpg\",\"keywords\":[\"Amicale des \u00e9coles de Sainte-Marguerite\",\"Ecole du centre de Sainte-Marguerite\",\"Sainte-Marguerite\",\"vide-greniers\",\"Vide-greniers de l'Amicale des Ecoles de Sainte-Marguerite\"],\"articleSection\":[\"Br\u00e8ves\",\"D\u00e9odatie\",\"Loisirs\"],\"inLanguage\":\"fr-FR\",\"potentialAction\":[{\"@type\":\"CommentAction\",\"name\":\"Comment\",\"target\":[\"https:\/\/vosgesinfo.fr\/saintdieinfo\/2025\/04\/sainte-marguerite-vide-greniers-de-lamicale-des-ecoles\/#respond\"]}]},{\"@type\":\"WebPage\",\"@id\":\"https:\/\/vosgesinfo.fr\/saintdieinfo\/2025\/04\/sainte-marguerite-vide-greniers-de-lamicale-des-ecoles\/\",\"url\":\"https:\/\/vosgesinfo.fr\/saintdieinfo\/2025\/04\/sainte-marguerite-vide-greniers-de-lamicale-des-ecoles\/\",\"name\":\"Sainte-Marguerite \u2013 Vide-greniers de l'Amicale des Ecoles - Saint Die Info\",\"isPartOf\":{\"@id\":\"https:\/\/vosgesinfo.fr\/saintdieinfo\/#website\"},\"primaryImageOfPage\":{\"@id\":\"https:\/\/vosgesinfo.fr\/saintdieinfo\/2025\/04\/sainte-marguerite-vide-greniers-de-lamicale-des-ecoles\/#primaryimage\"},\"image\":{\"@id\":\"https:\/\/vosgesinfo.fr\/saintdieinfo\/2025\/04\/sainte-marguerite-vide-greniers-de-lamicale-des-ecoles\/#primaryimage\"},\"thumbnailUrl\":\"https:\/\/vosgesinfo.fr\/app\/uploads\/sites\/4\/2025\/04\/sainte-marguerite-vide-greniers-ecole-du-centre.jpg\",\"datePublished\":\"2025-04-23T07:55:56+00:00\",\"dateModified\":\"2025-04-23T07:41:55+00:00\",\"breadcrumb\":{\"@id\":\"https:\/\/vosgesinfo.fr\/saintdieinfo\/2025\/04\/sainte-marguerite-vide-greniers-de-lamicale-des-ecoles\/#breadcrumb\"},\"inLanguage\":\"fr-FR\",\"potentialAction\":[{\"@type\":\"ReadAction\",\"target\":[\"https:\/\/vosgesinfo.fr\/saintdieinfo\/2025\/04\/sainte-marguerite-vide-greniers-de-lamicale-des-ecoles\/\"]}]},{\"@type\":\"ImageObject\",\"inLanguage\":\"fr-FR\",\"@id\":\"https:\/\/vosgesinfo.fr\/saintdieinfo\/2025\/04\/sainte-marguerite-vide-greniers-de-lamicale-des-ecoles\/#primaryimage\",\"url\":\"https:\/\/vosgesinfo.fr\/app\/uploads\/sites\/4\/2025\/04\/sainte-marguerite-vide-greniers-ecole-du-centre.jpg\",\"contentUrl\":\"https:\/\/vosgesinfo.fr\/app\/uploads\/sites\/4\/2025\/04\/sainte-marguerite-vide-greniers-ecole-du-centre.jpg\",\"width\":1076,\"height\":1525},{\"@type\":\"BreadcrumbList\",\"@id\":\"https:\/\/vosgesinfo.fr\/saintdieinfo\/2025\/04\/sainte-marguerite-vide-greniers-de-lamicale-des-ecoles\/#breadcrumb\",\"itemListElement\":[{\"@type\":\"ListItem\",\"position\":1,\"name\":\"Home\",\"item\":\"https:\/\/vosgesinfo.fr\/saintdieinfo\/\"},{\"@type\":\"ListItem\",\"position\":2,\"name\":\"Sainte-Marguerite \u2013 Vide-greniers de l&rsquo;Amicale des Ecoles\"}]},{\"@type\":\"WebSite\",\"@id\":\"https:\/\/vosgesinfo.fr\/saintdieinfo\/#website\",\"url\":\"https:\/\/vosgesinfo.fr\/saintdieinfo\/\",\"name\":\"Saint Die Info\",\"description\":\"Toute l&#039;actualit\u00e9 de Saint-Di\u00e9-Des-Vosges\",\"publisher\":{\"@id\":\"https:\/\/vosgesinfo.fr\/saintdieinfo\/#organization\"},\"alternateName\":\"Toute l'actualit\u00e9 de Saint-Di\u00e9-Des-Vosges\",\"potentialAction\":[{\"@type\":\"SearchAction\",\"target\":{\"@type\":\"EntryPoint\",\"urlTemplate\":\"https:\/\/vosgesinfo.fr\/saintdieinfo\/?s={search_term_string}\"},\"query-input\":\"required name=search_term_string\"}],\"inLanguage\":\"fr-FR\"},{\"@type\":\"Organization\",\"@id\":\"https:\/\/vosgesinfo.fr\/saintdieinfo\/#organization\",\"name\":\"Saint Die Info\",\"url\":\"https:\/\/vosgesinfo.fr\/saintdieinfo\/\",\"logo\":{\"@type\":\"ImageObject\",\"inLanguage\":\"fr-FR\",\"@id\":\"https:\/\/vosgesinfo.fr\/saintdieinfo\/#\/schema\/logo\/image\/\",\"url\":\"https:\/\/vosgesinfo.fr\/app\/uploads\/sites\/4\/2024\/02\/logo-sdi.jpg\",\"contentUrl\":\"https:\/\/vosgesinfo.fr\/app\/uploads\/sites\/4\/2024\/02\/logo-sdi.jpg\",\"width\":600,\"height\":600,\"caption\":\"Saint Die Info\"},\"image\":{\"@id\":\"https:\/\/vosgesinfo.fr\/saintdieinfo\/#\/schema\/logo\/image\/\"},\"sameAs\":[\"https:\/\/www.facebook.com\/Saintdieinfofr\",\"https:\/\/x.com\/VosgesInfo88\",\"https:\/\/www.youtube.com\/@vosgesinfo\"]},{\"@type\":\"Person\",\"@id\":\"https:\/\/vosgesinfo.fr\/saintdieinfo\/#\/schema\/person\/fa73e9f726d67bb88f46d5b7943cb572\",\"name\":\"J.J.\",\"image\":{\"@type\":\"ImageObject\",\"inLanguage\":\"fr-FR\",\"@id\":\"https:\/\/vosgesinfo.fr\/saintdieinfo\/#\/schema\/person\/image\/\",\"url\":\"https:\/\/secure.gravatar.com\/avatar\/219e749e47ffbcca018a360ae4add7d4cdf1cdaaf8bc7676b27efade3fe65615?s=96&d=mm&r=g\",\"contentUrl\":\"https:\/\/secure.gravatar.com\/avatar\/219e749e47ffbcca018a360ae4add7d4cdf1cdaaf8bc7676b27efade3fe65615?s=96&d=mm&r=g\",\"caption\":\"J.J.\"},\"url\":\"https:\/\/vosgesinfo.fr\/saintdieinfo\/author\/j-j\/\"}]}<\/script>\n<!-- \/ Yoast SEO plugin. -->","yoast_head_json":{"title":"Sainte-Marguerite \u2013 Vide-greniers de l'Amicale des Ecoles - Saint Die Info","robots":{"index":"index","follow":"follow","max-snippet":"max-snippet:-1","max-image-preview":"max-image-preview:large","max-video-preview":"max-video-preview:-1"},"canonical":"https:\/\/vosgesinfo.fr\/saintdieinfo\/2025\/04\/sainte-marguerite-vide-greniers-de-lamicale-des-ecoles\/","twitter_card":"summary_large_image","twitter_title":"Sainte-Marguerite \u2013 Vide-greniers de l'Amicale des Ecoles - Saint Die Info","twitter_description":"Le traditionnel vide-greniers de l&rsquo;Amicale des \u00c9coles de Sainte-Marguerite se tiendra ce dimanche 27 avril, de 7h \u00e0 18h, dans [&hellip;]","twitter_image":"https:\/\/vosgesinfo.fr\/app\/uploads\/sites\/4\/2025\/04\/sainte-marguerite-vide-greniers-ecole-du-centre.jpg","twitter_creator":"@VosgesInfo88","twitter_site":"@VosgesInfo88","twitter_misc":{"\u00c9crit par":"J.J.","Dur\u00e9e de lecture estim\u00e9e":"1 minute"},"schema":{"@context":"https:\/\/schema.org","@graph":[{"@type":"Article","@id":"https:\/\/vosgesinfo.fr\/saintdieinfo\/2025\/04\/sainte-marguerite-vide-greniers-de-lamicale-des-ecoles\/#article","isPartOf":{"@id":"https:\/\/vosgesinfo.fr\/saintdieinfo\/2025\/04\/sainte-marguerite-vide-greniers-de-lamicale-des-ecoles\/"},"author":{"name":"J.J.","@id":"https:\/\/vosgesinfo.fr\/saintdieinfo\/#\/schema\/person\/fa73e9f726d67bb88f46d5b7943cb572"},"headline":"Sainte-Marguerite \u2013 Vide-greniers de l&rsquo;Amicale des Ecoles","datePublished":"2025-04-23T07:55:56+00:00","dateModified":"2025-04-23T07:41:55+00:00","mainEntityOfPage":{"@id":"https:\/\/vosgesinfo.fr\/saintdieinfo\/2025\/04\/sainte-marguerite-vide-greniers-de-lamicale-des-ecoles\/"},"wordCount":165,"commentCount":0,"publisher":{"@id":"https:\/\/vosgesinfo.fr\/saintdieinfo\/#organization"},"image":{"@id":"https:\/\/vosgesinfo.fr\/saintdieinfo\/2025\/04\/sainte-marguerite-vide-greniers-de-lamicale-des-ecoles\/#primaryimage"},"thumbnailUrl":"https:\/\/vosgesinfo.fr\/app\/uploads\/sites\/4\/2025\/04\/sainte-marguerite-vide-greniers-ecole-du-centre.jpg","keywords":["Amicale des \u00e9coles de Sainte-Marguerite","Ecole du centre de Sainte-Marguerite","Sainte-Marguerite","vide-greniers","Vide-greniers de l'Amicale des Ecoles de Sainte-Marguerite"],"articleSection":["Br\u00e8ves","D\u00e9odatie","Loisirs"],"inLanguage":"fr-FR","potentialAction":[{"@type":"CommentAction","name":"Comment","target":["https:\/\/vosgesinfo.fr\/saintdieinfo\/2025\/04\/sainte-marguerite-vide-greniers-de-lamicale-des-ecoles\/#respond"]}]},{"@type":"WebPage","@id":"https:\/\/vosgesinfo.fr\/saintdieinfo\/2025\/04\/sainte-marguerite-vide-greniers-de-lamicale-des-ecoles\/","url":"https:\/\/vosgesinfo.fr\/saintdieinfo\/2025\/04\/sainte-marguerite-vide-greniers-de-lamicale-des-ecoles\/","name":"Sainte-Marguerite \u2013 Vide-greniers de l'Amicale des Ecoles - Saint Die Info","isPartOf":{"@id":"https:\/\/vosgesinfo.fr\/saintdieinfo\/#website"},"primaryImageOfPage":{"@id":"https:\/\/vosgesinfo.fr\/saintdieinfo\/2025\/04\/sainte-marguerite-vide-greniers-de-lamicale-des-ecoles\/#primaryimage"},"image":{"@id":"https:\/\/vosgesinfo.fr\/saintdieinfo\/2025\/04\/sainte-marguerite-vide-greniers-de-lamicale-des-ecoles\/#primaryimage"},"thumbnailUrl":"https:\/\/vosgesinfo.fr\/app\/uploads\/sites\/4\/2025\/04\/sainte-marguerite-vide-greniers-ecole-du-centre.jpg","datePublished":"2025-04-23T07:55:56+00:00","dateModified":"2025-04-23T07:41:55+00:00","breadcrumb":{"@id":"https:\/\/vosgesinfo.fr\/saintdieinfo\/2025\/04\/sainte-marguerite-vide-greniers-de-lamicale-des-ecoles\/#breadcrumb"},"inLanguage":"fr-FR","potentialAction":[{"@type":"ReadAction","target":["https:\/\/vosgesinfo.fr\/saintdieinfo\/2025\/04\/sainte-marguerite-vide-greniers-de-lamicale-des-ecoles\/"]}]},{"@type":"ImageObject","inLanguage":"fr-FR","@id":"https:\/\/vosgesinfo.fr\/saintdieinfo\/2025\/04\/sainte-marguerite-vide-greniers-de-lamicale-des-ecoles\/#primaryimage","url":"https:\/\/vosgesinfo.fr\/app\/uploads\/sites\/4\/2025\/04\/sainte-marguerite-vide-greniers-ecole-du-centre.jpg","contentUrl":"https:\/\/vosgesinfo.fr\/app\/uploads\/sites\/4\/2025\/04\/sainte-marguerite-vide-greniers-ecole-du-centre.jpg","width":1076,"height":1525},{"@type":"BreadcrumbList","@id":"https:\/\/vosgesinfo.fr\/saintdieinfo\/2025\/04\/sainte-marguerite-vide-greniers-de-lamicale-des-ecoles\/#breadcrumb","itemListElement":[{"@type":"ListItem","position":1,"name":"Home","item":"https:\/\/vosgesinfo.fr\/saintdieinfo\/"},{"@type":"ListItem","position":2,"name":"Sainte-Marguerite \u2013 Vide-greniers de l&rsquo;Amicale des Ecoles"}]},{"@type":"WebSite","@id":"https:\/\/vosgesinfo.fr\/saintdieinfo\/#website","url":"https:\/\/vosgesinfo.fr\/saintdieinfo\/","name":"Saint Die Info","description":"Toute l&#039;actualit\u00e9 de Saint-Di\u00e9-Des-Vosges","publisher":{"@id":"https:\/\/vosgesinfo.fr\/saintdieinfo\/#organization"},"alternateName":"Toute l'actualit\u00e9 de Saint-Di\u00e9-Des-Vosges","potentialAction":[{"@type":"SearchAction","target":{"@type":"EntryPoint","urlTemplate":"https:\/\/vosgesinfo.fr\/saintdieinfo\/?s={search_term_string}"},"query-input":"required name=search_term_string"}],"inLanguage":"fr-FR"},{"@type":"Organization","@id":"https:\/\/vosgesinfo.fr\/saintdieinfo\/#organization","name":"Saint Die Info","url":"https:\/\/vosgesinfo.fr\/saintdieinfo\/","logo":{"@type":"ImageObject","inLanguage":"fr-FR","@id":"https:\/\/vosgesinfo.fr\/saintdieinfo\/#\/schema\/logo\/image\/","url":"https:\/\/vosgesinfo.fr\/app\/uploads\/sites\/4\/2024\/02\/logo-sdi.jpg","contentUrl":"https:\/\/vosgesinfo.fr\/app\/uploads\/sites\/4\/2024\/02\/logo-sdi.jpg","width":600,"height":600,"caption":"Saint Die Info"},"image":{"@id":"https:\/\/vosgesinfo.fr\/saintdieinfo\/#\/schema\/logo\/image\/"},"sameAs":["https:\/\/www.facebook.com\/Saintdieinfofr","https:\/\/x.com\/VosgesInfo88","https:\/\/www.youtube.com\/@vosgesinfo"]},{"@type":"Person","@id":"https:\/\/vosgesinfo.fr\/saintdieinfo\/#\/schema\/person\/fa73e9f726d67bb88f46d5b7943cb572","name":"J.J.","image":{"@type":"ImageObject","inLanguage":"fr-FR","@id":"https:\/\/vosgesinfo.fr\/saintdieinfo\/#\/schema\/person\/image\/","url":"https:\/\/secure.gravatar.com\/avatar\/219e749e47ffbcca018a360ae4add7d4cdf1cdaaf8bc7676b27efade3fe65615?s=96&d=mm&r=g","contentUrl":"https:\/\/secure.gravatar.com\/avatar\/219e749e47ffbcca018a360ae4add7d4cdf1cdaaf8bc7676b27efade3fe65615?s=96&d=mm&r=g","caption":"J.J."},"url":"https:\/\/vosgesinfo.fr\/saintdieinfo\/author\/j-j\/"}]}},"_links":{"self":[{"href":"https:\/\/vosgesinfo.fr\/saintdieinfo\/wp-json\/wp\/v2\/posts\/77158","targetHints":{"allow":["GET"]}}],"collection":[{"href":"https:\/\/vosgesinfo.fr\/saintdieinfo\/wp-json\/wp\/v2\/posts"}],"about":[{"href":"https:\/\/vosgesinfo.fr\/saintdieinfo\/wp-json\/wp\/v2\/types\/post"}],"author":[{"embeddable":true,"href":"https:\/\/vosgesinfo.fr\/saintdieinfo\/wp-json\/wp\/v2\/users\/46"}],"replies":[{"embeddable":true,"href":"https:\/\/vosgesinfo.fr\/saintdieinfo\/wp-json\/wp\/v2\/comments?post=77158"}],"version-history":[{"count":1,"href":"https:\/\/vosgesinfo.fr\/saintdieinfo\/wp-json\/wp\/v2\/posts\/77158\/revisions"}],"predecessor-version":[{"id":77159,"href":"https:\/\/vosgesinfo.fr\/saintdieinfo\/wp-json\/wp\/v2\/posts\/77158\/revisions\/77159"}],"wp:featuredmedia":[{"embeddable":true,"href":"https:\/\/vosgesinfo.fr\/saintdieinfo\/wp-json\/wp\/v2\/media\/77156"}],"wp:attachment":[{"href":"https:\/\/vosgesinfo.fr\/saintdieinfo\/wp-json\/wp\/v2\/media?parent=77158"}],"wp:term":[{"taxonomy":"category","embeddable":true,"href":"https:\/\/vosgesinfo.fr\/saintdieinfo\/wp-json\/wp\/v2\/categories?post=77158"},{"taxonomy":"post_tag","embeddable":true,"href":"https:\/\/vosgesinfo.fr\/saintdieinfo\/wp-json\/wp\/v2\/tags?post=77158"}],"curies":[{"name":"wp","href":"https:\/\/api.w.org\/{rel}","templated":true}]}}