{"id":77207,"date":"2025-04-24T09:50:07","date_gmt":"2025-04-24T07:50:07","guid":{"rendered":"https:\/\/vosgesinfo.fr\/saintdieinfo\/?p=77207"},"modified":"2025-04-24T09:36:42","modified_gmt":"2025-04-24T07:36:42","slug":"deces-du-10-au-22-avril-2025","status":"publish","type":"post","link":"https:\/\/vosgesinfo.fr\/saintdieinfo\/2025\/04\/deces-du-10-au-22-avril-2025\/","title":{"rendered":"D\u00e9c\u00e8s du 10 au 22 avril 2025"},"content":{"rendered":"<ul>\n<li>10 avril \u2013 Germaine COMOND veuve UGHETTO, 89 ans, domicili\u00e9e \u00e0 Saint-Di\u00e9-des-Vosges<\/li>\n<li>12 avril \u2013 Philippe CHATEAU, 71 ans, domicili\u00e9 \u00e0 Saint-Di\u00e9-des-Vosges<\/li>\n<li>13 avril \u2013 David ROMARY, 50 ans, domicili\u00e9 \u00e0 Raon-l&rsquo;Etape<\/li>\n<li>14 avril \u2013 Chantale ZIMMERMANN \u00e9pouse CALAND, 76 ans, domicili\u00e9e \u00e0 Saint-Di\u00e9-des-Vosges<\/li>\n<li>16 avril \u2013 Pascal GUIOT, 67 ans, domicili\u00e9 \u00e0 Saint-Di\u00e9-des-Vosges<\/li>\n<li>17 avril \u2013 Jean FRAN\u00c7OIS, 85 ans, domicili\u00e9 \u00e0 Saint-Di\u00e9-des-Vosges<\/li>\n<li>17 avril \u2013 Marc INI, 87 ans, domicili\u00e9 \u00e0 Saint-Di\u00e9-des-Vosges<\/li>\n<li>18 avril \u2013 Maria VENNERI veuve ALTOMARE, 93 ans, domicili\u00e9e \u00e0 Saint-Di\u00e9-des-Vosges<\/li>\n<li>19 avril \u2013 Ren\u00e9 CHARTON, 90 ans, domicili\u00e9 \u00e0 Moyenmoutier<\/li>\n<li>19 avril \u2013 Armand HOFFMANN, 88 ans, domicili\u00e9 \u00e0 Saint-Di\u00e9-des-Vosges<\/li>\n<li>19 avril \u2013 Marie T\u00c9CHER \u00e9pouse JACQUEL, 71 ans, domicili\u00e9e \u00e0 Sainte-Marguerite<\/li>\n<li>19 avril \u2013 Marie TSCHAEN veuve MARCHAL, 91 ans, domicili\u00e9e \u00e0 G\u00e9rardmer<\/li>\n<li>21 avril \u2013 Marie-France GARCIA \u00e9pouse MENETTRIER, 74 ans, domicili\u00e9e \u00e0 Sainte-Marguerite<\/li>\n<li>22 avril \u2013 Bernard BOURGEOIS, 96 ans, domicili\u00e9 \u00e0 Rambervillers<\/li>\n<li>22 avril \u2013 Claude CLEVENOT, 76 ans, domicili\u00e9 \u00e0 Moyenmoutier<\/li>\n<li>22 avril \u2013 Josette DEMANGEON \u00e9pouse QUIRIN, 77 ans, domicili\u00e9e \u00e0 G\u00e9rardmer<\/li>\n<li>22 avril \u2013 Jacques MERVELAY, 83 ans, domicili\u00e9 \u00e0 Saint-Di\u00e9-des-Vosges<\/li>\n<li>22 avril \u2013 Nathalie PERRIN divorc\u00e9e BENGUERMOUD, 58 ans, domicili\u00e9e \u00e0 Saint-Di\u00e9-des-Vosges<\/li>\n<\/ul>\n","protected":false},"excerpt":{"rendered":"<p>10 avril \u2013 Germaine COMOND veuve UGHETTO, 89 ans, domicili\u00e9e \u00e0 Saint-Di\u00e9-des-Vosges 12 avril \u2013 Philippe CHATEAU, 71 ans, domicili\u00e9 [&hellip;]<\/p>\n","protected":false},"author":46,"featured_media":22022,"comment_status":"open","ping_status":"open","sticky":false,"template":"","format":"standard","meta":{"footnotes":""},"categories":[2949,5424],"tags":[420,411],"class_list":["post-77207","post","type-post","status-publish","format-standard","has-post-thumbnail","hentry","category-avis-de-deces-carnet","category-etat-civil","tag-deces","tag-etat-civil"],"acf":[],"yoast_head":"<!-- This site is optimized with the Yoast SEO plugin v22.5 - https:\/\/yoast.com\/wordpress\/plugins\/seo\/ -->\n<title>D\u00e9c\u00e8s du 10 au 22 avril 2025 - Saint Die Info<\/title>\n<meta name=\"robots\" content=\"index, follow, max-snippet:-1, max-image-preview:large, max-video-preview:-1\" \/>\n<link rel=\"canonical\" href=\"https:\/\/vosgesinfo.fr\/saintdieinfo\/2025\/04\/deces-du-10-au-22-avril-2025\/\" \/>\n<meta name=\"twitter:card\" content=\"summary_large_image\" \/>\n<meta name=\"twitter:title\" content=\"D\u00e9c\u00e8s du 10 au 22 avril 2025 - Saint Die Info\" \/>\n<meta name=\"twitter:description\" content=\"10 avril \u2013 Germaine COMOND veuve UGHETTO, 89 ans, domicili\u00e9e \u00e0 Saint-Di\u00e9-des-Vosges 12 avril \u2013 Philippe CHATEAU, 71 ans, domicili\u00e9 [&hellip;]\" \/>\n<meta name=\"twitter:image\" content=\"https:\/\/vosgesinfo.fr\/app\/uploads\/sites\/4\/2022\/01\/etat-civil.jpg\" \/>\n<meta name=\"twitter:creator\" content=\"@VosgesInfo88\" \/>\n<meta name=\"twitter:site\" content=\"@VosgesInfo88\" \/>\n<meta name=\"twitter:label1\" content=\"\u00c9crit par\" \/>\n\t<meta name=\"twitter:data1\" content=\"J.J.\" \/>\n\t<meta name=\"twitter:label2\" content=\"Dur\u00e9e de lecture estim\u00e9e\" \/>\n\t<meta name=\"twitter:data2\" content=\"1 minute\" \/>\n<script type=\"application\/ld+json\" class=\"yoast-schema-graph\">{\"@context\":\"https:\/\/schema.org\",\"@graph\":[{\"@type\":\"Article\",\"@id\":\"https:\/\/vosgesinfo.fr\/saintdieinfo\/2025\/04\/deces-du-10-au-22-avril-2025\/#article\",\"isPartOf\":{\"@id\":\"https:\/\/vosgesinfo.fr\/saintdieinfo\/2025\/04\/deces-du-10-au-22-avril-2025\/\"},\"author\":{\"name\":\"J.J.\",\"@id\":\"https:\/\/vosgesinfo.fr\/saintdieinfo\/#\/schema\/person\/fa73e9f726d67bb88f46d5b7943cb572\"},\"headline\":\"D\u00e9c\u00e8s du 10 au 22 avril 2025\",\"datePublished\":\"2025-04-24T07:50:07+00:00\",\"dateModified\":\"2025-04-24T07:36:42+00:00\",\"mainEntityOfPage\":{\"@id\":\"https:\/\/vosgesinfo.fr\/saintdieinfo\/2025\/04\/deces-du-10-au-22-avril-2025\/\"},\"wordCount\":154,\"commentCount\":0,\"publisher\":{\"@id\":\"https:\/\/vosgesinfo.fr\/saintdieinfo\/#organization\"},\"image\":{\"@id\":\"https:\/\/vosgesinfo.fr\/saintdieinfo\/2025\/04\/deces-du-10-au-22-avril-2025\/#primaryimage\"},\"thumbnailUrl\":\"https:\/\/vosgesinfo.fr\/app\/uploads\/sites\/4\/2022\/01\/etat-civil.jpg\",\"keywords\":[\"D\u00e9c\u00e8s\",\"\u00e9tat civil\"],\"articleSection\":[\"Avis de d\u00e9c\u00e8s\",\"Etat-Civil\"],\"inLanguage\":\"fr-FR\",\"potentialAction\":[{\"@type\":\"CommentAction\",\"name\":\"Comment\",\"target\":[\"https:\/\/vosgesinfo.fr\/saintdieinfo\/2025\/04\/deces-du-10-au-22-avril-2025\/#respond\"]}]},{\"@type\":\"WebPage\",\"@id\":\"https:\/\/vosgesinfo.fr\/saintdieinfo\/2025\/04\/deces-du-10-au-22-avril-2025\/\",\"url\":\"https:\/\/vosgesinfo.fr\/saintdieinfo\/2025\/04\/deces-du-10-au-22-avril-2025\/\",\"name\":\"D\u00e9c\u00e8s du 10 au 22 avril 2025 - Saint Die Info\",\"isPartOf\":{\"@id\":\"https:\/\/vosgesinfo.fr\/saintdieinfo\/#website\"},\"primaryImageOfPage\":{\"@id\":\"https:\/\/vosgesinfo.fr\/saintdieinfo\/2025\/04\/deces-du-10-au-22-avril-2025\/#primaryimage\"},\"image\":{\"@id\":\"https:\/\/vosgesinfo.fr\/saintdieinfo\/2025\/04\/deces-du-10-au-22-avril-2025\/#primaryimage\"},\"thumbnailUrl\":\"https:\/\/vosgesinfo.fr\/app\/uploads\/sites\/4\/2022\/01\/etat-civil.jpg\",\"datePublished\":\"2025-04-24T07:50:07+00:00\",\"dateModified\":\"2025-04-24T07:36:42+00:00\",\"breadcrumb\":{\"@id\":\"https:\/\/vosgesinfo.fr\/saintdieinfo\/2025\/04\/deces-du-10-au-22-avril-2025\/#breadcrumb\"},\"inLanguage\":\"fr-FR\",\"potentialAction\":[{\"@type\":\"ReadAction\",\"target\":[\"https:\/\/vosgesinfo.fr\/saintdieinfo\/2025\/04\/deces-du-10-au-22-avril-2025\/\"]}]},{\"@type\":\"ImageObject\",\"inLanguage\":\"fr-FR\",\"@id\":\"https:\/\/vosgesinfo.fr\/saintdieinfo\/2025\/04\/deces-du-10-au-22-avril-2025\/#primaryimage\",\"url\":\"https:\/\/vosgesinfo.fr\/app\/uploads\/sites\/4\/2022\/01\/etat-civil.jpg\",\"contentUrl\":\"https:\/\/vosgesinfo.fr\/app\/uploads\/sites\/4\/2022\/01\/etat-civil.jpg\",\"width\":1200,\"height\":600},{\"@type\":\"BreadcrumbList\",\"@id\":\"https:\/\/vosgesinfo.fr\/saintdieinfo\/2025\/04\/deces-du-10-au-22-avril-2025\/#breadcrumb\",\"itemListElement\":[{\"@type\":\"ListItem\",\"position\":1,\"name\":\"Home\",\"item\":\"https:\/\/vosgesinfo.fr\/saintdieinfo\/\"},{\"@type\":\"ListItem\",\"position\":2,\"name\":\"D\u00e9c\u00e8s du 10 au 22 avril 2025\"}]},{\"@type\":\"WebSite\",\"@id\":\"https:\/\/vosgesinfo.fr\/saintdieinfo\/#website\",\"url\":\"https:\/\/vosgesinfo.fr\/saintdieinfo\/\",\"name\":\"Saint Die Info\",\"description\":\"Toute l&#039;actualit\u00e9 de Saint-Di\u00e9-Des-Vosges\",\"publisher\":{\"@id\":\"https:\/\/vosgesinfo.fr\/saintdieinfo\/#organization\"},\"alternateName\":\"Toute l'actualit\u00e9 de Saint-Di\u00e9-Des-Vosges\",\"potentialAction\":[{\"@type\":\"SearchAction\",\"target\":{\"@type\":\"EntryPoint\",\"urlTemplate\":\"https:\/\/vosgesinfo.fr\/saintdieinfo\/?s={search_term_string}\"},\"query-input\":\"required name=search_term_string\"}],\"inLanguage\":\"fr-FR\"},{\"@type\":\"Organization\",\"@id\":\"https:\/\/vosgesinfo.fr\/saintdieinfo\/#organization\",\"name\":\"Saint Die Info\",\"url\":\"https:\/\/vosgesinfo.fr\/saintdieinfo\/\",\"logo\":{\"@type\":\"ImageObject\",\"inLanguage\":\"fr-FR\",\"@id\":\"https:\/\/vosgesinfo.fr\/saintdieinfo\/#\/schema\/logo\/image\/\",\"url\":\"https:\/\/vosgesinfo.fr\/app\/uploads\/sites\/4\/2024\/02\/logo-sdi.jpg\",\"contentUrl\":\"https:\/\/vosgesinfo.fr\/app\/uploads\/sites\/4\/2024\/02\/logo-sdi.jpg\",\"width\":600,\"height\":600,\"caption\":\"Saint Die Info\"},\"image\":{\"@id\":\"https:\/\/vosgesinfo.fr\/saintdieinfo\/#\/schema\/logo\/image\/\"},\"sameAs\":[\"https:\/\/www.facebook.com\/Saintdieinfofr\",\"https:\/\/x.com\/VosgesInfo88\",\"https:\/\/www.youtube.com\/@vosgesinfo\"]},{\"@type\":\"Person\",\"@id\":\"https:\/\/vosgesinfo.fr\/saintdieinfo\/#\/schema\/person\/fa73e9f726d67bb88f46d5b7943cb572\",\"name\":\"J.J.\",\"image\":{\"@type\":\"ImageObject\",\"inLanguage\":\"fr-FR\",\"@id\":\"https:\/\/vosgesinfo.fr\/saintdieinfo\/#\/schema\/person\/image\/\",\"url\":\"https:\/\/secure.gravatar.com\/avatar\/219e749e47ffbcca018a360ae4add7d4cdf1cdaaf8bc7676b27efade3fe65615?s=96&d=mm&r=g\",\"contentUrl\":\"https:\/\/secure.gravatar.com\/avatar\/219e749e47ffbcca018a360ae4add7d4cdf1cdaaf8bc7676b27efade3fe65615?s=96&d=mm&r=g\",\"caption\":\"J.J.\"},\"url\":\"https:\/\/vosgesinfo.fr\/saintdieinfo\/author\/j-j\/\"}]}<\/script>\n<!-- \/ Yoast SEO plugin. -->","yoast_head_json":{"title":"D\u00e9c\u00e8s du 10 au 22 avril 2025 - Saint Die Info","robots":{"index":"index","follow":"follow","max-snippet":"max-snippet:-1","max-image-preview":"max-image-preview:large","max-video-preview":"max-video-preview:-1"},"canonical":"https:\/\/vosgesinfo.fr\/saintdieinfo\/2025\/04\/deces-du-10-au-22-avril-2025\/","twitter_card":"summary_large_image","twitter_title":"D\u00e9c\u00e8s du 10 au 22 avril 2025 - Saint Die Info","twitter_description":"10 avril \u2013 Germaine COMOND veuve UGHETTO, 89 ans, domicili\u00e9e \u00e0 Saint-Di\u00e9-des-Vosges 12 avril \u2013 Philippe CHATEAU, 71 ans, domicili\u00e9 [&hellip;]","twitter_image":"https:\/\/vosgesinfo.fr\/app\/uploads\/sites\/4\/2022\/01\/etat-civil.jpg","twitter_creator":"@VosgesInfo88","twitter_site":"@VosgesInfo88","twitter_misc":{"\u00c9crit par":"J.J.","Dur\u00e9e de lecture estim\u00e9e":"1 minute"},"schema":{"@context":"https:\/\/schema.org","@graph":[{"@type":"Article","@id":"https:\/\/vosgesinfo.fr\/saintdieinfo\/2025\/04\/deces-du-10-au-22-avril-2025\/#article","isPartOf":{"@id":"https:\/\/vosgesinfo.fr\/saintdieinfo\/2025\/04\/deces-du-10-au-22-avril-2025\/"},"author":{"name":"J.J.","@id":"https:\/\/vosgesinfo.fr\/saintdieinfo\/#\/schema\/person\/fa73e9f726d67bb88f46d5b7943cb572"},"headline":"D\u00e9c\u00e8s du 10 au 22 avril 2025","datePublished":"2025-04-24T07:50:07+00:00","dateModified":"2025-04-24T07:36:42+00:00","mainEntityOfPage":{"@id":"https:\/\/vosgesinfo.fr\/saintdieinfo\/2025\/04\/deces-du-10-au-22-avril-2025\/"},"wordCount":154,"commentCount":0,"publisher":{"@id":"https:\/\/vosgesinfo.fr\/saintdieinfo\/#organization"},"image":{"@id":"https:\/\/vosgesinfo.fr\/saintdieinfo\/2025\/04\/deces-du-10-au-22-avril-2025\/#primaryimage"},"thumbnailUrl":"https:\/\/vosgesinfo.fr\/app\/uploads\/sites\/4\/2022\/01\/etat-civil.jpg","keywords":["D\u00e9c\u00e8s","\u00e9tat civil"],"articleSection":["Avis de d\u00e9c\u00e8s","Etat-Civil"],"inLanguage":"fr-FR","potentialAction":[{"@type":"CommentAction","name":"Comment","target":["https:\/\/vosgesinfo.fr\/saintdieinfo\/2025\/04\/deces-du-10-au-22-avril-2025\/#respond"]}]},{"@type":"WebPage","@id":"https:\/\/vosgesinfo.fr\/saintdieinfo\/2025\/04\/deces-du-10-au-22-avril-2025\/","url":"https:\/\/vosgesinfo.fr\/saintdieinfo\/2025\/04\/deces-du-10-au-22-avril-2025\/","name":"D\u00e9c\u00e8s du 10 au 22 avril 2025 - Saint Die Info","isPartOf":{"@id":"https:\/\/vosgesinfo.fr\/saintdieinfo\/#website"},"primaryImageOfPage":{"@id":"https:\/\/vosgesinfo.fr\/saintdieinfo\/2025\/04\/deces-du-10-au-22-avril-2025\/#primaryimage"},"image":{"@id":"https:\/\/vosgesinfo.fr\/saintdieinfo\/2025\/04\/deces-du-10-au-22-avril-2025\/#primaryimage"},"thumbnailUrl":"https:\/\/vosgesinfo.fr\/app\/uploads\/sites\/4\/2022\/01\/etat-civil.jpg","datePublished":"2025-04-24T07:50:07+00:00","dateModified":"2025-04-24T07:36:42+00:00","breadcrumb":{"@id":"https:\/\/vosgesinfo.fr\/saintdieinfo\/2025\/04\/deces-du-10-au-22-avril-2025\/#breadcrumb"},"inLanguage":"fr-FR","potentialAction":[{"@type":"ReadAction","target":["https:\/\/vosgesinfo.fr\/saintdieinfo\/2025\/04\/deces-du-10-au-22-avril-2025\/"]}]},{"@type":"ImageObject","inLanguage":"fr-FR","@id":"https:\/\/vosgesinfo.fr\/saintdieinfo\/2025\/04\/deces-du-10-au-22-avril-2025\/#primaryimage","url":"https:\/\/vosgesinfo.fr\/app\/uploads\/sites\/4\/2022\/01\/etat-civil.jpg","contentUrl":"https:\/\/vosgesinfo.fr\/app\/uploads\/sites\/4\/2022\/01\/etat-civil.jpg","width":1200,"height":600},{"@type":"BreadcrumbList","@id":"https:\/\/vosgesinfo.fr\/saintdieinfo\/2025\/04\/deces-du-10-au-22-avril-2025\/#breadcrumb","itemListElement":[{"@type":"ListItem","position":1,"name":"Home","item":"https:\/\/vosgesinfo.fr\/saintdieinfo\/"},{"@type":"ListItem","position":2,"name":"D\u00e9c\u00e8s du 10 au 22 avril 2025"}]},{"@type":"WebSite","@id":"https:\/\/vosgesinfo.fr\/saintdieinfo\/#website","url":"https:\/\/vosgesinfo.fr\/saintdieinfo\/","name":"Saint Die Info","description":"Toute l&#039;actualit\u00e9 de Saint-Di\u00e9-Des-Vosges","publisher":{"@id":"https:\/\/vosgesinfo.fr\/saintdieinfo\/#organization"},"alternateName":"Toute l'actualit\u00e9 de Saint-Di\u00e9-Des-Vosges","potentialAction":[{"@type":"SearchAction","target":{"@type":"EntryPoint","urlTemplate":"https:\/\/vosgesinfo.fr\/saintdieinfo\/?s={search_term_string}"},"query-input":"required name=search_term_string"}],"inLanguage":"fr-FR"},{"@type":"Organization","@id":"https:\/\/vosgesinfo.fr\/saintdieinfo\/#organization","name":"Saint Die Info","url":"https:\/\/vosgesinfo.fr\/saintdieinfo\/","logo":{"@type":"ImageObject","inLanguage":"fr-FR","@id":"https:\/\/vosgesinfo.fr\/saintdieinfo\/#\/schema\/logo\/image\/","url":"https:\/\/vosgesinfo.fr\/app\/uploads\/sites\/4\/2024\/02\/logo-sdi.jpg","contentUrl":"https:\/\/vosgesinfo.fr\/app\/uploads\/sites\/4\/2024\/02\/logo-sdi.jpg","width":600,"height":600,"caption":"Saint Die Info"},"image":{"@id":"https:\/\/vosgesinfo.fr\/saintdieinfo\/#\/schema\/logo\/image\/"},"sameAs":["https:\/\/www.facebook.com\/Saintdieinfofr","https:\/\/x.com\/VosgesInfo88","https:\/\/www.youtube.com\/@vosgesinfo"]},{"@type":"Person","@id":"https:\/\/vosgesinfo.fr\/saintdieinfo\/#\/schema\/person\/fa73e9f726d67bb88f46d5b7943cb572","name":"J.J.","image":{"@type":"ImageObject","inLanguage":"fr-FR","@id":"https:\/\/vosgesinfo.fr\/saintdieinfo\/#\/schema\/person\/image\/","url":"https:\/\/secure.gravatar.com\/avatar\/219e749e47ffbcca018a360ae4add7d4cdf1cdaaf8bc7676b27efade3fe65615?s=96&d=mm&r=g","contentUrl":"https:\/\/secure.gravatar.com\/avatar\/219e749e47ffbcca018a360ae4add7d4cdf1cdaaf8bc7676b27efade3fe65615?s=96&d=mm&r=g","caption":"J.J."},"url":"https:\/\/vosgesinfo.fr\/saintdieinfo\/author\/j-j\/"}]}},"_links":{"self":[{"href":"https:\/\/vosgesinfo.fr\/saintdieinfo\/wp-json\/wp\/v2\/posts\/77207","targetHints":{"allow":["GET"]}}],"collection":[{"href":"https:\/\/vosgesinfo.fr\/saintdieinfo\/wp-json\/wp\/v2\/posts"}],"about":[{"href":"https:\/\/vosgesinfo.fr\/saintdieinfo\/wp-json\/wp\/v2\/types\/post"}],"author":[{"embeddable":true,"href":"https:\/\/vosgesinfo.fr\/saintdieinfo\/wp-json\/wp\/v2\/users\/46"}],"replies":[{"embeddable":true,"href":"https:\/\/vosgesinfo.fr\/saintdieinfo\/wp-json\/wp\/v2\/comments?post=77207"}],"version-history":[{"count":1,"href":"https:\/\/vosgesinfo.fr\/saintdieinfo\/wp-json\/wp\/v2\/posts\/77207\/revisions"}],"predecessor-version":[{"id":77208,"href":"https:\/\/vosgesinfo.fr\/saintdieinfo\/wp-json\/wp\/v2\/posts\/77207\/revisions\/77208"}],"wp:featuredmedia":[{"embeddable":true,"href":"https:\/\/vosgesinfo.fr\/saintdieinfo\/wp-json\/wp\/v2\/media\/22022"}],"wp:attachment":[{"href":"https:\/\/vosgesinfo.fr\/saintdieinfo\/wp-json\/wp\/v2\/media?parent=77207"}],"wp:term":[{"taxonomy":"category","embeddable":true,"href":"https:\/\/vosgesinfo.fr\/saintdieinfo\/wp-json\/wp\/v2\/categories?post=77207"},{"taxonomy":"post_tag","embeddable":true,"href":"https:\/\/vosgesinfo.fr\/saintdieinfo\/wp-json\/wp\/v2\/tags?post=77207"}],"curies":[{"name":"wp","href":"https:\/\/api.w.org\/{rel}","templated":true}]}}