{"id":77253,"date":"2025-04-25T12:05:38","date_gmt":"2025-04-25T10:05:38","guid":{"rendered":"https:\/\/vosgesinfo.fr\/saintdieinfo\/2025\/04\/gerardmer-harcelement-a-la-haie-griselle-lancien-proviseur-renvoye-devant-la-justice\/"},"modified":"2025-04-25T12:05:38","modified_gmt":"2025-04-25T10:05:38","slug":"gerardmer-harcelement-a-la-haie-griselle-lancien-proviseur-renvoye-devant-la-justice","status":"publish","type":"post","link":"https:\/\/vosgesinfo.fr\/saintdieinfo\/2025\/04\/gerardmer-harcelement-a-la-haie-griselle-lancien-proviseur-renvoye-devant-la-justice\/","title":{"rendered":"G\u00e9rardmer \u2013 Harc\u00e8lement \u00e0 la Haie-Griselle : l\u2019ancien proviseur renvoy\u00e9 devant la justice"},"content":{"rendered":"<div id=\"attachment_61881\" style=\"width: 310px\" class=\"wp-caption aligncenter\"><a href=\"https:\/\/vosgesinfo.fr\/app\/uploads\/sites\/6\/2024\/07\/202209la-haie-griselle-debrayage-2-1.jpg\"><img decoding=\"async\" aria-describedby=\"caption-attachment-61881\" class=\"size-medium wp-image-61881\" src=\"https:\/\/vosgesinfo.fr\/app\/uploads\/sites\/6\/2024\/07\/202209la-haie-griselle-debrayage-2-1-300x225.jpg\" alt=\"\" width=\"300\" height=\"225\" \/><\/a><p id=\"caption-attachment-61881\" class=\"wp-caption-text\">Archive de la manifestation de 2022<\/p><\/div>\n<p>&nbsp;<\/p>\n<p class=\"\" data-start=\"233\" data-end=\"467\">\u00c0 G\u00e9rardmer, l\u2019affaire qui concerne la cit\u00e9 scolaire de La Haie-Griselle prend une tournure inattendue. L\u2019ancien proviseur, Laurent Belin, est poursuivi pour harc\u00e8lement moral, alors qu\u2019il affirmait lui-m\u00eame \u00eatre victime de harc\u00e8lement.<\/p>\n<p class=\"\" data-start=\"469\" data-end=\"762\">En 2022, enseignants, parents d\u2019\u00e9l\u00e8ves et membres du personnel avaient d\u00e9nonc\u00e9 des dysfonctionnements au sein de l\u2019\u00e9tablissement, allant jusqu\u2019\u00e0 manifester devant le lyc\u00e9e. Une dizaine de personnes avait \u00e9t\u00e9 vis\u00e9e par une plainte d\u00e9pos\u00e9e par le proviseur, plainte qui a \u00e9t\u00e9 class\u00e9e sans suite.<\/p>\n<p class=\"\" data-start=\"764\" data-end=\"1074\">L\u2019instruction a finalement abouti au renvoi de Laurent Belin devant le tribunal correctionnel pour des faits de harc\u00e8lement pr\u00e9sum\u00e9s envers des enseignants et du personnel administratif, entre 2018 et 2022. Son avocat plaide la bonne foi et affirme que son client n\u2019a fait que signaler des dysfonctionnements. Le jugement concernant l&rsquo;ancien proviseur de la Haie Griselle a \u00e9t\u00e9 renvoy\u00e9 au 13 janvier 2026.<\/p>\n","protected":false},"excerpt":{"rendered":"<p>&nbsp; \u00c0 G\u00e9rardmer, l\u2019affaire qui concerne la cit\u00e9 scolaire de La Haie-Griselle prend une tournure inattendue. L\u2019ancien proviseur, Laurent Belin, [&hellip;]<\/p>\n","protected":false},"author":391,"featured_media":77254,"comment_status":"open","ping_status":"open","sticky":false,"template":"","format":"standard","meta":{"footnotes":""},"categories":[460,5392,5391,5389,4099,4100],"tags":[16996,689],"class_list":["post-77253","post","type-post","status-publish","format-standard","has-post-thumbnail","hentry","category-a-la-une","category-epinal","category-gerardmer","category-la-plaine-des-vosges","category-remiremont","category-saint-die","tag-cite-scolaire-la-haie-griselle","tag-harcelement"],"acf":[],"yoast_head":"<!-- This site is optimized with the Yoast SEO plugin v22.5 - https:\/\/yoast.com\/wordpress\/plugins\/seo\/ -->\n<title>G\u00e9rardmer \u2013 Harc\u00e8lement \u00e0 la Haie-Griselle : l\u2019ancien proviseur renvoy\u00e9 devant la justice - Saint Die Info<\/title>\n<meta name=\"robots\" content=\"index, follow, max-snippet:-1, max-image-preview:large, max-video-preview:-1\" \/>\n<link rel=\"canonical\" href=\"https:\/\/vosgesinfo.fr\/saintdieinfo\/2025\/04\/gerardmer-harcelement-a-la-haie-griselle-lancien-proviseur-renvoye-devant-la-justice\/\" \/>\n<meta name=\"twitter:card\" content=\"summary_large_image\" \/>\n<meta name=\"twitter:title\" content=\"G\u00e9rardmer \u2013 Harc\u00e8lement \u00e0 la Haie-Griselle : l\u2019ancien proviseur renvoy\u00e9 devant la justice - Saint Die Info\" \/>\n<meta name=\"twitter:description\" content=\"&nbsp; \u00c0 G\u00e9rardmer, l\u2019affaire qui concerne la cit\u00e9 scolaire de La Haie-Griselle prend une tournure inattendue. L\u2019ancien proviseur, Laurent Belin, [&hellip;]\" \/>\n<meta name=\"twitter:image\" content=\"https:\/\/vosgesinfo.fr\/app\/uploads\/sites\/4\/2025\/04\/202209la-haie-griselle-debrayage-2-1.jpg\" \/>\n<meta name=\"twitter:creator\" content=\"@VosgesInfo88\" \/>\n<meta name=\"twitter:site\" content=\"@VosgesInfo88\" \/>\n<meta name=\"twitter:label1\" content=\"\u00c9crit par\" \/>\n\t<meta name=\"twitter:data1\" content=\"La redaction\" \/>\n\t<meta name=\"twitter:label2\" content=\"Dur\u00e9e de lecture estim\u00e9e\" \/>\n\t<meta name=\"twitter:data2\" content=\"1 minute\" \/>\n<script type=\"application\/ld+json\" class=\"yoast-schema-graph\">{\"@context\":\"https:\/\/schema.org\",\"@graph\":[{\"@type\":\"Article\",\"@id\":\"https:\/\/vosgesinfo.fr\/saintdieinfo\/2025\/04\/gerardmer-harcelement-a-la-haie-griselle-lancien-proviseur-renvoye-devant-la-justice\/#article\",\"isPartOf\":{\"@id\":\"https:\/\/vosgesinfo.fr\/saintdieinfo\/2025\/04\/gerardmer-harcelement-a-la-haie-griselle-lancien-proviseur-renvoye-devant-la-justice\/\"},\"author\":{\"name\":\"La redaction\",\"@id\":\"https:\/\/vosgesinfo.fr\/saintdieinfo\/#\/schema\/person\/27a3695b06db98895b354c0765cdfc31\"},\"headline\":\"G\u00e9rardmer \u2013 Harc\u00e8lement \u00e0 la Haie-Griselle : l\u2019ancien proviseur renvoy\u00e9 devant la justice\",\"datePublished\":\"2025-04-25T10:05:38+00:00\",\"dateModified\":\"2025-04-25T10:05:38+00:00\",\"mainEntityOfPage\":{\"@id\":\"https:\/\/vosgesinfo.fr\/saintdieinfo\/2025\/04\/gerardmer-harcelement-a-la-haie-griselle-lancien-proviseur-renvoye-devant-la-justice\/\"},\"wordCount\":181,\"commentCount\":0,\"publisher\":{\"@id\":\"https:\/\/vosgesinfo.fr\/saintdieinfo\/#organization\"},\"image\":{\"@id\":\"https:\/\/vosgesinfo.fr\/saintdieinfo\/2025\/04\/gerardmer-harcelement-a-la-haie-griselle-lancien-proviseur-renvoye-devant-la-justice\/#primaryimage\"},\"thumbnailUrl\":\"https:\/\/vosgesinfo.fr\/app\/uploads\/sites\/4\/2025\/04\/202209la-haie-griselle-debrayage-2-1.jpg\",\"keywords\":[\"Cit\u00e9 scolaire La Haie Griselle\",\"harc\u00e8lement\"],\"articleSection\":[\"A la Une\",\"Epinal\",\"Gerardmer\",\"La plaine des vosges\",\"Remiremont\",\"Saint-di\u00e9\"],\"inLanguage\":\"fr-FR\",\"potentialAction\":[{\"@type\":\"CommentAction\",\"name\":\"Comment\",\"target\":[\"https:\/\/vosgesinfo.fr\/saintdieinfo\/2025\/04\/gerardmer-harcelement-a-la-haie-griselle-lancien-proviseur-renvoye-devant-la-justice\/#respond\"]}]},{\"@type\":\"WebPage\",\"@id\":\"https:\/\/vosgesinfo.fr\/saintdieinfo\/2025\/04\/gerardmer-harcelement-a-la-haie-griselle-lancien-proviseur-renvoye-devant-la-justice\/\",\"url\":\"https:\/\/vosgesinfo.fr\/saintdieinfo\/2025\/04\/gerardmer-harcelement-a-la-haie-griselle-lancien-proviseur-renvoye-devant-la-justice\/\",\"name\":\"G\u00e9rardmer \u2013 Harc\u00e8lement \u00e0 la Haie-Griselle : l\u2019ancien proviseur renvoy\u00e9 devant la justice - Saint Die Info\",\"isPartOf\":{\"@id\":\"https:\/\/vosgesinfo.fr\/saintdieinfo\/#website\"},\"primaryImageOfPage\":{\"@id\":\"https:\/\/vosgesinfo.fr\/saintdieinfo\/2025\/04\/gerardmer-harcelement-a-la-haie-griselle-lancien-proviseur-renvoye-devant-la-justice\/#primaryimage\"},\"image\":{\"@id\":\"https:\/\/vosgesinfo.fr\/saintdieinfo\/2025\/04\/gerardmer-harcelement-a-la-haie-griselle-lancien-proviseur-renvoye-devant-la-justice\/#primaryimage\"},\"thumbnailUrl\":\"https:\/\/vosgesinfo.fr\/app\/uploads\/sites\/4\/2025\/04\/202209la-haie-griselle-debrayage-2-1.jpg\",\"datePublished\":\"2025-04-25T10:05:38+00:00\",\"dateModified\":\"2025-04-25T10:05:38+00:00\",\"breadcrumb\":{\"@id\":\"https:\/\/vosgesinfo.fr\/saintdieinfo\/2025\/04\/gerardmer-harcelement-a-la-haie-griselle-lancien-proviseur-renvoye-devant-la-justice\/#breadcrumb\"},\"inLanguage\":\"fr-FR\",\"potentialAction\":[{\"@type\":\"ReadAction\",\"target\":[\"https:\/\/vosgesinfo.fr\/saintdieinfo\/2025\/04\/gerardmer-harcelement-a-la-haie-griselle-lancien-proviseur-renvoye-devant-la-justice\/\"]}]},{\"@type\":\"ImageObject\",\"inLanguage\":\"fr-FR\",\"@id\":\"https:\/\/vosgesinfo.fr\/saintdieinfo\/2025\/04\/gerardmer-harcelement-a-la-haie-griselle-lancien-proviseur-renvoye-devant-la-justice\/#primaryimage\",\"url\":\"https:\/\/vosgesinfo.fr\/app\/uploads\/sites\/4\/2025\/04\/202209la-haie-griselle-debrayage-2-1.jpg\",\"contentUrl\":\"https:\/\/vosgesinfo.fr\/app\/uploads\/sites\/4\/2025\/04\/202209la-haie-griselle-debrayage-2-1.jpg\",\"width\":1600,\"height\":1200},{\"@type\":\"BreadcrumbList\",\"@id\":\"https:\/\/vosgesinfo.fr\/saintdieinfo\/2025\/04\/gerardmer-harcelement-a-la-haie-griselle-lancien-proviseur-renvoye-devant-la-justice\/#breadcrumb\",\"itemListElement\":[{\"@type\":\"ListItem\",\"position\":1,\"name\":\"Home\",\"item\":\"https:\/\/vosgesinfo.fr\/saintdieinfo\/\"},{\"@type\":\"ListItem\",\"position\":2,\"name\":\"G\u00e9rardmer \u2013 Harc\u00e8lement \u00e0 la Haie-Griselle : l\u2019ancien proviseur renvoy\u00e9 devant la justice\"}]},{\"@type\":\"WebSite\",\"@id\":\"https:\/\/vosgesinfo.fr\/saintdieinfo\/#website\",\"url\":\"https:\/\/vosgesinfo.fr\/saintdieinfo\/\",\"name\":\"Saint Die Info\",\"description\":\"Toute l&#039;actualit\u00e9 de Saint-Di\u00e9-Des-Vosges\",\"publisher\":{\"@id\":\"https:\/\/vosgesinfo.fr\/saintdieinfo\/#organization\"},\"alternateName\":\"Toute l'actualit\u00e9 de Saint-Di\u00e9-Des-Vosges\",\"potentialAction\":[{\"@type\":\"SearchAction\",\"target\":{\"@type\":\"EntryPoint\",\"urlTemplate\":\"https:\/\/vosgesinfo.fr\/saintdieinfo\/?s={search_term_string}\"},\"query-input\":\"required name=search_term_string\"}],\"inLanguage\":\"fr-FR\"},{\"@type\":\"Organization\",\"@id\":\"https:\/\/vosgesinfo.fr\/saintdieinfo\/#organization\",\"name\":\"Saint Die Info\",\"url\":\"https:\/\/vosgesinfo.fr\/saintdieinfo\/\",\"logo\":{\"@type\":\"ImageObject\",\"inLanguage\":\"fr-FR\",\"@id\":\"https:\/\/vosgesinfo.fr\/saintdieinfo\/#\/schema\/logo\/image\/\",\"url\":\"https:\/\/vosgesinfo.fr\/app\/uploads\/sites\/4\/2024\/02\/logo-sdi.jpg\",\"contentUrl\":\"https:\/\/vosgesinfo.fr\/app\/uploads\/sites\/4\/2024\/02\/logo-sdi.jpg\",\"width\":600,\"height\":600,\"caption\":\"Saint Die Info\"},\"image\":{\"@id\":\"https:\/\/vosgesinfo.fr\/saintdieinfo\/#\/schema\/logo\/image\/\"},\"sameAs\":[\"https:\/\/www.facebook.com\/Saintdieinfofr\",\"https:\/\/x.com\/VosgesInfo88\",\"https:\/\/www.youtube.com\/@vosgesinfo\"]},{\"@type\":\"Person\",\"@id\":\"https:\/\/vosgesinfo.fr\/saintdieinfo\/#\/schema\/person\/27a3695b06db98895b354c0765cdfc31\",\"name\":\"La redaction\",\"image\":{\"@type\":\"ImageObject\",\"inLanguage\":\"fr-FR\",\"@id\":\"https:\/\/vosgesinfo.fr\/saintdieinfo\/#\/schema\/person\/image\/\",\"url\":\"https:\/\/secure.gravatar.com\/avatar\/64c76a78e501cedee55736f43f332df901e1896ae9cd8fad269ae2236dd0e8b6?s=96&d=mm&r=g\",\"contentUrl\":\"https:\/\/secure.gravatar.com\/avatar\/64c76a78e501cedee55736f43f332df901e1896ae9cd8fad269ae2236dd0e8b6?s=96&d=mm&r=g\",\"caption\":\"La redaction\"},\"url\":\"https:\/\/vosgesinfo.fr\/saintdieinfo\/author\/la-redaction\/\"}]}<\/script>\n<!-- \/ Yoast SEO plugin. -->","yoast_head_json":{"title":"G\u00e9rardmer \u2013 Harc\u00e8lement \u00e0 la Haie-Griselle : l\u2019ancien proviseur renvoy\u00e9 devant la justice - Saint Die Info","robots":{"index":"index","follow":"follow","max-snippet":"max-snippet:-1","max-image-preview":"max-image-preview:large","max-video-preview":"max-video-preview:-1"},"canonical":"https:\/\/vosgesinfo.fr\/saintdieinfo\/2025\/04\/gerardmer-harcelement-a-la-haie-griselle-lancien-proviseur-renvoye-devant-la-justice\/","twitter_card":"summary_large_image","twitter_title":"G\u00e9rardmer \u2013 Harc\u00e8lement \u00e0 la Haie-Griselle : l\u2019ancien proviseur renvoy\u00e9 devant la justice - Saint Die Info","twitter_description":"&nbsp; \u00c0 G\u00e9rardmer, l\u2019affaire qui concerne la cit\u00e9 scolaire de La Haie-Griselle prend une tournure inattendue. L\u2019ancien proviseur, Laurent Belin, [&hellip;]","twitter_image":"https:\/\/vosgesinfo.fr\/app\/uploads\/sites\/4\/2025\/04\/202209la-haie-griselle-debrayage-2-1.jpg","twitter_creator":"@VosgesInfo88","twitter_site":"@VosgesInfo88","twitter_misc":{"\u00c9crit par":"La redaction","Dur\u00e9e de lecture estim\u00e9e":"1 minute"},"schema":{"@context":"https:\/\/schema.org","@graph":[{"@type":"Article","@id":"https:\/\/vosgesinfo.fr\/saintdieinfo\/2025\/04\/gerardmer-harcelement-a-la-haie-griselle-lancien-proviseur-renvoye-devant-la-justice\/#article","isPartOf":{"@id":"https:\/\/vosgesinfo.fr\/saintdieinfo\/2025\/04\/gerardmer-harcelement-a-la-haie-griselle-lancien-proviseur-renvoye-devant-la-justice\/"},"author":{"name":"La redaction","@id":"https:\/\/vosgesinfo.fr\/saintdieinfo\/#\/schema\/person\/27a3695b06db98895b354c0765cdfc31"},"headline":"G\u00e9rardmer \u2013 Harc\u00e8lement \u00e0 la Haie-Griselle : l\u2019ancien proviseur renvoy\u00e9 devant la justice","datePublished":"2025-04-25T10:05:38+00:00","dateModified":"2025-04-25T10:05:38+00:00","mainEntityOfPage":{"@id":"https:\/\/vosgesinfo.fr\/saintdieinfo\/2025\/04\/gerardmer-harcelement-a-la-haie-griselle-lancien-proviseur-renvoye-devant-la-justice\/"},"wordCount":181,"commentCount":0,"publisher":{"@id":"https:\/\/vosgesinfo.fr\/saintdieinfo\/#organization"},"image":{"@id":"https:\/\/vosgesinfo.fr\/saintdieinfo\/2025\/04\/gerardmer-harcelement-a-la-haie-griselle-lancien-proviseur-renvoye-devant-la-justice\/#primaryimage"},"thumbnailUrl":"https:\/\/vosgesinfo.fr\/app\/uploads\/sites\/4\/2025\/04\/202209la-haie-griselle-debrayage-2-1.jpg","keywords":["Cit\u00e9 scolaire La Haie Griselle","harc\u00e8lement"],"articleSection":["A la Une","Epinal","Gerardmer","La plaine des vosges","Remiremont","Saint-di\u00e9"],"inLanguage":"fr-FR","potentialAction":[{"@type":"CommentAction","name":"Comment","target":["https:\/\/vosgesinfo.fr\/saintdieinfo\/2025\/04\/gerardmer-harcelement-a-la-haie-griselle-lancien-proviseur-renvoye-devant-la-justice\/#respond"]}]},{"@type":"WebPage","@id":"https:\/\/vosgesinfo.fr\/saintdieinfo\/2025\/04\/gerardmer-harcelement-a-la-haie-griselle-lancien-proviseur-renvoye-devant-la-justice\/","url":"https:\/\/vosgesinfo.fr\/saintdieinfo\/2025\/04\/gerardmer-harcelement-a-la-haie-griselle-lancien-proviseur-renvoye-devant-la-justice\/","name":"G\u00e9rardmer \u2013 Harc\u00e8lement \u00e0 la Haie-Griselle : l\u2019ancien proviseur renvoy\u00e9 devant la justice - Saint Die Info","isPartOf":{"@id":"https:\/\/vosgesinfo.fr\/saintdieinfo\/#website"},"primaryImageOfPage":{"@id":"https:\/\/vosgesinfo.fr\/saintdieinfo\/2025\/04\/gerardmer-harcelement-a-la-haie-griselle-lancien-proviseur-renvoye-devant-la-justice\/#primaryimage"},"image":{"@id":"https:\/\/vosgesinfo.fr\/saintdieinfo\/2025\/04\/gerardmer-harcelement-a-la-haie-griselle-lancien-proviseur-renvoye-devant-la-justice\/#primaryimage"},"thumbnailUrl":"https:\/\/vosgesinfo.fr\/app\/uploads\/sites\/4\/2025\/04\/202209la-haie-griselle-debrayage-2-1.jpg","datePublished":"2025-04-25T10:05:38+00:00","dateModified":"2025-04-25T10:05:38+00:00","breadcrumb":{"@id":"https:\/\/vosgesinfo.fr\/saintdieinfo\/2025\/04\/gerardmer-harcelement-a-la-haie-griselle-lancien-proviseur-renvoye-devant-la-justice\/#breadcrumb"},"inLanguage":"fr-FR","potentialAction":[{"@type":"ReadAction","target":["https:\/\/vosgesinfo.fr\/saintdieinfo\/2025\/04\/gerardmer-harcelement-a-la-haie-griselle-lancien-proviseur-renvoye-devant-la-justice\/"]}]},{"@type":"ImageObject","inLanguage":"fr-FR","@id":"https:\/\/vosgesinfo.fr\/saintdieinfo\/2025\/04\/gerardmer-harcelement-a-la-haie-griselle-lancien-proviseur-renvoye-devant-la-justice\/#primaryimage","url":"https:\/\/vosgesinfo.fr\/app\/uploads\/sites\/4\/2025\/04\/202209la-haie-griselle-debrayage-2-1.jpg","contentUrl":"https:\/\/vosgesinfo.fr\/app\/uploads\/sites\/4\/2025\/04\/202209la-haie-griselle-debrayage-2-1.jpg","width":1600,"height":1200},{"@type":"BreadcrumbList","@id":"https:\/\/vosgesinfo.fr\/saintdieinfo\/2025\/04\/gerardmer-harcelement-a-la-haie-griselle-lancien-proviseur-renvoye-devant-la-justice\/#breadcrumb","itemListElement":[{"@type":"ListItem","position":1,"name":"Home","item":"https:\/\/vosgesinfo.fr\/saintdieinfo\/"},{"@type":"ListItem","position":2,"name":"G\u00e9rardmer \u2013 Harc\u00e8lement \u00e0 la Haie-Griselle : l\u2019ancien proviseur renvoy\u00e9 devant la justice"}]},{"@type":"WebSite","@id":"https:\/\/vosgesinfo.fr\/saintdieinfo\/#website","url":"https:\/\/vosgesinfo.fr\/saintdieinfo\/","name":"Saint Die Info","description":"Toute l&#039;actualit\u00e9 de Saint-Di\u00e9-Des-Vosges","publisher":{"@id":"https:\/\/vosgesinfo.fr\/saintdieinfo\/#organization"},"alternateName":"Toute l'actualit\u00e9 de Saint-Di\u00e9-Des-Vosges","potentialAction":[{"@type":"SearchAction","target":{"@type":"EntryPoint","urlTemplate":"https:\/\/vosgesinfo.fr\/saintdieinfo\/?s={search_term_string}"},"query-input":"required name=search_term_string"}],"inLanguage":"fr-FR"},{"@type":"Organization","@id":"https:\/\/vosgesinfo.fr\/saintdieinfo\/#organization","name":"Saint Die Info","url":"https:\/\/vosgesinfo.fr\/saintdieinfo\/","logo":{"@type":"ImageObject","inLanguage":"fr-FR","@id":"https:\/\/vosgesinfo.fr\/saintdieinfo\/#\/schema\/logo\/image\/","url":"https:\/\/vosgesinfo.fr\/app\/uploads\/sites\/4\/2024\/02\/logo-sdi.jpg","contentUrl":"https:\/\/vosgesinfo.fr\/app\/uploads\/sites\/4\/2024\/02\/logo-sdi.jpg","width":600,"height":600,"caption":"Saint Die Info"},"image":{"@id":"https:\/\/vosgesinfo.fr\/saintdieinfo\/#\/schema\/logo\/image\/"},"sameAs":["https:\/\/www.facebook.com\/Saintdieinfofr","https:\/\/x.com\/VosgesInfo88","https:\/\/www.youtube.com\/@vosgesinfo"]},{"@type":"Person","@id":"https:\/\/vosgesinfo.fr\/saintdieinfo\/#\/schema\/person\/27a3695b06db98895b354c0765cdfc31","name":"La redaction","image":{"@type":"ImageObject","inLanguage":"fr-FR","@id":"https:\/\/vosgesinfo.fr\/saintdieinfo\/#\/schema\/person\/image\/","url":"https:\/\/secure.gravatar.com\/avatar\/64c76a78e501cedee55736f43f332df901e1896ae9cd8fad269ae2236dd0e8b6?s=96&d=mm&r=g","contentUrl":"https:\/\/secure.gravatar.com\/avatar\/64c76a78e501cedee55736f43f332df901e1896ae9cd8fad269ae2236dd0e8b6?s=96&d=mm&r=g","caption":"La redaction"},"url":"https:\/\/vosgesinfo.fr\/saintdieinfo\/author\/la-redaction\/"}]}},"_links":{"self":[{"href":"https:\/\/vosgesinfo.fr\/saintdieinfo\/wp-json\/wp\/v2\/posts\/77253","targetHints":{"allow":["GET"]}}],"collection":[{"href":"https:\/\/vosgesinfo.fr\/saintdieinfo\/wp-json\/wp\/v2\/posts"}],"about":[{"href":"https:\/\/vosgesinfo.fr\/saintdieinfo\/wp-json\/wp\/v2\/types\/post"}],"author":[{"embeddable":true,"href":"https:\/\/vosgesinfo.fr\/saintdieinfo\/wp-json\/wp\/v2\/users\/391"}],"replies":[{"embeddable":true,"href":"https:\/\/vosgesinfo.fr\/saintdieinfo\/wp-json\/wp\/v2\/comments?post=77253"}],"version-history":[{"count":0,"href":"https:\/\/vosgesinfo.fr\/saintdieinfo\/wp-json\/wp\/v2\/posts\/77253\/revisions"}],"wp:featuredmedia":[{"embeddable":true,"href":"https:\/\/vosgesinfo.fr\/saintdieinfo\/wp-json\/wp\/v2\/media\/77254"}],"wp:attachment":[{"href":"https:\/\/vosgesinfo.fr\/saintdieinfo\/wp-json\/wp\/v2\/media?parent=77253"}],"wp:term":[{"taxonomy":"category","embeddable":true,"href":"https:\/\/vosgesinfo.fr\/saintdieinfo\/wp-json\/wp\/v2\/categories?post=77253"},{"taxonomy":"post_tag","embeddable":true,"href":"https:\/\/vosgesinfo.fr\/saintdieinfo\/wp-json\/wp\/v2\/tags?post=77253"}],"curies":[{"name":"wp","href":"https:\/\/api.w.org\/{rel}","templated":true}]}}