{"id":77296,"date":"2025-04-26T18:52:37","date_gmt":"2025-04-26T16:52:37","guid":{"rendered":"https:\/\/vosgesinfo.fr\/saintdieinfo\/?p=77296"},"modified":"2025-04-26T18:42:04","modified_gmt":"2025-04-26T16:42:04","slug":"ce-samedi-la-residence-de-lage-dor-ouvrait-ses-portes","status":"publish","type":"post","link":"https:\/\/vosgesinfo.fr\/saintdieinfo\/2025\/04\/ce-samedi-la-residence-de-lage-dor-ouvrait-ses-portes\/","title":{"rendered":"Ce samedi, la R\u00e9sidence de l&rsquo;\u00c2ge d&rsquo;Or ouvrait ses portes"},"content":{"rendered":"<div id=\"attachment_77297\" style=\"width: 1034px\" class=\"wp-caption alignnone\"><a href=\"https:\/\/vosgesinfo.fr\/app\/uploads\/sites\/4\/2025\/04\/portes-ouvertes-residence-age-dor-2.jpg\"><img decoding=\"async\" aria-describedby=\"caption-attachment-77297\" class=\"size-large wp-image-77297\" src=\"https:\/\/vosgesinfo.fr\/app\/uploads\/sites\/4\/2025\/04\/portes-ouvertes-residence-age-dor-2-1024x683.jpg\" alt=\"\" width=\"1024\" height=\"683\" srcset=\"https:\/\/vosgesinfo.fr\/app\/uploads\/sites\/4\/2025\/04\/portes-ouvertes-residence-age-dor-2-1024x683.jpg 1024w, https:\/\/vosgesinfo.fr\/app\/uploads\/sites\/4\/2025\/04\/portes-ouvertes-residence-age-dor-2-300x200.jpg 300w, https:\/\/vosgesinfo.fr\/app\/uploads\/sites\/4\/2025\/04\/portes-ouvertes-residence-age-dor-2-768x512.jpg 768w, https:\/\/vosgesinfo.fr\/app\/uploads\/sites\/4\/2025\/04\/portes-ouvertes-residence-age-dor-2.jpg 1200w\" sizes=\"(max-width: 1024px) 100vw, 1024px\" \/><\/a><p id=\"caption-attachment-77297\" class=\"wp-caption-text\">(Photographies Marc Fourniquet)<\/p><\/div>\n<h2>Pour la premi\u00e8re fois depuis un certain nombre d&rsquo;ann\u00e9es, <a href=\"https:\/\/vosgesinfo.fr\/saintdieinfo\/2025\/04\/la-residence-de-lage-dor-de-saint-die-des-vosges-fait-ses-portes-ouvertes\/\" target=\"_blank\" rel=\"noopener\">la <strong>R\u00e9sidence de l&rsquo;\u00c2ge d&rsquo;Or<\/strong> de <strong>Saint-Di\u00e9-des-Vosges<\/strong> ouvrait ses portes en ce samedi <strong>26 avril<\/strong>.<\/a><\/h2>\n<p><!--more--><\/p>\n<p>Cette op\u00e9ration de <strong>portes-ouvertes<\/strong> \u00e9tait l&rsquo;occasion pour le public, que ce soit les <strong>familles des futurs r\u00e9sidents<\/strong> ou des <strong>professionnels de sant\u00e9<\/strong>, de d\u00e9couvrir la <strong>r\u00e9sidence m\u00e9dicalis\u00e9e pour S\u00e9niors<\/strong> le temps d&rsquo;une journ\u00e9e&#8230; des plus ordinaires. C&rsquo;est un souhait du directeur <strong>Matthieu Colin<\/strong> de pr\u00e9senter l&rsquo;\u00e9tablissement sous cet angle \u00e0 l&rsquo;occasion de ces portes-ouvertes. \u00ab <strong>La R\u00e9sidence de l&rsquo;\u00c2ge d&rsquo;Or<\/strong> est d\u00e9j\u00e0 tr\u00e8s ouverte sur l&rsquo;ext\u00e9rieur. Donc l&rsquo;id\u00e9e aujourd&rsquo;hui est de montrer l&rsquo;\u00e9tablissement \u00e0 travers <b>une journ\u00e9e tout \u00e0 fait normale<\/b>. \u00bb<\/p>\n<p>Disposant d&rsquo;une <strong>cinquantaine de chambres<\/strong>, la <strong>R\u00e9sidence de l&rsquo;\u00c2ge d&rsquo;Or<\/strong> peut accueillir jusqu&rsquo;\u00e0 <strong>54 r\u00e9sidents<\/strong>. Outre \u00e9changer avec l&rsquo;\u00e9quipe de l&rsquo;\u00e9tablissement, les <strong>visiteurs du jour<\/strong> ont pu \u00e9galement d\u00e9couvrir les <strong>cuisines<\/strong>, la <strong>salle de kin\u00e9sith\u00e9rapie<\/strong> ainsi que la <strong>grande salle polyvalente lumineuse<\/strong>, <strong>autour de laquelle se trouvent<\/strong><strong> les chambres<\/strong><strong> et <\/strong>au milieu de laquelle tr\u00f4ne un <strong>arbre.<\/strong><\/p>\n<p>J.J.<\/p>\n\n\t\t<style type=\"text\/css\">\n\t\t\t#gallery-1 {\n\t\t\t\tmargin: auto;\n\t\t\t}\n\t\t\t#gallery-1 .gallery-item {\n\t\t\t\tfloat: left;\n\t\t\t\tmargin-top: 10px;\n\t\t\t\ttext-align: center;\n\t\t\t\twidth: 50%;\n\t\t\t}\n\t\t\t#gallery-1 img {\n\t\t\t\tborder: 2px solid #cfcfcf;\n\t\t\t}\n\t\t\t#gallery-1 .gallery-caption {\n\t\t\t\tmargin-left: 0;\n\t\t\t}\n\t\t\t\/* see gallery_shortcode() in wp-includes\/media.php *\/\n\t\t<\/style>\n\t\t<div id='gallery-1' class='gallery galleryid-77296 gallery-columns-2 gallery-size-thumbnail'><dl class='gallery-item'>\n\t\t\t<dt class='gallery-icon landscape'>\n\t\t\t\t<a href='https:\/\/vosgesinfo.fr\/app\/uploads\/sites\/4\/2025\/04\/portes-ouvertes-residence-age-dor-3.jpg'><img decoding=\"async\" width=\"150\" height=\"150\" src=\"https:\/\/vosgesinfo.fr\/app\/uploads\/sites\/4\/2025\/04\/portes-ouvertes-residence-age-dor-3-150x150.jpg\" class=\"attachment-thumbnail size-thumbnail\" alt=\"\" \/><\/a>\n\t\t\t<\/dt><\/dl><dl class='gallery-item'>\n\t\t\t<dt class='gallery-icon landscape'>\n\t\t\t\t<a href='https:\/\/vosgesinfo.fr\/app\/uploads\/sites\/4\/2025\/04\/portes-ouvertes-residence-age-dor-1.jpg'><img decoding=\"async\" width=\"150\" height=\"150\" src=\"https:\/\/vosgesinfo.fr\/app\/uploads\/sites\/4\/2025\/04\/portes-ouvertes-residence-age-dor-1-150x150.jpg\" class=\"attachment-thumbnail size-thumbnail\" alt=\"\" \/><\/a>\n\t\t\t<\/dt><\/dl><br style=\"clear: both\" \/>\n\t\t<\/div>\n\n","protected":false},"excerpt":{"rendered":"<p>Pour la premi\u00e8re fois depuis un certain nombre d&rsquo;ann\u00e9es, la R\u00e9sidence de l&rsquo;\u00c2ge d&rsquo;Or de Saint-Di\u00e9-des-Vosges ouvrait ses portes en [&hellip;]<\/p>\n","protected":false},"author":46,"featured_media":77297,"comment_status":"open","ping_status":"open","sticky":false,"template":"","format":"standard","meta":{"footnotes":""},"categories":[460,167,4152],"tags":[306,16935,4033],"class_list":["post-77296","post","type-post","status-publish","format-standard","has-post-thumbnail","hentry","category-a-la-une","category-saint-die-des-vosges","category-sante","tag-portes-ouvertes","tag-portes-ouvertes-de-la-residence-de-lage-dor","tag-residence-de-lage-dor"],"acf":[],"yoast_head":"<!-- This site is optimized with the Yoast SEO plugin v22.5 - https:\/\/yoast.com\/wordpress\/plugins\/seo\/ -->\n<title>Ce samedi, la R\u00e9sidence de l&#039;\u00c2ge d&#039;Or ouvrait ses portes - Saint Die Info<\/title>\n<meta name=\"robots\" content=\"index, follow, max-snippet:-1, max-image-preview:large, max-video-preview:-1\" \/>\n<link rel=\"canonical\" href=\"https:\/\/vosgesinfo.fr\/saintdieinfo\/2025\/04\/ce-samedi-la-residence-de-lage-dor-ouvrait-ses-portes\/\" \/>\n<meta name=\"twitter:card\" content=\"summary_large_image\" \/>\n<meta name=\"twitter:title\" content=\"Ce samedi, la R\u00e9sidence de l&#039;\u00c2ge d&#039;Or ouvrait ses portes - Saint Die Info\" \/>\n<meta name=\"twitter:description\" content=\"Pour la premi\u00e8re fois depuis un certain nombre d&rsquo;ann\u00e9es, la R\u00e9sidence de l&rsquo;\u00c2ge d&rsquo;Or de Saint-Di\u00e9-des-Vosges ouvrait ses portes en [&hellip;]\" \/>\n<meta name=\"twitter:image\" content=\"https:\/\/vosgesinfo.fr\/app\/uploads\/sites\/4\/2025\/04\/portes-ouvertes-residence-age-dor-2.jpg\" \/>\n<meta name=\"twitter:creator\" content=\"@VosgesInfo88\" \/>\n<meta name=\"twitter:site\" content=\"@VosgesInfo88\" \/>\n<meta name=\"twitter:label1\" content=\"\u00c9crit par\" \/>\n\t<meta name=\"twitter:data1\" content=\"J.J.\" \/>\n\t<meta name=\"twitter:label2\" content=\"Dur\u00e9e de lecture estim\u00e9e\" \/>\n\t<meta name=\"twitter:data2\" content=\"2 minutes\" \/>\n<script type=\"application\/ld+json\" class=\"yoast-schema-graph\">{\"@context\":\"https:\/\/schema.org\",\"@graph\":[{\"@type\":\"Article\",\"@id\":\"https:\/\/vosgesinfo.fr\/saintdieinfo\/2025\/04\/ce-samedi-la-residence-de-lage-dor-ouvrait-ses-portes\/#article\",\"isPartOf\":{\"@id\":\"https:\/\/vosgesinfo.fr\/saintdieinfo\/2025\/04\/ce-samedi-la-residence-de-lage-dor-ouvrait-ses-portes\/\"},\"author\":{\"name\":\"J.J.\",\"@id\":\"https:\/\/vosgesinfo.fr\/saintdieinfo\/#\/schema\/person\/fa73e9f726d67bb88f46d5b7943cb572\"},\"headline\":\"Ce samedi, la R\u00e9sidence de l&rsquo;\u00c2ge d&rsquo;Or ouvrait ses portes\",\"datePublished\":\"2025-04-26T16:52:37+00:00\",\"dateModified\":\"2025-04-26T16:42:04+00:00\",\"mainEntityOfPage\":{\"@id\":\"https:\/\/vosgesinfo.fr\/saintdieinfo\/2025\/04\/ce-samedi-la-residence-de-lage-dor-ouvrait-ses-portes\/\"},\"wordCount\":230,\"commentCount\":1,\"publisher\":{\"@id\":\"https:\/\/vosgesinfo.fr\/saintdieinfo\/#organization\"},\"image\":{\"@id\":\"https:\/\/vosgesinfo.fr\/saintdieinfo\/2025\/04\/ce-samedi-la-residence-de-lage-dor-ouvrait-ses-portes\/#primaryimage\"},\"thumbnailUrl\":\"https:\/\/vosgesinfo.fr\/app\/uploads\/sites\/4\/2025\/04\/portes-ouvertes-residence-age-dor-2.jpg\",\"keywords\":[\"portes ouvertes\",\"Portes-ouvertes de la R\u00e9sidence de l'\u00c2ge d'Or\",\"R\u00e9sidence de l'\u00c2ge d'Or\"],\"articleSection\":[\"A la Une\",\"Saint-Di\u00e9-des-Vosges\",\"Sant\u00e9\"],\"inLanguage\":\"fr-FR\",\"potentialAction\":[{\"@type\":\"CommentAction\",\"name\":\"Comment\",\"target\":[\"https:\/\/vosgesinfo.fr\/saintdieinfo\/2025\/04\/ce-samedi-la-residence-de-lage-dor-ouvrait-ses-portes\/#respond\"]}]},{\"@type\":\"WebPage\",\"@id\":\"https:\/\/vosgesinfo.fr\/saintdieinfo\/2025\/04\/ce-samedi-la-residence-de-lage-dor-ouvrait-ses-portes\/\",\"url\":\"https:\/\/vosgesinfo.fr\/saintdieinfo\/2025\/04\/ce-samedi-la-residence-de-lage-dor-ouvrait-ses-portes\/\",\"name\":\"Ce samedi, la R\u00e9sidence de l'\u00c2ge d'Or ouvrait ses portes - Saint Die Info\",\"isPartOf\":{\"@id\":\"https:\/\/vosgesinfo.fr\/saintdieinfo\/#website\"},\"primaryImageOfPage\":{\"@id\":\"https:\/\/vosgesinfo.fr\/saintdieinfo\/2025\/04\/ce-samedi-la-residence-de-lage-dor-ouvrait-ses-portes\/#primaryimage\"},\"image\":{\"@id\":\"https:\/\/vosgesinfo.fr\/saintdieinfo\/2025\/04\/ce-samedi-la-residence-de-lage-dor-ouvrait-ses-portes\/#primaryimage\"},\"thumbnailUrl\":\"https:\/\/vosgesinfo.fr\/app\/uploads\/sites\/4\/2025\/04\/portes-ouvertes-residence-age-dor-2.jpg\",\"datePublished\":\"2025-04-26T16:52:37+00:00\",\"dateModified\":\"2025-04-26T16:42:04+00:00\",\"breadcrumb\":{\"@id\":\"https:\/\/vosgesinfo.fr\/saintdieinfo\/2025\/04\/ce-samedi-la-residence-de-lage-dor-ouvrait-ses-portes\/#breadcrumb\"},\"inLanguage\":\"fr-FR\",\"potentialAction\":[{\"@type\":\"ReadAction\",\"target\":[\"https:\/\/vosgesinfo.fr\/saintdieinfo\/2025\/04\/ce-samedi-la-residence-de-lage-dor-ouvrait-ses-portes\/\"]}]},{\"@type\":\"ImageObject\",\"inLanguage\":\"fr-FR\",\"@id\":\"https:\/\/vosgesinfo.fr\/saintdieinfo\/2025\/04\/ce-samedi-la-residence-de-lage-dor-ouvrait-ses-portes\/#primaryimage\",\"url\":\"https:\/\/vosgesinfo.fr\/app\/uploads\/sites\/4\/2025\/04\/portes-ouvertes-residence-age-dor-2.jpg\",\"contentUrl\":\"https:\/\/vosgesinfo.fr\/app\/uploads\/sites\/4\/2025\/04\/portes-ouvertes-residence-age-dor-2.jpg\",\"width\":1200,\"height\":800,\"caption\":\"(Photographies Marc Fourniquet)\"},{\"@type\":\"BreadcrumbList\",\"@id\":\"https:\/\/vosgesinfo.fr\/saintdieinfo\/2025\/04\/ce-samedi-la-residence-de-lage-dor-ouvrait-ses-portes\/#breadcrumb\",\"itemListElement\":[{\"@type\":\"ListItem\",\"position\":1,\"name\":\"Home\",\"item\":\"https:\/\/vosgesinfo.fr\/saintdieinfo\/\"},{\"@type\":\"ListItem\",\"position\":2,\"name\":\"Ce samedi, la R\u00e9sidence de l&rsquo;\u00c2ge d&rsquo;Or ouvrait ses portes\"}]},{\"@type\":\"WebSite\",\"@id\":\"https:\/\/vosgesinfo.fr\/saintdieinfo\/#website\",\"url\":\"https:\/\/vosgesinfo.fr\/saintdieinfo\/\",\"name\":\"Saint Die Info\",\"description\":\"Toute l&#039;actualit\u00e9 de Saint-Di\u00e9-Des-Vosges\",\"publisher\":{\"@id\":\"https:\/\/vosgesinfo.fr\/saintdieinfo\/#organization\"},\"alternateName\":\"Toute l'actualit\u00e9 de Saint-Di\u00e9-Des-Vosges\",\"potentialAction\":[{\"@type\":\"SearchAction\",\"target\":{\"@type\":\"EntryPoint\",\"urlTemplate\":\"https:\/\/vosgesinfo.fr\/saintdieinfo\/?s={search_term_string}\"},\"query-input\":\"required name=search_term_string\"}],\"inLanguage\":\"fr-FR\"},{\"@type\":\"Organization\",\"@id\":\"https:\/\/vosgesinfo.fr\/saintdieinfo\/#organization\",\"name\":\"Saint Die Info\",\"url\":\"https:\/\/vosgesinfo.fr\/saintdieinfo\/\",\"logo\":{\"@type\":\"ImageObject\",\"inLanguage\":\"fr-FR\",\"@id\":\"https:\/\/vosgesinfo.fr\/saintdieinfo\/#\/schema\/logo\/image\/\",\"url\":\"https:\/\/vosgesinfo.fr\/app\/uploads\/sites\/4\/2024\/02\/logo-sdi.jpg\",\"contentUrl\":\"https:\/\/vosgesinfo.fr\/app\/uploads\/sites\/4\/2024\/02\/logo-sdi.jpg\",\"width\":600,\"height\":600,\"caption\":\"Saint Die Info\"},\"image\":{\"@id\":\"https:\/\/vosgesinfo.fr\/saintdieinfo\/#\/schema\/logo\/image\/\"},\"sameAs\":[\"https:\/\/www.facebook.com\/Saintdieinfofr\",\"https:\/\/x.com\/VosgesInfo88\",\"https:\/\/www.youtube.com\/@vosgesinfo\"]},{\"@type\":\"Person\",\"@id\":\"https:\/\/vosgesinfo.fr\/saintdieinfo\/#\/schema\/person\/fa73e9f726d67bb88f46d5b7943cb572\",\"name\":\"J.J.\",\"image\":{\"@type\":\"ImageObject\",\"inLanguage\":\"fr-FR\",\"@id\":\"https:\/\/vosgesinfo.fr\/saintdieinfo\/#\/schema\/person\/image\/\",\"url\":\"https:\/\/secure.gravatar.com\/avatar\/219e749e47ffbcca018a360ae4add7d4cdf1cdaaf8bc7676b27efade3fe65615?s=96&d=mm&r=g\",\"contentUrl\":\"https:\/\/secure.gravatar.com\/avatar\/219e749e47ffbcca018a360ae4add7d4cdf1cdaaf8bc7676b27efade3fe65615?s=96&d=mm&r=g\",\"caption\":\"J.J.\"},\"url\":\"https:\/\/vosgesinfo.fr\/saintdieinfo\/author\/j-j\/\"}]}<\/script>\n<!-- \/ Yoast SEO plugin. -->","yoast_head_json":{"title":"Ce samedi, la R\u00e9sidence de l'\u00c2ge d'Or ouvrait ses portes - Saint Die Info","robots":{"index":"index","follow":"follow","max-snippet":"max-snippet:-1","max-image-preview":"max-image-preview:large","max-video-preview":"max-video-preview:-1"},"canonical":"https:\/\/vosgesinfo.fr\/saintdieinfo\/2025\/04\/ce-samedi-la-residence-de-lage-dor-ouvrait-ses-portes\/","twitter_card":"summary_large_image","twitter_title":"Ce samedi, la R\u00e9sidence de l'\u00c2ge d'Or ouvrait ses portes - Saint Die Info","twitter_description":"Pour la premi\u00e8re fois depuis un certain nombre d&rsquo;ann\u00e9es, la R\u00e9sidence de l&rsquo;\u00c2ge d&rsquo;Or de Saint-Di\u00e9-des-Vosges ouvrait ses portes en [&hellip;]","twitter_image":"https:\/\/vosgesinfo.fr\/app\/uploads\/sites\/4\/2025\/04\/portes-ouvertes-residence-age-dor-2.jpg","twitter_creator":"@VosgesInfo88","twitter_site":"@VosgesInfo88","twitter_misc":{"\u00c9crit par":"J.J.","Dur\u00e9e de lecture estim\u00e9e":"2 minutes"},"schema":{"@context":"https:\/\/schema.org","@graph":[{"@type":"Article","@id":"https:\/\/vosgesinfo.fr\/saintdieinfo\/2025\/04\/ce-samedi-la-residence-de-lage-dor-ouvrait-ses-portes\/#article","isPartOf":{"@id":"https:\/\/vosgesinfo.fr\/saintdieinfo\/2025\/04\/ce-samedi-la-residence-de-lage-dor-ouvrait-ses-portes\/"},"author":{"name":"J.J.","@id":"https:\/\/vosgesinfo.fr\/saintdieinfo\/#\/schema\/person\/fa73e9f726d67bb88f46d5b7943cb572"},"headline":"Ce samedi, la R\u00e9sidence de l&rsquo;\u00c2ge d&rsquo;Or ouvrait ses portes","datePublished":"2025-04-26T16:52:37+00:00","dateModified":"2025-04-26T16:42:04+00:00","mainEntityOfPage":{"@id":"https:\/\/vosgesinfo.fr\/saintdieinfo\/2025\/04\/ce-samedi-la-residence-de-lage-dor-ouvrait-ses-portes\/"},"wordCount":230,"commentCount":1,"publisher":{"@id":"https:\/\/vosgesinfo.fr\/saintdieinfo\/#organization"},"image":{"@id":"https:\/\/vosgesinfo.fr\/saintdieinfo\/2025\/04\/ce-samedi-la-residence-de-lage-dor-ouvrait-ses-portes\/#primaryimage"},"thumbnailUrl":"https:\/\/vosgesinfo.fr\/app\/uploads\/sites\/4\/2025\/04\/portes-ouvertes-residence-age-dor-2.jpg","keywords":["portes ouvertes","Portes-ouvertes de la R\u00e9sidence de l'\u00c2ge d'Or","R\u00e9sidence de l'\u00c2ge d'Or"],"articleSection":["A la Une","Saint-Di\u00e9-des-Vosges","Sant\u00e9"],"inLanguage":"fr-FR","potentialAction":[{"@type":"CommentAction","name":"Comment","target":["https:\/\/vosgesinfo.fr\/saintdieinfo\/2025\/04\/ce-samedi-la-residence-de-lage-dor-ouvrait-ses-portes\/#respond"]}]},{"@type":"WebPage","@id":"https:\/\/vosgesinfo.fr\/saintdieinfo\/2025\/04\/ce-samedi-la-residence-de-lage-dor-ouvrait-ses-portes\/","url":"https:\/\/vosgesinfo.fr\/saintdieinfo\/2025\/04\/ce-samedi-la-residence-de-lage-dor-ouvrait-ses-portes\/","name":"Ce samedi, la R\u00e9sidence de l'\u00c2ge d'Or ouvrait ses portes - Saint Die Info","isPartOf":{"@id":"https:\/\/vosgesinfo.fr\/saintdieinfo\/#website"},"primaryImageOfPage":{"@id":"https:\/\/vosgesinfo.fr\/saintdieinfo\/2025\/04\/ce-samedi-la-residence-de-lage-dor-ouvrait-ses-portes\/#primaryimage"},"image":{"@id":"https:\/\/vosgesinfo.fr\/saintdieinfo\/2025\/04\/ce-samedi-la-residence-de-lage-dor-ouvrait-ses-portes\/#primaryimage"},"thumbnailUrl":"https:\/\/vosgesinfo.fr\/app\/uploads\/sites\/4\/2025\/04\/portes-ouvertes-residence-age-dor-2.jpg","datePublished":"2025-04-26T16:52:37+00:00","dateModified":"2025-04-26T16:42:04+00:00","breadcrumb":{"@id":"https:\/\/vosgesinfo.fr\/saintdieinfo\/2025\/04\/ce-samedi-la-residence-de-lage-dor-ouvrait-ses-portes\/#breadcrumb"},"inLanguage":"fr-FR","potentialAction":[{"@type":"ReadAction","target":["https:\/\/vosgesinfo.fr\/saintdieinfo\/2025\/04\/ce-samedi-la-residence-de-lage-dor-ouvrait-ses-portes\/"]}]},{"@type":"ImageObject","inLanguage":"fr-FR","@id":"https:\/\/vosgesinfo.fr\/saintdieinfo\/2025\/04\/ce-samedi-la-residence-de-lage-dor-ouvrait-ses-portes\/#primaryimage","url":"https:\/\/vosgesinfo.fr\/app\/uploads\/sites\/4\/2025\/04\/portes-ouvertes-residence-age-dor-2.jpg","contentUrl":"https:\/\/vosgesinfo.fr\/app\/uploads\/sites\/4\/2025\/04\/portes-ouvertes-residence-age-dor-2.jpg","width":1200,"height":800,"caption":"(Photographies Marc Fourniquet)"},{"@type":"BreadcrumbList","@id":"https:\/\/vosgesinfo.fr\/saintdieinfo\/2025\/04\/ce-samedi-la-residence-de-lage-dor-ouvrait-ses-portes\/#breadcrumb","itemListElement":[{"@type":"ListItem","position":1,"name":"Home","item":"https:\/\/vosgesinfo.fr\/saintdieinfo\/"},{"@type":"ListItem","position":2,"name":"Ce samedi, la R\u00e9sidence de l&rsquo;\u00c2ge d&rsquo;Or ouvrait ses portes"}]},{"@type":"WebSite","@id":"https:\/\/vosgesinfo.fr\/saintdieinfo\/#website","url":"https:\/\/vosgesinfo.fr\/saintdieinfo\/","name":"Saint Die Info","description":"Toute l&#039;actualit\u00e9 de Saint-Di\u00e9-Des-Vosges","publisher":{"@id":"https:\/\/vosgesinfo.fr\/saintdieinfo\/#organization"},"alternateName":"Toute l'actualit\u00e9 de Saint-Di\u00e9-Des-Vosges","potentialAction":[{"@type":"SearchAction","target":{"@type":"EntryPoint","urlTemplate":"https:\/\/vosgesinfo.fr\/saintdieinfo\/?s={search_term_string}"},"query-input":"required name=search_term_string"}],"inLanguage":"fr-FR"},{"@type":"Organization","@id":"https:\/\/vosgesinfo.fr\/saintdieinfo\/#organization","name":"Saint Die Info","url":"https:\/\/vosgesinfo.fr\/saintdieinfo\/","logo":{"@type":"ImageObject","inLanguage":"fr-FR","@id":"https:\/\/vosgesinfo.fr\/saintdieinfo\/#\/schema\/logo\/image\/","url":"https:\/\/vosgesinfo.fr\/app\/uploads\/sites\/4\/2024\/02\/logo-sdi.jpg","contentUrl":"https:\/\/vosgesinfo.fr\/app\/uploads\/sites\/4\/2024\/02\/logo-sdi.jpg","width":600,"height":600,"caption":"Saint Die Info"},"image":{"@id":"https:\/\/vosgesinfo.fr\/saintdieinfo\/#\/schema\/logo\/image\/"},"sameAs":["https:\/\/www.facebook.com\/Saintdieinfofr","https:\/\/x.com\/VosgesInfo88","https:\/\/www.youtube.com\/@vosgesinfo"]},{"@type":"Person","@id":"https:\/\/vosgesinfo.fr\/saintdieinfo\/#\/schema\/person\/fa73e9f726d67bb88f46d5b7943cb572","name":"J.J.","image":{"@type":"ImageObject","inLanguage":"fr-FR","@id":"https:\/\/vosgesinfo.fr\/saintdieinfo\/#\/schema\/person\/image\/","url":"https:\/\/secure.gravatar.com\/avatar\/219e749e47ffbcca018a360ae4add7d4cdf1cdaaf8bc7676b27efade3fe65615?s=96&d=mm&r=g","contentUrl":"https:\/\/secure.gravatar.com\/avatar\/219e749e47ffbcca018a360ae4add7d4cdf1cdaaf8bc7676b27efade3fe65615?s=96&d=mm&r=g","caption":"J.J."},"url":"https:\/\/vosgesinfo.fr\/saintdieinfo\/author\/j-j\/"}]}},"_links":{"self":[{"href":"https:\/\/vosgesinfo.fr\/saintdieinfo\/wp-json\/wp\/v2\/posts\/77296","targetHints":{"allow":["GET"]}}],"collection":[{"href":"https:\/\/vosgesinfo.fr\/saintdieinfo\/wp-json\/wp\/v2\/posts"}],"about":[{"href":"https:\/\/vosgesinfo.fr\/saintdieinfo\/wp-json\/wp\/v2\/types\/post"}],"author":[{"embeddable":true,"href":"https:\/\/vosgesinfo.fr\/saintdieinfo\/wp-json\/wp\/v2\/users\/46"}],"replies":[{"embeddable":true,"href":"https:\/\/vosgesinfo.fr\/saintdieinfo\/wp-json\/wp\/v2\/comments?post=77296"}],"version-history":[{"count":3,"href":"https:\/\/vosgesinfo.fr\/saintdieinfo\/wp-json\/wp\/v2\/posts\/77296\/revisions"}],"predecessor-version":[{"id":77302,"href":"https:\/\/vosgesinfo.fr\/saintdieinfo\/wp-json\/wp\/v2\/posts\/77296\/revisions\/77302"}],"wp:featuredmedia":[{"embeddable":true,"href":"https:\/\/vosgesinfo.fr\/saintdieinfo\/wp-json\/wp\/v2\/media\/77297"}],"wp:attachment":[{"href":"https:\/\/vosgesinfo.fr\/saintdieinfo\/wp-json\/wp\/v2\/media?parent=77296"}],"wp:term":[{"taxonomy":"category","embeddable":true,"href":"https:\/\/vosgesinfo.fr\/saintdieinfo\/wp-json\/wp\/v2\/categories?post=77296"},{"taxonomy":"post_tag","embeddable":true,"href":"https:\/\/vosgesinfo.fr\/saintdieinfo\/wp-json\/wp\/v2\/tags?post=77296"}],"curies":[{"name":"wp","href":"https:\/\/api.w.org\/{rel}","templated":true}]}}