{"id":77365,"date":"2025-04-28T10:54:23","date_gmt":"2025-04-28T08:54:23","guid":{"rendered":"https:\/\/vosgesinfo.fr\/saintdieinfo\/?p=77365"},"modified":"2025-04-28T10:42:26","modified_gmt":"2025-04-28T08:42:26","slug":"de-linterpretation-le-metier-de-taille-doucier-a-lhonneur-au-cepagrap","status":"publish","type":"post","link":"https:\/\/vosgesinfo.fr\/saintdieinfo\/2025\/04\/de-linterpretation-le-metier-de-taille-doucier-a-lhonneur-au-cepagrap\/","title":{"rendered":"\u00ab\u00a0De l&rsquo;interpr\u00e9tation\u00a0\u00bb : le m\u00e9tier de taille-doucier \u00e0 l&rsquo;honneur au CEPAGRAP"},"content":{"rendered":"<div id=\"attachment_77369\" style=\"width: 1034px\" class=\"wp-caption alignnone\"><a href=\"https:\/\/vosgesinfo.fr\/app\/uploads\/sites\/4\/2025\/04\/inauguration-exposition-de-linterpretation-cepagrap-2.jpg\"><img decoding=\"async\" aria-describedby=\"caption-attachment-77369\" class=\"size-large wp-image-77369\" src=\"https:\/\/vosgesinfo.fr\/app\/uploads\/sites\/4\/2025\/04\/inauguration-exposition-de-linterpretation-cepagrap-2-1024x683.jpg\" alt=\"\" width=\"1024\" height=\"683\" srcset=\"https:\/\/vosgesinfo.fr\/app\/uploads\/sites\/4\/2025\/04\/inauguration-exposition-de-linterpretation-cepagrap-2-1024x683.jpg 1024w, https:\/\/vosgesinfo.fr\/app\/uploads\/sites\/4\/2025\/04\/inauguration-exposition-de-linterpretation-cepagrap-2-300x200.jpg 300w, https:\/\/vosgesinfo.fr\/app\/uploads\/sites\/4\/2025\/04\/inauguration-exposition-de-linterpretation-cepagrap-2-768x512.jpg 768w, https:\/\/vosgesinfo.fr\/app\/uploads\/sites\/4\/2025\/04\/inauguration-exposition-de-linterpretation-cepagrap-2.jpg 1200w\" sizes=\"(max-width: 1024px) 100vw, 1024px\" \/><\/a><p id=\"caption-attachment-77369\" class=\"wp-caption-text\">(Photographies Marc Fourniquet)<\/p><\/div>\n<h2>Ce <strong>samedi 26 avril<\/strong>, en fin de journ\u00e9e, l\u2019<strong>Espace des arts plastiques CEPAGRAP<\/strong> a inaugur\u00e9 l\u2019exposition <a href=\"https:\/\/vosgesinfo.fr\/saintdieinfo\/2025\/04\/le-cepagrap-consacre-une-exposition-au-metier-de-taille-doucier\/\" target=\"_blank\" rel=\"noopener\"><strong>\u00ab De l&rsquo;interpr\u00e9tation \u00bb<\/strong><\/a> en pr\u00e9sence de <strong>Claude Kiener<\/strong>, vice-pr\u00e9sidente de la C<strong>ommunaut\u00e9 d&rsquo;Agglom\u00e9ration de Saint-Di\u00e9-des-Vosges<\/strong>, et de <strong>R\u00e9my Bucciali<\/strong>, \u00e9diteur d&rsquo;art et taille-doucier.<\/h2>\n<p><!--more-->L\u2019exposition rassemble trois <strong>artistes graveurs<\/strong> de la <strong>collection Bucciali<\/strong> : <strong>Alain Cl\u00e9ment<\/strong>, <strong>Martin No\u00ebl<\/strong> et <strong>Robert Shad<\/strong>, offrant au public la d\u00e9couverte d&rsquo;une <strong>trentaine d\u2019\u0153uvres.<\/strong> Visible jusqu\u2019au <strong>7 juin prochain<\/strong>, l\u2019exposition est ouverte du <strong>mardi au samedi de 15h00 \u00e0 19h00. Entr\u00e9e libre<\/strong>.<\/p>\n\n\t\t<style type=\"text\/css\">\n\t\t\t#gallery-1 {\n\t\t\t\tmargin: auto;\n\t\t\t}\n\t\t\t#gallery-1 .gallery-item {\n\t\t\t\tfloat: left;\n\t\t\t\tmargin-top: 10px;\n\t\t\t\ttext-align: center;\n\t\t\t\twidth: 33%;\n\t\t\t}\n\t\t\t#gallery-1 img {\n\t\t\t\tborder: 2px solid #cfcfcf;\n\t\t\t}\n\t\t\t#gallery-1 .gallery-caption {\n\t\t\t\tmargin-left: 0;\n\t\t\t}\n\t\t\t\/* see gallery_shortcode() in wp-includes\/media.php *\/\n\t\t<\/style>\n\t\t<div id='gallery-1' class='gallery galleryid-77365 gallery-columns-3 gallery-size-thumbnail'><dl class='gallery-item'>\n\t\t\t<dt class='gallery-icon landscape'>\n\t\t\t\t<a href='https:\/\/vosgesinfo.fr\/app\/uploads\/sites\/4\/2025\/04\/inauguration-exposition-de-linterpretation-cepagrap-4.jpg'><img decoding=\"async\" width=\"150\" height=\"150\" src=\"https:\/\/vosgesinfo.fr\/app\/uploads\/sites\/4\/2025\/04\/inauguration-exposition-de-linterpretation-cepagrap-4-150x150.jpg\" class=\"attachment-thumbnail size-thumbnail\" alt=\"\" \/><\/a>\n\t\t\t<\/dt><\/dl><dl class='gallery-item'>\n\t\t\t<dt class='gallery-icon landscape'>\n\t\t\t\t<a href='https:\/\/vosgesinfo.fr\/app\/uploads\/sites\/4\/2025\/04\/inauguration-exposition-de-linterpretation-cepagrap-3.jpg'><img decoding=\"async\" width=\"150\" height=\"150\" src=\"https:\/\/vosgesinfo.fr\/app\/uploads\/sites\/4\/2025\/04\/inauguration-exposition-de-linterpretation-cepagrap-3-150x150.jpg\" class=\"attachment-thumbnail size-thumbnail\" alt=\"\" \/><\/a>\n\t\t\t<\/dt><\/dl><dl class='gallery-item'>\n\t\t\t<dt class='gallery-icon landscape'>\n\t\t\t\t<a href='https:\/\/vosgesinfo.fr\/app\/uploads\/sites\/4\/2025\/04\/inauguration-exposition-de-linterpretation-cepagrap-1.jpg'><img decoding=\"async\" width=\"150\" height=\"150\" src=\"https:\/\/vosgesinfo.fr\/app\/uploads\/sites\/4\/2025\/04\/inauguration-exposition-de-linterpretation-cepagrap-1-150x150.jpg\" class=\"attachment-thumbnail size-thumbnail\" alt=\"\" \/><\/a>\n\t\t\t<\/dt><\/dl><br style=\"clear: both\" \/>\n\t\t<\/div>\n\n","protected":false},"excerpt":{"rendered":"<p>Ce samedi 26 avril, en fin de journ\u00e9e, l\u2019Espace des arts plastiques CEPAGRAP a inaugur\u00e9 l\u2019exposition \u00ab De l&rsquo;interpr\u00e9tation \u00bb [&hellip;]<\/p>\n","protected":false},"author":46,"featured_media":77369,"comment_status":"open","ping_status":"open","sticky":false,"template":"","format":"standard","meta":{"footnotes":""},"categories":[460,8019,167],"tags":[17016,3084,16891,6543,17013,17017,17015,17018,17014],"class_list":["post-77365","post","type-post","status-publish","format-standard","has-post-thumbnail","hentry","category-a-la-une","category-vie-artistique-art-culture","category-saint-die-des-vosges","tag-alain-clement","tag-cepagrap","tag-de-linterpretation","tag-espace-des-arts-plastiques","tag-expositon-artistique","tag-martin-noel","tag-remy-bucciali","tag-robert-shad","tag-taille-doucier"],"acf":[],"yoast_head":"<!-- This site is optimized with the Yoast SEO plugin v22.5 - https:\/\/yoast.com\/wordpress\/plugins\/seo\/ -->\n<title>&quot;De l&#039;interpr\u00e9tation&quot; : le m\u00e9tier de taille-doucier \u00e0 l&#039;honneur au CEPAGRAP - Saint Die Info<\/title>\n<meta name=\"robots\" content=\"index, follow, max-snippet:-1, max-image-preview:large, max-video-preview:-1\" \/>\n<link rel=\"canonical\" href=\"https:\/\/vosgesinfo.fr\/saintdieinfo\/2025\/04\/de-linterpretation-le-metier-de-taille-doucier-a-lhonneur-au-cepagrap\/\" \/>\n<meta name=\"twitter:card\" content=\"summary_large_image\" \/>\n<meta name=\"twitter:title\" content=\"&quot;De l&#039;interpr\u00e9tation&quot; : le m\u00e9tier de taille-doucier \u00e0 l&#039;honneur au CEPAGRAP - Saint Die Info\" \/>\n<meta name=\"twitter:description\" content=\"Ce samedi 26 avril, en fin de journ\u00e9e, l\u2019Espace des arts plastiques CEPAGRAP a inaugur\u00e9 l\u2019exposition \u00ab De l&rsquo;interpr\u00e9tation \u00bb [&hellip;]\" \/>\n<meta name=\"twitter:image\" content=\"https:\/\/vosgesinfo.fr\/app\/uploads\/sites\/4\/2025\/04\/inauguration-exposition-de-linterpretation-cepagrap-2.jpg\" \/>\n<meta name=\"twitter:creator\" content=\"@VosgesInfo88\" \/>\n<meta name=\"twitter:site\" content=\"@VosgesInfo88\" \/>\n<meta name=\"twitter:label1\" content=\"\u00c9crit par\" \/>\n\t<meta name=\"twitter:data1\" content=\"J.J.\" \/>\n\t<meta name=\"twitter:label2\" content=\"Dur\u00e9e de lecture estim\u00e9e\" \/>\n\t<meta name=\"twitter:data2\" content=\"1 minute\" \/>\n<script type=\"application\/ld+json\" class=\"yoast-schema-graph\">{\"@context\":\"https:\/\/schema.org\",\"@graph\":[{\"@type\":\"Article\",\"@id\":\"https:\/\/vosgesinfo.fr\/saintdieinfo\/2025\/04\/de-linterpretation-le-metier-de-taille-doucier-a-lhonneur-au-cepagrap\/#article\",\"isPartOf\":{\"@id\":\"https:\/\/vosgesinfo.fr\/saintdieinfo\/2025\/04\/de-linterpretation-le-metier-de-taille-doucier-a-lhonneur-au-cepagrap\/\"},\"author\":{\"name\":\"J.J.\",\"@id\":\"https:\/\/vosgesinfo.fr\/saintdieinfo\/#\/schema\/person\/fa73e9f726d67bb88f46d5b7943cb572\"},\"headline\":\"\u00ab\u00a0De l&rsquo;interpr\u00e9tation\u00a0\u00bb : le m\u00e9tier de taille-doucier \u00e0 l&rsquo;honneur au CEPAGRAP\",\"datePublished\":\"2025-04-28T08:54:23+00:00\",\"dateModified\":\"2025-04-28T08:42:26+00:00\",\"mainEntityOfPage\":{\"@id\":\"https:\/\/vosgesinfo.fr\/saintdieinfo\/2025\/04\/de-linterpretation-le-metier-de-taille-doucier-a-lhonneur-au-cepagrap\/\"},\"wordCount\":125,\"commentCount\":0,\"publisher\":{\"@id\":\"https:\/\/vosgesinfo.fr\/saintdieinfo\/#organization\"},\"image\":{\"@id\":\"https:\/\/vosgesinfo.fr\/saintdieinfo\/2025\/04\/de-linterpretation-le-metier-de-taille-doucier-a-lhonneur-au-cepagrap\/#primaryimage\"},\"thumbnailUrl\":\"https:\/\/vosgesinfo.fr\/app\/uploads\/sites\/4\/2025\/04\/inauguration-exposition-de-linterpretation-cepagrap-2.jpg\",\"keywords\":[\"Alain Cl\u00e9ment\",\"CEPAGRAP\",\"De l'interpr\u00e9tation\",\"Espace des Arts Plastiques\",\"Expositon artistique\",\"Martin No\u00ebl\",\"R\u00e9my Bucciali\",\"Robert Shad\",\"Taille-doucier\"],\"articleSection\":[\"A la Une\",\"Art\",\"Saint-Di\u00e9-des-Vosges\"],\"inLanguage\":\"fr-FR\",\"potentialAction\":[{\"@type\":\"CommentAction\",\"name\":\"Comment\",\"target\":[\"https:\/\/vosgesinfo.fr\/saintdieinfo\/2025\/04\/de-linterpretation-le-metier-de-taille-doucier-a-lhonneur-au-cepagrap\/#respond\"]}]},{\"@type\":\"WebPage\",\"@id\":\"https:\/\/vosgesinfo.fr\/saintdieinfo\/2025\/04\/de-linterpretation-le-metier-de-taille-doucier-a-lhonneur-au-cepagrap\/\",\"url\":\"https:\/\/vosgesinfo.fr\/saintdieinfo\/2025\/04\/de-linterpretation-le-metier-de-taille-doucier-a-lhonneur-au-cepagrap\/\",\"name\":\"\\\"De l'interpr\u00e9tation\\\" : le m\u00e9tier de taille-doucier \u00e0 l'honneur au CEPAGRAP - Saint Die Info\",\"isPartOf\":{\"@id\":\"https:\/\/vosgesinfo.fr\/saintdieinfo\/#website\"},\"primaryImageOfPage\":{\"@id\":\"https:\/\/vosgesinfo.fr\/saintdieinfo\/2025\/04\/de-linterpretation-le-metier-de-taille-doucier-a-lhonneur-au-cepagrap\/#primaryimage\"},\"image\":{\"@id\":\"https:\/\/vosgesinfo.fr\/saintdieinfo\/2025\/04\/de-linterpretation-le-metier-de-taille-doucier-a-lhonneur-au-cepagrap\/#primaryimage\"},\"thumbnailUrl\":\"https:\/\/vosgesinfo.fr\/app\/uploads\/sites\/4\/2025\/04\/inauguration-exposition-de-linterpretation-cepagrap-2.jpg\",\"datePublished\":\"2025-04-28T08:54:23+00:00\",\"dateModified\":\"2025-04-28T08:42:26+00:00\",\"breadcrumb\":{\"@id\":\"https:\/\/vosgesinfo.fr\/saintdieinfo\/2025\/04\/de-linterpretation-le-metier-de-taille-doucier-a-lhonneur-au-cepagrap\/#breadcrumb\"},\"inLanguage\":\"fr-FR\",\"potentialAction\":[{\"@type\":\"ReadAction\",\"target\":[\"https:\/\/vosgesinfo.fr\/saintdieinfo\/2025\/04\/de-linterpretation-le-metier-de-taille-doucier-a-lhonneur-au-cepagrap\/\"]}]},{\"@type\":\"ImageObject\",\"inLanguage\":\"fr-FR\",\"@id\":\"https:\/\/vosgesinfo.fr\/saintdieinfo\/2025\/04\/de-linterpretation-le-metier-de-taille-doucier-a-lhonneur-au-cepagrap\/#primaryimage\",\"url\":\"https:\/\/vosgesinfo.fr\/app\/uploads\/sites\/4\/2025\/04\/inauguration-exposition-de-linterpretation-cepagrap-2.jpg\",\"contentUrl\":\"https:\/\/vosgesinfo.fr\/app\/uploads\/sites\/4\/2025\/04\/inauguration-exposition-de-linterpretation-cepagrap-2.jpg\",\"width\":1200,\"height\":800,\"caption\":\"(Photographies Marc Fourniquet)\"},{\"@type\":\"BreadcrumbList\",\"@id\":\"https:\/\/vosgesinfo.fr\/saintdieinfo\/2025\/04\/de-linterpretation-le-metier-de-taille-doucier-a-lhonneur-au-cepagrap\/#breadcrumb\",\"itemListElement\":[{\"@type\":\"ListItem\",\"position\":1,\"name\":\"Home\",\"item\":\"https:\/\/vosgesinfo.fr\/saintdieinfo\/\"},{\"@type\":\"ListItem\",\"position\":2,\"name\":\"\u00ab\u00a0De l&rsquo;interpr\u00e9tation\u00a0\u00bb : le m\u00e9tier de taille-doucier \u00e0 l&rsquo;honneur au CEPAGRAP\"}]},{\"@type\":\"WebSite\",\"@id\":\"https:\/\/vosgesinfo.fr\/saintdieinfo\/#website\",\"url\":\"https:\/\/vosgesinfo.fr\/saintdieinfo\/\",\"name\":\"Saint Die Info\",\"description\":\"Toute l&#039;actualit\u00e9 de Saint-Di\u00e9-Des-Vosges\",\"publisher\":{\"@id\":\"https:\/\/vosgesinfo.fr\/saintdieinfo\/#organization\"},\"alternateName\":\"Toute l'actualit\u00e9 de Saint-Di\u00e9-Des-Vosges\",\"potentialAction\":[{\"@type\":\"SearchAction\",\"target\":{\"@type\":\"EntryPoint\",\"urlTemplate\":\"https:\/\/vosgesinfo.fr\/saintdieinfo\/?s={search_term_string}\"},\"query-input\":\"required name=search_term_string\"}],\"inLanguage\":\"fr-FR\"},{\"@type\":\"Organization\",\"@id\":\"https:\/\/vosgesinfo.fr\/saintdieinfo\/#organization\",\"name\":\"Saint Die Info\",\"url\":\"https:\/\/vosgesinfo.fr\/saintdieinfo\/\",\"logo\":{\"@type\":\"ImageObject\",\"inLanguage\":\"fr-FR\",\"@id\":\"https:\/\/vosgesinfo.fr\/saintdieinfo\/#\/schema\/logo\/image\/\",\"url\":\"https:\/\/vosgesinfo.fr\/app\/uploads\/sites\/4\/2024\/02\/logo-sdi.jpg\",\"contentUrl\":\"https:\/\/vosgesinfo.fr\/app\/uploads\/sites\/4\/2024\/02\/logo-sdi.jpg\",\"width\":600,\"height\":600,\"caption\":\"Saint Die Info\"},\"image\":{\"@id\":\"https:\/\/vosgesinfo.fr\/saintdieinfo\/#\/schema\/logo\/image\/\"},\"sameAs\":[\"https:\/\/www.facebook.com\/Saintdieinfofr\",\"https:\/\/x.com\/VosgesInfo88\",\"https:\/\/www.youtube.com\/@vosgesinfo\"]},{\"@type\":\"Person\",\"@id\":\"https:\/\/vosgesinfo.fr\/saintdieinfo\/#\/schema\/person\/fa73e9f726d67bb88f46d5b7943cb572\",\"name\":\"J.J.\",\"image\":{\"@type\":\"ImageObject\",\"inLanguage\":\"fr-FR\",\"@id\":\"https:\/\/vosgesinfo.fr\/saintdieinfo\/#\/schema\/person\/image\/\",\"url\":\"https:\/\/secure.gravatar.com\/avatar\/219e749e47ffbcca018a360ae4add7d4cdf1cdaaf8bc7676b27efade3fe65615?s=96&d=mm&r=g\",\"contentUrl\":\"https:\/\/secure.gravatar.com\/avatar\/219e749e47ffbcca018a360ae4add7d4cdf1cdaaf8bc7676b27efade3fe65615?s=96&d=mm&r=g\",\"caption\":\"J.J.\"},\"url\":\"https:\/\/vosgesinfo.fr\/saintdieinfo\/author\/j-j\/\"}]}<\/script>\n<!-- \/ Yoast SEO plugin. -->","yoast_head_json":{"title":"\"De l'interpr\u00e9tation\" : le m\u00e9tier de taille-doucier \u00e0 l'honneur au CEPAGRAP - Saint Die Info","robots":{"index":"index","follow":"follow","max-snippet":"max-snippet:-1","max-image-preview":"max-image-preview:large","max-video-preview":"max-video-preview:-1"},"canonical":"https:\/\/vosgesinfo.fr\/saintdieinfo\/2025\/04\/de-linterpretation-le-metier-de-taille-doucier-a-lhonneur-au-cepagrap\/","twitter_card":"summary_large_image","twitter_title":"\"De l'interpr\u00e9tation\" : le m\u00e9tier de taille-doucier \u00e0 l'honneur au CEPAGRAP - Saint Die Info","twitter_description":"Ce samedi 26 avril, en fin de journ\u00e9e, l\u2019Espace des arts plastiques CEPAGRAP a inaugur\u00e9 l\u2019exposition \u00ab De l&rsquo;interpr\u00e9tation \u00bb [&hellip;]","twitter_image":"https:\/\/vosgesinfo.fr\/app\/uploads\/sites\/4\/2025\/04\/inauguration-exposition-de-linterpretation-cepagrap-2.jpg","twitter_creator":"@VosgesInfo88","twitter_site":"@VosgesInfo88","twitter_misc":{"\u00c9crit par":"J.J.","Dur\u00e9e de lecture estim\u00e9e":"1 minute"},"schema":{"@context":"https:\/\/schema.org","@graph":[{"@type":"Article","@id":"https:\/\/vosgesinfo.fr\/saintdieinfo\/2025\/04\/de-linterpretation-le-metier-de-taille-doucier-a-lhonneur-au-cepagrap\/#article","isPartOf":{"@id":"https:\/\/vosgesinfo.fr\/saintdieinfo\/2025\/04\/de-linterpretation-le-metier-de-taille-doucier-a-lhonneur-au-cepagrap\/"},"author":{"name":"J.J.","@id":"https:\/\/vosgesinfo.fr\/saintdieinfo\/#\/schema\/person\/fa73e9f726d67bb88f46d5b7943cb572"},"headline":"\u00ab\u00a0De l&rsquo;interpr\u00e9tation\u00a0\u00bb : le m\u00e9tier de taille-doucier \u00e0 l&rsquo;honneur au CEPAGRAP","datePublished":"2025-04-28T08:54:23+00:00","dateModified":"2025-04-28T08:42:26+00:00","mainEntityOfPage":{"@id":"https:\/\/vosgesinfo.fr\/saintdieinfo\/2025\/04\/de-linterpretation-le-metier-de-taille-doucier-a-lhonneur-au-cepagrap\/"},"wordCount":125,"commentCount":0,"publisher":{"@id":"https:\/\/vosgesinfo.fr\/saintdieinfo\/#organization"},"image":{"@id":"https:\/\/vosgesinfo.fr\/saintdieinfo\/2025\/04\/de-linterpretation-le-metier-de-taille-doucier-a-lhonneur-au-cepagrap\/#primaryimage"},"thumbnailUrl":"https:\/\/vosgesinfo.fr\/app\/uploads\/sites\/4\/2025\/04\/inauguration-exposition-de-linterpretation-cepagrap-2.jpg","keywords":["Alain Cl\u00e9ment","CEPAGRAP","De l'interpr\u00e9tation","Espace des Arts Plastiques","Expositon artistique","Martin No\u00ebl","R\u00e9my Bucciali","Robert Shad","Taille-doucier"],"articleSection":["A la Une","Art","Saint-Di\u00e9-des-Vosges"],"inLanguage":"fr-FR","potentialAction":[{"@type":"CommentAction","name":"Comment","target":["https:\/\/vosgesinfo.fr\/saintdieinfo\/2025\/04\/de-linterpretation-le-metier-de-taille-doucier-a-lhonneur-au-cepagrap\/#respond"]}]},{"@type":"WebPage","@id":"https:\/\/vosgesinfo.fr\/saintdieinfo\/2025\/04\/de-linterpretation-le-metier-de-taille-doucier-a-lhonneur-au-cepagrap\/","url":"https:\/\/vosgesinfo.fr\/saintdieinfo\/2025\/04\/de-linterpretation-le-metier-de-taille-doucier-a-lhonneur-au-cepagrap\/","name":"\"De l'interpr\u00e9tation\" : le m\u00e9tier de taille-doucier \u00e0 l'honneur au CEPAGRAP - Saint Die Info","isPartOf":{"@id":"https:\/\/vosgesinfo.fr\/saintdieinfo\/#website"},"primaryImageOfPage":{"@id":"https:\/\/vosgesinfo.fr\/saintdieinfo\/2025\/04\/de-linterpretation-le-metier-de-taille-doucier-a-lhonneur-au-cepagrap\/#primaryimage"},"image":{"@id":"https:\/\/vosgesinfo.fr\/saintdieinfo\/2025\/04\/de-linterpretation-le-metier-de-taille-doucier-a-lhonneur-au-cepagrap\/#primaryimage"},"thumbnailUrl":"https:\/\/vosgesinfo.fr\/app\/uploads\/sites\/4\/2025\/04\/inauguration-exposition-de-linterpretation-cepagrap-2.jpg","datePublished":"2025-04-28T08:54:23+00:00","dateModified":"2025-04-28T08:42:26+00:00","breadcrumb":{"@id":"https:\/\/vosgesinfo.fr\/saintdieinfo\/2025\/04\/de-linterpretation-le-metier-de-taille-doucier-a-lhonneur-au-cepagrap\/#breadcrumb"},"inLanguage":"fr-FR","potentialAction":[{"@type":"ReadAction","target":["https:\/\/vosgesinfo.fr\/saintdieinfo\/2025\/04\/de-linterpretation-le-metier-de-taille-doucier-a-lhonneur-au-cepagrap\/"]}]},{"@type":"ImageObject","inLanguage":"fr-FR","@id":"https:\/\/vosgesinfo.fr\/saintdieinfo\/2025\/04\/de-linterpretation-le-metier-de-taille-doucier-a-lhonneur-au-cepagrap\/#primaryimage","url":"https:\/\/vosgesinfo.fr\/app\/uploads\/sites\/4\/2025\/04\/inauguration-exposition-de-linterpretation-cepagrap-2.jpg","contentUrl":"https:\/\/vosgesinfo.fr\/app\/uploads\/sites\/4\/2025\/04\/inauguration-exposition-de-linterpretation-cepagrap-2.jpg","width":1200,"height":800,"caption":"(Photographies Marc Fourniquet)"},{"@type":"BreadcrumbList","@id":"https:\/\/vosgesinfo.fr\/saintdieinfo\/2025\/04\/de-linterpretation-le-metier-de-taille-doucier-a-lhonneur-au-cepagrap\/#breadcrumb","itemListElement":[{"@type":"ListItem","position":1,"name":"Home","item":"https:\/\/vosgesinfo.fr\/saintdieinfo\/"},{"@type":"ListItem","position":2,"name":"\u00ab\u00a0De l&rsquo;interpr\u00e9tation\u00a0\u00bb : le m\u00e9tier de taille-doucier \u00e0 l&rsquo;honneur au CEPAGRAP"}]},{"@type":"WebSite","@id":"https:\/\/vosgesinfo.fr\/saintdieinfo\/#website","url":"https:\/\/vosgesinfo.fr\/saintdieinfo\/","name":"Saint Die Info","description":"Toute l&#039;actualit\u00e9 de Saint-Di\u00e9-Des-Vosges","publisher":{"@id":"https:\/\/vosgesinfo.fr\/saintdieinfo\/#organization"},"alternateName":"Toute l'actualit\u00e9 de Saint-Di\u00e9-Des-Vosges","potentialAction":[{"@type":"SearchAction","target":{"@type":"EntryPoint","urlTemplate":"https:\/\/vosgesinfo.fr\/saintdieinfo\/?s={search_term_string}"},"query-input":"required name=search_term_string"}],"inLanguage":"fr-FR"},{"@type":"Organization","@id":"https:\/\/vosgesinfo.fr\/saintdieinfo\/#organization","name":"Saint Die Info","url":"https:\/\/vosgesinfo.fr\/saintdieinfo\/","logo":{"@type":"ImageObject","inLanguage":"fr-FR","@id":"https:\/\/vosgesinfo.fr\/saintdieinfo\/#\/schema\/logo\/image\/","url":"https:\/\/vosgesinfo.fr\/app\/uploads\/sites\/4\/2024\/02\/logo-sdi.jpg","contentUrl":"https:\/\/vosgesinfo.fr\/app\/uploads\/sites\/4\/2024\/02\/logo-sdi.jpg","width":600,"height":600,"caption":"Saint Die Info"},"image":{"@id":"https:\/\/vosgesinfo.fr\/saintdieinfo\/#\/schema\/logo\/image\/"},"sameAs":["https:\/\/www.facebook.com\/Saintdieinfofr","https:\/\/x.com\/VosgesInfo88","https:\/\/www.youtube.com\/@vosgesinfo"]},{"@type":"Person","@id":"https:\/\/vosgesinfo.fr\/saintdieinfo\/#\/schema\/person\/fa73e9f726d67bb88f46d5b7943cb572","name":"J.J.","image":{"@type":"ImageObject","inLanguage":"fr-FR","@id":"https:\/\/vosgesinfo.fr\/saintdieinfo\/#\/schema\/person\/image\/","url":"https:\/\/secure.gravatar.com\/avatar\/219e749e47ffbcca018a360ae4add7d4cdf1cdaaf8bc7676b27efade3fe65615?s=96&d=mm&r=g","contentUrl":"https:\/\/secure.gravatar.com\/avatar\/219e749e47ffbcca018a360ae4add7d4cdf1cdaaf8bc7676b27efade3fe65615?s=96&d=mm&r=g","caption":"J.J."},"url":"https:\/\/vosgesinfo.fr\/saintdieinfo\/author\/j-j\/"}]}},"_links":{"self":[{"href":"https:\/\/vosgesinfo.fr\/saintdieinfo\/wp-json\/wp\/v2\/posts\/77365","targetHints":{"allow":["GET"]}}],"collection":[{"href":"https:\/\/vosgesinfo.fr\/saintdieinfo\/wp-json\/wp\/v2\/posts"}],"about":[{"href":"https:\/\/vosgesinfo.fr\/saintdieinfo\/wp-json\/wp\/v2\/types\/post"}],"author":[{"embeddable":true,"href":"https:\/\/vosgesinfo.fr\/saintdieinfo\/wp-json\/wp\/v2\/users\/46"}],"replies":[{"embeddable":true,"href":"https:\/\/vosgesinfo.fr\/saintdieinfo\/wp-json\/wp\/v2\/comments?post=77365"}],"version-history":[{"count":1,"href":"https:\/\/vosgesinfo.fr\/saintdieinfo\/wp-json\/wp\/v2\/posts\/77365\/revisions"}],"predecessor-version":[{"id":77372,"href":"https:\/\/vosgesinfo.fr\/saintdieinfo\/wp-json\/wp\/v2\/posts\/77365\/revisions\/77372"}],"wp:featuredmedia":[{"embeddable":true,"href":"https:\/\/vosgesinfo.fr\/saintdieinfo\/wp-json\/wp\/v2\/media\/77369"}],"wp:attachment":[{"href":"https:\/\/vosgesinfo.fr\/saintdieinfo\/wp-json\/wp\/v2\/media?parent=77365"}],"wp:term":[{"taxonomy":"category","embeddable":true,"href":"https:\/\/vosgesinfo.fr\/saintdieinfo\/wp-json\/wp\/v2\/categories?post=77365"},{"taxonomy":"post_tag","embeddable":true,"href":"https:\/\/vosgesinfo.fr\/saintdieinfo\/wp-json\/wp\/v2\/tags?post=77365"}],"curies":[{"name":"wp","href":"https:\/\/api.w.org\/{rel}","templated":true}]}}