{"id":77419,"date":"2025-04-28T18:03:46","date_gmt":"2025-04-28T16:03:46","guid":{"rendered":"https:\/\/vosgesinfo.fr\/saintdieinfo\/?p=77419"},"modified":"2025-04-28T17:51:47","modified_gmt":"2025-04-28T15:51:47","slug":"volley-ball-fin-de-saison-idyllique-pour-les-louves","status":"publish","type":"post","link":"https:\/\/vosgesinfo.fr\/saintdieinfo\/2025\/04\/volley-ball-fin-de-saison-idyllique-pour-les-louves\/","title":{"rendered":"Volley-ball\u00a0: fin de saison idyllique pour les Louves"},"content":{"rendered":"<div id=\"attachment_77415\" style=\"width: 1034px\" class=\"wp-caption alignnone\"><a href=\"https:\/\/vosgesinfo.fr\/app\/uploads\/sites\/4\/2025\/04\/fin-saison-idyllique-les-louves.png\"><img decoding=\"async\" aria-describedby=\"caption-attachment-77415\" class=\"size-large wp-image-77415\" src=\"https:\/\/vosgesinfo.fr\/app\/uploads\/sites\/4\/2025\/04\/fin-saison-idyllique-les-louves-1024x670.png\" alt=\"\" width=\"1024\" height=\"670\" srcset=\"https:\/\/vosgesinfo.fr\/app\/uploads\/sites\/4\/2025\/04\/fin-saison-idyllique-les-louves-1024x670.png 1024w, https:\/\/vosgesinfo.fr\/app\/uploads\/sites\/4\/2025\/04\/fin-saison-idyllique-les-louves-300x196.png 300w, https:\/\/vosgesinfo.fr\/app\/uploads\/sites\/4\/2025\/04\/fin-saison-idyllique-les-louves-768x502.png 768w, https:\/\/vosgesinfo.fr\/app\/uploads\/sites\/4\/2025\/04\/fin-saison-idyllique-les-louves.png 1131w\" sizes=\"(max-width: 1024px) 100vw, 1024px\" \/><\/a><p id=\"caption-attachment-77415\" class=\"wp-caption-text\">(Photographie Saint-Di\u00e9 Volley-Ball)<\/p><\/div>\n<h2><strong>Les Louves<\/strong> ont conclu leur saison de la meilleure des mani\u00e8res, en s&rsquo;imposant samedi soir par <strong>3 sets \u00e0 0<\/strong> \u00e0 domicile contre <strong>Valenciennes<\/strong>, au terme d&rsquo;un match de haut niveau tr\u00e8s disput\u00e9. Score final de <strong>30-28; 27-25; 25-17<\/strong>.<\/h2>\n<p><!--more--><\/p>\n<p>Une derni\u00e8re victoire en championnat qui vient d\u00e9finitivement <strong>inscrire dans le marbre<\/strong> une saison 2024-2025 idyllique, avec une <strong>invincibilit\u00e9 en championnat<\/strong> synonyme d&rsquo;une mont\u00e9e en <strong>Ligue Saforelle Power 6<\/strong> \u2013 la Ligue Pro \u2013 et une <strong>deuxi\u00e8me victoire cons\u00e9cutive en Coupe de France f\u00e9d\u00e9rale<\/strong>.<\/p>\n<p>La conclusion est d&rsquo;autant plus belle qu&rsquo;elle s&rsquo;est d\u00e9roul\u00e9e devant quelques <strong>1250 spectateurs<\/strong>&#8230; soit le <strong>record d&rsquo;affluence de la saison<\/strong> au <strong>Palais Omnisports Joseph-Claudel<\/strong>.<\/p>\n<p>Apr\u00e8s le match, et apr\u00e8s la vente aux ench\u00e8res des maillots de chacune des Louves, l&rsquo;heure \u00e9tait au jubil\u00e9 de la capitaine <strong>Julie Mollinger<\/strong> qui, \u00e0 <strong>35 ans<\/strong>, quitte la comp\u00e9tition&#8230; mais ne quitte pas pour autant le <strong>Saint-Di\u00e9 Volley-Ball<\/strong>, puisqu&rsquo;elle y occupera d\u00e9sormais les fonctions de <strong>coach d&rsquo;\u00e9quipe<\/strong>. Samedi soir, elle a re\u00e7u la <strong>m\u00e9daille de la ville<\/strong> des mains du maire <strong>Bruno Toussaint<\/strong>.<\/p>\n<p>Rendez-vous d\u00e9sormais la saison prochaine en <strong>Ligue Saforelle Power 6<\/strong> ! Le r\u00eave de feu <strong>Pierre Mercier<\/strong> est devenu r\u00e9alit\u00e9&#8230; en sachant que ce sera la <strong>premi\u00e8re fois<\/strong>, dans l&rsquo;histoire de <strong>Saint-Di\u00e9-des-Vosges<\/strong>, qu&rsquo;une \u00e9quipe sportive \u00e9voluera dans un <strong>championnat professionnel<\/strong>.<\/p>\n<p>J.J.<\/p>\n<div id=\"attachment_77416\" style=\"width: 1034px\" class=\"wp-caption alignnone\"><a href=\"https:\/\/vosgesinfo.fr\/app\/uploads\/sites\/4\/2025\/04\/jubile-julie-mollinger.jpg\"><img decoding=\"async\" aria-describedby=\"caption-attachment-77416\" class=\"size-large wp-image-77416\" src=\"https:\/\/vosgesinfo.fr\/app\/uploads\/sites\/4\/2025\/04\/jubile-julie-mollinger-1024x768.jpg\" alt=\"\" width=\"1024\" height=\"768\" srcset=\"https:\/\/vosgesinfo.fr\/app\/uploads\/sites\/4\/2025\/04\/jubile-julie-mollinger-1024x768.jpg 1024w, https:\/\/vosgesinfo.fr\/app\/uploads\/sites\/4\/2025\/04\/jubile-julie-mollinger-300x225.jpg 300w, https:\/\/vosgesinfo.fr\/app\/uploads\/sites\/4\/2025\/04\/jubile-julie-mollinger-768x576.jpg 768w, https:\/\/vosgesinfo.fr\/app\/uploads\/sites\/4\/2025\/04\/jubile-julie-mollinger-1536x1152.jpg 1536w, https:\/\/vosgesinfo.fr\/app\/uploads\/sites\/4\/2025\/04\/jubile-julie-mollinger.jpg 2048w\" sizes=\"(max-width: 1024px) 100vw, 1024px\" \/><\/a><p id=\"caption-attachment-77416\" class=\"wp-caption-text\">(Photographie page Facebook de Bruno Toussaint)<\/p><\/div>\n","protected":false},"excerpt":{"rendered":"<p>Les Louves ont conclu leur saison de la meilleure des mani\u00e8res, en s&rsquo;imposant samedi soir par 3 sets \u00e0 0 [&hellip;]<\/p>\n","protected":false},"author":46,"featured_media":77415,"comment_status":"open","ping_status":"open","sticky":false,"template":"","format":"standard","meta":{"footnotes":""},"categories":[460,167,14,18],"tags":[5222,3247,3126,14782,16670,4236,3249],"class_list":["post-77419","post","type-post","status-publish","format-standard","has-post-thumbnail","hentry","category-a-la-une","category-saint-die-des-vosges","category-sport","category-vosges","tag-julie-mollinger","tag-les-louves","tag-palais-omnisports-joseph-claudel","tag-saison-2024-2025-des-louves","tag-volley-club-de-valenciennes","tag-volley-ball","tag-volley-ball-feminin"],"acf":[],"yoast_head":"<!-- This site is optimized with the Yoast SEO plugin v22.5 - https:\/\/yoast.com\/wordpress\/plugins\/seo\/ -->\n<title>Volley-ball\u00a0: fin de saison idyllique pour les Louves - Saint Die Info<\/title>\n<meta name=\"robots\" content=\"index, follow, max-snippet:-1, max-image-preview:large, max-video-preview:-1\" \/>\n<link rel=\"canonical\" href=\"https:\/\/vosgesinfo.fr\/saintdieinfo\/2025\/04\/volley-ball-fin-de-saison-idyllique-pour-les-louves\/\" \/>\n<meta name=\"twitter:card\" content=\"summary_large_image\" \/>\n<meta name=\"twitter:title\" content=\"Volley-ball\u00a0: fin de saison idyllique pour les Louves - Saint Die Info\" \/>\n<meta name=\"twitter:description\" content=\"Les Louves ont conclu leur saison de la meilleure des mani\u00e8res, en s&rsquo;imposant samedi soir par 3 sets \u00e0 0 [&hellip;]\" \/>\n<meta name=\"twitter:image\" content=\"https:\/\/vosgesinfo.fr\/app\/uploads\/sites\/4\/2025\/04\/fin-saison-idyllique-les-louves.png\" \/>\n<meta name=\"twitter:creator\" content=\"@VosgesInfo88\" \/>\n<meta name=\"twitter:site\" content=\"@VosgesInfo88\" \/>\n<meta name=\"twitter:label1\" content=\"\u00c9crit par\" \/>\n\t<meta name=\"twitter:data1\" content=\"J.J.\" \/>\n\t<meta name=\"twitter:label2\" content=\"Dur\u00e9e de lecture estim\u00e9e\" \/>\n\t<meta name=\"twitter:data2\" content=\"1 minute\" \/>\n<script type=\"application\/ld+json\" class=\"yoast-schema-graph\">{\"@context\":\"https:\/\/schema.org\",\"@graph\":[{\"@type\":\"Article\",\"@id\":\"https:\/\/vosgesinfo.fr\/saintdieinfo\/2025\/04\/volley-ball-fin-de-saison-idyllique-pour-les-louves\/#article\",\"isPartOf\":{\"@id\":\"https:\/\/vosgesinfo.fr\/saintdieinfo\/2025\/04\/volley-ball-fin-de-saison-idyllique-pour-les-louves\/\"},\"author\":{\"name\":\"J.J.\",\"@id\":\"https:\/\/vosgesinfo.fr\/saintdieinfo\/#\/schema\/person\/fa73e9f726d67bb88f46d5b7943cb572\"},\"headline\":\"Volley-ball\u00a0: fin de saison idyllique pour les Louves\",\"datePublished\":\"2025-04-28T16:03:46+00:00\",\"dateModified\":\"2025-04-28T15:51:47+00:00\",\"mainEntityOfPage\":{\"@id\":\"https:\/\/vosgesinfo.fr\/saintdieinfo\/2025\/04\/volley-ball-fin-de-saison-idyllique-pour-les-louves\/\"},\"wordCount\":268,\"commentCount\":0,\"publisher\":{\"@id\":\"https:\/\/vosgesinfo.fr\/saintdieinfo\/#organization\"},\"image\":{\"@id\":\"https:\/\/vosgesinfo.fr\/saintdieinfo\/2025\/04\/volley-ball-fin-de-saison-idyllique-pour-les-louves\/#primaryimage\"},\"thumbnailUrl\":\"https:\/\/vosgesinfo.fr\/app\/uploads\/sites\/4\/2025\/04\/fin-saison-idyllique-les-louves.png\",\"keywords\":[\"Julie Mollinger\",\"Les Louves\",\"Palais Omnisports Joseph-Claudel\",\"Saison 2024-2025 des Louves\",\"Volley Club de Valenciennes\",\"Volley-ball\",\"Volley-ball f\u00e9minin\"],\"articleSection\":[\"A la Une\",\"Saint-Di\u00e9-des-Vosges\",\"Sport\",\"Vosges\"],\"inLanguage\":\"fr-FR\",\"potentialAction\":[{\"@type\":\"CommentAction\",\"name\":\"Comment\",\"target\":[\"https:\/\/vosgesinfo.fr\/saintdieinfo\/2025\/04\/volley-ball-fin-de-saison-idyllique-pour-les-louves\/#respond\"]}]},{\"@type\":\"WebPage\",\"@id\":\"https:\/\/vosgesinfo.fr\/saintdieinfo\/2025\/04\/volley-ball-fin-de-saison-idyllique-pour-les-louves\/\",\"url\":\"https:\/\/vosgesinfo.fr\/saintdieinfo\/2025\/04\/volley-ball-fin-de-saison-idyllique-pour-les-louves\/\",\"name\":\"Volley-ball\u00a0: fin de saison idyllique pour les Louves - Saint Die Info\",\"isPartOf\":{\"@id\":\"https:\/\/vosgesinfo.fr\/saintdieinfo\/#website\"},\"primaryImageOfPage\":{\"@id\":\"https:\/\/vosgesinfo.fr\/saintdieinfo\/2025\/04\/volley-ball-fin-de-saison-idyllique-pour-les-louves\/#primaryimage\"},\"image\":{\"@id\":\"https:\/\/vosgesinfo.fr\/saintdieinfo\/2025\/04\/volley-ball-fin-de-saison-idyllique-pour-les-louves\/#primaryimage\"},\"thumbnailUrl\":\"https:\/\/vosgesinfo.fr\/app\/uploads\/sites\/4\/2025\/04\/fin-saison-idyllique-les-louves.png\",\"datePublished\":\"2025-04-28T16:03:46+00:00\",\"dateModified\":\"2025-04-28T15:51:47+00:00\",\"breadcrumb\":{\"@id\":\"https:\/\/vosgesinfo.fr\/saintdieinfo\/2025\/04\/volley-ball-fin-de-saison-idyllique-pour-les-louves\/#breadcrumb\"},\"inLanguage\":\"fr-FR\",\"potentialAction\":[{\"@type\":\"ReadAction\",\"target\":[\"https:\/\/vosgesinfo.fr\/saintdieinfo\/2025\/04\/volley-ball-fin-de-saison-idyllique-pour-les-louves\/\"]}]},{\"@type\":\"ImageObject\",\"inLanguage\":\"fr-FR\",\"@id\":\"https:\/\/vosgesinfo.fr\/saintdieinfo\/2025\/04\/volley-ball-fin-de-saison-idyllique-pour-les-louves\/#primaryimage\",\"url\":\"https:\/\/vosgesinfo.fr\/app\/uploads\/sites\/4\/2025\/04\/fin-saison-idyllique-les-louves.png\",\"contentUrl\":\"https:\/\/vosgesinfo.fr\/app\/uploads\/sites\/4\/2025\/04\/fin-saison-idyllique-les-louves.png\",\"width\":1131,\"height\":740,\"caption\":\"(Photographie Saint-Di\u00e9 Volley-Ball)\"},{\"@type\":\"BreadcrumbList\",\"@id\":\"https:\/\/vosgesinfo.fr\/saintdieinfo\/2025\/04\/volley-ball-fin-de-saison-idyllique-pour-les-louves\/#breadcrumb\",\"itemListElement\":[{\"@type\":\"ListItem\",\"position\":1,\"name\":\"Home\",\"item\":\"https:\/\/vosgesinfo.fr\/saintdieinfo\/\"},{\"@type\":\"ListItem\",\"position\":2,\"name\":\"Volley-ball\u00a0: fin de saison idyllique pour les Louves\"}]},{\"@type\":\"WebSite\",\"@id\":\"https:\/\/vosgesinfo.fr\/saintdieinfo\/#website\",\"url\":\"https:\/\/vosgesinfo.fr\/saintdieinfo\/\",\"name\":\"Saint Die Info\",\"description\":\"Toute l&#039;actualit\u00e9 de Saint-Di\u00e9-Des-Vosges\",\"publisher\":{\"@id\":\"https:\/\/vosgesinfo.fr\/saintdieinfo\/#organization\"},\"alternateName\":\"Toute l'actualit\u00e9 de Saint-Di\u00e9-Des-Vosges\",\"potentialAction\":[{\"@type\":\"SearchAction\",\"target\":{\"@type\":\"EntryPoint\",\"urlTemplate\":\"https:\/\/vosgesinfo.fr\/saintdieinfo\/?s={search_term_string}\"},\"query-input\":\"required name=search_term_string\"}],\"inLanguage\":\"fr-FR\"},{\"@type\":\"Organization\",\"@id\":\"https:\/\/vosgesinfo.fr\/saintdieinfo\/#organization\",\"name\":\"Saint Die Info\",\"url\":\"https:\/\/vosgesinfo.fr\/saintdieinfo\/\",\"logo\":{\"@type\":\"ImageObject\",\"inLanguage\":\"fr-FR\",\"@id\":\"https:\/\/vosgesinfo.fr\/saintdieinfo\/#\/schema\/logo\/image\/\",\"url\":\"https:\/\/vosgesinfo.fr\/app\/uploads\/sites\/4\/2024\/02\/logo-sdi.jpg\",\"contentUrl\":\"https:\/\/vosgesinfo.fr\/app\/uploads\/sites\/4\/2024\/02\/logo-sdi.jpg\",\"width\":600,\"height\":600,\"caption\":\"Saint Die Info\"},\"image\":{\"@id\":\"https:\/\/vosgesinfo.fr\/saintdieinfo\/#\/schema\/logo\/image\/\"},\"sameAs\":[\"https:\/\/www.facebook.com\/Saintdieinfofr\",\"https:\/\/x.com\/VosgesInfo88\",\"https:\/\/www.youtube.com\/@vosgesinfo\"]},{\"@type\":\"Person\",\"@id\":\"https:\/\/vosgesinfo.fr\/saintdieinfo\/#\/schema\/person\/fa73e9f726d67bb88f46d5b7943cb572\",\"name\":\"J.J.\",\"image\":{\"@type\":\"ImageObject\",\"inLanguage\":\"fr-FR\",\"@id\":\"https:\/\/vosgesinfo.fr\/saintdieinfo\/#\/schema\/person\/image\/\",\"url\":\"https:\/\/secure.gravatar.com\/avatar\/219e749e47ffbcca018a360ae4add7d4cdf1cdaaf8bc7676b27efade3fe65615?s=96&d=mm&r=g\",\"contentUrl\":\"https:\/\/secure.gravatar.com\/avatar\/219e749e47ffbcca018a360ae4add7d4cdf1cdaaf8bc7676b27efade3fe65615?s=96&d=mm&r=g\",\"caption\":\"J.J.\"},\"url\":\"https:\/\/vosgesinfo.fr\/saintdieinfo\/author\/j-j\/\"}]}<\/script>\n<!-- \/ Yoast SEO plugin. -->","yoast_head_json":{"title":"Volley-ball\u00a0: fin de saison idyllique pour les Louves - Saint Die Info","robots":{"index":"index","follow":"follow","max-snippet":"max-snippet:-1","max-image-preview":"max-image-preview:large","max-video-preview":"max-video-preview:-1"},"canonical":"https:\/\/vosgesinfo.fr\/saintdieinfo\/2025\/04\/volley-ball-fin-de-saison-idyllique-pour-les-louves\/","twitter_card":"summary_large_image","twitter_title":"Volley-ball\u00a0: fin de saison idyllique pour les Louves - Saint Die Info","twitter_description":"Les Louves ont conclu leur saison de la meilleure des mani\u00e8res, en s&rsquo;imposant samedi soir par 3 sets \u00e0 0 [&hellip;]","twitter_image":"https:\/\/vosgesinfo.fr\/app\/uploads\/sites\/4\/2025\/04\/fin-saison-idyllique-les-louves.png","twitter_creator":"@VosgesInfo88","twitter_site":"@VosgesInfo88","twitter_misc":{"\u00c9crit par":"J.J.","Dur\u00e9e de lecture estim\u00e9e":"1 minute"},"schema":{"@context":"https:\/\/schema.org","@graph":[{"@type":"Article","@id":"https:\/\/vosgesinfo.fr\/saintdieinfo\/2025\/04\/volley-ball-fin-de-saison-idyllique-pour-les-louves\/#article","isPartOf":{"@id":"https:\/\/vosgesinfo.fr\/saintdieinfo\/2025\/04\/volley-ball-fin-de-saison-idyllique-pour-les-louves\/"},"author":{"name":"J.J.","@id":"https:\/\/vosgesinfo.fr\/saintdieinfo\/#\/schema\/person\/fa73e9f726d67bb88f46d5b7943cb572"},"headline":"Volley-ball\u00a0: fin de saison idyllique pour les Louves","datePublished":"2025-04-28T16:03:46+00:00","dateModified":"2025-04-28T15:51:47+00:00","mainEntityOfPage":{"@id":"https:\/\/vosgesinfo.fr\/saintdieinfo\/2025\/04\/volley-ball-fin-de-saison-idyllique-pour-les-louves\/"},"wordCount":268,"commentCount":0,"publisher":{"@id":"https:\/\/vosgesinfo.fr\/saintdieinfo\/#organization"},"image":{"@id":"https:\/\/vosgesinfo.fr\/saintdieinfo\/2025\/04\/volley-ball-fin-de-saison-idyllique-pour-les-louves\/#primaryimage"},"thumbnailUrl":"https:\/\/vosgesinfo.fr\/app\/uploads\/sites\/4\/2025\/04\/fin-saison-idyllique-les-louves.png","keywords":["Julie Mollinger","Les Louves","Palais Omnisports Joseph-Claudel","Saison 2024-2025 des Louves","Volley Club de Valenciennes","Volley-ball","Volley-ball f\u00e9minin"],"articleSection":["A la Une","Saint-Di\u00e9-des-Vosges","Sport","Vosges"],"inLanguage":"fr-FR","potentialAction":[{"@type":"CommentAction","name":"Comment","target":["https:\/\/vosgesinfo.fr\/saintdieinfo\/2025\/04\/volley-ball-fin-de-saison-idyllique-pour-les-louves\/#respond"]}]},{"@type":"WebPage","@id":"https:\/\/vosgesinfo.fr\/saintdieinfo\/2025\/04\/volley-ball-fin-de-saison-idyllique-pour-les-louves\/","url":"https:\/\/vosgesinfo.fr\/saintdieinfo\/2025\/04\/volley-ball-fin-de-saison-idyllique-pour-les-louves\/","name":"Volley-ball\u00a0: fin de saison idyllique pour les Louves - Saint Die Info","isPartOf":{"@id":"https:\/\/vosgesinfo.fr\/saintdieinfo\/#website"},"primaryImageOfPage":{"@id":"https:\/\/vosgesinfo.fr\/saintdieinfo\/2025\/04\/volley-ball-fin-de-saison-idyllique-pour-les-louves\/#primaryimage"},"image":{"@id":"https:\/\/vosgesinfo.fr\/saintdieinfo\/2025\/04\/volley-ball-fin-de-saison-idyllique-pour-les-louves\/#primaryimage"},"thumbnailUrl":"https:\/\/vosgesinfo.fr\/app\/uploads\/sites\/4\/2025\/04\/fin-saison-idyllique-les-louves.png","datePublished":"2025-04-28T16:03:46+00:00","dateModified":"2025-04-28T15:51:47+00:00","breadcrumb":{"@id":"https:\/\/vosgesinfo.fr\/saintdieinfo\/2025\/04\/volley-ball-fin-de-saison-idyllique-pour-les-louves\/#breadcrumb"},"inLanguage":"fr-FR","potentialAction":[{"@type":"ReadAction","target":["https:\/\/vosgesinfo.fr\/saintdieinfo\/2025\/04\/volley-ball-fin-de-saison-idyllique-pour-les-louves\/"]}]},{"@type":"ImageObject","inLanguage":"fr-FR","@id":"https:\/\/vosgesinfo.fr\/saintdieinfo\/2025\/04\/volley-ball-fin-de-saison-idyllique-pour-les-louves\/#primaryimage","url":"https:\/\/vosgesinfo.fr\/app\/uploads\/sites\/4\/2025\/04\/fin-saison-idyllique-les-louves.png","contentUrl":"https:\/\/vosgesinfo.fr\/app\/uploads\/sites\/4\/2025\/04\/fin-saison-idyllique-les-louves.png","width":1131,"height":740,"caption":"(Photographie Saint-Di\u00e9 Volley-Ball)"},{"@type":"BreadcrumbList","@id":"https:\/\/vosgesinfo.fr\/saintdieinfo\/2025\/04\/volley-ball-fin-de-saison-idyllique-pour-les-louves\/#breadcrumb","itemListElement":[{"@type":"ListItem","position":1,"name":"Home","item":"https:\/\/vosgesinfo.fr\/saintdieinfo\/"},{"@type":"ListItem","position":2,"name":"Volley-ball\u00a0: fin de saison idyllique pour les Louves"}]},{"@type":"WebSite","@id":"https:\/\/vosgesinfo.fr\/saintdieinfo\/#website","url":"https:\/\/vosgesinfo.fr\/saintdieinfo\/","name":"Saint Die Info","description":"Toute l&#039;actualit\u00e9 de Saint-Di\u00e9-Des-Vosges","publisher":{"@id":"https:\/\/vosgesinfo.fr\/saintdieinfo\/#organization"},"alternateName":"Toute l'actualit\u00e9 de Saint-Di\u00e9-Des-Vosges","potentialAction":[{"@type":"SearchAction","target":{"@type":"EntryPoint","urlTemplate":"https:\/\/vosgesinfo.fr\/saintdieinfo\/?s={search_term_string}"},"query-input":"required name=search_term_string"}],"inLanguage":"fr-FR"},{"@type":"Organization","@id":"https:\/\/vosgesinfo.fr\/saintdieinfo\/#organization","name":"Saint Die Info","url":"https:\/\/vosgesinfo.fr\/saintdieinfo\/","logo":{"@type":"ImageObject","inLanguage":"fr-FR","@id":"https:\/\/vosgesinfo.fr\/saintdieinfo\/#\/schema\/logo\/image\/","url":"https:\/\/vosgesinfo.fr\/app\/uploads\/sites\/4\/2024\/02\/logo-sdi.jpg","contentUrl":"https:\/\/vosgesinfo.fr\/app\/uploads\/sites\/4\/2024\/02\/logo-sdi.jpg","width":600,"height":600,"caption":"Saint Die Info"},"image":{"@id":"https:\/\/vosgesinfo.fr\/saintdieinfo\/#\/schema\/logo\/image\/"},"sameAs":["https:\/\/www.facebook.com\/Saintdieinfofr","https:\/\/x.com\/VosgesInfo88","https:\/\/www.youtube.com\/@vosgesinfo"]},{"@type":"Person","@id":"https:\/\/vosgesinfo.fr\/saintdieinfo\/#\/schema\/person\/fa73e9f726d67bb88f46d5b7943cb572","name":"J.J.","image":{"@type":"ImageObject","inLanguage":"fr-FR","@id":"https:\/\/vosgesinfo.fr\/saintdieinfo\/#\/schema\/person\/image\/","url":"https:\/\/secure.gravatar.com\/avatar\/219e749e47ffbcca018a360ae4add7d4cdf1cdaaf8bc7676b27efade3fe65615?s=96&d=mm&r=g","contentUrl":"https:\/\/secure.gravatar.com\/avatar\/219e749e47ffbcca018a360ae4add7d4cdf1cdaaf8bc7676b27efade3fe65615?s=96&d=mm&r=g","caption":"J.J."},"url":"https:\/\/vosgesinfo.fr\/saintdieinfo\/author\/j-j\/"}]}},"_links":{"self":[{"href":"https:\/\/vosgesinfo.fr\/saintdieinfo\/wp-json\/wp\/v2\/posts\/77419","targetHints":{"allow":["GET"]}}],"collection":[{"href":"https:\/\/vosgesinfo.fr\/saintdieinfo\/wp-json\/wp\/v2\/posts"}],"about":[{"href":"https:\/\/vosgesinfo.fr\/saintdieinfo\/wp-json\/wp\/v2\/types\/post"}],"author":[{"embeddable":true,"href":"https:\/\/vosgesinfo.fr\/saintdieinfo\/wp-json\/wp\/v2\/users\/46"}],"replies":[{"embeddable":true,"href":"https:\/\/vosgesinfo.fr\/saintdieinfo\/wp-json\/wp\/v2\/comments?post=77419"}],"version-history":[{"count":1,"href":"https:\/\/vosgesinfo.fr\/saintdieinfo\/wp-json\/wp\/v2\/posts\/77419\/revisions"}],"predecessor-version":[{"id":77420,"href":"https:\/\/vosgesinfo.fr\/saintdieinfo\/wp-json\/wp\/v2\/posts\/77419\/revisions\/77420"}],"wp:featuredmedia":[{"embeddable":true,"href":"https:\/\/vosgesinfo.fr\/saintdieinfo\/wp-json\/wp\/v2\/media\/77415"}],"wp:attachment":[{"href":"https:\/\/vosgesinfo.fr\/saintdieinfo\/wp-json\/wp\/v2\/media?parent=77419"}],"wp:term":[{"taxonomy":"category","embeddable":true,"href":"https:\/\/vosgesinfo.fr\/saintdieinfo\/wp-json\/wp\/v2\/categories?post=77419"},{"taxonomy":"post_tag","embeddable":true,"href":"https:\/\/vosgesinfo.fr\/saintdieinfo\/wp-json\/wp\/v2\/tags?post=77419"}],"curies":[{"name":"wp","href":"https:\/\/api.w.org\/{rel}","templated":true}]}}