{"id":77626,"date":"2025-05-11T15:45:23","date_gmt":"2025-05-11T13:45:23","guid":{"rendered":"https:\/\/vosgesinfo.fr\/saintdieinfo\/?p=77626"},"modified":"2025-05-11T14:59:19","modified_gmt":"2025-05-11T12:59:19","slug":"commemoration-de-la-journee-nationale-des-memoires-de-la-traite-de-lesclavage-et-de-leurs-abolitions","status":"publish","type":"post","link":"https:\/\/vosgesinfo.fr\/saintdieinfo\/2025\/05\/commemoration-de-la-journee-nationale-des-memoires-de-la-traite-de-lesclavage-et-de-leurs-abolitions\/","title":{"rendered":"Comm\u00e9moration de la journ\u00e9e nationale des m\u00e9moires, de la traite, de l&rsquo;esclavage et de leurs abolitions"},"content":{"rendered":"<p data-pm-slice=\"1 1 []\"><a href=\"https:\/\/vosgesinfo.fr\/app\/uploads\/sites\/4\/2025\/05\/ceremonie-st-die-3.jpg\"><img decoding=\"async\" class=\"aligncenter size-large wp-image-77628\" src=\"https:\/\/vosgesinfo.fr\/app\/uploads\/sites\/4\/2025\/05\/ceremonie-st-die-3-1024x683.jpg\" alt=\"\" width=\"1024\" height=\"683\" srcset=\"https:\/\/vosgesinfo.fr\/app\/uploads\/sites\/4\/2025\/05\/ceremonie-st-die-3-1024x683.jpg 1024w, https:\/\/vosgesinfo.fr\/app\/uploads\/sites\/4\/2025\/05\/ceremonie-st-die-3-300x200.jpg 300w, https:\/\/vosgesinfo.fr\/app\/uploads\/sites\/4\/2025\/05\/ceremonie-st-die-3-768x512.jpg 768w, https:\/\/vosgesinfo.fr\/app\/uploads\/sites\/4\/2025\/05\/ceremonie-st-die-3.jpg 1200w\" sizes=\"(max-width: 1024px) 100vw, 1024px\" \/><\/a><\/p>\n<p data-pm-slice=\"1 1 []\"><strong>La journ\u00e9e nationale des m\u00e9moires de la traite et de l\u2019esclavage et de leurs abolitions a \u00e9t\u00e9 instaur\u00e9e en 2006. Elle est consacr\u00e9e au souvenir des souffrances inflig\u00e9es par l\u2019esclavage et ses abolitions, en 1794 et 1848 en France.<\/strong><\/p>\n<p><a href=\"https:\/\/vosgesinfo.fr\/app\/uploads\/sites\/4\/2025\/05\/ceremonie-st-die-1.jpg\"><img decoding=\"async\" class=\"alignright size-medium wp-image-77629\" src=\"https:\/\/vosgesinfo.fr\/app\/uploads\/sites\/4\/2025\/05\/ceremonie-st-die-1-300x200.jpg\" alt=\"\" width=\"300\" height=\"200\" srcset=\"https:\/\/vosgesinfo.fr\/app\/uploads\/sites\/4\/2025\/05\/ceremonie-st-die-1-300x200.jpg 300w, https:\/\/vosgesinfo.fr\/app\/uploads\/sites\/4\/2025\/05\/ceremonie-st-die-1-1024x683.jpg 1024w, https:\/\/vosgesinfo.fr\/app\/uploads\/sites\/4\/2025\/05\/ceremonie-st-die-1-768x512.jpg 768w, https:\/\/vosgesinfo.fr\/app\/uploads\/sites\/4\/2025\/05\/ceremonie-st-die-1.jpg 1200w\" sizes=\"(max-width: 300px) 100vw, 300px\" \/><\/a>La date du 10 mai fait r\u00e9f\u00e9rence au 10 mai 2001, jour o\u00f9 a \u00e9t\u00e9 adopt\u00e9e la loi reconnaissant l\u2019esclavage comme un crime contre l\u2019humanit\u00e9, dite loi Taubira. Comme chaque ann\u00e9e, la journ\u00e9e nationale des m\u00e9moires de la traite et de l\u2019esclavage et de leurs abolitions a \u00e9t\u00e9 comm\u00e9mor\u00e9e en ce samedi 10 mai \u00e0 Saint-Di\u00e9-des-Vosges, en fin de matin\u00e9e sur l\u2019esplanade Victor-Schoelcher.<\/p>\n<p>Car c\u2019est sous l\u2019impulsion du journaliste et homme politique fran\u00e7ais Victor Schoelcher que le deuxi\u00e8me d\u00e9cret de l\u2019abolition de l\u2019esclavage en France a \u00e9t\u00e9 sign\u00e9 le 27 avril 1848 par le gouvernement provisoire de la Deuxi\u00e8me R\u00e9publique.<\/p>\n<p><a href=\"https:\/\/vosgesinfo.fr\/app\/uploads\/sites\/4\/2025\/05\/ceremonie-st-die-2.jpg\"><img decoding=\"async\" class=\"alignright size-medium wp-image-77627\" src=\"https:\/\/vosgesinfo.fr\/app\/uploads\/sites\/4\/2025\/05\/ceremonie-st-die-2-195x300.jpg\" alt=\"\" width=\"195\" height=\"300\" srcset=\"https:\/\/vosgesinfo.fr\/app\/uploads\/sites\/4\/2025\/05\/ceremonie-st-die-2-195x300.jpg 195w, https:\/\/vosgesinfo.fr\/app\/uploads\/sites\/4\/2025\/05\/ceremonie-st-die-2-666x1024.jpg 666w, https:\/\/vosgesinfo.fr\/app\/uploads\/sites\/4\/2025\/05\/ceremonie-st-die-2-768x1180.jpg 768w, https:\/\/vosgesinfo.fr\/app\/uploads\/sites\/4\/2025\/05\/ceremonie-st-die-2.jpg 781w\" sizes=\"(max-width: 195px) 100vw, 195px\" \/><\/a>Ce samedi 10 mai en fin de matin\u00e9e, Edgar Jacquot-Claudon, jeune \u00e9lu du conseil municipal des jeunes (CMJ) de Saint-Di\u00e9-des-Vosges, a lu des extraits du d\u00e9cret de l&rsquo;abolition de l&rsquo;esclavage du 27 avril 1848, dont l\u2019article 1er stipule que \u00ab L\u2019esclavage sera enti\u00e8rement aboli dans toutes les colonies et possessions fran\u00e7aises 2 mois apr\u00e8s la promulgation du pr\u00e9sent d\u00e9cret dans chacune d\u2019elles\u00a0\u00bb. \u00c0 partir de la promulgation du pr\u00e9sent d\u00e9cret dans les colonies, tout ch\u00e2timent corporel, toute vente de personnes non libres, seront interdits. \u00bb<\/p>\n<p>La suite de cette comm\u00e9moration \u00e9tait ponctu\u00e9e d&rsquo;un d\u00e9p\u00f4t de gerbe par les autorit\u00e9s, de l&rsquo;observation d&rsquo;une minute de silence, de la Marseillaise et du salut au porte-drapeau par les autorit\u00e9s et associations patriotiques.<\/p>\n<p><a href=\"https:\/\/vosgesinfo.fr\/app\/uploads\/sites\/4\/2025\/05\/dsc0094.jpg\"><img decoding=\"async\" class=\"aligncenter size-large wp-image-77631\" src=\"https:\/\/vosgesinfo.fr\/app\/uploads\/sites\/4\/2025\/05\/dsc0094-1024x683.jpg\" alt=\"\" width=\"1024\" height=\"683\" srcset=\"https:\/\/vosgesinfo.fr\/app\/uploads\/sites\/4\/2025\/05\/dsc0094-1024x683.jpg 1024w, https:\/\/vosgesinfo.fr\/app\/uploads\/sites\/4\/2025\/05\/dsc0094-300x200.jpg 300w, https:\/\/vosgesinfo.fr\/app\/uploads\/sites\/4\/2025\/05\/dsc0094-768x512.jpg 768w, https:\/\/vosgesinfo.fr\/app\/uploads\/sites\/4\/2025\/05\/dsc0094.jpg 1200w\" sizes=\"(max-width: 1024px) 100vw, 1024px\" \/><\/a><\/p>\n","protected":false},"excerpt":{"rendered":"<p>La journ\u00e9e nationale des m\u00e9moires de la traite et de l\u2019esclavage et de leurs abolitions a \u00e9t\u00e9 instaur\u00e9e en 2006. [&hellip;]<\/p>\n","protected":false},"author":391,"featured_media":77628,"comment_status":"open","ping_status":"open","sticky":false,"template":"","format":"standard","meta":{"footnotes":""},"categories":[460,4100,167],"tags":[11239],"class_list":["post-77626","post","type-post","status-publish","format-standard","has-post-thumbnail","hentry","category-a-la-une","category-saint-die","category-saint-die-des-vosges","tag-journee-nationale-des-memoires-de-la-traite-de-lesclavage-et-de-leur-abolition"],"acf":[],"yoast_head":"<!-- This site is optimized with the Yoast SEO plugin v22.5 - https:\/\/yoast.com\/wordpress\/plugins\/seo\/ -->\n<title>Comm\u00e9moration de la journ\u00e9e nationale des m\u00e9moires, de la traite, de l&#039;esclavage et de leurs abolitions - Saint Die Info<\/title>\n<meta name=\"robots\" content=\"index, follow, max-snippet:-1, max-image-preview:large, max-video-preview:-1\" \/>\n<link rel=\"canonical\" href=\"https:\/\/vosgesinfo.fr\/saintdieinfo\/2025\/05\/commemoration-de-la-journee-nationale-des-memoires-de-la-traite-de-lesclavage-et-de-leurs-abolitions\/\" \/>\n<meta name=\"twitter:card\" content=\"summary_large_image\" \/>\n<meta name=\"twitter:title\" content=\"Comm\u00e9moration de la journ\u00e9e nationale des m\u00e9moires, de la traite, de l&#039;esclavage et de leurs abolitions - Saint Die Info\" \/>\n<meta name=\"twitter:description\" content=\"La journ\u00e9e nationale des m\u00e9moires de la traite et de l\u2019esclavage et de leurs abolitions a \u00e9t\u00e9 instaur\u00e9e en 2006. [&hellip;]\" \/>\n<meta name=\"twitter:image\" content=\"https:\/\/vosgesinfo.fr\/app\/uploads\/sites\/4\/2025\/05\/ceremonie-st-die-3.jpg\" \/>\n<meta name=\"twitter:creator\" content=\"@VosgesInfo88\" \/>\n<meta name=\"twitter:site\" content=\"@VosgesInfo88\" \/>\n<meta name=\"twitter:label1\" content=\"\u00c9crit par\" \/>\n\t<meta name=\"twitter:data1\" content=\"La redaction\" \/>\n\t<meta name=\"twitter:label2\" content=\"Dur\u00e9e de lecture estim\u00e9e\" \/>\n\t<meta name=\"twitter:data2\" content=\"3 minutes\" \/>\n<script type=\"application\/ld+json\" class=\"yoast-schema-graph\">{\"@context\":\"https:\/\/schema.org\",\"@graph\":[{\"@type\":\"Article\",\"@id\":\"https:\/\/vosgesinfo.fr\/saintdieinfo\/2025\/05\/commemoration-de-la-journee-nationale-des-memoires-de-la-traite-de-lesclavage-et-de-leurs-abolitions\/#article\",\"isPartOf\":{\"@id\":\"https:\/\/vosgesinfo.fr\/saintdieinfo\/2025\/05\/commemoration-de-la-journee-nationale-des-memoires-de-la-traite-de-lesclavage-et-de-leurs-abolitions\/\"},\"author\":{\"name\":\"La redaction\",\"@id\":\"https:\/\/vosgesinfo.fr\/saintdieinfo\/#\/schema\/person\/27a3695b06db98895b354c0765cdfc31\"},\"headline\":\"Comm\u00e9moration de la journ\u00e9e nationale des m\u00e9moires, de la traite, de l&rsquo;esclavage et de leurs abolitions\",\"datePublished\":\"2025-05-11T13:45:23+00:00\",\"dateModified\":\"2025-05-11T12:59:19+00:00\",\"mainEntityOfPage\":{\"@id\":\"https:\/\/vosgesinfo.fr\/saintdieinfo\/2025\/05\/commemoration-de-la-journee-nationale-des-memoires-de-la-traite-de-lesclavage-et-de-leurs-abolitions\/\"},\"wordCount\":316,\"commentCount\":0,\"publisher\":{\"@id\":\"https:\/\/vosgesinfo.fr\/saintdieinfo\/#organization\"},\"image\":{\"@id\":\"https:\/\/vosgesinfo.fr\/saintdieinfo\/2025\/05\/commemoration-de-la-journee-nationale-des-memoires-de-la-traite-de-lesclavage-et-de-leurs-abolitions\/#primaryimage\"},\"thumbnailUrl\":\"https:\/\/vosgesinfo.fr\/app\/uploads\/sites\/4\/2025\/05\/ceremonie-st-die-3.jpg\",\"keywords\":[\"Journ\u00e9e nationale des m\u00e9moires de la traite de l'esclavage et de leur abolition\"],\"articleSection\":[\"A la Une\",\"Saint-di\u00e9\",\"Saint-Di\u00e9-des-Vosges\"],\"inLanguage\":\"fr-FR\",\"potentialAction\":[{\"@type\":\"CommentAction\",\"name\":\"Comment\",\"target\":[\"https:\/\/vosgesinfo.fr\/saintdieinfo\/2025\/05\/commemoration-de-la-journee-nationale-des-memoires-de-la-traite-de-lesclavage-et-de-leurs-abolitions\/#respond\"]}]},{\"@type\":\"WebPage\",\"@id\":\"https:\/\/vosgesinfo.fr\/saintdieinfo\/2025\/05\/commemoration-de-la-journee-nationale-des-memoires-de-la-traite-de-lesclavage-et-de-leurs-abolitions\/\",\"url\":\"https:\/\/vosgesinfo.fr\/saintdieinfo\/2025\/05\/commemoration-de-la-journee-nationale-des-memoires-de-la-traite-de-lesclavage-et-de-leurs-abolitions\/\",\"name\":\"Comm\u00e9moration de la journ\u00e9e nationale des m\u00e9moires, de la traite, de l'esclavage et de leurs abolitions - Saint Die Info\",\"isPartOf\":{\"@id\":\"https:\/\/vosgesinfo.fr\/saintdieinfo\/#website\"},\"primaryImageOfPage\":{\"@id\":\"https:\/\/vosgesinfo.fr\/saintdieinfo\/2025\/05\/commemoration-de-la-journee-nationale-des-memoires-de-la-traite-de-lesclavage-et-de-leurs-abolitions\/#primaryimage\"},\"image\":{\"@id\":\"https:\/\/vosgesinfo.fr\/saintdieinfo\/2025\/05\/commemoration-de-la-journee-nationale-des-memoires-de-la-traite-de-lesclavage-et-de-leurs-abolitions\/#primaryimage\"},\"thumbnailUrl\":\"https:\/\/vosgesinfo.fr\/app\/uploads\/sites\/4\/2025\/05\/ceremonie-st-die-3.jpg\",\"datePublished\":\"2025-05-11T13:45:23+00:00\",\"dateModified\":\"2025-05-11T12:59:19+00:00\",\"breadcrumb\":{\"@id\":\"https:\/\/vosgesinfo.fr\/saintdieinfo\/2025\/05\/commemoration-de-la-journee-nationale-des-memoires-de-la-traite-de-lesclavage-et-de-leurs-abolitions\/#breadcrumb\"},\"inLanguage\":\"fr-FR\",\"potentialAction\":[{\"@type\":\"ReadAction\",\"target\":[\"https:\/\/vosgesinfo.fr\/saintdieinfo\/2025\/05\/commemoration-de-la-journee-nationale-des-memoires-de-la-traite-de-lesclavage-et-de-leurs-abolitions\/\"]}]},{\"@type\":\"ImageObject\",\"inLanguage\":\"fr-FR\",\"@id\":\"https:\/\/vosgesinfo.fr\/saintdieinfo\/2025\/05\/commemoration-de-la-journee-nationale-des-memoires-de-la-traite-de-lesclavage-et-de-leurs-abolitions\/#primaryimage\",\"url\":\"https:\/\/vosgesinfo.fr\/app\/uploads\/sites\/4\/2025\/05\/ceremonie-st-die-3.jpg\",\"contentUrl\":\"https:\/\/vosgesinfo.fr\/app\/uploads\/sites\/4\/2025\/05\/ceremonie-st-die-3.jpg\",\"width\":1200,\"height\":800},{\"@type\":\"BreadcrumbList\",\"@id\":\"https:\/\/vosgesinfo.fr\/saintdieinfo\/2025\/05\/commemoration-de-la-journee-nationale-des-memoires-de-la-traite-de-lesclavage-et-de-leurs-abolitions\/#breadcrumb\",\"itemListElement\":[{\"@type\":\"ListItem\",\"position\":1,\"name\":\"Home\",\"item\":\"https:\/\/vosgesinfo.fr\/saintdieinfo\/\"},{\"@type\":\"ListItem\",\"position\":2,\"name\":\"Comm\u00e9moration de la journ\u00e9e nationale des m\u00e9moires, de la traite, de l&rsquo;esclavage et de leurs abolitions\"}]},{\"@type\":\"WebSite\",\"@id\":\"https:\/\/vosgesinfo.fr\/saintdieinfo\/#website\",\"url\":\"https:\/\/vosgesinfo.fr\/saintdieinfo\/\",\"name\":\"Saint Die Info\",\"description\":\"Toute l&#039;actualit\u00e9 de Saint-Di\u00e9-Des-Vosges\",\"publisher\":{\"@id\":\"https:\/\/vosgesinfo.fr\/saintdieinfo\/#organization\"},\"alternateName\":\"Toute l'actualit\u00e9 de Saint-Di\u00e9-Des-Vosges\",\"potentialAction\":[{\"@type\":\"SearchAction\",\"target\":{\"@type\":\"EntryPoint\",\"urlTemplate\":\"https:\/\/vosgesinfo.fr\/saintdieinfo\/?s={search_term_string}\"},\"query-input\":\"required name=search_term_string\"}],\"inLanguage\":\"fr-FR\"},{\"@type\":\"Organization\",\"@id\":\"https:\/\/vosgesinfo.fr\/saintdieinfo\/#organization\",\"name\":\"Saint Die Info\",\"url\":\"https:\/\/vosgesinfo.fr\/saintdieinfo\/\",\"logo\":{\"@type\":\"ImageObject\",\"inLanguage\":\"fr-FR\",\"@id\":\"https:\/\/vosgesinfo.fr\/saintdieinfo\/#\/schema\/logo\/image\/\",\"url\":\"https:\/\/vosgesinfo.fr\/app\/uploads\/sites\/4\/2024\/02\/logo-sdi.jpg\",\"contentUrl\":\"https:\/\/vosgesinfo.fr\/app\/uploads\/sites\/4\/2024\/02\/logo-sdi.jpg\",\"width\":600,\"height\":600,\"caption\":\"Saint Die Info\"},\"image\":{\"@id\":\"https:\/\/vosgesinfo.fr\/saintdieinfo\/#\/schema\/logo\/image\/\"},\"sameAs\":[\"https:\/\/www.facebook.com\/Saintdieinfofr\",\"https:\/\/x.com\/VosgesInfo88\",\"https:\/\/www.youtube.com\/@vosgesinfo\"]},{\"@type\":\"Person\",\"@id\":\"https:\/\/vosgesinfo.fr\/saintdieinfo\/#\/schema\/person\/27a3695b06db98895b354c0765cdfc31\",\"name\":\"La redaction\",\"image\":{\"@type\":\"ImageObject\",\"inLanguage\":\"fr-FR\",\"@id\":\"https:\/\/vosgesinfo.fr\/saintdieinfo\/#\/schema\/person\/image\/\",\"url\":\"https:\/\/secure.gravatar.com\/avatar\/64c76a78e501cedee55736f43f332df901e1896ae9cd8fad269ae2236dd0e8b6?s=96&d=mm&r=g\",\"contentUrl\":\"https:\/\/secure.gravatar.com\/avatar\/64c76a78e501cedee55736f43f332df901e1896ae9cd8fad269ae2236dd0e8b6?s=96&d=mm&r=g\",\"caption\":\"La redaction\"},\"url\":\"https:\/\/vosgesinfo.fr\/saintdieinfo\/author\/la-redaction\/\"}]}<\/script>\n<!-- \/ Yoast SEO plugin. -->","yoast_head_json":{"title":"Comm\u00e9moration de la journ\u00e9e nationale des m\u00e9moires, de la traite, de l'esclavage et de leurs abolitions - Saint Die Info","robots":{"index":"index","follow":"follow","max-snippet":"max-snippet:-1","max-image-preview":"max-image-preview:large","max-video-preview":"max-video-preview:-1"},"canonical":"https:\/\/vosgesinfo.fr\/saintdieinfo\/2025\/05\/commemoration-de-la-journee-nationale-des-memoires-de-la-traite-de-lesclavage-et-de-leurs-abolitions\/","twitter_card":"summary_large_image","twitter_title":"Comm\u00e9moration de la journ\u00e9e nationale des m\u00e9moires, de la traite, de l'esclavage et de leurs abolitions - Saint Die Info","twitter_description":"La journ\u00e9e nationale des m\u00e9moires de la traite et de l\u2019esclavage et de leurs abolitions a \u00e9t\u00e9 instaur\u00e9e en 2006. [&hellip;]","twitter_image":"https:\/\/vosgesinfo.fr\/app\/uploads\/sites\/4\/2025\/05\/ceremonie-st-die-3.jpg","twitter_creator":"@VosgesInfo88","twitter_site":"@VosgesInfo88","twitter_misc":{"\u00c9crit par":"La redaction","Dur\u00e9e de lecture estim\u00e9e":"3 minutes"},"schema":{"@context":"https:\/\/schema.org","@graph":[{"@type":"Article","@id":"https:\/\/vosgesinfo.fr\/saintdieinfo\/2025\/05\/commemoration-de-la-journee-nationale-des-memoires-de-la-traite-de-lesclavage-et-de-leurs-abolitions\/#article","isPartOf":{"@id":"https:\/\/vosgesinfo.fr\/saintdieinfo\/2025\/05\/commemoration-de-la-journee-nationale-des-memoires-de-la-traite-de-lesclavage-et-de-leurs-abolitions\/"},"author":{"name":"La redaction","@id":"https:\/\/vosgesinfo.fr\/saintdieinfo\/#\/schema\/person\/27a3695b06db98895b354c0765cdfc31"},"headline":"Comm\u00e9moration de la journ\u00e9e nationale des m\u00e9moires, de la traite, de l&rsquo;esclavage et de leurs abolitions","datePublished":"2025-05-11T13:45:23+00:00","dateModified":"2025-05-11T12:59:19+00:00","mainEntityOfPage":{"@id":"https:\/\/vosgesinfo.fr\/saintdieinfo\/2025\/05\/commemoration-de-la-journee-nationale-des-memoires-de-la-traite-de-lesclavage-et-de-leurs-abolitions\/"},"wordCount":316,"commentCount":0,"publisher":{"@id":"https:\/\/vosgesinfo.fr\/saintdieinfo\/#organization"},"image":{"@id":"https:\/\/vosgesinfo.fr\/saintdieinfo\/2025\/05\/commemoration-de-la-journee-nationale-des-memoires-de-la-traite-de-lesclavage-et-de-leurs-abolitions\/#primaryimage"},"thumbnailUrl":"https:\/\/vosgesinfo.fr\/app\/uploads\/sites\/4\/2025\/05\/ceremonie-st-die-3.jpg","keywords":["Journ\u00e9e nationale des m\u00e9moires de la traite de l'esclavage et de leur abolition"],"articleSection":["A la Une","Saint-di\u00e9","Saint-Di\u00e9-des-Vosges"],"inLanguage":"fr-FR","potentialAction":[{"@type":"CommentAction","name":"Comment","target":["https:\/\/vosgesinfo.fr\/saintdieinfo\/2025\/05\/commemoration-de-la-journee-nationale-des-memoires-de-la-traite-de-lesclavage-et-de-leurs-abolitions\/#respond"]}]},{"@type":"WebPage","@id":"https:\/\/vosgesinfo.fr\/saintdieinfo\/2025\/05\/commemoration-de-la-journee-nationale-des-memoires-de-la-traite-de-lesclavage-et-de-leurs-abolitions\/","url":"https:\/\/vosgesinfo.fr\/saintdieinfo\/2025\/05\/commemoration-de-la-journee-nationale-des-memoires-de-la-traite-de-lesclavage-et-de-leurs-abolitions\/","name":"Comm\u00e9moration de la journ\u00e9e nationale des m\u00e9moires, de la traite, de l'esclavage et de leurs abolitions - Saint Die Info","isPartOf":{"@id":"https:\/\/vosgesinfo.fr\/saintdieinfo\/#website"},"primaryImageOfPage":{"@id":"https:\/\/vosgesinfo.fr\/saintdieinfo\/2025\/05\/commemoration-de-la-journee-nationale-des-memoires-de-la-traite-de-lesclavage-et-de-leurs-abolitions\/#primaryimage"},"image":{"@id":"https:\/\/vosgesinfo.fr\/saintdieinfo\/2025\/05\/commemoration-de-la-journee-nationale-des-memoires-de-la-traite-de-lesclavage-et-de-leurs-abolitions\/#primaryimage"},"thumbnailUrl":"https:\/\/vosgesinfo.fr\/app\/uploads\/sites\/4\/2025\/05\/ceremonie-st-die-3.jpg","datePublished":"2025-05-11T13:45:23+00:00","dateModified":"2025-05-11T12:59:19+00:00","breadcrumb":{"@id":"https:\/\/vosgesinfo.fr\/saintdieinfo\/2025\/05\/commemoration-de-la-journee-nationale-des-memoires-de-la-traite-de-lesclavage-et-de-leurs-abolitions\/#breadcrumb"},"inLanguage":"fr-FR","potentialAction":[{"@type":"ReadAction","target":["https:\/\/vosgesinfo.fr\/saintdieinfo\/2025\/05\/commemoration-de-la-journee-nationale-des-memoires-de-la-traite-de-lesclavage-et-de-leurs-abolitions\/"]}]},{"@type":"ImageObject","inLanguage":"fr-FR","@id":"https:\/\/vosgesinfo.fr\/saintdieinfo\/2025\/05\/commemoration-de-la-journee-nationale-des-memoires-de-la-traite-de-lesclavage-et-de-leurs-abolitions\/#primaryimage","url":"https:\/\/vosgesinfo.fr\/app\/uploads\/sites\/4\/2025\/05\/ceremonie-st-die-3.jpg","contentUrl":"https:\/\/vosgesinfo.fr\/app\/uploads\/sites\/4\/2025\/05\/ceremonie-st-die-3.jpg","width":1200,"height":800},{"@type":"BreadcrumbList","@id":"https:\/\/vosgesinfo.fr\/saintdieinfo\/2025\/05\/commemoration-de-la-journee-nationale-des-memoires-de-la-traite-de-lesclavage-et-de-leurs-abolitions\/#breadcrumb","itemListElement":[{"@type":"ListItem","position":1,"name":"Home","item":"https:\/\/vosgesinfo.fr\/saintdieinfo\/"},{"@type":"ListItem","position":2,"name":"Comm\u00e9moration de la journ\u00e9e nationale des m\u00e9moires, de la traite, de l&rsquo;esclavage et de leurs abolitions"}]},{"@type":"WebSite","@id":"https:\/\/vosgesinfo.fr\/saintdieinfo\/#website","url":"https:\/\/vosgesinfo.fr\/saintdieinfo\/","name":"Saint Die Info","description":"Toute l&#039;actualit\u00e9 de Saint-Di\u00e9-Des-Vosges","publisher":{"@id":"https:\/\/vosgesinfo.fr\/saintdieinfo\/#organization"},"alternateName":"Toute l'actualit\u00e9 de Saint-Di\u00e9-Des-Vosges","potentialAction":[{"@type":"SearchAction","target":{"@type":"EntryPoint","urlTemplate":"https:\/\/vosgesinfo.fr\/saintdieinfo\/?s={search_term_string}"},"query-input":"required name=search_term_string"}],"inLanguage":"fr-FR"},{"@type":"Organization","@id":"https:\/\/vosgesinfo.fr\/saintdieinfo\/#organization","name":"Saint Die Info","url":"https:\/\/vosgesinfo.fr\/saintdieinfo\/","logo":{"@type":"ImageObject","inLanguage":"fr-FR","@id":"https:\/\/vosgesinfo.fr\/saintdieinfo\/#\/schema\/logo\/image\/","url":"https:\/\/vosgesinfo.fr\/app\/uploads\/sites\/4\/2024\/02\/logo-sdi.jpg","contentUrl":"https:\/\/vosgesinfo.fr\/app\/uploads\/sites\/4\/2024\/02\/logo-sdi.jpg","width":600,"height":600,"caption":"Saint Die Info"},"image":{"@id":"https:\/\/vosgesinfo.fr\/saintdieinfo\/#\/schema\/logo\/image\/"},"sameAs":["https:\/\/www.facebook.com\/Saintdieinfofr","https:\/\/x.com\/VosgesInfo88","https:\/\/www.youtube.com\/@vosgesinfo"]},{"@type":"Person","@id":"https:\/\/vosgesinfo.fr\/saintdieinfo\/#\/schema\/person\/27a3695b06db98895b354c0765cdfc31","name":"La redaction","image":{"@type":"ImageObject","inLanguage":"fr-FR","@id":"https:\/\/vosgesinfo.fr\/saintdieinfo\/#\/schema\/person\/image\/","url":"https:\/\/secure.gravatar.com\/avatar\/64c76a78e501cedee55736f43f332df901e1896ae9cd8fad269ae2236dd0e8b6?s=96&d=mm&r=g","contentUrl":"https:\/\/secure.gravatar.com\/avatar\/64c76a78e501cedee55736f43f332df901e1896ae9cd8fad269ae2236dd0e8b6?s=96&d=mm&r=g","caption":"La redaction"},"url":"https:\/\/vosgesinfo.fr\/saintdieinfo\/author\/la-redaction\/"}]}},"_links":{"self":[{"href":"https:\/\/vosgesinfo.fr\/saintdieinfo\/wp-json\/wp\/v2\/posts\/77626","targetHints":{"allow":["GET"]}}],"collection":[{"href":"https:\/\/vosgesinfo.fr\/saintdieinfo\/wp-json\/wp\/v2\/posts"}],"about":[{"href":"https:\/\/vosgesinfo.fr\/saintdieinfo\/wp-json\/wp\/v2\/types\/post"}],"author":[{"embeddable":true,"href":"https:\/\/vosgesinfo.fr\/saintdieinfo\/wp-json\/wp\/v2\/users\/391"}],"replies":[{"embeddable":true,"href":"https:\/\/vosgesinfo.fr\/saintdieinfo\/wp-json\/wp\/v2\/comments?post=77626"}],"version-history":[{"count":2,"href":"https:\/\/vosgesinfo.fr\/saintdieinfo\/wp-json\/wp\/v2\/posts\/77626\/revisions"}],"predecessor-version":[{"id":77632,"href":"https:\/\/vosgesinfo.fr\/saintdieinfo\/wp-json\/wp\/v2\/posts\/77626\/revisions\/77632"}],"wp:featuredmedia":[{"embeddable":true,"href":"https:\/\/vosgesinfo.fr\/saintdieinfo\/wp-json\/wp\/v2\/media\/77628"}],"wp:attachment":[{"href":"https:\/\/vosgesinfo.fr\/saintdieinfo\/wp-json\/wp\/v2\/media?parent=77626"}],"wp:term":[{"taxonomy":"category","embeddable":true,"href":"https:\/\/vosgesinfo.fr\/saintdieinfo\/wp-json\/wp\/v2\/categories?post=77626"},{"taxonomy":"post_tag","embeddable":true,"href":"https:\/\/vosgesinfo.fr\/saintdieinfo\/wp-json\/wp\/v2\/tags?post=77626"}],"curies":[{"name":"wp","href":"https:\/\/api.w.org\/{rel}","templated":true}]}}