{"id":77633,"date":"2025-05-11T16:01:01","date_gmt":"2025-05-11T14:01:01","guid":{"rendered":"https:\/\/vosgesinfo.fr\/saintdieinfo\/?p=77633"},"modified":"2025-05-11T15:11:54","modified_gmt":"2025-05-11T13:11:54","slug":"lete-de-la-photographie-demarre-sous-le-soleil","status":"publish","type":"post","link":"https:\/\/vosgesinfo.fr\/saintdieinfo\/2025\/05\/lete-de-la-photographie-demarre-sous-le-soleil\/","title":{"rendered":"L&rsquo;\u00e9t\u00e9 de la photographie d\u00e9marre sous le soleil"},"content":{"rendered":"<p data-pm-slice=\"1 1 []\"><a href=\"https:\/\/vosgesinfo.fr\/app\/uploads\/sites\/4\/2025\/05\/lete-de-la-photographie-4.jpg\"><img decoding=\"async\" class=\"aligncenter size-large wp-image-77637\" src=\"https:\/\/vosgesinfo.fr\/app\/uploads\/sites\/4\/2025\/05\/lete-de-la-photographie-4-1024x683.jpg\" alt=\"\" width=\"1024\" height=\"683\" srcset=\"https:\/\/vosgesinfo.fr\/app\/uploads\/sites\/4\/2025\/05\/lete-de-la-photographie-4-1024x683.jpg 1024w, https:\/\/vosgesinfo.fr\/app\/uploads\/sites\/4\/2025\/05\/lete-de-la-photographie-4-300x200.jpg 300w, https:\/\/vosgesinfo.fr\/app\/uploads\/sites\/4\/2025\/05\/lete-de-la-photographie-4-768x512.jpg 768w, https:\/\/vosgesinfo.fr\/app\/uploads\/sites\/4\/2025\/05\/lete-de-la-photographie-4.jpg 1200w\" sizes=\"(max-width: 1024px) 100vw, 1024px\" \/><\/a><\/p>\n\n\t\t<style type=\"text\/css\">\n\t\t\t#gallery-1 {\n\t\t\t\tmargin: auto;\n\t\t\t}\n\t\t\t#gallery-1 .gallery-item {\n\t\t\t\tfloat: left;\n\t\t\t\tmargin-top: 10px;\n\t\t\t\ttext-align: center;\n\t\t\t\twidth: 50%;\n\t\t\t}\n\t\t\t#gallery-1 img {\n\t\t\t\tborder: 2px solid #cfcfcf;\n\t\t\t}\n\t\t\t#gallery-1 .gallery-caption {\n\t\t\t\tmargin-left: 0;\n\t\t\t}\n\t\t\t\/* see gallery_shortcode() in wp-includes\/media.php *\/\n\t\t<\/style>\n\t\t<div id='gallery-1' class='gallery galleryid-77633 gallery-columns-2 gallery-size-medium'><dl class='gallery-item'>\n\t\t\t<dt class='gallery-icon landscape'>\n\t\t\t\t<a href='https:\/\/vosgesinfo.fr\/app\/uploads\/sites\/4\/2025\/05\/lete-de-la-photographie-1.jpg'><img decoding=\"async\" width=\"300\" height=\"200\" src=\"https:\/\/vosgesinfo.fr\/app\/uploads\/sites\/4\/2025\/05\/lete-de-la-photographie-1-300x200.jpg\" class=\"attachment-medium size-medium\" alt=\"\" srcset=\"https:\/\/vosgesinfo.fr\/app\/uploads\/sites\/4\/2025\/05\/lete-de-la-photographie-1-300x200.jpg 300w, https:\/\/vosgesinfo.fr\/app\/uploads\/sites\/4\/2025\/05\/lete-de-la-photographie-1-1024x683.jpg 1024w, https:\/\/vosgesinfo.fr\/app\/uploads\/sites\/4\/2025\/05\/lete-de-la-photographie-1-768x512.jpg 768w, https:\/\/vosgesinfo.fr\/app\/uploads\/sites\/4\/2025\/05\/lete-de-la-photographie-1.jpg 1200w\" sizes=\"(max-width: 300px) 100vw, 300px\" \/><\/a>\n\t\t\t<\/dt><\/dl><dl class='gallery-item'>\n\t\t\t<dt class='gallery-icon landscape'>\n\t\t\t\t<a href='https:\/\/vosgesinfo.fr\/app\/uploads\/sites\/4\/2025\/05\/lete-de-la-photographie-3.jpg'><img decoding=\"async\" width=\"300\" height=\"200\" src=\"https:\/\/vosgesinfo.fr\/app\/uploads\/sites\/4\/2025\/05\/lete-de-la-photographie-3-300x200.jpg\" class=\"attachment-medium size-medium\" alt=\"\" srcset=\"https:\/\/vosgesinfo.fr\/app\/uploads\/sites\/4\/2025\/05\/lete-de-la-photographie-3-300x200.jpg 300w, https:\/\/vosgesinfo.fr\/app\/uploads\/sites\/4\/2025\/05\/lete-de-la-photographie-3-1024x683.jpg 1024w, https:\/\/vosgesinfo.fr\/app\/uploads\/sites\/4\/2025\/05\/lete-de-la-photographie-3-768x512.jpg 768w, https:\/\/vosgesinfo.fr\/app\/uploads\/sites\/4\/2025\/05\/lete-de-la-photographie-3.jpg 1200w\" sizes=\"(max-width: 300px) 100vw, 300px\" \/><\/a>\n\t\t\t<\/dt><\/dl><br style=\"clear: both\" \/>\n\t\t<\/div>\n\n<h3 data-pm-slice=\"1 1 []\">Inauguration ce samedi en fin d\u2019apr\u00e8s-midi de \u00ab L\u2019\u00e9t\u00e9 de la photographie\u00a0\u00bb, exposition organis\u00e9e par les Jardins de la chapelle Saint-Roch avec une double exposition.<\/h3>\n<p>&nbsp;<\/p>\n<p><a href=\"https:\/\/vosgesinfo.fr\/app\/uploads\/sites\/4\/2025\/05\/lete-de-la-photographie-2.jpg\"><img decoding=\"async\" class=\"alignright size-medium wp-image-77634\" src=\"https:\/\/vosgesinfo.fr\/app\/uploads\/sites\/4\/2025\/05\/lete-de-la-photographie-2-300x200.jpg\" alt=\"\" width=\"300\" height=\"200\" srcset=\"https:\/\/vosgesinfo.fr\/app\/uploads\/sites\/4\/2025\/05\/lete-de-la-photographie-2-300x200.jpg 300w, https:\/\/vosgesinfo.fr\/app\/uploads\/sites\/4\/2025\/05\/lete-de-la-photographie-2-1024x683.jpg 1024w, https:\/\/vosgesinfo.fr\/app\/uploads\/sites\/4\/2025\/05\/lete-de-la-photographie-2-768x512.jpg 768w, https:\/\/vosgesinfo.fr\/app\/uploads\/sites\/4\/2025\/05\/lete-de-la-photographie-2.jpg 1200w\" sizes=\"(max-width: 300px) 100vw, 300px\" \/><\/a>Pierre RICH, photographe professionnel, expose une trentaine de grands formats, des paysages riches et vari\u00e9s des Vosges, ainsi qu&rsquo;\u00e0 sa faune au gr\u00e9 des rencontres sur le terrain, aussi surprenantes les unes que les autres. Pierre RICH vous raconte son histoire au travers de ses clich\u00e9s et nous partage ses \u00e9motions dans les grands jardins et le sous-bois des Jardins de la Chapelle Saint-Roch.<\/p>\n<p>Herv\u00e9 LEGRIX Photographe amateur, expose une vingtaine de ses photos install\u00e9es dans le potager et le petit jardin. Il vous fait d\u00e9couvrir les cascades du massif vosgien qu\u2019il a pris le temps de capturer au cours de ses randonn\u00e9es et nous partage sa vision et ses \u00e9motions.<\/p>\n<p>Cette exposition est visible toute la saison, jusqu&rsquo;en octobre, lors des animations dans les Jardins de la Chapelle Saint-Roch ou sur rendez-vous (contact mail : <a class=\"qbe-widget\" href=\"mailto:lesjardinsdelachapelle@gmail.com\" target=\"_blank\" rel=\"noopener noreferrer\">lesjardinsdelachapelle@gmail.com<\/a> \u2013 ou t\u00e9l.\u00a0: 06 36 90 34 20).<\/p>\n","protected":false},"excerpt":{"rendered":"<p>Inauguration ce samedi en fin d\u2019apr\u00e8s-midi de \u00ab L\u2019\u00e9t\u00e9 de la photographie\u00a0\u00bb, exposition organis\u00e9e par les Jardins de la chapelle [&hellip;]<\/p>\n","protected":false},"author":391,"featured_media":77637,"comment_status":"open","ping_status":"open","sticky":false,"template":"","format":"standard","meta":{"footnotes":""},"categories":[460,8019,7847,4100],"tags":[3019,14410,16208],"class_list":["post-77633","post","type-post","status-publish","format-standard","has-post-thumbnail","hentry","category-a-la-une","category-vie-artistique-art-culture","category-art-culture","category-saint-die","tag-chapelle-saint-roch","tag-lete-de-la-photographie","tag-pierre-rich"],"acf":[],"yoast_head":"<!-- This site is optimized with the Yoast SEO plugin v22.5 - https:\/\/yoast.com\/wordpress\/plugins\/seo\/ -->\n<title>L&#039;\u00e9t\u00e9 de la photographie d\u00e9marre sous le soleil - Saint Die Info<\/title>\n<meta name=\"robots\" content=\"index, follow, max-snippet:-1, max-image-preview:large, max-video-preview:-1\" \/>\n<link rel=\"canonical\" href=\"https:\/\/vosgesinfo.fr\/saintdieinfo\/2025\/05\/lete-de-la-photographie-demarre-sous-le-soleil\/\" \/>\n<meta name=\"twitter:card\" content=\"summary_large_image\" \/>\n<meta name=\"twitter:title\" content=\"L&#039;\u00e9t\u00e9 de la photographie d\u00e9marre sous le soleil - Saint Die Info\" \/>\n<meta name=\"twitter:description\" content=\"Inauguration ce samedi en fin d\u2019apr\u00e8s-midi de \u00ab L\u2019\u00e9t\u00e9 de la photographie\u00a0\u00bb, exposition organis\u00e9e par les Jardins de la chapelle [&hellip;]\" \/>\n<meta name=\"twitter:image\" content=\"https:\/\/vosgesinfo.fr\/app\/uploads\/sites\/4\/2025\/05\/lete-de-la-photographie-4.jpg\" \/>\n<meta name=\"twitter:creator\" content=\"@VosgesInfo88\" \/>\n<meta name=\"twitter:site\" content=\"@VosgesInfo88\" \/>\n<meta name=\"twitter:label1\" content=\"\u00c9crit par\" \/>\n\t<meta name=\"twitter:data1\" content=\"La redaction\" \/>\n\t<meta name=\"twitter:label2\" content=\"Dur\u00e9e de lecture estim\u00e9e\" \/>\n\t<meta name=\"twitter:data2\" content=\"2 minutes\" \/>\n<script type=\"application\/ld+json\" class=\"yoast-schema-graph\">{\"@context\":\"https:\/\/schema.org\",\"@graph\":[{\"@type\":\"Article\",\"@id\":\"https:\/\/vosgesinfo.fr\/saintdieinfo\/2025\/05\/lete-de-la-photographie-demarre-sous-le-soleil\/#article\",\"isPartOf\":{\"@id\":\"https:\/\/vosgesinfo.fr\/saintdieinfo\/2025\/05\/lete-de-la-photographie-demarre-sous-le-soleil\/\"},\"author\":{\"name\":\"La redaction\",\"@id\":\"https:\/\/vosgesinfo.fr\/saintdieinfo\/#\/schema\/person\/27a3695b06db98895b354c0765cdfc31\"},\"headline\":\"L&rsquo;\u00e9t\u00e9 de la photographie d\u00e9marre sous le soleil\",\"datePublished\":\"2025-05-11T14:01:01+00:00\",\"dateModified\":\"2025-05-11T13:11:54+00:00\",\"mainEntityOfPage\":{\"@id\":\"https:\/\/vosgesinfo.fr\/saintdieinfo\/2025\/05\/lete-de-la-photographie-demarre-sous-le-soleil\/\"},\"wordCount\":194,\"commentCount\":0,\"publisher\":{\"@id\":\"https:\/\/vosgesinfo.fr\/saintdieinfo\/#organization\"},\"image\":{\"@id\":\"https:\/\/vosgesinfo.fr\/saintdieinfo\/2025\/05\/lete-de-la-photographie-demarre-sous-le-soleil\/#primaryimage\"},\"thumbnailUrl\":\"https:\/\/vosgesinfo.fr\/app\/uploads\/sites\/4\/2025\/05\/lete-de-la-photographie-4.jpg\",\"keywords\":[\"Chapelle Saint-Roch\",\"L'Et\u00e9 de la Photographie\",\"Pierre Rich\"],\"articleSection\":[\"A la Une\",\"Art\",\"Culture\",\"Saint-di\u00e9\"],\"inLanguage\":\"fr-FR\",\"potentialAction\":[{\"@type\":\"CommentAction\",\"name\":\"Comment\",\"target\":[\"https:\/\/vosgesinfo.fr\/saintdieinfo\/2025\/05\/lete-de-la-photographie-demarre-sous-le-soleil\/#respond\"]}]},{\"@type\":\"WebPage\",\"@id\":\"https:\/\/vosgesinfo.fr\/saintdieinfo\/2025\/05\/lete-de-la-photographie-demarre-sous-le-soleil\/\",\"url\":\"https:\/\/vosgesinfo.fr\/saintdieinfo\/2025\/05\/lete-de-la-photographie-demarre-sous-le-soleil\/\",\"name\":\"L'\u00e9t\u00e9 de la photographie d\u00e9marre sous le soleil - Saint Die Info\",\"isPartOf\":{\"@id\":\"https:\/\/vosgesinfo.fr\/saintdieinfo\/#website\"},\"primaryImageOfPage\":{\"@id\":\"https:\/\/vosgesinfo.fr\/saintdieinfo\/2025\/05\/lete-de-la-photographie-demarre-sous-le-soleil\/#primaryimage\"},\"image\":{\"@id\":\"https:\/\/vosgesinfo.fr\/saintdieinfo\/2025\/05\/lete-de-la-photographie-demarre-sous-le-soleil\/#primaryimage\"},\"thumbnailUrl\":\"https:\/\/vosgesinfo.fr\/app\/uploads\/sites\/4\/2025\/05\/lete-de-la-photographie-4.jpg\",\"datePublished\":\"2025-05-11T14:01:01+00:00\",\"dateModified\":\"2025-05-11T13:11:54+00:00\",\"breadcrumb\":{\"@id\":\"https:\/\/vosgesinfo.fr\/saintdieinfo\/2025\/05\/lete-de-la-photographie-demarre-sous-le-soleil\/#breadcrumb\"},\"inLanguage\":\"fr-FR\",\"potentialAction\":[{\"@type\":\"ReadAction\",\"target\":[\"https:\/\/vosgesinfo.fr\/saintdieinfo\/2025\/05\/lete-de-la-photographie-demarre-sous-le-soleil\/\"]}]},{\"@type\":\"ImageObject\",\"inLanguage\":\"fr-FR\",\"@id\":\"https:\/\/vosgesinfo.fr\/saintdieinfo\/2025\/05\/lete-de-la-photographie-demarre-sous-le-soleil\/#primaryimage\",\"url\":\"https:\/\/vosgesinfo.fr\/app\/uploads\/sites\/4\/2025\/05\/lete-de-la-photographie-4.jpg\",\"contentUrl\":\"https:\/\/vosgesinfo.fr\/app\/uploads\/sites\/4\/2025\/05\/lete-de-la-photographie-4.jpg\",\"width\":1200,\"height\":800},{\"@type\":\"BreadcrumbList\",\"@id\":\"https:\/\/vosgesinfo.fr\/saintdieinfo\/2025\/05\/lete-de-la-photographie-demarre-sous-le-soleil\/#breadcrumb\",\"itemListElement\":[{\"@type\":\"ListItem\",\"position\":1,\"name\":\"Home\",\"item\":\"https:\/\/vosgesinfo.fr\/saintdieinfo\/\"},{\"@type\":\"ListItem\",\"position\":2,\"name\":\"L&rsquo;\u00e9t\u00e9 de la photographie d\u00e9marre sous le soleil\"}]},{\"@type\":\"WebSite\",\"@id\":\"https:\/\/vosgesinfo.fr\/saintdieinfo\/#website\",\"url\":\"https:\/\/vosgesinfo.fr\/saintdieinfo\/\",\"name\":\"Saint Die Info\",\"description\":\"Toute l&#039;actualit\u00e9 de Saint-Di\u00e9-Des-Vosges\",\"publisher\":{\"@id\":\"https:\/\/vosgesinfo.fr\/saintdieinfo\/#organization\"},\"alternateName\":\"Toute l'actualit\u00e9 de Saint-Di\u00e9-Des-Vosges\",\"potentialAction\":[{\"@type\":\"SearchAction\",\"target\":{\"@type\":\"EntryPoint\",\"urlTemplate\":\"https:\/\/vosgesinfo.fr\/saintdieinfo\/?s={search_term_string}\"},\"query-input\":\"required name=search_term_string\"}],\"inLanguage\":\"fr-FR\"},{\"@type\":\"Organization\",\"@id\":\"https:\/\/vosgesinfo.fr\/saintdieinfo\/#organization\",\"name\":\"Saint Die Info\",\"url\":\"https:\/\/vosgesinfo.fr\/saintdieinfo\/\",\"logo\":{\"@type\":\"ImageObject\",\"inLanguage\":\"fr-FR\",\"@id\":\"https:\/\/vosgesinfo.fr\/saintdieinfo\/#\/schema\/logo\/image\/\",\"url\":\"https:\/\/vosgesinfo.fr\/app\/uploads\/sites\/4\/2024\/02\/logo-sdi.jpg\",\"contentUrl\":\"https:\/\/vosgesinfo.fr\/app\/uploads\/sites\/4\/2024\/02\/logo-sdi.jpg\",\"width\":600,\"height\":600,\"caption\":\"Saint Die Info\"},\"image\":{\"@id\":\"https:\/\/vosgesinfo.fr\/saintdieinfo\/#\/schema\/logo\/image\/\"},\"sameAs\":[\"https:\/\/www.facebook.com\/Saintdieinfofr\",\"https:\/\/x.com\/VosgesInfo88\",\"https:\/\/www.youtube.com\/@vosgesinfo\"]},{\"@type\":\"Person\",\"@id\":\"https:\/\/vosgesinfo.fr\/saintdieinfo\/#\/schema\/person\/27a3695b06db98895b354c0765cdfc31\",\"name\":\"La redaction\",\"image\":{\"@type\":\"ImageObject\",\"inLanguage\":\"fr-FR\",\"@id\":\"https:\/\/vosgesinfo.fr\/saintdieinfo\/#\/schema\/person\/image\/\",\"url\":\"https:\/\/secure.gravatar.com\/avatar\/64c76a78e501cedee55736f43f332df901e1896ae9cd8fad269ae2236dd0e8b6?s=96&d=mm&r=g\",\"contentUrl\":\"https:\/\/secure.gravatar.com\/avatar\/64c76a78e501cedee55736f43f332df901e1896ae9cd8fad269ae2236dd0e8b6?s=96&d=mm&r=g\",\"caption\":\"La redaction\"},\"url\":\"https:\/\/vosgesinfo.fr\/saintdieinfo\/author\/la-redaction\/\"}]}<\/script>\n<!-- \/ Yoast SEO plugin. -->","yoast_head_json":{"title":"L'\u00e9t\u00e9 de la photographie d\u00e9marre sous le soleil - Saint Die Info","robots":{"index":"index","follow":"follow","max-snippet":"max-snippet:-1","max-image-preview":"max-image-preview:large","max-video-preview":"max-video-preview:-1"},"canonical":"https:\/\/vosgesinfo.fr\/saintdieinfo\/2025\/05\/lete-de-la-photographie-demarre-sous-le-soleil\/","twitter_card":"summary_large_image","twitter_title":"L'\u00e9t\u00e9 de la photographie d\u00e9marre sous le soleil - Saint Die Info","twitter_description":"Inauguration ce samedi en fin d\u2019apr\u00e8s-midi de \u00ab L\u2019\u00e9t\u00e9 de la photographie\u00a0\u00bb, exposition organis\u00e9e par les Jardins de la chapelle [&hellip;]","twitter_image":"https:\/\/vosgesinfo.fr\/app\/uploads\/sites\/4\/2025\/05\/lete-de-la-photographie-4.jpg","twitter_creator":"@VosgesInfo88","twitter_site":"@VosgesInfo88","twitter_misc":{"\u00c9crit par":"La redaction","Dur\u00e9e de lecture estim\u00e9e":"2 minutes"},"schema":{"@context":"https:\/\/schema.org","@graph":[{"@type":"Article","@id":"https:\/\/vosgesinfo.fr\/saintdieinfo\/2025\/05\/lete-de-la-photographie-demarre-sous-le-soleil\/#article","isPartOf":{"@id":"https:\/\/vosgesinfo.fr\/saintdieinfo\/2025\/05\/lete-de-la-photographie-demarre-sous-le-soleil\/"},"author":{"name":"La redaction","@id":"https:\/\/vosgesinfo.fr\/saintdieinfo\/#\/schema\/person\/27a3695b06db98895b354c0765cdfc31"},"headline":"L&rsquo;\u00e9t\u00e9 de la photographie d\u00e9marre sous le soleil","datePublished":"2025-05-11T14:01:01+00:00","dateModified":"2025-05-11T13:11:54+00:00","mainEntityOfPage":{"@id":"https:\/\/vosgesinfo.fr\/saintdieinfo\/2025\/05\/lete-de-la-photographie-demarre-sous-le-soleil\/"},"wordCount":194,"commentCount":0,"publisher":{"@id":"https:\/\/vosgesinfo.fr\/saintdieinfo\/#organization"},"image":{"@id":"https:\/\/vosgesinfo.fr\/saintdieinfo\/2025\/05\/lete-de-la-photographie-demarre-sous-le-soleil\/#primaryimage"},"thumbnailUrl":"https:\/\/vosgesinfo.fr\/app\/uploads\/sites\/4\/2025\/05\/lete-de-la-photographie-4.jpg","keywords":["Chapelle Saint-Roch","L'Et\u00e9 de la Photographie","Pierre Rich"],"articleSection":["A la Une","Art","Culture","Saint-di\u00e9"],"inLanguage":"fr-FR","potentialAction":[{"@type":"CommentAction","name":"Comment","target":["https:\/\/vosgesinfo.fr\/saintdieinfo\/2025\/05\/lete-de-la-photographie-demarre-sous-le-soleil\/#respond"]}]},{"@type":"WebPage","@id":"https:\/\/vosgesinfo.fr\/saintdieinfo\/2025\/05\/lete-de-la-photographie-demarre-sous-le-soleil\/","url":"https:\/\/vosgesinfo.fr\/saintdieinfo\/2025\/05\/lete-de-la-photographie-demarre-sous-le-soleil\/","name":"L'\u00e9t\u00e9 de la photographie d\u00e9marre sous le soleil - Saint Die Info","isPartOf":{"@id":"https:\/\/vosgesinfo.fr\/saintdieinfo\/#website"},"primaryImageOfPage":{"@id":"https:\/\/vosgesinfo.fr\/saintdieinfo\/2025\/05\/lete-de-la-photographie-demarre-sous-le-soleil\/#primaryimage"},"image":{"@id":"https:\/\/vosgesinfo.fr\/saintdieinfo\/2025\/05\/lete-de-la-photographie-demarre-sous-le-soleil\/#primaryimage"},"thumbnailUrl":"https:\/\/vosgesinfo.fr\/app\/uploads\/sites\/4\/2025\/05\/lete-de-la-photographie-4.jpg","datePublished":"2025-05-11T14:01:01+00:00","dateModified":"2025-05-11T13:11:54+00:00","breadcrumb":{"@id":"https:\/\/vosgesinfo.fr\/saintdieinfo\/2025\/05\/lete-de-la-photographie-demarre-sous-le-soleil\/#breadcrumb"},"inLanguage":"fr-FR","potentialAction":[{"@type":"ReadAction","target":["https:\/\/vosgesinfo.fr\/saintdieinfo\/2025\/05\/lete-de-la-photographie-demarre-sous-le-soleil\/"]}]},{"@type":"ImageObject","inLanguage":"fr-FR","@id":"https:\/\/vosgesinfo.fr\/saintdieinfo\/2025\/05\/lete-de-la-photographie-demarre-sous-le-soleil\/#primaryimage","url":"https:\/\/vosgesinfo.fr\/app\/uploads\/sites\/4\/2025\/05\/lete-de-la-photographie-4.jpg","contentUrl":"https:\/\/vosgesinfo.fr\/app\/uploads\/sites\/4\/2025\/05\/lete-de-la-photographie-4.jpg","width":1200,"height":800},{"@type":"BreadcrumbList","@id":"https:\/\/vosgesinfo.fr\/saintdieinfo\/2025\/05\/lete-de-la-photographie-demarre-sous-le-soleil\/#breadcrumb","itemListElement":[{"@type":"ListItem","position":1,"name":"Home","item":"https:\/\/vosgesinfo.fr\/saintdieinfo\/"},{"@type":"ListItem","position":2,"name":"L&rsquo;\u00e9t\u00e9 de la photographie d\u00e9marre sous le soleil"}]},{"@type":"WebSite","@id":"https:\/\/vosgesinfo.fr\/saintdieinfo\/#website","url":"https:\/\/vosgesinfo.fr\/saintdieinfo\/","name":"Saint Die Info","description":"Toute l&#039;actualit\u00e9 de Saint-Di\u00e9-Des-Vosges","publisher":{"@id":"https:\/\/vosgesinfo.fr\/saintdieinfo\/#organization"},"alternateName":"Toute l'actualit\u00e9 de Saint-Di\u00e9-Des-Vosges","potentialAction":[{"@type":"SearchAction","target":{"@type":"EntryPoint","urlTemplate":"https:\/\/vosgesinfo.fr\/saintdieinfo\/?s={search_term_string}"},"query-input":"required name=search_term_string"}],"inLanguage":"fr-FR"},{"@type":"Organization","@id":"https:\/\/vosgesinfo.fr\/saintdieinfo\/#organization","name":"Saint Die Info","url":"https:\/\/vosgesinfo.fr\/saintdieinfo\/","logo":{"@type":"ImageObject","inLanguage":"fr-FR","@id":"https:\/\/vosgesinfo.fr\/saintdieinfo\/#\/schema\/logo\/image\/","url":"https:\/\/vosgesinfo.fr\/app\/uploads\/sites\/4\/2024\/02\/logo-sdi.jpg","contentUrl":"https:\/\/vosgesinfo.fr\/app\/uploads\/sites\/4\/2024\/02\/logo-sdi.jpg","width":600,"height":600,"caption":"Saint Die Info"},"image":{"@id":"https:\/\/vosgesinfo.fr\/saintdieinfo\/#\/schema\/logo\/image\/"},"sameAs":["https:\/\/www.facebook.com\/Saintdieinfofr","https:\/\/x.com\/VosgesInfo88","https:\/\/www.youtube.com\/@vosgesinfo"]},{"@type":"Person","@id":"https:\/\/vosgesinfo.fr\/saintdieinfo\/#\/schema\/person\/27a3695b06db98895b354c0765cdfc31","name":"La redaction","image":{"@type":"ImageObject","inLanguage":"fr-FR","@id":"https:\/\/vosgesinfo.fr\/saintdieinfo\/#\/schema\/person\/image\/","url":"https:\/\/secure.gravatar.com\/avatar\/64c76a78e501cedee55736f43f332df901e1896ae9cd8fad269ae2236dd0e8b6?s=96&d=mm&r=g","contentUrl":"https:\/\/secure.gravatar.com\/avatar\/64c76a78e501cedee55736f43f332df901e1896ae9cd8fad269ae2236dd0e8b6?s=96&d=mm&r=g","caption":"La redaction"},"url":"https:\/\/vosgesinfo.fr\/saintdieinfo\/author\/la-redaction\/"}]}},"_links":{"self":[{"href":"https:\/\/vosgesinfo.fr\/saintdieinfo\/wp-json\/wp\/v2\/posts\/77633","targetHints":{"allow":["GET"]}}],"collection":[{"href":"https:\/\/vosgesinfo.fr\/saintdieinfo\/wp-json\/wp\/v2\/posts"}],"about":[{"href":"https:\/\/vosgesinfo.fr\/saintdieinfo\/wp-json\/wp\/v2\/types\/post"}],"author":[{"embeddable":true,"href":"https:\/\/vosgesinfo.fr\/saintdieinfo\/wp-json\/wp\/v2\/users\/391"}],"replies":[{"embeddable":true,"href":"https:\/\/vosgesinfo.fr\/saintdieinfo\/wp-json\/wp\/v2\/comments?post=77633"}],"version-history":[{"count":2,"href":"https:\/\/vosgesinfo.fr\/saintdieinfo\/wp-json\/wp\/v2\/posts\/77633\/revisions"}],"predecessor-version":[{"id":77639,"href":"https:\/\/vosgesinfo.fr\/saintdieinfo\/wp-json\/wp\/v2\/posts\/77633\/revisions\/77639"}],"wp:featuredmedia":[{"embeddable":true,"href":"https:\/\/vosgesinfo.fr\/saintdieinfo\/wp-json\/wp\/v2\/media\/77637"}],"wp:attachment":[{"href":"https:\/\/vosgesinfo.fr\/saintdieinfo\/wp-json\/wp\/v2\/media?parent=77633"}],"wp:term":[{"taxonomy":"category","embeddable":true,"href":"https:\/\/vosgesinfo.fr\/saintdieinfo\/wp-json\/wp\/v2\/categories?post=77633"},{"taxonomy":"post_tag","embeddable":true,"href":"https:\/\/vosgesinfo.fr\/saintdieinfo\/wp-json\/wp\/v2\/tags?post=77633"}],"curies":[{"name":"wp","href":"https:\/\/api.w.org\/{rel}","templated":true}]}}