{"id":78671,"date":"2025-06-05T09:45:58","date_gmt":"2025-06-05T07:45:58","guid":{"rendered":"https:\/\/vosgesinfo.fr\/saintdieinfo\/?p=78671"},"modified":"2025-06-05T09:28:15","modified_gmt":"2025-06-05T07:28:15","slug":"senones-une-rencontre-litteraire-autour-des-temoignages-de-la-grande-guerre","status":"publish","type":"post","link":"https:\/\/vosgesinfo.fr\/saintdieinfo\/2025\/06\/senones-une-rencontre-litteraire-autour-des-temoignages-de-la-grande-guerre\/","title":{"rendered":"Senones \u2013 Une rencontre litt\u00e9raire autour des t\u00e9moignages de la Grande Guerre"},"content":{"rendered":"<h2><strong>Samedi 14 juin, de 9h \u00e0 12h<\/strong>, la <strong>librairie de Salm<\/strong> accueillera une rencontre litt\u00e9raire autour du th\u00e8me suivant : <strong>\u00ab\u00a0Publier les t\u00e9moignages de 14-18\u00a0\u00bb<\/strong>.<\/h2>\n<p><!--more--><\/p>\n<p>Anim\u00e9e par <strong>Yann Prouillet<\/strong>, <strong>historien<\/strong> et <strong>\u00e9diteur<\/strong>, cette rencontre s\u2019inscrit dans le cadre de la parution de l\u2019ouvrage de <strong>R\u00e9my Cazals<\/strong>, <em>\u00c9crire\u2026 publier\u2026 R\u00e9flexions sur les t\u00e9moignages de 1914-1918<\/em>, publi\u00e9 aux <strong>\u00e9ditions Edhisto<\/strong>. <strong>Entr\u00e9e libre.<\/strong><\/p>\n<p><a href=\"https:\/\/vosgesinfo.fr\/app\/uploads\/sites\/4\/2025\/06\/senones-rencontre-litteraire-yann-prouillet.png\"><img decoding=\"async\" class=\"alignnone size-large wp-image-78672\" src=\"https:\/\/vosgesinfo.fr\/app\/uploads\/sites\/4\/2025\/06\/senones-rencontre-litteraire-yann-prouillet-692x1024.png\" alt=\"\" width=\"692\" height=\"1024\" srcset=\"https:\/\/vosgesinfo.fr\/app\/uploads\/sites\/4\/2025\/06\/senones-rencontre-litteraire-yann-prouillet-692x1024.png 692w, https:\/\/vosgesinfo.fr\/app\/uploads\/sites\/4\/2025\/06\/senones-rencontre-litteraire-yann-prouillet-203x300.png 203w, https:\/\/vosgesinfo.fr\/app\/uploads\/sites\/4\/2025\/06\/senones-rencontre-litteraire-yann-prouillet-768x1137.png 768w, https:\/\/vosgesinfo.fr\/app\/uploads\/sites\/4\/2025\/06\/senones-rencontre-litteraire-yann-prouillet.png 771w\" sizes=\"(max-width: 692px) 100vw, 692px\" \/><\/a><\/p>\n","protected":false},"excerpt":{"rendered":"<p>Samedi 14 juin, de 9h \u00e0 12h, la librairie de Salm accueillera une rencontre litt\u00e9raire autour du th\u00e8me suivant : [&hellip;]<\/p>\n","protected":false},"author":46,"featured_media":78672,"comment_status":"open","ping_status":"open","sticky":false,"template":"","format":"standard","meta":{"footnotes":""},"categories":[3900,3903,8090],"tags":[17352,17350,17353,17351,2495,3638],"class_list":["post-78671","post","type-post","status-publish","format-standard","has-post-thumbnail","hentry","category-breves","category-deodatie","category-litterature","tag-edhisto","tag-librairie-de-salm","tag-publier-les-temoignages-de-14-18","tag-remy-cazals","tag-rencontre-litteraire","tag-yann-prouillet"],"acf":[],"yoast_head":"<!-- This site is optimized with the Yoast SEO plugin v22.5 - https:\/\/yoast.com\/wordpress\/plugins\/seo\/ -->\n<title>Senones \u2013 Une rencontre litt\u00e9raire autour des t\u00e9moignages de la Grande Guerre - Saint Die Info<\/title>\n<meta name=\"robots\" content=\"index, follow, max-snippet:-1, max-image-preview:large, max-video-preview:-1\" \/>\n<link rel=\"canonical\" href=\"https:\/\/vosgesinfo.fr\/saintdieinfo\/2025\/06\/senones-une-rencontre-litteraire-autour-des-temoignages-de-la-grande-guerre\/\" \/>\n<meta name=\"twitter:card\" content=\"summary_large_image\" \/>\n<meta name=\"twitter:title\" content=\"Senones \u2013 Une rencontre litt\u00e9raire autour des t\u00e9moignages de la Grande Guerre - Saint Die Info\" \/>\n<meta name=\"twitter:description\" content=\"Samedi 14 juin, de 9h \u00e0 12h, la librairie de Salm accueillera une rencontre litt\u00e9raire autour du th\u00e8me suivant : [&hellip;]\" \/>\n<meta name=\"twitter:image\" content=\"https:\/\/vosgesinfo.fr\/app\/uploads\/sites\/4\/2025\/06\/senones-rencontre-litteraire-yann-prouillet.png\" \/>\n<meta name=\"twitter:creator\" content=\"@VosgesInfo88\" \/>\n<meta name=\"twitter:site\" content=\"@VosgesInfo88\" \/>\n<meta name=\"twitter:label1\" content=\"\u00c9crit par\" \/>\n\t<meta name=\"twitter:data1\" content=\"J.J.\" \/>\n<script type=\"application\/ld+json\" class=\"yoast-schema-graph\">{\"@context\":\"https:\/\/schema.org\",\"@graph\":[{\"@type\":\"Article\",\"@id\":\"https:\/\/vosgesinfo.fr\/saintdieinfo\/2025\/06\/senones-une-rencontre-litteraire-autour-des-temoignages-de-la-grande-guerre\/#article\",\"isPartOf\":{\"@id\":\"https:\/\/vosgesinfo.fr\/saintdieinfo\/2025\/06\/senones-une-rencontre-litteraire-autour-des-temoignages-de-la-grande-guerre\/\"},\"author\":{\"name\":\"J.J.\",\"@id\":\"https:\/\/vosgesinfo.fr\/saintdieinfo\/#\/schema\/person\/fa73e9f726d67bb88f46d5b7943cb572\"},\"headline\":\"Senones \u2013 Une rencontre litt\u00e9raire autour des t\u00e9moignages de la Grande Guerre\",\"datePublished\":\"2025-06-05T07:45:58+00:00\",\"dateModified\":\"2025-06-05T07:28:15+00:00\",\"mainEntityOfPage\":{\"@id\":\"https:\/\/vosgesinfo.fr\/saintdieinfo\/2025\/06\/senones-une-rencontre-litteraire-autour-des-temoignages-de-la-grande-guerre\/\"},\"wordCount\":80,\"commentCount\":0,\"publisher\":{\"@id\":\"https:\/\/vosgesinfo.fr\/saintdieinfo\/#organization\"},\"image\":{\"@id\":\"https:\/\/vosgesinfo.fr\/saintdieinfo\/2025\/06\/senones-une-rencontre-litteraire-autour-des-temoignages-de-la-grande-guerre\/#primaryimage\"},\"thumbnailUrl\":\"https:\/\/vosgesinfo.fr\/app\/uploads\/sites\/4\/2025\/06\/senones-rencontre-litteraire-yann-prouillet.png\",\"keywords\":[\"Edhisto\",\"Librairie de Salm\",\"Publier les t\u00e9moignages de 14-18\",\"R\u00e9my Cazals\",\"Rencontre litt\u00e9raire\",\"Yann Prouillet\"],\"articleSection\":[\"Br\u00e8ves\",\"D\u00e9odatie\",\"Litt\u00e9rature\"],\"inLanguage\":\"fr-FR\",\"potentialAction\":[{\"@type\":\"CommentAction\",\"name\":\"Comment\",\"target\":[\"https:\/\/vosgesinfo.fr\/saintdieinfo\/2025\/06\/senones-une-rencontre-litteraire-autour-des-temoignages-de-la-grande-guerre\/#respond\"]}]},{\"@type\":\"WebPage\",\"@id\":\"https:\/\/vosgesinfo.fr\/saintdieinfo\/2025\/06\/senones-une-rencontre-litteraire-autour-des-temoignages-de-la-grande-guerre\/\",\"url\":\"https:\/\/vosgesinfo.fr\/saintdieinfo\/2025\/06\/senones-une-rencontre-litteraire-autour-des-temoignages-de-la-grande-guerre\/\",\"name\":\"Senones \u2013 Une rencontre litt\u00e9raire autour des t\u00e9moignages de la Grande Guerre - Saint Die Info\",\"isPartOf\":{\"@id\":\"https:\/\/vosgesinfo.fr\/saintdieinfo\/#website\"},\"primaryImageOfPage\":{\"@id\":\"https:\/\/vosgesinfo.fr\/saintdieinfo\/2025\/06\/senones-une-rencontre-litteraire-autour-des-temoignages-de-la-grande-guerre\/#primaryimage\"},\"image\":{\"@id\":\"https:\/\/vosgesinfo.fr\/saintdieinfo\/2025\/06\/senones-une-rencontre-litteraire-autour-des-temoignages-de-la-grande-guerre\/#primaryimage\"},\"thumbnailUrl\":\"https:\/\/vosgesinfo.fr\/app\/uploads\/sites\/4\/2025\/06\/senones-rencontre-litteraire-yann-prouillet.png\",\"datePublished\":\"2025-06-05T07:45:58+00:00\",\"dateModified\":\"2025-06-05T07:28:15+00:00\",\"breadcrumb\":{\"@id\":\"https:\/\/vosgesinfo.fr\/saintdieinfo\/2025\/06\/senones-une-rencontre-litteraire-autour-des-temoignages-de-la-grande-guerre\/#breadcrumb\"},\"inLanguage\":\"fr-FR\",\"potentialAction\":[{\"@type\":\"ReadAction\",\"target\":[\"https:\/\/vosgesinfo.fr\/saintdieinfo\/2025\/06\/senones-une-rencontre-litteraire-autour-des-temoignages-de-la-grande-guerre\/\"]}]},{\"@type\":\"ImageObject\",\"inLanguage\":\"fr-FR\",\"@id\":\"https:\/\/vosgesinfo.fr\/saintdieinfo\/2025\/06\/senones-une-rencontre-litteraire-autour-des-temoignages-de-la-grande-guerre\/#primaryimage\",\"url\":\"https:\/\/vosgesinfo.fr\/app\/uploads\/sites\/4\/2025\/06\/senones-rencontre-litteraire-yann-prouillet.png\",\"contentUrl\":\"https:\/\/vosgesinfo.fr\/app\/uploads\/sites\/4\/2025\/06\/senones-rencontre-litteraire-yann-prouillet.png\",\"width\":771,\"height\":1141},{\"@type\":\"BreadcrumbList\",\"@id\":\"https:\/\/vosgesinfo.fr\/saintdieinfo\/2025\/06\/senones-une-rencontre-litteraire-autour-des-temoignages-de-la-grande-guerre\/#breadcrumb\",\"itemListElement\":[{\"@type\":\"ListItem\",\"position\":1,\"name\":\"Home\",\"item\":\"https:\/\/vosgesinfo.fr\/saintdieinfo\/\"},{\"@type\":\"ListItem\",\"position\":2,\"name\":\"Senones \u2013 Une rencontre litt\u00e9raire autour des t\u00e9moignages de la Grande Guerre\"}]},{\"@type\":\"WebSite\",\"@id\":\"https:\/\/vosgesinfo.fr\/saintdieinfo\/#website\",\"url\":\"https:\/\/vosgesinfo.fr\/saintdieinfo\/\",\"name\":\"Saint Die Info\",\"description\":\"Toute l&#039;actualit\u00e9 de Saint-Di\u00e9-Des-Vosges\",\"publisher\":{\"@id\":\"https:\/\/vosgesinfo.fr\/saintdieinfo\/#organization\"},\"alternateName\":\"Toute l'actualit\u00e9 de Saint-Di\u00e9-Des-Vosges\",\"potentialAction\":[{\"@type\":\"SearchAction\",\"target\":{\"@type\":\"EntryPoint\",\"urlTemplate\":\"https:\/\/vosgesinfo.fr\/saintdieinfo\/?s={search_term_string}\"},\"query-input\":\"required name=search_term_string\"}],\"inLanguage\":\"fr-FR\"},{\"@type\":\"Organization\",\"@id\":\"https:\/\/vosgesinfo.fr\/saintdieinfo\/#organization\",\"name\":\"Saint Die Info\",\"url\":\"https:\/\/vosgesinfo.fr\/saintdieinfo\/\",\"logo\":{\"@type\":\"ImageObject\",\"inLanguage\":\"fr-FR\",\"@id\":\"https:\/\/vosgesinfo.fr\/saintdieinfo\/#\/schema\/logo\/image\/\",\"url\":\"https:\/\/vosgesinfo.fr\/app\/uploads\/sites\/4\/2024\/02\/logo-sdi.jpg\",\"contentUrl\":\"https:\/\/vosgesinfo.fr\/app\/uploads\/sites\/4\/2024\/02\/logo-sdi.jpg\",\"width\":600,\"height\":600,\"caption\":\"Saint Die Info\"},\"image\":{\"@id\":\"https:\/\/vosgesinfo.fr\/saintdieinfo\/#\/schema\/logo\/image\/\"},\"sameAs\":[\"https:\/\/www.facebook.com\/Saintdieinfofr\",\"https:\/\/x.com\/VosgesInfo88\",\"https:\/\/www.youtube.com\/@vosgesinfo\"]},{\"@type\":\"Person\",\"@id\":\"https:\/\/vosgesinfo.fr\/saintdieinfo\/#\/schema\/person\/fa73e9f726d67bb88f46d5b7943cb572\",\"name\":\"J.J.\",\"image\":{\"@type\":\"ImageObject\",\"inLanguage\":\"fr-FR\",\"@id\":\"https:\/\/vosgesinfo.fr\/saintdieinfo\/#\/schema\/person\/image\/\",\"url\":\"https:\/\/secure.gravatar.com\/avatar\/219e749e47ffbcca018a360ae4add7d4cdf1cdaaf8bc7676b27efade3fe65615?s=96&d=mm&r=g\",\"contentUrl\":\"https:\/\/secure.gravatar.com\/avatar\/219e749e47ffbcca018a360ae4add7d4cdf1cdaaf8bc7676b27efade3fe65615?s=96&d=mm&r=g\",\"caption\":\"J.J.\"},\"url\":\"https:\/\/vosgesinfo.fr\/saintdieinfo\/author\/j-j\/\"}]}<\/script>\n<!-- \/ Yoast SEO plugin. -->","yoast_head_json":{"title":"Senones \u2013 Une rencontre litt\u00e9raire autour des t\u00e9moignages de la Grande Guerre - Saint Die Info","robots":{"index":"index","follow":"follow","max-snippet":"max-snippet:-1","max-image-preview":"max-image-preview:large","max-video-preview":"max-video-preview:-1"},"canonical":"https:\/\/vosgesinfo.fr\/saintdieinfo\/2025\/06\/senones-une-rencontre-litteraire-autour-des-temoignages-de-la-grande-guerre\/","twitter_card":"summary_large_image","twitter_title":"Senones \u2013 Une rencontre litt\u00e9raire autour des t\u00e9moignages de la Grande Guerre - Saint Die Info","twitter_description":"Samedi 14 juin, de 9h \u00e0 12h, la librairie de Salm accueillera une rencontre litt\u00e9raire autour du th\u00e8me suivant : [&hellip;]","twitter_image":"https:\/\/vosgesinfo.fr\/app\/uploads\/sites\/4\/2025\/06\/senones-rencontre-litteraire-yann-prouillet.png","twitter_creator":"@VosgesInfo88","twitter_site":"@VosgesInfo88","twitter_misc":{"\u00c9crit par":"J.J."},"schema":{"@context":"https:\/\/schema.org","@graph":[{"@type":"Article","@id":"https:\/\/vosgesinfo.fr\/saintdieinfo\/2025\/06\/senones-une-rencontre-litteraire-autour-des-temoignages-de-la-grande-guerre\/#article","isPartOf":{"@id":"https:\/\/vosgesinfo.fr\/saintdieinfo\/2025\/06\/senones-une-rencontre-litteraire-autour-des-temoignages-de-la-grande-guerre\/"},"author":{"name":"J.J.","@id":"https:\/\/vosgesinfo.fr\/saintdieinfo\/#\/schema\/person\/fa73e9f726d67bb88f46d5b7943cb572"},"headline":"Senones \u2013 Une rencontre litt\u00e9raire autour des t\u00e9moignages de la Grande Guerre","datePublished":"2025-06-05T07:45:58+00:00","dateModified":"2025-06-05T07:28:15+00:00","mainEntityOfPage":{"@id":"https:\/\/vosgesinfo.fr\/saintdieinfo\/2025\/06\/senones-une-rencontre-litteraire-autour-des-temoignages-de-la-grande-guerre\/"},"wordCount":80,"commentCount":0,"publisher":{"@id":"https:\/\/vosgesinfo.fr\/saintdieinfo\/#organization"},"image":{"@id":"https:\/\/vosgesinfo.fr\/saintdieinfo\/2025\/06\/senones-une-rencontre-litteraire-autour-des-temoignages-de-la-grande-guerre\/#primaryimage"},"thumbnailUrl":"https:\/\/vosgesinfo.fr\/app\/uploads\/sites\/4\/2025\/06\/senones-rencontre-litteraire-yann-prouillet.png","keywords":["Edhisto","Librairie de Salm","Publier les t\u00e9moignages de 14-18","R\u00e9my Cazals","Rencontre litt\u00e9raire","Yann Prouillet"],"articleSection":["Br\u00e8ves","D\u00e9odatie","Litt\u00e9rature"],"inLanguage":"fr-FR","potentialAction":[{"@type":"CommentAction","name":"Comment","target":["https:\/\/vosgesinfo.fr\/saintdieinfo\/2025\/06\/senones-une-rencontre-litteraire-autour-des-temoignages-de-la-grande-guerre\/#respond"]}]},{"@type":"WebPage","@id":"https:\/\/vosgesinfo.fr\/saintdieinfo\/2025\/06\/senones-une-rencontre-litteraire-autour-des-temoignages-de-la-grande-guerre\/","url":"https:\/\/vosgesinfo.fr\/saintdieinfo\/2025\/06\/senones-une-rencontre-litteraire-autour-des-temoignages-de-la-grande-guerre\/","name":"Senones \u2013 Une rencontre litt\u00e9raire autour des t\u00e9moignages de la Grande Guerre - Saint Die Info","isPartOf":{"@id":"https:\/\/vosgesinfo.fr\/saintdieinfo\/#website"},"primaryImageOfPage":{"@id":"https:\/\/vosgesinfo.fr\/saintdieinfo\/2025\/06\/senones-une-rencontre-litteraire-autour-des-temoignages-de-la-grande-guerre\/#primaryimage"},"image":{"@id":"https:\/\/vosgesinfo.fr\/saintdieinfo\/2025\/06\/senones-une-rencontre-litteraire-autour-des-temoignages-de-la-grande-guerre\/#primaryimage"},"thumbnailUrl":"https:\/\/vosgesinfo.fr\/app\/uploads\/sites\/4\/2025\/06\/senones-rencontre-litteraire-yann-prouillet.png","datePublished":"2025-06-05T07:45:58+00:00","dateModified":"2025-06-05T07:28:15+00:00","breadcrumb":{"@id":"https:\/\/vosgesinfo.fr\/saintdieinfo\/2025\/06\/senones-une-rencontre-litteraire-autour-des-temoignages-de-la-grande-guerre\/#breadcrumb"},"inLanguage":"fr-FR","potentialAction":[{"@type":"ReadAction","target":["https:\/\/vosgesinfo.fr\/saintdieinfo\/2025\/06\/senones-une-rencontre-litteraire-autour-des-temoignages-de-la-grande-guerre\/"]}]},{"@type":"ImageObject","inLanguage":"fr-FR","@id":"https:\/\/vosgesinfo.fr\/saintdieinfo\/2025\/06\/senones-une-rencontre-litteraire-autour-des-temoignages-de-la-grande-guerre\/#primaryimage","url":"https:\/\/vosgesinfo.fr\/app\/uploads\/sites\/4\/2025\/06\/senones-rencontre-litteraire-yann-prouillet.png","contentUrl":"https:\/\/vosgesinfo.fr\/app\/uploads\/sites\/4\/2025\/06\/senones-rencontre-litteraire-yann-prouillet.png","width":771,"height":1141},{"@type":"BreadcrumbList","@id":"https:\/\/vosgesinfo.fr\/saintdieinfo\/2025\/06\/senones-une-rencontre-litteraire-autour-des-temoignages-de-la-grande-guerre\/#breadcrumb","itemListElement":[{"@type":"ListItem","position":1,"name":"Home","item":"https:\/\/vosgesinfo.fr\/saintdieinfo\/"},{"@type":"ListItem","position":2,"name":"Senones \u2013 Une rencontre litt\u00e9raire autour des t\u00e9moignages de la Grande Guerre"}]},{"@type":"WebSite","@id":"https:\/\/vosgesinfo.fr\/saintdieinfo\/#website","url":"https:\/\/vosgesinfo.fr\/saintdieinfo\/","name":"Saint Die Info","description":"Toute l&#039;actualit\u00e9 de Saint-Di\u00e9-Des-Vosges","publisher":{"@id":"https:\/\/vosgesinfo.fr\/saintdieinfo\/#organization"},"alternateName":"Toute l'actualit\u00e9 de Saint-Di\u00e9-Des-Vosges","potentialAction":[{"@type":"SearchAction","target":{"@type":"EntryPoint","urlTemplate":"https:\/\/vosgesinfo.fr\/saintdieinfo\/?s={search_term_string}"},"query-input":"required name=search_term_string"}],"inLanguage":"fr-FR"},{"@type":"Organization","@id":"https:\/\/vosgesinfo.fr\/saintdieinfo\/#organization","name":"Saint Die Info","url":"https:\/\/vosgesinfo.fr\/saintdieinfo\/","logo":{"@type":"ImageObject","inLanguage":"fr-FR","@id":"https:\/\/vosgesinfo.fr\/saintdieinfo\/#\/schema\/logo\/image\/","url":"https:\/\/vosgesinfo.fr\/app\/uploads\/sites\/4\/2024\/02\/logo-sdi.jpg","contentUrl":"https:\/\/vosgesinfo.fr\/app\/uploads\/sites\/4\/2024\/02\/logo-sdi.jpg","width":600,"height":600,"caption":"Saint Die Info"},"image":{"@id":"https:\/\/vosgesinfo.fr\/saintdieinfo\/#\/schema\/logo\/image\/"},"sameAs":["https:\/\/www.facebook.com\/Saintdieinfofr","https:\/\/x.com\/VosgesInfo88","https:\/\/www.youtube.com\/@vosgesinfo"]},{"@type":"Person","@id":"https:\/\/vosgesinfo.fr\/saintdieinfo\/#\/schema\/person\/fa73e9f726d67bb88f46d5b7943cb572","name":"J.J.","image":{"@type":"ImageObject","inLanguage":"fr-FR","@id":"https:\/\/vosgesinfo.fr\/saintdieinfo\/#\/schema\/person\/image\/","url":"https:\/\/secure.gravatar.com\/avatar\/219e749e47ffbcca018a360ae4add7d4cdf1cdaaf8bc7676b27efade3fe65615?s=96&d=mm&r=g","contentUrl":"https:\/\/secure.gravatar.com\/avatar\/219e749e47ffbcca018a360ae4add7d4cdf1cdaaf8bc7676b27efade3fe65615?s=96&d=mm&r=g","caption":"J.J."},"url":"https:\/\/vosgesinfo.fr\/saintdieinfo\/author\/j-j\/"}]}},"_links":{"self":[{"href":"https:\/\/vosgesinfo.fr\/saintdieinfo\/wp-json\/wp\/v2\/posts\/78671","targetHints":{"allow":["GET"]}}],"collection":[{"href":"https:\/\/vosgesinfo.fr\/saintdieinfo\/wp-json\/wp\/v2\/posts"}],"about":[{"href":"https:\/\/vosgesinfo.fr\/saintdieinfo\/wp-json\/wp\/v2\/types\/post"}],"author":[{"embeddable":true,"href":"https:\/\/vosgesinfo.fr\/saintdieinfo\/wp-json\/wp\/v2\/users\/46"}],"replies":[{"embeddable":true,"href":"https:\/\/vosgesinfo.fr\/saintdieinfo\/wp-json\/wp\/v2\/comments?post=78671"}],"version-history":[{"count":1,"href":"https:\/\/vosgesinfo.fr\/saintdieinfo\/wp-json\/wp\/v2\/posts\/78671\/revisions"}],"predecessor-version":[{"id":78673,"href":"https:\/\/vosgesinfo.fr\/saintdieinfo\/wp-json\/wp\/v2\/posts\/78671\/revisions\/78673"}],"wp:featuredmedia":[{"embeddable":true,"href":"https:\/\/vosgesinfo.fr\/saintdieinfo\/wp-json\/wp\/v2\/media\/78672"}],"wp:attachment":[{"href":"https:\/\/vosgesinfo.fr\/saintdieinfo\/wp-json\/wp\/v2\/media?parent=78671"}],"wp:term":[{"taxonomy":"category","embeddable":true,"href":"https:\/\/vosgesinfo.fr\/saintdieinfo\/wp-json\/wp\/v2\/categories?post=78671"},{"taxonomy":"post_tag","embeddable":true,"href":"https:\/\/vosgesinfo.fr\/saintdieinfo\/wp-json\/wp\/v2\/tags?post=78671"}],"curies":[{"name":"wp","href":"https:\/\/api.w.org\/{rel}","templated":true}]}}