{"id":78674,"date":"2025-06-05T11:15:48","date_gmt":"2025-06-05T09:15:48","guid":{"rendered":"https:\/\/vosgesinfo.fr\/saintdieinfo\/?p=78674"},"modified":"2025-06-05T10:54:33","modified_gmt":"2025-06-05T08:54:33","slug":"deux-journees-musicales-dansantes-et-artistiques-a-la-chapelle-saint-roch","status":"publish","type":"post","link":"https:\/\/vosgesinfo.fr\/saintdieinfo\/2025\/06\/deux-journees-musicales-dansantes-et-artistiques-a-la-chapelle-saint-roch\/","title":{"rendered":"Deux journ\u00e9es musicales, dansantes et artistiques \u00e0 la chapelle Saint-Roch"},"content":{"rendered":"<h2>La semaine prochaine, plus pr\u00e9cis\u00e9ment les <strong>mercredi 11 et jeudi 12 juin<\/strong>, le site de la <strong>chapelle Saint-Roch<\/strong>, situ\u00e9 au <strong>14 rue Claude-Bassot<\/strong>, accueillera <strong>\u00ab D&rsquo;un Quartier \u00e0 l&rsquo;Autre \u00bb<\/strong>. Organis\u00e9es par les <strong>Jardins de la Chapelle Saint-Roch<\/strong>, en partenariat avec le <strong>Centre Social Germain-Tillion<\/strong> et les <strong>m\u00e9diateurs de quartier<\/strong>, ces deux journ\u00e9es <strong>musicales, dansantes et artistiques <\/strong>sont <strong>gratuites<\/strong> et <strong>ouvertes \u00e0 tous<\/strong>.<\/h2>\n<p><!--more--><\/p>\n<h3><strong>Le programme de mercredi<\/strong><\/h3>\n<p>Mercredi, les festivit\u00e9s d\u00e9buteront \u00e0 <strong>14 h<\/strong>, avec un <strong>th\u00e9 dansant anim\u00e9 par Farandole<\/strong>. <strong>Il sera suivi \u00e0 14 h 30<\/strong> par le <strong>rassemblement des anciens habitants du quartier Saint-Roch<\/strong>. \u00c0 <strong>14 h 45<\/strong>, une <strong>d\u00e9monstration de danse propos\u00e9e par Hanicia Dance<\/strong> pr\u00e9c\u00e8dera <strong>l\u2019inauguration officielle de l&rsquo;\u00e9v\u00e9nement<\/strong>, pr\u00e9vue sur les coups de <strong>15 h<\/strong>.<\/p>\n<p>La suite de l\u2019apr\u00e8s-midi laissera place \u00e0 des animations vari\u00e9es : <strong>s\u00e9ance de fitness et danse \u00e0 15 h 30 avec M\u00e9l&rsquo;Fitness<\/strong>, puis <strong>\u00e0 16 h r\u00e9alisation en direct d\u2019une fresque par l\u2019artiste Jean-Pierre L\u00e9ger<\/strong>, qui sera accompagn\u00e9e de jeunes de <strong>Selia<\/strong> et d\u2019\u00e9l\u00e8ves du <strong>lyc\u00e9e Georges-Baumont<\/strong>.. \u00c0 <strong>16 h 30<\/strong>, une <strong>nouvelle d\u00e9monstration de danse<\/strong> sera cette fois-ci assur\u00e9e par <strong>Hanicia Dance<\/strong>. Ce premier volet se conclura par un <strong>concert de musique du monde avec Tain-Trio<\/strong>, \u00e0 <strong>18 h<\/strong>.<\/p>\n<h3><strong>Le programme de jeudi<\/strong><\/h3>\n<p>Une <strong>lecture anim\u00e9e de \u00ab Le Combat du chien de Montargis \u00bb<\/strong> lancera, \u00e0 <strong>14 h<\/strong>, la journ\u00e9e de jeudi. Cette lecture sera interpr\u00e9t\u00e9e par <strong>G\u00e9rard Leconte<\/strong> et <strong>Camille \u00ab Fille de Papier \u00bb<\/strong> dans la <strong>chapelle<\/strong>. \u00c0 <strong>15 h<\/strong>, la <strong>chorale Les B\u00e9goodies<\/strong> proposera un r\u00e9pertoire de <strong>vari\u00e9t\u00e9 fran\u00e7aise<\/strong>, suivie \u00e0 <strong>16 h<\/strong> d\u2019un <strong>atelier d\u2019\u00e9criture men\u00e9 par Jack Simard<\/strong>, auteur-compositeur-interpr\u00e8te.<\/p>\n<p><strong>G\u00e9rard Leconte<\/strong> et <strong>Camille<\/strong> reprendront leur <strong>lecture musicale \u00e0 17 h<\/strong>, toujours autour du <strong>r\u00e9cit m\u00e9di\u00e9val<\/strong>. En guise de point final, <strong>Jack Simard donnera un concert gratuit \u00e0 partir de 18 h<\/strong>.<\/p>\n<p><strong>Renseignements compl\u00e9mentaires par t\u00e9l\u00e9phone, au 06 36 90 34 20.<\/strong><\/p>\n<p><a href=\"https:\/\/vosgesinfo.fr\/app\/uploads\/sites\/4\/2025\/06\/dun-quartier-lautre-chapelle-saint-roch-1.jpg\"><img decoding=\"async\" class=\"alignnone size-full wp-image-78675\" src=\"https:\/\/vosgesinfo.fr\/app\/uploads\/sites\/4\/2025\/06\/dun-quartier-lautre-chapelle-saint-roch-1.jpg\" alt=\"\" width=\"543\" height=\"768\" srcset=\"https:\/\/vosgesinfo.fr\/app\/uploads\/sites\/4\/2025\/06\/dun-quartier-lautre-chapelle-saint-roch-1.jpg 543w, https:\/\/vosgesinfo.fr\/app\/uploads\/sites\/4\/2025\/06\/dun-quartier-lautre-chapelle-saint-roch-1-212x300.jpg 212w\" sizes=\"(max-width: 543px) 100vw, 543px\" \/><\/a><a href=\"https:\/\/vosgesinfo.fr\/app\/uploads\/sites\/4\/2025\/06\/dun-quartier-lautre-chapelle-saint-roch-2.jpg\"><img decoding=\"async\" class=\"alignnone size-full wp-image-78676\" src=\"https:\/\/vosgesinfo.fr\/app\/uploads\/sites\/4\/2025\/06\/dun-quartier-lautre-chapelle-saint-roch-2.jpg\" alt=\"\" width=\"543\" height=\"768\" srcset=\"https:\/\/vosgesinfo.fr\/app\/uploads\/sites\/4\/2025\/06\/dun-quartier-lautre-chapelle-saint-roch-2.jpg 543w, https:\/\/vosgesinfo.fr\/app\/uploads\/sites\/4\/2025\/06\/dun-quartier-lautre-chapelle-saint-roch-2-212x300.jpg 212w\" sizes=\"(max-width: 543px) 100vw, 543px\" \/><\/a><\/p>\n","protected":false},"excerpt":{"rendered":"<p>La semaine prochaine, plus pr\u00e9cis\u00e9ment les mercredi 11 et jeudi 12 juin, le site de la chapelle Saint-Roch, situ\u00e9 au [&hellip;]<\/p>\n","protected":false},"author":46,"featured_media":78675,"comment_status":"open","ping_status":"open","sticky":false,"template":"","format":"standard","meta":{"footnotes":""},"categories":[460,8019,8003,7847,167,17],"tags":[17355,3019,17354,5203,17356,3121],"class_list":["post-78674","post","type-post","status-publish","format-standard","has-post-thumbnail","hentry","category-a-la-une","category-vie-artistique-art-culture","category-concert-culture","category-art-culture","category-saint-die-des-vosges","category-vie-associative","tag-cente-social-germaine-tillion","tag-chapelle-saint-roch","tag-dun-quartier-a-lautre","tag-les-jardins-de-la-chapelle-saint-roch","tag-mediateurs-de-quartier-de-saint-die-des-vosges","tag-quartier-saint-roch"],"acf":[],"yoast_head":"<!-- This site is optimized with the Yoast SEO plugin v22.5 - https:\/\/yoast.com\/wordpress\/plugins\/seo\/ -->\n<title>Deux journ\u00e9es musicales, dansantes et artistiques \u00e0 la chapelle Saint-Roch - Saint Die Info<\/title>\n<meta name=\"robots\" content=\"index, follow, max-snippet:-1, max-image-preview:large, max-video-preview:-1\" \/>\n<link rel=\"canonical\" href=\"https:\/\/vosgesinfo.fr\/saintdieinfo\/2025\/06\/deux-journees-musicales-dansantes-et-artistiques-a-la-chapelle-saint-roch\/\" \/>\n<meta name=\"twitter:card\" content=\"summary_large_image\" \/>\n<meta name=\"twitter:title\" content=\"Deux journ\u00e9es musicales, dansantes et artistiques \u00e0 la chapelle Saint-Roch - Saint Die Info\" \/>\n<meta name=\"twitter:description\" content=\"La semaine prochaine, plus pr\u00e9cis\u00e9ment les mercredi 11 et jeudi 12 juin, le site de la chapelle Saint-Roch, situ\u00e9 au [&hellip;]\" \/>\n<meta name=\"twitter:image\" content=\"https:\/\/vosgesinfo.fr\/app\/uploads\/sites\/4\/2025\/06\/dun-quartier-lautre-chapelle-saint-roch-1.jpg\" \/>\n<meta name=\"twitter:creator\" content=\"@VosgesInfo88\" \/>\n<meta name=\"twitter:site\" content=\"@VosgesInfo88\" \/>\n<meta name=\"twitter:label1\" content=\"\u00c9crit par\" \/>\n\t<meta name=\"twitter:data1\" content=\"J.J.\" \/>\n\t<meta name=\"twitter:label2\" content=\"Dur\u00e9e de lecture estim\u00e9e\" \/>\n\t<meta name=\"twitter:data2\" content=\"2 minutes\" \/>\n<script type=\"application\/ld+json\" class=\"yoast-schema-graph\">{\"@context\":\"https:\/\/schema.org\",\"@graph\":[{\"@type\":\"Article\",\"@id\":\"https:\/\/vosgesinfo.fr\/saintdieinfo\/2025\/06\/deux-journees-musicales-dansantes-et-artistiques-a-la-chapelle-saint-roch\/#article\",\"isPartOf\":{\"@id\":\"https:\/\/vosgesinfo.fr\/saintdieinfo\/2025\/06\/deux-journees-musicales-dansantes-et-artistiques-a-la-chapelle-saint-roch\/\"},\"author\":{\"name\":\"J.J.\",\"@id\":\"https:\/\/vosgesinfo.fr\/saintdieinfo\/#\/schema\/person\/fa73e9f726d67bb88f46d5b7943cb572\"},\"headline\":\"Deux journ\u00e9es musicales, dansantes et artistiques \u00e0 la chapelle Saint-Roch\",\"datePublished\":\"2025-06-05T09:15:48+00:00\",\"dateModified\":\"2025-06-05T08:54:33+00:00\",\"mainEntityOfPage\":{\"@id\":\"https:\/\/vosgesinfo.fr\/saintdieinfo\/2025\/06\/deux-journees-musicales-dansantes-et-artistiques-a-la-chapelle-saint-roch\/\"},\"wordCount\":324,\"commentCount\":0,\"publisher\":{\"@id\":\"https:\/\/vosgesinfo.fr\/saintdieinfo\/#organization\"},\"image\":{\"@id\":\"https:\/\/vosgesinfo.fr\/saintdieinfo\/2025\/06\/deux-journees-musicales-dansantes-et-artistiques-a-la-chapelle-saint-roch\/#primaryimage\"},\"thumbnailUrl\":\"https:\/\/vosgesinfo.fr\/app\/uploads\/sites\/4\/2025\/06\/dun-quartier-lautre-chapelle-saint-roch-1.jpg\",\"keywords\":[\"Cente Social Germaine-Tillion\",\"Chapelle Saint-Roch\",\"D'un Quartier \u00e0 l'Autre\",\"Les Jardins de la Chapelle Saint-Roch\",\"M\u00e9diateurs de quartier de Saint-Di\u00e9-des-Vosges\",\"Quartier Saint-Roch\"],\"articleSection\":[\"A la Une\",\"Art\",\"Concert\",\"Culture\",\"Saint-Di\u00e9-des-Vosges\",\"Vie Associative\"],\"inLanguage\":\"fr-FR\",\"potentialAction\":[{\"@type\":\"CommentAction\",\"name\":\"Comment\",\"target\":[\"https:\/\/vosgesinfo.fr\/saintdieinfo\/2025\/06\/deux-journees-musicales-dansantes-et-artistiques-a-la-chapelle-saint-roch\/#respond\"]}]},{\"@type\":\"WebPage\",\"@id\":\"https:\/\/vosgesinfo.fr\/saintdieinfo\/2025\/06\/deux-journees-musicales-dansantes-et-artistiques-a-la-chapelle-saint-roch\/\",\"url\":\"https:\/\/vosgesinfo.fr\/saintdieinfo\/2025\/06\/deux-journees-musicales-dansantes-et-artistiques-a-la-chapelle-saint-roch\/\",\"name\":\"Deux journ\u00e9es musicales, dansantes et artistiques \u00e0 la chapelle Saint-Roch - Saint Die Info\",\"isPartOf\":{\"@id\":\"https:\/\/vosgesinfo.fr\/saintdieinfo\/#website\"},\"primaryImageOfPage\":{\"@id\":\"https:\/\/vosgesinfo.fr\/saintdieinfo\/2025\/06\/deux-journees-musicales-dansantes-et-artistiques-a-la-chapelle-saint-roch\/#primaryimage\"},\"image\":{\"@id\":\"https:\/\/vosgesinfo.fr\/saintdieinfo\/2025\/06\/deux-journees-musicales-dansantes-et-artistiques-a-la-chapelle-saint-roch\/#primaryimage\"},\"thumbnailUrl\":\"https:\/\/vosgesinfo.fr\/app\/uploads\/sites\/4\/2025\/06\/dun-quartier-lautre-chapelle-saint-roch-1.jpg\",\"datePublished\":\"2025-06-05T09:15:48+00:00\",\"dateModified\":\"2025-06-05T08:54:33+00:00\",\"breadcrumb\":{\"@id\":\"https:\/\/vosgesinfo.fr\/saintdieinfo\/2025\/06\/deux-journees-musicales-dansantes-et-artistiques-a-la-chapelle-saint-roch\/#breadcrumb\"},\"inLanguage\":\"fr-FR\",\"potentialAction\":[{\"@type\":\"ReadAction\",\"target\":[\"https:\/\/vosgesinfo.fr\/saintdieinfo\/2025\/06\/deux-journees-musicales-dansantes-et-artistiques-a-la-chapelle-saint-roch\/\"]}]},{\"@type\":\"ImageObject\",\"inLanguage\":\"fr-FR\",\"@id\":\"https:\/\/vosgesinfo.fr\/saintdieinfo\/2025\/06\/deux-journees-musicales-dansantes-et-artistiques-a-la-chapelle-saint-roch\/#primaryimage\",\"url\":\"https:\/\/vosgesinfo.fr\/app\/uploads\/sites\/4\/2025\/06\/dun-quartier-lautre-chapelle-saint-roch-1.jpg\",\"contentUrl\":\"https:\/\/vosgesinfo.fr\/app\/uploads\/sites\/4\/2025\/06\/dun-quartier-lautre-chapelle-saint-roch-1.jpg\",\"width\":543,\"height\":768},{\"@type\":\"BreadcrumbList\",\"@id\":\"https:\/\/vosgesinfo.fr\/saintdieinfo\/2025\/06\/deux-journees-musicales-dansantes-et-artistiques-a-la-chapelle-saint-roch\/#breadcrumb\",\"itemListElement\":[{\"@type\":\"ListItem\",\"position\":1,\"name\":\"Home\",\"item\":\"https:\/\/vosgesinfo.fr\/saintdieinfo\/\"},{\"@type\":\"ListItem\",\"position\":2,\"name\":\"Deux journ\u00e9es musicales, dansantes et artistiques \u00e0 la chapelle Saint-Roch\"}]},{\"@type\":\"WebSite\",\"@id\":\"https:\/\/vosgesinfo.fr\/saintdieinfo\/#website\",\"url\":\"https:\/\/vosgesinfo.fr\/saintdieinfo\/\",\"name\":\"Saint Die Info\",\"description\":\"Toute l&#039;actualit\u00e9 de Saint-Di\u00e9-Des-Vosges\",\"publisher\":{\"@id\":\"https:\/\/vosgesinfo.fr\/saintdieinfo\/#organization\"},\"alternateName\":\"Toute l'actualit\u00e9 de Saint-Di\u00e9-Des-Vosges\",\"potentialAction\":[{\"@type\":\"SearchAction\",\"target\":{\"@type\":\"EntryPoint\",\"urlTemplate\":\"https:\/\/vosgesinfo.fr\/saintdieinfo\/?s={search_term_string}\"},\"query-input\":\"required name=search_term_string\"}],\"inLanguage\":\"fr-FR\"},{\"@type\":\"Organization\",\"@id\":\"https:\/\/vosgesinfo.fr\/saintdieinfo\/#organization\",\"name\":\"Saint Die Info\",\"url\":\"https:\/\/vosgesinfo.fr\/saintdieinfo\/\",\"logo\":{\"@type\":\"ImageObject\",\"inLanguage\":\"fr-FR\",\"@id\":\"https:\/\/vosgesinfo.fr\/saintdieinfo\/#\/schema\/logo\/image\/\",\"url\":\"https:\/\/vosgesinfo.fr\/app\/uploads\/sites\/4\/2024\/02\/logo-sdi.jpg\",\"contentUrl\":\"https:\/\/vosgesinfo.fr\/app\/uploads\/sites\/4\/2024\/02\/logo-sdi.jpg\",\"width\":600,\"height\":600,\"caption\":\"Saint Die Info\"},\"image\":{\"@id\":\"https:\/\/vosgesinfo.fr\/saintdieinfo\/#\/schema\/logo\/image\/\"},\"sameAs\":[\"https:\/\/www.facebook.com\/Saintdieinfofr\",\"https:\/\/x.com\/VosgesInfo88\",\"https:\/\/www.youtube.com\/@vosgesinfo\"]},{\"@type\":\"Person\",\"@id\":\"https:\/\/vosgesinfo.fr\/saintdieinfo\/#\/schema\/person\/fa73e9f726d67bb88f46d5b7943cb572\",\"name\":\"J.J.\",\"image\":{\"@type\":\"ImageObject\",\"inLanguage\":\"fr-FR\",\"@id\":\"https:\/\/vosgesinfo.fr\/saintdieinfo\/#\/schema\/person\/image\/\",\"url\":\"https:\/\/secure.gravatar.com\/avatar\/219e749e47ffbcca018a360ae4add7d4cdf1cdaaf8bc7676b27efade3fe65615?s=96&d=mm&r=g\",\"contentUrl\":\"https:\/\/secure.gravatar.com\/avatar\/219e749e47ffbcca018a360ae4add7d4cdf1cdaaf8bc7676b27efade3fe65615?s=96&d=mm&r=g\",\"caption\":\"J.J.\"},\"url\":\"https:\/\/vosgesinfo.fr\/saintdieinfo\/author\/j-j\/\"}]}<\/script>\n<!-- \/ Yoast SEO plugin. -->","yoast_head_json":{"title":"Deux journ\u00e9es musicales, dansantes et artistiques \u00e0 la chapelle Saint-Roch - Saint Die Info","robots":{"index":"index","follow":"follow","max-snippet":"max-snippet:-1","max-image-preview":"max-image-preview:large","max-video-preview":"max-video-preview:-1"},"canonical":"https:\/\/vosgesinfo.fr\/saintdieinfo\/2025\/06\/deux-journees-musicales-dansantes-et-artistiques-a-la-chapelle-saint-roch\/","twitter_card":"summary_large_image","twitter_title":"Deux journ\u00e9es musicales, dansantes et artistiques \u00e0 la chapelle Saint-Roch - Saint Die Info","twitter_description":"La semaine prochaine, plus pr\u00e9cis\u00e9ment les mercredi 11 et jeudi 12 juin, le site de la chapelle Saint-Roch, situ\u00e9 au [&hellip;]","twitter_image":"https:\/\/vosgesinfo.fr\/app\/uploads\/sites\/4\/2025\/06\/dun-quartier-lautre-chapelle-saint-roch-1.jpg","twitter_creator":"@VosgesInfo88","twitter_site":"@VosgesInfo88","twitter_misc":{"\u00c9crit par":"J.J.","Dur\u00e9e de lecture estim\u00e9e":"2 minutes"},"schema":{"@context":"https:\/\/schema.org","@graph":[{"@type":"Article","@id":"https:\/\/vosgesinfo.fr\/saintdieinfo\/2025\/06\/deux-journees-musicales-dansantes-et-artistiques-a-la-chapelle-saint-roch\/#article","isPartOf":{"@id":"https:\/\/vosgesinfo.fr\/saintdieinfo\/2025\/06\/deux-journees-musicales-dansantes-et-artistiques-a-la-chapelle-saint-roch\/"},"author":{"name":"J.J.","@id":"https:\/\/vosgesinfo.fr\/saintdieinfo\/#\/schema\/person\/fa73e9f726d67bb88f46d5b7943cb572"},"headline":"Deux journ\u00e9es musicales, dansantes et artistiques \u00e0 la chapelle Saint-Roch","datePublished":"2025-06-05T09:15:48+00:00","dateModified":"2025-06-05T08:54:33+00:00","mainEntityOfPage":{"@id":"https:\/\/vosgesinfo.fr\/saintdieinfo\/2025\/06\/deux-journees-musicales-dansantes-et-artistiques-a-la-chapelle-saint-roch\/"},"wordCount":324,"commentCount":0,"publisher":{"@id":"https:\/\/vosgesinfo.fr\/saintdieinfo\/#organization"},"image":{"@id":"https:\/\/vosgesinfo.fr\/saintdieinfo\/2025\/06\/deux-journees-musicales-dansantes-et-artistiques-a-la-chapelle-saint-roch\/#primaryimage"},"thumbnailUrl":"https:\/\/vosgesinfo.fr\/app\/uploads\/sites\/4\/2025\/06\/dun-quartier-lautre-chapelle-saint-roch-1.jpg","keywords":["Cente Social Germaine-Tillion","Chapelle Saint-Roch","D'un Quartier \u00e0 l'Autre","Les Jardins de la Chapelle Saint-Roch","M\u00e9diateurs de quartier de Saint-Di\u00e9-des-Vosges","Quartier Saint-Roch"],"articleSection":["A la Une","Art","Concert","Culture","Saint-Di\u00e9-des-Vosges","Vie Associative"],"inLanguage":"fr-FR","potentialAction":[{"@type":"CommentAction","name":"Comment","target":["https:\/\/vosgesinfo.fr\/saintdieinfo\/2025\/06\/deux-journees-musicales-dansantes-et-artistiques-a-la-chapelle-saint-roch\/#respond"]}]},{"@type":"WebPage","@id":"https:\/\/vosgesinfo.fr\/saintdieinfo\/2025\/06\/deux-journees-musicales-dansantes-et-artistiques-a-la-chapelle-saint-roch\/","url":"https:\/\/vosgesinfo.fr\/saintdieinfo\/2025\/06\/deux-journees-musicales-dansantes-et-artistiques-a-la-chapelle-saint-roch\/","name":"Deux journ\u00e9es musicales, dansantes et artistiques \u00e0 la chapelle Saint-Roch - Saint Die Info","isPartOf":{"@id":"https:\/\/vosgesinfo.fr\/saintdieinfo\/#website"},"primaryImageOfPage":{"@id":"https:\/\/vosgesinfo.fr\/saintdieinfo\/2025\/06\/deux-journees-musicales-dansantes-et-artistiques-a-la-chapelle-saint-roch\/#primaryimage"},"image":{"@id":"https:\/\/vosgesinfo.fr\/saintdieinfo\/2025\/06\/deux-journees-musicales-dansantes-et-artistiques-a-la-chapelle-saint-roch\/#primaryimage"},"thumbnailUrl":"https:\/\/vosgesinfo.fr\/app\/uploads\/sites\/4\/2025\/06\/dun-quartier-lautre-chapelle-saint-roch-1.jpg","datePublished":"2025-06-05T09:15:48+00:00","dateModified":"2025-06-05T08:54:33+00:00","breadcrumb":{"@id":"https:\/\/vosgesinfo.fr\/saintdieinfo\/2025\/06\/deux-journees-musicales-dansantes-et-artistiques-a-la-chapelle-saint-roch\/#breadcrumb"},"inLanguage":"fr-FR","potentialAction":[{"@type":"ReadAction","target":["https:\/\/vosgesinfo.fr\/saintdieinfo\/2025\/06\/deux-journees-musicales-dansantes-et-artistiques-a-la-chapelle-saint-roch\/"]}]},{"@type":"ImageObject","inLanguage":"fr-FR","@id":"https:\/\/vosgesinfo.fr\/saintdieinfo\/2025\/06\/deux-journees-musicales-dansantes-et-artistiques-a-la-chapelle-saint-roch\/#primaryimage","url":"https:\/\/vosgesinfo.fr\/app\/uploads\/sites\/4\/2025\/06\/dun-quartier-lautre-chapelle-saint-roch-1.jpg","contentUrl":"https:\/\/vosgesinfo.fr\/app\/uploads\/sites\/4\/2025\/06\/dun-quartier-lautre-chapelle-saint-roch-1.jpg","width":543,"height":768},{"@type":"BreadcrumbList","@id":"https:\/\/vosgesinfo.fr\/saintdieinfo\/2025\/06\/deux-journees-musicales-dansantes-et-artistiques-a-la-chapelle-saint-roch\/#breadcrumb","itemListElement":[{"@type":"ListItem","position":1,"name":"Home","item":"https:\/\/vosgesinfo.fr\/saintdieinfo\/"},{"@type":"ListItem","position":2,"name":"Deux journ\u00e9es musicales, dansantes et artistiques \u00e0 la chapelle Saint-Roch"}]},{"@type":"WebSite","@id":"https:\/\/vosgesinfo.fr\/saintdieinfo\/#website","url":"https:\/\/vosgesinfo.fr\/saintdieinfo\/","name":"Saint Die Info","description":"Toute l&#039;actualit\u00e9 de Saint-Di\u00e9-Des-Vosges","publisher":{"@id":"https:\/\/vosgesinfo.fr\/saintdieinfo\/#organization"},"alternateName":"Toute l'actualit\u00e9 de Saint-Di\u00e9-Des-Vosges","potentialAction":[{"@type":"SearchAction","target":{"@type":"EntryPoint","urlTemplate":"https:\/\/vosgesinfo.fr\/saintdieinfo\/?s={search_term_string}"},"query-input":"required name=search_term_string"}],"inLanguage":"fr-FR"},{"@type":"Organization","@id":"https:\/\/vosgesinfo.fr\/saintdieinfo\/#organization","name":"Saint Die Info","url":"https:\/\/vosgesinfo.fr\/saintdieinfo\/","logo":{"@type":"ImageObject","inLanguage":"fr-FR","@id":"https:\/\/vosgesinfo.fr\/saintdieinfo\/#\/schema\/logo\/image\/","url":"https:\/\/vosgesinfo.fr\/app\/uploads\/sites\/4\/2024\/02\/logo-sdi.jpg","contentUrl":"https:\/\/vosgesinfo.fr\/app\/uploads\/sites\/4\/2024\/02\/logo-sdi.jpg","width":600,"height":600,"caption":"Saint Die Info"},"image":{"@id":"https:\/\/vosgesinfo.fr\/saintdieinfo\/#\/schema\/logo\/image\/"},"sameAs":["https:\/\/www.facebook.com\/Saintdieinfofr","https:\/\/x.com\/VosgesInfo88","https:\/\/www.youtube.com\/@vosgesinfo"]},{"@type":"Person","@id":"https:\/\/vosgesinfo.fr\/saintdieinfo\/#\/schema\/person\/fa73e9f726d67bb88f46d5b7943cb572","name":"J.J.","image":{"@type":"ImageObject","inLanguage":"fr-FR","@id":"https:\/\/vosgesinfo.fr\/saintdieinfo\/#\/schema\/person\/image\/","url":"https:\/\/secure.gravatar.com\/avatar\/219e749e47ffbcca018a360ae4add7d4cdf1cdaaf8bc7676b27efade3fe65615?s=96&d=mm&r=g","contentUrl":"https:\/\/secure.gravatar.com\/avatar\/219e749e47ffbcca018a360ae4add7d4cdf1cdaaf8bc7676b27efade3fe65615?s=96&d=mm&r=g","caption":"J.J."},"url":"https:\/\/vosgesinfo.fr\/saintdieinfo\/author\/j-j\/"}]}},"_links":{"self":[{"href":"https:\/\/vosgesinfo.fr\/saintdieinfo\/wp-json\/wp\/v2\/posts\/78674","targetHints":{"allow":["GET"]}}],"collection":[{"href":"https:\/\/vosgesinfo.fr\/saintdieinfo\/wp-json\/wp\/v2\/posts"}],"about":[{"href":"https:\/\/vosgesinfo.fr\/saintdieinfo\/wp-json\/wp\/v2\/types\/post"}],"author":[{"embeddable":true,"href":"https:\/\/vosgesinfo.fr\/saintdieinfo\/wp-json\/wp\/v2\/users\/46"}],"replies":[{"embeddable":true,"href":"https:\/\/vosgesinfo.fr\/saintdieinfo\/wp-json\/wp\/v2\/comments?post=78674"}],"version-history":[{"count":1,"href":"https:\/\/vosgesinfo.fr\/saintdieinfo\/wp-json\/wp\/v2\/posts\/78674\/revisions"}],"predecessor-version":[{"id":78677,"href":"https:\/\/vosgesinfo.fr\/saintdieinfo\/wp-json\/wp\/v2\/posts\/78674\/revisions\/78677"}],"wp:featuredmedia":[{"embeddable":true,"href":"https:\/\/vosgesinfo.fr\/saintdieinfo\/wp-json\/wp\/v2\/media\/78675"}],"wp:attachment":[{"href":"https:\/\/vosgesinfo.fr\/saintdieinfo\/wp-json\/wp\/v2\/media?parent=78674"}],"wp:term":[{"taxonomy":"category","embeddable":true,"href":"https:\/\/vosgesinfo.fr\/saintdieinfo\/wp-json\/wp\/v2\/categories?post=78674"},{"taxonomy":"post_tag","embeddable":true,"href":"https:\/\/vosgesinfo.fr\/saintdieinfo\/wp-json\/wp\/v2\/tags?post=78674"}],"curies":[{"name":"wp","href":"https:\/\/api.w.org\/{rel}","templated":true}]}}