{"id":78681,"date":"2025-06-05T12:45:55","date_gmt":"2025-06-05T10:45:55","guid":{"rendered":"https:\/\/vosgesinfo.fr\/saintdieinfo\/?p=78681"},"modified":"2025-06-05T12:18:32","modified_gmt":"2025-06-05T10:18:32","slug":"a-lordre-du-jour-de-la-prochaine-seance-du-conseil-communautaire-11","status":"publish","type":"post","link":"https:\/\/vosgesinfo.fr\/saintdieinfo\/2025\/06\/a-lordre-du-jour-de-la-prochaine-seance-du-conseil-communautaire-11\/","title":{"rendered":"A l\u2019ordre du jour de la prochaine s\u00e9ance du Conseil Communautaire"},"content":{"rendered":"<p><a href=\"https:\/\/vosgesinfo.fr\/app\/uploads\/sites\/4\/2019\/03\/communaute-agglomeration-logo.jpg\"><img decoding=\"async\" class=\"alignnone size-full wp-image-22680\" src=\"https:\/\/vosgesinfo.fr\/app\/uploads\/sites\/4\/2019\/03\/communaute-agglomeration-logo.jpg\" alt=\"\" width=\"500\" height=\"461\" srcset=\"https:\/\/vosgesinfo.fr\/app\/uploads\/sites\/4\/2019\/03\/communaute-agglomeration-logo.jpg 500w, https:\/\/vosgesinfo.fr\/app\/uploads\/sites\/4\/2019\/03\/communaute-agglomeration-logo-300x277.jpg 300w\" sizes=\"(max-width: 500px) 100vw, 500px\" \/><\/a><\/p>\n<h2>Le Conseil Communautaire de la Communaut\u00e9 d\u2019Agglom\u00e9ration de Saint-Di\u00e9-des-Vosges se r\u00e9unira mardi 10 juin, \u00e0 19h \u00e0 l&rsquo;amphith\u00e9\u00e2tre de l&rsquo;IUT de Saint-Di\u00e9-des-Vosges. Lors de la s\u00e9ance, les \u00e9lus se pencheront sur l\u2019ordre du jour suivant :<\/h2>\n<h3 class=\"western\">Ordre du jour<\/h3>\n<ol>\n<li>Adoption des proc\u00e8s-verbaux des s\u00e9ances du conseil communautaire du 17 mars et du 7 avril 2025<\/li>\n<li>Arr\u00eat du Plan Local d\u2019Urbanisme intercommunal valant Programme Local de l\u2019Habitat (PLUiH)<\/li>\n<li>Modalit\u00e9s de mise \u00e0 disposition du public du projet de modification simplifi\u00e9e du Plan Local d\u2019Urbanisme de Corcieux<\/li>\n<li>Cession d\u2019un bien immobilier \u00e0 Saint-Di\u00e9-des-Vosges<\/li>\n<li>Cession d\u2019un bien immobilier \u00e0 Moyenmoutier<\/li>\n<li>Acquisition d\u2019un bien immobilier \u00e0 Sainte-Marguerite<\/li>\n<li>Signature du march\u00e9 de travaux d\u2019am\u00e9nagement d\u2019un centre national de formation aux m\u00e9tiers de la s\u00fbret\u00e9, de la s\u00e9curit\u00e9 et du secours<\/li>\n<li>Compte administratif 2024 de l\u2019Office de Tourisme Intercommunal<\/li>\n<li>Budget pr\u00e9visionnel 2025 de l\u2019Office de Tourisme Intercommunal<\/li>\n<li>Tarifs 2026 de la taxe de s\u00e9jour<\/li>\n<li>Approbation du Compte Financier Unique (CFU) 2024<\/li>\n<li>Affectation des r\u00e9sultats 2024<\/li>\n<li>Budgets suppl\u00e9mentaires 2025<\/li>\n<li>Autorisation de Programme \/ Cr\u00e9dits de Paiement \u2013 Projet P3S Cambium<\/li>\n<li>Lignes de tr\u00e9sorerie pour le budget 701 REOMI<\/li>\n<li>Contrat de contr\u00f4le et d\u2019entretien des sites d\u2019escalade de Pierre-Perc\u00e9e et de Raon-l\u2019\u00c9tape<\/li>\n<li>Convention 2025-2026 avec les communes Autorit\u00e9 Organisatrice de Transports de second niveau (AOT\u00b2)<\/li>\n<li>Contrat de Territoire Eau et Climat (CTEC) 2025-2028<\/li>\n<li>Passage \u00e0 la tarification au r\u00e9el pour la commune de Le Mont<\/li>\n<li>Signature du march\u00e9 de prestation de services pour la gestion des accueils de loisirs sur les secteurs des Abbayes et de Fave, Meurthe et Galil\u00e9e<\/li>\n<li>Tarification de la saison 2025-2026 de L&rsquo;\u00c9tincelle<\/li>\n<li>R\u00e9partition du capital social de la SPL-Xdemat<\/li>\n<li>Forfait mobilit\u00e9s durables<\/li>\n<li>Modification du tableau des effectifs<\/li>\n<\/ol>\n","protected":false},"excerpt":{"rendered":"<p>Le Conseil Communautaire de la Communaut\u00e9 d\u2019Agglom\u00e9ration de Saint-Di\u00e9-des-Vosges se r\u00e9unira mardi 10 juin, \u00e0 19h \u00e0 l&rsquo;amphith\u00e9\u00e2tre de l&rsquo;IUT [&hellip;]<\/p>\n","protected":false},"author":46,"featured_media":22680,"comment_status":"open","ping_status":"open","sticky":false,"template":"","format":"standard","meta":{"footnotes":""},"categories":[460,10,167,2915],"tags":[5696,3282,3283,3205],"class_list":["post-78681","post","type-post","status-publish","format-standard","has-post-thumbnail","hentry","category-a-la-une","category-politique","category-saint-die-des-vosges","category-saint-die-son-canton","tag-amphitheatre-de-liut-de-saint-die-des-vosges","tag-communaute-dagglomeration-de-saint-die-des-vosges","tag-conseil-communautaire","tag-iut-de-saint-die-des-vosges"],"acf":[],"yoast_head":"<!-- This site is optimized with the Yoast SEO plugin v22.5 - https:\/\/yoast.com\/wordpress\/plugins\/seo\/ -->\n<title>A l\u2019ordre du jour de la prochaine s\u00e9ance du Conseil Communautaire - Saint Die Info<\/title>\n<meta name=\"robots\" content=\"index, follow, max-snippet:-1, max-image-preview:large, max-video-preview:-1\" \/>\n<link rel=\"canonical\" href=\"https:\/\/vosgesinfo.fr\/saintdieinfo\/2025\/06\/a-lordre-du-jour-de-la-prochaine-seance-du-conseil-communautaire-11\/\" \/>\n<meta name=\"twitter:card\" content=\"summary_large_image\" \/>\n<meta name=\"twitter:title\" content=\"A l\u2019ordre du jour de la prochaine s\u00e9ance du Conseil Communautaire - Saint Die Info\" \/>\n<meta name=\"twitter:description\" content=\"Le Conseil Communautaire de la Communaut\u00e9 d\u2019Agglom\u00e9ration de Saint-Di\u00e9-des-Vosges se r\u00e9unira mardi 10 juin, \u00e0 19h \u00e0 l&rsquo;amphith\u00e9\u00e2tre de l&rsquo;IUT [&hellip;]\" \/>\n<meta name=\"twitter:image\" content=\"https:\/\/vosgesinfo.fr\/app\/uploads\/sites\/4\/2019\/03\/communaute-agglomeration-logo.jpg\" \/>\n<meta name=\"twitter:creator\" content=\"@VosgesInfo88\" \/>\n<meta name=\"twitter:site\" content=\"@VosgesInfo88\" \/>\n<meta name=\"twitter:label1\" content=\"\u00c9crit par\" \/>\n\t<meta name=\"twitter:data1\" content=\"J.J.\" \/>\n\t<meta name=\"twitter:label2\" content=\"Dur\u00e9e de lecture estim\u00e9e\" \/>\n\t<meta name=\"twitter:data2\" content=\"1 minute\" \/>\n<script type=\"application\/ld+json\" class=\"yoast-schema-graph\">{\"@context\":\"https:\/\/schema.org\",\"@graph\":[{\"@type\":\"Article\",\"@id\":\"https:\/\/vosgesinfo.fr\/saintdieinfo\/2025\/06\/a-lordre-du-jour-de-la-prochaine-seance-du-conseil-communautaire-11\/#article\",\"isPartOf\":{\"@id\":\"https:\/\/vosgesinfo.fr\/saintdieinfo\/2025\/06\/a-lordre-du-jour-de-la-prochaine-seance-du-conseil-communautaire-11\/\"},\"author\":{\"name\":\"J.J.\",\"@id\":\"https:\/\/vosgesinfo.fr\/saintdieinfo\/#\/schema\/person\/fa73e9f726d67bb88f46d5b7943cb572\"},\"headline\":\"A l\u2019ordre du jour de la prochaine s\u00e9ance du Conseil Communautaire\",\"datePublished\":\"2025-06-05T10:45:55+00:00\",\"dateModified\":\"2025-06-05T10:18:32+00:00\",\"mainEntityOfPage\":{\"@id\":\"https:\/\/vosgesinfo.fr\/saintdieinfo\/2025\/06\/a-lordre-du-jour-de-la-prochaine-seance-du-conseil-communautaire-11\/\"},\"wordCount\":313,\"commentCount\":1,\"publisher\":{\"@id\":\"https:\/\/vosgesinfo.fr\/saintdieinfo\/#organization\"},\"image\":{\"@id\":\"https:\/\/vosgesinfo.fr\/saintdieinfo\/2025\/06\/a-lordre-du-jour-de-la-prochaine-seance-du-conseil-communautaire-11\/#primaryimage\"},\"thumbnailUrl\":\"https:\/\/vosgesinfo.fr\/app\/uploads\/sites\/4\/2019\/03\/communaute-agglomeration-logo.jpg\",\"keywords\":[\"Amphith\u00e9\u00e2tre de l'IUT de Saint-Di\u00e9-des-Vosges\",\"Communaut\u00e9 d'Agglom\u00e9ration de Saint-Di\u00e9-des-Vosges\",\"Conseil Communautaire\",\"IUT de Saint-Di\u00e9-des-Vosges\"],\"articleSection\":[\"A la Une\",\"Politique\",\"Saint-Di\u00e9-des-Vosges\",\"Saint-Di\u00e9-des-Vosges et son Agglom\u00e9ration\"],\"inLanguage\":\"fr-FR\",\"potentialAction\":[{\"@type\":\"CommentAction\",\"name\":\"Comment\",\"target\":[\"https:\/\/vosgesinfo.fr\/saintdieinfo\/2025\/06\/a-lordre-du-jour-de-la-prochaine-seance-du-conseil-communautaire-11\/#respond\"]}]},{\"@type\":\"WebPage\",\"@id\":\"https:\/\/vosgesinfo.fr\/saintdieinfo\/2025\/06\/a-lordre-du-jour-de-la-prochaine-seance-du-conseil-communautaire-11\/\",\"url\":\"https:\/\/vosgesinfo.fr\/saintdieinfo\/2025\/06\/a-lordre-du-jour-de-la-prochaine-seance-du-conseil-communautaire-11\/\",\"name\":\"A l\u2019ordre du jour de la prochaine s\u00e9ance du Conseil Communautaire - Saint Die Info\",\"isPartOf\":{\"@id\":\"https:\/\/vosgesinfo.fr\/saintdieinfo\/#website\"},\"primaryImageOfPage\":{\"@id\":\"https:\/\/vosgesinfo.fr\/saintdieinfo\/2025\/06\/a-lordre-du-jour-de-la-prochaine-seance-du-conseil-communautaire-11\/#primaryimage\"},\"image\":{\"@id\":\"https:\/\/vosgesinfo.fr\/saintdieinfo\/2025\/06\/a-lordre-du-jour-de-la-prochaine-seance-du-conseil-communautaire-11\/#primaryimage\"},\"thumbnailUrl\":\"https:\/\/vosgesinfo.fr\/app\/uploads\/sites\/4\/2019\/03\/communaute-agglomeration-logo.jpg\",\"datePublished\":\"2025-06-05T10:45:55+00:00\",\"dateModified\":\"2025-06-05T10:18:32+00:00\",\"breadcrumb\":{\"@id\":\"https:\/\/vosgesinfo.fr\/saintdieinfo\/2025\/06\/a-lordre-du-jour-de-la-prochaine-seance-du-conseil-communautaire-11\/#breadcrumb\"},\"inLanguage\":\"fr-FR\",\"potentialAction\":[{\"@type\":\"ReadAction\",\"target\":[\"https:\/\/vosgesinfo.fr\/saintdieinfo\/2025\/06\/a-lordre-du-jour-de-la-prochaine-seance-du-conseil-communautaire-11\/\"]}]},{\"@type\":\"ImageObject\",\"inLanguage\":\"fr-FR\",\"@id\":\"https:\/\/vosgesinfo.fr\/saintdieinfo\/2025\/06\/a-lordre-du-jour-de-la-prochaine-seance-du-conseil-communautaire-11\/#primaryimage\",\"url\":\"https:\/\/vosgesinfo.fr\/app\/uploads\/sites\/4\/2019\/03\/communaute-agglomeration-logo.jpg\",\"contentUrl\":\"https:\/\/vosgesinfo.fr\/app\/uploads\/sites\/4\/2019\/03\/communaute-agglomeration-logo.jpg\",\"width\":500,\"height\":461},{\"@type\":\"BreadcrumbList\",\"@id\":\"https:\/\/vosgesinfo.fr\/saintdieinfo\/2025\/06\/a-lordre-du-jour-de-la-prochaine-seance-du-conseil-communautaire-11\/#breadcrumb\",\"itemListElement\":[{\"@type\":\"ListItem\",\"position\":1,\"name\":\"Home\",\"item\":\"https:\/\/vosgesinfo.fr\/saintdieinfo\/\"},{\"@type\":\"ListItem\",\"position\":2,\"name\":\"A l\u2019ordre du jour de la prochaine s\u00e9ance du Conseil Communautaire\"}]},{\"@type\":\"WebSite\",\"@id\":\"https:\/\/vosgesinfo.fr\/saintdieinfo\/#website\",\"url\":\"https:\/\/vosgesinfo.fr\/saintdieinfo\/\",\"name\":\"Saint Die Info\",\"description\":\"Toute l&#039;actualit\u00e9 de Saint-Di\u00e9-Des-Vosges\",\"publisher\":{\"@id\":\"https:\/\/vosgesinfo.fr\/saintdieinfo\/#organization\"},\"alternateName\":\"Toute l'actualit\u00e9 de Saint-Di\u00e9-Des-Vosges\",\"potentialAction\":[{\"@type\":\"SearchAction\",\"target\":{\"@type\":\"EntryPoint\",\"urlTemplate\":\"https:\/\/vosgesinfo.fr\/saintdieinfo\/?s={search_term_string}\"},\"query-input\":\"required name=search_term_string\"}],\"inLanguage\":\"fr-FR\"},{\"@type\":\"Organization\",\"@id\":\"https:\/\/vosgesinfo.fr\/saintdieinfo\/#organization\",\"name\":\"Saint Die Info\",\"url\":\"https:\/\/vosgesinfo.fr\/saintdieinfo\/\",\"logo\":{\"@type\":\"ImageObject\",\"inLanguage\":\"fr-FR\",\"@id\":\"https:\/\/vosgesinfo.fr\/saintdieinfo\/#\/schema\/logo\/image\/\",\"url\":\"https:\/\/vosgesinfo.fr\/app\/uploads\/sites\/4\/2024\/02\/logo-sdi.jpg\",\"contentUrl\":\"https:\/\/vosgesinfo.fr\/app\/uploads\/sites\/4\/2024\/02\/logo-sdi.jpg\",\"width\":600,\"height\":600,\"caption\":\"Saint Die Info\"},\"image\":{\"@id\":\"https:\/\/vosgesinfo.fr\/saintdieinfo\/#\/schema\/logo\/image\/\"},\"sameAs\":[\"https:\/\/www.facebook.com\/Saintdieinfofr\",\"https:\/\/x.com\/VosgesInfo88\",\"https:\/\/www.youtube.com\/@vosgesinfo\"]},{\"@type\":\"Person\",\"@id\":\"https:\/\/vosgesinfo.fr\/saintdieinfo\/#\/schema\/person\/fa73e9f726d67bb88f46d5b7943cb572\",\"name\":\"J.J.\",\"image\":{\"@type\":\"ImageObject\",\"inLanguage\":\"fr-FR\",\"@id\":\"https:\/\/vosgesinfo.fr\/saintdieinfo\/#\/schema\/person\/image\/\",\"url\":\"https:\/\/secure.gravatar.com\/avatar\/219e749e47ffbcca018a360ae4add7d4cdf1cdaaf8bc7676b27efade3fe65615?s=96&d=mm&r=g\",\"contentUrl\":\"https:\/\/secure.gravatar.com\/avatar\/219e749e47ffbcca018a360ae4add7d4cdf1cdaaf8bc7676b27efade3fe65615?s=96&d=mm&r=g\",\"caption\":\"J.J.\"},\"url\":\"https:\/\/vosgesinfo.fr\/saintdieinfo\/author\/j-j\/\"}]}<\/script>\n<!-- \/ Yoast SEO plugin. -->","yoast_head_json":{"title":"A l\u2019ordre du jour de la prochaine s\u00e9ance du Conseil Communautaire - Saint Die Info","robots":{"index":"index","follow":"follow","max-snippet":"max-snippet:-1","max-image-preview":"max-image-preview:large","max-video-preview":"max-video-preview:-1"},"canonical":"https:\/\/vosgesinfo.fr\/saintdieinfo\/2025\/06\/a-lordre-du-jour-de-la-prochaine-seance-du-conseil-communautaire-11\/","twitter_card":"summary_large_image","twitter_title":"A l\u2019ordre du jour de la prochaine s\u00e9ance du Conseil Communautaire - Saint Die Info","twitter_description":"Le Conseil Communautaire de la Communaut\u00e9 d\u2019Agglom\u00e9ration de Saint-Di\u00e9-des-Vosges se r\u00e9unira mardi 10 juin, \u00e0 19h \u00e0 l&rsquo;amphith\u00e9\u00e2tre de l&rsquo;IUT [&hellip;]","twitter_image":"https:\/\/vosgesinfo.fr\/app\/uploads\/sites\/4\/2019\/03\/communaute-agglomeration-logo.jpg","twitter_creator":"@VosgesInfo88","twitter_site":"@VosgesInfo88","twitter_misc":{"\u00c9crit par":"J.J.","Dur\u00e9e de lecture estim\u00e9e":"1 minute"},"schema":{"@context":"https:\/\/schema.org","@graph":[{"@type":"Article","@id":"https:\/\/vosgesinfo.fr\/saintdieinfo\/2025\/06\/a-lordre-du-jour-de-la-prochaine-seance-du-conseil-communautaire-11\/#article","isPartOf":{"@id":"https:\/\/vosgesinfo.fr\/saintdieinfo\/2025\/06\/a-lordre-du-jour-de-la-prochaine-seance-du-conseil-communautaire-11\/"},"author":{"name":"J.J.","@id":"https:\/\/vosgesinfo.fr\/saintdieinfo\/#\/schema\/person\/fa73e9f726d67bb88f46d5b7943cb572"},"headline":"A l\u2019ordre du jour de la prochaine s\u00e9ance du Conseil Communautaire","datePublished":"2025-06-05T10:45:55+00:00","dateModified":"2025-06-05T10:18:32+00:00","mainEntityOfPage":{"@id":"https:\/\/vosgesinfo.fr\/saintdieinfo\/2025\/06\/a-lordre-du-jour-de-la-prochaine-seance-du-conseil-communautaire-11\/"},"wordCount":313,"commentCount":1,"publisher":{"@id":"https:\/\/vosgesinfo.fr\/saintdieinfo\/#organization"},"image":{"@id":"https:\/\/vosgesinfo.fr\/saintdieinfo\/2025\/06\/a-lordre-du-jour-de-la-prochaine-seance-du-conseil-communautaire-11\/#primaryimage"},"thumbnailUrl":"https:\/\/vosgesinfo.fr\/app\/uploads\/sites\/4\/2019\/03\/communaute-agglomeration-logo.jpg","keywords":["Amphith\u00e9\u00e2tre de l'IUT de Saint-Di\u00e9-des-Vosges","Communaut\u00e9 d'Agglom\u00e9ration de Saint-Di\u00e9-des-Vosges","Conseil Communautaire","IUT de Saint-Di\u00e9-des-Vosges"],"articleSection":["A la Une","Politique","Saint-Di\u00e9-des-Vosges","Saint-Di\u00e9-des-Vosges et son Agglom\u00e9ration"],"inLanguage":"fr-FR","potentialAction":[{"@type":"CommentAction","name":"Comment","target":["https:\/\/vosgesinfo.fr\/saintdieinfo\/2025\/06\/a-lordre-du-jour-de-la-prochaine-seance-du-conseil-communautaire-11\/#respond"]}]},{"@type":"WebPage","@id":"https:\/\/vosgesinfo.fr\/saintdieinfo\/2025\/06\/a-lordre-du-jour-de-la-prochaine-seance-du-conseil-communautaire-11\/","url":"https:\/\/vosgesinfo.fr\/saintdieinfo\/2025\/06\/a-lordre-du-jour-de-la-prochaine-seance-du-conseil-communautaire-11\/","name":"A l\u2019ordre du jour de la prochaine s\u00e9ance du Conseil Communautaire - Saint Die Info","isPartOf":{"@id":"https:\/\/vosgesinfo.fr\/saintdieinfo\/#website"},"primaryImageOfPage":{"@id":"https:\/\/vosgesinfo.fr\/saintdieinfo\/2025\/06\/a-lordre-du-jour-de-la-prochaine-seance-du-conseil-communautaire-11\/#primaryimage"},"image":{"@id":"https:\/\/vosgesinfo.fr\/saintdieinfo\/2025\/06\/a-lordre-du-jour-de-la-prochaine-seance-du-conseil-communautaire-11\/#primaryimage"},"thumbnailUrl":"https:\/\/vosgesinfo.fr\/app\/uploads\/sites\/4\/2019\/03\/communaute-agglomeration-logo.jpg","datePublished":"2025-06-05T10:45:55+00:00","dateModified":"2025-06-05T10:18:32+00:00","breadcrumb":{"@id":"https:\/\/vosgesinfo.fr\/saintdieinfo\/2025\/06\/a-lordre-du-jour-de-la-prochaine-seance-du-conseil-communautaire-11\/#breadcrumb"},"inLanguage":"fr-FR","potentialAction":[{"@type":"ReadAction","target":["https:\/\/vosgesinfo.fr\/saintdieinfo\/2025\/06\/a-lordre-du-jour-de-la-prochaine-seance-du-conseil-communautaire-11\/"]}]},{"@type":"ImageObject","inLanguage":"fr-FR","@id":"https:\/\/vosgesinfo.fr\/saintdieinfo\/2025\/06\/a-lordre-du-jour-de-la-prochaine-seance-du-conseil-communautaire-11\/#primaryimage","url":"https:\/\/vosgesinfo.fr\/app\/uploads\/sites\/4\/2019\/03\/communaute-agglomeration-logo.jpg","contentUrl":"https:\/\/vosgesinfo.fr\/app\/uploads\/sites\/4\/2019\/03\/communaute-agglomeration-logo.jpg","width":500,"height":461},{"@type":"BreadcrumbList","@id":"https:\/\/vosgesinfo.fr\/saintdieinfo\/2025\/06\/a-lordre-du-jour-de-la-prochaine-seance-du-conseil-communautaire-11\/#breadcrumb","itemListElement":[{"@type":"ListItem","position":1,"name":"Home","item":"https:\/\/vosgesinfo.fr\/saintdieinfo\/"},{"@type":"ListItem","position":2,"name":"A l\u2019ordre du jour de la prochaine s\u00e9ance du Conseil Communautaire"}]},{"@type":"WebSite","@id":"https:\/\/vosgesinfo.fr\/saintdieinfo\/#website","url":"https:\/\/vosgesinfo.fr\/saintdieinfo\/","name":"Saint Die Info","description":"Toute l&#039;actualit\u00e9 de Saint-Di\u00e9-Des-Vosges","publisher":{"@id":"https:\/\/vosgesinfo.fr\/saintdieinfo\/#organization"},"alternateName":"Toute l'actualit\u00e9 de Saint-Di\u00e9-Des-Vosges","potentialAction":[{"@type":"SearchAction","target":{"@type":"EntryPoint","urlTemplate":"https:\/\/vosgesinfo.fr\/saintdieinfo\/?s={search_term_string}"},"query-input":"required name=search_term_string"}],"inLanguage":"fr-FR"},{"@type":"Organization","@id":"https:\/\/vosgesinfo.fr\/saintdieinfo\/#organization","name":"Saint Die Info","url":"https:\/\/vosgesinfo.fr\/saintdieinfo\/","logo":{"@type":"ImageObject","inLanguage":"fr-FR","@id":"https:\/\/vosgesinfo.fr\/saintdieinfo\/#\/schema\/logo\/image\/","url":"https:\/\/vosgesinfo.fr\/app\/uploads\/sites\/4\/2024\/02\/logo-sdi.jpg","contentUrl":"https:\/\/vosgesinfo.fr\/app\/uploads\/sites\/4\/2024\/02\/logo-sdi.jpg","width":600,"height":600,"caption":"Saint Die Info"},"image":{"@id":"https:\/\/vosgesinfo.fr\/saintdieinfo\/#\/schema\/logo\/image\/"},"sameAs":["https:\/\/www.facebook.com\/Saintdieinfofr","https:\/\/x.com\/VosgesInfo88","https:\/\/www.youtube.com\/@vosgesinfo"]},{"@type":"Person","@id":"https:\/\/vosgesinfo.fr\/saintdieinfo\/#\/schema\/person\/fa73e9f726d67bb88f46d5b7943cb572","name":"J.J.","image":{"@type":"ImageObject","inLanguage":"fr-FR","@id":"https:\/\/vosgesinfo.fr\/saintdieinfo\/#\/schema\/person\/image\/","url":"https:\/\/secure.gravatar.com\/avatar\/219e749e47ffbcca018a360ae4add7d4cdf1cdaaf8bc7676b27efade3fe65615?s=96&d=mm&r=g","contentUrl":"https:\/\/secure.gravatar.com\/avatar\/219e749e47ffbcca018a360ae4add7d4cdf1cdaaf8bc7676b27efade3fe65615?s=96&d=mm&r=g","caption":"J.J."},"url":"https:\/\/vosgesinfo.fr\/saintdieinfo\/author\/j-j\/"}]}},"_links":{"self":[{"href":"https:\/\/vosgesinfo.fr\/saintdieinfo\/wp-json\/wp\/v2\/posts\/78681","targetHints":{"allow":["GET"]}}],"collection":[{"href":"https:\/\/vosgesinfo.fr\/saintdieinfo\/wp-json\/wp\/v2\/posts"}],"about":[{"href":"https:\/\/vosgesinfo.fr\/saintdieinfo\/wp-json\/wp\/v2\/types\/post"}],"author":[{"embeddable":true,"href":"https:\/\/vosgesinfo.fr\/saintdieinfo\/wp-json\/wp\/v2\/users\/46"}],"replies":[{"embeddable":true,"href":"https:\/\/vosgesinfo.fr\/saintdieinfo\/wp-json\/wp\/v2\/comments?post=78681"}],"version-history":[{"count":1,"href":"https:\/\/vosgesinfo.fr\/saintdieinfo\/wp-json\/wp\/v2\/posts\/78681\/revisions"}],"predecessor-version":[{"id":78682,"href":"https:\/\/vosgesinfo.fr\/saintdieinfo\/wp-json\/wp\/v2\/posts\/78681\/revisions\/78682"}],"wp:featuredmedia":[{"embeddable":true,"href":"https:\/\/vosgesinfo.fr\/saintdieinfo\/wp-json\/wp\/v2\/media\/22680"}],"wp:attachment":[{"href":"https:\/\/vosgesinfo.fr\/saintdieinfo\/wp-json\/wp\/v2\/media?parent=78681"}],"wp:term":[{"taxonomy":"category","embeddable":true,"href":"https:\/\/vosgesinfo.fr\/saintdieinfo\/wp-json\/wp\/v2\/categories?post=78681"},{"taxonomy":"post_tag","embeddable":true,"href":"https:\/\/vosgesinfo.fr\/saintdieinfo\/wp-json\/wp\/v2\/tags?post=78681"}],"curies":[{"name":"wp","href":"https:\/\/api.w.org\/{rel}","templated":true}]}}