{"id":78685,"date":"2025-06-05T18:15:13","date_gmt":"2025-06-05T16:15:13","guid":{"rendered":"https:\/\/vosgesinfo.fr\/saintdieinfo\/?p=78685"},"modified":"2025-06-05T17:50:34","modified_gmt":"2025-06-05T15:50:34","slug":"une-reconnaissance-nationale-pour-la-mission-locale-deodatienne","status":"publish","type":"post","link":"https:\/\/vosgesinfo.fr\/saintdieinfo\/2025\/06\/une-reconnaissance-nationale-pour-la-mission-locale-deodatienne\/","title":{"rendered":"Une reconnaissance nationale pour la Mission Locale d\u00e9odatienne"},"content":{"rendered":"<h2><strong>Mercredi 28 mai<\/strong>, la <strong>Mission Locale du Bassin de Saint-Di\u00e9 et Hautes Vosges<\/strong> a officiellement obtenu le <strong>label national des Missions Locales<\/strong>,<\/h2>\n<p><!--more--><\/p>\n<h3><strong>Un r\u00e9f\u00e9rentiel de 35 crit\u00e8res<\/strong><\/h3>\n<p>Initi\u00e9e par l\u2019<strong>Union Nationale des Missions Locales \u2013 UNML \u2013\u00a0<\/strong>la labellisation repose sur un <strong>r\u00e9f\u00e9rentiel de 35 crit\u00e8res<\/strong>, \u00e9valuant notamment la <strong>qualit\u00e9 de l\u2019accueil<\/strong>, <strong>l\u2019accompagnement des jeunes<\/strong>, <strong>l\u2019ancrage territorial<\/strong>, <strong>la gouvernance<\/strong> et <strong>l\u2019innovation<\/strong>. L\u2019obtention de ce label confirme l\u2019<strong>engagement continu de la Mission Locale<\/strong> en faveur de l\u2019<strong>insertion professionnelle et sociale des jeunes de 16 \u00e0 25 ans<\/strong>.<\/p>\n<p>R\u00e9alis\u00e9 le <strong>29 avril dernier<\/strong>, l\u2019<strong>audit de labellisation<\/strong> a mis en \u00e9vidence la <strong>capacit\u00e9 d\u2019adaptation<\/strong>, la <strong>coh\u00e9sion<\/strong> et la <strong>volont\u00e9 d\u2019am\u00e9lioration continue<\/strong> des \u00e9quipes.<\/p>\n<h3><strong>Un label attribu\u00e9 pour 5 ans<\/strong><\/h3>\n<p>Ce <strong>label national<\/strong>, attribu\u00e9 pour la p\u00e9riode <strong>2025-2030<\/strong>, offre \u00e0 la structure d\u00e9odatienne <strong>une visibilit\u00e9 renforc\u00e9e<\/strong> et confirme sa <strong>cr\u00e9dibilit\u00e9 aupr\u00e8s des partenaires, financeurs et jeunes accompagn\u00e9s<\/strong>. Il inscrit d\u00e9sormais la Mission Locale dans une <strong>dynamique d\u2019am\u00e9lioration continue<\/strong>, aux c\u00f4t\u00e9s des autres structures labellis\u00e9es.<\/p>\n<h3><strong>Un nouveau point de d\u00e9part<\/strong><\/h3>\n<p>La labellisation repr\u00e9sente <strong>un\u00a0point de d\u00e9part<\/strong>. L\u2019\u00e9quipe entend poursuivre ses efforts, <strong>renforcer la qualit\u00e9 de l\u2019accompagnement<\/strong> et <strong>innover<\/strong> dans ses pratiques, avec un objectif affirm\u00e9 : <strong>progresser au service de l\u2019insertion des jeunes du territoire<\/strong>.<\/p>\n<p><a href=\"https:\/\/vosgesinfo.fr\/app\/uploads\/sites\/4\/2025\/06\/mission-locale-sddv-logo.png\"><img decoding=\"async\" class=\"alignnone size-large wp-image-78686\" src=\"https:\/\/vosgesinfo.fr\/app\/uploads\/sites\/4\/2025\/06\/mission-locale-sddv-logo-1024x928.png\" alt=\"\" width=\"1024\" height=\"928\" srcset=\"https:\/\/vosgesinfo.fr\/app\/uploads\/sites\/4\/2025\/06\/mission-locale-sddv-logo-1024x928.png 1024w, https:\/\/vosgesinfo.fr\/app\/uploads\/sites\/4\/2025\/06\/mission-locale-sddv-logo-300x272.png 300w, https:\/\/vosgesinfo.fr\/app\/uploads\/sites\/4\/2025\/06\/mission-locale-sddv-logo-768x696.png 768w, https:\/\/vosgesinfo.fr\/app\/uploads\/sites\/4\/2025\/06\/mission-locale-sddv-logo.png 1060w\" sizes=\"(max-width: 1024px) 100vw, 1024px\" \/><\/a><\/p>\n","protected":false},"excerpt":{"rendered":"<p>Mercredi 28 mai, la Mission Locale du Bassin de Saint-Di\u00e9 et Hautes Vosges a officiellement obtenu le label national des [&hellip;]<\/p>\n","protected":false},"author":46,"featured_media":78686,"comment_status":"open","ping_status":"open","sticky":false,"template":"","format":"standard","meta":{"footnotes":""},"categories":[460,5,5391,167],"tags":[17358,2845,4320],"class_list":["post-78685","post","type-post","status-publish","format-standard","has-post-thumbnail","hentry","category-a-la-une","category-economie","category-gerardmer","category-saint-die-des-vosges","tag-label-national-des-missions-locales","tag-mission-locale","tag-mission-locale-du-bassin-de-saint-die-des-vosges-et-des-hautes-vosges"],"acf":[],"yoast_head":"<!-- This site is optimized with the Yoast SEO plugin v22.5 - https:\/\/yoast.com\/wordpress\/plugins\/seo\/ -->\n<title>Une reconnaissance nationale pour la Mission Locale d\u00e9odatienne - Saint Die Info<\/title>\n<meta name=\"robots\" content=\"index, follow, max-snippet:-1, max-image-preview:large, max-video-preview:-1\" \/>\n<link rel=\"canonical\" href=\"https:\/\/vosgesinfo.fr\/saintdieinfo\/2025\/06\/une-reconnaissance-nationale-pour-la-mission-locale-deodatienne\/\" \/>\n<meta name=\"twitter:card\" content=\"summary_large_image\" \/>\n<meta name=\"twitter:title\" content=\"Une reconnaissance nationale pour la Mission Locale d\u00e9odatienne - Saint Die Info\" \/>\n<meta name=\"twitter:description\" content=\"Mercredi 28 mai, la Mission Locale du Bassin de Saint-Di\u00e9 et Hautes Vosges a officiellement obtenu le label national des [&hellip;]\" \/>\n<meta name=\"twitter:image\" content=\"https:\/\/vosgesinfo.fr\/app\/uploads\/sites\/4\/2025\/06\/mission-locale-sddv-logo.png\" \/>\n<meta name=\"twitter:creator\" content=\"@VosgesInfo88\" \/>\n<meta name=\"twitter:site\" content=\"@VosgesInfo88\" \/>\n<meta name=\"twitter:label1\" content=\"\u00c9crit par\" \/>\n\t<meta name=\"twitter:data1\" content=\"J.J.\" \/>\n\t<meta name=\"twitter:label2\" content=\"Dur\u00e9e de lecture estim\u00e9e\" \/>\n\t<meta name=\"twitter:data2\" content=\"1 minute\" \/>\n<script type=\"application\/ld+json\" class=\"yoast-schema-graph\">{\"@context\":\"https:\/\/schema.org\",\"@graph\":[{\"@type\":\"Article\",\"@id\":\"https:\/\/vosgesinfo.fr\/saintdieinfo\/2025\/06\/une-reconnaissance-nationale-pour-la-mission-locale-deodatienne\/#article\",\"isPartOf\":{\"@id\":\"https:\/\/vosgesinfo.fr\/saintdieinfo\/2025\/06\/une-reconnaissance-nationale-pour-la-mission-locale-deodatienne\/\"},\"author\":{\"name\":\"J.J.\",\"@id\":\"https:\/\/vosgesinfo.fr\/saintdieinfo\/#\/schema\/person\/fa73e9f726d67bb88f46d5b7943cb572\"},\"headline\":\"Une reconnaissance nationale pour la Mission Locale d\u00e9odatienne\",\"datePublished\":\"2025-06-05T16:15:13+00:00\",\"dateModified\":\"2025-06-05T15:50:34+00:00\",\"mainEntityOfPage\":{\"@id\":\"https:\/\/vosgesinfo.fr\/saintdieinfo\/2025\/06\/une-reconnaissance-nationale-pour-la-mission-locale-deodatienne\/\"},\"wordCount\":237,\"commentCount\":0,\"publisher\":{\"@id\":\"https:\/\/vosgesinfo.fr\/saintdieinfo\/#organization\"},\"image\":{\"@id\":\"https:\/\/vosgesinfo.fr\/saintdieinfo\/2025\/06\/une-reconnaissance-nationale-pour-la-mission-locale-deodatienne\/#primaryimage\"},\"thumbnailUrl\":\"https:\/\/vosgesinfo.fr\/app\/uploads\/sites\/4\/2025\/06\/mission-locale-sddv-logo.png\",\"keywords\":[\"Label national des Missions Locales\",\"mission locale\",\"Mission Locale du Bassin de Saint-Di\u00e9-des-Vosges et des Hautes-Vosges\"],\"articleSection\":[\"A la Une\",\"\u00c9conomie\",\"Gerardmer\",\"Saint-Di\u00e9-des-Vosges\"],\"inLanguage\":\"fr-FR\",\"potentialAction\":[{\"@type\":\"CommentAction\",\"name\":\"Comment\",\"target\":[\"https:\/\/vosgesinfo.fr\/saintdieinfo\/2025\/06\/une-reconnaissance-nationale-pour-la-mission-locale-deodatienne\/#respond\"]}]},{\"@type\":\"WebPage\",\"@id\":\"https:\/\/vosgesinfo.fr\/saintdieinfo\/2025\/06\/une-reconnaissance-nationale-pour-la-mission-locale-deodatienne\/\",\"url\":\"https:\/\/vosgesinfo.fr\/saintdieinfo\/2025\/06\/une-reconnaissance-nationale-pour-la-mission-locale-deodatienne\/\",\"name\":\"Une reconnaissance nationale pour la Mission Locale d\u00e9odatienne - Saint Die Info\",\"isPartOf\":{\"@id\":\"https:\/\/vosgesinfo.fr\/saintdieinfo\/#website\"},\"primaryImageOfPage\":{\"@id\":\"https:\/\/vosgesinfo.fr\/saintdieinfo\/2025\/06\/une-reconnaissance-nationale-pour-la-mission-locale-deodatienne\/#primaryimage\"},\"image\":{\"@id\":\"https:\/\/vosgesinfo.fr\/saintdieinfo\/2025\/06\/une-reconnaissance-nationale-pour-la-mission-locale-deodatienne\/#primaryimage\"},\"thumbnailUrl\":\"https:\/\/vosgesinfo.fr\/app\/uploads\/sites\/4\/2025\/06\/mission-locale-sddv-logo.png\",\"datePublished\":\"2025-06-05T16:15:13+00:00\",\"dateModified\":\"2025-06-05T15:50:34+00:00\",\"breadcrumb\":{\"@id\":\"https:\/\/vosgesinfo.fr\/saintdieinfo\/2025\/06\/une-reconnaissance-nationale-pour-la-mission-locale-deodatienne\/#breadcrumb\"},\"inLanguage\":\"fr-FR\",\"potentialAction\":[{\"@type\":\"ReadAction\",\"target\":[\"https:\/\/vosgesinfo.fr\/saintdieinfo\/2025\/06\/une-reconnaissance-nationale-pour-la-mission-locale-deodatienne\/\"]}]},{\"@type\":\"ImageObject\",\"inLanguage\":\"fr-FR\",\"@id\":\"https:\/\/vosgesinfo.fr\/saintdieinfo\/2025\/06\/une-reconnaissance-nationale-pour-la-mission-locale-deodatienne\/#primaryimage\",\"url\":\"https:\/\/vosgesinfo.fr\/app\/uploads\/sites\/4\/2025\/06\/mission-locale-sddv-logo.png\",\"contentUrl\":\"https:\/\/vosgesinfo.fr\/app\/uploads\/sites\/4\/2025\/06\/mission-locale-sddv-logo.png\",\"width\":1060,\"height\":961},{\"@type\":\"BreadcrumbList\",\"@id\":\"https:\/\/vosgesinfo.fr\/saintdieinfo\/2025\/06\/une-reconnaissance-nationale-pour-la-mission-locale-deodatienne\/#breadcrumb\",\"itemListElement\":[{\"@type\":\"ListItem\",\"position\":1,\"name\":\"Home\",\"item\":\"https:\/\/vosgesinfo.fr\/saintdieinfo\/\"},{\"@type\":\"ListItem\",\"position\":2,\"name\":\"Une reconnaissance nationale pour la Mission Locale d\u00e9odatienne\"}]},{\"@type\":\"WebSite\",\"@id\":\"https:\/\/vosgesinfo.fr\/saintdieinfo\/#website\",\"url\":\"https:\/\/vosgesinfo.fr\/saintdieinfo\/\",\"name\":\"Saint Die Info\",\"description\":\"Toute l&#039;actualit\u00e9 de Saint-Di\u00e9-Des-Vosges\",\"publisher\":{\"@id\":\"https:\/\/vosgesinfo.fr\/saintdieinfo\/#organization\"},\"alternateName\":\"Toute l'actualit\u00e9 de Saint-Di\u00e9-Des-Vosges\",\"potentialAction\":[{\"@type\":\"SearchAction\",\"target\":{\"@type\":\"EntryPoint\",\"urlTemplate\":\"https:\/\/vosgesinfo.fr\/saintdieinfo\/?s={search_term_string}\"},\"query-input\":\"required name=search_term_string\"}],\"inLanguage\":\"fr-FR\"},{\"@type\":\"Organization\",\"@id\":\"https:\/\/vosgesinfo.fr\/saintdieinfo\/#organization\",\"name\":\"Saint Die Info\",\"url\":\"https:\/\/vosgesinfo.fr\/saintdieinfo\/\",\"logo\":{\"@type\":\"ImageObject\",\"inLanguage\":\"fr-FR\",\"@id\":\"https:\/\/vosgesinfo.fr\/saintdieinfo\/#\/schema\/logo\/image\/\",\"url\":\"https:\/\/vosgesinfo.fr\/app\/uploads\/sites\/4\/2024\/02\/logo-sdi.jpg\",\"contentUrl\":\"https:\/\/vosgesinfo.fr\/app\/uploads\/sites\/4\/2024\/02\/logo-sdi.jpg\",\"width\":600,\"height\":600,\"caption\":\"Saint Die Info\"},\"image\":{\"@id\":\"https:\/\/vosgesinfo.fr\/saintdieinfo\/#\/schema\/logo\/image\/\"},\"sameAs\":[\"https:\/\/www.facebook.com\/Saintdieinfofr\",\"https:\/\/x.com\/VosgesInfo88\",\"https:\/\/www.youtube.com\/@vosgesinfo\"]},{\"@type\":\"Person\",\"@id\":\"https:\/\/vosgesinfo.fr\/saintdieinfo\/#\/schema\/person\/fa73e9f726d67bb88f46d5b7943cb572\",\"name\":\"J.J.\",\"image\":{\"@type\":\"ImageObject\",\"inLanguage\":\"fr-FR\",\"@id\":\"https:\/\/vosgesinfo.fr\/saintdieinfo\/#\/schema\/person\/image\/\",\"url\":\"https:\/\/secure.gravatar.com\/avatar\/219e749e47ffbcca018a360ae4add7d4cdf1cdaaf8bc7676b27efade3fe65615?s=96&d=mm&r=g\",\"contentUrl\":\"https:\/\/secure.gravatar.com\/avatar\/219e749e47ffbcca018a360ae4add7d4cdf1cdaaf8bc7676b27efade3fe65615?s=96&d=mm&r=g\",\"caption\":\"J.J.\"},\"url\":\"https:\/\/vosgesinfo.fr\/saintdieinfo\/author\/j-j\/\"}]}<\/script>\n<!-- \/ Yoast SEO plugin. -->","yoast_head_json":{"title":"Une reconnaissance nationale pour la Mission Locale d\u00e9odatienne - Saint Die Info","robots":{"index":"index","follow":"follow","max-snippet":"max-snippet:-1","max-image-preview":"max-image-preview:large","max-video-preview":"max-video-preview:-1"},"canonical":"https:\/\/vosgesinfo.fr\/saintdieinfo\/2025\/06\/une-reconnaissance-nationale-pour-la-mission-locale-deodatienne\/","twitter_card":"summary_large_image","twitter_title":"Une reconnaissance nationale pour la Mission Locale d\u00e9odatienne - Saint Die Info","twitter_description":"Mercredi 28 mai, la Mission Locale du Bassin de Saint-Di\u00e9 et Hautes Vosges a officiellement obtenu le label national des [&hellip;]","twitter_image":"https:\/\/vosgesinfo.fr\/app\/uploads\/sites\/4\/2025\/06\/mission-locale-sddv-logo.png","twitter_creator":"@VosgesInfo88","twitter_site":"@VosgesInfo88","twitter_misc":{"\u00c9crit par":"J.J.","Dur\u00e9e de lecture estim\u00e9e":"1 minute"},"schema":{"@context":"https:\/\/schema.org","@graph":[{"@type":"Article","@id":"https:\/\/vosgesinfo.fr\/saintdieinfo\/2025\/06\/une-reconnaissance-nationale-pour-la-mission-locale-deodatienne\/#article","isPartOf":{"@id":"https:\/\/vosgesinfo.fr\/saintdieinfo\/2025\/06\/une-reconnaissance-nationale-pour-la-mission-locale-deodatienne\/"},"author":{"name":"J.J.","@id":"https:\/\/vosgesinfo.fr\/saintdieinfo\/#\/schema\/person\/fa73e9f726d67bb88f46d5b7943cb572"},"headline":"Une reconnaissance nationale pour la Mission Locale d\u00e9odatienne","datePublished":"2025-06-05T16:15:13+00:00","dateModified":"2025-06-05T15:50:34+00:00","mainEntityOfPage":{"@id":"https:\/\/vosgesinfo.fr\/saintdieinfo\/2025\/06\/une-reconnaissance-nationale-pour-la-mission-locale-deodatienne\/"},"wordCount":237,"commentCount":0,"publisher":{"@id":"https:\/\/vosgesinfo.fr\/saintdieinfo\/#organization"},"image":{"@id":"https:\/\/vosgesinfo.fr\/saintdieinfo\/2025\/06\/une-reconnaissance-nationale-pour-la-mission-locale-deodatienne\/#primaryimage"},"thumbnailUrl":"https:\/\/vosgesinfo.fr\/app\/uploads\/sites\/4\/2025\/06\/mission-locale-sddv-logo.png","keywords":["Label national des Missions Locales","mission locale","Mission Locale du Bassin de Saint-Di\u00e9-des-Vosges et des Hautes-Vosges"],"articleSection":["A la Une","\u00c9conomie","Gerardmer","Saint-Di\u00e9-des-Vosges"],"inLanguage":"fr-FR","potentialAction":[{"@type":"CommentAction","name":"Comment","target":["https:\/\/vosgesinfo.fr\/saintdieinfo\/2025\/06\/une-reconnaissance-nationale-pour-la-mission-locale-deodatienne\/#respond"]}]},{"@type":"WebPage","@id":"https:\/\/vosgesinfo.fr\/saintdieinfo\/2025\/06\/une-reconnaissance-nationale-pour-la-mission-locale-deodatienne\/","url":"https:\/\/vosgesinfo.fr\/saintdieinfo\/2025\/06\/une-reconnaissance-nationale-pour-la-mission-locale-deodatienne\/","name":"Une reconnaissance nationale pour la Mission Locale d\u00e9odatienne - Saint Die Info","isPartOf":{"@id":"https:\/\/vosgesinfo.fr\/saintdieinfo\/#website"},"primaryImageOfPage":{"@id":"https:\/\/vosgesinfo.fr\/saintdieinfo\/2025\/06\/une-reconnaissance-nationale-pour-la-mission-locale-deodatienne\/#primaryimage"},"image":{"@id":"https:\/\/vosgesinfo.fr\/saintdieinfo\/2025\/06\/une-reconnaissance-nationale-pour-la-mission-locale-deodatienne\/#primaryimage"},"thumbnailUrl":"https:\/\/vosgesinfo.fr\/app\/uploads\/sites\/4\/2025\/06\/mission-locale-sddv-logo.png","datePublished":"2025-06-05T16:15:13+00:00","dateModified":"2025-06-05T15:50:34+00:00","breadcrumb":{"@id":"https:\/\/vosgesinfo.fr\/saintdieinfo\/2025\/06\/une-reconnaissance-nationale-pour-la-mission-locale-deodatienne\/#breadcrumb"},"inLanguage":"fr-FR","potentialAction":[{"@type":"ReadAction","target":["https:\/\/vosgesinfo.fr\/saintdieinfo\/2025\/06\/une-reconnaissance-nationale-pour-la-mission-locale-deodatienne\/"]}]},{"@type":"ImageObject","inLanguage":"fr-FR","@id":"https:\/\/vosgesinfo.fr\/saintdieinfo\/2025\/06\/une-reconnaissance-nationale-pour-la-mission-locale-deodatienne\/#primaryimage","url":"https:\/\/vosgesinfo.fr\/app\/uploads\/sites\/4\/2025\/06\/mission-locale-sddv-logo.png","contentUrl":"https:\/\/vosgesinfo.fr\/app\/uploads\/sites\/4\/2025\/06\/mission-locale-sddv-logo.png","width":1060,"height":961},{"@type":"BreadcrumbList","@id":"https:\/\/vosgesinfo.fr\/saintdieinfo\/2025\/06\/une-reconnaissance-nationale-pour-la-mission-locale-deodatienne\/#breadcrumb","itemListElement":[{"@type":"ListItem","position":1,"name":"Home","item":"https:\/\/vosgesinfo.fr\/saintdieinfo\/"},{"@type":"ListItem","position":2,"name":"Une reconnaissance nationale pour la Mission Locale d\u00e9odatienne"}]},{"@type":"WebSite","@id":"https:\/\/vosgesinfo.fr\/saintdieinfo\/#website","url":"https:\/\/vosgesinfo.fr\/saintdieinfo\/","name":"Saint Die Info","description":"Toute l&#039;actualit\u00e9 de Saint-Di\u00e9-Des-Vosges","publisher":{"@id":"https:\/\/vosgesinfo.fr\/saintdieinfo\/#organization"},"alternateName":"Toute l'actualit\u00e9 de Saint-Di\u00e9-Des-Vosges","potentialAction":[{"@type":"SearchAction","target":{"@type":"EntryPoint","urlTemplate":"https:\/\/vosgesinfo.fr\/saintdieinfo\/?s={search_term_string}"},"query-input":"required name=search_term_string"}],"inLanguage":"fr-FR"},{"@type":"Organization","@id":"https:\/\/vosgesinfo.fr\/saintdieinfo\/#organization","name":"Saint Die Info","url":"https:\/\/vosgesinfo.fr\/saintdieinfo\/","logo":{"@type":"ImageObject","inLanguage":"fr-FR","@id":"https:\/\/vosgesinfo.fr\/saintdieinfo\/#\/schema\/logo\/image\/","url":"https:\/\/vosgesinfo.fr\/app\/uploads\/sites\/4\/2024\/02\/logo-sdi.jpg","contentUrl":"https:\/\/vosgesinfo.fr\/app\/uploads\/sites\/4\/2024\/02\/logo-sdi.jpg","width":600,"height":600,"caption":"Saint Die Info"},"image":{"@id":"https:\/\/vosgesinfo.fr\/saintdieinfo\/#\/schema\/logo\/image\/"},"sameAs":["https:\/\/www.facebook.com\/Saintdieinfofr","https:\/\/x.com\/VosgesInfo88","https:\/\/www.youtube.com\/@vosgesinfo"]},{"@type":"Person","@id":"https:\/\/vosgesinfo.fr\/saintdieinfo\/#\/schema\/person\/fa73e9f726d67bb88f46d5b7943cb572","name":"J.J.","image":{"@type":"ImageObject","inLanguage":"fr-FR","@id":"https:\/\/vosgesinfo.fr\/saintdieinfo\/#\/schema\/person\/image\/","url":"https:\/\/secure.gravatar.com\/avatar\/219e749e47ffbcca018a360ae4add7d4cdf1cdaaf8bc7676b27efade3fe65615?s=96&d=mm&r=g","contentUrl":"https:\/\/secure.gravatar.com\/avatar\/219e749e47ffbcca018a360ae4add7d4cdf1cdaaf8bc7676b27efade3fe65615?s=96&d=mm&r=g","caption":"J.J."},"url":"https:\/\/vosgesinfo.fr\/saintdieinfo\/author\/j-j\/"}]}},"_links":{"self":[{"href":"https:\/\/vosgesinfo.fr\/saintdieinfo\/wp-json\/wp\/v2\/posts\/78685","targetHints":{"allow":["GET"]}}],"collection":[{"href":"https:\/\/vosgesinfo.fr\/saintdieinfo\/wp-json\/wp\/v2\/posts"}],"about":[{"href":"https:\/\/vosgesinfo.fr\/saintdieinfo\/wp-json\/wp\/v2\/types\/post"}],"author":[{"embeddable":true,"href":"https:\/\/vosgesinfo.fr\/saintdieinfo\/wp-json\/wp\/v2\/users\/46"}],"replies":[{"embeddable":true,"href":"https:\/\/vosgesinfo.fr\/saintdieinfo\/wp-json\/wp\/v2\/comments?post=78685"}],"version-history":[{"count":1,"href":"https:\/\/vosgesinfo.fr\/saintdieinfo\/wp-json\/wp\/v2\/posts\/78685\/revisions"}],"predecessor-version":[{"id":78687,"href":"https:\/\/vosgesinfo.fr\/saintdieinfo\/wp-json\/wp\/v2\/posts\/78685\/revisions\/78687"}],"wp:featuredmedia":[{"embeddable":true,"href":"https:\/\/vosgesinfo.fr\/saintdieinfo\/wp-json\/wp\/v2\/media\/78686"}],"wp:attachment":[{"href":"https:\/\/vosgesinfo.fr\/saintdieinfo\/wp-json\/wp\/v2\/media?parent=78685"}],"wp:term":[{"taxonomy":"category","embeddable":true,"href":"https:\/\/vosgesinfo.fr\/saintdieinfo\/wp-json\/wp\/v2\/categories?post=78685"},{"taxonomy":"post_tag","embeddable":true,"href":"https:\/\/vosgesinfo.fr\/saintdieinfo\/wp-json\/wp\/v2\/tags?post=78685"}],"curies":[{"name":"wp","href":"https:\/\/api.w.org\/{rel}","templated":true}]}}