{"id":78688,"date":"2025-06-05T19:45:34","date_gmt":"2025-06-05T17:45:34","guid":{"rendered":"https:\/\/vosgesinfo.fr\/saintdieinfo\/?p=78688"},"modified":"2025-06-11T17:56:47","modified_gmt":"2025-06-11T15:56:47","slug":"en-selle-pour-la-colattitude","status":"publish","type":"post","link":"https:\/\/vosgesinfo.fr\/saintdieinfo\/2025\/06\/en-selle-pour-la-colattitude\/","title":{"rendered":"En selle pour la \u00ab Col&rsquo;Attitude \u00bb !"},"content":{"rendered":"<div id=\"attachment_78689\" style=\"width: 570px\" class=\"wp-caption alignnone\"><a href=\"https:\/\/vosgesinfo.fr\/app\/uploads\/sites\/4\/2025\/06\/presentation-colattitude.png\"><img decoding=\"async\" aria-describedby=\"caption-attachment-78689\" class=\"size-full wp-image-78689\" src=\"https:\/\/vosgesinfo.fr\/app\/uploads\/sites\/4\/2025\/06\/presentation-colattitude.png\" alt=\"\" width=\"560\" height=\"400\" srcset=\"https:\/\/vosgesinfo.fr\/app\/uploads\/sites\/4\/2025\/06\/presentation-colattitude.png 560w, https:\/\/vosgesinfo.fr\/app\/uploads\/sites\/4\/2025\/06\/presentation-colattitude-300x214.png 300w\" sizes=\"(max-width: 560px) 100vw, 560px\" \/><\/a><p id=\"caption-attachment-78689\" class=\"wp-caption-text\">(Office de Tourisme Station du Lac Blanc)<\/p><\/div>\n<h2>Lanc\u00e9e en <strong>2022<\/strong> par le <strong>Massif des Vosges<\/strong> et <strong>Alsace Destination Tourisme<\/strong>, la <strong>\u00ab Col&rsquo;Attitude \u00bb<\/strong> sera de retour le <strong>dimanche 15 juin<\/strong>. Pour la <strong>quatri\u00e8me ann\u00e9e cons\u00e9cutive<\/strong> sur le versant <strong>alsacien<\/strong> du massif des Vosges, mais aussi <strong>pour la premi\u00e8re fois c\u00f4t\u00e9 vosgien<\/strong>. Ce temps fort <strong>convivial et familial<\/strong>, inspir\u00e9 des c\u00e9l\u00e8bres <strong>\u00ab cols r\u00e9serv\u00e9s \u00bb alpins<\/strong>, propose <strong>deux mont\u00e9es mythiques<\/strong> pour une matin\u00e9e <strong>100 % cyclo<\/strong>, dont <strong>70 % du parcours sera ferm\u00e9 \u00e0 la circulation automobile de 8 h \u00e0 12 h<\/strong>.<\/h2>\n<p><!--more--><\/p>\n<h3><strong>Une pr\u00e9sentation \u00e0 l\u2019Office de Tourisme de Saint-Di\u00e9-des-Vosges<\/strong><\/h3>\n<p>La <strong>\u00ab Col&rsquo;Attitude \u00bb \u00e9dition 2025<\/strong> a \u00e9t\u00e9 pr\u00e9sent\u00e9e ce jeudi matin \u00e0 l\u2019<strong>Office de Tourisme de Saint-Di\u00e9-des-Vosges, \u00e0 La Boussole.<\/strong>. \u00c9taient pr\u00e9sents \u00e0 cette occasion <strong>la directrice Murielle B\u00e9rard<\/strong>, <strong>Christophe Bergamini,<\/strong><strong> directeur de l\u2019Office de Tourisme Vall\u00e9e de Kaysersberg \u2013 Lac Blanc, Caroline Privat-Mattion, vice-pr\u00e9sidente de la Communaut\u00e9 d\u2019Agglom\u00e9ration, <\/strong>ainsi que <strong>No\u00e9lie Fercoq,<\/strong> qui repr\u00e9sentait le\u00a0<strong>service mobilit\u00e9 de l&rsquo;intercommunalit\u00e9.<\/strong><\/p>\n<h3><strong>Deux itin\u00e9raires s\u00e9curis\u00e9s jusqu&rsquo;au Lac Blanc<\/strong><\/h3>\n<p>Depuis <strong>Orbey<\/strong>, une mont\u00e9e de <strong>10 km<\/strong> pour <strong>575 m de d\u00e9nivel\u00e9<\/strong> am\u00e8nera les cyclistes au <strong>col du Calvaire<\/strong>, \u00e0 travers les paysages du <strong>Pays Welche<\/strong>, jusqu\u2019au <strong>Lac Blanc \u00e0 1 144 m d&rsquo;altitude<\/strong>. Du c\u00f4t\u00e9 <strong>vosgien<\/strong>, un d\u00e9part sera organis\u00e9 \u00e0 <strong>Plainfaing<\/strong>, au niveau de la <strong>Confiserie des Hautes-Vosges<\/strong>, pour <strong>12 km de mont\u00e9e<\/strong> totalisant <strong>542 m de d\u00e9nivel\u00e9<\/strong>, via le <strong>col du Louschbach<\/strong>. Pour les plus motiv\u00e9s, il sera possible de <strong>combiner les 2 ascensions<\/strong> pour une boucle d\u2019environ <strong>52 km<\/strong>, avec <strong>35 km sur route ferm\u00e9e \u00e0 la circulation motoris\u00e9e<\/strong>.<\/p>\n<h3><strong>Des segments r\u00e9serv\u00e9s aux cyclistes<\/strong><\/h3>\n<p>Ces routes r\u00e9serv\u00e9es aux cyclistes seront celles entre <strong>Orbey et le col du Calvaire<\/strong>, ainsi qu\u2019entre <strong>Plainfaing et le col du Louschbach<\/strong>. La <strong>Route des Cr\u00eates jusqu\u2019au col de la Schlucht<\/strong> sera \u00e9galement ferm\u00e9e aux v\u00e9hicules motoris\u00e9s. Le tout en sachant que, quel que soit le parcours emprunt\u00e9, <strong>il s\u2019agira avant tout d\u2019une balade familiale, et non d\u2019une course<\/strong>.<\/p>\n<h3><strong>Informations pratiques<\/strong><\/h3>\n<p>La <strong>\u00ab Col&rsquo;Attitude \u00bb<\/strong> est un <strong>\u00e9v\u00e9nement ouvert \u00e0 tous les cyclistes<\/strong> et <strong>tous les types de v\u00e9los<\/strong>. \u00c0 noter que <strong>le port du casque sera obligatoire<\/strong> et qu\u2019<strong>aucun ravitaillement n\u2019est pr\u00e9vu<\/strong>. Il est donc <strong>recommand\u00e9 d\u2019emporter de l\u2019eau et des encas<\/strong>. De plus, <strong>des auberges accueilleront les participants<\/strong> \u00e0 proximit\u00e9 des cols. <strong>Libres<\/strong>, les <strong>d\u00e9parts s\u2019\u00e9chelonneront de 8 h \u00e0 12 h<\/strong>, avec un dernier d\u00e9part conseill\u00e9 avant 11 h 30.<\/p>\n<p><strong>Renseignements compl\u00e9mentaires sur <a href=\"https:\/\/www.col-attitude.com\">www.col-attitude.com<\/a>.<\/strong><\/p>\n<p><iframe loading=\"lazy\" title=\"Col&#039; Attitude : Les d\u00e9fis \u00e0 relever \u00e0 v\u00e9lo dans le Massif des Vosges!\" width=\"500\" height=\"281\" src=\"https:\/\/www.youtube.com\/embed\/ZeIRXZHmsAE?feature=oembed\" frameborder=\"0\" allow=\"accelerometer; autoplay; clipboard-write; encrypted-media; gyroscope; picture-in-picture; web-share\" referrerpolicy=\"strict-origin-when-cross-origin\" allowfullscreen><\/iframe><\/p>\n","protected":false},"excerpt":{"rendered":"<p>Lanc\u00e9e en 2022 par le Massif des Vosges et Alsace Destination Tourisme, la \u00ab Col&rsquo;Attitude \u00bb sera de retour le [&hellip;]<\/p>\n","protected":false},"author":46,"featured_media":78689,"comment_status":"open","ping_status":"open","sticky":false,"template":"","format":"standard","meta":{"footnotes":""},"categories":[460,3903,20,15104,18],"tags":[17360,12135,1867,17359],"class_list":["post-78688","post","type-post","status-publish","format-standard","has-post-thumbnail","hentry","category-a-la-une","category-deodatie","category-loisirs","category-tourisme","category-vosges","tag-alsace-destination-tourisme","tag-colattitude","tag-massif-des-vosges","tag-office-de-tourisme-de-saint-die-des-vosges"],"acf":[],"yoast_head":"<!-- This site is optimized with the Yoast SEO plugin v22.5 - https:\/\/yoast.com\/wordpress\/plugins\/seo\/ -->\n<title>En selle pour la \u00ab Col&#039;Attitude \u00bb ! - Saint Die Info<\/title>\n<meta name=\"robots\" content=\"index, follow, max-snippet:-1, max-image-preview:large, max-video-preview:-1\" \/>\n<link rel=\"canonical\" href=\"https:\/\/vosgesinfo.fr\/saintdieinfo\/2025\/06\/en-selle-pour-la-colattitude\/\" \/>\n<meta name=\"twitter:card\" content=\"summary_large_image\" \/>\n<meta name=\"twitter:title\" content=\"En selle pour la \u00ab Col&#039;Attitude \u00bb ! - Saint Die Info\" \/>\n<meta name=\"twitter:description\" content=\"Lanc\u00e9e en 2022 par le Massif des Vosges et Alsace Destination Tourisme, la \u00ab Col&rsquo;Attitude \u00bb sera de retour le [&hellip;]\" \/>\n<meta name=\"twitter:image\" content=\"https:\/\/vosgesinfo.fr\/app\/uploads\/sites\/4\/2025\/06\/presentation-colattitude.png\" \/>\n<meta name=\"twitter:creator\" content=\"@VosgesInfo88\" \/>\n<meta name=\"twitter:site\" content=\"@VosgesInfo88\" \/>\n<meta name=\"twitter:label1\" content=\"\u00c9crit par\" \/>\n\t<meta name=\"twitter:data1\" content=\"J.J.\" \/>\n\t<meta name=\"twitter:label2\" content=\"Dur\u00e9e de lecture estim\u00e9e\" \/>\n\t<meta name=\"twitter:data2\" content=\"3 minutes\" \/>\n<script type=\"application\/ld+json\" class=\"yoast-schema-graph\">{\"@context\":\"https:\/\/schema.org\",\"@graph\":[{\"@type\":\"Article\",\"@id\":\"https:\/\/vosgesinfo.fr\/saintdieinfo\/2025\/06\/en-selle-pour-la-colattitude\/#article\",\"isPartOf\":{\"@id\":\"https:\/\/vosgesinfo.fr\/saintdieinfo\/2025\/06\/en-selle-pour-la-colattitude\/\"},\"author\":{\"name\":\"J.J.\",\"@id\":\"https:\/\/vosgesinfo.fr\/saintdieinfo\/#\/schema\/person\/fa73e9f726d67bb88f46d5b7943cb572\"},\"headline\":\"En selle pour la \u00ab Col&rsquo;Attitude \u00bb !\",\"datePublished\":\"2025-06-05T17:45:34+00:00\",\"dateModified\":\"2025-06-11T15:56:47+00:00\",\"mainEntityOfPage\":{\"@id\":\"https:\/\/vosgesinfo.fr\/saintdieinfo\/2025\/06\/en-selle-pour-la-colattitude\/\"},\"wordCount\":454,\"commentCount\":0,\"publisher\":{\"@id\":\"https:\/\/vosgesinfo.fr\/saintdieinfo\/#organization\"},\"image\":{\"@id\":\"https:\/\/vosgesinfo.fr\/saintdieinfo\/2025\/06\/en-selle-pour-la-colattitude\/#primaryimage\"},\"thumbnailUrl\":\"https:\/\/vosgesinfo.fr\/app\/uploads\/sites\/4\/2025\/06\/presentation-colattitude.png\",\"keywords\":[\"Alsace Destination Tourisme\",\"Col'Attitude\",\"massif des vosges\",\"Office de Tourisme de Saint-Di\u00e9-des-Vosges\"],\"articleSection\":[\"A la Une\",\"D\u00e9odatie\",\"Loisirs\",\"Tourisme\",\"Vosges\"],\"inLanguage\":\"fr-FR\",\"potentialAction\":[{\"@type\":\"CommentAction\",\"name\":\"Comment\",\"target\":[\"https:\/\/vosgesinfo.fr\/saintdieinfo\/2025\/06\/en-selle-pour-la-colattitude\/#respond\"]}]},{\"@type\":\"WebPage\",\"@id\":\"https:\/\/vosgesinfo.fr\/saintdieinfo\/2025\/06\/en-selle-pour-la-colattitude\/\",\"url\":\"https:\/\/vosgesinfo.fr\/saintdieinfo\/2025\/06\/en-selle-pour-la-colattitude\/\",\"name\":\"En selle pour la \u00ab Col'Attitude \u00bb ! - Saint Die Info\",\"isPartOf\":{\"@id\":\"https:\/\/vosgesinfo.fr\/saintdieinfo\/#website\"},\"primaryImageOfPage\":{\"@id\":\"https:\/\/vosgesinfo.fr\/saintdieinfo\/2025\/06\/en-selle-pour-la-colattitude\/#primaryimage\"},\"image\":{\"@id\":\"https:\/\/vosgesinfo.fr\/saintdieinfo\/2025\/06\/en-selle-pour-la-colattitude\/#primaryimage\"},\"thumbnailUrl\":\"https:\/\/vosgesinfo.fr\/app\/uploads\/sites\/4\/2025\/06\/presentation-colattitude.png\",\"datePublished\":\"2025-06-05T17:45:34+00:00\",\"dateModified\":\"2025-06-11T15:56:47+00:00\",\"breadcrumb\":{\"@id\":\"https:\/\/vosgesinfo.fr\/saintdieinfo\/2025\/06\/en-selle-pour-la-colattitude\/#breadcrumb\"},\"inLanguage\":\"fr-FR\",\"potentialAction\":[{\"@type\":\"ReadAction\",\"target\":[\"https:\/\/vosgesinfo.fr\/saintdieinfo\/2025\/06\/en-selle-pour-la-colattitude\/\"]}]},{\"@type\":\"ImageObject\",\"inLanguage\":\"fr-FR\",\"@id\":\"https:\/\/vosgesinfo.fr\/saintdieinfo\/2025\/06\/en-selle-pour-la-colattitude\/#primaryimage\",\"url\":\"https:\/\/vosgesinfo.fr\/app\/uploads\/sites\/4\/2025\/06\/presentation-colattitude.png\",\"contentUrl\":\"https:\/\/vosgesinfo.fr\/app\/uploads\/sites\/4\/2025\/06\/presentation-colattitude.png\",\"width\":560,\"height\":400,\"caption\":\"(Office de Tourisme Station du Lac Blanc)\"},{\"@type\":\"BreadcrumbList\",\"@id\":\"https:\/\/vosgesinfo.fr\/saintdieinfo\/2025\/06\/en-selle-pour-la-colattitude\/#breadcrumb\",\"itemListElement\":[{\"@type\":\"ListItem\",\"position\":1,\"name\":\"Home\",\"item\":\"https:\/\/vosgesinfo.fr\/saintdieinfo\/\"},{\"@type\":\"ListItem\",\"position\":2,\"name\":\"En selle pour la \u00ab Col&#8217;Attitude \u00bb !\"}]},{\"@type\":\"WebSite\",\"@id\":\"https:\/\/vosgesinfo.fr\/saintdieinfo\/#website\",\"url\":\"https:\/\/vosgesinfo.fr\/saintdieinfo\/\",\"name\":\"Saint Die Info\",\"description\":\"Toute l&#039;actualit\u00e9 de Saint-Di\u00e9-Des-Vosges\",\"publisher\":{\"@id\":\"https:\/\/vosgesinfo.fr\/saintdieinfo\/#organization\"},\"alternateName\":\"Toute l'actualit\u00e9 de Saint-Di\u00e9-Des-Vosges\",\"potentialAction\":[{\"@type\":\"SearchAction\",\"target\":{\"@type\":\"EntryPoint\",\"urlTemplate\":\"https:\/\/vosgesinfo.fr\/saintdieinfo\/?s={search_term_string}\"},\"query-input\":\"required name=search_term_string\"}],\"inLanguage\":\"fr-FR\"},{\"@type\":\"Organization\",\"@id\":\"https:\/\/vosgesinfo.fr\/saintdieinfo\/#organization\",\"name\":\"Saint Die Info\",\"url\":\"https:\/\/vosgesinfo.fr\/saintdieinfo\/\",\"logo\":{\"@type\":\"ImageObject\",\"inLanguage\":\"fr-FR\",\"@id\":\"https:\/\/vosgesinfo.fr\/saintdieinfo\/#\/schema\/logo\/image\/\",\"url\":\"https:\/\/vosgesinfo.fr\/app\/uploads\/sites\/4\/2024\/02\/logo-sdi.jpg\",\"contentUrl\":\"https:\/\/vosgesinfo.fr\/app\/uploads\/sites\/4\/2024\/02\/logo-sdi.jpg\",\"width\":600,\"height\":600,\"caption\":\"Saint Die Info\"},\"image\":{\"@id\":\"https:\/\/vosgesinfo.fr\/saintdieinfo\/#\/schema\/logo\/image\/\"},\"sameAs\":[\"https:\/\/www.facebook.com\/Saintdieinfofr\",\"https:\/\/x.com\/VosgesInfo88\",\"https:\/\/www.youtube.com\/@vosgesinfo\"]},{\"@type\":\"Person\",\"@id\":\"https:\/\/vosgesinfo.fr\/saintdieinfo\/#\/schema\/person\/fa73e9f726d67bb88f46d5b7943cb572\",\"name\":\"J.J.\",\"image\":{\"@type\":\"ImageObject\",\"inLanguage\":\"fr-FR\",\"@id\":\"https:\/\/vosgesinfo.fr\/saintdieinfo\/#\/schema\/person\/image\/\",\"url\":\"https:\/\/secure.gravatar.com\/avatar\/219e749e47ffbcca018a360ae4add7d4cdf1cdaaf8bc7676b27efade3fe65615?s=96&d=mm&r=g\",\"contentUrl\":\"https:\/\/secure.gravatar.com\/avatar\/219e749e47ffbcca018a360ae4add7d4cdf1cdaaf8bc7676b27efade3fe65615?s=96&d=mm&r=g\",\"caption\":\"J.J.\"},\"url\":\"https:\/\/vosgesinfo.fr\/saintdieinfo\/author\/j-j\/\"}]}<\/script>\n<!-- \/ Yoast SEO plugin. -->","yoast_head_json":{"title":"En selle pour la \u00ab Col'Attitude \u00bb ! - Saint Die Info","robots":{"index":"index","follow":"follow","max-snippet":"max-snippet:-1","max-image-preview":"max-image-preview:large","max-video-preview":"max-video-preview:-1"},"canonical":"https:\/\/vosgesinfo.fr\/saintdieinfo\/2025\/06\/en-selle-pour-la-colattitude\/","twitter_card":"summary_large_image","twitter_title":"En selle pour la \u00ab Col'Attitude \u00bb ! - Saint Die Info","twitter_description":"Lanc\u00e9e en 2022 par le Massif des Vosges et Alsace Destination Tourisme, la \u00ab Col&rsquo;Attitude \u00bb sera de retour le [&hellip;]","twitter_image":"https:\/\/vosgesinfo.fr\/app\/uploads\/sites\/4\/2025\/06\/presentation-colattitude.png","twitter_creator":"@VosgesInfo88","twitter_site":"@VosgesInfo88","twitter_misc":{"\u00c9crit par":"J.J.","Dur\u00e9e de lecture estim\u00e9e":"3 minutes"},"schema":{"@context":"https:\/\/schema.org","@graph":[{"@type":"Article","@id":"https:\/\/vosgesinfo.fr\/saintdieinfo\/2025\/06\/en-selle-pour-la-colattitude\/#article","isPartOf":{"@id":"https:\/\/vosgesinfo.fr\/saintdieinfo\/2025\/06\/en-selle-pour-la-colattitude\/"},"author":{"name":"J.J.","@id":"https:\/\/vosgesinfo.fr\/saintdieinfo\/#\/schema\/person\/fa73e9f726d67bb88f46d5b7943cb572"},"headline":"En selle pour la \u00ab Col&rsquo;Attitude \u00bb !","datePublished":"2025-06-05T17:45:34+00:00","dateModified":"2025-06-11T15:56:47+00:00","mainEntityOfPage":{"@id":"https:\/\/vosgesinfo.fr\/saintdieinfo\/2025\/06\/en-selle-pour-la-colattitude\/"},"wordCount":454,"commentCount":0,"publisher":{"@id":"https:\/\/vosgesinfo.fr\/saintdieinfo\/#organization"},"image":{"@id":"https:\/\/vosgesinfo.fr\/saintdieinfo\/2025\/06\/en-selle-pour-la-colattitude\/#primaryimage"},"thumbnailUrl":"https:\/\/vosgesinfo.fr\/app\/uploads\/sites\/4\/2025\/06\/presentation-colattitude.png","keywords":["Alsace Destination Tourisme","Col'Attitude","massif des vosges","Office de Tourisme de Saint-Di\u00e9-des-Vosges"],"articleSection":["A la Une","D\u00e9odatie","Loisirs","Tourisme","Vosges"],"inLanguage":"fr-FR","potentialAction":[{"@type":"CommentAction","name":"Comment","target":["https:\/\/vosgesinfo.fr\/saintdieinfo\/2025\/06\/en-selle-pour-la-colattitude\/#respond"]}]},{"@type":"WebPage","@id":"https:\/\/vosgesinfo.fr\/saintdieinfo\/2025\/06\/en-selle-pour-la-colattitude\/","url":"https:\/\/vosgesinfo.fr\/saintdieinfo\/2025\/06\/en-selle-pour-la-colattitude\/","name":"En selle pour la \u00ab Col'Attitude \u00bb ! - Saint Die Info","isPartOf":{"@id":"https:\/\/vosgesinfo.fr\/saintdieinfo\/#website"},"primaryImageOfPage":{"@id":"https:\/\/vosgesinfo.fr\/saintdieinfo\/2025\/06\/en-selle-pour-la-colattitude\/#primaryimage"},"image":{"@id":"https:\/\/vosgesinfo.fr\/saintdieinfo\/2025\/06\/en-selle-pour-la-colattitude\/#primaryimage"},"thumbnailUrl":"https:\/\/vosgesinfo.fr\/app\/uploads\/sites\/4\/2025\/06\/presentation-colattitude.png","datePublished":"2025-06-05T17:45:34+00:00","dateModified":"2025-06-11T15:56:47+00:00","breadcrumb":{"@id":"https:\/\/vosgesinfo.fr\/saintdieinfo\/2025\/06\/en-selle-pour-la-colattitude\/#breadcrumb"},"inLanguage":"fr-FR","potentialAction":[{"@type":"ReadAction","target":["https:\/\/vosgesinfo.fr\/saintdieinfo\/2025\/06\/en-selle-pour-la-colattitude\/"]}]},{"@type":"ImageObject","inLanguage":"fr-FR","@id":"https:\/\/vosgesinfo.fr\/saintdieinfo\/2025\/06\/en-selle-pour-la-colattitude\/#primaryimage","url":"https:\/\/vosgesinfo.fr\/app\/uploads\/sites\/4\/2025\/06\/presentation-colattitude.png","contentUrl":"https:\/\/vosgesinfo.fr\/app\/uploads\/sites\/4\/2025\/06\/presentation-colattitude.png","width":560,"height":400,"caption":"(Office de Tourisme Station du Lac Blanc)"},{"@type":"BreadcrumbList","@id":"https:\/\/vosgesinfo.fr\/saintdieinfo\/2025\/06\/en-selle-pour-la-colattitude\/#breadcrumb","itemListElement":[{"@type":"ListItem","position":1,"name":"Home","item":"https:\/\/vosgesinfo.fr\/saintdieinfo\/"},{"@type":"ListItem","position":2,"name":"En selle pour la \u00ab Col&#8217;Attitude \u00bb !"}]},{"@type":"WebSite","@id":"https:\/\/vosgesinfo.fr\/saintdieinfo\/#website","url":"https:\/\/vosgesinfo.fr\/saintdieinfo\/","name":"Saint Die Info","description":"Toute l&#039;actualit\u00e9 de Saint-Di\u00e9-Des-Vosges","publisher":{"@id":"https:\/\/vosgesinfo.fr\/saintdieinfo\/#organization"},"alternateName":"Toute l'actualit\u00e9 de Saint-Di\u00e9-Des-Vosges","potentialAction":[{"@type":"SearchAction","target":{"@type":"EntryPoint","urlTemplate":"https:\/\/vosgesinfo.fr\/saintdieinfo\/?s={search_term_string}"},"query-input":"required name=search_term_string"}],"inLanguage":"fr-FR"},{"@type":"Organization","@id":"https:\/\/vosgesinfo.fr\/saintdieinfo\/#organization","name":"Saint Die Info","url":"https:\/\/vosgesinfo.fr\/saintdieinfo\/","logo":{"@type":"ImageObject","inLanguage":"fr-FR","@id":"https:\/\/vosgesinfo.fr\/saintdieinfo\/#\/schema\/logo\/image\/","url":"https:\/\/vosgesinfo.fr\/app\/uploads\/sites\/4\/2024\/02\/logo-sdi.jpg","contentUrl":"https:\/\/vosgesinfo.fr\/app\/uploads\/sites\/4\/2024\/02\/logo-sdi.jpg","width":600,"height":600,"caption":"Saint Die Info"},"image":{"@id":"https:\/\/vosgesinfo.fr\/saintdieinfo\/#\/schema\/logo\/image\/"},"sameAs":["https:\/\/www.facebook.com\/Saintdieinfofr","https:\/\/x.com\/VosgesInfo88","https:\/\/www.youtube.com\/@vosgesinfo"]},{"@type":"Person","@id":"https:\/\/vosgesinfo.fr\/saintdieinfo\/#\/schema\/person\/fa73e9f726d67bb88f46d5b7943cb572","name":"J.J.","image":{"@type":"ImageObject","inLanguage":"fr-FR","@id":"https:\/\/vosgesinfo.fr\/saintdieinfo\/#\/schema\/person\/image\/","url":"https:\/\/secure.gravatar.com\/avatar\/219e749e47ffbcca018a360ae4add7d4cdf1cdaaf8bc7676b27efade3fe65615?s=96&d=mm&r=g","contentUrl":"https:\/\/secure.gravatar.com\/avatar\/219e749e47ffbcca018a360ae4add7d4cdf1cdaaf8bc7676b27efade3fe65615?s=96&d=mm&r=g","caption":"J.J."},"url":"https:\/\/vosgesinfo.fr\/saintdieinfo\/author\/j-j\/"}]}},"_links":{"self":[{"href":"https:\/\/vosgesinfo.fr\/saintdieinfo\/wp-json\/wp\/v2\/posts\/78688","targetHints":{"allow":["GET"]}}],"collection":[{"href":"https:\/\/vosgesinfo.fr\/saintdieinfo\/wp-json\/wp\/v2\/posts"}],"about":[{"href":"https:\/\/vosgesinfo.fr\/saintdieinfo\/wp-json\/wp\/v2\/types\/post"}],"author":[{"embeddable":true,"href":"https:\/\/vosgesinfo.fr\/saintdieinfo\/wp-json\/wp\/v2\/users\/46"}],"replies":[{"embeddable":true,"href":"https:\/\/vosgesinfo.fr\/saintdieinfo\/wp-json\/wp\/v2\/comments?post=78688"}],"version-history":[{"count":2,"href":"https:\/\/vosgesinfo.fr\/saintdieinfo\/wp-json\/wp\/v2\/posts\/78688\/revisions"}],"predecessor-version":[{"id":78873,"href":"https:\/\/vosgesinfo.fr\/saintdieinfo\/wp-json\/wp\/v2\/posts\/78688\/revisions\/78873"}],"wp:featuredmedia":[{"embeddable":true,"href":"https:\/\/vosgesinfo.fr\/saintdieinfo\/wp-json\/wp\/v2\/media\/78689"}],"wp:attachment":[{"href":"https:\/\/vosgesinfo.fr\/saintdieinfo\/wp-json\/wp\/v2\/media?parent=78688"}],"wp:term":[{"taxonomy":"category","embeddable":true,"href":"https:\/\/vosgesinfo.fr\/saintdieinfo\/wp-json\/wp\/v2\/categories?post=78688"},{"taxonomy":"post_tag","embeddable":true,"href":"https:\/\/vosgesinfo.fr\/saintdieinfo\/wp-json\/wp\/v2\/tags?post=78688"}],"curies":[{"name":"wp","href":"https:\/\/api.w.org\/{rel}","templated":true}]}}