{"id":78692,"date":"2025-06-05T20:15:29","date_gmt":"2025-06-05T18:15:29","guid":{"rendered":"https:\/\/vosgesinfo.fr\/saintdieinfo\/?p=78692"},"modified":"2025-06-05T19:55:01","modified_gmt":"2025-06-05T17:55:01","slug":"le-programme-complet-des-feux-de-la-saint-jean-a-saint-die-des-vosges","status":"publish","type":"post","link":"https:\/\/vosgesinfo.fr\/saintdieinfo\/2025\/06\/le-programme-complet-des-feux-de-la-saint-jean-a-saint-die-des-vosges\/","title":{"rendered":"Le programme complet des Feux de la Saint-Jean \u00e0 Saint-Di\u00e9-des-Vosges"},"content":{"rendered":"<h2>Apr\u00e8s <strong>plus de trois d\u00e9cennies d&rsquo;absence<\/strong>, les <strong>Feux de la Saint-Jean<\/strong> feront leur <strong>grand retour \u00e0 Saint-Di\u00e9-des-Vosges<\/strong> le <strong>samedi 28 juin<\/strong>, de <strong>18 h \u00e0 1 h<\/strong>.<\/h2>\n<p><!--more--><\/p>\n<h3><strong>Un retour orchestr\u00e9 par trois associations<\/strong><\/h3>\n<p>Un retour orchestr\u00e9 par le <strong>Club de Marzelay<\/strong>, l&rsquo;<strong>Association des Parents d&rsquo;\u00c9l\u00e8ves de Marzelay<\/strong> et <strong>D\u00e9o&rsquo;Recycle<\/strong>, avec le <strong>soutien de la Ville<\/strong> et la participation de l\u2019<strong>Amicale des Sapeurs-Pompiers<\/strong>. Alors que la <strong>chavande illuminera le parc Jean-Mansuy<\/strong> dans un peu plus de trois semaines, le <strong>programme d\u00e9finitif de la soir\u00e9e est d\u00e9sormais boucl\u00e9<\/strong>.<\/p>\n<h3><strong>Danse, concert, set DJ et embrasement de la chavande<\/strong><\/h3>\n<p>D\u00e8s <strong>18 h<\/strong>, le public pourra profiter de <strong>d\u00e9monstrations et initiations \u00e0 la danse<\/strong> avec <strong>Mel\u2019Fitness &amp; Danse<\/strong>, avant de laisser place \u00e0 <strong>19 h 15<\/strong> au <strong>concert du groupe NaWack<\/strong>, qui distillera son <strong>rock \u00e9nergique<\/strong>.<\/p>\n<p>\u00c0 partir de <strong>22 h<\/strong>, l\u2019ambiance montera encore d\u2019un cran avec <strong>l\u2019embrasement de la chavande<\/strong>, haute de huit m\u00e8tres et construite en grande majorit\u00e9 de bois local. Le temps fort de la soir\u00e9e sera suivi d\u2019un <strong>set explosif de DJ Mast<\/strong>, une r\u00e9f\u00e9rence dans le domaine.<\/p>\n<h3><strong>Buvettes et stands de restauration<\/strong><\/h3>\n<p>Des <strong>buvettes<\/strong> et des <strong>stands de petite restauration<\/strong> seront propos\u00e9s sur place par les b\u00e9n\u00e9voles des trois associations organisatrices. Le <strong>paiement se fera par jetons<\/strong> via une <strong>caisse centrale ouverte d\u00e8s 16 h<\/strong> (<strong>1 \u20ac = 1 jeton<\/strong>), sauf pour les stands partenaires. <strong>Tous les jetons non utilis\u00e9s seront remboursables en fin de soir\u00e9e<\/strong>.<\/p>\n<p><strong>Renseignements compl\u00e9mentaires<\/strong> par t\u00e9l\u00e9phone au <strong>06-22-98-06-77<\/strong>, ou par courriel \u00e0 <strong><a href=\"mailto:clubdemarzelay@gmail.com\" target=\"_blank\" rel=\"noopener\">clubdemarzelay@gmail.com<\/a><\/strong>.<\/p>\n<p><a href=\"https:\/\/vosgesinfo.fr\/app\/uploads\/sites\/4\/2025\/06\/programme-feux-saint-jean-club-marzelay.jpg\"><img decoding=\"async\" class=\"alignnone size-large wp-image-78690\" src=\"https:\/\/vosgesinfo.fr\/app\/uploads\/sites\/4\/2025\/06\/programme-feux-saint-jean-club-marzelay-725x1024.jpg\" alt=\"\" width=\"725\" height=\"1024\" srcset=\"https:\/\/vosgesinfo.fr\/app\/uploads\/sites\/4\/2025\/06\/programme-feux-saint-jean-club-marzelay-725x1024.jpg 725w, https:\/\/vosgesinfo.fr\/app\/uploads\/sites\/4\/2025\/06\/programme-feux-saint-jean-club-marzelay-212x300.jpg 212w, https:\/\/vosgesinfo.fr\/app\/uploads\/sites\/4\/2025\/06\/programme-feux-saint-jean-club-marzelay-768x1085.jpg 768w, https:\/\/vosgesinfo.fr\/app\/uploads\/sites\/4\/2025\/06\/programme-feux-saint-jean-club-marzelay.jpg 944w\" sizes=\"(max-width: 725px) 100vw, 725px\" \/><\/a><\/p>\n","protected":false},"excerpt":{"rendered":"<p>Apr\u00e8s plus de trois d\u00e9cennies d&rsquo;absence, les Feux de la Saint-Jean feront leur grand retour \u00e0 Saint-Di\u00e9-des-Vosges le samedi 28 [&hellip;]<\/p>\n","protected":false},"author":46,"featured_media":78690,"comment_status":"open","ping_status":"open","sticky":false,"template":"","format":"standard","meta":{"footnotes":""},"categories":[460,8003,20,167,17],"tags":[3360,14885,6355,17361,3095],"class_list":["post-78692","post","type-post","status-publish","format-standard","has-post-thumbnail","hentry","category-a-la-une","category-concert-culture","category-loisirs","category-saint-die-des-vosges","category-vie-associative","tag-club-de-marzelay","tag-dj-mast","tag-feux-de-la-saint-jean","tag-feux-de-la-saint-jean-a-saint-die-des-vosges","tag-parc-jean-mansuy"],"acf":[],"yoast_head":"<!-- This site is optimized with the Yoast SEO plugin v22.5 - https:\/\/yoast.com\/wordpress\/plugins\/seo\/ -->\n<title>Le programme complet des Feux de la Saint-Jean \u00e0 Saint-Di\u00e9-des-Vosges - Saint Die Info<\/title>\n<meta name=\"robots\" content=\"index, follow, max-snippet:-1, max-image-preview:large, max-video-preview:-1\" \/>\n<link rel=\"canonical\" href=\"https:\/\/vosgesinfo.fr\/saintdieinfo\/2025\/06\/le-programme-complet-des-feux-de-la-saint-jean-a-saint-die-des-vosges\/\" \/>\n<meta name=\"twitter:card\" content=\"summary_large_image\" \/>\n<meta name=\"twitter:title\" content=\"Le programme complet des Feux de la Saint-Jean \u00e0 Saint-Di\u00e9-des-Vosges - Saint Die Info\" \/>\n<meta name=\"twitter:description\" content=\"Apr\u00e8s plus de trois d\u00e9cennies d&rsquo;absence, les Feux de la Saint-Jean feront leur grand retour \u00e0 Saint-Di\u00e9-des-Vosges le samedi 28 [&hellip;]\" \/>\n<meta name=\"twitter:image\" content=\"https:\/\/vosgesinfo.fr\/app\/uploads\/sites\/4\/2025\/06\/programme-feux-saint-jean-club-marzelay.jpg\" \/>\n<meta name=\"twitter:creator\" content=\"@VosgesInfo88\" \/>\n<meta name=\"twitter:site\" content=\"@VosgesInfo88\" \/>\n<meta name=\"twitter:label1\" content=\"\u00c9crit par\" \/>\n\t<meta name=\"twitter:data1\" content=\"J.J.\" \/>\n\t<meta name=\"twitter:label2\" content=\"Dur\u00e9e de lecture estim\u00e9e\" \/>\n\t<meta name=\"twitter:data2\" content=\"2 minutes\" \/>\n<script type=\"application\/ld+json\" class=\"yoast-schema-graph\">{\"@context\":\"https:\/\/schema.org\",\"@graph\":[{\"@type\":\"Article\",\"@id\":\"https:\/\/vosgesinfo.fr\/saintdieinfo\/2025\/06\/le-programme-complet-des-feux-de-la-saint-jean-a-saint-die-des-vosges\/#article\",\"isPartOf\":{\"@id\":\"https:\/\/vosgesinfo.fr\/saintdieinfo\/2025\/06\/le-programme-complet-des-feux-de-la-saint-jean-a-saint-die-des-vosges\/\"},\"author\":{\"name\":\"J.J.\",\"@id\":\"https:\/\/vosgesinfo.fr\/saintdieinfo\/#\/schema\/person\/fa73e9f726d67bb88f46d5b7943cb572\"},\"headline\":\"Le programme complet des Feux de la Saint-Jean \u00e0 Saint-Di\u00e9-des-Vosges\",\"datePublished\":\"2025-06-05T18:15:29+00:00\",\"dateModified\":\"2025-06-05T17:55:01+00:00\",\"mainEntityOfPage\":{\"@id\":\"https:\/\/vosgesinfo.fr\/saintdieinfo\/2025\/06\/le-programme-complet-des-feux-de-la-saint-jean-a-saint-die-des-vosges\/\"},\"wordCount\":277,\"commentCount\":1,\"publisher\":{\"@id\":\"https:\/\/vosgesinfo.fr\/saintdieinfo\/#organization\"},\"image\":{\"@id\":\"https:\/\/vosgesinfo.fr\/saintdieinfo\/2025\/06\/le-programme-complet-des-feux-de-la-saint-jean-a-saint-die-des-vosges\/#primaryimage\"},\"thumbnailUrl\":\"https:\/\/vosgesinfo.fr\/app\/uploads\/sites\/4\/2025\/06\/programme-feux-saint-jean-club-marzelay.jpg\",\"keywords\":[\"Club de Marzelay\",\"DJ MAST\",\"Feux de la Saint-Jean\",\"Feux de la Saint-Jean \u00e0 Saint-Di\u00e9-des-Vosges\",\"Parc Jean-Mansuy\"],\"articleSection\":[\"A la Une\",\"Concert\",\"Loisirs\",\"Saint-Di\u00e9-des-Vosges\",\"Vie Associative\"],\"inLanguage\":\"fr-FR\",\"potentialAction\":[{\"@type\":\"CommentAction\",\"name\":\"Comment\",\"target\":[\"https:\/\/vosgesinfo.fr\/saintdieinfo\/2025\/06\/le-programme-complet-des-feux-de-la-saint-jean-a-saint-die-des-vosges\/#respond\"]}]},{\"@type\":\"WebPage\",\"@id\":\"https:\/\/vosgesinfo.fr\/saintdieinfo\/2025\/06\/le-programme-complet-des-feux-de-la-saint-jean-a-saint-die-des-vosges\/\",\"url\":\"https:\/\/vosgesinfo.fr\/saintdieinfo\/2025\/06\/le-programme-complet-des-feux-de-la-saint-jean-a-saint-die-des-vosges\/\",\"name\":\"Le programme complet des Feux de la Saint-Jean \u00e0 Saint-Di\u00e9-des-Vosges - Saint Die Info\",\"isPartOf\":{\"@id\":\"https:\/\/vosgesinfo.fr\/saintdieinfo\/#website\"},\"primaryImageOfPage\":{\"@id\":\"https:\/\/vosgesinfo.fr\/saintdieinfo\/2025\/06\/le-programme-complet-des-feux-de-la-saint-jean-a-saint-die-des-vosges\/#primaryimage\"},\"image\":{\"@id\":\"https:\/\/vosgesinfo.fr\/saintdieinfo\/2025\/06\/le-programme-complet-des-feux-de-la-saint-jean-a-saint-die-des-vosges\/#primaryimage\"},\"thumbnailUrl\":\"https:\/\/vosgesinfo.fr\/app\/uploads\/sites\/4\/2025\/06\/programme-feux-saint-jean-club-marzelay.jpg\",\"datePublished\":\"2025-06-05T18:15:29+00:00\",\"dateModified\":\"2025-06-05T17:55:01+00:00\",\"breadcrumb\":{\"@id\":\"https:\/\/vosgesinfo.fr\/saintdieinfo\/2025\/06\/le-programme-complet-des-feux-de-la-saint-jean-a-saint-die-des-vosges\/#breadcrumb\"},\"inLanguage\":\"fr-FR\",\"potentialAction\":[{\"@type\":\"ReadAction\",\"target\":[\"https:\/\/vosgesinfo.fr\/saintdieinfo\/2025\/06\/le-programme-complet-des-feux-de-la-saint-jean-a-saint-die-des-vosges\/\"]}]},{\"@type\":\"ImageObject\",\"inLanguage\":\"fr-FR\",\"@id\":\"https:\/\/vosgesinfo.fr\/saintdieinfo\/2025\/06\/le-programme-complet-des-feux-de-la-saint-jean-a-saint-die-des-vosges\/#primaryimage\",\"url\":\"https:\/\/vosgesinfo.fr\/app\/uploads\/sites\/4\/2025\/06\/programme-feux-saint-jean-club-marzelay.jpg\",\"contentUrl\":\"https:\/\/vosgesinfo.fr\/app\/uploads\/sites\/4\/2025\/06\/programme-feux-saint-jean-club-marzelay.jpg\",\"width\":944,\"height\":1334},{\"@type\":\"BreadcrumbList\",\"@id\":\"https:\/\/vosgesinfo.fr\/saintdieinfo\/2025\/06\/le-programme-complet-des-feux-de-la-saint-jean-a-saint-die-des-vosges\/#breadcrumb\",\"itemListElement\":[{\"@type\":\"ListItem\",\"position\":1,\"name\":\"Home\",\"item\":\"https:\/\/vosgesinfo.fr\/saintdieinfo\/\"},{\"@type\":\"ListItem\",\"position\":2,\"name\":\"Le programme complet des Feux de la Saint-Jean \u00e0 Saint-Di\u00e9-des-Vosges\"}]},{\"@type\":\"WebSite\",\"@id\":\"https:\/\/vosgesinfo.fr\/saintdieinfo\/#website\",\"url\":\"https:\/\/vosgesinfo.fr\/saintdieinfo\/\",\"name\":\"Saint Die Info\",\"description\":\"Toute l&#039;actualit\u00e9 de Saint-Di\u00e9-Des-Vosges\",\"publisher\":{\"@id\":\"https:\/\/vosgesinfo.fr\/saintdieinfo\/#organization\"},\"alternateName\":\"Toute l'actualit\u00e9 de Saint-Di\u00e9-Des-Vosges\",\"potentialAction\":[{\"@type\":\"SearchAction\",\"target\":{\"@type\":\"EntryPoint\",\"urlTemplate\":\"https:\/\/vosgesinfo.fr\/saintdieinfo\/?s={search_term_string}\"},\"query-input\":\"required name=search_term_string\"}],\"inLanguage\":\"fr-FR\"},{\"@type\":\"Organization\",\"@id\":\"https:\/\/vosgesinfo.fr\/saintdieinfo\/#organization\",\"name\":\"Saint Die Info\",\"url\":\"https:\/\/vosgesinfo.fr\/saintdieinfo\/\",\"logo\":{\"@type\":\"ImageObject\",\"inLanguage\":\"fr-FR\",\"@id\":\"https:\/\/vosgesinfo.fr\/saintdieinfo\/#\/schema\/logo\/image\/\",\"url\":\"https:\/\/vosgesinfo.fr\/app\/uploads\/sites\/4\/2024\/02\/logo-sdi.jpg\",\"contentUrl\":\"https:\/\/vosgesinfo.fr\/app\/uploads\/sites\/4\/2024\/02\/logo-sdi.jpg\",\"width\":600,\"height\":600,\"caption\":\"Saint Die Info\"},\"image\":{\"@id\":\"https:\/\/vosgesinfo.fr\/saintdieinfo\/#\/schema\/logo\/image\/\"},\"sameAs\":[\"https:\/\/www.facebook.com\/Saintdieinfofr\",\"https:\/\/x.com\/VosgesInfo88\",\"https:\/\/www.youtube.com\/@vosgesinfo\"]},{\"@type\":\"Person\",\"@id\":\"https:\/\/vosgesinfo.fr\/saintdieinfo\/#\/schema\/person\/fa73e9f726d67bb88f46d5b7943cb572\",\"name\":\"J.J.\",\"image\":{\"@type\":\"ImageObject\",\"inLanguage\":\"fr-FR\",\"@id\":\"https:\/\/vosgesinfo.fr\/saintdieinfo\/#\/schema\/person\/image\/\",\"url\":\"https:\/\/secure.gravatar.com\/avatar\/219e749e47ffbcca018a360ae4add7d4cdf1cdaaf8bc7676b27efade3fe65615?s=96&d=mm&r=g\",\"contentUrl\":\"https:\/\/secure.gravatar.com\/avatar\/219e749e47ffbcca018a360ae4add7d4cdf1cdaaf8bc7676b27efade3fe65615?s=96&d=mm&r=g\",\"caption\":\"J.J.\"},\"url\":\"https:\/\/vosgesinfo.fr\/saintdieinfo\/author\/j-j\/\"}]}<\/script>\n<!-- \/ Yoast SEO plugin. -->","yoast_head_json":{"title":"Le programme complet des Feux de la Saint-Jean \u00e0 Saint-Di\u00e9-des-Vosges - Saint Die Info","robots":{"index":"index","follow":"follow","max-snippet":"max-snippet:-1","max-image-preview":"max-image-preview:large","max-video-preview":"max-video-preview:-1"},"canonical":"https:\/\/vosgesinfo.fr\/saintdieinfo\/2025\/06\/le-programme-complet-des-feux-de-la-saint-jean-a-saint-die-des-vosges\/","twitter_card":"summary_large_image","twitter_title":"Le programme complet des Feux de la Saint-Jean \u00e0 Saint-Di\u00e9-des-Vosges - Saint Die Info","twitter_description":"Apr\u00e8s plus de trois d\u00e9cennies d&rsquo;absence, les Feux de la Saint-Jean feront leur grand retour \u00e0 Saint-Di\u00e9-des-Vosges le samedi 28 [&hellip;]","twitter_image":"https:\/\/vosgesinfo.fr\/app\/uploads\/sites\/4\/2025\/06\/programme-feux-saint-jean-club-marzelay.jpg","twitter_creator":"@VosgesInfo88","twitter_site":"@VosgesInfo88","twitter_misc":{"\u00c9crit par":"J.J.","Dur\u00e9e de lecture estim\u00e9e":"2 minutes"},"schema":{"@context":"https:\/\/schema.org","@graph":[{"@type":"Article","@id":"https:\/\/vosgesinfo.fr\/saintdieinfo\/2025\/06\/le-programme-complet-des-feux-de-la-saint-jean-a-saint-die-des-vosges\/#article","isPartOf":{"@id":"https:\/\/vosgesinfo.fr\/saintdieinfo\/2025\/06\/le-programme-complet-des-feux-de-la-saint-jean-a-saint-die-des-vosges\/"},"author":{"name":"J.J.","@id":"https:\/\/vosgesinfo.fr\/saintdieinfo\/#\/schema\/person\/fa73e9f726d67bb88f46d5b7943cb572"},"headline":"Le programme complet des Feux de la Saint-Jean \u00e0 Saint-Di\u00e9-des-Vosges","datePublished":"2025-06-05T18:15:29+00:00","dateModified":"2025-06-05T17:55:01+00:00","mainEntityOfPage":{"@id":"https:\/\/vosgesinfo.fr\/saintdieinfo\/2025\/06\/le-programme-complet-des-feux-de-la-saint-jean-a-saint-die-des-vosges\/"},"wordCount":277,"commentCount":1,"publisher":{"@id":"https:\/\/vosgesinfo.fr\/saintdieinfo\/#organization"},"image":{"@id":"https:\/\/vosgesinfo.fr\/saintdieinfo\/2025\/06\/le-programme-complet-des-feux-de-la-saint-jean-a-saint-die-des-vosges\/#primaryimage"},"thumbnailUrl":"https:\/\/vosgesinfo.fr\/app\/uploads\/sites\/4\/2025\/06\/programme-feux-saint-jean-club-marzelay.jpg","keywords":["Club de Marzelay","DJ MAST","Feux de la Saint-Jean","Feux de la Saint-Jean \u00e0 Saint-Di\u00e9-des-Vosges","Parc Jean-Mansuy"],"articleSection":["A la Une","Concert","Loisirs","Saint-Di\u00e9-des-Vosges","Vie Associative"],"inLanguage":"fr-FR","potentialAction":[{"@type":"CommentAction","name":"Comment","target":["https:\/\/vosgesinfo.fr\/saintdieinfo\/2025\/06\/le-programme-complet-des-feux-de-la-saint-jean-a-saint-die-des-vosges\/#respond"]}]},{"@type":"WebPage","@id":"https:\/\/vosgesinfo.fr\/saintdieinfo\/2025\/06\/le-programme-complet-des-feux-de-la-saint-jean-a-saint-die-des-vosges\/","url":"https:\/\/vosgesinfo.fr\/saintdieinfo\/2025\/06\/le-programme-complet-des-feux-de-la-saint-jean-a-saint-die-des-vosges\/","name":"Le programme complet des Feux de la Saint-Jean \u00e0 Saint-Di\u00e9-des-Vosges - Saint Die Info","isPartOf":{"@id":"https:\/\/vosgesinfo.fr\/saintdieinfo\/#website"},"primaryImageOfPage":{"@id":"https:\/\/vosgesinfo.fr\/saintdieinfo\/2025\/06\/le-programme-complet-des-feux-de-la-saint-jean-a-saint-die-des-vosges\/#primaryimage"},"image":{"@id":"https:\/\/vosgesinfo.fr\/saintdieinfo\/2025\/06\/le-programme-complet-des-feux-de-la-saint-jean-a-saint-die-des-vosges\/#primaryimage"},"thumbnailUrl":"https:\/\/vosgesinfo.fr\/app\/uploads\/sites\/4\/2025\/06\/programme-feux-saint-jean-club-marzelay.jpg","datePublished":"2025-06-05T18:15:29+00:00","dateModified":"2025-06-05T17:55:01+00:00","breadcrumb":{"@id":"https:\/\/vosgesinfo.fr\/saintdieinfo\/2025\/06\/le-programme-complet-des-feux-de-la-saint-jean-a-saint-die-des-vosges\/#breadcrumb"},"inLanguage":"fr-FR","potentialAction":[{"@type":"ReadAction","target":["https:\/\/vosgesinfo.fr\/saintdieinfo\/2025\/06\/le-programme-complet-des-feux-de-la-saint-jean-a-saint-die-des-vosges\/"]}]},{"@type":"ImageObject","inLanguage":"fr-FR","@id":"https:\/\/vosgesinfo.fr\/saintdieinfo\/2025\/06\/le-programme-complet-des-feux-de-la-saint-jean-a-saint-die-des-vosges\/#primaryimage","url":"https:\/\/vosgesinfo.fr\/app\/uploads\/sites\/4\/2025\/06\/programme-feux-saint-jean-club-marzelay.jpg","contentUrl":"https:\/\/vosgesinfo.fr\/app\/uploads\/sites\/4\/2025\/06\/programme-feux-saint-jean-club-marzelay.jpg","width":944,"height":1334},{"@type":"BreadcrumbList","@id":"https:\/\/vosgesinfo.fr\/saintdieinfo\/2025\/06\/le-programme-complet-des-feux-de-la-saint-jean-a-saint-die-des-vosges\/#breadcrumb","itemListElement":[{"@type":"ListItem","position":1,"name":"Home","item":"https:\/\/vosgesinfo.fr\/saintdieinfo\/"},{"@type":"ListItem","position":2,"name":"Le programme complet des Feux de la Saint-Jean \u00e0 Saint-Di\u00e9-des-Vosges"}]},{"@type":"WebSite","@id":"https:\/\/vosgesinfo.fr\/saintdieinfo\/#website","url":"https:\/\/vosgesinfo.fr\/saintdieinfo\/","name":"Saint Die Info","description":"Toute l&#039;actualit\u00e9 de Saint-Di\u00e9-Des-Vosges","publisher":{"@id":"https:\/\/vosgesinfo.fr\/saintdieinfo\/#organization"},"alternateName":"Toute l'actualit\u00e9 de Saint-Di\u00e9-Des-Vosges","potentialAction":[{"@type":"SearchAction","target":{"@type":"EntryPoint","urlTemplate":"https:\/\/vosgesinfo.fr\/saintdieinfo\/?s={search_term_string}"},"query-input":"required name=search_term_string"}],"inLanguage":"fr-FR"},{"@type":"Organization","@id":"https:\/\/vosgesinfo.fr\/saintdieinfo\/#organization","name":"Saint Die Info","url":"https:\/\/vosgesinfo.fr\/saintdieinfo\/","logo":{"@type":"ImageObject","inLanguage":"fr-FR","@id":"https:\/\/vosgesinfo.fr\/saintdieinfo\/#\/schema\/logo\/image\/","url":"https:\/\/vosgesinfo.fr\/app\/uploads\/sites\/4\/2024\/02\/logo-sdi.jpg","contentUrl":"https:\/\/vosgesinfo.fr\/app\/uploads\/sites\/4\/2024\/02\/logo-sdi.jpg","width":600,"height":600,"caption":"Saint Die Info"},"image":{"@id":"https:\/\/vosgesinfo.fr\/saintdieinfo\/#\/schema\/logo\/image\/"},"sameAs":["https:\/\/www.facebook.com\/Saintdieinfofr","https:\/\/x.com\/VosgesInfo88","https:\/\/www.youtube.com\/@vosgesinfo"]},{"@type":"Person","@id":"https:\/\/vosgesinfo.fr\/saintdieinfo\/#\/schema\/person\/fa73e9f726d67bb88f46d5b7943cb572","name":"J.J.","image":{"@type":"ImageObject","inLanguage":"fr-FR","@id":"https:\/\/vosgesinfo.fr\/saintdieinfo\/#\/schema\/person\/image\/","url":"https:\/\/secure.gravatar.com\/avatar\/219e749e47ffbcca018a360ae4add7d4cdf1cdaaf8bc7676b27efade3fe65615?s=96&d=mm&r=g","contentUrl":"https:\/\/secure.gravatar.com\/avatar\/219e749e47ffbcca018a360ae4add7d4cdf1cdaaf8bc7676b27efade3fe65615?s=96&d=mm&r=g","caption":"J.J."},"url":"https:\/\/vosgesinfo.fr\/saintdieinfo\/author\/j-j\/"}]}},"_links":{"self":[{"href":"https:\/\/vosgesinfo.fr\/saintdieinfo\/wp-json\/wp\/v2\/posts\/78692","targetHints":{"allow":["GET"]}}],"collection":[{"href":"https:\/\/vosgesinfo.fr\/saintdieinfo\/wp-json\/wp\/v2\/posts"}],"about":[{"href":"https:\/\/vosgesinfo.fr\/saintdieinfo\/wp-json\/wp\/v2\/types\/post"}],"author":[{"embeddable":true,"href":"https:\/\/vosgesinfo.fr\/saintdieinfo\/wp-json\/wp\/v2\/users\/46"}],"replies":[{"embeddable":true,"href":"https:\/\/vosgesinfo.fr\/saintdieinfo\/wp-json\/wp\/v2\/comments?post=78692"}],"version-history":[{"count":1,"href":"https:\/\/vosgesinfo.fr\/saintdieinfo\/wp-json\/wp\/v2\/posts\/78692\/revisions"}],"predecessor-version":[{"id":78694,"href":"https:\/\/vosgesinfo.fr\/saintdieinfo\/wp-json\/wp\/v2\/posts\/78692\/revisions\/78694"}],"wp:featuredmedia":[{"embeddable":true,"href":"https:\/\/vosgesinfo.fr\/saintdieinfo\/wp-json\/wp\/v2\/media\/78690"}],"wp:attachment":[{"href":"https:\/\/vosgesinfo.fr\/saintdieinfo\/wp-json\/wp\/v2\/media?parent=78692"}],"wp:term":[{"taxonomy":"category","embeddable":true,"href":"https:\/\/vosgesinfo.fr\/saintdieinfo\/wp-json\/wp\/v2\/categories?post=78692"},{"taxonomy":"post_tag","embeddable":true,"href":"https:\/\/vosgesinfo.fr\/saintdieinfo\/wp-json\/wp\/v2\/tags?post=78692"}],"curies":[{"name":"wp","href":"https:\/\/api.w.org\/{rel}","templated":true}]}}