{"id":79088,"date":"2025-06-18T10:00:19","date_gmt":"2025-06-18T08:00:19","guid":{"rendered":"https:\/\/vosgesinfo.fr\/saintdieinfo\/?p=79088"},"modified":"2025-06-18T09:44:20","modified_gmt":"2025-06-18T07:44:20","slug":"rugby-le-sdrb-xv-endeuille-suite-au-deces-de-samuel-flayeux","status":"publish","type":"post","link":"https:\/\/vosgesinfo.fr\/saintdieinfo\/2025\/06\/rugby-le-sdrb-xv-endeuille-suite-au-deces-de-samuel-flayeux\/","title":{"rendered":"Rugby\u00a0: le SDRB XV endeuill\u00e9 suite au d\u00e9c\u00e8s de Samuel Flayeux"},"content":{"rendered":"<div id=\"attachment_79089\" style=\"width: 490px\" class=\"wp-caption alignnone\"><a href=\"https:\/\/vosgesinfo.fr\/app\/uploads\/sites\/4\/2025\/06\/sdrb-xv-samuel-flayeux.jpg\"><img decoding=\"async\" aria-describedby=\"caption-attachment-79089\" class=\"wp-image-79089 size-full\" src=\"https:\/\/vosgesinfo.fr\/app\/uploads\/sites\/4\/2025\/06\/sdrb-xv-samuel-flayeux.jpg\" alt=\"\" width=\"480\" height=\"640\" srcset=\"https:\/\/vosgesinfo.fr\/app\/uploads\/sites\/4\/2025\/06\/sdrb-xv-samuel-flayeux.jpg 480w, https:\/\/vosgesinfo.fr\/app\/uploads\/sites\/4\/2025\/06\/sdrb-xv-samuel-flayeux-225x300.jpg 225w\" sizes=\"(max-width: 480px) 100vw, 480px\" \/><\/a><p id=\"caption-attachment-79089\" class=\"wp-caption-text\">(Photographie SDRB XV)<\/p><\/div>\n<h2><strong>Samuel Flayeux<\/strong>, dit <strong>\u00ab Sam \u00bb<\/strong>, a perdu la vie dans un <strong>accident de la route<\/strong> vendredi dernier, sur la <strong>RD972<\/strong> au niveau de la commune <strong>Le Miroir<\/strong>. Le <strong>p\u00e8re de famille<\/strong> avait <strong>45 ans<\/strong>.<\/h2>\n<p><!--more--><\/p>\n<p>Ce d\u00e9c\u00e8s endeuille le <strong>SDRB XV<\/strong>, car <strong>Samuel Flayeux<\/strong> a port\u00e9 les couleurs du club durant plusieurs saisons. \u00ab\u202fNous avons une grande pens\u00e9e pour <strong>Manu<\/strong>, son fr\u00e8re, et toute sa famille. Le <strong>SDRB XV<\/strong> apporte tout <strong>son soutien<\/strong> \u00e0 la famille de \u201cSam\u201d\u202f\u00bb, a comment\u00e9 l\u2019entente <strong>d\u00e9odatienne, raonnaise et bach\u00e2moise<\/strong>.<\/p>\n","protected":false},"excerpt":{"rendered":"<p>Samuel Flayeux, dit \u00ab Sam \u00bb, a perdu la vie dans un accident de la route vendredi dernier, sur la [&hellip;]<\/p>\n","protected":false},"author":46,"featured_media":79089,"comment_status":"open","ping_status":"open","sticky":false,"template":"","format":"standard","meta":{"footnotes":""},"categories":[460,2949,2915,14],"tags":[17469,1001,17468,2955],"class_list":["post-79088","post","type-post","status-publish","format-standard","has-post-thumbnail","hentry","category-a-la-une","category-avis-de-deces-carnet","category-saint-die-son-canton","category-sport","tag-deces-de-samuel-flayeux","tag-rugby","tag-samuel-flayeux","tag-sdrb-xv"],"acf":[],"yoast_head":"<!-- This site is optimized with the Yoast SEO plugin v22.5 - https:\/\/yoast.com\/wordpress\/plugins\/seo\/ -->\n<title>Rugby\u00a0: le SDRB XV endeuill\u00e9 suite au d\u00e9c\u00e8s de Samuel Flayeux - Saint Die Info<\/title>\n<meta name=\"robots\" content=\"index, follow, max-snippet:-1, max-image-preview:large, max-video-preview:-1\" \/>\n<link rel=\"canonical\" href=\"https:\/\/vosgesinfo.fr\/saintdieinfo\/2025\/06\/rugby-le-sdrb-xv-endeuille-suite-au-deces-de-samuel-flayeux\/\" \/>\n<meta name=\"twitter:card\" content=\"summary_large_image\" \/>\n<meta name=\"twitter:title\" content=\"Rugby\u00a0: le SDRB XV endeuill\u00e9 suite au d\u00e9c\u00e8s de Samuel Flayeux - Saint Die Info\" \/>\n<meta name=\"twitter:description\" content=\"Samuel Flayeux, dit \u00ab Sam \u00bb, a perdu la vie dans un accident de la route vendredi dernier, sur la [&hellip;]\" \/>\n<meta name=\"twitter:image\" content=\"https:\/\/vosgesinfo.fr\/app\/uploads\/sites\/4\/2025\/06\/sdrb-xv-samuel-flayeux.jpg\" \/>\n<meta name=\"twitter:creator\" content=\"@VosgesInfo88\" \/>\n<meta name=\"twitter:site\" content=\"@VosgesInfo88\" \/>\n<meta name=\"twitter:label1\" content=\"\u00c9crit par\" \/>\n\t<meta name=\"twitter:data1\" content=\"J.J.\" \/>\n<script type=\"application\/ld+json\" class=\"yoast-schema-graph\">{\"@context\":\"https:\/\/schema.org\",\"@graph\":[{\"@type\":\"Article\",\"@id\":\"https:\/\/vosgesinfo.fr\/saintdieinfo\/2025\/06\/rugby-le-sdrb-xv-endeuille-suite-au-deces-de-samuel-flayeux\/#article\",\"isPartOf\":{\"@id\":\"https:\/\/vosgesinfo.fr\/saintdieinfo\/2025\/06\/rugby-le-sdrb-xv-endeuille-suite-au-deces-de-samuel-flayeux\/\"},\"author\":{\"name\":\"J.J.\",\"@id\":\"https:\/\/vosgesinfo.fr\/saintdieinfo\/#\/schema\/person\/fa73e9f726d67bb88f46d5b7943cb572\"},\"headline\":\"Rugby\u00a0: le SDRB XV endeuill\u00e9 suite au d\u00e9c\u00e8s de Samuel Flayeux\",\"datePublished\":\"2025-06-18T08:00:19+00:00\",\"dateModified\":\"2025-06-18T07:44:20+00:00\",\"mainEntityOfPage\":{\"@id\":\"https:\/\/vosgesinfo.fr\/saintdieinfo\/2025\/06\/rugby-le-sdrb-xv-endeuille-suite-au-deces-de-samuel-flayeux\/\"},\"wordCount\":112,\"commentCount\":0,\"publisher\":{\"@id\":\"https:\/\/vosgesinfo.fr\/saintdieinfo\/#organization\"},\"image\":{\"@id\":\"https:\/\/vosgesinfo.fr\/saintdieinfo\/2025\/06\/rugby-le-sdrb-xv-endeuille-suite-au-deces-de-samuel-flayeux\/#primaryimage\"},\"thumbnailUrl\":\"https:\/\/vosgesinfo.fr\/app\/uploads\/sites\/4\/2025\/06\/sdrb-xv-samuel-flayeux.jpg\",\"keywords\":[\"D\u00e9c\u00e8s de Samuel Flayeux\",\"Rugby\",\"Samuel Flayeux\",\"SDRB XV\"],\"articleSection\":[\"A la Une\",\"Avis de d\u00e9c\u00e8s\",\"Saint-Di\u00e9-des-Vosges et son Agglom\u00e9ration\",\"Sport\"],\"inLanguage\":\"fr-FR\",\"potentialAction\":[{\"@type\":\"CommentAction\",\"name\":\"Comment\",\"target\":[\"https:\/\/vosgesinfo.fr\/saintdieinfo\/2025\/06\/rugby-le-sdrb-xv-endeuille-suite-au-deces-de-samuel-flayeux\/#respond\"]}]},{\"@type\":\"WebPage\",\"@id\":\"https:\/\/vosgesinfo.fr\/saintdieinfo\/2025\/06\/rugby-le-sdrb-xv-endeuille-suite-au-deces-de-samuel-flayeux\/\",\"url\":\"https:\/\/vosgesinfo.fr\/saintdieinfo\/2025\/06\/rugby-le-sdrb-xv-endeuille-suite-au-deces-de-samuel-flayeux\/\",\"name\":\"Rugby\u00a0: le SDRB XV endeuill\u00e9 suite au d\u00e9c\u00e8s de Samuel Flayeux - Saint Die Info\",\"isPartOf\":{\"@id\":\"https:\/\/vosgesinfo.fr\/saintdieinfo\/#website\"},\"primaryImageOfPage\":{\"@id\":\"https:\/\/vosgesinfo.fr\/saintdieinfo\/2025\/06\/rugby-le-sdrb-xv-endeuille-suite-au-deces-de-samuel-flayeux\/#primaryimage\"},\"image\":{\"@id\":\"https:\/\/vosgesinfo.fr\/saintdieinfo\/2025\/06\/rugby-le-sdrb-xv-endeuille-suite-au-deces-de-samuel-flayeux\/#primaryimage\"},\"thumbnailUrl\":\"https:\/\/vosgesinfo.fr\/app\/uploads\/sites\/4\/2025\/06\/sdrb-xv-samuel-flayeux.jpg\",\"datePublished\":\"2025-06-18T08:00:19+00:00\",\"dateModified\":\"2025-06-18T07:44:20+00:00\",\"breadcrumb\":{\"@id\":\"https:\/\/vosgesinfo.fr\/saintdieinfo\/2025\/06\/rugby-le-sdrb-xv-endeuille-suite-au-deces-de-samuel-flayeux\/#breadcrumb\"},\"inLanguage\":\"fr-FR\",\"potentialAction\":[{\"@type\":\"ReadAction\",\"target\":[\"https:\/\/vosgesinfo.fr\/saintdieinfo\/2025\/06\/rugby-le-sdrb-xv-endeuille-suite-au-deces-de-samuel-flayeux\/\"]}]},{\"@type\":\"ImageObject\",\"inLanguage\":\"fr-FR\",\"@id\":\"https:\/\/vosgesinfo.fr\/saintdieinfo\/2025\/06\/rugby-le-sdrb-xv-endeuille-suite-au-deces-de-samuel-flayeux\/#primaryimage\",\"url\":\"https:\/\/vosgesinfo.fr\/app\/uploads\/sites\/4\/2025\/06\/sdrb-xv-samuel-flayeux.jpg\",\"contentUrl\":\"https:\/\/vosgesinfo.fr\/app\/uploads\/sites\/4\/2025\/06\/sdrb-xv-samuel-flayeux.jpg\",\"width\":480,\"height\":640,\"caption\":\"(Photographie SDRB XV)\"},{\"@type\":\"BreadcrumbList\",\"@id\":\"https:\/\/vosgesinfo.fr\/saintdieinfo\/2025\/06\/rugby-le-sdrb-xv-endeuille-suite-au-deces-de-samuel-flayeux\/#breadcrumb\",\"itemListElement\":[{\"@type\":\"ListItem\",\"position\":1,\"name\":\"Home\",\"item\":\"https:\/\/vosgesinfo.fr\/saintdieinfo\/\"},{\"@type\":\"ListItem\",\"position\":2,\"name\":\"Rugby\u00a0: le SDRB XV endeuill\u00e9 suite au d\u00e9c\u00e8s de Samuel Flayeux\"}]},{\"@type\":\"WebSite\",\"@id\":\"https:\/\/vosgesinfo.fr\/saintdieinfo\/#website\",\"url\":\"https:\/\/vosgesinfo.fr\/saintdieinfo\/\",\"name\":\"Saint Die Info\",\"description\":\"Toute l&#039;actualit\u00e9 de Saint-Di\u00e9-Des-Vosges\",\"publisher\":{\"@id\":\"https:\/\/vosgesinfo.fr\/saintdieinfo\/#organization\"},\"alternateName\":\"Toute l'actualit\u00e9 de Saint-Di\u00e9-Des-Vosges\",\"potentialAction\":[{\"@type\":\"SearchAction\",\"target\":{\"@type\":\"EntryPoint\",\"urlTemplate\":\"https:\/\/vosgesinfo.fr\/saintdieinfo\/?s={search_term_string}\"},\"query-input\":\"required name=search_term_string\"}],\"inLanguage\":\"fr-FR\"},{\"@type\":\"Organization\",\"@id\":\"https:\/\/vosgesinfo.fr\/saintdieinfo\/#organization\",\"name\":\"Saint Die Info\",\"url\":\"https:\/\/vosgesinfo.fr\/saintdieinfo\/\",\"logo\":{\"@type\":\"ImageObject\",\"inLanguage\":\"fr-FR\",\"@id\":\"https:\/\/vosgesinfo.fr\/saintdieinfo\/#\/schema\/logo\/image\/\",\"url\":\"https:\/\/vosgesinfo.fr\/app\/uploads\/sites\/4\/2024\/02\/logo-sdi.jpg\",\"contentUrl\":\"https:\/\/vosgesinfo.fr\/app\/uploads\/sites\/4\/2024\/02\/logo-sdi.jpg\",\"width\":600,\"height\":600,\"caption\":\"Saint Die Info\"},\"image\":{\"@id\":\"https:\/\/vosgesinfo.fr\/saintdieinfo\/#\/schema\/logo\/image\/\"},\"sameAs\":[\"https:\/\/www.facebook.com\/Saintdieinfofr\",\"https:\/\/x.com\/VosgesInfo88\",\"https:\/\/www.youtube.com\/@vosgesinfo\"]},{\"@type\":\"Person\",\"@id\":\"https:\/\/vosgesinfo.fr\/saintdieinfo\/#\/schema\/person\/fa73e9f726d67bb88f46d5b7943cb572\",\"name\":\"J.J.\",\"image\":{\"@type\":\"ImageObject\",\"inLanguage\":\"fr-FR\",\"@id\":\"https:\/\/vosgesinfo.fr\/saintdieinfo\/#\/schema\/person\/image\/\",\"url\":\"https:\/\/secure.gravatar.com\/avatar\/219e749e47ffbcca018a360ae4add7d4cdf1cdaaf8bc7676b27efade3fe65615?s=96&d=mm&r=g\",\"contentUrl\":\"https:\/\/secure.gravatar.com\/avatar\/219e749e47ffbcca018a360ae4add7d4cdf1cdaaf8bc7676b27efade3fe65615?s=96&d=mm&r=g\",\"caption\":\"J.J.\"},\"url\":\"https:\/\/vosgesinfo.fr\/saintdieinfo\/author\/j-j\/\"}]}<\/script>\n<!-- \/ Yoast SEO plugin. -->","yoast_head_json":{"title":"Rugby\u00a0: le SDRB XV endeuill\u00e9 suite au d\u00e9c\u00e8s de Samuel Flayeux - Saint Die Info","robots":{"index":"index","follow":"follow","max-snippet":"max-snippet:-1","max-image-preview":"max-image-preview:large","max-video-preview":"max-video-preview:-1"},"canonical":"https:\/\/vosgesinfo.fr\/saintdieinfo\/2025\/06\/rugby-le-sdrb-xv-endeuille-suite-au-deces-de-samuel-flayeux\/","twitter_card":"summary_large_image","twitter_title":"Rugby\u00a0: le SDRB XV endeuill\u00e9 suite au d\u00e9c\u00e8s de Samuel Flayeux - Saint Die Info","twitter_description":"Samuel Flayeux, dit \u00ab Sam \u00bb, a perdu la vie dans un accident de la route vendredi dernier, sur la [&hellip;]","twitter_image":"https:\/\/vosgesinfo.fr\/app\/uploads\/sites\/4\/2025\/06\/sdrb-xv-samuel-flayeux.jpg","twitter_creator":"@VosgesInfo88","twitter_site":"@VosgesInfo88","twitter_misc":{"\u00c9crit par":"J.J."},"schema":{"@context":"https:\/\/schema.org","@graph":[{"@type":"Article","@id":"https:\/\/vosgesinfo.fr\/saintdieinfo\/2025\/06\/rugby-le-sdrb-xv-endeuille-suite-au-deces-de-samuel-flayeux\/#article","isPartOf":{"@id":"https:\/\/vosgesinfo.fr\/saintdieinfo\/2025\/06\/rugby-le-sdrb-xv-endeuille-suite-au-deces-de-samuel-flayeux\/"},"author":{"name":"J.J.","@id":"https:\/\/vosgesinfo.fr\/saintdieinfo\/#\/schema\/person\/fa73e9f726d67bb88f46d5b7943cb572"},"headline":"Rugby\u00a0: le SDRB XV endeuill\u00e9 suite au d\u00e9c\u00e8s de Samuel Flayeux","datePublished":"2025-06-18T08:00:19+00:00","dateModified":"2025-06-18T07:44:20+00:00","mainEntityOfPage":{"@id":"https:\/\/vosgesinfo.fr\/saintdieinfo\/2025\/06\/rugby-le-sdrb-xv-endeuille-suite-au-deces-de-samuel-flayeux\/"},"wordCount":112,"commentCount":0,"publisher":{"@id":"https:\/\/vosgesinfo.fr\/saintdieinfo\/#organization"},"image":{"@id":"https:\/\/vosgesinfo.fr\/saintdieinfo\/2025\/06\/rugby-le-sdrb-xv-endeuille-suite-au-deces-de-samuel-flayeux\/#primaryimage"},"thumbnailUrl":"https:\/\/vosgesinfo.fr\/app\/uploads\/sites\/4\/2025\/06\/sdrb-xv-samuel-flayeux.jpg","keywords":["D\u00e9c\u00e8s de Samuel Flayeux","Rugby","Samuel Flayeux","SDRB XV"],"articleSection":["A la Une","Avis de d\u00e9c\u00e8s","Saint-Di\u00e9-des-Vosges et son Agglom\u00e9ration","Sport"],"inLanguage":"fr-FR","potentialAction":[{"@type":"CommentAction","name":"Comment","target":["https:\/\/vosgesinfo.fr\/saintdieinfo\/2025\/06\/rugby-le-sdrb-xv-endeuille-suite-au-deces-de-samuel-flayeux\/#respond"]}]},{"@type":"WebPage","@id":"https:\/\/vosgesinfo.fr\/saintdieinfo\/2025\/06\/rugby-le-sdrb-xv-endeuille-suite-au-deces-de-samuel-flayeux\/","url":"https:\/\/vosgesinfo.fr\/saintdieinfo\/2025\/06\/rugby-le-sdrb-xv-endeuille-suite-au-deces-de-samuel-flayeux\/","name":"Rugby\u00a0: le SDRB XV endeuill\u00e9 suite au d\u00e9c\u00e8s de Samuel Flayeux - Saint Die Info","isPartOf":{"@id":"https:\/\/vosgesinfo.fr\/saintdieinfo\/#website"},"primaryImageOfPage":{"@id":"https:\/\/vosgesinfo.fr\/saintdieinfo\/2025\/06\/rugby-le-sdrb-xv-endeuille-suite-au-deces-de-samuel-flayeux\/#primaryimage"},"image":{"@id":"https:\/\/vosgesinfo.fr\/saintdieinfo\/2025\/06\/rugby-le-sdrb-xv-endeuille-suite-au-deces-de-samuel-flayeux\/#primaryimage"},"thumbnailUrl":"https:\/\/vosgesinfo.fr\/app\/uploads\/sites\/4\/2025\/06\/sdrb-xv-samuel-flayeux.jpg","datePublished":"2025-06-18T08:00:19+00:00","dateModified":"2025-06-18T07:44:20+00:00","breadcrumb":{"@id":"https:\/\/vosgesinfo.fr\/saintdieinfo\/2025\/06\/rugby-le-sdrb-xv-endeuille-suite-au-deces-de-samuel-flayeux\/#breadcrumb"},"inLanguage":"fr-FR","potentialAction":[{"@type":"ReadAction","target":["https:\/\/vosgesinfo.fr\/saintdieinfo\/2025\/06\/rugby-le-sdrb-xv-endeuille-suite-au-deces-de-samuel-flayeux\/"]}]},{"@type":"ImageObject","inLanguage":"fr-FR","@id":"https:\/\/vosgesinfo.fr\/saintdieinfo\/2025\/06\/rugby-le-sdrb-xv-endeuille-suite-au-deces-de-samuel-flayeux\/#primaryimage","url":"https:\/\/vosgesinfo.fr\/app\/uploads\/sites\/4\/2025\/06\/sdrb-xv-samuel-flayeux.jpg","contentUrl":"https:\/\/vosgesinfo.fr\/app\/uploads\/sites\/4\/2025\/06\/sdrb-xv-samuel-flayeux.jpg","width":480,"height":640,"caption":"(Photographie SDRB XV)"},{"@type":"BreadcrumbList","@id":"https:\/\/vosgesinfo.fr\/saintdieinfo\/2025\/06\/rugby-le-sdrb-xv-endeuille-suite-au-deces-de-samuel-flayeux\/#breadcrumb","itemListElement":[{"@type":"ListItem","position":1,"name":"Home","item":"https:\/\/vosgesinfo.fr\/saintdieinfo\/"},{"@type":"ListItem","position":2,"name":"Rugby\u00a0: le SDRB XV endeuill\u00e9 suite au d\u00e9c\u00e8s de Samuel Flayeux"}]},{"@type":"WebSite","@id":"https:\/\/vosgesinfo.fr\/saintdieinfo\/#website","url":"https:\/\/vosgesinfo.fr\/saintdieinfo\/","name":"Saint Die Info","description":"Toute l&#039;actualit\u00e9 de Saint-Di\u00e9-Des-Vosges","publisher":{"@id":"https:\/\/vosgesinfo.fr\/saintdieinfo\/#organization"},"alternateName":"Toute l'actualit\u00e9 de Saint-Di\u00e9-Des-Vosges","potentialAction":[{"@type":"SearchAction","target":{"@type":"EntryPoint","urlTemplate":"https:\/\/vosgesinfo.fr\/saintdieinfo\/?s={search_term_string}"},"query-input":"required name=search_term_string"}],"inLanguage":"fr-FR"},{"@type":"Organization","@id":"https:\/\/vosgesinfo.fr\/saintdieinfo\/#organization","name":"Saint Die Info","url":"https:\/\/vosgesinfo.fr\/saintdieinfo\/","logo":{"@type":"ImageObject","inLanguage":"fr-FR","@id":"https:\/\/vosgesinfo.fr\/saintdieinfo\/#\/schema\/logo\/image\/","url":"https:\/\/vosgesinfo.fr\/app\/uploads\/sites\/4\/2024\/02\/logo-sdi.jpg","contentUrl":"https:\/\/vosgesinfo.fr\/app\/uploads\/sites\/4\/2024\/02\/logo-sdi.jpg","width":600,"height":600,"caption":"Saint Die Info"},"image":{"@id":"https:\/\/vosgesinfo.fr\/saintdieinfo\/#\/schema\/logo\/image\/"},"sameAs":["https:\/\/www.facebook.com\/Saintdieinfofr","https:\/\/x.com\/VosgesInfo88","https:\/\/www.youtube.com\/@vosgesinfo"]},{"@type":"Person","@id":"https:\/\/vosgesinfo.fr\/saintdieinfo\/#\/schema\/person\/fa73e9f726d67bb88f46d5b7943cb572","name":"J.J.","image":{"@type":"ImageObject","inLanguage":"fr-FR","@id":"https:\/\/vosgesinfo.fr\/saintdieinfo\/#\/schema\/person\/image\/","url":"https:\/\/secure.gravatar.com\/avatar\/219e749e47ffbcca018a360ae4add7d4cdf1cdaaf8bc7676b27efade3fe65615?s=96&d=mm&r=g","contentUrl":"https:\/\/secure.gravatar.com\/avatar\/219e749e47ffbcca018a360ae4add7d4cdf1cdaaf8bc7676b27efade3fe65615?s=96&d=mm&r=g","caption":"J.J."},"url":"https:\/\/vosgesinfo.fr\/saintdieinfo\/author\/j-j\/"}]}},"_links":{"self":[{"href":"https:\/\/vosgesinfo.fr\/saintdieinfo\/wp-json\/wp\/v2\/posts\/79088","targetHints":{"allow":["GET"]}}],"collection":[{"href":"https:\/\/vosgesinfo.fr\/saintdieinfo\/wp-json\/wp\/v2\/posts"}],"about":[{"href":"https:\/\/vosgesinfo.fr\/saintdieinfo\/wp-json\/wp\/v2\/types\/post"}],"author":[{"embeddable":true,"href":"https:\/\/vosgesinfo.fr\/saintdieinfo\/wp-json\/wp\/v2\/users\/46"}],"replies":[{"embeddable":true,"href":"https:\/\/vosgesinfo.fr\/saintdieinfo\/wp-json\/wp\/v2\/comments?post=79088"}],"version-history":[{"count":1,"href":"https:\/\/vosgesinfo.fr\/saintdieinfo\/wp-json\/wp\/v2\/posts\/79088\/revisions"}],"predecessor-version":[{"id":79090,"href":"https:\/\/vosgesinfo.fr\/saintdieinfo\/wp-json\/wp\/v2\/posts\/79088\/revisions\/79090"}],"wp:featuredmedia":[{"embeddable":true,"href":"https:\/\/vosgesinfo.fr\/saintdieinfo\/wp-json\/wp\/v2\/media\/79089"}],"wp:attachment":[{"href":"https:\/\/vosgesinfo.fr\/saintdieinfo\/wp-json\/wp\/v2\/media?parent=79088"}],"wp:term":[{"taxonomy":"category","embeddable":true,"href":"https:\/\/vosgesinfo.fr\/saintdieinfo\/wp-json\/wp\/v2\/categories?post=79088"},{"taxonomy":"post_tag","embeddable":true,"href":"https:\/\/vosgesinfo.fr\/saintdieinfo\/wp-json\/wp\/v2\/tags?post=79088"}],"curies":[{"name":"wp","href":"https:\/\/api.w.org\/{rel}","templated":true}]}}