{"id":79121,"date":"2025-06-18T14:30:33","date_gmt":"2025-06-18T12:30:33","guid":{"rendered":"https:\/\/vosgesinfo.fr\/saintdieinfo\/?p=79121"},"modified":"2025-06-18T14:09:37","modified_gmt":"2025-06-18T12:09:37","slug":"ou-en-est-la-revitalisation-de-fraize-plainfaing-et-raon-letape","status":"publish","type":"post","link":"https:\/\/vosgesinfo.fr\/saintdieinfo\/2025\/06\/ou-en-est-la-revitalisation-de-fraize-plainfaing-et-raon-letape\/","title":{"rendered":"O\u00f9 en est la revitalisation de Fraize, Plainfaing et Raon-l\u2019\u00c9tape ?"},"content":{"rendered":"<div id=\"attachment_79122\" style=\"width: 1034px\" class=\"wp-caption alignnone\"><a href=\"https:\/\/vosgesinfo.fr\/app\/uploads\/sites\/4\/2025\/06\/plainfaing-petites-villes-demain.png\"><img decoding=\"async\" aria-describedby=\"caption-attachment-79122\" class=\"wp-image-79122 size-large\" src=\"https:\/\/vosgesinfo.fr\/app\/uploads\/sites\/4\/2025\/06\/plainfaing-petites-villes-demain-1024x729.png\" alt=\"\" width=\"1024\" height=\"729\" srcset=\"https:\/\/vosgesinfo.fr\/app\/uploads\/sites\/4\/2025\/06\/plainfaing-petites-villes-demain-1024x729.png 1024w, https:\/\/vosgesinfo.fr\/app\/uploads\/sites\/4\/2025\/06\/plainfaing-petites-villes-demain-300x214.png 300w, https:\/\/vosgesinfo.fr\/app\/uploads\/sites\/4\/2025\/06\/plainfaing-petites-villes-demain-768x547.png 768w, https:\/\/vosgesinfo.fr\/app\/uploads\/sites\/4\/2025\/06\/plainfaing-petites-villes-demain-1536x1093.png 1536w, https:\/\/vosgesinfo.fr\/app\/uploads\/sites\/4\/2025\/06\/plainfaing-petites-villes-demain.png 1600w\" sizes=\"(max-width: 1024px) 100vw, 1024px\" \/><\/a><p id=\"caption-attachment-79122\" class=\"wp-caption-text\">Le plan du projet de revitalisation de Raon-l&rsquo;Etape. (Cliquer pour agrandir. Document Communaut\u00e9 d&rsquo;Agglom\u00e9ration de Saint-Di\u00e9-des-Vosges)<\/p><\/div>\n<h2><strong>Les <\/strong><strong>\u00e9lus et partenaires<\/strong> du programme <strong>Petites Villes de Demain<\/strong> se sont r\u00e9unis en <strong>comit\u00e9 de pilotage ce mardi 17 juin<\/strong>, afin de faire le point sur <strong>l&rsquo;avancement des projets de revitalisation<\/strong> engag\u00e9s \u00e0 <strong>Fraize<\/strong>, <strong>Plainfaing<\/strong> et <strong>Raon-l\u2019\u00c9tape<\/strong>. Diff\u00e9rents projets <strong>men\u00e9s sous l&rsquo;\u00e9gide de la Communaut\u00e9 d&rsquo;Agglom\u00e9ration de Saint-Di\u00e9-des-Vosges<\/strong> avec le soutien de <strong>l&rsquo;\u00c9tat<\/strong>, de la <strong>R\u00e9gion Grand Est<\/strong>, du <strong>D\u00e9partement des Vosges<\/strong> et d&rsquo;autres partenaires publics.<\/h2>\n<p><!--more--><\/p>\n<h3 class=\"western\"><strong>\u00c0 Fraize, s\u00e9curisation, v\u00e9g\u00e9talisation et r\u00e9am\u00e9nagement<\/strong><\/h3>\n<p>\u00c0 <strong>Fraize<\/strong>, la <strong>route de Guerreau<\/strong> a \u00e9t\u00e9 s\u00e9curis\u00e9e pour am\u00e9liorer la <strong>cohabitation entre pi\u00e9tons, cyclistes et automobilistes<\/strong>. Les <strong>cours d&rsquo;\u00e9cole et du Centre d&rsquo;Animation Jeunesse<\/strong> ont \u00e9t\u00e9 v\u00e9g\u00e9talis\u00e9es, depuis 2022, et la <strong>rue du pont de la Forge<\/strong> a \u00e9t\u00e9 r\u00e9am\u00e9nag\u00e9e, avec des travaux finalis\u00e9s en 2023. Le tout pour des <strong>investissements cumul\u00e9s de 1\u202f837\u202f506,42\u202f\u20ac HT<\/strong>, dont <strong>80\u202f% de subventions<\/strong>.<\/p>\n<h3 class=\"western\"><strong>\u00c0 Plainfaing, v\u00e9g\u00e9talisation \u00e9galement et requalification du centre-bourg<\/strong><\/h3>\n<p>Dans la commune voisine de <strong>Plainfaing<\/strong>, les <strong>\u00e9coles du centre et de la Truche<\/strong> ont \u00e9galement b\u00e9n\u00e9fici\u00e9 de la <strong>v\u00e9g\u00e9talisation de leurs cours<\/strong>, qui a \u00e9t\u00e9 achev\u00e9e en 2023 pour un <strong>montant de 190\u202f000\u202f\u20ac HT<\/strong>. La <strong>requalification du centre-bourg et de la rue de l&rsquo;\u00c9glise<\/strong>, dont la premi\u00e8re tranche est finalis\u00e9e et la seconde d\u00e9butera en septembre, repr\u00e9sente un <strong>chantier de 1,7 million d&rsquo;\u20ac HT<\/strong>. Dans les deux cas, ces <strong>investissements ont aussi b\u00e9n\u00e9fici\u00e9 de subventions \u00e0 hauteur de 80\u202f%<\/strong>.<\/p>\n<h3 class=\"western\"><strong>\u00c0 Raon-l\u2019\u00c9tape, la premi\u00e8re phase des travaux est lanc\u00e9e<\/strong><\/h3>\n<p>Concernant <strong>Raon-l\u2019\u00c9tape<\/strong>, la <strong>premi\u00e8re phase des travaux<\/strong>, engag\u00e9e en ce <strong>mois de juin 2025<\/strong>, porte sur <strong>la voie verte<\/strong>, <strong>la maison de sant\u00e9<\/strong> et <strong>l&rsquo;\u00e9cole<\/strong>.<br \/>\n\u00ab\u202fUn projet embl\u00e9matique qui vise \u00e0 <strong>faire le lien entre le d\u00e9part actuel de la voie verte, confidentiel, et le centre-ville<\/strong>, tout en mettant en valeur <strong>les abords de la Plaine, du boulodrome et de la maison de sant\u00e9<\/strong>. Un cheminement doux est cr\u00e9\u00e9, les places de stationnement sont d\u00e9port\u00e9es pour partie sur un parking paysager. En parall\u00e8le, <strong>la rue Cl\u00e9menceau, pi\u00e9tonne, et la cour de l&rsquo;\u00e9cole sont v\u00e9g\u00e9talis\u00e9es et d\u00e9simperm\u00e9abilis\u00e9es au maximum<\/strong> afin de cr\u00e9er un \u00eelot de fra\u00eecheur pour les diff\u00e9rents usagers \u00bb explique la <strong>Communaut\u00e9 d&rsquo;Agglom\u00e9ration<\/strong> \u00e0 propos de cette premi\u00e8re phase de travaux, qui se chiffre \u00e0 <strong>1,7 million d&rsquo;\u20ac HT<\/strong>. <strong>Un montant dont<\/strong><strong> 80\u202f% sont financ\u00e9s par des subventions<\/strong>.<\/p>\n<h3 class=\"western\"><strong>Un plan d\u2019actions \u00e0 long terme pour renforcer l\u2019attractivit\u00e9<\/strong><\/h3>\n<p>L&rsquo;objectif \u00e0 travers ces projets, qui s&rsquo;inscrivent dans un <strong>plan d&rsquo;actions sur 10 \u00e0 15 ans<\/strong>, est d&rsquo;<strong>am\u00e9liorer le cadre de vie<\/strong>, <strong>soutenir le commerce<\/strong>, <strong>renouveler l&rsquo;habitat<\/strong> et <strong>attirer de nouveaux habitants<\/strong> dans les trois communes concern\u00e9es&#8230; et ainsi tenter d&rsquo;enrayer les difficult\u00e9s, autant <strong>d\u00e9mographiques<\/strong> qu&rsquo;<strong>\u00e9conomiques<\/strong>, auxquelles elles sont confront\u00e9es depuis plusieurs d\u00e9cennies.<\/p>\n","protected":false},"excerpt":{"rendered":"<p>Les \u00e9lus et partenaires du programme Petites Villes de Demain se sont r\u00e9unis en comit\u00e9 de pilotage ce mardi 17 [&hellip;]<\/p>\n","protected":false},"author":46,"featured_media":79122,"comment_status":"open","ping_status":"open","sticky":false,"template":"","format":"standard","meta":{"footnotes":""},"categories":[460,3903,10],"tags":[3282,2927,9335,2481,2654],"class_list":["post-79121","post","type-post","status-publish","format-standard","has-post-thumbnail","hentry","category-a-la-une","category-deodatie","category-politique","tag-communaute-dagglomeration-de-saint-die-des-vosges","tag-fraize","tag-petites-villes-de-demain","tag-plainfaing","tag-raon-letape"],"acf":[],"yoast_head":"<!-- This site is optimized with the Yoast SEO plugin v22.5 - https:\/\/yoast.com\/wordpress\/plugins\/seo\/ -->\n<title>O\u00f9 en est la revitalisation de Fraize, Plainfaing et Raon-l\u2019\u00c9tape ? - Saint Die Info<\/title>\n<meta name=\"robots\" content=\"index, follow, max-snippet:-1, max-image-preview:large, max-video-preview:-1\" \/>\n<link rel=\"canonical\" href=\"https:\/\/vosgesinfo.fr\/saintdieinfo\/2025\/06\/ou-en-est-la-revitalisation-de-fraize-plainfaing-et-raon-letape\/\" \/>\n<meta name=\"twitter:card\" content=\"summary_large_image\" \/>\n<meta name=\"twitter:title\" content=\"O\u00f9 en est la revitalisation de Fraize, Plainfaing et Raon-l\u2019\u00c9tape ? - Saint Die Info\" \/>\n<meta name=\"twitter:description\" content=\"Les \u00e9lus et partenaires du programme Petites Villes de Demain se sont r\u00e9unis en comit\u00e9 de pilotage ce mardi 17 [&hellip;]\" \/>\n<meta name=\"twitter:image\" content=\"https:\/\/vosgesinfo.fr\/app\/uploads\/sites\/4\/2025\/06\/plainfaing-petites-villes-demain.png\" \/>\n<meta name=\"twitter:creator\" content=\"@VosgesInfo88\" \/>\n<meta name=\"twitter:site\" content=\"@VosgesInfo88\" \/>\n<meta name=\"twitter:label1\" content=\"\u00c9crit par\" \/>\n\t<meta name=\"twitter:data1\" content=\"J.J.\" \/>\n\t<meta name=\"twitter:label2\" content=\"Dur\u00e9e de lecture estim\u00e9e\" \/>\n\t<meta name=\"twitter:data2\" content=\"3 minutes\" \/>\n<script type=\"application\/ld+json\" class=\"yoast-schema-graph\">{\"@context\":\"https:\/\/schema.org\",\"@graph\":[{\"@type\":\"Article\",\"@id\":\"https:\/\/vosgesinfo.fr\/saintdieinfo\/2025\/06\/ou-en-est-la-revitalisation-de-fraize-plainfaing-et-raon-letape\/#article\",\"isPartOf\":{\"@id\":\"https:\/\/vosgesinfo.fr\/saintdieinfo\/2025\/06\/ou-en-est-la-revitalisation-de-fraize-plainfaing-et-raon-letape\/\"},\"author\":{\"name\":\"J.J.\",\"@id\":\"https:\/\/vosgesinfo.fr\/saintdieinfo\/#\/schema\/person\/fa73e9f726d67bb88f46d5b7943cb572\"},\"headline\":\"O\u00f9 en est la revitalisation de Fraize, Plainfaing et Raon-l\u2019\u00c9tape ?\",\"datePublished\":\"2025-06-18T12:30:33+00:00\",\"dateModified\":\"2025-06-18T12:09:37+00:00\",\"mainEntityOfPage\":{\"@id\":\"https:\/\/vosgesinfo.fr\/saintdieinfo\/2025\/06\/ou-en-est-la-revitalisation-de-fraize-plainfaing-et-raon-letape\/\"},\"wordCount\":533,\"commentCount\":0,\"publisher\":{\"@id\":\"https:\/\/vosgesinfo.fr\/saintdieinfo\/#organization\"},\"image\":{\"@id\":\"https:\/\/vosgesinfo.fr\/saintdieinfo\/2025\/06\/ou-en-est-la-revitalisation-de-fraize-plainfaing-et-raon-letape\/#primaryimage\"},\"thumbnailUrl\":\"https:\/\/vosgesinfo.fr\/app\/uploads\/sites\/4\/2025\/06\/plainfaing-petites-villes-demain.png\",\"keywords\":[\"Communaut\u00e9 d'Agglom\u00e9ration de Saint-Di\u00e9-des-Vosges\",\"Fraize\",\"Petites villes de demain\",\"Plainfaing\",\"Raon-l\u2019Etape\"],\"articleSection\":[\"A la Une\",\"D\u00e9odatie\",\"Politique\"],\"inLanguage\":\"fr-FR\",\"potentialAction\":[{\"@type\":\"CommentAction\",\"name\":\"Comment\",\"target\":[\"https:\/\/vosgesinfo.fr\/saintdieinfo\/2025\/06\/ou-en-est-la-revitalisation-de-fraize-plainfaing-et-raon-letape\/#respond\"]}]},{\"@type\":\"WebPage\",\"@id\":\"https:\/\/vosgesinfo.fr\/saintdieinfo\/2025\/06\/ou-en-est-la-revitalisation-de-fraize-plainfaing-et-raon-letape\/\",\"url\":\"https:\/\/vosgesinfo.fr\/saintdieinfo\/2025\/06\/ou-en-est-la-revitalisation-de-fraize-plainfaing-et-raon-letape\/\",\"name\":\"O\u00f9 en est la revitalisation de Fraize, Plainfaing et Raon-l\u2019\u00c9tape ? - Saint Die Info\",\"isPartOf\":{\"@id\":\"https:\/\/vosgesinfo.fr\/saintdieinfo\/#website\"},\"primaryImageOfPage\":{\"@id\":\"https:\/\/vosgesinfo.fr\/saintdieinfo\/2025\/06\/ou-en-est-la-revitalisation-de-fraize-plainfaing-et-raon-letape\/#primaryimage\"},\"image\":{\"@id\":\"https:\/\/vosgesinfo.fr\/saintdieinfo\/2025\/06\/ou-en-est-la-revitalisation-de-fraize-plainfaing-et-raon-letape\/#primaryimage\"},\"thumbnailUrl\":\"https:\/\/vosgesinfo.fr\/app\/uploads\/sites\/4\/2025\/06\/plainfaing-petites-villes-demain.png\",\"datePublished\":\"2025-06-18T12:30:33+00:00\",\"dateModified\":\"2025-06-18T12:09:37+00:00\",\"breadcrumb\":{\"@id\":\"https:\/\/vosgesinfo.fr\/saintdieinfo\/2025\/06\/ou-en-est-la-revitalisation-de-fraize-plainfaing-et-raon-letape\/#breadcrumb\"},\"inLanguage\":\"fr-FR\",\"potentialAction\":[{\"@type\":\"ReadAction\",\"target\":[\"https:\/\/vosgesinfo.fr\/saintdieinfo\/2025\/06\/ou-en-est-la-revitalisation-de-fraize-plainfaing-et-raon-letape\/\"]}]},{\"@type\":\"ImageObject\",\"inLanguage\":\"fr-FR\",\"@id\":\"https:\/\/vosgesinfo.fr\/saintdieinfo\/2025\/06\/ou-en-est-la-revitalisation-de-fraize-plainfaing-et-raon-letape\/#primaryimage\",\"url\":\"https:\/\/vosgesinfo.fr\/app\/uploads\/sites\/4\/2025\/06\/plainfaing-petites-villes-demain.png\",\"contentUrl\":\"https:\/\/vosgesinfo.fr\/app\/uploads\/sites\/4\/2025\/06\/plainfaing-petites-villes-demain.png\",\"width\":1600,\"height\":1139},{\"@type\":\"BreadcrumbList\",\"@id\":\"https:\/\/vosgesinfo.fr\/saintdieinfo\/2025\/06\/ou-en-est-la-revitalisation-de-fraize-plainfaing-et-raon-letape\/#breadcrumb\",\"itemListElement\":[{\"@type\":\"ListItem\",\"position\":1,\"name\":\"Home\",\"item\":\"https:\/\/vosgesinfo.fr\/saintdieinfo\/\"},{\"@type\":\"ListItem\",\"position\":2,\"name\":\"O\u00f9 en est la revitalisation de Fraize, Plainfaing et Raon-l\u2019\u00c9tape ?\"}]},{\"@type\":\"WebSite\",\"@id\":\"https:\/\/vosgesinfo.fr\/saintdieinfo\/#website\",\"url\":\"https:\/\/vosgesinfo.fr\/saintdieinfo\/\",\"name\":\"Saint Die Info\",\"description\":\"Toute l&#039;actualit\u00e9 de Saint-Di\u00e9-Des-Vosges\",\"publisher\":{\"@id\":\"https:\/\/vosgesinfo.fr\/saintdieinfo\/#organization\"},\"alternateName\":\"Toute l'actualit\u00e9 de Saint-Di\u00e9-Des-Vosges\",\"potentialAction\":[{\"@type\":\"SearchAction\",\"target\":{\"@type\":\"EntryPoint\",\"urlTemplate\":\"https:\/\/vosgesinfo.fr\/saintdieinfo\/?s={search_term_string}\"},\"query-input\":\"required name=search_term_string\"}],\"inLanguage\":\"fr-FR\"},{\"@type\":\"Organization\",\"@id\":\"https:\/\/vosgesinfo.fr\/saintdieinfo\/#organization\",\"name\":\"Saint Die Info\",\"url\":\"https:\/\/vosgesinfo.fr\/saintdieinfo\/\",\"logo\":{\"@type\":\"ImageObject\",\"inLanguage\":\"fr-FR\",\"@id\":\"https:\/\/vosgesinfo.fr\/saintdieinfo\/#\/schema\/logo\/image\/\",\"url\":\"https:\/\/vosgesinfo.fr\/app\/uploads\/sites\/4\/2024\/02\/logo-sdi.jpg\",\"contentUrl\":\"https:\/\/vosgesinfo.fr\/app\/uploads\/sites\/4\/2024\/02\/logo-sdi.jpg\",\"width\":600,\"height\":600,\"caption\":\"Saint Die Info\"},\"image\":{\"@id\":\"https:\/\/vosgesinfo.fr\/saintdieinfo\/#\/schema\/logo\/image\/\"},\"sameAs\":[\"https:\/\/www.facebook.com\/Saintdieinfofr\",\"https:\/\/x.com\/VosgesInfo88\",\"https:\/\/www.youtube.com\/@vosgesinfo\"]},{\"@type\":\"Person\",\"@id\":\"https:\/\/vosgesinfo.fr\/saintdieinfo\/#\/schema\/person\/fa73e9f726d67bb88f46d5b7943cb572\",\"name\":\"J.J.\",\"image\":{\"@type\":\"ImageObject\",\"inLanguage\":\"fr-FR\",\"@id\":\"https:\/\/vosgesinfo.fr\/saintdieinfo\/#\/schema\/person\/image\/\",\"url\":\"https:\/\/secure.gravatar.com\/avatar\/219e749e47ffbcca018a360ae4add7d4cdf1cdaaf8bc7676b27efade3fe65615?s=96&d=mm&r=g\",\"contentUrl\":\"https:\/\/secure.gravatar.com\/avatar\/219e749e47ffbcca018a360ae4add7d4cdf1cdaaf8bc7676b27efade3fe65615?s=96&d=mm&r=g\",\"caption\":\"J.J.\"},\"url\":\"https:\/\/vosgesinfo.fr\/saintdieinfo\/author\/j-j\/\"}]}<\/script>\n<!-- \/ Yoast SEO plugin. -->","yoast_head_json":{"title":"O\u00f9 en est la revitalisation de Fraize, Plainfaing et Raon-l\u2019\u00c9tape ? - Saint Die Info","robots":{"index":"index","follow":"follow","max-snippet":"max-snippet:-1","max-image-preview":"max-image-preview:large","max-video-preview":"max-video-preview:-1"},"canonical":"https:\/\/vosgesinfo.fr\/saintdieinfo\/2025\/06\/ou-en-est-la-revitalisation-de-fraize-plainfaing-et-raon-letape\/","twitter_card":"summary_large_image","twitter_title":"O\u00f9 en est la revitalisation de Fraize, Plainfaing et Raon-l\u2019\u00c9tape ? - Saint Die Info","twitter_description":"Les \u00e9lus et partenaires du programme Petites Villes de Demain se sont r\u00e9unis en comit\u00e9 de pilotage ce mardi 17 [&hellip;]","twitter_image":"https:\/\/vosgesinfo.fr\/app\/uploads\/sites\/4\/2025\/06\/plainfaing-petites-villes-demain.png","twitter_creator":"@VosgesInfo88","twitter_site":"@VosgesInfo88","twitter_misc":{"\u00c9crit par":"J.J.","Dur\u00e9e de lecture estim\u00e9e":"3 minutes"},"schema":{"@context":"https:\/\/schema.org","@graph":[{"@type":"Article","@id":"https:\/\/vosgesinfo.fr\/saintdieinfo\/2025\/06\/ou-en-est-la-revitalisation-de-fraize-plainfaing-et-raon-letape\/#article","isPartOf":{"@id":"https:\/\/vosgesinfo.fr\/saintdieinfo\/2025\/06\/ou-en-est-la-revitalisation-de-fraize-plainfaing-et-raon-letape\/"},"author":{"name":"J.J.","@id":"https:\/\/vosgesinfo.fr\/saintdieinfo\/#\/schema\/person\/fa73e9f726d67bb88f46d5b7943cb572"},"headline":"O\u00f9 en est la revitalisation de Fraize, Plainfaing et Raon-l\u2019\u00c9tape ?","datePublished":"2025-06-18T12:30:33+00:00","dateModified":"2025-06-18T12:09:37+00:00","mainEntityOfPage":{"@id":"https:\/\/vosgesinfo.fr\/saintdieinfo\/2025\/06\/ou-en-est-la-revitalisation-de-fraize-plainfaing-et-raon-letape\/"},"wordCount":533,"commentCount":0,"publisher":{"@id":"https:\/\/vosgesinfo.fr\/saintdieinfo\/#organization"},"image":{"@id":"https:\/\/vosgesinfo.fr\/saintdieinfo\/2025\/06\/ou-en-est-la-revitalisation-de-fraize-plainfaing-et-raon-letape\/#primaryimage"},"thumbnailUrl":"https:\/\/vosgesinfo.fr\/app\/uploads\/sites\/4\/2025\/06\/plainfaing-petites-villes-demain.png","keywords":["Communaut\u00e9 d'Agglom\u00e9ration de Saint-Di\u00e9-des-Vosges","Fraize","Petites villes de demain","Plainfaing","Raon-l\u2019Etape"],"articleSection":["A la Une","D\u00e9odatie","Politique"],"inLanguage":"fr-FR","potentialAction":[{"@type":"CommentAction","name":"Comment","target":["https:\/\/vosgesinfo.fr\/saintdieinfo\/2025\/06\/ou-en-est-la-revitalisation-de-fraize-plainfaing-et-raon-letape\/#respond"]}]},{"@type":"WebPage","@id":"https:\/\/vosgesinfo.fr\/saintdieinfo\/2025\/06\/ou-en-est-la-revitalisation-de-fraize-plainfaing-et-raon-letape\/","url":"https:\/\/vosgesinfo.fr\/saintdieinfo\/2025\/06\/ou-en-est-la-revitalisation-de-fraize-plainfaing-et-raon-letape\/","name":"O\u00f9 en est la revitalisation de Fraize, Plainfaing et Raon-l\u2019\u00c9tape ? - Saint Die Info","isPartOf":{"@id":"https:\/\/vosgesinfo.fr\/saintdieinfo\/#website"},"primaryImageOfPage":{"@id":"https:\/\/vosgesinfo.fr\/saintdieinfo\/2025\/06\/ou-en-est-la-revitalisation-de-fraize-plainfaing-et-raon-letape\/#primaryimage"},"image":{"@id":"https:\/\/vosgesinfo.fr\/saintdieinfo\/2025\/06\/ou-en-est-la-revitalisation-de-fraize-plainfaing-et-raon-letape\/#primaryimage"},"thumbnailUrl":"https:\/\/vosgesinfo.fr\/app\/uploads\/sites\/4\/2025\/06\/plainfaing-petites-villes-demain.png","datePublished":"2025-06-18T12:30:33+00:00","dateModified":"2025-06-18T12:09:37+00:00","breadcrumb":{"@id":"https:\/\/vosgesinfo.fr\/saintdieinfo\/2025\/06\/ou-en-est-la-revitalisation-de-fraize-plainfaing-et-raon-letape\/#breadcrumb"},"inLanguage":"fr-FR","potentialAction":[{"@type":"ReadAction","target":["https:\/\/vosgesinfo.fr\/saintdieinfo\/2025\/06\/ou-en-est-la-revitalisation-de-fraize-plainfaing-et-raon-letape\/"]}]},{"@type":"ImageObject","inLanguage":"fr-FR","@id":"https:\/\/vosgesinfo.fr\/saintdieinfo\/2025\/06\/ou-en-est-la-revitalisation-de-fraize-plainfaing-et-raon-letape\/#primaryimage","url":"https:\/\/vosgesinfo.fr\/app\/uploads\/sites\/4\/2025\/06\/plainfaing-petites-villes-demain.png","contentUrl":"https:\/\/vosgesinfo.fr\/app\/uploads\/sites\/4\/2025\/06\/plainfaing-petites-villes-demain.png","width":1600,"height":1139},{"@type":"BreadcrumbList","@id":"https:\/\/vosgesinfo.fr\/saintdieinfo\/2025\/06\/ou-en-est-la-revitalisation-de-fraize-plainfaing-et-raon-letape\/#breadcrumb","itemListElement":[{"@type":"ListItem","position":1,"name":"Home","item":"https:\/\/vosgesinfo.fr\/saintdieinfo\/"},{"@type":"ListItem","position":2,"name":"O\u00f9 en est la revitalisation de Fraize, Plainfaing et Raon-l\u2019\u00c9tape ?"}]},{"@type":"WebSite","@id":"https:\/\/vosgesinfo.fr\/saintdieinfo\/#website","url":"https:\/\/vosgesinfo.fr\/saintdieinfo\/","name":"Saint Die Info","description":"Toute l&#039;actualit\u00e9 de Saint-Di\u00e9-Des-Vosges","publisher":{"@id":"https:\/\/vosgesinfo.fr\/saintdieinfo\/#organization"},"alternateName":"Toute l'actualit\u00e9 de Saint-Di\u00e9-Des-Vosges","potentialAction":[{"@type":"SearchAction","target":{"@type":"EntryPoint","urlTemplate":"https:\/\/vosgesinfo.fr\/saintdieinfo\/?s={search_term_string}"},"query-input":"required name=search_term_string"}],"inLanguage":"fr-FR"},{"@type":"Organization","@id":"https:\/\/vosgesinfo.fr\/saintdieinfo\/#organization","name":"Saint Die Info","url":"https:\/\/vosgesinfo.fr\/saintdieinfo\/","logo":{"@type":"ImageObject","inLanguage":"fr-FR","@id":"https:\/\/vosgesinfo.fr\/saintdieinfo\/#\/schema\/logo\/image\/","url":"https:\/\/vosgesinfo.fr\/app\/uploads\/sites\/4\/2024\/02\/logo-sdi.jpg","contentUrl":"https:\/\/vosgesinfo.fr\/app\/uploads\/sites\/4\/2024\/02\/logo-sdi.jpg","width":600,"height":600,"caption":"Saint Die Info"},"image":{"@id":"https:\/\/vosgesinfo.fr\/saintdieinfo\/#\/schema\/logo\/image\/"},"sameAs":["https:\/\/www.facebook.com\/Saintdieinfofr","https:\/\/x.com\/VosgesInfo88","https:\/\/www.youtube.com\/@vosgesinfo"]},{"@type":"Person","@id":"https:\/\/vosgesinfo.fr\/saintdieinfo\/#\/schema\/person\/fa73e9f726d67bb88f46d5b7943cb572","name":"J.J.","image":{"@type":"ImageObject","inLanguage":"fr-FR","@id":"https:\/\/vosgesinfo.fr\/saintdieinfo\/#\/schema\/person\/image\/","url":"https:\/\/secure.gravatar.com\/avatar\/219e749e47ffbcca018a360ae4add7d4cdf1cdaaf8bc7676b27efade3fe65615?s=96&d=mm&r=g","contentUrl":"https:\/\/secure.gravatar.com\/avatar\/219e749e47ffbcca018a360ae4add7d4cdf1cdaaf8bc7676b27efade3fe65615?s=96&d=mm&r=g","caption":"J.J."},"url":"https:\/\/vosgesinfo.fr\/saintdieinfo\/author\/j-j\/"}]}},"_links":{"self":[{"href":"https:\/\/vosgesinfo.fr\/saintdieinfo\/wp-json\/wp\/v2\/posts\/79121","targetHints":{"allow":["GET"]}}],"collection":[{"href":"https:\/\/vosgesinfo.fr\/saintdieinfo\/wp-json\/wp\/v2\/posts"}],"about":[{"href":"https:\/\/vosgesinfo.fr\/saintdieinfo\/wp-json\/wp\/v2\/types\/post"}],"author":[{"embeddable":true,"href":"https:\/\/vosgesinfo.fr\/saintdieinfo\/wp-json\/wp\/v2\/users\/46"}],"replies":[{"embeddable":true,"href":"https:\/\/vosgesinfo.fr\/saintdieinfo\/wp-json\/wp\/v2\/comments?post=79121"}],"version-history":[{"count":1,"href":"https:\/\/vosgesinfo.fr\/saintdieinfo\/wp-json\/wp\/v2\/posts\/79121\/revisions"}],"predecessor-version":[{"id":79123,"href":"https:\/\/vosgesinfo.fr\/saintdieinfo\/wp-json\/wp\/v2\/posts\/79121\/revisions\/79123"}],"wp:featuredmedia":[{"embeddable":true,"href":"https:\/\/vosgesinfo.fr\/saintdieinfo\/wp-json\/wp\/v2\/media\/79122"}],"wp:attachment":[{"href":"https:\/\/vosgesinfo.fr\/saintdieinfo\/wp-json\/wp\/v2\/media?parent=79121"}],"wp:term":[{"taxonomy":"category","embeddable":true,"href":"https:\/\/vosgesinfo.fr\/saintdieinfo\/wp-json\/wp\/v2\/categories?post=79121"},{"taxonomy":"post_tag","embeddable":true,"href":"https:\/\/vosgesinfo.fr\/saintdieinfo\/wp-json\/wp\/v2\/tags?post=79121"}],"curies":[{"name":"wp","href":"https:\/\/api.w.org\/{rel}","templated":true}]}}