{"id":79125,"date":"2025-06-19T05:58:03","date_gmt":"2025-06-19T03:58:03","guid":{"rendered":"https:\/\/vosgesinfo.fr\/saintdieinfo\/?p=79125"},"modified":"2025-06-19T05:58:03","modified_gmt":"2025-06-19T03:58:03","slug":"assemblee-generale-de-lassociation-pour-la-voie-verte-de-la-vallee-de-la-vologne","status":"publish","type":"post","link":"https:\/\/vosgesinfo.fr\/saintdieinfo\/2025\/06\/assemblee-generale-de-lassociation-pour-la-voie-verte-de-la-vallee-de-la-vologne\/","title":{"rendered":"Assembl\u00e9e g\u00e9n\u00e9rale de l\u2019association pour la Voie Verte de la Vall\u00e9e de la Vologne"},"content":{"rendered":"<p><strong>L\u2019Assembl\u00e9e G\u00e9n\u00e9rale de l\u2019Association pour la voie verte de la vall\u00e9e de la Vologne se tiendra le samedi 5 Juillet 2025 \u00e0 la salle polyvalente de Aumontzey (rue Marie Jos\u00e9phine Walter).<\/strong><\/p>\n<p><strong>Tous les adh\u00e9rents et sympathisants y sont convi\u00e9s.<\/strong><\/p>\n<p><a href=\"https:\/\/vosgesinfo.fr\/app\/uploads\/sites\/6\/2024\/06\/logo-voie-verte-110913-page-0001.jpg\"><img decoding=\"async\" class=\"aligncenter size-medium wp-image-10803\" src=\"https:\/\/vosgesinfo.fr\/app\/uploads\/sites\/6\/2024\/06\/logo-voie-verte-110913-page-0001-300x182.jpg\" alt=\"\" width=\"300\" height=\"182\" \/><\/a><\/p>\n","protected":false},"excerpt":{"rendered":"<p>L\u2019Assembl\u00e9e G\u00e9n\u00e9rale de l\u2019Association pour la voie verte de la vall\u00e9e de la Vologne se tiendra le samedi 5 Juillet [&hellip;]<\/p>\n","protected":false},"author":391,"featured_media":79126,"comment_status":"open","ping_status":"open","sticky":false,"template":"","format":"standard","meta":{"footnotes":""},"categories":[460,5391,4100],"tags":[3098],"class_list":["post-79125","post","type-post","status-publish","format-standard","has-post-thumbnail","hentry","category-a-la-une","category-gerardmer","category-saint-die","tag-voie-verte-de-la-vallee-de-la-vologne"],"acf":[],"yoast_head":"<!-- This site is optimized with the Yoast SEO plugin v22.5 - https:\/\/yoast.com\/wordpress\/plugins\/seo\/ -->\n<title>Assembl\u00e9e g\u00e9n\u00e9rale de l\u2019association pour la Voie Verte de la Vall\u00e9e de la Vologne - Saint Die Info<\/title>\n<meta name=\"robots\" content=\"index, follow, max-snippet:-1, max-image-preview:large, max-video-preview:-1\" \/>\n<link rel=\"canonical\" href=\"https:\/\/vosgesinfo.fr\/saintdieinfo\/2025\/06\/assemblee-generale-de-lassociation-pour-la-voie-verte-de-la-vallee-de-la-vologne\/\" \/>\n<meta name=\"twitter:card\" content=\"summary_large_image\" \/>\n<meta name=\"twitter:title\" content=\"Assembl\u00e9e g\u00e9n\u00e9rale de l\u2019association pour la Voie Verte de la Vall\u00e9e de la Vologne - Saint Die Info\" \/>\n<meta name=\"twitter:description\" content=\"L\u2019Assembl\u00e9e G\u00e9n\u00e9rale de l\u2019Association pour la voie verte de la vall\u00e9e de la Vologne se tiendra le samedi 5 Juillet [&hellip;]\" \/>\n<meta name=\"twitter:image\" content=\"https:\/\/vosgesinfo.fr\/app\/uploads\/sites\/4\/2025\/06\/logo-voie-verte-110913-page-0001.jpg\" \/>\n<meta name=\"twitter:creator\" content=\"@VosgesInfo88\" \/>\n<meta name=\"twitter:site\" content=\"@VosgesInfo88\" \/>\n<meta name=\"twitter:label1\" content=\"\u00c9crit par\" \/>\n\t<meta name=\"twitter:data1\" content=\"La redaction\" \/>\n<script type=\"application\/ld+json\" class=\"yoast-schema-graph\">{\"@context\":\"https:\/\/schema.org\",\"@graph\":[{\"@type\":\"Article\",\"@id\":\"https:\/\/vosgesinfo.fr\/saintdieinfo\/2025\/06\/assemblee-generale-de-lassociation-pour-la-voie-verte-de-la-vallee-de-la-vologne\/#article\",\"isPartOf\":{\"@id\":\"https:\/\/vosgesinfo.fr\/saintdieinfo\/2025\/06\/assemblee-generale-de-lassociation-pour-la-voie-verte-de-la-vallee-de-la-vologne\/\"},\"author\":{\"name\":\"La redaction\",\"@id\":\"https:\/\/vosgesinfo.fr\/saintdieinfo\/#\/schema\/person\/27a3695b06db98895b354c0765cdfc31\"},\"headline\":\"Assembl\u00e9e g\u00e9n\u00e9rale de l\u2019association pour la Voie Verte de la Vall\u00e9e de la Vologne\",\"datePublished\":\"2025-06-19T03:58:03+00:00\",\"dateModified\":\"2025-06-19T03:58:03+00:00\",\"mainEntityOfPage\":{\"@id\":\"https:\/\/vosgesinfo.fr\/saintdieinfo\/2025\/06\/assemblee-generale-de-lassociation-pour-la-voie-verte-de-la-vallee-de-la-vologne\/\"},\"wordCount\":64,\"commentCount\":0,\"publisher\":{\"@id\":\"https:\/\/vosgesinfo.fr\/saintdieinfo\/#organization\"},\"image\":{\"@id\":\"https:\/\/vosgesinfo.fr\/saintdieinfo\/2025\/06\/assemblee-generale-de-lassociation-pour-la-voie-verte-de-la-vallee-de-la-vologne\/#primaryimage\"},\"thumbnailUrl\":\"https:\/\/vosgesinfo.fr\/app\/uploads\/sites\/4\/2025\/06\/logo-voie-verte-110913-page-0001.jpg\",\"keywords\":[\"Voie verte de la vall\u00e9e de la Vologne\"],\"articleSection\":[\"A la Une\",\"Gerardmer\",\"Saint-di\u00e9\"],\"inLanguage\":\"fr-FR\",\"potentialAction\":[{\"@type\":\"CommentAction\",\"name\":\"Comment\",\"target\":[\"https:\/\/vosgesinfo.fr\/saintdieinfo\/2025\/06\/assemblee-generale-de-lassociation-pour-la-voie-verte-de-la-vallee-de-la-vologne\/#respond\"]}]},{\"@type\":\"WebPage\",\"@id\":\"https:\/\/vosgesinfo.fr\/saintdieinfo\/2025\/06\/assemblee-generale-de-lassociation-pour-la-voie-verte-de-la-vallee-de-la-vologne\/\",\"url\":\"https:\/\/vosgesinfo.fr\/saintdieinfo\/2025\/06\/assemblee-generale-de-lassociation-pour-la-voie-verte-de-la-vallee-de-la-vologne\/\",\"name\":\"Assembl\u00e9e g\u00e9n\u00e9rale de l\u2019association pour la Voie Verte de la Vall\u00e9e de la Vologne - Saint Die Info\",\"isPartOf\":{\"@id\":\"https:\/\/vosgesinfo.fr\/saintdieinfo\/#website\"},\"primaryImageOfPage\":{\"@id\":\"https:\/\/vosgesinfo.fr\/saintdieinfo\/2025\/06\/assemblee-generale-de-lassociation-pour-la-voie-verte-de-la-vallee-de-la-vologne\/#primaryimage\"},\"image\":{\"@id\":\"https:\/\/vosgesinfo.fr\/saintdieinfo\/2025\/06\/assemblee-generale-de-lassociation-pour-la-voie-verte-de-la-vallee-de-la-vologne\/#primaryimage\"},\"thumbnailUrl\":\"https:\/\/vosgesinfo.fr\/app\/uploads\/sites\/4\/2025\/06\/logo-voie-verte-110913-page-0001.jpg\",\"datePublished\":\"2025-06-19T03:58:03+00:00\",\"dateModified\":\"2025-06-19T03:58:03+00:00\",\"breadcrumb\":{\"@id\":\"https:\/\/vosgesinfo.fr\/saintdieinfo\/2025\/06\/assemblee-generale-de-lassociation-pour-la-voie-verte-de-la-vallee-de-la-vologne\/#breadcrumb\"},\"inLanguage\":\"fr-FR\",\"potentialAction\":[{\"@type\":\"ReadAction\",\"target\":[\"https:\/\/vosgesinfo.fr\/saintdieinfo\/2025\/06\/assemblee-generale-de-lassociation-pour-la-voie-verte-de-la-vallee-de-la-vologne\/\"]}]},{\"@type\":\"ImageObject\",\"inLanguage\":\"fr-FR\",\"@id\":\"https:\/\/vosgesinfo.fr\/saintdieinfo\/2025\/06\/assemblee-generale-de-lassociation-pour-la-voie-verte-de-la-vallee-de-la-vologne\/#primaryimage\",\"url\":\"https:\/\/vosgesinfo.fr\/app\/uploads\/sites\/4\/2025\/06\/logo-voie-verte-110913-page-0001.jpg\",\"contentUrl\":\"https:\/\/vosgesinfo.fr\/app\/uploads\/sites\/4\/2025\/06\/logo-voie-verte-110913-page-0001.jpg\",\"width\":692,\"height\":420},{\"@type\":\"BreadcrumbList\",\"@id\":\"https:\/\/vosgesinfo.fr\/saintdieinfo\/2025\/06\/assemblee-generale-de-lassociation-pour-la-voie-verte-de-la-vallee-de-la-vologne\/#breadcrumb\",\"itemListElement\":[{\"@type\":\"ListItem\",\"position\":1,\"name\":\"Home\",\"item\":\"https:\/\/vosgesinfo.fr\/saintdieinfo\/\"},{\"@type\":\"ListItem\",\"position\":2,\"name\":\"Assembl\u00e9e g\u00e9n\u00e9rale de l\u2019association pour la Voie Verte de la Vall\u00e9e de la Vologne\"}]},{\"@type\":\"WebSite\",\"@id\":\"https:\/\/vosgesinfo.fr\/saintdieinfo\/#website\",\"url\":\"https:\/\/vosgesinfo.fr\/saintdieinfo\/\",\"name\":\"Saint Die Info\",\"description\":\"Toute l&#039;actualit\u00e9 de Saint-Di\u00e9-Des-Vosges\",\"publisher\":{\"@id\":\"https:\/\/vosgesinfo.fr\/saintdieinfo\/#organization\"},\"alternateName\":\"Toute l'actualit\u00e9 de Saint-Di\u00e9-Des-Vosges\",\"potentialAction\":[{\"@type\":\"SearchAction\",\"target\":{\"@type\":\"EntryPoint\",\"urlTemplate\":\"https:\/\/vosgesinfo.fr\/saintdieinfo\/?s={search_term_string}\"},\"query-input\":\"required name=search_term_string\"}],\"inLanguage\":\"fr-FR\"},{\"@type\":\"Organization\",\"@id\":\"https:\/\/vosgesinfo.fr\/saintdieinfo\/#organization\",\"name\":\"Saint Die Info\",\"url\":\"https:\/\/vosgesinfo.fr\/saintdieinfo\/\",\"logo\":{\"@type\":\"ImageObject\",\"inLanguage\":\"fr-FR\",\"@id\":\"https:\/\/vosgesinfo.fr\/saintdieinfo\/#\/schema\/logo\/image\/\",\"url\":\"https:\/\/vosgesinfo.fr\/app\/uploads\/sites\/4\/2024\/02\/logo-sdi.jpg\",\"contentUrl\":\"https:\/\/vosgesinfo.fr\/app\/uploads\/sites\/4\/2024\/02\/logo-sdi.jpg\",\"width\":600,\"height\":600,\"caption\":\"Saint Die Info\"},\"image\":{\"@id\":\"https:\/\/vosgesinfo.fr\/saintdieinfo\/#\/schema\/logo\/image\/\"},\"sameAs\":[\"https:\/\/www.facebook.com\/Saintdieinfofr\",\"https:\/\/x.com\/VosgesInfo88\",\"https:\/\/www.youtube.com\/@vosgesinfo\"]},{\"@type\":\"Person\",\"@id\":\"https:\/\/vosgesinfo.fr\/saintdieinfo\/#\/schema\/person\/27a3695b06db98895b354c0765cdfc31\",\"name\":\"La redaction\",\"image\":{\"@type\":\"ImageObject\",\"inLanguage\":\"fr-FR\",\"@id\":\"https:\/\/vosgesinfo.fr\/saintdieinfo\/#\/schema\/person\/image\/\",\"url\":\"https:\/\/secure.gravatar.com\/avatar\/64c76a78e501cedee55736f43f332df901e1896ae9cd8fad269ae2236dd0e8b6?s=96&d=mm&r=g\",\"contentUrl\":\"https:\/\/secure.gravatar.com\/avatar\/64c76a78e501cedee55736f43f332df901e1896ae9cd8fad269ae2236dd0e8b6?s=96&d=mm&r=g\",\"caption\":\"La redaction\"},\"url\":\"https:\/\/vosgesinfo.fr\/saintdieinfo\/author\/la-redaction\/\"}]}<\/script>\n<!-- \/ Yoast SEO plugin. -->","yoast_head_json":{"title":"Assembl\u00e9e g\u00e9n\u00e9rale de l\u2019association pour la Voie Verte de la Vall\u00e9e de la Vologne - Saint Die Info","robots":{"index":"index","follow":"follow","max-snippet":"max-snippet:-1","max-image-preview":"max-image-preview:large","max-video-preview":"max-video-preview:-1"},"canonical":"https:\/\/vosgesinfo.fr\/saintdieinfo\/2025\/06\/assemblee-generale-de-lassociation-pour-la-voie-verte-de-la-vallee-de-la-vologne\/","twitter_card":"summary_large_image","twitter_title":"Assembl\u00e9e g\u00e9n\u00e9rale de l\u2019association pour la Voie Verte de la Vall\u00e9e de la Vologne - Saint Die Info","twitter_description":"L\u2019Assembl\u00e9e G\u00e9n\u00e9rale de l\u2019Association pour la voie verte de la vall\u00e9e de la Vologne se tiendra le samedi 5 Juillet [&hellip;]","twitter_image":"https:\/\/vosgesinfo.fr\/app\/uploads\/sites\/4\/2025\/06\/logo-voie-verte-110913-page-0001.jpg","twitter_creator":"@VosgesInfo88","twitter_site":"@VosgesInfo88","twitter_misc":{"\u00c9crit par":"La redaction"},"schema":{"@context":"https:\/\/schema.org","@graph":[{"@type":"Article","@id":"https:\/\/vosgesinfo.fr\/saintdieinfo\/2025\/06\/assemblee-generale-de-lassociation-pour-la-voie-verte-de-la-vallee-de-la-vologne\/#article","isPartOf":{"@id":"https:\/\/vosgesinfo.fr\/saintdieinfo\/2025\/06\/assemblee-generale-de-lassociation-pour-la-voie-verte-de-la-vallee-de-la-vologne\/"},"author":{"name":"La redaction","@id":"https:\/\/vosgesinfo.fr\/saintdieinfo\/#\/schema\/person\/27a3695b06db98895b354c0765cdfc31"},"headline":"Assembl\u00e9e g\u00e9n\u00e9rale de l\u2019association pour la Voie Verte de la Vall\u00e9e de la Vologne","datePublished":"2025-06-19T03:58:03+00:00","dateModified":"2025-06-19T03:58:03+00:00","mainEntityOfPage":{"@id":"https:\/\/vosgesinfo.fr\/saintdieinfo\/2025\/06\/assemblee-generale-de-lassociation-pour-la-voie-verte-de-la-vallee-de-la-vologne\/"},"wordCount":64,"commentCount":0,"publisher":{"@id":"https:\/\/vosgesinfo.fr\/saintdieinfo\/#organization"},"image":{"@id":"https:\/\/vosgesinfo.fr\/saintdieinfo\/2025\/06\/assemblee-generale-de-lassociation-pour-la-voie-verte-de-la-vallee-de-la-vologne\/#primaryimage"},"thumbnailUrl":"https:\/\/vosgesinfo.fr\/app\/uploads\/sites\/4\/2025\/06\/logo-voie-verte-110913-page-0001.jpg","keywords":["Voie verte de la vall\u00e9e de la Vologne"],"articleSection":["A la Une","Gerardmer","Saint-di\u00e9"],"inLanguage":"fr-FR","potentialAction":[{"@type":"CommentAction","name":"Comment","target":["https:\/\/vosgesinfo.fr\/saintdieinfo\/2025\/06\/assemblee-generale-de-lassociation-pour-la-voie-verte-de-la-vallee-de-la-vologne\/#respond"]}]},{"@type":"WebPage","@id":"https:\/\/vosgesinfo.fr\/saintdieinfo\/2025\/06\/assemblee-generale-de-lassociation-pour-la-voie-verte-de-la-vallee-de-la-vologne\/","url":"https:\/\/vosgesinfo.fr\/saintdieinfo\/2025\/06\/assemblee-generale-de-lassociation-pour-la-voie-verte-de-la-vallee-de-la-vologne\/","name":"Assembl\u00e9e g\u00e9n\u00e9rale de l\u2019association pour la Voie Verte de la Vall\u00e9e de la Vologne - Saint Die Info","isPartOf":{"@id":"https:\/\/vosgesinfo.fr\/saintdieinfo\/#website"},"primaryImageOfPage":{"@id":"https:\/\/vosgesinfo.fr\/saintdieinfo\/2025\/06\/assemblee-generale-de-lassociation-pour-la-voie-verte-de-la-vallee-de-la-vologne\/#primaryimage"},"image":{"@id":"https:\/\/vosgesinfo.fr\/saintdieinfo\/2025\/06\/assemblee-generale-de-lassociation-pour-la-voie-verte-de-la-vallee-de-la-vologne\/#primaryimage"},"thumbnailUrl":"https:\/\/vosgesinfo.fr\/app\/uploads\/sites\/4\/2025\/06\/logo-voie-verte-110913-page-0001.jpg","datePublished":"2025-06-19T03:58:03+00:00","dateModified":"2025-06-19T03:58:03+00:00","breadcrumb":{"@id":"https:\/\/vosgesinfo.fr\/saintdieinfo\/2025\/06\/assemblee-generale-de-lassociation-pour-la-voie-verte-de-la-vallee-de-la-vologne\/#breadcrumb"},"inLanguage":"fr-FR","potentialAction":[{"@type":"ReadAction","target":["https:\/\/vosgesinfo.fr\/saintdieinfo\/2025\/06\/assemblee-generale-de-lassociation-pour-la-voie-verte-de-la-vallee-de-la-vologne\/"]}]},{"@type":"ImageObject","inLanguage":"fr-FR","@id":"https:\/\/vosgesinfo.fr\/saintdieinfo\/2025\/06\/assemblee-generale-de-lassociation-pour-la-voie-verte-de-la-vallee-de-la-vologne\/#primaryimage","url":"https:\/\/vosgesinfo.fr\/app\/uploads\/sites\/4\/2025\/06\/logo-voie-verte-110913-page-0001.jpg","contentUrl":"https:\/\/vosgesinfo.fr\/app\/uploads\/sites\/4\/2025\/06\/logo-voie-verte-110913-page-0001.jpg","width":692,"height":420},{"@type":"BreadcrumbList","@id":"https:\/\/vosgesinfo.fr\/saintdieinfo\/2025\/06\/assemblee-generale-de-lassociation-pour-la-voie-verte-de-la-vallee-de-la-vologne\/#breadcrumb","itemListElement":[{"@type":"ListItem","position":1,"name":"Home","item":"https:\/\/vosgesinfo.fr\/saintdieinfo\/"},{"@type":"ListItem","position":2,"name":"Assembl\u00e9e g\u00e9n\u00e9rale de l\u2019association pour la Voie Verte de la Vall\u00e9e de la Vologne"}]},{"@type":"WebSite","@id":"https:\/\/vosgesinfo.fr\/saintdieinfo\/#website","url":"https:\/\/vosgesinfo.fr\/saintdieinfo\/","name":"Saint Die Info","description":"Toute l&#039;actualit\u00e9 de Saint-Di\u00e9-Des-Vosges","publisher":{"@id":"https:\/\/vosgesinfo.fr\/saintdieinfo\/#organization"},"alternateName":"Toute l'actualit\u00e9 de Saint-Di\u00e9-Des-Vosges","potentialAction":[{"@type":"SearchAction","target":{"@type":"EntryPoint","urlTemplate":"https:\/\/vosgesinfo.fr\/saintdieinfo\/?s={search_term_string}"},"query-input":"required name=search_term_string"}],"inLanguage":"fr-FR"},{"@type":"Organization","@id":"https:\/\/vosgesinfo.fr\/saintdieinfo\/#organization","name":"Saint Die Info","url":"https:\/\/vosgesinfo.fr\/saintdieinfo\/","logo":{"@type":"ImageObject","inLanguage":"fr-FR","@id":"https:\/\/vosgesinfo.fr\/saintdieinfo\/#\/schema\/logo\/image\/","url":"https:\/\/vosgesinfo.fr\/app\/uploads\/sites\/4\/2024\/02\/logo-sdi.jpg","contentUrl":"https:\/\/vosgesinfo.fr\/app\/uploads\/sites\/4\/2024\/02\/logo-sdi.jpg","width":600,"height":600,"caption":"Saint Die Info"},"image":{"@id":"https:\/\/vosgesinfo.fr\/saintdieinfo\/#\/schema\/logo\/image\/"},"sameAs":["https:\/\/www.facebook.com\/Saintdieinfofr","https:\/\/x.com\/VosgesInfo88","https:\/\/www.youtube.com\/@vosgesinfo"]},{"@type":"Person","@id":"https:\/\/vosgesinfo.fr\/saintdieinfo\/#\/schema\/person\/27a3695b06db98895b354c0765cdfc31","name":"La redaction","image":{"@type":"ImageObject","inLanguage":"fr-FR","@id":"https:\/\/vosgesinfo.fr\/saintdieinfo\/#\/schema\/person\/image\/","url":"https:\/\/secure.gravatar.com\/avatar\/64c76a78e501cedee55736f43f332df901e1896ae9cd8fad269ae2236dd0e8b6?s=96&d=mm&r=g","contentUrl":"https:\/\/secure.gravatar.com\/avatar\/64c76a78e501cedee55736f43f332df901e1896ae9cd8fad269ae2236dd0e8b6?s=96&d=mm&r=g","caption":"La redaction"},"url":"https:\/\/vosgesinfo.fr\/saintdieinfo\/author\/la-redaction\/"}]}},"_links":{"self":[{"href":"https:\/\/vosgesinfo.fr\/saintdieinfo\/wp-json\/wp\/v2\/posts\/79125","targetHints":{"allow":["GET"]}}],"collection":[{"href":"https:\/\/vosgesinfo.fr\/saintdieinfo\/wp-json\/wp\/v2\/posts"}],"about":[{"href":"https:\/\/vosgesinfo.fr\/saintdieinfo\/wp-json\/wp\/v2\/types\/post"}],"author":[{"embeddable":true,"href":"https:\/\/vosgesinfo.fr\/saintdieinfo\/wp-json\/wp\/v2\/users\/391"}],"replies":[{"embeddable":true,"href":"https:\/\/vosgesinfo.fr\/saintdieinfo\/wp-json\/wp\/v2\/comments?post=79125"}],"version-history":[{"count":0,"href":"https:\/\/vosgesinfo.fr\/saintdieinfo\/wp-json\/wp\/v2\/posts\/79125\/revisions"}],"wp:featuredmedia":[{"embeddable":true,"href":"https:\/\/vosgesinfo.fr\/saintdieinfo\/wp-json\/wp\/v2\/media\/79126"}],"wp:attachment":[{"href":"https:\/\/vosgesinfo.fr\/saintdieinfo\/wp-json\/wp\/v2\/media?parent=79125"}],"wp:term":[{"taxonomy":"category","embeddable":true,"href":"https:\/\/vosgesinfo.fr\/saintdieinfo\/wp-json\/wp\/v2\/categories?post=79125"},{"taxonomy":"post_tag","embeddable":true,"href":"https:\/\/vosgesinfo.fr\/saintdieinfo\/wp-json\/wp\/v2\/tags?post=79125"}],"curies":[{"name":"wp","href":"https:\/\/api.w.org\/{rel}","templated":true}]}}