{"id":79127,"date":"2025-06-19T08:45:46","date_gmt":"2025-06-19T06:45:46","guid":{"rendered":"https:\/\/vosgesinfo.fr\/saintdieinfo\/?p=79127"},"modified":"2025-06-19T08:30:39","modified_gmt":"2025-06-19T06:30:39","slug":"la-nature-croquee-et-coloriee-par-les-seniors-deodatiens","status":"publish","type":"post","link":"https:\/\/vosgesinfo.fr\/saintdieinfo\/2025\/06\/la-nature-croquee-et-coloriee-par-les-seniors-deodatiens\/","title":{"rendered":"La nature croqu\u00e9e et colori\u00e9e par les S\u00e9niors d\u00e9odatiens"},"content":{"rendered":"<p data-start=\"60\" data-end=\"313\"><a href=\"https:\/\/vosgesinfo.fr\/app\/uploads\/sites\/4\/2025\/06\/remise-concours-dessins-ehpad-6.jpg\"><img decoding=\"async\" class=\"alignnone size-large wp-image-79133\" src=\"https:\/\/vosgesinfo.fr\/app\/uploads\/sites\/4\/2025\/06\/remise-concours-dessins-ehpad-6-1024x771.jpg\" alt=\"\" width=\"1024\" height=\"771\" srcset=\"https:\/\/vosgesinfo.fr\/app\/uploads\/sites\/4\/2025\/06\/remise-concours-dessins-ehpad-6-1024x771.jpg 1024w, https:\/\/vosgesinfo.fr\/app\/uploads\/sites\/4\/2025\/06\/remise-concours-dessins-ehpad-6-300x226.jpg 300w, https:\/\/vosgesinfo.fr\/app\/uploads\/sites\/4\/2025\/06\/remise-concours-dessins-ehpad-6-768x578.jpg 768w, https:\/\/vosgesinfo.fr\/app\/uploads\/sites\/4\/2025\/06\/remise-concours-dessins-ehpad-6-1536x1157.jpg 1536w, https:\/\/vosgesinfo.fr\/app\/uploads\/sites\/4\/2025\/06\/remise-concours-dessins-ehpad-6.jpg 1600w\" sizes=\"(max-width: 1024px) 100vw, 1024px\" \/><\/a><\/p>\n<h2 data-start=\"60\" data-end=\"313\">Du 17 mars au 15 mai derniers, la <strong data-start=\"85\" data-end=\"137\">conseill\u00e8re municipale d\u00e9l\u00e9gu\u00e9e Roselyne Froment<\/strong> proposait aux r\u00e9sidents des <strong data-start=\"166\" data-end=\"199\">EHPAD de Saint-Di\u00e9-des-Vosges<\/strong>, ainsi que des <strong data-start=\"215\" data-end=\"249\">R\u00e9sidences du Parc et l&rsquo;Alsace<\/strong>, de participer au concours de dessin <strong>\u00ab\u00a01, 2, 3 \u00e0 vos crayons\u00a0\u00bb.<\/strong><\/h2>\n<p data-start=\"60\" data-end=\"313\"><!--more--><\/p>\n<h3><strong>42 participants, entre dessins et coloriages<\/strong><\/h3>\n<p>Autour du th\u00e8me de la nature, <strong>14 des 42 S\u00e9niors<\/strong> qui ont pris part au concours ont mani\u00e9 les crayons pour r\u00e9aliser une <strong>composition tout droit sortie de leur imagination<\/strong>. Les autres se sont pour leur part content\u00e9s d&rsquo;un <strong>exercice de coloriage<\/strong>.<\/p>\n<h3 data-start=\"553\" data-end=\"586\"><strong>Des enfants jur\u00e9s du concours<\/strong><\/h3>\n<p data-start=\"588\" data-end=\"1018\">Roselyne Froment ayant \u00e0 c\u0153ur d&rsquo;int\u00e9grer une <strong data-start=\"635\" data-end=\"669\">dimension interg\u00e9n\u00e9rationnelle<\/strong> \u00e0 chacun de ses projets, ce sont <strong data-start=\"679\" data-end=\"704\">118 jeunes D\u00e9odatiens<\/strong> de l&rsquo;accueil p\u00e9riscolaire, ainsi que <strong data-start=\"742\" data-end=\"786\">20 enfants de l&rsquo;Institut M\u00e9dico-\u00c9ducatif<\/strong>, qui ont vot\u00e9 pour \u00e9lire les dessins et coloriages laur\u00e9ats. Les enfants ont jug\u00e9 chaque dessin selon 3 grands crit\u00e8res\u00a0: le <strong data-start=\"912\" data-end=\"932\">respect du th\u00e8me<\/strong>, l&rsquo;<strong data-start=\"936\" data-end=\"951\">originalit\u00e9<\/strong> et le <strong data-start=\"958\" data-end=\"974\">soin apport\u00e9<\/strong> \u00e0 la r\u00e9alisation du dessin ou du coloriage.<\/p>\n<h3 data-start=\"1020\" data-end=\"1066\"><strong>Une remise de prix \u00e0 l\u2019EHPAD Saint-D\u00e9odat<\/strong><\/h3>\n<p data-start=\"1068\" data-end=\"1411\">Apr\u00e8s le d\u00e9pouillement par <strong data-start=\"1095\" data-end=\"1152\">3 jeunes \u00e9lus du Conseil Municipal des Jeunes \u2013 CMJ \u2013<\/strong> ces derniers jours, c&rsquo;est ce <strong data-start=\"1182\" data-end=\"1228\">mercredi apr\u00e8s-midi \u00e0 l&rsquo;EHPAD Saint-D\u00e9odat<\/strong> que s&rsquo;est tenue la <strong data-start=\"1248\" data-end=\"1280\">remise des prix aux laur\u00e9ats<\/strong> du concours. Des prix sous forme de lots, offerts par des <strong>commer\u00e7ants de Saint-Di\u00e9-des-Vosges.<\/strong> Le dessin ayant r\u00e9colt\u00e9 le <strong data-start=\"1321\" data-end=\"1338\">plus de votes<\/strong> \u00e9tant celui de <strong data-start=\"1354\" data-end=\"1371\">Marcel George<\/strong>, r\u00e9sident de l&rsquo;<strong data-start=\"1387\" data-end=\"1410\">EHPAD de Foucharupt<\/strong>.<\/p>\n<h3 data-start=\"1413\" data-end=\"1477\"><strong>Expositions et suite possible pour \u00ab 1, 2, 3 \u00e0 vos crayons \u00bb<\/strong><\/h3>\n<p data-start=\"1479\" data-end=\"1776\" data-is-last-node=\"\" data-is-only-node=\"\">A l&rsquo;avenir, les diff\u00e9rents dessins et coloriages feront l&rsquo;objet d&rsquo;<strong data-start=\"1533\" data-end=\"1558\">expositions publiques<\/strong>, notamment dans les <strong data-start=\"1579\" data-end=\"1604\">EHPAD ayant particip\u00e9 au concours<\/strong>, ainsi qu&rsquo;\u00e0 la <strong data-start=\"1620\" data-end=\"1647\">m\u00e9diath\u00e8que La Boussole<\/strong> ou dans les <strong data-start=\"1660\" data-end=\"1683\">\u00e9coles d\u00e9odatiennes<\/strong>. Le tout en sachant que <strong data-start=\"1708\" data-end=\"1775\">\u00ab 1, 2, 3 \u00e0 vos crayons \u00bb pourrait \u00eatre de retour d\u00e8s l&rsquo;an prochain<\/strong>.<\/p>\n<div id=\"attachment_79136\" style=\"width: 1034px\" class=\"wp-caption alignnone\"><a href=\"https:\/\/vosgesinfo.fr\/app\/uploads\/sites\/4\/2025\/06\/remise-concours-dessins-ehpad-9.jpg\"><img decoding=\"async\" aria-describedby=\"caption-attachment-79136\" class=\"size-large wp-image-79136\" src=\"https:\/\/vosgesinfo.fr\/app\/uploads\/sites\/4\/2025\/06\/remise-concours-dessins-ehpad-9-1024x771.jpg\" alt=\"\" width=\"1024\" height=\"771\" srcset=\"https:\/\/vosgesinfo.fr\/app\/uploads\/sites\/4\/2025\/06\/remise-concours-dessins-ehpad-9-1024x771.jpg 1024w, https:\/\/vosgesinfo.fr\/app\/uploads\/sites\/4\/2025\/06\/remise-concours-dessins-ehpad-9-300x226.jpg 300w, https:\/\/vosgesinfo.fr\/app\/uploads\/sites\/4\/2025\/06\/remise-concours-dessins-ehpad-9-768x578.jpg 768w, https:\/\/vosgesinfo.fr\/app\/uploads\/sites\/4\/2025\/06\/remise-concours-dessins-ehpad-9-1536x1157.jpg 1536w, https:\/\/vosgesinfo.fr\/app\/uploads\/sites\/4\/2025\/06\/remise-concours-dessins-ehpad-9.jpg 1600w\" sizes=\"(max-width: 1024px) 100vw, 1024px\" \/><\/a><p id=\"caption-attachment-79136\" class=\"wp-caption-text\">Le dessin laur\u00e9at du concours.<\/p><\/div>\n\n\t\t<style type=\"text\/css\">\n\t\t\t#gallery-1 {\n\t\t\t\tmargin: auto;\n\t\t\t}\n\t\t\t#gallery-1 .gallery-item {\n\t\t\t\tfloat: left;\n\t\t\t\tmargin-top: 10px;\n\t\t\t\ttext-align: center;\n\t\t\t\twidth: 33%;\n\t\t\t}\n\t\t\t#gallery-1 img {\n\t\t\t\tborder: 2px solid #cfcfcf;\n\t\t\t}\n\t\t\t#gallery-1 .gallery-caption {\n\t\t\t\tmargin-left: 0;\n\t\t\t}\n\t\t\t\/* see gallery_shortcode() in wp-includes\/media.php *\/\n\t\t<\/style>\n\t\t<div id='gallery-1' class='gallery galleryid-79127 gallery-columns-3 gallery-size-thumbnail'><dl class='gallery-item'>\n\t\t\t<dt class='gallery-icon landscape'>\n\t\t\t\t<a href='https:\/\/vosgesinfo.fr\/app\/uploads\/sites\/4\/2025\/06\/remise-concours-dessins-ehpad-2.jpg'><img decoding=\"async\" width=\"150\" height=\"150\" src=\"https:\/\/vosgesinfo.fr\/app\/uploads\/sites\/4\/2025\/06\/remise-concours-dessins-ehpad-2-150x150.jpg\" class=\"attachment-thumbnail size-thumbnail\" alt=\"\" \/><\/a>\n\t\t\t<\/dt><\/dl><dl class='gallery-item'>\n\t\t\t<dt class='gallery-icon landscape'>\n\t\t\t\t<a href='https:\/\/vosgesinfo.fr\/app\/uploads\/sites\/4\/2025\/06\/remise-concours-dessins-ehpad-5.jpg'><img decoding=\"async\" width=\"150\" height=\"150\" src=\"https:\/\/vosgesinfo.fr\/app\/uploads\/sites\/4\/2025\/06\/remise-concours-dessins-ehpad-5-150x150.jpg\" class=\"attachment-thumbnail size-thumbnail\" alt=\"\" \/><\/a>\n\t\t\t<\/dt><\/dl><dl class='gallery-item'>\n\t\t\t<dt class='gallery-icon landscape'>\n\t\t\t\t<a href='https:\/\/vosgesinfo.fr\/app\/uploads\/sites\/4\/2025\/06\/remise-concours-dessins-ehpad-8.jpg'><img decoding=\"async\" width=\"150\" height=\"150\" src=\"https:\/\/vosgesinfo.fr\/app\/uploads\/sites\/4\/2025\/06\/remise-concours-dessins-ehpad-8-150x150.jpg\" class=\"attachment-thumbnail size-thumbnail\" alt=\"\" \/><\/a>\n\t\t\t<\/dt><\/dl><br style=\"clear: both\" \/><dl class='gallery-item'>\n\t\t\t<dt class='gallery-icon landscape'>\n\t\t\t\t<a href='https:\/\/vosgesinfo.fr\/app\/uploads\/sites\/4\/2025\/06\/remise-concours-dessins-ehpad-3.jpg'><img decoding=\"async\" width=\"150\" height=\"150\" src=\"https:\/\/vosgesinfo.fr\/app\/uploads\/sites\/4\/2025\/06\/remise-concours-dessins-ehpad-3-150x150.jpg\" class=\"attachment-thumbnail size-thumbnail\" alt=\"\" \/><\/a>\n\t\t\t<\/dt><\/dl><dl class='gallery-item'>\n\t\t\t<dt class='gallery-icon landscape'>\n\t\t\t\t<a href='https:\/\/vosgesinfo.fr\/app\/uploads\/sites\/4\/2025\/06\/remise-concours-dessins-ehpad-7.jpg'><img decoding=\"async\" width=\"150\" height=\"150\" src=\"https:\/\/vosgesinfo.fr\/app\/uploads\/sites\/4\/2025\/06\/remise-concours-dessins-ehpad-7-150x150.jpg\" class=\"attachment-thumbnail size-thumbnail\" alt=\"\" \/><\/a>\n\t\t\t<\/dt><\/dl><dl class='gallery-item'>\n\t\t\t<dt class='gallery-icon landscape'>\n\t\t\t\t<a href='https:\/\/vosgesinfo.fr\/app\/uploads\/sites\/4\/2025\/06\/remise-concours-dessins-ehpad-1.jpg'><img decoding=\"async\" width=\"150\" height=\"150\" src=\"https:\/\/vosgesinfo.fr\/app\/uploads\/sites\/4\/2025\/06\/remise-concours-dessins-ehpad-1-150x150.jpg\" class=\"attachment-thumbnail size-thumbnail\" alt=\"\" \/><\/a>\n\t\t\t<\/dt><\/dl><br style=\"clear: both\" \/><dl class='gallery-item'>\n\t\t\t<dt class='gallery-icon landscape'>\n\t\t\t\t<a href='https:\/\/vosgesinfo.fr\/app\/uploads\/sites\/4\/2025\/06\/remise-concours-dessins-ehpad-4.jpg'><img decoding=\"async\" width=\"150\" height=\"150\" src=\"https:\/\/vosgesinfo.fr\/app\/uploads\/sites\/4\/2025\/06\/remise-concours-dessins-ehpad-4-150x150.jpg\" class=\"attachment-thumbnail size-thumbnail\" alt=\"\" \/><\/a>\n\t\t\t<\/dt><\/dl>\n\t\t\t<br style='clear: both' \/>\n\t\t<\/div>\n\n","protected":false},"excerpt":{"rendered":"<p>Du 17 mars au 15 mai derniers, la conseill\u00e8re municipale d\u00e9l\u00e9gu\u00e9e Roselyne Froment proposait aux r\u00e9sidents des EHPAD de Saint-Di\u00e9-des-Vosges, [&hellip;]<\/p>\n","protected":false},"author":46,"featured_media":79133,"comment_status":"open","ping_status":"open","sticky":false,"template":"","format":"standard","meta":{"footnotes":""},"categories":[460,20,167],"tags":[17475,17091,6103,13641,5781,5559],"class_list":["post-79127","post","type-post","status-publish","format-standard","has-post-thumbnail","hentry","category-a-la-une","category-loisirs","category-saint-die-des-vosges","tag-1-2-3-a-vos-crayons","tag-action-intergenerationnelle","tag-concours-de-dessin","tag-ehpad-de-saint-die-des-vosges","tag-ehpad-saint-deodat","tag-roselyne-froment"],"acf":[],"yoast_head":"<!-- This site is optimized with the Yoast SEO plugin v22.5 - https:\/\/yoast.com\/wordpress\/plugins\/seo\/ -->\n<title>La nature croqu\u00e9e et colori\u00e9e par les S\u00e9niors d\u00e9odatiens - Saint Die Info<\/title>\n<meta name=\"robots\" content=\"index, follow, max-snippet:-1, max-image-preview:large, max-video-preview:-1\" \/>\n<link rel=\"canonical\" href=\"https:\/\/vosgesinfo.fr\/saintdieinfo\/2025\/06\/la-nature-croquee-et-coloriee-par-les-seniors-deodatiens\/\" \/>\n<meta name=\"twitter:card\" content=\"summary_large_image\" \/>\n<meta name=\"twitter:title\" content=\"La nature croqu\u00e9e et colori\u00e9e par les S\u00e9niors d\u00e9odatiens - Saint Die Info\" \/>\n<meta name=\"twitter:description\" content=\"Du 17 mars au 15 mai derniers, la conseill\u00e8re municipale d\u00e9l\u00e9gu\u00e9e Roselyne Froment proposait aux r\u00e9sidents des EHPAD de Saint-Di\u00e9-des-Vosges, [&hellip;]\" \/>\n<meta name=\"twitter:image\" content=\"https:\/\/vosgesinfo.fr\/app\/uploads\/sites\/4\/2025\/06\/remise-concours-dessins-ehpad-6.jpg\" \/>\n<meta name=\"twitter:creator\" content=\"@VosgesInfo88\" \/>\n<meta name=\"twitter:site\" content=\"@VosgesInfo88\" \/>\n<meta name=\"twitter:label1\" content=\"\u00c9crit par\" \/>\n\t<meta name=\"twitter:data1\" content=\"J.J.\" \/>\n\t<meta name=\"twitter:label2\" content=\"Dur\u00e9e de lecture estim\u00e9e\" \/>\n\t<meta name=\"twitter:data2\" content=\"2 minutes\" \/>\n<script type=\"application\/ld+json\" class=\"yoast-schema-graph\">{\"@context\":\"https:\/\/schema.org\",\"@graph\":[{\"@type\":\"Article\",\"@id\":\"https:\/\/vosgesinfo.fr\/saintdieinfo\/2025\/06\/la-nature-croquee-et-coloriee-par-les-seniors-deodatiens\/#article\",\"isPartOf\":{\"@id\":\"https:\/\/vosgesinfo.fr\/saintdieinfo\/2025\/06\/la-nature-croquee-et-coloriee-par-les-seniors-deodatiens\/\"},\"author\":{\"name\":\"J.J.\",\"@id\":\"https:\/\/vosgesinfo.fr\/saintdieinfo\/#\/schema\/person\/fa73e9f726d67bb88f46d5b7943cb572\"},\"headline\":\"La nature croqu\u00e9e et colori\u00e9e par les S\u00e9niors d\u00e9odatiens\",\"datePublished\":\"2025-06-19T06:45:46+00:00\",\"dateModified\":\"2025-06-19T06:30:39+00:00\",\"mainEntityOfPage\":{\"@id\":\"https:\/\/vosgesinfo.fr\/saintdieinfo\/2025\/06\/la-nature-croquee-et-coloriee-par-les-seniors-deodatiens\/\"},\"wordCount\":347,\"commentCount\":0,\"publisher\":{\"@id\":\"https:\/\/vosgesinfo.fr\/saintdieinfo\/#organization\"},\"image\":{\"@id\":\"https:\/\/vosgesinfo.fr\/saintdieinfo\/2025\/06\/la-nature-croquee-et-coloriee-par-les-seniors-deodatiens\/#primaryimage\"},\"thumbnailUrl\":\"https:\/\/vosgesinfo.fr\/app\/uploads\/sites\/4\/2025\/06\/remise-concours-dessins-ehpad-6.jpg\",\"keywords\":[\"1 2 3 \u00e0 vos crayons\",\"Action interg\u00e9n\u00e9rationnelle\",\"Concours de dessin\",\"EHPAD de Saint-Di\u00e9-des-Vosges\",\"EHPAD Saint-D\u00e9odat\",\"Roselyne Froment\"],\"articleSection\":[\"A la Une\",\"Loisirs\",\"Saint-Di\u00e9-des-Vosges\"],\"inLanguage\":\"fr-FR\",\"potentialAction\":[{\"@type\":\"CommentAction\",\"name\":\"Comment\",\"target\":[\"https:\/\/vosgesinfo.fr\/saintdieinfo\/2025\/06\/la-nature-croquee-et-coloriee-par-les-seniors-deodatiens\/#respond\"]}]},{\"@type\":\"WebPage\",\"@id\":\"https:\/\/vosgesinfo.fr\/saintdieinfo\/2025\/06\/la-nature-croquee-et-coloriee-par-les-seniors-deodatiens\/\",\"url\":\"https:\/\/vosgesinfo.fr\/saintdieinfo\/2025\/06\/la-nature-croquee-et-coloriee-par-les-seniors-deodatiens\/\",\"name\":\"La nature croqu\u00e9e et colori\u00e9e par les S\u00e9niors d\u00e9odatiens - Saint Die Info\",\"isPartOf\":{\"@id\":\"https:\/\/vosgesinfo.fr\/saintdieinfo\/#website\"},\"primaryImageOfPage\":{\"@id\":\"https:\/\/vosgesinfo.fr\/saintdieinfo\/2025\/06\/la-nature-croquee-et-coloriee-par-les-seniors-deodatiens\/#primaryimage\"},\"image\":{\"@id\":\"https:\/\/vosgesinfo.fr\/saintdieinfo\/2025\/06\/la-nature-croquee-et-coloriee-par-les-seniors-deodatiens\/#primaryimage\"},\"thumbnailUrl\":\"https:\/\/vosgesinfo.fr\/app\/uploads\/sites\/4\/2025\/06\/remise-concours-dessins-ehpad-6.jpg\",\"datePublished\":\"2025-06-19T06:45:46+00:00\",\"dateModified\":\"2025-06-19T06:30:39+00:00\",\"breadcrumb\":{\"@id\":\"https:\/\/vosgesinfo.fr\/saintdieinfo\/2025\/06\/la-nature-croquee-et-coloriee-par-les-seniors-deodatiens\/#breadcrumb\"},\"inLanguage\":\"fr-FR\",\"potentialAction\":[{\"@type\":\"ReadAction\",\"target\":[\"https:\/\/vosgesinfo.fr\/saintdieinfo\/2025\/06\/la-nature-croquee-et-coloriee-par-les-seniors-deodatiens\/\"]}]},{\"@type\":\"ImageObject\",\"inLanguage\":\"fr-FR\",\"@id\":\"https:\/\/vosgesinfo.fr\/saintdieinfo\/2025\/06\/la-nature-croquee-et-coloriee-par-les-seniors-deodatiens\/#primaryimage\",\"url\":\"https:\/\/vosgesinfo.fr\/app\/uploads\/sites\/4\/2025\/06\/remise-concours-dessins-ehpad-6.jpg\",\"contentUrl\":\"https:\/\/vosgesinfo.fr\/app\/uploads\/sites\/4\/2025\/06\/remise-concours-dessins-ehpad-6.jpg\",\"width\":1600,\"height\":1205},{\"@type\":\"BreadcrumbList\",\"@id\":\"https:\/\/vosgesinfo.fr\/saintdieinfo\/2025\/06\/la-nature-croquee-et-coloriee-par-les-seniors-deodatiens\/#breadcrumb\",\"itemListElement\":[{\"@type\":\"ListItem\",\"position\":1,\"name\":\"Home\",\"item\":\"https:\/\/vosgesinfo.fr\/saintdieinfo\/\"},{\"@type\":\"ListItem\",\"position\":2,\"name\":\"La nature croqu\u00e9e et colori\u00e9e par les S\u00e9niors d\u00e9odatiens\"}]},{\"@type\":\"WebSite\",\"@id\":\"https:\/\/vosgesinfo.fr\/saintdieinfo\/#website\",\"url\":\"https:\/\/vosgesinfo.fr\/saintdieinfo\/\",\"name\":\"Saint Die Info\",\"description\":\"Toute l&#039;actualit\u00e9 de Saint-Di\u00e9-Des-Vosges\",\"publisher\":{\"@id\":\"https:\/\/vosgesinfo.fr\/saintdieinfo\/#organization\"},\"alternateName\":\"Toute l'actualit\u00e9 de Saint-Di\u00e9-Des-Vosges\",\"potentialAction\":[{\"@type\":\"SearchAction\",\"target\":{\"@type\":\"EntryPoint\",\"urlTemplate\":\"https:\/\/vosgesinfo.fr\/saintdieinfo\/?s={search_term_string}\"},\"query-input\":\"required name=search_term_string\"}],\"inLanguage\":\"fr-FR\"},{\"@type\":\"Organization\",\"@id\":\"https:\/\/vosgesinfo.fr\/saintdieinfo\/#organization\",\"name\":\"Saint Die Info\",\"url\":\"https:\/\/vosgesinfo.fr\/saintdieinfo\/\",\"logo\":{\"@type\":\"ImageObject\",\"inLanguage\":\"fr-FR\",\"@id\":\"https:\/\/vosgesinfo.fr\/saintdieinfo\/#\/schema\/logo\/image\/\",\"url\":\"https:\/\/vosgesinfo.fr\/app\/uploads\/sites\/4\/2024\/02\/logo-sdi.jpg\",\"contentUrl\":\"https:\/\/vosgesinfo.fr\/app\/uploads\/sites\/4\/2024\/02\/logo-sdi.jpg\",\"width\":600,\"height\":600,\"caption\":\"Saint Die Info\"},\"image\":{\"@id\":\"https:\/\/vosgesinfo.fr\/saintdieinfo\/#\/schema\/logo\/image\/\"},\"sameAs\":[\"https:\/\/www.facebook.com\/Saintdieinfofr\",\"https:\/\/x.com\/VosgesInfo88\",\"https:\/\/www.youtube.com\/@vosgesinfo\"]},{\"@type\":\"Person\",\"@id\":\"https:\/\/vosgesinfo.fr\/saintdieinfo\/#\/schema\/person\/fa73e9f726d67bb88f46d5b7943cb572\",\"name\":\"J.J.\",\"image\":{\"@type\":\"ImageObject\",\"inLanguage\":\"fr-FR\",\"@id\":\"https:\/\/vosgesinfo.fr\/saintdieinfo\/#\/schema\/person\/image\/\",\"url\":\"https:\/\/secure.gravatar.com\/avatar\/219e749e47ffbcca018a360ae4add7d4cdf1cdaaf8bc7676b27efade3fe65615?s=96&d=mm&r=g\",\"contentUrl\":\"https:\/\/secure.gravatar.com\/avatar\/219e749e47ffbcca018a360ae4add7d4cdf1cdaaf8bc7676b27efade3fe65615?s=96&d=mm&r=g\",\"caption\":\"J.J.\"},\"url\":\"https:\/\/vosgesinfo.fr\/saintdieinfo\/author\/j-j\/\"}]}<\/script>\n<!-- \/ Yoast SEO plugin. -->","yoast_head_json":{"title":"La nature croqu\u00e9e et colori\u00e9e par les S\u00e9niors d\u00e9odatiens - Saint Die Info","robots":{"index":"index","follow":"follow","max-snippet":"max-snippet:-1","max-image-preview":"max-image-preview:large","max-video-preview":"max-video-preview:-1"},"canonical":"https:\/\/vosgesinfo.fr\/saintdieinfo\/2025\/06\/la-nature-croquee-et-coloriee-par-les-seniors-deodatiens\/","twitter_card":"summary_large_image","twitter_title":"La nature croqu\u00e9e et colori\u00e9e par les S\u00e9niors d\u00e9odatiens - Saint Die Info","twitter_description":"Du 17 mars au 15 mai derniers, la conseill\u00e8re municipale d\u00e9l\u00e9gu\u00e9e Roselyne Froment proposait aux r\u00e9sidents des EHPAD de Saint-Di\u00e9-des-Vosges, [&hellip;]","twitter_image":"https:\/\/vosgesinfo.fr\/app\/uploads\/sites\/4\/2025\/06\/remise-concours-dessins-ehpad-6.jpg","twitter_creator":"@VosgesInfo88","twitter_site":"@VosgesInfo88","twitter_misc":{"\u00c9crit par":"J.J.","Dur\u00e9e de lecture estim\u00e9e":"2 minutes"},"schema":{"@context":"https:\/\/schema.org","@graph":[{"@type":"Article","@id":"https:\/\/vosgesinfo.fr\/saintdieinfo\/2025\/06\/la-nature-croquee-et-coloriee-par-les-seniors-deodatiens\/#article","isPartOf":{"@id":"https:\/\/vosgesinfo.fr\/saintdieinfo\/2025\/06\/la-nature-croquee-et-coloriee-par-les-seniors-deodatiens\/"},"author":{"name":"J.J.","@id":"https:\/\/vosgesinfo.fr\/saintdieinfo\/#\/schema\/person\/fa73e9f726d67bb88f46d5b7943cb572"},"headline":"La nature croqu\u00e9e et colori\u00e9e par les S\u00e9niors d\u00e9odatiens","datePublished":"2025-06-19T06:45:46+00:00","dateModified":"2025-06-19T06:30:39+00:00","mainEntityOfPage":{"@id":"https:\/\/vosgesinfo.fr\/saintdieinfo\/2025\/06\/la-nature-croquee-et-coloriee-par-les-seniors-deodatiens\/"},"wordCount":347,"commentCount":0,"publisher":{"@id":"https:\/\/vosgesinfo.fr\/saintdieinfo\/#organization"},"image":{"@id":"https:\/\/vosgesinfo.fr\/saintdieinfo\/2025\/06\/la-nature-croquee-et-coloriee-par-les-seniors-deodatiens\/#primaryimage"},"thumbnailUrl":"https:\/\/vosgesinfo.fr\/app\/uploads\/sites\/4\/2025\/06\/remise-concours-dessins-ehpad-6.jpg","keywords":["1 2 3 \u00e0 vos crayons","Action interg\u00e9n\u00e9rationnelle","Concours de dessin","EHPAD de Saint-Di\u00e9-des-Vosges","EHPAD Saint-D\u00e9odat","Roselyne Froment"],"articleSection":["A la Une","Loisirs","Saint-Di\u00e9-des-Vosges"],"inLanguage":"fr-FR","potentialAction":[{"@type":"CommentAction","name":"Comment","target":["https:\/\/vosgesinfo.fr\/saintdieinfo\/2025\/06\/la-nature-croquee-et-coloriee-par-les-seniors-deodatiens\/#respond"]}]},{"@type":"WebPage","@id":"https:\/\/vosgesinfo.fr\/saintdieinfo\/2025\/06\/la-nature-croquee-et-coloriee-par-les-seniors-deodatiens\/","url":"https:\/\/vosgesinfo.fr\/saintdieinfo\/2025\/06\/la-nature-croquee-et-coloriee-par-les-seniors-deodatiens\/","name":"La nature croqu\u00e9e et colori\u00e9e par les S\u00e9niors d\u00e9odatiens - Saint Die Info","isPartOf":{"@id":"https:\/\/vosgesinfo.fr\/saintdieinfo\/#website"},"primaryImageOfPage":{"@id":"https:\/\/vosgesinfo.fr\/saintdieinfo\/2025\/06\/la-nature-croquee-et-coloriee-par-les-seniors-deodatiens\/#primaryimage"},"image":{"@id":"https:\/\/vosgesinfo.fr\/saintdieinfo\/2025\/06\/la-nature-croquee-et-coloriee-par-les-seniors-deodatiens\/#primaryimage"},"thumbnailUrl":"https:\/\/vosgesinfo.fr\/app\/uploads\/sites\/4\/2025\/06\/remise-concours-dessins-ehpad-6.jpg","datePublished":"2025-06-19T06:45:46+00:00","dateModified":"2025-06-19T06:30:39+00:00","breadcrumb":{"@id":"https:\/\/vosgesinfo.fr\/saintdieinfo\/2025\/06\/la-nature-croquee-et-coloriee-par-les-seniors-deodatiens\/#breadcrumb"},"inLanguage":"fr-FR","potentialAction":[{"@type":"ReadAction","target":["https:\/\/vosgesinfo.fr\/saintdieinfo\/2025\/06\/la-nature-croquee-et-coloriee-par-les-seniors-deodatiens\/"]}]},{"@type":"ImageObject","inLanguage":"fr-FR","@id":"https:\/\/vosgesinfo.fr\/saintdieinfo\/2025\/06\/la-nature-croquee-et-coloriee-par-les-seniors-deodatiens\/#primaryimage","url":"https:\/\/vosgesinfo.fr\/app\/uploads\/sites\/4\/2025\/06\/remise-concours-dessins-ehpad-6.jpg","contentUrl":"https:\/\/vosgesinfo.fr\/app\/uploads\/sites\/4\/2025\/06\/remise-concours-dessins-ehpad-6.jpg","width":1600,"height":1205},{"@type":"BreadcrumbList","@id":"https:\/\/vosgesinfo.fr\/saintdieinfo\/2025\/06\/la-nature-croquee-et-coloriee-par-les-seniors-deodatiens\/#breadcrumb","itemListElement":[{"@type":"ListItem","position":1,"name":"Home","item":"https:\/\/vosgesinfo.fr\/saintdieinfo\/"},{"@type":"ListItem","position":2,"name":"La nature croqu\u00e9e et colori\u00e9e par les S\u00e9niors d\u00e9odatiens"}]},{"@type":"WebSite","@id":"https:\/\/vosgesinfo.fr\/saintdieinfo\/#website","url":"https:\/\/vosgesinfo.fr\/saintdieinfo\/","name":"Saint Die Info","description":"Toute l&#039;actualit\u00e9 de Saint-Di\u00e9-Des-Vosges","publisher":{"@id":"https:\/\/vosgesinfo.fr\/saintdieinfo\/#organization"},"alternateName":"Toute l'actualit\u00e9 de Saint-Di\u00e9-Des-Vosges","potentialAction":[{"@type":"SearchAction","target":{"@type":"EntryPoint","urlTemplate":"https:\/\/vosgesinfo.fr\/saintdieinfo\/?s={search_term_string}"},"query-input":"required name=search_term_string"}],"inLanguage":"fr-FR"},{"@type":"Organization","@id":"https:\/\/vosgesinfo.fr\/saintdieinfo\/#organization","name":"Saint Die Info","url":"https:\/\/vosgesinfo.fr\/saintdieinfo\/","logo":{"@type":"ImageObject","inLanguage":"fr-FR","@id":"https:\/\/vosgesinfo.fr\/saintdieinfo\/#\/schema\/logo\/image\/","url":"https:\/\/vosgesinfo.fr\/app\/uploads\/sites\/4\/2024\/02\/logo-sdi.jpg","contentUrl":"https:\/\/vosgesinfo.fr\/app\/uploads\/sites\/4\/2024\/02\/logo-sdi.jpg","width":600,"height":600,"caption":"Saint Die Info"},"image":{"@id":"https:\/\/vosgesinfo.fr\/saintdieinfo\/#\/schema\/logo\/image\/"},"sameAs":["https:\/\/www.facebook.com\/Saintdieinfofr","https:\/\/x.com\/VosgesInfo88","https:\/\/www.youtube.com\/@vosgesinfo"]},{"@type":"Person","@id":"https:\/\/vosgesinfo.fr\/saintdieinfo\/#\/schema\/person\/fa73e9f726d67bb88f46d5b7943cb572","name":"J.J.","image":{"@type":"ImageObject","inLanguage":"fr-FR","@id":"https:\/\/vosgesinfo.fr\/saintdieinfo\/#\/schema\/person\/image\/","url":"https:\/\/secure.gravatar.com\/avatar\/219e749e47ffbcca018a360ae4add7d4cdf1cdaaf8bc7676b27efade3fe65615?s=96&d=mm&r=g","contentUrl":"https:\/\/secure.gravatar.com\/avatar\/219e749e47ffbcca018a360ae4add7d4cdf1cdaaf8bc7676b27efade3fe65615?s=96&d=mm&r=g","caption":"J.J."},"url":"https:\/\/vosgesinfo.fr\/saintdieinfo\/author\/j-j\/"}]}},"_links":{"self":[{"href":"https:\/\/vosgesinfo.fr\/saintdieinfo\/wp-json\/wp\/v2\/posts\/79127","targetHints":{"allow":["GET"]}}],"collection":[{"href":"https:\/\/vosgesinfo.fr\/saintdieinfo\/wp-json\/wp\/v2\/posts"}],"about":[{"href":"https:\/\/vosgesinfo.fr\/saintdieinfo\/wp-json\/wp\/v2\/types\/post"}],"author":[{"embeddable":true,"href":"https:\/\/vosgesinfo.fr\/saintdieinfo\/wp-json\/wp\/v2\/users\/46"}],"replies":[{"embeddable":true,"href":"https:\/\/vosgesinfo.fr\/saintdieinfo\/wp-json\/wp\/v2\/comments?post=79127"}],"version-history":[{"count":1,"href":"https:\/\/vosgesinfo.fr\/saintdieinfo\/wp-json\/wp\/v2\/posts\/79127\/revisions"}],"predecessor-version":[{"id":79137,"href":"https:\/\/vosgesinfo.fr\/saintdieinfo\/wp-json\/wp\/v2\/posts\/79127\/revisions\/79137"}],"wp:featuredmedia":[{"embeddable":true,"href":"https:\/\/vosgesinfo.fr\/saintdieinfo\/wp-json\/wp\/v2\/media\/79133"}],"wp:attachment":[{"href":"https:\/\/vosgesinfo.fr\/saintdieinfo\/wp-json\/wp\/v2\/media?parent=79127"}],"wp:term":[{"taxonomy":"category","embeddable":true,"href":"https:\/\/vosgesinfo.fr\/saintdieinfo\/wp-json\/wp\/v2\/categories?post=79127"},{"taxonomy":"post_tag","embeddable":true,"href":"https:\/\/vosgesinfo.fr\/saintdieinfo\/wp-json\/wp\/v2\/tags?post=79127"}],"curies":[{"name":"wp","href":"https:\/\/api.w.org\/{rel}","templated":true}]}}