{"id":79140,"date":"2025-06-19T09:15:17","date_gmt":"2025-06-19T07:15:17","guid":{"rendered":"https:\/\/vosgesinfo.fr\/saintdieinfo\/?p=79140"},"modified":"2025-06-19T08:34:20","modified_gmt":"2025-06-19T06:34:20","slug":"deces-du-30-mai-au-17-juin-2025","status":"publish","type":"post","link":"https:\/\/vosgesinfo.fr\/saintdieinfo\/2025\/06\/deces-du-30-mai-au-17-juin-2025\/","title":{"rendered":"D\u00e9c\u00e8s du 30 mai au 17 juin 2025"},"content":{"rendered":"<ul>\n<li>30 mai \u2013 <strong data-start=\"770\" data-end=\"810\">Pierrette WINTERSTEIN \u00e9pouse CLEMENT<\/strong>, <strong data-start=\"812\" data-end=\"822\">92 ans<\/strong>, <strong data-start=\"824\" data-end=\"848\">Saint-Di\u00e9-des-Vosges<\/strong><\/li>\n<li>10 juin \u2013 <strong data-start=\"861\" data-end=\"894\">Michelle CHAMBOST veuve COLIN<\/strong>, <strong data-start=\"896\" data-end=\"906\">87 ans<\/strong>, <strong data-start=\"908\" data-end=\"932\">Saint-Di\u00e9-des-Vosges<\/strong><\/li>\n<li>12 juin \u2013 <strong data-start=\"945\" data-end=\"981\">Huguette PEDRAZZANI veuve BOUDOT<\/strong>, <strong data-start=\"983\" data-end=\"993\">87 ans<\/strong>, <strong data-start=\"995\" data-end=\"1011\">Raon-l\u2019\u00c9tape<\/strong><\/li>\n<li>13 juin \u2013 <strong data-start=\"1024\" data-end=\"1057\">Anne CONRAUX veuve MARGRAITTE<\/strong>, <strong data-start=\"1059\" data-end=\"1069\">89 ans<\/strong>, <strong data-start=\"1071\" data-end=\"1090\">Ban-de-Laveline<\/strong><\/li>\n<li>13 juin \u2013 <strong data-start=\"1103\" data-end=\"1141\">Patricia LHEUREUX divorc\u00e9e METRYKA<\/strong>, <strong data-start=\"1143\" data-end=\"1153\">57 ans<\/strong>, <strong data-start=\"1155\" data-end=\"1171\">Raon-l\u2019\u00c9tape<\/strong><\/li>\n<li>13 juin \u2013 <strong data-start=\"1184\" data-end=\"1220\">Yolande PIERREL \u00e9pouse STRASBACH<\/strong>, <strong data-start=\"1222\" data-end=\"1232\">89 ans<\/strong>, <strong data-start=\"1234\" data-end=\"1260\">Provench\u00e8res-et-Colroy<\/strong><\/li>\n<li>14 juin \u2013 <strong data-start=\"1273\" data-end=\"1304\">Josette PIERRON veuve COLIN<\/strong>, <strong data-start=\"1306\" data-end=\"1316\">79 ans<\/strong>, <strong data-start=\"1318\" data-end=\"1340\">Saulcy-sur-Meurthe<\/strong><\/li>\n<li>14 juin \u2013 <strong data-start=\"1353\" data-end=\"1388\">Denise TSCHIEMBER veuve VAUTRIN<\/strong>, <strong data-start=\"1390\" data-end=\"1400\">92 ans<\/strong>, <strong data-start=\"1402\" data-end=\"1411\">Raves<\/strong><\/li>\n<li>15 juin \u2013 <strong data-start=\"1424\" data-end=\"1453\">Anny DIVOUX divorc\u00e9e REMY<\/strong>, <strong data-start=\"1455\" data-end=\"1465\">66 ans<\/strong>, <strong data-start=\"1467\" data-end=\"1491\">Saint-Di\u00e9-des-Vosges<\/strong><\/li>\n<li>16 juin \u2013 <strong data-start=\"1504\" data-end=\"1521\">Bernard LAUDE<\/strong>, <strong data-start=\"1523\" data-end=\"1533\">61 ans<\/strong>, <strong data-start=\"1535\" data-end=\"1548\">G\u00e9rardmer<\/strong><\/li>\n<li>17 juin \u2013 <strong data-start=\"1561\" data-end=\"1596\">Genevi\u00e8ve DIDELOT veuve WASNAIR<\/strong>, <strong data-start=\"1598\" data-end=\"1608\">87 ans<\/strong>, <strong data-start=\"1610\" data-end=\"1626\">Raon-l\u2019\u00c9tape<\/strong><\/li>\n<li>17 juin \u2013 <strong data-start=\"1639\" data-end=\"1674\">Christiane HUMBERT veuve MANGEL<\/strong>, <strong data-start=\"1676\" data-end=\"1686\">87 ans<\/strong>, <strong data-start=\"1688\" data-end=\"1712\" data-is-last-node=\"\">Saint-Di\u00e9-des-Vosges<\/strong><\/li>\n<\/ul>\n","protected":false},"excerpt":{"rendered":"<p>30 mai \u2013 Pierrette WINTERSTEIN \u00e9pouse CLEMENT, 92 ans, Saint-Di\u00e9-des-Vosges 10 juin \u2013 Michelle CHAMBOST veuve COLIN, 87 ans, Saint-Di\u00e9-des-Vosges [&hellip;]<\/p>\n","protected":false},"author":46,"featured_media":22022,"comment_status":"open","ping_status":"open","sticky":false,"template":"","format":"standard","meta":{"footnotes":""},"categories":[2949,5424,2915],"tags":[420,411],"class_list":["post-79140","post","type-post","status-publish","format-standard","has-post-thumbnail","hentry","category-avis-de-deces-carnet","category-etat-civil","category-saint-die-son-canton","tag-deces","tag-etat-civil"],"acf":[],"yoast_head":"<!-- This site is optimized with the Yoast SEO plugin v22.5 - https:\/\/yoast.com\/wordpress\/plugins\/seo\/ -->\n<title>D\u00e9c\u00e8s du 30 mai au 17 juin 2025 - Saint Die Info<\/title>\n<meta name=\"robots\" content=\"index, follow, max-snippet:-1, max-image-preview:large, max-video-preview:-1\" \/>\n<link rel=\"canonical\" href=\"https:\/\/vosgesinfo.fr\/saintdieinfo\/2025\/06\/deces-du-30-mai-au-17-juin-2025\/\" \/>\n<meta name=\"twitter:card\" content=\"summary_large_image\" \/>\n<meta name=\"twitter:title\" content=\"D\u00e9c\u00e8s du 30 mai au 17 juin 2025 - Saint Die Info\" \/>\n<meta name=\"twitter:description\" content=\"30 mai \u2013 Pierrette WINTERSTEIN \u00e9pouse CLEMENT, 92 ans, Saint-Di\u00e9-des-Vosges 10 juin \u2013 Michelle CHAMBOST veuve COLIN, 87 ans, Saint-Di\u00e9-des-Vosges [&hellip;]\" \/>\n<meta name=\"twitter:image\" content=\"https:\/\/vosgesinfo.fr\/app\/uploads\/sites\/4\/2022\/01\/etat-civil.jpg\" \/>\n<meta name=\"twitter:creator\" content=\"@VosgesInfo88\" \/>\n<meta name=\"twitter:site\" content=\"@VosgesInfo88\" \/>\n<meta name=\"twitter:label1\" content=\"\u00c9crit par\" \/>\n\t<meta name=\"twitter:data1\" content=\"J.J.\" \/>\n<script type=\"application\/ld+json\" class=\"yoast-schema-graph\">{\"@context\":\"https:\/\/schema.org\",\"@graph\":[{\"@type\":\"Article\",\"@id\":\"https:\/\/vosgesinfo.fr\/saintdieinfo\/2025\/06\/deces-du-30-mai-au-17-juin-2025\/#article\",\"isPartOf\":{\"@id\":\"https:\/\/vosgesinfo.fr\/saintdieinfo\/2025\/06\/deces-du-30-mai-au-17-juin-2025\/\"},\"author\":{\"name\":\"J.J.\",\"@id\":\"https:\/\/vosgesinfo.fr\/saintdieinfo\/#\/schema\/person\/fa73e9f726d67bb88f46d5b7943cb572\"},\"headline\":\"D\u00e9c\u00e8s du 30 mai au 17 juin 2025\",\"datePublished\":\"2025-06-19T07:15:17+00:00\",\"dateModified\":\"2025-06-19T06:34:20+00:00\",\"mainEntityOfPage\":{\"@id\":\"https:\/\/vosgesinfo.fr\/saintdieinfo\/2025\/06\/deces-du-30-mai-au-17-juin-2025\/\"},\"wordCount\":101,\"commentCount\":0,\"publisher\":{\"@id\":\"https:\/\/vosgesinfo.fr\/saintdieinfo\/#organization\"},\"image\":{\"@id\":\"https:\/\/vosgesinfo.fr\/saintdieinfo\/2025\/06\/deces-du-30-mai-au-17-juin-2025\/#primaryimage\"},\"thumbnailUrl\":\"https:\/\/vosgesinfo.fr\/app\/uploads\/sites\/4\/2022\/01\/etat-civil.jpg\",\"keywords\":[\"D\u00e9c\u00e8s\",\"\u00e9tat civil\"],\"articleSection\":[\"Avis de d\u00e9c\u00e8s\",\"Etat-Civil\",\"Saint-Di\u00e9-des-Vosges et son Agglom\u00e9ration\"],\"inLanguage\":\"fr-FR\",\"potentialAction\":[{\"@type\":\"CommentAction\",\"name\":\"Comment\",\"target\":[\"https:\/\/vosgesinfo.fr\/saintdieinfo\/2025\/06\/deces-du-30-mai-au-17-juin-2025\/#respond\"]}]},{\"@type\":\"WebPage\",\"@id\":\"https:\/\/vosgesinfo.fr\/saintdieinfo\/2025\/06\/deces-du-30-mai-au-17-juin-2025\/\",\"url\":\"https:\/\/vosgesinfo.fr\/saintdieinfo\/2025\/06\/deces-du-30-mai-au-17-juin-2025\/\",\"name\":\"D\u00e9c\u00e8s du 30 mai au 17 juin 2025 - Saint Die Info\",\"isPartOf\":{\"@id\":\"https:\/\/vosgesinfo.fr\/saintdieinfo\/#website\"},\"primaryImageOfPage\":{\"@id\":\"https:\/\/vosgesinfo.fr\/saintdieinfo\/2025\/06\/deces-du-30-mai-au-17-juin-2025\/#primaryimage\"},\"image\":{\"@id\":\"https:\/\/vosgesinfo.fr\/saintdieinfo\/2025\/06\/deces-du-30-mai-au-17-juin-2025\/#primaryimage\"},\"thumbnailUrl\":\"https:\/\/vosgesinfo.fr\/app\/uploads\/sites\/4\/2022\/01\/etat-civil.jpg\",\"datePublished\":\"2025-06-19T07:15:17+00:00\",\"dateModified\":\"2025-06-19T06:34:20+00:00\",\"breadcrumb\":{\"@id\":\"https:\/\/vosgesinfo.fr\/saintdieinfo\/2025\/06\/deces-du-30-mai-au-17-juin-2025\/#breadcrumb\"},\"inLanguage\":\"fr-FR\",\"potentialAction\":[{\"@type\":\"ReadAction\",\"target\":[\"https:\/\/vosgesinfo.fr\/saintdieinfo\/2025\/06\/deces-du-30-mai-au-17-juin-2025\/\"]}]},{\"@type\":\"ImageObject\",\"inLanguage\":\"fr-FR\",\"@id\":\"https:\/\/vosgesinfo.fr\/saintdieinfo\/2025\/06\/deces-du-30-mai-au-17-juin-2025\/#primaryimage\",\"url\":\"https:\/\/vosgesinfo.fr\/app\/uploads\/sites\/4\/2022\/01\/etat-civil.jpg\",\"contentUrl\":\"https:\/\/vosgesinfo.fr\/app\/uploads\/sites\/4\/2022\/01\/etat-civil.jpg\",\"width\":1200,\"height\":600},{\"@type\":\"BreadcrumbList\",\"@id\":\"https:\/\/vosgesinfo.fr\/saintdieinfo\/2025\/06\/deces-du-30-mai-au-17-juin-2025\/#breadcrumb\",\"itemListElement\":[{\"@type\":\"ListItem\",\"position\":1,\"name\":\"Home\",\"item\":\"https:\/\/vosgesinfo.fr\/saintdieinfo\/\"},{\"@type\":\"ListItem\",\"position\":2,\"name\":\"D\u00e9c\u00e8s du 30 mai au 17 juin 2025\"}]},{\"@type\":\"WebSite\",\"@id\":\"https:\/\/vosgesinfo.fr\/saintdieinfo\/#website\",\"url\":\"https:\/\/vosgesinfo.fr\/saintdieinfo\/\",\"name\":\"Saint Die Info\",\"description\":\"Toute l&#039;actualit\u00e9 de Saint-Di\u00e9-Des-Vosges\",\"publisher\":{\"@id\":\"https:\/\/vosgesinfo.fr\/saintdieinfo\/#organization\"},\"alternateName\":\"Toute l'actualit\u00e9 de Saint-Di\u00e9-Des-Vosges\",\"potentialAction\":[{\"@type\":\"SearchAction\",\"target\":{\"@type\":\"EntryPoint\",\"urlTemplate\":\"https:\/\/vosgesinfo.fr\/saintdieinfo\/?s={search_term_string}\"},\"query-input\":\"required name=search_term_string\"}],\"inLanguage\":\"fr-FR\"},{\"@type\":\"Organization\",\"@id\":\"https:\/\/vosgesinfo.fr\/saintdieinfo\/#organization\",\"name\":\"Saint Die Info\",\"url\":\"https:\/\/vosgesinfo.fr\/saintdieinfo\/\",\"logo\":{\"@type\":\"ImageObject\",\"inLanguage\":\"fr-FR\",\"@id\":\"https:\/\/vosgesinfo.fr\/saintdieinfo\/#\/schema\/logo\/image\/\",\"url\":\"https:\/\/vosgesinfo.fr\/app\/uploads\/sites\/4\/2024\/02\/logo-sdi.jpg\",\"contentUrl\":\"https:\/\/vosgesinfo.fr\/app\/uploads\/sites\/4\/2024\/02\/logo-sdi.jpg\",\"width\":600,\"height\":600,\"caption\":\"Saint Die Info\"},\"image\":{\"@id\":\"https:\/\/vosgesinfo.fr\/saintdieinfo\/#\/schema\/logo\/image\/\"},\"sameAs\":[\"https:\/\/www.facebook.com\/Saintdieinfofr\",\"https:\/\/x.com\/VosgesInfo88\",\"https:\/\/www.youtube.com\/@vosgesinfo\"]},{\"@type\":\"Person\",\"@id\":\"https:\/\/vosgesinfo.fr\/saintdieinfo\/#\/schema\/person\/fa73e9f726d67bb88f46d5b7943cb572\",\"name\":\"J.J.\",\"image\":{\"@type\":\"ImageObject\",\"inLanguage\":\"fr-FR\",\"@id\":\"https:\/\/vosgesinfo.fr\/saintdieinfo\/#\/schema\/person\/image\/\",\"url\":\"https:\/\/secure.gravatar.com\/avatar\/219e749e47ffbcca018a360ae4add7d4cdf1cdaaf8bc7676b27efade3fe65615?s=96&d=mm&r=g\",\"contentUrl\":\"https:\/\/secure.gravatar.com\/avatar\/219e749e47ffbcca018a360ae4add7d4cdf1cdaaf8bc7676b27efade3fe65615?s=96&d=mm&r=g\",\"caption\":\"J.J.\"},\"url\":\"https:\/\/vosgesinfo.fr\/saintdieinfo\/author\/j-j\/\"}]}<\/script>\n<!-- \/ Yoast SEO plugin. -->","yoast_head_json":{"title":"D\u00e9c\u00e8s du 30 mai au 17 juin 2025 - Saint Die Info","robots":{"index":"index","follow":"follow","max-snippet":"max-snippet:-1","max-image-preview":"max-image-preview:large","max-video-preview":"max-video-preview:-1"},"canonical":"https:\/\/vosgesinfo.fr\/saintdieinfo\/2025\/06\/deces-du-30-mai-au-17-juin-2025\/","twitter_card":"summary_large_image","twitter_title":"D\u00e9c\u00e8s du 30 mai au 17 juin 2025 - Saint Die Info","twitter_description":"30 mai \u2013 Pierrette WINTERSTEIN \u00e9pouse CLEMENT, 92 ans, Saint-Di\u00e9-des-Vosges 10 juin \u2013 Michelle CHAMBOST veuve COLIN, 87 ans, Saint-Di\u00e9-des-Vosges [&hellip;]","twitter_image":"https:\/\/vosgesinfo.fr\/app\/uploads\/sites\/4\/2022\/01\/etat-civil.jpg","twitter_creator":"@VosgesInfo88","twitter_site":"@VosgesInfo88","twitter_misc":{"\u00c9crit par":"J.J."},"schema":{"@context":"https:\/\/schema.org","@graph":[{"@type":"Article","@id":"https:\/\/vosgesinfo.fr\/saintdieinfo\/2025\/06\/deces-du-30-mai-au-17-juin-2025\/#article","isPartOf":{"@id":"https:\/\/vosgesinfo.fr\/saintdieinfo\/2025\/06\/deces-du-30-mai-au-17-juin-2025\/"},"author":{"name":"J.J.","@id":"https:\/\/vosgesinfo.fr\/saintdieinfo\/#\/schema\/person\/fa73e9f726d67bb88f46d5b7943cb572"},"headline":"D\u00e9c\u00e8s du 30 mai au 17 juin 2025","datePublished":"2025-06-19T07:15:17+00:00","dateModified":"2025-06-19T06:34:20+00:00","mainEntityOfPage":{"@id":"https:\/\/vosgesinfo.fr\/saintdieinfo\/2025\/06\/deces-du-30-mai-au-17-juin-2025\/"},"wordCount":101,"commentCount":0,"publisher":{"@id":"https:\/\/vosgesinfo.fr\/saintdieinfo\/#organization"},"image":{"@id":"https:\/\/vosgesinfo.fr\/saintdieinfo\/2025\/06\/deces-du-30-mai-au-17-juin-2025\/#primaryimage"},"thumbnailUrl":"https:\/\/vosgesinfo.fr\/app\/uploads\/sites\/4\/2022\/01\/etat-civil.jpg","keywords":["D\u00e9c\u00e8s","\u00e9tat civil"],"articleSection":["Avis de d\u00e9c\u00e8s","Etat-Civil","Saint-Di\u00e9-des-Vosges et son Agglom\u00e9ration"],"inLanguage":"fr-FR","potentialAction":[{"@type":"CommentAction","name":"Comment","target":["https:\/\/vosgesinfo.fr\/saintdieinfo\/2025\/06\/deces-du-30-mai-au-17-juin-2025\/#respond"]}]},{"@type":"WebPage","@id":"https:\/\/vosgesinfo.fr\/saintdieinfo\/2025\/06\/deces-du-30-mai-au-17-juin-2025\/","url":"https:\/\/vosgesinfo.fr\/saintdieinfo\/2025\/06\/deces-du-30-mai-au-17-juin-2025\/","name":"D\u00e9c\u00e8s du 30 mai au 17 juin 2025 - Saint Die Info","isPartOf":{"@id":"https:\/\/vosgesinfo.fr\/saintdieinfo\/#website"},"primaryImageOfPage":{"@id":"https:\/\/vosgesinfo.fr\/saintdieinfo\/2025\/06\/deces-du-30-mai-au-17-juin-2025\/#primaryimage"},"image":{"@id":"https:\/\/vosgesinfo.fr\/saintdieinfo\/2025\/06\/deces-du-30-mai-au-17-juin-2025\/#primaryimage"},"thumbnailUrl":"https:\/\/vosgesinfo.fr\/app\/uploads\/sites\/4\/2022\/01\/etat-civil.jpg","datePublished":"2025-06-19T07:15:17+00:00","dateModified":"2025-06-19T06:34:20+00:00","breadcrumb":{"@id":"https:\/\/vosgesinfo.fr\/saintdieinfo\/2025\/06\/deces-du-30-mai-au-17-juin-2025\/#breadcrumb"},"inLanguage":"fr-FR","potentialAction":[{"@type":"ReadAction","target":["https:\/\/vosgesinfo.fr\/saintdieinfo\/2025\/06\/deces-du-30-mai-au-17-juin-2025\/"]}]},{"@type":"ImageObject","inLanguage":"fr-FR","@id":"https:\/\/vosgesinfo.fr\/saintdieinfo\/2025\/06\/deces-du-30-mai-au-17-juin-2025\/#primaryimage","url":"https:\/\/vosgesinfo.fr\/app\/uploads\/sites\/4\/2022\/01\/etat-civil.jpg","contentUrl":"https:\/\/vosgesinfo.fr\/app\/uploads\/sites\/4\/2022\/01\/etat-civil.jpg","width":1200,"height":600},{"@type":"BreadcrumbList","@id":"https:\/\/vosgesinfo.fr\/saintdieinfo\/2025\/06\/deces-du-30-mai-au-17-juin-2025\/#breadcrumb","itemListElement":[{"@type":"ListItem","position":1,"name":"Home","item":"https:\/\/vosgesinfo.fr\/saintdieinfo\/"},{"@type":"ListItem","position":2,"name":"D\u00e9c\u00e8s du 30 mai au 17 juin 2025"}]},{"@type":"WebSite","@id":"https:\/\/vosgesinfo.fr\/saintdieinfo\/#website","url":"https:\/\/vosgesinfo.fr\/saintdieinfo\/","name":"Saint Die Info","description":"Toute l&#039;actualit\u00e9 de Saint-Di\u00e9-Des-Vosges","publisher":{"@id":"https:\/\/vosgesinfo.fr\/saintdieinfo\/#organization"},"alternateName":"Toute l'actualit\u00e9 de Saint-Di\u00e9-Des-Vosges","potentialAction":[{"@type":"SearchAction","target":{"@type":"EntryPoint","urlTemplate":"https:\/\/vosgesinfo.fr\/saintdieinfo\/?s={search_term_string}"},"query-input":"required name=search_term_string"}],"inLanguage":"fr-FR"},{"@type":"Organization","@id":"https:\/\/vosgesinfo.fr\/saintdieinfo\/#organization","name":"Saint Die Info","url":"https:\/\/vosgesinfo.fr\/saintdieinfo\/","logo":{"@type":"ImageObject","inLanguage":"fr-FR","@id":"https:\/\/vosgesinfo.fr\/saintdieinfo\/#\/schema\/logo\/image\/","url":"https:\/\/vosgesinfo.fr\/app\/uploads\/sites\/4\/2024\/02\/logo-sdi.jpg","contentUrl":"https:\/\/vosgesinfo.fr\/app\/uploads\/sites\/4\/2024\/02\/logo-sdi.jpg","width":600,"height":600,"caption":"Saint Die Info"},"image":{"@id":"https:\/\/vosgesinfo.fr\/saintdieinfo\/#\/schema\/logo\/image\/"},"sameAs":["https:\/\/www.facebook.com\/Saintdieinfofr","https:\/\/x.com\/VosgesInfo88","https:\/\/www.youtube.com\/@vosgesinfo"]},{"@type":"Person","@id":"https:\/\/vosgesinfo.fr\/saintdieinfo\/#\/schema\/person\/fa73e9f726d67bb88f46d5b7943cb572","name":"J.J.","image":{"@type":"ImageObject","inLanguage":"fr-FR","@id":"https:\/\/vosgesinfo.fr\/saintdieinfo\/#\/schema\/person\/image\/","url":"https:\/\/secure.gravatar.com\/avatar\/219e749e47ffbcca018a360ae4add7d4cdf1cdaaf8bc7676b27efade3fe65615?s=96&d=mm&r=g","contentUrl":"https:\/\/secure.gravatar.com\/avatar\/219e749e47ffbcca018a360ae4add7d4cdf1cdaaf8bc7676b27efade3fe65615?s=96&d=mm&r=g","caption":"J.J."},"url":"https:\/\/vosgesinfo.fr\/saintdieinfo\/author\/j-j\/"}]}},"_links":{"self":[{"href":"https:\/\/vosgesinfo.fr\/saintdieinfo\/wp-json\/wp\/v2\/posts\/79140","targetHints":{"allow":["GET"]}}],"collection":[{"href":"https:\/\/vosgesinfo.fr\/saintdieinfo\/wp-json\/wp\/v2\/posts"}],"about":[{"href":"https:\/\/vosgesinfo.fr\/saintdieinfo\/wp-json\/wp\/v2\/types\/post"}],"author":[{"embeddable":true,"href":"https:\/\/vosgesinfo.fr\/saintdieinfo\/wp-json\/wp\/v2\/users\/46"}],"replies":[{"embeddable":true,"href":"https:\/\/vosgesinfo.fr\/saintdieinfo\/wp-json\/wp\/v2\/comments?post=79140"}],"version-history":[{"count":1,"href":"https:\/\/vosgesinfo.fr\/saintdieinfo\/wp-json\/wp\/v2\/posts\/79140\/revisions"}],"predecessor-version":[{"id":79141,"href":"https:\/\/vosgesinfo.fr\/saintdieinfo\/wp-json\/wp\/v2\/posts\/79140\/revisions\/79141"}],"wp:featuredmedia":[{"embeddable":true,"href":"https:\/\/vosgesinfo.fr\/saintdieinfo\/wp-json\/wp\/v2\/media\/22022"}],"wp:attachment":[{"href":"https:\/\/vosgesinfo.fr\/saintdieinfo\/wp-json\/wp\/v2\/media?parent=79140"}],"wp:term":[{"taxonomy":"category","embeddable":true,"href":"https:\/\/vosgesinfo.fr\/saintdieinfo\/wp-json\/wp\/v2\/categories?post=79140"},{"taxonomy":"post_tag","embeddable":true,"href":"https:\/\/vosgesinfo.fr\/saintdieinfo\/wp-json\/wp\/v2\/tags?post=79140"}],"curies":[{"name":"wp","href":"https:\/\/api.w.org\/{rel}","templated":true}]}}