{"id":79159,"date":"2025-06-19T12:15:44","date_gmt":"2025-06-19T10:15:44","guid":{"rendered":"https:\/\/vosgesinfo.fr\/saintdieinfo\/?p=79159"},"modified":"2025-06-19T12:02:03","modified_gmt":"2025-06-19T10:02:03","slug":"une-lueur-artistique-dans-la-penombre-au-cepagrap","status":"publish","type":"post","link":"https:\/\/vosgesinfo.fr\/saintdieinfo\/2025\/06\/une-lueur-artistique-dans-la-penombre-au-cepagrap\/","title":{"rendered":"Une lueur artistique dans la p\u00e9nombre au CEPAGRAP"},"content":{"rendered":"<h2><strong>\u00ab Une lueur dans la p\u00e9nombre \u00bb<\/strong> est le th\u00e8me choisi par les \u00e9l\u00e8ves du <strong>CEPAGRAP<\/strong>\u00a0pour leur <strong>exposition de fin d\u2019ann\u00e9e<\/strong>. Plus d\u2019une <strong>soixantaine d\u2019\u00e9l\u00e8ves<\/strong> ont explor\u00e9 cette th\u00e9matique \u00e0 travers diverses pratiques : <strong>dessin<\/strong>, <strong>peinture<\/strong>, <strong>gravure<\/strong> ou <strong>c\u00e9ramique<\/strong>.<\/h2>\n<p><!--more--><\/p>\n<p>D\u00e9clin\u00e9e de mani\u00e8re <strong>rassurante<\/strong>, <strong>angoissante<\/strong>, <strong>mouvante<\/strong> ou <strong>vacillante<\/strong>, la lueur dans la p\u00e9nombre r\u00e9v\u00e8le des <strong>formes vagues<\/strong>, des <strong>chemins<\/strong>, des <strong>arbres<\/strong>, un <strong>temple<\/strong>, et parfois m\u00eame des <strong>couleurs<\/strong>. Une \u00e9vocation sensible de l\u2019entre-deux, o\u00f9 l\u2019ombre laisse deviner la lumi\u00e8re.<\/p>\n<p>L\u2019exposition est \u00e0 d\u00e9couvrir <strong>tout au long du mois de juillet<\/strong>, \u00e0 la <strong>Galerie d\u2019Art<\/strong> et dans la <strong>grande salle de travail de l\u2019Espace des Arts Plastiques CEPAGRAP<\/strong>, de <strong>15 h \u00e0 19 h<\/strong> du <strong>mardi au samedi<\/strong>. <strong>Entr\u00e9e libre<\/strong>. <strong>Vernissage samedi 28 juin \u00e0 18 h<\/strong>.<\/p>\n<p><a href=\"https:\/\/vosgesinfo.fr\/app\/uploads\/sites\/4\/2025\/06\/lueur-dans-la-penombre-cepagrap.jpg\"><img decoding=\"async\" class=\"alignnone size-large wp-image-79162\" src=\"https:\/\/vosgesinfo.fr\/app\/uploads\/sites\/4\/2025\/06\/lueur-dans-la-penombre-cepagrap-678x1024.jpg\" alt=\"\" width=\"678\" height=\"1024\" srcset=\"https:\/\/vosgesinfo.fr\/app\/uploads\/sites\/4\/2025\/06\/lueur-dans-la-penombre-cepagrap-678x1024.jpg 678w, https:\/\/vosgesinfo.fr\/app\/uploads\/sites\/4\/2025\/06\/lueur-dans-la-penombre-cepagrap-199x300.jpg 199w, https:\/\/vosgesinfo.fr\/app\/uploads\/sites\/4\/2025\/06\/lueur-dans-la-penombre-cepagrap-768x1160.jpg 768w, https:\/\/vosgesinfo.fr\/app\/uploads\/sites\/4\/2025\/06\/lueur-dans-la-penombre-cepagrap-1017x1536.jpg 1017w, https:\/\/vosgesinfo.fr\/app\/uploads\/sites\/4\/2025\/06\/lueur-dans-la-penombre-cepagrap.jpg 1324w\" sizes=\"(max-width: 678px) 100vw, 678px\" \/><\/a><\/p>\n","protected":false},"excerpt":{"rendered":"<p>\u00ab Une lueur dans la p\u00e9nombre \u00bb est le th\u00e8me choisi par les \u00e9l\u00e8ves du CEPAGRAP\u00a0pour leur exposition de fin [&hellip;]<\/p>\n","protected":false},"author":46,"featured_media":79162,"comment_status":"open","ping_status":"open","sticky":false,"template":"","format":"standard","meta":{"footnotes":""},"categories":[460,8019,167],"tags":[3084,17481,6543,200,17480],"class_list":["post-79159","post","type-post","status-publish","format-standard","has-post-thumbnail","hentry","category-a-la-une","category-vie-artistique-art-culture","category-saint-die-des-vosges","tag-cepagrap","tag-eleves-du-cepagrap","tag-espace-des-arts-plastiques","tag-exposition","tag-une-lueur-dans-la-penombre"],"acf":[],"yoast_head":"<!-- This site is optimized with the Yoast SEO plugin v22.5 - https:\/\/yoast.com\/wordpress\/plugins\/seo\/ -->\n<title>Une lueur artistique dans la p\u00e9nombre au CEPAGRAP - Saint Die Info<\/title>\n<meta name=\"robots\" content=\"index, follow, max-snippet:-1, max-image-preview:large, max-video-preview:-1\" \/>\n<link rel=\"canonical\" href=\"https:\/\/vosgesinfo.fr\/saintdieinfo\/2025\/06\/une-lueur-artistique-dans-la-penombre-au-cepagrap\/\" \/>\n<meta name=\"twitter:card\" content=\"summary_large_image\" \/>\n<meta name=\"twitter:title\" content=\"Une lueur artistique dans la p\u00e9nombre au CEPAGRAP - Saint Die Info\" \/>\n<meta name=\"twitter:description\" content=\"\u00ab Une lueur dans la p\u00e9nombre \u00bb est le th\u00e8me choisi par les \u00e9l\u00e8ves du CEPAGRAP\u00a0pour leur exposition de fin [&hellip;]\" \/>\n<meta name=\"twitter:image\" content=\"https:\/\/vosgesinfo.fr\/app\/uploads\/sites\/4\/2025\/06\/lueur-dans-la-penombre-cepagrap.jpg\" \/>\n<meta name=\"twitter:creator\" content=\"@VosgesInfo88\" \/>\n<meta name=\"twitter:site\" content=\"@VosgesInfo88\" \/>\n<meta name=\"twitter:label1\" content=\"\u00c9crit par\" \/>\n\t<meta name=\"twitter:data1\" content=\"J.J.\" \/>\n\t<meta name=\"twitter:label2\" content=\"Dur\u00e9e de lecture estim\u00e9e\" \/>\n\t<meta name=\"twitter:data2\" content=\"1 minute\" \/>\n<script type=\"application\/ld+json\" class=\"yoast-schema-graph\">{\"@context\":\"https:\/\/schema.org\",\"@graph\":[{\"@type\":\"Article\",\"@id\":\"https:\/\/vosgesinfo.fr\/saintdieinfo\/2025\/06\/une-lueur-artistique-dans-la-penombre-au-cepagrap\/#article\",\"isPartOf\":{\"@id\":\"https:\/\/vosgesinfo.fr\/saintdieinfo\/2025\/06\/une-lueur-artistique-dans-la-penombre-au-cepagrap\/\"},\"author\":{\"name\":\"J.J.\",\"@id\":\"https:\/\/vosgesinfo.fr\/saintdieinfo\/#\/schema\/person\/fa73e9f726d67bb88f46d5b7943cb572\"},\"headline\":\"Une lueur artistique dans la p\u00e9nombre au CEPAGRAP\",\"datePublished\":\"2025-06-19T10:15:44+00:00\",\"dateModified\":\"2025-06-19T10:02:03+00:00\",\"mainEntityOfPage\":{\"@id\":\"https:\/\/vosgesinfo.fr\/saintdieinfo\/2025\/06\/une-lueur-artistique-dans-la-penombre-au-cepagrap\/\"},\"wordCount\":148,\"commentCount\":0,\"publisher\":{\"@id\":\"https:\/\/vosgesinfo.fr\/saintdieinfo\/#organization\"},\"image\":{\"@id\":\"https:\/\/vosgesinfo.fr\/saintdieinfo\/2025\/06\/une-lueur-artistique-dans-la-penombre-au-cepagrap\/#primaryimage\"},\"thumbnailUrl\":\"https:\/\/vosgesinfo.fr\/app\/uploads\/sites\/4\/2025\/06\/lueur-dans-la-penombre-cepagrap.jpg\",\"keywords\":[\"CEPAGRAP\",\"El\u00e8ves du CEPAGRAP\",\"Espace des Arts Plastiques\",\"exposition\",\"Une lueur dans la p\u00e9nombre\"],\"articleSection\":[\"A la Une\",\"Art\",\"Saint-Di\u00e9-des-Vosges\"],\"inLanguage\":\"fr-FR\",\"potentialAction\":[{\"@type\":\"CommentAction\",\"name\":\"Comment\",\"target\":[\"https:\/\/vosgesinfo.fr\/saintdieinfo\/2025\/06\/une-lueur-artistique-dans-la-penombre-au-cepagrap\/#respond\"]}]},{\"@type\":\"WebPage\",\"@id\":\"https:\/\/vosgesinfo.fr\/saintdieinfo\/2025\/06\/une-lueur-artistique-dans-la-penombre-au-cepagrap\/\",\"url\":\"https:\/\/vosgesinfo.fr\/saintdieinfo\/2025\/06\/une-lueur-artistique-dans-la-penombre-au-cepagrap\/\",\"name\":\"Une lueur artistique dans la p\u00e9nombre au CEPAGRAP - Saint Die Info\",\"isPartOf\":{\"@id\":\"https:\/\/vosgesinfo.fr\/saintdieinfo\/#website\"},\"primaryImageOfPage\":{\"@id\":\"https:\/\/vosgesinfo.fr\/saintdieinfo\/2025\/06\/une-lueur-artistique-dans-la-penombre-au-cepagrap\/#primaryimage\"},\"image\":{\"@id\":\"https:\/\/vosgesinfo.fr\/saintdieinfo\/2025\/06\/une-lueur-artistique-dans-la-penombre-au-cepagrap\/#primaryimage\"},\"thumbnailUrl\":\"https:\/\/vosgesinfo.fr\/app\/uploads\/sites\/4\/2025\/06\/lueur-dans-la-penombre-cepagrap.jpg\",\"datePublished\":\"2025-06-19T10:15:44+00:00\",\"dateModified\":\"2025-06-19T10:02:03+00:00\",\"breadcrumb\":{\"@id\":\"https:\/\/vosgesinfo.fr\/saintdieinfo\/2025\/06\/une-lueur-artistique-dans-la-penombre-au-cepagrap\/#breadcrumb\"},\"inLanguage\":\"fr-FR\",\"potentialAction\":[{\"@type\":\"ReadAction\",\"target\":[\"https:\/\/vosgesinfo.fr\/saintdieinfo\/2025\/06\/une-lueur-artistique-dans-la-penombre-au-cepagrap\/\"]}]},{\"@type\":\"ImageObject\",\"inLanguage\":\"fr-FR\",\"@id\":\"https:\/\/vosgesinfo.fr\/saintdieinfo\/2025\/06\/une-lueur-artistique-dans-la-penombre-au-cepagrap\/#primaryimage\",\"url\":\"https:\/\/vosgesinfo.fr\/app\/uploads\/sites\/4\/2025\/06\/lueur-dans-la-penombre-cepagrap.jpg\",\"contentUrl\":\"https:\/\/vosgesinfo.fr\/app\/uploads\/sites\/4\/2025\/06\/lueur-dans-la-penombre-cepagrap.jpg\",\"width\":1324,\"height\":2000},{\"@type\":\"BreadcrumbList\",\"@id\":\"https:\/\/vosgesinfo.fr\/saintdieinfo\/2025\/06\/une-lueur-artistique-dans-la-penombre-au-cepagrap\/#breadcrumb\",\"itemListElement\":[{\"@type\":\"ListItem\",\"position\":1,\"name\":\"Home\",\"item\":\"https:\/\/vosgesinfo.fr\/saintdieinfo\/\"},{\"@type\":\"ListItem\",\"position\":2,\"name\":\"Une lueur artistique dans la p\u00e9nombre au CEPAGRAP\"}]},{\"@type\":\"WebSite\",\"@id\":\"https:\/\/vosgesinfo.fr\/saintdieinfo\/#website\",\"url\":\"https:\/\/vosgesinfo.fr\/saintdieinfo\/\",\"name\":\"Saint Die Info\",\"description\":\"Toute l&#039;actualit\u00e9 de Saint-Di\u00e9-Des-Vosges\",\"publisher\":{\"@id\":\"https:\/\/vosgesinfo.fr\/saintdieinfo\/#organization\"},\"alternateName\":\"Toute l'actualit\u00e9 de Saint-Di\u00e9-Des-Vosges\",\"potentialAction\":[{\"@type\":\"SearchAction\",\"target\":{\"@type\":\"EntryPoint\",\"urlTemplate\":\"https:\/\/vosgesinfo.fr\/saintdieinfo\/?s={search_term_string}\"},\"query-input\":\"required name=search_term_string\"}],\"inLanguage\":\"fr-FR\"},{\"@type\":\"Organization\",\"@id\":\"https:\/\/vosgesinfo.fr\/saintdieinfo\/#organization\",\"name\":\"Saint Die Info\",\"url\":\"https:\/\/vosgesinfo.fr\/saintdieinfo\/\",\"logo\":{\"@type\":\"ImageObject\",\"inLanguage\":\"fr-FR\",\"@id\":\"https:\/\/vosgesinfo.fr\/saintdieinfo\/#\/schema\/logo\/image\/\",\"url\":\"https:\/\/vosgesinfo.fr\/app\/uploads\/sites\/4\/2024\/02\/logo-sdi.jpg\",\"contentUrl\":\"https:\/\/vosgesinfo.fr\/app\/uploads\/sites\/4\/2024\/02\/logo-sdi.jpg\",\"width\":600,\"height\":600,\"caption\":\"Saint Die Info\"},\"image\":{\"@id\":\"https:\/\/vosgesinfo.fr\/saintdieinfo\/#\/schema\/logo\/image\/\"},\"sameAs\":[\"https:\/\/www.facebook.com\/Saintdieinfofr\",\"https:\/\/x.com\/VosgesInfo88\",\"https:\/\/www.youtube.com\/@vosgesinfo\"]},{\"@type\":\"Person\",\"@id\":\"https:\/\/vosgesinfo.fr\/saintdieinfo\/#\/schema\/person\/fa73e9f726d67bb88f46d5b7943cb572\",\"name\":\"J.J.\",\"image\":{\"@type\":\"ImageObject\",\"inLanguage\":\"fr-FR\",\"@id\":\"https:\/\/vosgesinfo.fr\/saintdieinfo\/#\/schema\/person\/image\/\",\"url\":\"https:\/\/secure.gravatar.com\/avatar\/219e749e47ffbcca018a360ae4add7d4cdf1cdaaf8bc7676b27efade3fe65615?s=96&d=mm&r=g\",\"contentUrl\":\"https:\/\/secure.gravatar.com\/avatar\/219e749e47ffbcca018a360ae4add7d4cdf1cdaaf8bc7676b27efade3fe65615?s=96&d=mm&r=g\",\"caption\":\"J.J.\"},\"url\":\"https:\/\/vosgesinfo.fr\/saintdieinfo\/author\/j-j\/\"}]}<\/script>\n<!-- \/ Yoast SEO plugin. -->","yoast_head_json":{"title":"Une lueur artistique dans la p\u00e9nombre au CEPAGRAP - Saint Die Info","robots":{"index":"index","follow":"follow","max-snippet":"max-snippet:-1","max-image-preview":"max-image-preview:large","max-video-preview":"max-video-preview:-1"},"canonical":"https:\/\/vosgesinfo.fr\/saintdieinfo\/2025\/06\/une-lueur-artistique-dans-la-penombre-au-cepagrap\/","twitter_card":"summary_large_image","twitter_title":"Une lueur artistique dans la p\u00e9nombre au CEPAGRAP - Saint Die Info","twitter_description":"\u00ab Une lueur dans la p\u00e9nombre \u00bb est le th\u00e8me choisi par les \u00e9l\u00e8ves du CEPAGRAP\u00a0pour leur exposition de fin [&hellip;]","twitter_image":"https:\/\/vosgesinfo.fr\/app\/uploads\/sites\/4\/2025\/06\/lueur-dans-la-penombre-cepagrap.jpg","twitter_creator":"@VosgesInfo88","twitter_site":"@VosgesInfo88","twitter_misc":{"\u00c9crit par":"J.J.","Dur\u00e9e de lecture estim\u00e9e":"1 minute"},"schema":{"@context":"https:\/\/schema.org","@graph":[{"@type":"Article","@id":"https:\/\/vosgesinfo.fr\/saintdieinfo\/2025\/06\/une-lueur-artistique-dans-la-penombre-au-cepagrap\/#article","isPartOf":{"@id":"https:\/\/vosgesinfo.fr\/saintdieinfo\/2025\/06\/une-lueur-artistique-dans-la-penombre-au-cepagrap\/"},"author":{"name":"J.J.","@id":"https:\/\/vosgesinfo.fr\/saintdieinfo\/#\/schema\/person\/fa73e9f726d67bb88f46d5b7943cb572"},"headline":"Une lueur artistique dans la p\u00e9nombre au CEPAGRAP","datePublished":"2025-06-19T10:15:44+00:00","dateModified":"2025-06-19T10:02:03+00:00","mainEntityOfPage":{"@id":"https:\/\/vosgesinfo.fr\/saintdieinfo\/2025\/06\/une-lueur-artistique-dans-la-penombre-au-cepagrap\/"},"wordCount":148,"commentCount":0,"publisher":{"@id":"https:\/\/vosgesinfo.fr\/saintdieinfo\/#organization"},"image":{"@id":"https:\/\/vosgesinfo.fr\/saintdieinfo\/2025\/06\/une-lueur-artistique-dans-la-penombre-au-cepagrap\/#primaryimage"},"thumbnailUrl":"https:\/\/vosgesinfo.fr\/app\/uploads\/sites\/4\/2025\/06\/lueur-dans-la-penombre-cepagrap.jpg","keywords":["CEPAGRAP","El\u00e8ves du CEPAGRAP","Espace des Arts Plastiques","exposition","Une lueur dans la p\u00e9nombre"],"articleSection":["A la Une","Art","Saint-Di\u00e9-des-Vosges"],"inLanguage":"fr-FR","potentialAction":[{"@type":"CommentAction","name":"Comment","target":["https:\/\/vosgesinfo.fr\/saintdieinfo\/2025\/06\/une-lueur-artistique-dans-la-penombre-au-cepagrap\/#respond"]}]},{"@type":"WebPage","@id":"https:\/\/vosgesinfo.fr\/saintdieinfo\/2025\/06\/une-lueur-artistique-dans-la-penombre-au-cepagrap\/","url":"https:\/\/vosgesinfo.fr\/saintdieinfo\/2025\/06\/une-lueur-artistique-dans-la-penombre-au-cepagrap\/","name":"Une lueur artistique dans la p\u00e9nombre au CEPAGRAP - Saint Die Info","isPartOf":{"@id":"https:\/\/vosgesinfo.fr\/saintdieinfo\/#website"},"primaryImageOfPage":{"@id":"https:\/\/vosgesinfo.fr\/saintdieinfo\/2025\/06\/une-lueur-artistique-dans-la-penombre-au-cepagrap\/#primaryimage"},"image":{"@id":"https:\/\/vosgesinfo.fr\/saintdieinfo\/2025\/06\/une-lueur-artistique-dans-la-penombre-au-cepagrap\/#primaryimage"},"thumbnailUrl":"https:\/\/vosgesinfo.fr\/app\/uploads\/sites\/4\/2025\/06\/lueur-dans-la-penombre-cepagrap.jpg","datePublished":"2025-06-19T10:15:44+00:00","dateModified":"2025-06-19T10:02:03+00:00","breadcrumb":{"@id":"https:\/\/vosgesinfo.fr\/saintdieinfo\/2025\/06\/une-lueur-artistique-dans-la-penombre-au-cepagrap\/#breadcrumb"},"inLanguage":"fr-FR","potentialAction":[{"@type":"ReadAction","target":["https:\/\/vosgesinfo.fr\/saintdieinfo\/2025\/06\/une-lueur-artistique-dans-la-penombre-au-cepagrap\/"]}]},{"@type":"ImageObject","inLanguage":"fr-FR","@id":"https:\/\/vosgesinfo.fr\/saintdieinfo\/2025\/06\/une-lueur-artistique-dans-la-penombre-au-cepagrap\/#primaryimage","url":"https:\/\/vosgesinfo.fr\/app\/uploads\/sites\/4\/2025\/06\/lueur-dans-la-penombre-cepagrap.jpg","contentUrl":"https:\/\/vosgesinfo.fr\/app\/uploads\/sites\/4\/2025\/06\/lueur-dans-la-penombre-cepagrap.jpg","width":1324,"height":2000},{"@type":"BreadcrumbList","@id":"https:\/\/vosgesinfo.fr\/saintdieinfo\/2025\/06\/une-lueur-artistique-dans-la-penombre-au-cepagrap\/#breadcrumb","itemListElement":[{"@type":"ListItem","position":1,"name":"Home","item":"https:\/\/vosgesinfo.fr\/saintdieinfo\/"},{"@type":"ListItem","position":2,"name":"Une lueur artistique dans la p\u00e9nombre au CEPAGRAP"}]},{"@type":"WebSite","@id":"https:\/\/vosgesinfo.fr\/saintdieinfo\/#website","url":"https:\/\/vosgesinfo.fr\/saintdieinfo\/","name":"Saint Die Info","description":"Toute l&#039;actualit\u00e9 de Saint-Di\u00e9-Des-Vosges","publisher":{"@id":"https:\/\/vosgesinfo.fr\/saintdieinfo\/#organization"},"alternateName":"Toute l'actualit\u00e9 de Saint-Di\u00e9-Des-Vosges","potentialAction":[{"@type":"SearchAction","target":{"@type":"EntryPoint","urlTemplate":"https:\/\/vosgesinfo.fr\/saintdieinfo\/?s={search_term_string}"},"query-input":"required name=search_term_string"}],"inLanguage":"fr-FR"},{"@type":"Organization","@id":"https:\/\/vosgesinfo.fr\/saintdieinfo\/#organization","name":"Saint Die Info","url":"https:\/\/vosgesinfo.fr\/saintdieinfo\/","logo":{"@type":"ImageObject","inLanguage":"fr-FR","@id":"https:\/\/vosgesinfo.fr\/saintdieinfo\/#\/schema\/logo\/image\/","url":"https:\/\/vosgesinfo.fr\/app\/uploads\/sites\/4\/2024\/02\/logo-sdi.jpg","contentUrl":"https:\/\/vosgesinfo.fr\/app\/uploads\/sites\/4\/2024\/02\/logo-sdi.jpg","width":600,"height":600,"caption":"Saint Die Info"},"image":{"@id":"https:\/\/vosgesinfo.fr\/saintdieinfo\/#\/schema\/logo\/image\/"},"sameAs":["https:\/\/www.facebook.com\/Saintdieinfofr","https:\/\/x.com\/VosgesInfo88","https:\/\/www.youtube.com\/@vosgesinfo"]},{"@type":"Person","@id":"https:\/\/vosgesinfo.fr\/saintdieinfo\/#\/schema\/person\/fa73e9f726d67bb88f46d5b7943cb572","name":"J.J.","image":{"@type":"ImageObject","inLanguage":"fr-FR","@id":"https:\/\/vosgesinfo.fr\/saintdieinfo\/#\/schema\/person\/image\/","url":"https:\/\/secure.gravatar.com\/avatar\/219e749e47ffbcca018a360ae4add7d4cdf1cdaaf8bc7676b27efade3fe65615?s=96&d=mm&r=g","contentUrl":"https:\/\/secure.gravatar.com\/avatar\/219e749e47ffbcca018a360ae4add7d4cdf1cdaaf8bc7676b27efade3fe65615?s=96&d=mm&r=g","caption":"J.J."},"url":"https:\/\/vosgesinfo.fr\/saintdieinfo\/author\/j-j\/"}]}},"_links":{"self":[{"href":"https:\/\/vosgesinfo.fr\/saintdieinfo\/wp-json\/wp\/v2\/posts\/79159","targetHints":{"allow":["GET"]}}],"collection":[{"href":"https:\/\/vosgesinfo.fr\/saintdieinfo\/wp-json\/wp\/v2\/posts"}],"about":[{"href":"https:\/\/vosgesinfo.fr\/saintdieinfo\/wp-json\/wp\/v2\/types\/post"}],"author":[{"embeddable":true,"href":"https:\/\/vosgesinfo.fr\/saintdieinfo\/wp-json\/wp\/v2\/users\/46"}],"replies":[{"embeddable":true,"href":"https:\/\/vosgesinfo.fr\/saintdieinfo\/wp-json\/wp\/v2\/comments?post=79159"}],"version-history":[{"count":1,"href":"https:\/\/vosgesinfo.fr\/saintdieinfo\/wp-json\/wp\/v2\/posts\/79159\/revisions"}],"predecessor-version":[{"id":79163,"href":"https:\/\/vosgesinfo.fr\/saintdieinfo\/wp-json\/wp\/v2\/posts\/79159\/revisions\/79163"}],"wp:featuredmedia":[{"embeddable":true,"href":"https:\/\/vosgesinfo.fr\/saintdieinfo\/wp-json\/wp\/v2\/media\/79162"}],"wp:attachment":[{"href":"https:\/\/vosgesinfo.fr\/saintdieinfo\/wp-json\/wp\/v2\/media?parent=79159"}],"wp:term":[{"taxonomy":"category","embeddable":true,"href":"https:\/\/vosgesinfo.fr\/saintdieinfo\/wp-json\/wp\/v2\/categories?post=79159"},{"taxonomy":"post_tag","embeddable":true,"href":"https:\/\/vosgesinfo.fr\/saintdieinfo\/wp-json\/wp\/v2\/tags?post=79159"}],"curies":[{"name":"wp","href":"https:\/\/api.w.org\/{rel}","templated":true}]}}