{"id":79833,"date":"2025-07-02T16:15:23","date_gmt":"2025-07-02T14:15:23","guid":{"rendered":"https:\/\/vosgesinfo.fr\/saintdieinfo\/?p=79833"},"modified":"2025-07-02T15:42:26","modified_gmt":"2025-07-02T13:42:26","slug":"anould-lancement-des-travaux-de-cambium-pole-dexcellence-en-matiere-de-securite","status":"publish","type":"post","link":"https:\/\/vosgesinfo.fr\/saintdieinfo\/2025\/07\/anould-lancement-des-travaux-de-cambium-pole-dexcellence-en-matiere-de-securite\/","title":{"rendered":"Anould \u2013 Lancement des travaux de Cambium, p\u00f4le d&rsquo;excellence en mati\u00e8re de s\u00e9curit\u00e9"},"content":{"rendered":"<div id=\"attachment_79835\" style=\"width: 1034px\" class=\"wp-caption alignnone\"><a href=\"https:\/\/vosgesinfo.fr\/app\/uploads\/sites\/4\/2025\/07\/anould-lancement-travaux-cambium-2.jpg\"><img decoding=\"async\" aria-describedby=\"caption-attachment-79835\" class=\"size-large wp-image-79835\" src=\"https:\/\/vosgesinfo.fr\/app\/uploads\/sites\/4\/2025\/07\/anould-lancement-travaux-cambium-2-1024x682.jpg\" alt=\"\" width=\"1024\" height=\"682\" srcset=\"https:\/\/vosgesinfo.fr\/app\/uploads\/sites\/4\/2025\/07\/anould-lancement-travaux-cambium-2-1024x682.jpg 1024w, https:\/\/vosgesinfo.fr\/app\/uploads\/sites\/4\/2025\/07\/anould-lancement-travaux-cambium-2-300x200.jpg 300w, https:\/\/vosgesinfo.fr\/app\/uploads\/sites\/4\/2025\/07\/anould-lancement-travaux-cambium-2-768x511.jpg 768w, https:\/\/vosgesinfo.fr\/app\/uploads\/sites\/4\/2025\/07\/anould-lancement-travaux-cambium-2-1536x1022.jpg 1536w, https:\/\/vosgesinfo.fr\/app\/uploads\/sites\/4\/2025\/07\/anould-lancement-travaux-cambium-2.jpg 1600w\" sizes=\"(max-width: 1024px) 100vw, 1024px\" \/><\/a><p id=\"caption-attachment-79835\" class=\"wp-caption-text\">(Photographies Communaut\u00e9 d&rsquo;Agglom\u00e9ration de Saint-Di\u00e9-des-Vosges)<\/p><\/div>\n<h2 data-start=\"137\" data-end=\"542\">Ce <strong data-start=\"140\" data-end=\"161\">mardi 1er juillet<\/strong> marque le <strong data-start=\"172\" data-end=\"208\">lancement des travaux de <a href=\"https:\/\/vosgesinfo.fr\/saintdieinfo\/2025\/04\/anould-la-friche-du-souche-devient-cambium-un-centre-national-de-formation-en-securite\/\" target=\"_blank\" rel=\"noopener\">Cambium<\/a><\/strong>, <strong data-start=\"210\" data-end=\"254\">p\u00f4le d\u2019excellence en mati\u00e8re de s\u00e9curit\u00e9<\/strong>. <strong data-start=\"256\" data-end=\"273\">Claude George<\/strong> \u00e9tait pr\u00e9sent en fin de matin\u00e9e pour officialiser le d\u00e9but du chantier aux c\u00f4t\u00e9s de <strong data-start=\"358\" data-end=\"376\">Beno\u00eet Mockels<\/strong> (\u00c9tablissement public foncier du Grand Est), <strong data-start=\"422\" data-end=\"439\">Florence Bost<\/strong> (SOLOREM, Assistant \u00e0 ma\u00eetrise d\u2019ouvrage) et <strong data-start=\"485\" data-end=\"507\">Catherine Boulang\u00e9<\/strong> (B2H Architectes, ma\u00eetre d\u2019\u0153uvre).<\/h2>\n<p data-start=\"137\" data-end=\"542\"><!--more--><\/p>\n<h3 data-start=\"544\" data-end=\"980\"><strong>Un projet n\u00e9 en 2019<\/strong><\/h3>\n<p data-start=\"544\" data-end=\"980\"><strong data-start=\"544\" data-end=\"564\">D\u00e9marr\u00e9e en 2019<\/strong>, avec les premi\u00e8res discussions, l\u2019aventure Cambium prend forme. Apr\u00e8s diverses \u00e9tapes, dont la <strong data-start=\"661\" data-end=\"705\">construction du pont termin\u00e9e d\u00e9but 2025<\/strong>, place est faite \u00e0 <strong data-start=\"725\" data-end=\"766\">l\u2019am\u00e9nagement du b\u00e2timent Saint-Louis<\/strong> o\u00f9 sera situ\u00e9 <strong data-start=\"781\" data-end=\"807\">le centre de formation<\/strong>.<br data-start=\"808\" data-end=\"811\" \/>\u00ab\u202f<strong data-start=\"813\" data-end=\"899\">Ce lancement est un \u00e9v\u00e9nement majeur qui permet de donner le premier coup de pelle<\/strong> \u00bb, s\u2019est r\u00e9joui le <strong data-start=\"919\" data-end=\"979\">pr\u00e9sident de la communaut\u00e9 d\u2019agglom\u00e9ration Claude George<\/strong>.<\/p>\n<h3 data-start=\"982\" data-end=\"1022\"><strong>Des travaux en 19 lots<\/strong><\/h3>\n<p data-start=\"1023\" data-end=\"1362\">Les travaux ont \u00e9t\u00e9 divis\u00e9s en <strong data-start=\"1054\" data-end=\"1071\">dix-neuf lots<\/strong> : <strong data-start=\"1074\" data-end=\"1157\">dix-sept d\u2019entre eux ont d\u2019ores et d\u00e9j\u00e0 \u00e9t\u00e9 attribu\u00e9s \u00e0 des entreprises locales<\/strong> en majorit\u00e9. Un <strong data-start=\"1174\" data-end=\"1181\">OPC<\/strong> (Ordonnancement, Pilotage et Coordination) a \u00e9t\u00e9 missionn\u00e9 pour <strong data-start=\"1246\" data-end=\"1288\">coordonner les diff\u00e9rents intervenants<\/strong>, garantir <strong data-start=\"1299\" data-end=\"1326\">la s\u00e9curit\u00e9 du chantier<\/strong> et assurer <strong data-start=\"1338\" data-end=\"1361\">son bon d\u00e9roulement<\/strong>.<\/p>\n<p data-start=\"1364\" data-end=\"1982\">\u00ab\u202f<strong data-start=\"1366\" data-end=\"1423\">C\u2019est un travail d\u2019\u00e9quipe qu\u2019il va falloir poursuivre<\/strong> \u00bb, a ajout\u00e9 <strong data-start=\"1436\" data-end=\"1453\">Claude George<\/strong>. En effet, le <strong data-start=\"1468\" data-end=\"1486\">projet Cambium<\/strong> est men\u00e9 en partenariat avec <strong data-start=\"1516\" data-end=\"1573\">l\u2019\u00c9tablissement public foncier du Grand Est \u2013 EPFGE \u2013<\/strong>, qui a investi <strong data-start=\"1589\" data-end=\"1612\">10 millions d\u2019euros<\/strong> pour <strong data-start=\"1618\" data-end=\"1652\">les travaux de clos et couvert<\/strong>, ainsi que <strong data-start=\"1664\" data-end=\"1686\">2 millions d\u2019euros<\/strong> d\u2019honoraires. Concernant l\u2019occupation des lieux, des partenariats ont \u00e9t\u00e9 nou\u00e9s avec <strong data-start=\"1772\" data-end=\"1792\">ACTISS Formation<\/strong>, le <strong data-start=\"1797\" data-end=\"1850\">Centre de formation aux m\u00e9tiers du drone \u2013 CFAD \u2013<\/strong> et le <strong data-start=\"1857\" data-end=\"1912\">Conservatoire National des Arts et M\u00e9tiers \u2013 CNAM \u2013<\/strong>, qui y d\u00e9livrera notamment <strong data-start=\"1940\" data-end=\"1981\">un titre d\u2019ing\u00e9nieur en cybers\u00e9curit\u00e9<\/strong>.<\/p>\n<h3 data-start=\"1984\" data-end=\"2033\"><strong>Plus de 8 millions d&rsquo;\u20ac d&rsquo;investissement intercommunal<\/strong><\/h3>\n<p data-start=\"2034\" data-end=\"2413\">\u00ab\u202f<strong data-start=\"2036\" data-end=\"2097\">Cambium est un projet tr\u00e8s ambitieux pour l\u2019agglom\u00e9ration<\/strong> \u00bb indique le pr\u00e9sident. <strong data-start=\"2122\" data-end=\"2184\">Investissement intercommunal de plus de 8 millions d\u2019euros<\/strong>, dont <strong data-start=\"2191\" data-end=\"2222\">4,5 millions de subventions<\/strong>. Le <strong data-start=\"2227\" data-end=\"2276\">reste \u00e0 charge s\u2019\u00e9l\u00e8ve \u00e0 3,8 millions d\u2019euros<\/strong>. L\u2019investissement devrait \u00eatre <strong data-start=\"2308\" data-end=\"2337\">rentabilis\u00e9 \u00e0 moyen terme<\/strong> gr\u00e2ce <strong data-start=\"2344\" data-end=\"2365\">aux loyers per\u00e7us<\/strong>, permettant ainsi <strong data-start=\"2384\" data-end=\"2412\">d\u2019\u00e9quilibrer l\u2019op\u00e9ration<\/strong>.<\/p>\n<h3 data-start=\"2415\" data-end=\"2468\"><strong>Optimiser le confort des futurs \u00e9tudiants<\/strong><\/h3>\n<p data-start=\"2469\" data-end=\"2719\">La <strong data-start=\"2472\" data-end=\"2496\">conf\u00e9rence de presse<\/strong> a \u00e9galement \u00e9t\u00e9 l\u2019occasion de donner quelques pr\u00e9cisions sur <strong data-start=\"2558\" data-end=\"2590\">la qualit\u00e9 des travaux men\u00e9s<\/strong> : <strong data-start=\"2593\" data-end=\"2607\">acoustique<\/strong>, <strong data-start=\"2609\" data-end=\"2630\">lumi\u00e8re naturelle<\/strong>, <strong data-start=\"2632\" data-end=\"2649\">climatisation<\/strong>\u2026 tout a \u00e9t\u00e9 pens\u00e9 pour <strong data-start=\"2673\" data-end=\"2718\">optimiser le confort des futurs \u00e9tudiants<\/strong>.<\/p>\n<p data-start=\"2721\" data-end=\"3103\" data-is-last-node=\"\" data-is-only-node=\"\">Pour rappel, le <strong data-start=\"2737\" data-end=\"2755\">projet Cambium<\/strong> a vocation \u00e0 accueillir <strong data-start=\"2780\" data-end=\"2868\">un p\u00f4le de formation alliant les m\u00e9tiers de la s\u00e9curit\u00e9, de la s\u00fbret\u00e9 et des secours<\/strong>. Au <strong data-start=\"2873\" data-end=\"2892\">rez-de-chauss\u00e9e<\/strong>, entre autres, <strong data-start=\"2908\" data-end=\"2931\">14 salles de classe<\/strong>, <strong data-start=\"2933\" data-end=\"2953\">12 stands de tir<\/strong>, <strong data-start=\"2955\" data-end=\"2973\">des sanitaires<\/strong>, <strong data-start=\"2975\" data-end=\"3000\">un simulateur de tirs<\/strong>, tandis que <strong data-start=\"3013\" data-end=\"3034\">l\u2019\u00e9tage sup\u00e9rieur<\/strong> sera compos\u00e9 <strong data-start=\"3048\" data-end=\"3074\">d\u2019un plateau technique<\/strong> et <strong data-start=\"3078\" data-end=\"3102\">de locaux techniques<\/strong>.<\/p>\n\n\t\t<style type=\"text\/css\">\n\t\t\t#gallery-1 {\n\t\t\t\tmargin: auto;\n\t\t\t}\n\t\t\t#gallery-1 .gallery-item {\n\t\t\t\tfloat: left;\n\t\t\t\tmargin-top: 10px;\n\t\t\t\ttext-align: center;\n\t\t\t\twidth: 50%;\n\t\t\t}\n\t\t\t#gallery-1 img {\n\t\t\t\tborder: 2px solid #cfcfcf;\n\t\t\t}\n\t\t\t#gallery-1 .gallery-caption {\n\t\t\t\tmargin-left: 0;\n\t\t\t}\n\t\t\t\/* see gallery_shortcode() in wp-includes\/media.php *\/\n\t\t<\/style>\n\t\t<div id='gallery-1' class='gallery galleryid-79833 gallery-columns-2 gallery-size-thumbnail'><dl class='gallery-item'>\n\t\t\t<dt class='gallery-icon landscape'>\n\t\t\t\t<a href='https:\/\/vosgesinfo.fr\/app\/uploads\/sites\/4\/2025\/07\/anould-lancement-travaux-cambium-1.jpg'><img decoding=\"async\" width=\"150\" height=\"150\" src=\"https:\/\/vosgesinfo.fr\/app\/uploads\/sites\/4\/2025\/07\/anould-lancement-travaux-cambium-1-150x150.jpg\" class=\"attachment-thumbnail size-thumbnail\" alt=\"\" \/><\/a>\n\t\t\t<\/dt><\/dl><dl class='gallery-item'>\n\t\t\t<dt class='gallery-icon landscape'>\n\t\t\t\t<a href='https:\/\/vosgesinfo.fr\/app\/uploads\/sites\/4\/2025\/07\/anould-lancement-travaux-cambium-3.jpg'><img decoding=\"async\" width=\"150\" height=\"150\" src=\"https:\/\/vosgesinfo.fr\/app\/uploads\/sites\/4\/2025\/07\/anould-lancement-travaux-cambium-3-150x150.jpg\" class=\"attachment-thumbnail size-thumbnail\" alt=\"\" \/><\/a>\n\t\t\t<\/dt><\/dl><br style=\"clear: both\" \/>\n\t\t<\/div>\n\n","protected":false},"excerpt":{"rendered":"<p>Ce mardi 1er juillet marque le lancement des travaux de Cambium, p\u00f4le d\u2019excellence en mati\u00e8re de s\u00e9curit\u00e9. Claude George \u00e9tait [&hellip;]<\/p>\n","protected":false},"author":46,"featured_media":79835,"comment_status":"open","ping_status":"open","sticky":false,"template":"","format":"standard","meta":{"footnotes":""},"categories":[460,3903,18],"tags":[8079,3927,16809,3282],"class_list":["post-79833","post","type-post","status-publish","format-standard","has-post-thumbnail","hentry","category-a-la-une","category-deodatie","category-vosges","tag-anciennes-papeteries-du-souche","tag-anould","tag-cambium","tag-communaute-dagglomeration-de-saint-die-des-vosges"],"acf":[],"yoast_head":"<!-- This site is optimized with the Yoast SEO plugin v22.5 - https:\/\/yoast.com\/wordpress\/plugins\/seo\/ -->\n<title>Anould \u2013 Lancement des travaux de Cambium, p\u00f4le d&#039;excellence en mati\u00e8re de s\u00e9curit\u00e9 - Saint Die Info<\/title>\n<meta name=\"robots\" content=\"index, follow, max-snippet:-1, max-image-preview:large, max-video-preview:-1\" \/>\n<link rel=\"canonical\" href=\"https:\/\/vosgesinfo.fr\/saintdieinfo\/2025\/07\/anould-lancement-des-travaux-de-cambium-pole-dexcellence-en-matiere-de-securite\/\" \/>\n<meta name=\"twitter:card\" content=\"summary_large_image\" \/>\n<meta name=\"twitter:title\" content=\"Anould \u2013 Lancement des travaux de Cambium, p\u00f4le d&#039;excellence en mati\u00e8re de s\u00e9curit\u00e9 - Saint Die Info\" \/>\n<meta name=\"twitter:description\" content=\"Ce mardi 1er juillet marque le lancement des travaux de Cambium, p\u00f4le d\u2019excellence en mati\u00e8re de s\u00e9curit\u00e9. Claude George \u00e9tait [&hellip;]\" \/>\n<meta name=\"twitter:image\" content=\"https:\/\/vosgesinfo.fr\/app\/uploads\/sites\/4\/2025\/07\/anould-lancement-travaux-cambium-2.jpg\" \/>\n<meta name=\"twitter:creator\" content=\"@VosgesInfo88\" \/>\n<meta name=\"twitter:site\" content=\"@VosgesInfo88\" \/>\n<meta name=\"twitter:label1\" content=\"\u00c9crit par\" \/>\n\t<meta name=\"twitter:data1\" content=\"J.J.\" \/>\n\t<meta name=\"twitter:label2\" content=\"Dur\u00e9e de lecture estim\u00e9e\" \/>\n\t<meta name=\"twitter:data2\" content=\"2 minutes\" \/>\n<script type=\"application\/ld+json\" class=\"yoast-schema-graph\">{\"@context\":\"https:\/\/schema.org\",\"@graph\":[{\"@type\":\"Article\",\"@id\":\"https:\/\/vosgesinfo.fr\/saintdieinfo\/2025\/07\/anould-lancement-des-travaux-de-cambium-pole-dexcellence-en-matiere-de-securite\/#article\",\"isPartOf\":{\"@id\":\"https:\/\/vosgesinfo.fr\/saintdieinfo\/2025\/07\/anould-lancement-des-travaux-de-cambium-pole-dexcellence-en-matiere-de-securite\/\"},\"author\":{\"name\":\"J.J.\",\"@id\":\"https:\/\/vosgesinfo.fr\/saintdieinfo\/#\/schema\/person\/fa73e9f726d67bb88f46d5b7943cb572\"},\"headline\":\"Anould \u2013 Lancement des travaux de Cambium, p\u00f4le d&rsquo;excellence en mati\u00e8re de s\u00e9curit\u00e9\",\"datePublished\":\"2025-07-02T14:15:23+00:00\",\"dateModified\":\"2025-07-02T13:42:26+00:00\",\"mainEntityOfPage\":{\"@id\":\"https:\/\/vosgesinfo.fr\/saintdieinfo\/2025\/07\/anould-lancement-des-travaux-de-cambium-pole-dexcellence-en-matiere-de-securite\/\"},\"wordCount\":511,\"commentCount\":0,\"publisher\":{\"@id\":\"https:\/\/vosgesinfo.fr\/saintdieinfo\/#organization\"},\"image\":{\"@id\":\"https:\/\/vosgesinfo.fr\/saintdieinfo\/2025\/07\/anould-lancement-des-travaux-de-cambium-pole-dexcellence-en-matiere-de-securite\/#primaryimage\"},\"thumbnailUrl\":\"https:\/\/vosgesinfo.fr\/app\/uploads\/sites\/4\/2025\/07\/anould-lancement-travaux-cambium-2.jpg\",\"keywords\":[\"Anciennes papeteries du Souche\",\"Anould\",\"Cambium\",\"Communaut\u00e9 d'Agglom\u00e9ration de Saint-Di\u00e9-des-Vosges\"],\"articleSection\":[\"A la Une\",\"D\u00e9odatie\",\"Vosges\"],\"inLanguage\":\"fr-FR\",\"potentialAction\":[{\"@type\":\"CommentAction\",\"name\":\"Comment\",\"target\":[\"https:\/\/vosgesinfo.fr\/saintdieinfo\/2025\/07\/anould-lancement-des-travaux-de-cambium-pole-dexcellence-en-matiere-de-securite\/#respond\"]}]},{\"@type\":\"WebPage\",\"@id\":\"https:\/\/vosgesinfo.fr\/saintdieinfo\/2025\/07\/anould-lancement-des-travaux-de-cambium-pole-dexcellence-en-matiere-de-securite\/\",\"url\":\"https:\/\/vosgesinfo.fr\/saintdieinfo\/2025\/07\/anould-lancement-des-travaux-de-cambium-pole-dexcellence-en-matiere-de-securite\/\",\"name\":\"Anould \u2013 Lancement des travaux de Cambium, p\u00f4le d'excellence en mati\u00e8re de s\u00e9curit\u00e9 - Saint Die Info\",\"isPartOf\":{\"@id\":\"https:\/\/vosgesinfo.fr\/saintdieinfo\/#website\"},\"primaryImageOfPage\":{\"@id\":\"https:\/\/vosgesinfo.fr\/saintdieinfo\/2025\/07\/anould-lancement-des-travaux-de-cambium-pole-dexcellence-en-matiere-de-securite\/#primaryimage\"},\"image\":{\"@id\":\"https:\/\/vosgesinfo.fr\/saintdieinfo\/2025\/07\/anould-lancement-des-travaux-de-cambium-pole-dexcellence-en-matiere-de-securite\/#primaryimage\"},\"thumbnailUrl\":\"https:\/\/vosgesinfo.fr\/app\/uploads\/sites\/4\/2025\/07\/anould-lancement-travaux-cambium-2.jpg\",\"datePublished\":\"2025-07-02T14:15:23+00:00\",\"dateModified\":\"2025-07-02T13:42:26+00:00\",\"breadcrumb\":{\"@id\":\"https:\/\/vosgesinfo.fr\/saintdieinfo\/2025\/07\/anould-lancement-des-travaux-de-cambium-pole-dexcellence-en-matiere-de-securite\/#breadcrumb\"},\"inLanguage\":\"fr-FR\",\"potentialAction\":[{\"@type\":\"ReadAction\",\"target\":[\"https:\/\/vosgesinfo.fr\/saintdieinfo\/2025\/07\/anould-lancement-des-travaux-de-cambium-pole-dexcellence-en-matiere-de-securite\/\"]}]},{\"@type\":\"ImageObject\",\"inLanguage\":\"fr-FR\",\"@id\":\"https:\/\/vosgesinfo.fr\/saintdieinfo\/2025\/07\/anould-lancement-des-travaux-de-cambium-pole-dexcellence-en-matiere-de-securite\/#primaryimage\",\"url\":\"https:\/\/vosgesinfo.fr\/app\/uploads\/sites\/4\/2025\/07\/anould-lancement-travaux-cambium-2.jpg\",\"contentUrl\":\"https:\/\/vosgesinfo.fr\/app\/uploads\/sites\/4\/2025\/07\/anould-lancement-travaux-cambium-2.jpg\",\"width\":1600,\"height\":1065,\"caption\":\"(Photographies Communaut\u00e9 d'Agglom\u00e9ration de Saint-Di\u00e9-des-Vosges)\"},{\"@type\":\"BreadcrumbList\",\"@id\":\"https:\/\/vosgesinfo.fr\/saintdieinfo\/2025\/07\/anould-lancement-des-travaux-de-cambium-pole-dexcellence-en-matiere-de-securite\/#breadcrumb\",\"itemListElement\":[{\"@type\":\"ListItem\",\"position\":1,\"name\":\"Home\",\"item\":\"https:\/\/vosgesinfo.fr\/saintdieinfo\/\"},{\"@type\":\"ListItem\",\"position\":2,\"name\":\"Anould \u2013 Lancement des travaux de Cambium, p\u00f4le d&rsquo;excellence en mati\u00e8re de s\u00e9curit\u00e9\"}]},{\"@type\":\"WebSite\",\"@id\":\"https:\/\/vosgesinfo.fr\/saintdieinfo\/#website\",\"url\":\"https:\/\/vosgesinfo.fr\/saintdieinfo\/\",\"name\":\"Saint Die Info\",\"description\":\"Toute l&#039;actualit\u00e9 de Saint-Di\u00e9-Des-Vosges\",\"publisher\":{\"@id\":\"https:\/\/vosgesinfo.fr\/saintdieinfo\/#organization\"},\"alternateName\":\"Toute l'actualit\u00e9 de Saint-Di\u00e9-Des-Vosges\",\"potentialAction\":[{\"@type\":\"SearchAction\",\"target\":{\"@type\":\"EntryPoint\",\"urlTemplate\":\"https:\/\/vosgesinfo.fr\/saintdieinfo\/?s={search_term_string}\"},\"query-input\":\"required name=search_term_string\"}],\"inLanguage\":\"fr-FR\"},{\"@type\":\"Organization\",\"@id\":\"https:\/\/vosgesinfo.fr\/saintdieinfo\/#organization\",\"name\":\"Saint Die Info\",\"url\":\"https:\/\/vosgesinfo.fr\/saintdieinfo\/\",\"logo\":{\"@type\":\"ImageObject\",\"inLanguage\":\"fr-FR\",\"@id\":\"https:\/\/vosgesinfo.fr\/saintdieinfo\/#\/schema\/logo\/image\/\",\"url\":\"https:\/\/vosgesinfo.fr\/app\/uploads\/sites\/4\/2024\/02\/logo-sdi.jpg\",\"contentUrl\":\"https:\/\/vosgesinfo.fr\/app\/uploads\/sites\/4\/2024\/02\/logo-sdi.jpg\",\"width\":600,\"height\":600,\"caption\":\"Saint Die Info\"},\"image\":{\"@id\":\"https:\/\/vosgesinfo.fr\/saintdieinfo\/#\/schema\/logo\/image\/\"},\"sameAs\":[\"https:\/\/www.facebook.com\/Saintdieinfofr\",\"https:\/\/x.com\/VosgesInfo88\",\"https:\/\/www.youtube.com\/@vosgesinfo\"]},{\"@type\":\"Person\",\"@id\":\"https:\/\/vosgesinfo.fr\/saintdieinfo\/#\/schema\/person\/fa73e9f726d67bb88f46d5b7943cb572\",\"name\":\"J.J.\",\"image\":{\"@type\":\"ImageObject\",\"inLanguage\":\"fr-FR\",\"@id\":\"https:\/\/vosgesinfo.fr\/saintdieinfo\/#\/schema\/person\/image\/\",\"url\":\"https:\/\/secure.gravatar.com\/avatar\/219e749e47ffbcca018a360ae4add7d4cdf1cdaaf8bc7676b27efade3fe65615?s=96&d=mm&r=g\",\"contentUrl\":\"https:\/\/secure.gravatar.com\/avatar\/219e749e47ffbcca018a360ae4add7d4cdf1cdaaf8bc7676b27efade3fe65615?s=96&d=mm&r=g\",\"caption\":\"J.J.\"},\"url\":\"https:\/\/vosgesinfo.fr\/saintdieinfo\/author\/j-j\/\"}]}<\/script>\n<!-- \/ Yoast SEO plugin. -->","yoast_head_json":{"title":"Anould \u2013 Lancement des travaux de Cambium, p\u00f4le d'excellence en mati\u00e8re de s\u00e9curit\u00e9 - Saint Die Info","robots":{"index":"index","follow":"follow","max-snippet":"max-snippet:-1","max-image-preview":"max-image-preview:large","max-video-preview":"max-video-preview:-1"},"canonical":"https:\/\/vosgesinfo.fr\/saintdieinfo\/2025\/07\/anould-lancement-des-travaux-de-cambium-pole-dexcellence-en-matiere-de-securite\/","twitter_card":"summary_large_image","twitter_title":"Anould \u2013 Lancement des travaux de Cambium, p\u00f4le d'excellence en mati\u00e8re de s\u00e9curit\u00e9 - Saint Die Info","twitter_description":"Ce mardi 1er juillet marque le lancement des travaux de Cambium, p\u00f4le d\u2019excellence en mati\u00e8re de s\u00e9curit\u00e9. Claude George \u00e9tait [&hellip;]","twitter_image":"https:\/\/vosgesinfo.fr\/app\/uploads\/sites\/4\/2025\/07\/anould-lancement-travaux-cambium-2.jpg","twitter_creator":"@VosgesInfo88","twitter_site":"@VosgesInfo88","twitter_misc":{"\u00c9crit par":"J.J.","Dur\u00e9e de lecture estim\u00e9e":"2 minutes"},"schema":{"@context":"https:\/\/schema.org","@graph":[{"@type":"Article","@id":"https:\/\/vosgesinfo.fr\/saintdieinfo\/2025\/07\/anould-lancement-des-travaux-de-cambium-pole-dexcellence-en-matiere-de-securite\/#article","isPartOf":{"@id":"https:\/\/vosgesinfo.fr\/saintdieinfo\/2025\/07\/anould-lancement-des-travaux-de-cambium-pole-dexcellence-en-matiere-de-securite\/"},"author":{"name":"J.J.","@id":"https:\/\/vosgesinfo.fr\/saintdieinfo\/#\/schema\/person\/fa73e9f726d67bb88f46d5b7943cb572"},"headline":"Anould \u2013 Lancement des travaux de Cambium, p\u00f4le d&rsquo;excellence en mati\u00e8re de s\u00e9curit\u00e9","datePublished":"2025-07-02T14:15:23+00:00","dateModified":"2025-07-02T13:42:26+00:00","mainEntityOfPage":{"@id":"https:\/\/vosgesinfo.fr\/saintdieinfo\/2025\/07\/anould-lancement-des-travaux-de-cambium-pole-dexcellence-en-matiere-de-securite\/"},"wordCount":511,"commentCount":0,"publisher":{"@id":"https:\/\/vosgesinfo.fr\/saintdieinfo\/#organization"},"image":{"@id":"https:\/\/vosgesinfo.fr\/saintdieinfo\/2025\/07\/anould-lancement-des-travaux-de-cambium-pole-dexcellence-en-matiere-de-securite\/#primaryimage"},"thumbnailUrl":"https:\/\/vosgesinfo.fr\/app\/uploads\/sites\/4\/2025\/07\/anould-lancement-travaux-cambium-2.jpg","keywords":["Anciennes papeteries du Souche","Anould","Cambium","Communaut\u00e9 d'Agglom\u00e9ration de Saint-Di\u00e9-des-Vosges"],"articleSection":["A la Une","D\u00e9odatie","Vosges"],"inLanguage":"fr-FR","potentialAction":[{"@type":"CommentAction","name":"Comment","target":["https:\/\/vosgesinfo.fr\/saintdieinfo\/2025\/07\/anould-lancement-des-travaux-de-cambium-pole-dexcellence-en-matiere-de-securite\/#respond"]}]},{"@type":"WebPage","@id":"https:\/\/vosgesinfo.fr\/saintdieinfo\/2025\/07\/anould-lancement-des-travaux-de-cambium-pole-dexcellence-en-matiere-de-securite\/","url":"https:\/\/vosgesinfo.fr\/saintdieinfo\/2025\/07\/anould-lancement-des-travaux-de-cambium-pole-dexcellence-en-matiere-de-securite\/","name":"Anould \u2013 Lancement des travaux de Cambium, p\u00f4le d'excellence en mati\u00e8re de s\u00e9curit\u00e9 - Saint Die Info","isPartOf":{"@id":"https:\/\/vosgesinfo.fr\/saintdieinfo\/#website"},"primaryImageOfPage":{"@id":"https:\/\/vosgesinfo.fr\/saintdieinfo\/2025\/07\/anould-lancement-des-travaux-de-cambium-pole-dexcellence-en-matiere-de-securite\/#primaryimage"},"image":{"@id":"https:\/\/vosgesinfo.fr\/saintdieinfo\/2025\/07\/anould-lancement-des-travaux-de-cambium-pole-dexcellence-en-matiere-de-securite\/#primaryimage"},"thumbnailUrl":"https:\/\/vosgesinfo.fr\/app\/uploads\/sites\/4\/2025\/07\/anould-lancement-travaux-cambium-2.jpg","datePublished":"2025-07-02T14:15:23+00:00","dateModified":"2025-07-02T13:42:26+00:00","breadcrumb":{"@id":"https:\/\/vosgesinfo.fr\/saintdieinfo\/2025\/07\/anould-lancement-des-travaux-de-cambium-pole-dexcellence-en-matiere-de-securite\/#breadcrumb"},"inLanguage":"fr-FR","potentialAction":[{"@type":"ReadAction","target":["https:\/\/vosgesinfo.fr\/saintdieinfo\/2025\/07\/anould-lancement-des-travaux-de-cambium-pole-dexcellence-en-matiere-de-securite\/"]}]},{"@type":"ImageObject","inLanguage":"fr-FR","@id":"https:\/\/vosgesinfo.fr\/saintdieinfo\/2025\/07\/anould-lancement-des-travaux-de-cambium-pole-dexcellence-en-matiere-de-securite\/#primaryimage","url":"https:\/\/vosgesinfo.fr\/app\/uploads\/sites\/4\/2025\/07\/anould-lancement-travaux-cambium-2.jpg","contentUrl":"https:\/\/vosgesinfo.fr\/app\/uploads\/sites\/4\/2025\/07\/anould-lancement-travaux-cambium-2.jpg","width":1600,"height":1065,"caption":"(Photographies Communaut\u00e9 d'Agglom\u00e9ration de Saint-Di\u00e9-des-Vosges)"},{"@type":"BreadcrumbList","@id":"https:\/\/vosgesinfo.fr\/saintdieinfo\/2025\/07\/anould-lancement-des-travaux-de-cambium-pole-dexcellence-en-matiere-de-securite\/#breadcrumb","itemListElement":[{"@type":"ListItem","position":1,"name":"Home","item":"https:\/\/vosgesinfo.fr\/saintdieinfo\/"},{"@type":"ListItem","position":2,"name":"Anould \u2013 Lancement des travaux de Cambium, p\u00f4le d&rsquo;excellence en mati\u00e8re de s\u00e9curit\u00e9"}]},{"@type":"WebSite","@id":"https:\/\/vosgesinfo.fr\/saintdieinfo\/#website","url":"https:\/\/vosgesinfo.fr\/saintdieinfo\/","name":"Saint Die Info","description":"Toute l&#039;actualit\u00e9 de Saint-Di\u00e9-Des-Vosges","publisher":{"@id":"https:\/\/vosgesinfo.fr\/saintdieinfo\/#organization"},"alternateName":"Toute l'actualit\u00e9 de Saint-Di\u00e9-Des-Vosges","potentialAction":[{"@type":"SearchAction","target":{"@type":"EntryPoint","urlTemplate":"https:\/\/vosgesinfo.fr\/saintdieinfo\/?s={search_term_string}"},"query-input":"required name=search_term_string"}],"inLanguage":"fr-FR"},{"@type":"Organization","@id":"https:\/\/vosgesinfo.fr\/saintdieinfo\/#organization","name":"Saint Die Info","url":"https:\/\/vosgesinfo.fr\/saintdieinfo\/","logo":{"@type":"ImageObject","inLanguage":"fr-FR","@id":"https:\/\/vosgesinfo.fr\/saintdieinfo\/#\/schema\/logo\/image\/","url":"https:\/\/vosgesinfo.fr\/app\/uploads\/sites\/4\/2024\/02\/logo-sdi.jpg","contentUrl":"https:\/\/vosgesinfo.fr\/app\/uploads\/sites\/4\/2024\/02\/logo-sdi.jpg","width":600,"height":600,"caption":"Saint Die Info"},"image":{"@id":"https:\/\/vosgesinfo.fr\/saintdieinfo\/#\/schema\/logo\/image\/"},"sameAs":["https:\/\/www.facebook.com\/Saintdieinfofr","https:\/\/x.com\/VosgesInfo88","https:\/\/www.youtube.com\/@vosgesinfo"]},{"@type":"Person","@id":"https:\/\/vosgesinfo.fr\/saintdieinfo\/#\/schema\/person\/fa73e9f726d67bb88f46d5b7943cb572","name":"J.J.","image":{"@type":"ImageObject","inLanguage":"fr-FR","@id":"https:\/\/vosgesinfo.fr\/saintdieinfo\/#\/schema\/person\/image\/","url":"https:\/\/secure.gravatar.com\/avatar\/219e749e47ffbcca018a360ae4add7d4cdf1cdaaf8bc7676b27efade3fe65615?s=96&d=mm&r=g","contentUrl":"https:\/\/secure.gravatar.com\/avatar\/219e749e47ffbcca018a360ae4add7d4cdf1cdaaf8bc7676b27efade3fe65615?s=96&d=mm&r=g","caption":"J.J."},"url":"https:\/\/vosgesinfo.fr\/saintdieinfo\/author\/j-j\/"}]}},"_links":{"self":[{"href":"https:\/\/vosgesinfo.fr\/saintdieinfo\/wp-json\/wp\/v2\/posts\/79833","targetHints":{"allow":["GET"]}}],"collection":[{"href":"https:\/\/vosgesinfo.fr\/saintdieinfo\/wp-json\/wp\/v2\/posts"}],"about":[{"href":"https:\/\/vosgesinfo.fr\/saintdieinfo\/wp-json\/wp\/v2\/types\/post"}],"author":[{"embeddable":true,"href":"https:\/\/vosgesinfo.fr\/saintdieinfo\/wp-json\/wp\/v2\/users\/46"}],"replies":[{"embeddable":true,"href":"https:\/\/vosgesinfo.fr\/saintdieinfo\/wp-json\/wp\/v2\/comments?post=79833"}],"version-history":[{"count":1,"href":"https:\/\/vosgesinfo.fr\/saintdieinfo\/wp-json\/wp\/v2\/posts\/79833\/revisions"}],"predecessor-version":[{"id":79837,"href":"https:\/\/vosgesinfo.fr\/saintdieinfo\/wp-json\/wp\/v2\/posts\/79833\/revisions\/79837"}],"wp:featuredmedia":[{"embeddable":true,"href":"https:\/\/vosgesinfo.fr\/saintdieinfo\/wp-json\/wp\/v2\/media\/79835"}],"wp:attachment":[{"href":"https:\/\/vosgesinfo.fr\/saintdieinfo\/wp-json\/wp\/v2\/media?parent=79833"}],"wp:term":[{"taxonomy":"category","embeddable":true,"href":"https:\/\/vosgesinfo.fr\/saintdieinfo\/wp-json\/wp\/v2\/categories?post=79833"},{"taxonomy":"post_tag","embeddable":true,"href":"https:\/\/vosgesinfo.fr\/saintdieinfo\/wp-json\/wp\/v2\/tags?post=79833"}],"curies":[{"name":"wp","href":"https:\/\/api.w.org\/{rel}","templated":true}]}}