{"id":79852,"date":"2025-07-03T08:40:16","date_gmt":"2025-07-03T06:40:16","guid":{"rendered":"https:\/\/vosgesinfo.fr\/saintdieinfo\/?p=79852"},"modified":"2025-07-03T08:27:18","modified_gmt":"2025-07-03T06:27:18","slug":"a-lordre-du-jour-de-la-prochaine-seance-du-conseil-communautaire-12","status":"publish","type":"post","link":"https:\/\/vosgesinfo.fr\/saintdieinfo\/2025\/07\/a-lordre-du-jour-de-la-prochaine-seance-du-conseil-communautaire-12\/","title":{"rendered":"\u00c0 l\u2019ordre du jour de la prochaine s\u00e9ance du Conseil Communautaire."},"content":{"rendered":"<p><a href=\"https:\/\/vosgesinfo.fr\/app\/uploads\/sites\/4\/2019\/03\/communaute-agglomeration-logo.jpg\"><img decoding=\"async\" class=\"alignnone size-full wp-image-22680\" src=\"https:\/\/vosgesinfo.fr\/app\/uploads\/sites\/4\/2019\/03\/communaute-agglomeration-logo.jpg\" alt=\"\" width=\"500\" height=\"461\" srcset=\"https:\/\/vosgesinfo.fr\/app\/uploads\/sites\/4\/2019\/03\/communaute-agglomeration-logo.jpg 500w, https:\/\/vosgesinfo.fr\/app\/uploads\/sites\/4\/2019\/03\/communaute-agglomeration-logo-300x277.jpg 300w\" sizes=\"(max-width: 500px) 100vw, 500px\" \/><\/a><\/p>\n<h2><strong data-start=\"73\" data-end=\"101\">Le Conseil communautaire<\/strong> de la <strong data-start=\"108\" data-end=\"162\" data-is-only-node=\"\">Communaut\u00e9 d\u2019Agglom\u00e9ration de Saint-Di\u00e9-des-Vosges<\/strong> se r\u00e9unira le <strong data-start=\"177\" data-end=\"196\">lundi 7 juillet<\/strong>, \u00e0 <strong data-start=\"200\" data-end=\"207\">19h<\/strong> \u00e0 la <strong data-start=\"213\" data-end=\"253\">salle des f\u00eates de Sainte-Marguerite<\/strong>. <strong data-start=\"257\" data-end=\"276\">L&rsquo;ordre du jour<\/strong> de cette s\u00e9ance estivale :<\/h2>\n<h4 data-start=\"330\" data-end=\"348\">Ordre du jour<\/h4>\n<ol data-start=\"350\" data-end=\"2503\">\n<li data-start=\"350\" data-end=\"413\">\n<p data-start=\"353\" data-end=\"413\"><strong data-start=\"353\" data-end=\"382\">Adoption du proc\u00e8s-verbal<\/strong> de la s\u00e9ance du 10 juin 2025<\/p>\n<\/li>\n<li data-start=\"414\" data-end=\"463\">\n<p data-start=\"417\" data-end=\"463\"><strong data-start=\"417\" data-end=\"461\">Arr\u00eat du projet de territoire provisoire<\/strong><\/p>\n<\/li>\n<li data-start=\"464\" data-end=\"551\">\n<p data-start=\"467\" data-end=\"551\"><strong data-start=\"467\" data-end=\"549\">Avenant au Pacte Territorial de R\u00e9ussite pour la Transition \u00c9cologique \u2013 PTRTE<\/strong><\/p>\n<\/li>\n<li data-start=\"552\" data-end=\"612\">\n<p data-start=\"555\" data-end=\"612\"><strong data-start=\"555\" data-end=\"610\">Convention d\u2019OPAH-RU Saint-Di\u00e9-des-Vosges 2025-2029<\/strong><\/p>\n<\/li>\n<li data-start=\"613\" data-end=\"665\">\n<p data-start=\"616\" data-end=\"665\"><strong data-start=\"616\" data-end=\"663\">Octroi d\u2019aides \u00e0 l\u2019immobilier d\u2019entreprises<\/strong><\/p>\n<\/li>\n<li data-start=\"666\" data-end=\"774\">\n<p data-start=\"669\" data-end=\"774\"><strong data-start=\"669\" data-end=\"716\">Convention de partenariat et de reversement<\/strong> pour l\u2019aide attribu\u00e9e au titre du PIA <em data-start=\"755\" data-end=\"772\">campus connect\u00e9<\/em><\/p>\n<\/li>\n<li data-start=\"775\" data-end=\"831\">\n<p data-start=\"778\" data-end=\"831\"><strong data-start=\"778\" data-end=\"829\">Tarifs des aires de camping-car intercommunales<\/strong><\/p>\n<\/li>\n<li data-start=\"832\" data-end=\"946\">\n<p data-start=\"835\" data-end=\"946\"><strong data-start=\"835\" data-end=\"858\">Avenants n\u00b05 et n\u00b06<\/strong> au contrat de concession pour le service de transport urbain, interurbain et scolaire<\/p>\n<\/li>\n<li data-start=\"947\" data-end=\"1062\">\n<p data-start=\"950\" data-end=\"1062\"><strong data-start=\"950\" data-end=\"965\">Avenant n\u00b01<\/strong> \u00e0 la convention multi-partenariale pour la solution de g\u00e9n\u00e9ration de <strong data-start=\"1035\" data-end=\"1060\">code-barres 2D \u2013 CB2D<\/strong><\/p>\n<\/li>\n<li data-start=\"1063\" data-end=\"1186\">\n<p data-start=\"1067\" data-end=\"1186\"><strong data-start=\"1067\" data-end=\"1082\">Avenant n\u00b02<\/strong> \u00e0 la convention multi-partenariale pour l\u2019exploitation du <strong data-start=\"1141\" data-end=\"1184\">Syst\u00e8me d\u2019Information Multimodale \u2013 SIM<\/strong><\/p>\n<\/li>\n<li data-start=\"1187\" data-end=\"1247\">\n<p data-start=\"1191\" data-end=\"1247\"><strong data-start=\"1191\" data-end=\"1245\">Modification des attributions de compensation 2025<\/strong><\/p>\n<\/li>\n<li data-start=\"1248\" data-end=\"1318\">\n<p data-start=\"1252\" data-end=\"1318\"><strong data-start=\"1252\" data-end=\"1316\">Cadrage de la gestion des provisions pour risques et charges<\/strong><\/p>\n<\/li>\n<li data-start=\"1319\" data-end=\"1368\">\n<p data-start=\"1323\" data-end=\"1368\"><strong data-start=\"1323\" data-end=\"1366\">Reprises et constitutions de provisions<\/strong><\/p>\n<\/li>\n<li data-start=\"1369\" data-end=\"1424\">\n<p data-start=\"1373\" data-end=\"1424\"><strong data-start=\"1373\" data-end=\"1422\">Cl\u00f4ture du budget 70400 activit\u00e9s \u00e9conomiques<\/strong><\/p>\n<\/li>\n<li data-start=\"1425\" data-end=\"1481\">\n<p data-start=\"1429\" data-end=\"1481\"><strong data-start=\"1429\" data-end=\"1479\">Changement de d\u00e9nomination du budget 70800 ZAC<\/strong><\/p>\n<\/li>\n<li data-start=\"1482\" data-end=\"1542\">\n<p data-start=\"1486\" data-end=\"1542\"><strong data-start=\"1486\" data-end=\"1540\">Octroi de fonds de concours \u00e0 des communes-membres<\/strong><\/p>\n<\/li>\n<li data-start=\"1543\" data-end=\"1613\">\n<p data-start=\"1547\" data-end=\"1613\"><strong data-start=\"1547\" data-end=\"1611\">Avenant \u00e0 la convention d\u2019information fonci\u00e8re avec la SAFER<\/strong><\/p>\n<\/li>\n<li data-start=\"1614\" data-end=\"1664\">\n<p data-start=\"1618\" data-end=\"1664\"><strong data-start=\"1618\" data-end=\"1662\">Compl\u00e9ments aux grilles tarifaires REOMI<\/strong><\/p>\n<\/li>\n<li data-start=\"1665\" data-end=\"1727\">\n<p data-start=\"1669\" data-end=\"1727\"><strong data-start=\"1669\" data-end=\"1725\">Modification du r\u00e8glement de facturation de la REOMI<\/strong><\/p>\n<\/li>\n<li data-start=\"1728\" data-end=\"1809\">\n<p data-start=\"1732\" data-end=\"1809\"><strong data-start=\"1732\" data-end=\"1807\">Modification du r\u00e8glement de collecte des d\u00e9chets m\u00e9nagers et assimil\u00e9s<\/strong><\/p>\n<\/li>\n<li data-start=\"1810\" data-end=\"1930\">\n<p data-start=\"1814\" data-end=\"1930\"><strong data-start=\"1814\" data-end=\"1872\">Convention de fonds de concours avec Sainte-Marguerite<\/strong> pour des travaux d\u2019extension du r\u00e9seau d\u2019assainissement<\/p>\n<\/li>\n<li data-start=\"1931\" data-end=\"2004\">\n<p data-start=\"1935\" data-end=\"2004\"><strong data-start=\"1935\" data-end=\"2002\">Modification des modalit\u00e9s de facturation eau et assainissement<\/strong><\/p>\n<\/li>\n<li data-start=\"2005\" data-end=\"2092\">\n<p data-start=\"2009\" data-end=\"2092\"><strong data-start=\"2009\" data-end=\"2090\">Contribution \u00e0 la gestion et \u00e0 la pr\u00e9servation de la ressource en eau potable<\/strong><\/p>\n<\/li>\n<li data-start=\"2093\" data-end=\"2210\">\n<p data-start=\"2097\" data-end=\"2210\"><strong data-start=\"2097\" data-end=\"2138\">D\u00e9limitation de la zone de protection<\/strong> de l\u2019aire d\u2019alimentation du captage (ZP AAC) du Haut du Mont \u00e0 Anould<\/p>\n<\/li>\n<li data-start=\"2211\" data-end=\"2295\">\n<p data-start=\"2215\" data-end=\"2295\"><strong data-start=\"2215\" data-end=\"2283\">Lancement d\u2019une \u00e9tude pour un Site Patrimonial Remarquable \u2013 SPR<\/strong> \u00e0 Senones<\/p>\n<\/li>\n<li data-start=\"2296\" data-end=\"2332\">\n<p data-start=\"2300\" data-end=\"2332\"><strong data-start=\"2300\" data-end=\"2330\">Forfait mobilit\u00e9s durables<\/strong><\/p>\n<\/li>\n<li data-start=\"2333\" data-end=\"2380\">\n<p data-start=\"2337\" data-end=\"2380\"><strong data-start=\"2337\" data-end=\"2378\">Modification du tableau des effectifs<\/strong><\/p>\n<\/li>\n<li data-start=\"2381\" data-end=\"2503\">\n<p data-start=\"2385\" data-end=\"2503\"><strong data-start=\"2385\" data-end=\"2458\">Convention d\u2019offre de concours avec la SAS Les Ballasti\u00e8res Cantrelle<\/strong> pour une \u00e9tude de faisabilit\u00e9 sur la Meurthe<\/p>\n<\/li>\n<\/ol>\n","protected":false},"excerpt":{"rendered":"<p>Le Conseil communautaire de la Communaut\u00e9 d\u2019Agglom\u00e9ration de Saint-Di\u00e9-des-Vosges se r\u00e9unira le lundi 7 juillet, \u00e0 19h \u00e0 la salle [&hellip;]<\/p>\n","protected":false},"author":46,"featured_media":22680,"comment_status":"open","ping_status":"open","sticky":false,"template":"","format":"standard","meta":{"footnotes":""},"categories":[460,3903,10],"tags":[3282,5695,3093],"class_list":["post-79852","post","type-post","status-publish","format-standard","has-post-thumbnail","hentry","category-a-la-une","category-deodatie","category-politique","tag-communaute-dagglomeration-de-saint-die-des-vosges","tag-conseil-communautaire-de-la-communaute-dagglomeration-de-saint-die-des-vosges","tag-salle-des-fetes-de-sainte-marguerite"],"acf":[],"yoast_head":"<!-- This site is optimized with the Yoast SEO plugin v22.5 - https:\/\/yoast.com\/wordpress\/plugins\/seo\/ -->\n<title>\u00c0 l\u2019ordre du jour de la prochaine s\u00e9ance du Conseil Communautaire. - Saint Die Info<\/title>\n<meta name=\"robots\" content=\"index, follow, max-snippet:-1, max-image-preview:large, max-video-preview:-1\" \/>\n<link rel=\"canonical\" href=\"https:\/\/vosgesinfo.fr\/saintdieinfo\/2025\/07\/a-lordre-du-jour-de-la-prochaine-seance-du-conseil-communautaire-12\/\" \/>\n<meta name=\"twitter:card\" content=\"summary_large_image\" \/>\n<meta name=\"twitter:title\" content=\"\u00c0 l\u2019ordre du jour de la prochaine s\u00e9ance du Conseil Communautaire. - Saint Die Info\" \/>\n<meta name=\"twitter:description\" content=\"Le Conseil communautaire de la Communaut\u00e9 d\u2019Agglom\u00e9ration de Saint-Di\u00e9-des-Vosges se r\u00e9unira le lundi 7 juillet, \u00e0 19h \u00e0 la salle [&hellip;]\" \/>\n<meta name=\"twitter:image\" content=\"https:\/\/vosgesinfo.fr\/app\/uploads\/sites\/4\/2019\/03\/communaute-agglomeration-logo.jpg\" \/>\n<meta name=\"twitter:creator\" content=\"@VosgesInfo88\" \/>\n<meta name=\"twitter:site\" content=\"@VosgesInfo88\" \/>\n<meta name=\"twitter:label1\" content=\"\u00c9crit par\" \/>\n\t<meta name=\"twitter:data1\" content=\"J.J.\" \/>\n\t<meta name=\"twitter:label2\" content=\"Dur\u00e9e de lecture estim\u00e9e\" \/>\n\t<meta name=\"twitter:data2\" content=\"2 minutes\" \/>\n<script type=\"application\/ld+json\" class=\"yoast-schema-graph\">{\"@context\":\"https:\/\/schema.org\",\"@graph\":[{\"@type\":\"Article\",\"@id\":\"https:\/\/vosgesinfo.fr\/saintdieinfo\/2025\/07\/a-lordre-du-jour-de-la-prochaine-seance-du-conseil-communautaire-12\/#article\",\"isPartOf\":{\"@id\":\"https:\/\/vosgesinfo.fr\/saintdieinfo\/2025\/07\/a-lordre-du-jour-de-la-prochaine-seance-du-conseil-communautaire-12\/\"},\"author\":{\"name\":\"J.J.\",\"@id\":\"https:\/\/vosgesinfo.fr\/saintdieinfo\/#\/schema\/person\/fa73e9f726d67bb88f46d5b7943cb572\"},\"headline\":\"\u00c0 l\u2019ordre du jour de la prochaine s\u00e9ance du Conseil Communautaire.\",\"datePublished\":\"2025-07-03T06:40:16+00:00\",\"dateModified\":\"2025-07-03T06:27:18+00:00\",\"mainEntityOfPage\":{\"@id\":\"https:\/\/vosgesinfo.fr\/saintdieinfo\/2025\/07\/a-lordre-du-jour-de-la-prochaine-seance-du-conseil-communautaire-12\/\"},\"wordCount\":344,\"commentCount\":0,\"publisher\":{\"@id\":\"https:\/\/vosgesinfo.fr\/saintdieinfo\/#organization\"},\"image\":{\"@id\":\"https:\/\/vosgesinfo.fr\/saintdieinfo\/2025\/07\/a-lordre-du-jour-de-la-prochaine-seance-du-conseil-communautaire-12\/#primaryimage\"},\"thumbnailUrl\":\"https:\/\/vosgesinfo.fr\/app\/uploads\/sites\/4\/2019\/03\/communaute-agglomeration-logo.jpg\",\"keywords\":[\"Communaut\u00e9 d'Agglom\u00e9ration de Saint-Di\u00e9-des-Vosges\",\"Conseil communautaire de la Communaut\u00e9 d'Agglom\u00e9ration de Saint-Di\u00e9-des-Vosges\",\"Salle des f\u00eates de Sainte-Marguerite\"],\"articleSection\":[\"A la Une\",\"D\u00e9odatie\",\"Politique\"],\"inLanguage\":\"fr-FR\",\"potentialAction\":[{\"@type\":\"CommentAction\",\"name\":\"Comment\",\"target\":[\"https:\/\/vosgesinfo.fr\/saintdieinfo\/2025\/07\/a-lordre-du-jour-de-la-prochaine-seance-du-conseil-communautaire-12\/#respond\"]}]},{\"@type\":\"WebPage\",\"@id\":\"https:\/\/vosgesinfo.fr\/saintdieinfo\/2025\/07\/a-lordre-du-jour-de-la-prochaine-seance-du-conseil-communautaire-12\/\",\"url\":\"https:\/\/vosgesinfo.fr\/saintdieinfo\/2025\/07\/a-lordre-du-jour-de-la-prochaine-seance-du-conseil-communautaire-12\/\",\"name\":\"\u00c0 l\u2019ordre du jour de la prochaine s\u00e9ance du Conseil Communautaire. - Saint Die Info\",\"isPartOf\":{\"@id\":\"https:\/\/vosgesinfo.fr\/saintdieinfo\/#website\"},\"primaryImageOfPage\":{\"@id\":\"https:\/\/vosgesinfo.fr\/saintdieinfo\/2025\/07\/a-lordre-du-jour-de-la-prochaine-seance-du-conseil-communautaire-12\/#primaryimage\"},\"image\":{\"@id\":\"https:\/\/vosgesinfo.fr\/saintdieinfo\/2025\/07\/a-lordre-du-jour-de-la-prochaine-seance-du-conseil-communautaire-12\/#primaryimage\"},\"thumbnailUrl\":\"https:\/\/vosgesinfo.fr\/app\/uploads\/sites\/4\/2019\/03\/communaute-agglomeration-logo.jpg\",\"datePublished\":\"2025-07-03T06:40:16+00:00\",\"dateModified\":\"2025-07-03T06:27:18+00:00\",\"breadcrumb\":{\"@id\":\"https:\/\/vosgesinfo.fr\/saintdieinfo\/2025\/07\/a-lordre-du-jour-de-la-prochaine-seance-du-conseil-communautaire-12\/#breadcrumb\"},\"inLanguage\":\"fr-FR\",\"potentialAction\":[{\"@type\":\"ReadAction\",\"target\":[\"https:\/\/vosgesinfo.fr\/saintdieinfo\/2025\/07\/a-lordre-du-jour-de-la-prochaine-seance-du-conseil-communautaire-12\/\"]}]},{\"@type\":\"ImageObject\",\"inLanguage\":\"fr-FR\",\"@id\":\"https:\/\/vosgesinfo.fr\/saintdieinfo\/2025\/07\/a-lordre-du-jour-de-la-prochaine-seance-du-conseil-communautaire-12\/#primaryimage\",\"url\":\"https:\/\/vosgesinfo.fr\/app\/uploads\/sites\/4\/2019\/03\/communaute-agglomeration-logo.jpg\",\"contentUrl\":\"https:\/\/vosgesinfo.fr\/app\/uploads\/sites\/4\/2019\/03\/communaute-agglomeration-logo.jpg\",\"width\":500,\"height\":461},{\"@type\":\"BreadcrumbList\",\"@id\":\"https:\/\/vosgesinfo.fr\/saintdieinfo\/2025\/07\/a-lordre-du-jour-de-la-prochaine-seance-du-conseil-communautaire-12\/#breadcrumb\",\"itemListElement\":[{\"@type\":\"ListItem\",\"position\":1,\"name\":\"Home\",\"item\":\"https:\/\/vosgesinfo.fr\/saintdieinfo\/\"},{\"@type\":\"ListItem\",\"position\":2,\"name\":\"\u00c0 l\u2019ordre du jour de la prochaine s\u00e9ance du Conseil Communautaire.\"}]},{\"@type\":\"WebSite\",\"@id\":\"https:\/\/vosgesinfo.fr\/saintdieinfo\/#website\",\"url\":\"https:\/\/vosgesinfo.fr\/saintdieinfo\/\",\"name\":\"Saint Die Info\",\"description\":\"Toute l&#039;actualit\u00e9 de Saint-Di\u00e9-Des-Vosges\",\"publisher\":{\"@id\":\"https:\/\/vosgesinfo.fr\/saintdieinfo\/#organization\"},\"alternateName\":\"Toute l'actualit\u00e9 de Saint-Di\u00e9-Des-Vosges\",\"potentialAction\":[{\"@type\":\"SearchAction\",\"target\":{\"@type\":\"EntryPoint\",\"urlTemplate\":\"https:\/\/vosgesinfo.fr\/saintdieinfo\/?s={search_term_string}\"},\"query-input\":\"required name=search_term_string\"}],\"inLanguage\":\"fr-FR\"},{\"@type\":\"Organization\",\"@id\":\"https:\/\/vosgesinfo.fr\/saintdieinfo\/#organization\",\"name\":\"Saint Die Info\",\"url\":\"https:\/\/vosgesinfo.fr\/saintdieinfo\/\",\"logo\":{\"@type\":\"ImageObject\",\"inLanguage\":\"fr-FR\",\"@id\":\"https:\/\/vosgesinfo.fr\/saintdieinfo\/#\/schema\/logo\/image\/\",\"url\":\"https:\/\/vosgesinfo.fr\/app\/uploads\/sites\/4\/2024\/02\/logo-sdi.jpg\",\"contentUrl\":\"https:\/\/vosgesinfo.fr\/app\/uploads\/sites\/4\/2024\/02\/logo-sdi.jpg\",\"width\":600,\"height\":600,\"caption\":\"Saint Die Info\"},\"image\":{\"@id\":\"https:\/\/vosgesinfo.fr\/saintdieinfo\/#\/schema\/logo\/image\/\"},\"sameAs\":[\"https:\/\/www.facebook.com\/Saintdieinfofr\",\"https:\/\/x.com\/VosgesInfo88\",\"https:\/\/www.youtube.com\/@vosgesinfo\"]},{\"@type\":\"Person\",\"@id\":\"https:\/\/vosgesinfo.fr\/saintdieinfo\/#\/schema\/person\/fa73e9f726d67bb88f46d5b7943cb572\",\"name\":\"J.J.\",\"image\":{\"@type\":\"ImageObject\",\"inLanguage\":\"fr-FR\",\"@id\":\"https:\/\/vosgesinfo.fr\/saintdieinfo\/#\/schema\/person\/image\/\",\"url\":\"https:\/\/secure.gravatar.com\/avatar\/219e749e47ffbcca018a360ae4add7d4cdf1cdaaf8bc7676b27efade3fe65615?s=96&d=mm&r=g\",\"contentUrl\":\"https:\/\/secure.gravatar.com\/avatar\/219e749e47ffbcca018a360ae4add7d4cdf1cdaaf8bc7676b27efade3fe65615?s=96&d=mm&r=g\",\"caption\":\"J.J.\"},\"url\":\"https:\/\/vosgesinfo.fr\/saintdieinfo\/author\/j-j\/\"}]}<\/script>\n<!-- \/ Yoast SEO plugin. -->","yoast_head_json":{"title":"\u00c0 l\u2019ordre du jour de la prochaine s\u00e9ance du Conseil Communautaire. - Saint Die Info","robots":{"index":"index","follow":"follow","max-snippet":"max-snippet:-1","max-image-preview":"max-image-preview:large","max-video-preview":"max-video-preview:-1"},"canonical":"https:\/\/vosgesinfo.fr\/saintdieinfo\/2025\/07\/a-lordre-du-jour-de-la-prochaine-seance-du-conseil-communautaire-12\/","twitter_card":"summary_large_image","twitter_title":"\u00c0 l\u2019ordre du jour de la prochaine s\u00e9ance du Conseil Communautaire. - Saint Die Info","twitter_description":"Le Conseil communautaire de la Communaut\u00e9 d\u2019Agglom\u00e9ration de Saint-Di\u00e9-des-Vosges se r\u00e9unira le lundi 7 juillet, \u00e0 19h \u00e0 la salle [&hellip;]","twitter_image":"https:\/\/vosgesinfo.fr\/app\/uploads\/sites\/4\/2019\/03\/communaute-agglomeration-logo.jpg","twitter_creator":"@VosgesInfo88","twitter_site":"@VosgesInfo88","twitter_misc":{"\u00c9crit par":"J.J.","Dur\u00e9e de lecture estim\u00e9e":"2 minutes"},"schema":{"@context":"https:\/\/schema.org","@graph":[{"@type":"Article","@id":"https:\/\/vosgesinfo.fr\/saintdieinfo\/2025\/07\/a-lordre-du-jour-de-la-prochaine-seance-du-conseil-communautaire-12\/#article","isPartOf":{"@id":"https:\/\/vosgesinfo.fr\/saintdieinfo\/2025\/07\/a-lordre-du-jour-de-la-prochaine-seance-du-conseil-communautaire-12\/"},"author":{"name":"J.J.","@id":"https:\/\/vosgesinfo.fr\/saintdieinfo\/#\/schema\/person\/fa73e9f726d67bb88f46d5b7943cb572"},"headline":"\u00c0 l\u2019ordre du jour de la prochaine s\u00e9ance du Conseil Communautaire.","datePublished":"2025-07-03T06:40:16+00:00","dateModified":"2025-07-03T06:27:18+00:00","mainEntityOfPage":{"@id":"https:\/\/vosgesinfo.fr\/saintdieinfo\/2025\/07\/a-lordre-du-jour-de-la-prochaine-seance-du-conseil-communautaire-12\/"},"wordCount":344,"commentCount":0,"publisher":{"@id":"https:\/\/vosgesinfo.fr\/saintdieinfo\/#organization"},"image":{"@id":"https:\/\/vosgesinfo.fr\/saintdieinfo\/2025\/07\/a-lordre-du-jour-de-la-prochaine-seance-du-conseil-communautaire-12\/#primaryimage"},"thumbnailUrl":"https:\/\/vosgesinfo.fr\/app\/uploads\/sites\/4\/2019\/03\/communaute-agglomeration-logo.jpg","keywords":["Communaut\u00e9 d'Agglom\u00e9ration de Saint-Di\u00e9-des-Vosges","Conseil communautaire de la Communaut\u00e9 d'Agglom\u00e9ration de Saint-Di\u00e9-des-Vosges","Salle des f\u00eates de Sainte-Marguerite"],"articleSection":["A la Une","D\u00e9odatie","Politique"],"inLanguage":"fr-FR","potentialAction":[{"@type":"CommentAction","name":"Comment","target":["https:\/\/vosgesinfo.fr\/saintdieinfo\/2025\/07\/a-lordre-du-jour-de-la-prochaine-seance-du-conseil-communautaire-12\/#respond"]}]},{"@type":"WebPage","@id":"https:\/\/vosgesinfo.fr\/saintdieinfo\/2025\/07\/a-lordre-du-jour-de-la-prochaine-seance-du-conseil-communautaire-12\/","url":"https:\/\/vosgesinfo.fr\/saintdieinfo\/2025\/07\/a-lordre-du-jour-de-la-prochaine-seance-du-conseil-communautaire-12\/","name":"\u00c0 l\u2019ordre du jour de la prochaine s\u00e9ance du Conseil Communautaire. - Saint Die Info","isPartOf":{"@id":"https:\/\/vosgesinfo.fr\/saintdieinfo\/#website"},"primaryImageOfPage":{"@id":"https:\/\/vosgesinfo.fr\/saintdieinfo\/2025\/07\/a-lordre-du-jour-de-la-prochaine-seance-du-conseil-communautaire-12\/#primaryimage"},"image":{"@id":"https:\/\/vosgesinfo.fr\/saintdieinfo\/2025\/07\/a-lordre-du-jour-de-la-prochaine-seance-du-conseil-communautaire-12\/#primaryimage"},"thumbnailUrl":"https:\/\/vosgesinfo.fr\/app\/uploads\/sites\/4\/2019\/03\/communaute-agglomeration-logo.jpg","datePublished":"2025-07-03T06:40:16+00:00","dateModified":"2025-07-03T06:27:18+00:00","breadcrumb":{"@id":"https:\/\/vosgesinfo.fr\/saintdieinfo\/2025\/07\/a-lordre-du-jour-de-la-prochaine-seance-du-conseil-communautaire-12\/#breadcrumb"},"inLanguage":"fr-FR","potentialAction":[{"@type":"ReadAction","target":["https:\/\/vosgesinfo.fr\/saintdieinfo\/2025\/07\/a-lordre-du-jour-de-la-prochaine-seance-du-conseil-communautaire-12\/"]}]},{"@type":"ImageObject","inLanguage":"fr-FR","@id":"https:\/\/vosgesinfo.fr\/saintdieinfo\/2025\/07\/a-lordre-du-jour-de-la-prochaine-seance-du-conseil-communautaire-12\/#primaryimage","url":"https:\/\/vosgesinfo.fr\/app\/uploads\/sites\/4\/2019\/03\/communaute-agglomeration-logo.jpg","contentUrl":"https:\/\/vosgesinfo.fr\/app\/uploads\/sites\/4\/2019\/03\/communaute-agglomeration-logo.jpg","width":500,"height":461},{"@type":"BreadcrumbList","@id":"https:\/\/vosgesinfo.fr\/saintdieinfo\/2025\/07\/a-lordre-du-jour-de-la-prochaine-seance-du-conseil-communautaire-12\/#breadcrumb","itemListElement":[{"@type":"ListItem","position":1,"name":"Home","item":"https:\/\/vosgesinfo.fr\/saintdieinfo\/"},{"@type":"ListItem","position":2,"name":"\u00c0 l\u2019ordre du jour de la prochaine s\u00e9ance du Conseil Communautaire."}]},{"@type":"WebSite","@id":"https:\/\/vosgesinfo.fr\/saintdieinfo\/#website","url":"https:\/\/vosgesinfo.fr\/saintdieinfo\/","name":"Saint Die Info","description":"Toute l&#039;actualit\u00e9 de Saint-Di\u00e9-Des-Vosges","publisher":{"@id":"https:\/\/vosgesinfo.fr\/saintdieinfo\/#organization"},"alternateName":"Toute l'actualit\u00e9 de Saint-Di\u00e9-Des-Vosges","potentialAction":[{"@type":"SearchAction","target":{"@type":"EntryPoint","urlTemplate":"https:\/\/vosgesinfo.fr\/saintdieinfo\/?s={search_term_string}"},"query-input":"required name=search_term_string"}],"inLanguage":"fr-FR"},{"@type":"Organization","@id":"https:\/\/vosgesinfo.fr\/saintdieinfo\/#organization","name":"Saint Die Info","url":"https:\/\/vosgesinfo.fr\/saintdieinfo\/","logo":{"@type":"ImageObject","inLanguage":"fr-FR","@id":"https:\/\/vosgesinfo.fr\/saintdieinfo\/#\/schema\/logo\/image\/","url":"https:\/\/vosgesinfo.fr\/app\/uploads\/sites\/4\/2024\/02\/logo-sdi.jpg","contentUrl":"https:\/\/vosgesinfo.fr\/app\/uploads\/sites\/4\/2024\/02\/logo-sdi.jpg","width":600,"height":600,"caption":"Saint Die Info"},"image":{"@id":"https:\/\/vosgesinfo.fr\/saintdieinfo\/#\/schema\/logo\/image\/"},"sameAs":["https:\/\/www.facebook.com\/Saintdieinfofr","https:\/\/x.com\/VosgesInfo88","https:\/\/www.youtube.com\/@vosgesinfo"]},{"@type":"Person","@id":"https:\/\/vosgesinfo.fr\/saintdieinfo\/#\/schema\/person\/fa73e9f726d67bb88f46d5b7943cb572","name":"J.J.","image":{"@type":"ImageObject","inLanguage":"fr-FR","@id":"https:\/\/vosgesinfo.fr\/saintdieinfo\/#\/schema\/person\/image\/","url":"https:\/\/secure.gravatar.com\/avatar\/219e749e47ffbcca018a360ae4add7d4cdf1cdaaf8bc7676b27efade3fe65615?s=96&d=mm&r=g","contentUrl":"https:\/\/secure.gravatar.com\/avatar\/219e749e47ffbcca018a360ae4add7d4cdf1cdaaf8bc7676b27efade3fe65615?s=96&d=mm&r=g","caption":"J.J."},"url":"https:\/\/vosgesinfo.fr\/saintdieinfo\/author\/j-j\/"}]}},"_links":{"self":[{"href":"https:\/\/vosgesinfo.fr\/saintdieinfo\/wp-json\/wp\/v2\/posts\/79852","targetHints":{"allow":["GET"]}}],"collection":[{"href":"https:\/\/vosgesinfo.fr\/saintdieinfo\/wp-json\/wp\/v2\/posts"}],"about":[{"href":"https:\/\/vosgesinfo.fr\/saintdieinfo\/wp-json\/wp\/v2\/types\/post"}],"author":[{"embeddable":true,"href":"https:\/\/vosgesinfo.fr\/saintdieinfo\/wp-json\/wp\/v2\/users\/46"}],"replies":[{"embeddable":true,"href":"https:\/\/vosgesinfo.fr\/saintdieinfo\/wp-json\/wp\/v2\/comments?post=79852"}],"version-history":[{"count":1,"href":"https:\/\/vosgesinfo.fr\/saintdieinfo\/wp-json\/wp\/v2\/posts\/79852\/revisions"}],"predecessor-version":[{"id":79853,"href":"https:\/\/vosgesinfo.fr\/saintdieinfo\/wp-json\/wp\/v2\/posts\/79852\/revisions\/79853"}],"wp:featuredmedia":[{"embeddable":true,"href":"https:\/\/vosgesinfo.fr\/saintdieinfo\/wp-json\/wp\/v2\/media\/22680"}],"wp:attachment":[{"href":"https:\/\/vosgesinfo.fr\/saintdieinfo\/wp-json\/wp\/v2\/media?parent=79852"}],"wp:term":[{"taxonomy":"category","embeddable":true,"href":"https:\/\/vosgesinfo.fr\/saintdieinfo\/wp-json\/wp\/v2\/categories?post=79852"},{"taxonomy":"post_tag","embeddable":true,"href":"https:\/\/vosgesinfo.fr\/saintdieinfo\/wp-json\/wp\/v2\/tags?post=79852"}],"curies":[{"name":"wp","href":"https:\/\/api.w.org\/{rel}","templated":true}]}}