{"id":80003,"date":"2025-07-07T16:00:13","date_gmt":"2025-07-07T14:00:13","guid":{"rendered":"https:\/\/vosgesinfo.fr\/saintdieinfo\/?p=80003"},"modified":"2025-07-07T15:41:18","modified_gmt":"2025-07-07T13:41:18","slug":"nouvelle-action-de-l214-a-saint-die-des-vosges-contre-les-conditions-delevages-porcins-fournissant-lenseigne-e-leclerc","status":"publish","type":"post","link":"https:\/\/vosgesinfo.fr\/saintdieinfo\/2025\/07\/nouvelle-action-de-l214-a-saint-die-des-vosges-contre-les-conditions-delevages-porcins-fournissant-lenseigne-e-leclerc\/","title":{"rendered":"Nouvelle action de L214 \u00e0 Saint-Di\u00e9-des-Vosges contre les conditions d&rsquo;\u00e9levages porcins fournissant l&rsquo;enseigne E.Leclerc"},"content":{"rendered":"<div id=\"attachment_80001\" style=\"width: 1034px\" class=\"wp-caption alignnone\"><a href=\"https:\/\/vosgesinfo.fr\/app\/uploads\/sites\/4\/2025\/07\/nouvelle-action-l214-e-4.jpg\"><img decoding=\"async\" aria-describedby=\"caption-attachment-80001\" class=\"size-large wp-image-80001\" src=\"https:\/\/vosgesinfo.fr\/app\/uploads\/sites\/4\/2025\/07\/nouvelle-action-l214-e-4-1024x682.jpg\" alt=\"\" width=\"1024\" height=\"682\" srcset=\"https:\/\/vosgesinfo.fr\/app\/uploads\/sites\/4\/2025\/07\/nouvelle-action-l214-e-4-1024x682.jpg 1024w, https:\/\/vosgesinfo.fr\/app\/uploads\/sites\/4\/2025\/07\/nouvelle-action-l214-e-4-300x200.jpg 300w, https:\/\/vosgesinfo.fr\/app\/uploads\/sites\/4\/2025\/07\/nouvelle-action-l214-e-4-768x512.jpg 768w, https:\/\/vosgesinfo.fr\/app\/uploads\/sites\/4\/2025\/07\/nouvelle-action-l214-e-4-1536x1024.jpg 1536w, https:\/\/vosgesinfo.fr\/app\/uploads\/sites\/4\/2025\/07\/nouvelle-action-l214-e-4.jpg 2000w\" sizes=\"(max-width: 1024px) 100vw, 1024px\" \/><\/a><p id=\"caption-attachment-80001\" class=\"wp-caption-text\">(Photographies Groupe L214 Saint-Di\u00e9-des-Vosges)<\/p><\/div>\n<h2>Une <strong>nouvelle action de sensibilisation<\/strong> de l&rsquo;association <strong>L214<\/strong> s\u2019est tenue ce <strong>samedi 5 juillet<\/strong> devant l&rsquo;hypermarch\u00e9 <strong>E.Leclerc de Saint-Di\u00e9-des-Vosges<\/strong>. Comme les pr\u00e9c\u00e9dentes (lire nos articles <a href=\"https:\/\/vosgesinfo.fr\/saintdieinfo\/2025\/03\/l214-se-mobilise-a-saint-die-des-vosges-pour-denoncer-des-elevages-porcins-fournissant-lenseigne-e-leclerc\/\" target=\"_blank\" rel=\"noopener\">ici<\/a> et <a href=\"https:\/\/vosgesinfo.fr\/saintdieinfo\/2025\/04\/qui-est-le-moins-clair-nouvelle-action-de-l214-devant-le-magasin-e-leclerc-de-saint-die-des-vosges\/\" target=\"_blank\" rel=\"noopener\">ici<\/a>), <strong>cette action d\u00e9odatienne<\/strong> visait \u00e0 alerter les clients et d\u00e9noncer \u00ab\u00a0les pratiques ill\u00e9gales ayant cours dans les \u00e9levages de cochons qui fournissent l&rsquo;enseigne. \u00bb<\/h2>\n<p><!--more--><\/p>\n<h3><strong>Dix \u00e9levages mis en cause par L214<\/strong><\/h3>\n<p>Depuis <strong>mars 2024<\/strong>, L214 a publi\u00e9 des images tourn\u00e9es dans <strong>dix \u00e9levages<\/strong> alimentant le r\u00e9seau E.Leclerc. L\u2019association de d\u00e9fense des animaux d\u00e9nonce des faits tels que la <strong>mutilation syst\u00e9matique des porcelets<\/strong>, <strong>l\u2019absence de soins<\/strong> aux animaux bless\u00e9s ou malades, <strong>des conditions d&rsquo;insalubrit\u00e9<\/strong> ou encore <strong>la pr\u00e9sence de cadavres non \u00e9vacu\u00e9s<\/strong>.<\/p>\n<h3><strong>L214 d\u00e9nonce une tentative d\u2019intimidation<\/strong><\/h3>\n<p>\u00ab\u00a0Face \u00e0 ces r\u00e9v\u00e9lations, <strong>E.Leclerc n\u2019a pas annonc\u00e9 mettre fin \u00e0 ces pratiques, mais a choisi de mettre en demeure L214 pour tenter de faire cesser ses actions d\u2019information du grand public<\/strong>. Cette tentative d\u2019intimidation <strong>renforce la d\u00e9termination de L214<\/strong> \u00e0 exercer son r\u00f4le d\u2019alerte \u00bb a d\u00e9clar\u00e9 l&rsquo;association en marge de l&rsquo;action de samedi, qui s&rsquo;est \u00e9galement d\u00e9roul\u00e9e dans <strong>une trentaine d&rsquo;autres villes fran\u00e7aises<\/strong>.<\/p>\n<h3><strong>Une sensibilisation de la client\u00e8le de E.Leclerc<\/strong><\/h3>\n<p>\u00c0 <strong>Saint-Di\u00e9-des-Vosges<\/strong>, les militants de l&rsquo;association de d\u00e9fense des animaux sont all\u00e9s \u00e0 la rencontre de la client\u00e8le de <strong>E.Leclerc<\/strong>, en leur proposant de <strong>signer une p\u00e9tition<\/strong>, tout en affichant des visuels et le slogan \u00ab\u00a0<strong>Ill\u00e9gal en \u00e9levage, vendu chez E.Leclerc<\/strong> \u00bb \u00e0 l&rsquo;entr\u00e9e du magasin. Des <strong>autocollants<\/strong> ont \u00e9galement \u00e9t\u00e9 appos\u00e9s sur des <strong>barquettes de viande<\/strong> et des <strong>caddies<\/strong>, de la <strong>rubalise<\/strong> a \u00e9t\u00e9 install\u00e9e sur les <strong>abris \u00e0 caddies<\/strong> et des <strong>flyers<\/strong> ont \u00e9t\u00e9 d\u00e9pos\u00e9s \u00e0 l&rsquo;int\u00e9rieur de la grande surface.<\/p>\n<h3><strong>Le Pig Minimum Standards en ligne de mire<\/strong><\/h3>\n<p>L214 va poursuivre sa mobilisation ces prochains jours, \u00ab\u00a0avec une op\u00e9ration de <strong>stickage citoyen<\/strong> sur la viande de cochons vendue par l&rsquo;enseigne\u00a0\u00bb. <strong>L&rsquo;objectif \u00e9tant que l&rsquo;enseigne E.Leclerc respecte les crit\u00e8res du Pig Minimum Standards \u2013 PMS.<\/strong><\/p>\n<p>Pour rappel, le <strong>PMS<\/strong> constitue un <strong>ensemble de normes minimales de bien-\u00eatre<\/strong> destin\u00e9es \u00e0 encadrer l&rsquo;\u00e9levage des porcs, dont <strong>l&rsquo;interdiction des mutilations<\/strong> pratiqu\u00e9es sur les cochons (coupe des queues, section des dents&#8230;), <strong>la mise en place d&rsquo;enrichissements<\/strong> comme de la liti\u00e8re, ou <strong>l&rsquo;enfermement des truies reproductrices en cages individuelles<\/strong>.<\/p>\n\n\t\t<style type=\"text\/css\">\n\t\t\t#gallery-1 {\n\t\t\t\tmargin: auto;\n\t\t\t}\n\t\t\t#gallery-1 .gallery-item {\n\t\t\t\tfloat: left;\n\t\t\t\tmargin-top: 10px;\n\t\t\t\ttext-align: center;\n\t\t\t\twidth: 33%;\n\t\t\t}\n\t\t\t#gallery-1 img {\n\t\t\t\tborder: 2px solid #cfcfcf;\n\t\t\t}\n\t\t\t#gallery-1 .gallery-caption {\n\t\t\t\tmargin-left: 0;\n\t\t\t}\n\t\t\t\/* see gallery_shortcode() in wp-includes\/media.php *\/\n\t\t<\/style>\n\t\t<div id='gallery-1' class='gallery galleryid-80003 gallery-columns-3 gallery-size-thumbnail'><dl class='gallery-item'>\n\t\t\t<dt class='gallery-icon landscape'>\n\t\t\t\t<a href='https:\/\/vosgesinfo.fr\/app\/uploads\/sites\/4\/2025\/07\/nouvelle-action-l214-e-3.jpg'><img decoding=\"async\" width=\"150\" height=\"150\" src=\"https:\/\/vosgesinfo.fr\/app\/uploads\/sites\/4\/2025\/07\/nouvelle-action-l214-e-3-150x150.jpg\" class=\"attachment-thumbnail size-thumbnail\" alt=\"\" \/><\/a>\n\t\t\t<\/dt><\/dl><dl class='gallery-item'>\n\t\t\t<dt class='gallery-icon portrait'>\n\t\t\t\t<a href='https:\/\/vosgesinfo.fr\/app\/uploads\/sites\/4\/2025\/07\/nouvelle-action-l214-e-1.jpg'><img decoding=\"async\" width=\"150\" height=\"150\" src=\"https:\/\/vosgesinfo.fr\/app\/uploads\/sites\/4\/2025\/07\/nouvelle-action-l214-e-1-150x150.jpg\" class=\"attachment-thumbnail size-thumbnail\" alt=\"\" \/><\/a>\n\t\t\t<\/dt><\/dl><dl class='gallery-item'>\n\t\t\t<dt class='gallery-icon portrait'>\n\t\t\t\t<a href='https:\/\/vosgesinfo.fr\/app\/uploads\/sites\/4\/2025\/07\/nouvelle-action-l214-e-2.jpg'><img decoding=\"async\" width=\"150\" height=\"150\" src=\"https:\/\/vosgesinfo.fr\/app\/uploads\/sites\/4\/2025\/07\/nouvelle-action-l214-e-2-150x150.jpg\" class=\"attachment-thumbnail size-thumbnail\" alt=\"\" \/><\/a>\n\t\t\t<\/dt><\/dl><br style=\"clear: both\" \/>\n\t\t<\/div>\n\n","protected":false},"excerpt":{"rendered":"<p>Une nouvelle action de sensibilisation de l&rsquo;association L214 s\u2019est tenue ce samedi 5 juillet devant l&rsquo;hypermarch\u00e9 E.Leclerc de Saint-Di\u00e9-des-Vosges. Comme [&hellip;]<\/p>\n","protected":false},"author":46,"featured_media":80001,"comment_status":"open","ping_status":"open","sticky":false,"template":"","format":"standard","meta":{"footnotes":""},"categories":[460,167,13],"tags":[17701,4591,5020,7872,16527,3421],"class_list":["post-80003","post","type-post","status-publish","format-standard","has-post-thumbnail","hentry","category-a-la-une","category-saint-die-des-vosges","category-societe","tag-groupe-l214-saint-die-des-vosges","tag-hypermarche-e-leclerc-de-saint-die-des-vosges","tag-l214","tag-l214-ethique-et-animaux","tag-l214-se-mobilise-a-saint-die-des-vosges-contre-des-elevages-porcins-fournissant-lenseigne-e-leclerc","tag-zone-hellieule-2"],"acf":[],"yoast_head":"<!-- This site is optimized with the Yoast SEO plugin v22.5 - https:\/\/yoast.com\/wordpress\/plugins\/seo\/ -->\n<title>Nouvelle action de L214 \u00e0 Saint-Di\u00e9-des-Vosges contre les conditions d&#039;\u00e9levages porcins fournissant l&#039;enseigne E.Leclerc - Saint Die Info<\/title>\n<meta name=\"robots\" content=\"index, follow, max-snippet:-1, max-image-preview:large, max-video-preview:-1\" \/>\n<link rel=\"canonical\" href=\"https:\/\/vosgesinfo.fr\/saintdieinfo\/2025\/07\/nouvelle-action-de-l214-a-saint-die-des-vosges-contre-les-conditions-delevages-porcins-fournissant-lenseigne-e-leclerc\/\" \/>\n<meta name=\"twitter:card\" content=\"summary_large_image\" \/>\n<meta name=\"twitter:title\" content=\"Nouvelle action de L214 \u00e0 Saint-Di\u00e9-des-Vosges contre les conditions d&#039;\u00e9levages porcins fournissant l&#039;enseigne E.Leclerc - Saint Die Info\" \/>\n<meta name=\"twitter:description\" content=\"Une nouvelle action de sensibilisation de l&rsquo;association L214 s\u2019est tenue ce samedi 5 juillet devant l&rsquo;hypermarch\u00e9 E.Leclerc de Saint-Di\u00e9-des-Vosges. Comme [&hellip;]\" \/>\n<meta name=\"twitter:image\" content=\"https:\/\/vosgesinfo.fr\/app\/uploads\/sites\/4\/2025\/07\/nouvelle-action-l214-e-4.jpg\" \/>\n<meta name=\"twitter:creator\" content=\"@VosgesInfo88\" \/>\n<meta name=\"twitter:site\" content=\"@VosgesInfo88\" \/>\n<meta name=\"twitter:label1\" content=\"\u00c9crit par\" \/>\n\t<meta name=\"twitter:data1\" content=\"J.J.\" \/>\n\t<meta name=\"twitter:label2\" content=\"Dur\u00e9e de lecture estim\u00e9e\" \/>\n\t<meta name=\"twitter:data2\" content=\"2 minutes\" \/>\n<script type=\"application\/ld+json\" class=\"yoast-schema-graph\">{\"@context\":\"https:\/\/schema.org\",\"@graph\":[{\"@type\":\"Article\",\"@id\":\"https:\/\/vosgesinfo.fr\/saintdieinfo\/2025\/07\/nouvelle-action-de-l214-a-saint-die-des-vosges-contre-les-conditions-delevages-porcins-fournissant-lenseigne-e-leclerc\/#article\",\"isPartOf\":{\"@id\":\"https:\/\/vosgesinfo.fr\/saintdieinfo\/2025\/07\/nouvelle-action-de-l214-a-saint-die-des-vosges-contre-les-conditions-delevages-porcins-fournissant-lenseigne-e-leclerc\/\"},\"author\":{\"name\":\"J.J.\",\"@id\":\"https:\/\/vosgesinfo.fr\/saintdieinfo\/#\/schema\/person\/fa73e9f726d67bb88f46d5b7943cb572\"},\"headline\":\"Nouvelle action de L214 \u00e0 Saint-Di\u00e9-des-Vosges contre les conditions d&rsquo;\u00e9levages porcins fournissant l&rsquo;enseigne E.Leclerc\",\"datePublished\":\"2025-07-07T14:00:13+00:00\",\"dateModified\":\"2025-07-07T13:41:18+00:00\",\"mainEntityOfPage\":{\"@id\":\"https:\/\/vosgesinfo.fr\/saintdieinfo\/2025\/07\/nouvelle-action-de-l214-a-saint-die-des-vosges-contre-les-conditions-delevages-porcins-fournissant-lenseigne-e-leclerc\/\"},\"wordCount\":454,\"commentCount\":1,\"publisher\":{\"@id\":\"https:\/\/vosgesinfo.fr\/saintdieinfo\/#organization\"},\"image\":{\"@id\":\"https:\/\/vosgesinfo.fr\/saintdieinfo\/2025\/07\/nouvelle-action-de-l214-a-saint-die-des-vosges-contre-les-conditions-delevages-porcins-fournissant-lenseigne-e-leclerc\/#primaryimage\"},\"thumbnailUrl\":\"https:\/\/vosgesinfo.fr\/app\/uploads\/sites\/4\/2025\/07\/nouvelle-action-l214-e-4.jpg\",\"keywords\":[\"Groupe L214 Saint-Di\u00e9-des-Vosges\",\"Hypermarch\u00e9 E. Leclerc de Saint-Di\u00e9-des-Vosges\",\"L214\",\"L214 Ethique et Animaux\",\"L214 se mobilise \u00e0 Saint-Di\u00e9-des-Vosges contre des \u00e9levages porcins fournissant l'enseigne E.Leclerc\",\"Zone Hellieule 2\"],\"articleSection\":[\"A la Une\",\"Saint-Di\u00e9-des-Vosges\",\"Soci\u00e9t\u00e9\"],\"inLanguage\":\"fr-FR\",\"potentialAction\":[{\"@type\":\"CommentAction\",\"name\":\"Comment\",\"target\":[\"https:\/\/vosgesinfo.fr\/saintdieinfo\/2025\/07\/nouvelle-action-de-l214-a-saint-die-des-vosges-contre-les-conditions-delevages-porcins-fournissant-lenseigne-e-leclerc\/#respond\"]}]},{\"@type\":\"WebPage\",\"@id\":\"https:\/\/vosgesinfo.fr\/saintdieinfo\/2025\/07\/nouvelle-action-de-l214-a-saint-die-des-vosges-contre-les-conditions-delevages-porcins-fournissant-lenseigne-e-leclerc\/\",\"url\":\"https:\/\/vosgesinfo.fr\/saintdieinfo\/2025\/07\/nouvelle-action-de-l214-a-saint-die-des-vosges-contre-les-conditions-delevages-porcins-fournissant-lenseigne-e-leclerc\/\",\"name\":\"Nouvelle action de L214 \u00e0 Saint-Di\u00e9-des-Vosges contre les conditions d'\u00e9levages porcins fournissant l'enseigne E.Leclerc - Saint Die Info\",\"isPartOf\":{\"@id\":\"https:\/\/vosgesinfo.fr\/saintdieinfo\/#website\"},\"primaryImageOfPage\":{\"@id\":\"https:\/\/vosgesinfo.fr\/saintdieinfo\/2025\/07\/nouvelle-action-de-l214-a-saint-die-des-vosges-contre-les-conditions-delevages-porcins-fournissant-lenseigne-e-leclerc\/#primaryimage\"},\"image\":{\"@id\":\"https:\/\/vosgesinfo.fr\/saintdieinfo\/2025\/07\/nouvelle-action-de-l214-a-saint-die-des-vosges-contre-les-conditions-delevages-porcins-fournissant-lenseigne-e-leclerc\/#primaryimage\"},\"thumbnailUrl\":\"https:\/\/vosgesinfo.fr\/app\/uploads\/sites\/4\/2025\/07\/nouvelle-action-l214-e-4.jpg\",\"datePublished\":\"2025-07-07T14:00:13+00:00\",\"dateModified\":\"2025-07-07T13:41:18+00:00\",\"breadcrumb\":{\"@id\":\"https:\/\/vosgesinfo.fr\/saintdieinfo\/2025\/07\/nouvelle-action-de-l214-a-saint-die-des-vosges-contre-les-conditions-delevages-porcins-fournissant-lenseigne-e-leclerc\/#breadcrumb\"},\"inLanguage\":\"fr-FR\",\"potentialAction\":[{\"@type\":\"ReadAction\",\"target\":[\"https:\/\/vosgesinfo.fr\/saintdieinfo\/2025\/07\/nouvelle-action-de-l214-a-saint-die-des-vosges-contre-les-conditions-delevages-porcins-fournissant-lenseigne-e-leclerc\/\"]}]},{\"@type\":\"ImageObject\",\"inLanguage\":\"fr-FR\",\"@id\":\"https:\/\/vosgesinfo.fr\/saintdieinfo\/2025\/07\/nouvelle-action-de-l214-a-saint-die-des-vosges-contre-les-conditions-delevages-porcins-fournissant-lenseigne-e-leclerc\/#primaryimage\",\"url\":\"https:\/\/vosgesinfo.fr\/app\/uploads\/sites\/4\/2025\/07\/nouvelle-action-l214-e-4.jpg\",\"contentUrl\":\"https:\/\/vosgesinfo.fr\/app\/uploads\/sites\/4\/2025\/07\/nouvelle-action-l214-e-4.jpg\",\"width\":2000,\"height\":1333,\"caption\":\"(Photographies Groupe L214 Saint-Di\u00e9-des-Vosges)\"},{\"@type\":\"BreadcrumbList\",\"@id\":\"https:\/\/vosgesinfo.fr\/saintdieinfo\/2025\/07\/nouvelle-action-de-l214-a-saint-die-des-vosges-contre-les-conditions-delevages-porcins-fournissant-lenseigne-e-leclerc\/#breadcrumb\",\"itemListElement\":[{\"@type\":\"ListItem\",\"position\":1,\"name\":\"Home\",\"item\":\"https:\/\/vosgesinfo.fr\/saintdieinfo\/\"},{\"@type\":\"ListItem\",\"position\":2,\"name\":\"Nouvelle action de L214 \u00e0 Saint-Di\u00e9-des-Vosges contre les conditions d&rsquo;\u00e9levages porcins fournissant l&rsquo;enseigne E.Leclerc\"}]},{\"@type\":\"WebSite\",\"@id\":\"https:\/\/vosgesinfo.fr\/saintdieinfo\/#website\",\"url\":\"https:\/\/vosgesinfo.fr\/saintdieinfo\/\",\"name\":\"Saint Die Info\",\"description\":\"Toute l&#039;actualit\u00e9 de Saint-Di\u00e9-Des-Vosges\",\"publisher\":{\"@id\":\"https:\/\/vosgesinfo.fr\/saintdieinfo\/#organization\"},\"alternateName\":\"Toute l'actualit\u00e9 de Saint-Di\u00e9-Des-Vosges\",\"potentialAction\":[{\"@type\":\"SearchAction\",\"target\":{\"@type\":\"EntryPoint\",\"urlTemplate\":\"https:\/\/vosgesinfo.fr\/saintdieinfo\/?s={search_term_string}\"},\"query-input\":\"required name=search_term_string\"}],\"inLanguage\":\"fr-FR\"},{\"@type\":\"Organization\",\"@id\":\"https:\/\/vosgesinfo.fr\/saintdieinfo\/#organization\",\"name\":\"Saint Die Info\",\"url\":\"https:\/\/vosgesinfo.fr\/saintdieinfo\/\",\"logo\":{\"@type\":\"ImageObject\",\"inLanguage\":\"fr-FR\",\"@id\":\"https:\/\/vosgesinfo.fr\/saintdieinfo\/#\/schema\/logo\/image\/\",\"url\":\"https:\/\/vosgesinfo.fr\/app\/uploads\/sites\/4\/2024\/02\/logo-sdi.jpg\",\"contentUrl\":\"https:\/\/vosgesinfo.fr\/app\/uploads\/sites\/4\/2024\/02\/logo-sdi.jpg\",\"width\":600,\"height\":600,\"caption\":\"Saint Die Info\"},\"image\":{\"@id\":\"https:\/\/vosgesinfo.fr\/saintdieinfo\/#\/schema\/logo\/image\/\"},\"sameAs\":[\"https:\/\/www.facebook.com\/Saintdieinfofr\",\"https:\/\/x.com\/VosgesInfo88\",\"https:\/\/www.youtube.com\/@vosgesinfo\"]},{\"@type\":\"Person\",\"@id\":\"https:\/\/vosgesinfo.fr\/saintdieinfo\/#\/schema\/person\/fa73e9f726d67bb88f46d5b7943cb572\",\"name\":\"J.J.\",\"image\":{\"@type\":\"ImageObject\",\"inLanguage\":\"fr-FR\",\"@id\":\"https:\/\/vosgesinfo.fr\/saintdieinfo\/#\/schema\/person\/image\/\",\"url\":\"https:\/\/secure.gravatar.com\/avatar\/219e749e47ffbcca018a360ae4add7d4cdf1cdaaf8bc7676b27efade3fe65615?s=96&d=mm&r=g\",\"contentUrl\":\"https:\/\/secure.gravatar.com\/avatar\/219e749e47ffbcca018a360ae4add7d4cdf1cdaaf8bc7676b27efade3fe65615?s=96&d=mm&r=g\",\"caption\":\"J.J.\"},\"url\":\"https:\/\/vosgesinfo.fr\/saintdieinfo\/author\/j-j\/\"}]}<\/script>\n<!-- \/ Yoast SEO plugin. -->","yoast_head_json":{"title":"Nouvelle action de L214 \u00e0 Saint-Di\u00e9-des-Vosges contre les conditions d'\u00e9levages porcins fournissant l'enseigne E.Leclerc - Saint Die Info","robots":{"index":"index","follow":"follow","max-snippet":"max-snippet:-1","max-image-preview":"max-image-preview:large","max-video-preview":"max-video-preview:-1"},"canonical":"https:\/\/vosgesinfo.fr\/saintdieinfo\/2025\/07\/nouvelle-action-de-l214-a-saint-die-des-vosges-contre-les-conditions-delevages-porcins-fournissant-lenseigne-e-leclerc\/","twitter_card":"summary_large_image","twitter_title":"Nouvelle action de L214 \u00e0 Saint-Di\u00e9-des-Vosges contre les conditions d'\u00e9levages porcins fournissant l'enseigne E.Leclerc - Saint Die Info","twitter_description":"Une nouvelle action de sensibilisation de l&rsquo;association L214 s\u2019est tenue ce samedi 5 juillet devant l&rsquo;hypermarch\u00e9 E.Leclerc de Saint-Di\u00e9-des-Vosges. Comme [&hellip;]","twitter_image":"https:\/\/vosgesinfo.fr\/app\/uploads\/sites\/4\/2025\/07\/nouvelle-action-l214-e-4.jpg","twitter_creator":"@VosgesInfo88","twitter_site":"@VosgesInfo88","twitter_misc":{"\u00c9crit par":"J.J.","Dur\u00e9e de lecture estim\u00e9e":"2 minutes"},"schema":{"@context":"https:\/\/schema.org","@graph":[{"@type":"Article","@id":"https:\/\/vosgesinfo.fr\/saintdieinfo\/2025\/07\/nouvelle-action-de-l214-a-saint-die-des-vosges-contre-les-conditions-delevages-porcins-fournissant-lenseigne-e-leclerc\/#article","isPartOf":{"@id":"https:\/\/vosgesinfo.fr\/saintdieinfo\/2025\/07\/nouvelle-action-de-l214-a-saint-die-des-vosges-contre-les-conditions-delevages-porcins-fournissant-lenseigne-e-leclerc\/"},"author":{"name":"J.J.","@id":"https:\/\/vosgesinfo.fr\/saintdieinfo\/#\/schema\/person\/fa73e9f726d67bb88f46d5b7943cb572"},"headline":"Nouvelle action de L214 \u00e0 Saint-Di\u00e9-des-Vosges contre les conditions d&rsquo;\u00e9levages porcins fournissant l&rsquo;enseigne E.Leclerc","datePublished":"2025-07-07T14:00:13+00:00","dateModified":"2025-07-07T13:41:18+00:00","mainEntityOfPage":{"@id":"https:\/\/vosgesinfo.fr\/saintdieinfo\/2025\/07\/nouvelle-action-de-l214-a-saint-die-des-vosges-contre-les-conditions-delevages-porcins-fournissant-lenseigne-e-leclerc\/"},"wordCount":454,"commentCount":1,"publisher":{"@id":"https:\/\/vosgesinfo.fr\/saintdieinfo\/#organization"},"image":{"@id":"https:\/\/vosgesinfo.fr\/saintdieinfo\/2025\/07\/nouvelle-action-de-l214-a-saint-die-des-vosges-contre-les-conditions-delevages-porcins-fournissant-lenseigne-e-leclerc\/#primaryimage"},"thumbnailUrl":"https:\/\/vosgesinfo.fr\/app\/uploads\/sites\/4\/2025\/07\/nouvelle-action-l214-e-4.jpg","keywords":["Groupe L214 Saint-Di\u00e9-des-Vosges","Hypermarch\u00e9 E. Leclerc de Saint-Di\u00e9-des-Vosges","L214","L214 Ethique et Animaux","L214 se mobilise \u00e0 Saint-Di\u00e9-des-Vosges contre des \u00e9levages porcins fournissant l'enseigne E.Leclerc","Zone Hellieule 2"],"articleSection":["A la Une","Saint-Di\u00e9-des-Vosges","Soci\u00e9t\u00e9"],"inLanguage":"fr-FR","potentialAction":[{"@type":"CommentAction","name":"Comment","target":["https:\/\/vosgesinfo.fr\/saintdieinfo\/2025\/07\/nouvelle-action-de-l214-a-saint-die-des-vosges-contre-les-conditions-delevages-porcins-fournissant-lenseigne-e-leclerc\/#respond"]}]},{"@type":"WebPage","@id":"https:\/\/vosgesinfo.fr\/saintdieinfo\/2025\/07\/nouvelle-action-de-l214-a-saint-die-des-vosges-contre-les-conditions-delevages-porcins-fournissant-lenseigne-e-leclerc\/","url":"https:\/\/vosgesinfo.fr\/saintdieinfo\/2025\/07\/nouvelle-action-de-l214-a-saint-die-des-vosges-contre-les-conditions-delevages-porcins-fournissant-lenseigne-e-leclerc\/","name":"Nouvelle action de L214 \u00e0 Saint-Di\u00e9-des-Vosges contre les conditions d'\u00e9levages porcins fournissant l'enseigne E.Leclerc - Saint Die Info","isPartOf":{"@id":"https:\/\/vosgesinfo.fr\/saintdieinfo\/#website"},"primaryImageOfPage":{"@id":"https:\/\/vosgesinfo.fr\/saintdieinfo\/2025\/07\/nouvelle-action-de-l214-a-saint-die-des-vosges-contre-les-conditions-delevages-porcins-fournissant-lenseigne-e-leclerc\/#primaryimage"},"image":{"@id":"https:\/\/vosgesinfo.fr\/saintdieinfo\/2025\/07\/nouvelle-action-de-l214-a-saint-die-des-vosges-contre-les-conditions-delevages-porcins-fournissant-lenseigne-e-leclerc\/#primaryimage"},"thumbnailUrl":"https:\/\/vosgesinfo.fr\/app\/uploads\/sites\/4\/2025\/07\/nouvelle-action-l214-e-4.jpg","datePublished":"2025-07-07T14:00:13+00:00","dateModified":"2025-07-07T13:41:18+00:00","breadcrumb":{"@id":"https:\/\/vosgesinfo.fr\/saintdieinfo\/2025\/07\/nouvelle-action-de-l214-a-saint-die-des-vosges-contre-les-conditions-delevages-porcins-fournissant-lenseigne-e-leclerc\/#breadcrumb"},"inLanguage":"fr-FR","potentialAction":[{"@type":"ReadAction","target":["https:\/\/vosgesinfo.fr\/saintdieinfo\/2025\/07\/nouvelle-action-de-l214-a-saint-die-des-vosges-contre-les-conditions-delevages-porcins-fournissant-lenseigne-e-leclerc\/"]}]},{"@type":"ImageObject","inLanguage":"fr-FR","@id":"https:\/\/vosgesinfo.fr\/saintdieinfo\/2025\/07\/nouvelle-action-de-l214-a-saint-die-des-vosges-contre-les-conditions-delevages-porcins-fournissant-lenseigne-e-leclerc\/#primaryimage","url":"https:\/\/vosgesinfo.fr\/app\/uploads\/sites\/4\/2025\/07\/nouvelle-action-l214-e-4.jpg","contentUrl":"https:\/\/vosgesinfo.fr\/app\/uploads\/sites\/4\/2025\/07\/nouvelle-action-l214-e-4.jpg","width":2000,"height":1333,"caption":"(Photographies Groupe L214 Saint-Di\u00e9-des-Vosges)"},{"@type":"BreadcrumbList","@id":"https:\/\/vosgesinfo.fr\/saintdieinfo\/2025\/07\/nouvelle-action-de-l214-a-saint-die-des-vosges-contre-les-conditions-delevages-porcins-fournissant-lenseigne-e-leclerc\/#breadcrumb","itemListElement":[{"@type":"ListItem","position":1,"name":"Home","item":"https:\/\/vosgesinfo.fr\/saintdieinfo\/"},{"@type":"ListItem","position":2,"name":"Nouvelle action de L214 \u00e0 Saint-Di\u00e9-des-Vosges contre les conditions d&rsquo;\u00e9levages porcins fournissant l&rsquo;enseigne E.Leclerc"}]},{"@type":"WebSite","@id":"https:\/\/vosgesinfo.fr\/saintdieinfo\/#website","url":"https:\/\/vosgesinfo.fr\/saintdieinfo\/","name":"Saint Die Info","description":"Toute l&#039;actualit\u00e9 de Saint-Di\u00e9-Des-Vosges","publisher":{"@id":"https:\/\/vosgesinfo.fr\/saintdieinfo\/#organization"},"alternateName":"Toute l'actualit\u00e9 de Saint-Di\u00e9-Des-Vosges","potentialAction":[{"@type":"SearchAction","target":{"@type":"EntryPoint","urlTemplate":"https:\/\/vosgesinfo.fr\/saintdieinfo\/?s={search_term_string}"},"query-input":"required name=search_term_string"}],"inLanguage":"fr-FR"},{"@type":"Organization","@id":"https:\/\/vosgesinfo.fr\/saintdieinfo\/#organization","name":"Saint Die Info","url":"https:\/\/vosgesinfo.fr\/saintdieinfo\/","logo":{"@type":"ImageObject","inLanguage":"fr-FR","@id":"https:\/\/vosgesinfo.fr\/saintdieinfo\/#\/schema\/logo\/image\/","url":"https:\/\/vosgesinfo.fr\/app\/uploads\/sites\/4\/2024\/02\/logo-sdi.jpg","contentUrl":"https:\/\/vosgesinfo.fr\/app\/uploads\/sites\/4\/2024\/02\/logo-sdi.jpg","width":600,"height":600,"caption":"Saint Die Info"},"image":{"@id":"https:\/\/vosgesinfo.fr\/saintdieinfo\/#\/schema\/logo\/image\/"},"sameAs":["https:\/\/www.facebook.com\/Saintdieinfofr","https:\/\/x.com\/VosgesInfo88","https:\/\/www.youtube.com\/@vosgesinfo"]},{"@type":"Person","@id":"https:\/\/vosgesinfo.fr\/saintdieinfo\/#\/schema\/person\/fa73e9f726d67bb88f46d5b7943cb572","name":"J.J.","image":{"@type":"ImageObject","inLanguage":"fr-FR","@id":"https:\/\/vosgesinfo.fr\/saintdieinfo\/#\/schema\/person\/image\/","url":"https:\/\/secure.gravatar.com\/avatar\/219e749e47ffbcca018a360ae4add7d4cdf1cdaaf8bc7676b27efade3fe65615?s=96&d=mm&r=g","contentUrl":"https:\/\/secure.gravatar.com\/avatar\/219e749e47ffbcca018a360ae4add7d4cdf1cdaaf8bc7676b27efade3fe65615?s=96&d=mm&r=g","caption":"J.J."},"url":"https:\/\/vosgesinfo.fr\/saintdieinfo\/author\/j-j\/"}]}},"_links":{"self":[{"href":"https:\/\/vosgesinfo.fr\/saintdieinfo\/wp-json\/wp\/v2\/posts\/80003","targetHints":{"allow":["GET"]}}],"collection":[{"href":"https:\/\/vosgesinfo.fr\/saintdieinfo\/wp-json\/wp\/v2\/posts"}],"about":[{"href":"https:\/\/vosgesinfo.fr\/saintdieinfo\/wp-json\/wp\/v2\/types\/post"}],"author":[{"embeddable":true,"href":"https:\/\/vosgesinfo.fr\/saintdieinfo\/wp-json\/wp\/v2\/users\/46"}],"replies":[{"embeddable":true,"href":"https:\/\/vosgesinfo.fr\/saintdieinfo\/wp-json\/wp\/v2\/comments?post=80003"}],"version-history":[{"count":1,"href":"https:\/\/vosgesinfo.fr\/saintdieinfo\/wp-json\/wp\/v2\/posts\/80003\/revisions"}],"predecessor-version":[{"id":80027,"href":"https:\/\/vosgesinfo.fr\/saintdieinfo\/wp-json\/wp\/v2\/posts\/80003\/revisions\/80027"}],"wp:featuredmedia":[{"embeddable":true,"href":"https:\/\/vosgesinfo.fr\/saintdieinfo\/wp-json\/wp\/v2\/media\/80001"}],"wp:attachment":[{"href":"https:\/\/vosgesinfo.fr\/saintdieinfo\/wp-json\/wp\/v2\/media?parent=80003"}],"wp:term":[{"taxonomy":"category","embeddable":true,"href":"https:\/\/vosgesinfo.fr\/saintdieinfo\/wp-json\/wp\/v2\/categories?post=80003"},{"taxonomy":"post_tag","embeddable":true,"href":"https:\/\/vosgesinfo.fr\/saintdieinfo\/wp-json\/wp\/v2\/tags?post=80003"}],"curies":[{"name":"wp","href":"https:\/\/api.w.org\/{rel}","templated":true}]}}