{"id":80028,"date":"2025-07-07T16:30:46","date_gmt":"2025-07-07T14:30:46","guid":{"rendered":"https:\/\/vosgesinfo.fr\/saintdieinfo\/?p=80028"},"modified":"2025-07-07T16:12:29","modified_gmt":"2025-07-07T14:12:29","slug":"lexposition-de-sculptures-du-groupe-artistique-vosgien-est-annulee","status":"publish","type":"post","link":"https:\/\/vosgesinfo.fr\/saintdieinfo\/2025\/07\/lexposition-de-sculptures-du-groupe-artistique-vosgien-est-annulee\/","title":{"rendered":"L&rsquo;exposition de sculptures du Groupe Artistique Vosgien est annul\u00e9e"},"content":{"rendered":"<p><a href=\"https:\/\/vosgesinfo.fr\/app\/uploads\/sites\/4\/2025\/07\/vernissage-salon-gav-sculpture-20.jpg\"><img decoding=\"async\" class=\"alignnone size-large wp-image-80029\" src=\"https:\/\/vosgesinfo.fr\/app\/uploads\/sites\/4\/2025\/07\/vernissage-salon-gav-sculpture-20-1024x771.jpg\" alt=\"\" width=\"1024\" height=\"771\" srcset=\"https:\/\/vosgesinfo.fr\/app\/uploads\/sites\/4\/2025\/07\/vernissage-salon-gav-sculpture-20-1024x771.jpg 1024w, https:\/\/vosgesinfo.fr\/app\/uploads\/sites\/4\/2025\/07\/vernissage-salon-gav-sculpture-20-300x226.jpg 300w, https:\/\/vosgesinfo.fr\/app\/uploads\/sites\/4\/2025\/07\/vernissage-salon-gav-sculpture-20-768x578.jpg 768w, https:\/\/vosgesinfo.fr\/app\/uploads\/sites\/4\/2025\/07\/vernissage-salon-gav-sculpture-20-1536x1157.jpg 1536w, https:\/\/vosgesinfo.fr\/app\/uploads\/sites\/4\/2025\/07\/vernissage-salon-gav-sculpture-20.jpg 1600w\" sizes=\"(max-width: 1024px) 100vw, 1024px\" \/><\/a><\/p>\n<h2>Depuis <strong>2023<\/strong>, le <strong>Groupe Artistique Vosgien \u2013 GAV<\/strong> \u2013 n&rsquo;organisait plus un seul salon annuel, mais <strong>deux<\/strong>. Avec une <strong>exposition consacr\u00e9e \u00e0 la peinture<\/strong> au <strong>mus\u00e9e Pierre-No\u00ebl<\/strong> en mars, puis une <strong>exposition de sculptures<\/strong> au <strong>clo\u00eetre de l&rsquo;ensemble cath\u00e9dral<\/strong> en juillet.<\/h2>\n<p><!--more--><\/p>\n<p>Si cette ann\u00e9e <a href=\"https:\/\/vosgesinfo.fr\/saintdieinfo\/2025\/03\/les-peintures-du-groupe-artistique-vosgien-sexposent-au-musee-pierre-noel\/\" target=\"_blank\" rel=\"noopener\"><strong>l&rsquo;exposition de peintures a bien eu lieu<\/strong><\/a>, celle consacr\u00e9e \u00e0 <strong>la sculpture est annul\u00e9e<\/strong>. Ce qu&rsquo;a confirm\u00e9 <strong>Christian Hollard<\/strong>, pr\u00e9sident de longue date du GAV et aujourd&rsquo;hui membre du Bureau. \u00ab\u00a0Mille regrets. <strong>On vous donne rendez-vous en 2026.<\/strong> Artistiquement v\u00f4tre. \u00bb Un <strong>manque de b\u00e9n\u00e9voles<\/strong> serait la cause de cette <strong>annulation de derni\u00e8re minute<\/strong>.<\/p>\n","protected":false},"excerpt":{"rendered":"<p>Depuis 2023, le Groupe Artistique Vosgien \u2013 GAV \u2013 n&rsquo;organisait plus un seul salon annuel, mais deux. Avec une exposition [&hellip;]<\/p>\n","protected":false},"author":46,"featured_media":80029,"comment_status":"open","ping_status":"open","sticky":false,"template":"","format":"standard","meta":{"footnotes":""},"categories":[8019,3900,167],"tags":[17703,17702,6701,3985,6700],"class_list":["post-80028","post","type-post","status-publish","format-standard","has-post-thumbnail","hentry","category-vie-artistique-art-culture","category-breves","category-saint-die-des-vosges","tag-annulation-de-lexposition-de-sculptures-du-gav","tag-exposition-de-sculptures-du-gav","tag-gav","tag-groupe-artistique-vosgien","tag-salon-du-gav"],"acf":[],"yoast_head":"<!-- This site is optimized with the Yoast SEO plugin v22.5 - https:\/\/yoast.com\/wordpress\/plugins\/seo\/ -->\n<title>L&#039;exposition de sculptures du Groupe Artistique Vosgien est annul\u00e9e - Saint Die Info<\/title>\n<meta name=\"robots\" content=\"index, follow, max-snippet:-1, max-image-preview:large, max-video-preview:-1\" \/>\n<link rel=\"canonical\" href=\"https:\/\/vosgesinfo.fr\/saintdieinfo\/2025\/07\/lexposition-de-sculptures-du-groupe-artistique-vosgien-est-annulee\/\" \/>\n<meta name=\"twitter:card\" content=\"summary_large_image\" \/>\n<meta name=\"twitter:title\" content=\"L&#039;exposition de sculptures du Groupe Artistique Vosgien est annul\u00e9e - Saint Die Info\" \/>\n<meta name=\"twitter:description\" content=\"Depuis 2023, le Groupe Artistique Vosgien \u2013 GAV \u2013 n&rsquo;organisait plus un seul salon annuel, mais deux. Avec une exposition [&hellip;]\" \/>\n<meta name=\"twitter:image\" content=\"https:\/\/vosgesinfo.fr\/app\/uploads\/sites\/4\/2025\/07\/vernissage-salon-gav-sculpture-20.jpg\" \/>\n<meta name=\"twitter:creator\" content=\"@VosgesInfo88\" \/>\n<meta name=\"twitter:site\" content=\"@VosgesInfo88\" \/>\n<meta name=\"twitter:label1\" content=\"\u00c9crit par\" \/>\n\t<meta name=\"twitter:data1\" content=\"J.J.\" \/>\n\t<meta name=\"twitter:label2\" content=\"Dur\u00e9e de lecture estim\u00e9e\" \/>\n\t<meta name=\"twitter:data2\" content=\"1 minute\" \/>\n<script type=\"application\/ld+json\" class=\"yoast-schema-graph\">{\"@context\":\"https:\/\/schema.org\",\"@graph\":[{\"@type\":\"Article\",\"@id\":\"https:\/\/vosgesinfo.fr\/saintdieinfo\/2025\/07\/lexposition-de-sculptures-du-groupe-artistique-vosgien-est-annulee\/#article\",\"isPartOf\":{\"@id\":\"https:\/\/vosgesinfo.fr\/saintdieinfo\/2025\/07\/lexposition-de-sculptures-du-groupe-artistique-vosgien-est-annulee\/\"},\"author\":{\"name\":\"J.J.\",\"@id\":\"https:\/\/vosgesinfo.fr\/saintdieinfo\/#\/schema\/person\/fa73e9f726d67bb88f46d5b7943cb572\"},\"headline\":\"L&rsquo;exposition de sculptures du Groupe Artistique Vosgien est annul\u00e9e\",\"datePublished\":\"2025-07-07T14:30:46+00:00\",\"dateModified\":\"2025-07-07T14:12:29+00:00\",\"mainEntityOfPage\":{\"@id\":\"https:\/\/vosgesinfo.fr\/saintdieinfo\/2025\/07\/lexposition-de-sculptures-du-groupe-artistique-vosgien-est-annulee\/\"},\"wordCount\":120,\"commentCount\":0,\"publisher\":{\"@id\":\"https:\/\/vosgesinfo.fr\/saintdieinfo\/#organization\"},\"image\":{\"@id\":\"https:\/\/vosgesinfo.fr\/saintdieinfo\/2025\/07\/lexposition-de-sculptures-du-groupe-artistique-vosgien-est-annulee\/#primaryimage\"},\"thumbnailUrl\":\"https:\/\/vosgesinfo.fr\/app\/uploads\/sites\/4\/2025\/07\/vernissage-salon-gav-sculpture-20.jpg\",\"keywords\":[\"Annulation de l'exposition de sculptures du GAV\",\"Exposition de sculptures du GAV\",\"GAV\",\"Groupe Artistique Vosgien\",\"Salon du GAV\"],\"articleSection\":[\"Art\",\"Br\u00e8ves\",\"Saint-Di\u00e9-des-Vosges\"],\"inLanguage\":\"fr-FR\",\"potentialAction\":[{\"@type\":\"CommentAction\",\"name\":\"Comment\",\"target\":[\"https:\/\/vosgesinfo.fr\/saintdieinfo\/2025\/07\/lexposition-de-sculptures-du-groupe-artistique-vosgien-est-annulee\/#respond\"]}]},{\"@type\":\"WebPage\",\"@id\":\"https:\/\/vosgesinfo.fr\/saintdieinfo\/2025\/07\/lexposition-de-sculptures-du-groupe-artistique-vosgien-est-annulee\/\",\"url\":\"https:\/\/vosgesinfo.fr\/saintdieinfo\/2025\/07\/lexposition-de-sculptures-du-groupe-artistique-vosgien-est-annulee\/\",\"name\":\"L'exposition de sculptures du Groupe Artistique Vosgien est annul\u00e9e - Saint Die Info\",\"isPartOf\":{\"@id\":\"https:\/\/vosgesinfo.fr\/saintdieinfo\/#website\"},\"primaryImageOfPage\":{\"@id\":\"https:\/\/vosgesinfo.fr\/saintdieinfo\/2025\/07\/lexposition-de-sculptures-du-groupe-artistique-vosgien-est-annulee\/#primaryimage\"},\"image\":{\"@id\":\"https:\/\/vosgesinfo.fr\/saintdieinfo\/2025\/07\/lexposition-de-sculptures-du-groupe-artistique-vosgien-est-annulee\/#primaryimage\"},\"thumbnailUrl\":\"https:\/\/vosgesinfo.fr\/app\/uploads\/sites\/4\/2025\/07\/vernissage-salon-gav-sculpture-20.jpg\",\"datePublished\":\"2025-07-07T14:30:46+00:00\",\"dateModified\":\"2025-07-07T14:12:29+00:00\",\"breadcrumb\":{\"@id\":\"https:\/\/vosgesinfo.fr\/saintdieinfo\/2025\/07\/lexposition-de-sculptures-du-groupe-artistique-vosgien-est-annulee\/#breadcrumb\"},\"inLanguage\":\"fr-FR\",\"potentialAction\":[{\"@type\":\"ReadAction\",\"target\":[\"https:\/\/vosgesinfo.fr\/saintdieinfo\/2025\/07\/lexposition-de-sculptures-du-groupe-artistique-vosgien-est-annulee\/\"]}]},{\"@type\":\"ImageObject\",\"inLanguage\":\"fr-FR\",\"@id\":\"https:\/\/vosgesinfo.fr\/saintdieinfo\/2025\/07\/lexposition-de-sculptures-du-groupe-artistique-vosgien-est-annulee\/#primaryimage\",\"url\":\"https:\/\/vosgesinfo.fr\/app\/uploads\/sites\/4\/2025\/07\/vernissage-salon-gav-sculpture-20.jpg\",\"contentUrl\":\"https:\/\/vosgesinfo.fr\/app\/uploads\/sites\/4\/2025\/07\/vernissage-salon-gav-sculpture-20.jpg\",\"width\":1600,\"height\":1205},{\"@type\":\"BreadcrumbList\",\"@id\":\"https:\/\/vosgesinfo.fr\/saintdieinfo\/2025\/07\/lexposition-de-sculptures-du-groupe-artistique-vosgien-est-annulee\/#breadcrumb\",\"itemListElement\":[{\"@type\":\"ListItem\",\"position\":1,\"name\":\"Home\",\"item\":\"https:\/\/vosgesinfo.fr\/saintdieinfo\/\"},{\"@type\":\"ListItem\",\"position\":2,\"name\":\"L&rsquo;exposition de sculptures du Groupe Artistique Vosgien est annul\u00e9e\"}]},{\"@type\":\"WebSite\",\"@id\":\"https:\/\/vosgesinfo.fr\/saintdieinfo\/#website\",\"url\":\"https:\/\/vosgesinfo.fr\/saintdieinfo\/\",\"name\":\"Saint Die Info\",\"description\":\"Toute l&#039;actualit\u00e9 de Saint-Di\u00e9-Des-Vosges\",\"publisher\":{\"@id\":\"https:\/\/vosgesinfo.fr\/saintdieinfo\/#organization\"},\"alternateName\":\"Toute l'actualit\u00e9 de Saint-Di\u00e9-Des-Vosges\",\"potentialAction\":[{\"@type\":\"SearchAction\",\"target\":{\"@type\":\"EntryPoint\",\"urlTemplate\":\"https:\/\/vosgesinfo.fr\/saintdieinfo\/?s={search_term_string}\"},\"query-input\":\"required name=search_term_string\"}],\"inLanguage\":\"fr-FR\"},{\"@type\":\"Organization\",\"@id\":\"https:\/\/vosgesinfo.fr\/saintdieinfo\/#organization\",\"name\":\"Saint Die Info\",\"url\":\"https:\/\/vosgesinfo.fr\/saintdieinfo\/\",\"logo\":{\"@type\":\"ImageObject\",\"inLanguage\":\"fr-FR\",\"@id\":\"https:\/\/vosgesinfo.fr\/saintdieinfo\/#\/schema\/logo\/image\/\",\"url\":\"https:\/\/vosgesinfo.fr\/app\/uploads\/sites\/4\/2024\/02\/logo-sdi.jpg\",\"contentUrl\":\"https:\/\/vosgesinfo.fr\/app\/uploads\/sites\/4\/2024\/02\/logo-sdi.jpg\",\"width\":600,\"height\":600,\"caption\":\"Saint Die Info\"},\"image\":{\"@id\":\"https:\/\/vosgesinfo.fr\/saintdieinfo\/#\/schema\/logo\/image\/\"},\"sameAs\":[\"https:\/\/www.facebook.com\/Saintdieinfofr\",\"https:\/\/x.com\/VosgesInfo88\",\"https:\/\/www.youtube.com\/@vosgesinfo\"]},{\"@type\":\"Person\",\"@id\":\"https:\/\/vosgesinfo.fr\/saintdieinfo\/#\/schema\/person\/fa73e9f726d67bb88f46d5b7943cb572\",\"name\":\"J.J.\",\"image\":{\"@type\":\"ImageObject\",\"inLanguage\":\"fr-FR\",\"@id\":\"https:\/\/vosgesinfo.fr\/saintdieinfo\/#\/schema\/person\/image\/\",\"url\":\"https:\/\/secure.gravatar.com\/avatar\/219e749e47ffbcca018a360ae4add7d4cdf1cdaaf8bc7676b27efade3fe65615?s=96&d=mm&r=g\",\"contentUrl\":\"https:\/\/secure.gravatar.com\/avatar\/219e749e47ffbcca018a360ae4add7d4cdf1cdaaf8bc7676b27efade3fe65615?s=96&d=mm&r=g\",\"caption\":\"J.J.\"},\"url\":\"https:\/\/vosgesinfo.fr\/saintdieinfo\/author\/j-j\/\"}]}<\/script>\n<!-- \/ Yoast SEO plugin. -->","yoast_head_json":{"title":"L'exposition de sculptures du Groupe Artistique Vosgien est annul\u00e9e - Saint Die Info","robots":{"index":"index","follow":"follow","max-snippet":"max-snippet:-1","max-image-preview":"max-image-preview:large","max-video-preview":"max-video-preview:-1"},"canonical":"https:\/\/vosgesinfo.fr\/saintdieinfo\/2025\/07\/lexposition-de-sculptures-du-groupe-artistique-vosgien-est-annulee\/","twitter_card":"summary_large_image","twitter_title":"L'exposition de sculptures du Groupe Artistique Vosgien est annul\u00e9e - Saint Die Info","twitter_description":"Depuis 2023, le Groupe Artistique Vosgien \u2013 GAV \u2013 n&rsquo;organisait plus un seul salon annuel, mais deux. Avec une exposition [&hellip;]","twitter_image":"https:\/\/vosgesinfo.fr\/app\/uploads\/sites\/4\/2025\/07\/vernissage-salon-gav-sculpture-20.jpg","twitter_creator":"@VosgesInfo88","twitter_site":"@VosgesInfo88","twitter_misc":{"\u00c9crit par":"J.J.","Dur\u00e9e de lecture estim\u00e9e":"1 minute"},"schema":{"@context":"https:\/\/schema.org","@graph":[{"@type":"Article","@id":"https:\/\/vosgesinfo.fr\/saintdieinfo\/2025\/07\/lexposition-de-sculptures-du-groupe-artistique-vosgien-est-annulee\/#article","isPartOf":{"@id":"https:\/\/vosgesinfo.fr\/saintdieinfo\/2025\/07\/lexposition-de-sculptures-du-groupe-artistique-vosgien-est-annulee\/"},"author":{"name":"J.J.","@id":"https:\/\/vosgesinfo.fr\/saintdieinfo\/#\/schema\/person\/fa73e9f726d67bb88f46d5b7943cb572"},"headline":"L&rsquo;exposition de sculptures du Groupe Artistique Vosgien est annul\u00e9e","datePublished":"2025-07-07T14:30:46+00:00","dateModified":"2025-07-07T14:12:29+00:00","mainEntityOfPage":{"@id":"https:\/\/vosgesinfo.fr\/saintdieinfo\/2025\/07\/lexposition-de-sculptures-du-groupe-artistique-vosgien-est-annulee\/"},"wordCount":120,"commentCount":0,"publisher":{"@id":"https:\/\/vosgesinfo.fr\/saintdieinfo\/#organization"},"image":{"@id":"https:\/\/vosgesinfo.fr\/saintdieinfo\/2025\/07\/lexposition-de-sculptures-du-groupe-artistique-vosgien-est-annulee\/#primaryimage"},"thumbnailUrl":"https:\/\/vosgesinfo.fr\/app\/uploads\/sites\/4\/2025\/07\/vernissage-salon-gav-sculpture-20.jpg","keywords":["Annulation de l'exposition de sculptures du GAV","Exposition de sculptures du GAV","GAV","Groupe Artistique Vosgien","Salon du GAV"],"articleSection":["Art","Br\u00e8ves","Saint-Di\u00e9-des-Vosges"],"inLanguage":"fr-FR","potentialAction":[{"@type":"CommentAction","name":"Comment","target":["https:\/\/vosgesinfo.fr\/saintdieinfo\/2025\/07\/lexposition-de-sculptures-du-groupe-artistique-vosgien-est-annulee\/#respond"]}]},{"@type":"WebPage","@id":"https:\/\/vosgesinfo.fr\/saintdieinfo\/2025\/07\/lexposition-de-sculptures-du-groupe-artistique-vosgien-est-annulee\/","url":"https:\/\/vosgesinfo.fr\/saintdieinfo\/2025\/07\/lexposition-de-sculptures-du-groupe-artistique-vosgien-est-annulee\/","name":"L'exposition de sculptures du Groupe Artistique Vosgien est annul\u00e9e - Saint Die Info","isPartOf":{"@id":"https:\/\/vosgesinfo.fr\/saintdieinfo\/#website"},"primaryImageOfPage":{"@id":"https:\/\/vosgesinfo.fr\/saintdieinfo\/2025\/07\/lexposition-de-sculptures-du-groupe-artistique-vosgien-est-annulee\/#primaryimage"},"image":{"@id":"https:\/\/vosgesinfo.fr\/saintdieinfo\/2025\/07\/lexposition-de-sculptures-du-groupe-artistique-vosgien-est-annulee\/#primaryimage"},"thumbnailUrl":"https:\/\/vosgesinfo.fr\/app\/uploads\/sites\/4\/2025\/07\/vernissage-salon-gav-sculpture-20.jpg","datePublished":"2025-07-07T14:30:46+00:00","dateModified":"2025-07-07T14:12:29+00:00","breadcrumb":{"@id":"https:\/\/vosgesinfo.fr\/saintdieinfo\/2025\/07\/lexposition-de-sculptures-du-groupe-artistique-vosgien-est-annulee\/#breadcrumb"},"inLanguage":"fr-FR","potentialAction":[{"@type":"ReadAction","target":["https:\/\/vosgesinfo.fr\/saintdieinfo\/2025\/07\/lexposition-de-sculptures-du-groupe-artistique-vosgien-est-annulee\/"]}]},{"@type":"ImageObject","inLanguage":"fr-FR","@id":"https:\/\/vosgesinfo.fr\/saintdieinfo\/2025\/07\/lexposition-de-sculptures-du-groupe-artistique-vosgien-est-annulee\/#primaryimage","url":"https:\/\/vosgesinfo.fr\/app\/uploads\/sites\/4\/2025\/07\/vernissage-salon-gav-sculpture-20.jpg","contentUrl":"https:\/\/vosgesinfo.fr\/app\/uploads\/sites\/4\/2025\/07\/vernissage-salon-gav-sculpture-20.jpg","width":1600,"height":1205},{"@type":"BreadcrumbList","@id":"https:\/\/vosgesinfo.fr\/saintdieinfo\/2025\/07\/lexposition-de-sculptures-du-groupe-artistique-vosgien-est-annulee\/#breadcrumb","itemListElement":[{"@type":"ListItem","position":1,"name":"Home","item":"https:\/\/vosgesinfo.fr\/saintdieinfo\/"},{"@type":"ListItem","position":2,"name":"L&rsquo;exposition de sculptures du Groupe Artistique Vosgien est annul\u00e9e"}]},{"@type":"WebSite","@id":"https:\/\/vosgesinfo.fr\/saintdieinfo\/#website","url":"https:\/\/vosgesinfo.fr\/saintdieinfo\/","name":"Saint Die Info","description":"Toute l&#039;actualit\u00e9 de Saint-Di\u00e9-Des-Vosges","publisher":{"@id":"https:\/\/vosgesinfo.fr\/saintdieinfo\/#organization"},"alternateName":"Toute l'actualit\u00e9 de Saint-Di\u00e9-Des-Vosges","potentialAction":[{"@type":"SearchAction","target":{"@type":"EntryPoint","urlTemplate":"https:\/\/vosgesinfo.fr\/saintdieinfo\/?s={search_term_string}"},"query-input":"required name=search_term_string"}],"inLanguage":"fr-FR"},{"@type":"Organization","@id":"https:\/\/vosgesinfo.fr\/saintdieinfo\/#organization","name":"Saint Die Info","url":"https:\/\/vosgesinfo.fr\/saintdieinfo\/","logo":{"@type":"ImageObject","inLanguage":"fr-FR","@id":"https:\/\/vosgesinfo.fr\/saintdieinfo\/#\/schema\/logo\/image\/","url":"https:\/\/vosgesinfo.fr\/app\/uploads\/sites\/4\/2024\/02\/logo-sdi.jpg","contentUrl":"https:\/\/vosgesinfo.fr\/app\/uploads\/sites\/4\/2024\/02\/logo-sdi.jpg","width":600,"height":600,"caption":"Saint Die Info"},"image":{"@id":"https:\/\/vosgesinfo.fr\/saintdieinfo\/#\/schema\/logo\/image\/"},"sameAs":["https:\/\/www.facebook.com\/Saintdieinfofr","https:\/\/x.com\/VosgesInfo88","https:\/\/www.youtube.com\/@vosgesinfo"]},{"@type":"Person","@id":"https:\/\/vosgesinfo.fr\/saintdieinfo\/#\/schema\/person\/fa73e9f726d67bb88f46d5b7943cb572","name":"J.J.","image":{"@type":"ImageObject","inLanguage":"fr-FR","@id":"https:\/\/vosgesinfo.fr\/saintdieinfo\/#\/schema\/person\/image\/","url":"https:\/\/secure.gravatar.com\/avatar\/219e749e47ffbcca018a360ae4add7d4cdf1cdaaf8bc7676b27efade3fe65615?s=96&d=mm&r=g","contentUrl":"https:\/\/secure.gravatar.com\/avatar\/219e749e47ffbcca018a360ae4add7d4cdf1cdaaf8bc7676b27efade3fe65615?s=96&d=mm&r=g","caption":"J.J."},"url":"https:\/\/vosgesinfo.fr\/saintdieinfo\/author\/j-j\/"}]}},"_links":{"self":[{"href":"https:\/\/vosgesinfo.fr\/saintdieinfo\/wp-json\/wp\/v2\/posts\/80028","targetHints":{"allow":["GET"]}}],"collection":[{"href":"https:\/\/vosgesinfo.fr\/saintdieinfo\/wp-json\/wp\/v2\/posts"}],"about":[{"href":"https:\/\/vosgesinfo.fr\/saintdieinfo\/wp-json\/wp\/v2\/types\/post"}],"author":[{"embeddable":true,"href":"https:\/\/vosgesinfo.fr\/saintdieinfo\/wp-json\/wp\/v2\/users\/46"}],"replies":[{"embeddable":true,"href":"https:\/\/vosgesinfo.fr\/saintdieinfo\/wp-json\/wp\/v2\/comments?post=80028"}],"version-history":[{"count":1,"href":"https:\/\/vosgesinfo.fr\/saintdieinfo\/wp-json\/wp\/v2\/posts\/80028\/revisions"}],"predecessor-version":[{"id":80030,"href":"https:\/\/vosgesinfo.fr\/saintdieinfo\/wp-json\/wp\/v2\/posts\/80028\/revisions\/80030"}],"wp:featuredmedia":[{"embeddable":true,"href":"https:\/\/vosgesinfo.fr\/saintdieinfo\/wp-json\/wp\/v2\/media\/80029"}],"wp:attachment":[{"href":"https:\/\/vosgesinfo.fr\/saintdieinfo\/wp-json\/wp\/v2\/media?parent=80028"}],"wp:term":[{"taxonomy":"category","embeddable":true,"href":"https:\/\/vosgesinfo.fr\/saintdieinfo\/wp-json\/wp\/v2\/categories?post=80028"},{"taxonomy":"post_tag","embeddable":true,"href":"https:\/\/vosgesinfo.fr\/saintdieinfo\/wp-json\/wp\/v2\/tags?post=80028"}],"curies":[{"name":"wp","href":"https:\/\/api.w.org\/{rel}","templated":true}]}}