{"id":80230,"date":"2025-07-14T22:00:19","date_gmt":"2025-07-14T20:00:19","guid":{"rendered":"https:\/\/vosgesinfo.fr\/saintdieinfo\/?p=80230"},"modified":"2025-07-14T21:43:13","modified_gmt":"2025-07-14T19:43:13","slug":"saint-die-des-vosges-commemore-la-fete-nationale-du-14-juillet","status":"publish","type":"post","link":"https:\/\/vosgesinfo.fr\/saintdieinfo\/2025\/07\/saint-die-des-vosges-commemore-la-fete-nationale-du-14-juillet\/","title":{"rendered":"Saint-Di\u00e9-des-Vosges comm\u00e9more la F\u00eate Nationale du 14 juillet"},"content":{"rendered":"<div id=\"attachment_80233\" style=\"width: 1034px\" class=\"wp-caption alignnone\"><a href=\"https:\/\/vosgesinfo.fr\/app\/uploads\/sites\/4\/2025\/07\/ceremonie-fete-nationale-2025-3.jpg\"><img decoding=\"async\" aria-describedby=\"caption-attachment-80233\" class=\"size-large wp-image-80233\" src=\"https:\/\/vosgesinfo.fr\/app\/uploads\/sites\/4\/2025\/07\/ceremonie-fete-nationale-2025-3-1024x683.jpg\" alt=\"\" width=\"1024\" height=\"683\" srcset=\"https:\/\/vosgesinfo.fr\/app\/uploads\/sites\/4\/2025\/07\/ceremonie-fete-nationale-2025-3-1024x683.jpg 1024w, https:\/\/vosgesinfo.fr\/app\/uploads\/sites\/4\/2025\/07\/ceremonie-fete-nationale-2025-3-300x200.jpg 300w, https:\/\/vosgesinfo.fr\/app\/uploads\/sites\/4\/2025\/07\/ceremonie-fete-nationale-2025-3-768x512.jpg 768w, https:\/\/vosgesinfo.fr\/app\/uploads\/sites\/4\/2025\/07\/ceremonie-fete-nationale-2025-3.jpg 1200w\" sizes=\"(max-width: 1024px) 100vw, 1024px\" \/><\/a><p id=\"caption-attachment-80233\" class=\"wp-caption-text\">(Photographies Marc Fourniquet)<\/p><\/div>\n<h2>Les <strong>comm\u00e9morations de la F\u00eate Nationale<\/strong> se sont d\u00e9roul\u00e9es dans la <strong>matin\u00e9e<\/strong> et en <strong>deux temps<\/strong> \u00e0 <strong>Saint-Di\u00e9-des-Vosges<\/strong>, en ce <strong>lundi 14 juillet<\/strong>. Une date qui se r\u00e9f\u00e8re \u00e0 <strong>deux \u00e9v\u00e9nements embl\u00e9matiques de la R\u00e9volution fran\u00e7aise<\/strong> : <strong>la prise de la Bastille de 1789<\/strong> et <strong>la F\u00eate de la F\u00e9d\u00e9ration de 1790<\/strong>.<\/h2>\n<p><!--more--><\/p>\n<h3 class=\"western\"><strong>Du square La Fayette \u00e0 la place Jules-Ferry<\/strong><\/h3>\n<p>La <strong>c\u00e9r\u00e9monie d\u00e9odatienne<\/strong> a d\u00e9but\u00e9 au <strong>square La Fayette<\/strong>, o\u00f9 <strong>Alain Lambl\u00e9<\/strong>, pr\u00e9sident du comit\u00e9 de coordination des associations patriotiques et militaires, a lu un extrait de la <strong>D\u00e9claration des Droits de l\u2019Homme et du Citoyen<\/strong>. Apr\u00e8s les <strong>d\u00e9p\u00f4ts de rose par le Conseil Municipal des Jeunes<\/strong> et d&rsquo;une <strong>gerbe de fleurs par les autorit\u00e9s<\/strong>, elle s&rsquo;est poursuivie sur la <strong>place Jules-Ferry<\/strong> avec la <strong>mont\u00e9e des couleurs<\/strong>, une <strong>revue des troupes<\/strong>, l\u2019<strong>appel des sapeurs-pompiers morts en service command\u00e9<\/strong>, ainsi que la <strong>remise de m\u00e9dailles et grades<\/strong> \u00e0 plusieurs <strong>soldats du feu du Centre de Secours Principal \u2013 CSP \u2013 de Saint-Di\u00e9-des-Vosges<\/strong>.<\/p>\n<h3 class=\"western\"><strong>Remises de m\u00e9dailles et de grades<\/strong><\/h3>\n<p>Le <strong>sergent-chef Romain Mareau<\/strong>, <strong>l&rsquo;infirmi\u00e8re principale Anna-Philippa Guerreiro<\/strong> et la <strong>sapeuse de premi\u00e8re classe Oc\u00e9ane Bechtel<\/strong> ont re\u00e7u la m\u00e9daille d\u2019honneur des sapeurs-pompiers, <strong>\u00e9chelon Bronze<\/strong>, pour 10 ann\u00e9es de service ; le <strong>caporal-chef Brice Valta<\/strong>, le <strong>sergent-chef Eric Mischler<\/strong>, le <strong>sergent-chef Julien Tisserant<\/strong> et le <strong>sergent Jean-Lou Marcellin<\/strong> se sont vus d\u00e9cerner la m\u00e9daille d&rsquo;honneur des sapeurs-pompiers, <strong>\u00e9chelon Argent<\/strong>, pour 20 ann\u00e9es de service ; l\u2019<strong>adjudant Fran\u00e7ois Sobler<\/strong> a \u00e9t\u00e9 d\u00e9cor\u00e9 de la m\u00e9daille d&rsquo;honneur des sapeurs-pompiers, <strong>\u00e9chelon Or<\/strong>, pour 40 ann\u00e9es de service. La <strong>sergente Zahra Ancel<\/strong> a \u00e9t\u00e9 promue \u00e0 l&rsquo;appellation de <strong>sergente-cheffe<\/strong> ; le <strong>sapeur de deuxi\u00e8me classe Noah G\u00e9rome<\/strong> \u00e0 l&rsquo;appellation <strong>sapeur de premi\u00e8re classe<\/strong>.<\/p>\n<h3 class=\"western\"><strong>Conclusion en d\u00e9fil\u00e9<\/strong><\/h3>\n<p>Les traditionnels <strong>salut aux portes-drapeaux<\/strong> et <strong>d\u00e9fil\u00e9 des sapeurs-pompiers<\/strong>, \u00e0 pied et en v\u00e9hicules, sont venus <strong>conclure les comm\u00e9morations du 14 juillet 2025<\/strong>.<\/p>\n\n\t\t<style type=\"text\/css\">\n\t\t\t#gallery-1 {\n\t\t\t\tmargin: auto;\n\t\t\t}\n\t\t\t#gallery-1 .gallery-item {\n\t\t\t\tfloat: left;\n\t\t\t\tmargin-top: 10px;\n\t\t\t\ttext-align: center;\n\t\t\t\twidth: 50%;\n\t\t\t}\n\t\t\t#gallery-1 img {\n\t\t\t\tborder: 2px solid #cfcfcf;\n\t\t\t}\n\t\t\t#gallery-1 .gallery-caption {\n\t\t\t\tmargin-left: 0;\n\t\t\t}\n\t\t\t\/* see gallery_shortcode() in wp-includes\/media.php *\/\n\t\t<\/style>\n\t\t<div id='gallery-1' class='gallery galleryid-80230 gallery-columns-2 gallery-size-thumbnail'><dl class='gallery-item'>\n\t\t\t<dt class='gallery-icon landscape'>\n\t\t\t\t<a href='https:\/\/vosgesinfo.fr\/app\/uploads\/sites\/4\/2025\/07\/ceremonie-fete-nationale-2025-2.jpg'><img decoding=\"async\" width=\"150\" height=\"150\" src=\"https:\/\/vosgesinfo.fr\/app\/uploads\/sites\/4\/2025\/07\/ceremonie-fete-nationale-2025-2-150x150.jpg\" class=\"attachment-thumbnail size-thumbnail\" alt=\"\" \/><\/a>\n\t\t\t<\/dt><\/dl><dl class='gallery-item'>\n\t\t\t<dt class='gallery-icon landscape'>\n\t\t\t\t<a href='https:\/\/vosgesinfo.fr\/app\/uploads\/sites\/4\/2025\/07\/ceremonie-fete-nationale-2025-1.jpg'><img decoding=\"async\" width=\"150\" height=\"150\" src=\"https:\/\/vosgesinfo.fr\/app\/uploads\/sites\/4\/2025\/07\/ceremonie-fete-nationale-2025-1-150x150.jpg\" class=\"attachment-thumbnail size-thumbnail\" alt=\"\" \/><\/a>\n\t\t\t<\/dt><\/dl><br style=\"clear: both\" \/><dl class='gallery-item'>\n\t\t\t<dt class='gallery-icon landscape'>\n\t\t\t\t<a href='https:\/\/vosgesinfo.fr\/app\/uploads\/sites\/4\/2025\/07\/ceremonie-fete-nationale-2025-4.jpg'><img decoding=\"async\" width=\"150\" height=\"150\" src=\"https:\/\/vosgesinfo.fr\/app\/uploads\/sites\/4\/2025\/07\/ceremonie-fete-nationale-2025-4-150x150.jpg\" class=\"attachment-thumbnail size-thumbnail\" alt=\"\" \/><\/a>\n\t\t\t<\/dt><\/dl><dl class='gallery-item'>\n\t\t\t<dt class='gallery-icon landscape'>\n\t\t\t\t<a href='https:\/\/vosgesinfo.fr\/app\/uploads\/sites\/4\/2025\/07\/ceremonie-fete-nationale-2025-5.jpg'><img decoding=\"async\" width=\"150\" height=\"150\" src=\"https:\/\/vosgesinfo.fr\/app\/uploads\/sites\/4\/2025\/07\/ceremonie-fete-nationale-2025-5-150x150.jpg\" class=\"attachment-thumbnail size-thumbnail\" alt=\"\" \/><\/a>\n\t\t\t<\/dt><\/dl><br style=\"clear: both\" \/>\n\t\t<\/div>\n\n","protected":false},"excerpt":{"rendered":"<p>Les comm\u00e9morations de la F\u00eate Nationale se sont d\u00e9roul\u00e9es dans la matin\u00e9e et en deux temps \u00e0 Saint-Di\u00e9-des-Vosges, en ce [&hellip;]<\/p>\n","protected":false},"author":46,"featured_media":80233,"comment_status":"open","ping_status":"open","sticky":false,"template":"","format":"standard","meta":{"footnotes":""},"categories":[460,167],"tags":[17678,6771,17762,17761],"class_list":["post-80230","post","type-post","status-publish","format-standard","has-post-thumbnail","hentry","category-a-la-une","category-saint-die-des-vosges","tag-14-juillet-2025","tag-fete-nationale-francaise","tag-revolution-francaise","tag-saint-die-des-vosges-commemore-la-fete-nationale-du-14-juillet"],"acf":[],"yoast_head":"<!-- This site is optimized with the Yoast SEO plugin v22.5 - https:\/\/yoast.com\/wordpress\/plugins\/seo\/ -->\n<title>Saint-Di\u00e9-des-Vosges comm\u00e9more la F\u00eate Nationale du 14 juillet - Saint Die Info<\/title>\n<meta name=\"robots\" content=\"index, follow, max-snippet:-1, max-image-preview:large, max-video-preview:-1\" \/>\n<link rel=\"canonical\" href=\"https:\/\/vosgesinfo.fr\/saintdieinfo\/2025\/07\/saint-die-des-vosges-commemore-la-fete-nationale-du-14-juillet\/\" \/>\n<meta name=\"twitter:card\" content=\"summary_large_image\" \/>\n<meta name=\"twitter:title\" content=\"Saint-Di\u00e9-des-Vosges comm\u00e9more la F\u00eate Nationale du 14 juillet - Saint Die Info\" \/>\n<meta name=\"twitter:description\" content=\"Les comm\u00e9morations de la F\u00eate Nationale se sont d\u00e9roul\u00e9es dans la matin\u00e9e et en deux temps \u00e0 Saint-Di\u00e9-des-Vosges, en ce [&hellip;]\" \/>\n<meta name=\"twitter:image\" content=\"https:\/\/vosgesinfo.fr\/app\/uploads\/sites\/4\/2025\/07\/ceremonie-fete-nationale-2025-3.jpg\" \/>\n<meta name=\"twitter:creator\" content=\"@VosgesInfo88\" \/>\n<meta name=\"twitter:site\" content=\"@VosgesInfo88\" \/>\n<meta name=\"twitter:label1\" content=\"\u00c9crit par\" \/>\n\t<meta name=\"twitter:data1\" content=\"J.J.\" \/>\n\t<meta name=\"twitter:label2\" content=\"Dur\u00e9e de lecture estim\u00e9e\" \/>\n\t<meta name=\"twitter:data2\" content=\"2 minutes\" \/>\n<script type=\"application\/ld+json\" class=\"yoast-schema-graph\">{\"@context\":\"https:\/\/schema.org\",\"@graph\":[{\"@type\":\"Article\",\"@id\":\"https:\/\/vosgesinfo.fr\/saintdieinfo\/2025\/07\/saint-die-des-vosges-commemore-la-fete-nationale-du-14-juillet\/#article\",\"isPartOf\":{\"@id\":\"https:\/\/vosgesinfo.fr\/saintdieinfo\/2025\/07\/saint-die-des-vosges-commemore-la-fete-nationale-du-14-juillet\/\"},\"author\":{\"name\":\"J.J.\",\"@id\":\"https:\/\/vosgesinfo.fr\/saintdieinfo\/#\/schema\/person\/fa73e9f726d67bb88f46d5b7943cb572\"},\"headline\":\"Saint-Di\u00e9-des-Vosges comm\u00e9more la F\u00eate Nationale du 14 juillet\",\"datePublished\":\"2025-07-14T20:00:19+00:00\",\"dateModified\":\"2025-07-14T19:43:13+00:00\",\"mainEntityOfPage\":{\"@id\":\"https:\/\/vosgesinfo.fr\/saintdieinfo\/2025\/07\/saint-die-des-vosges-commemore-la-fete-nationale-du-14-juillet\/\"},\"wordCount\":366,\"commentCount\":1,\"publisher\":{\"@id\":\"https:\/\/vosgesinfo.fr\/saintdieinfo\/#organization\"},\"image\":{\"@id\":\"https:\/\/vosgesinfo.fr\/saintdieinfo\/2025\/07\/saint-die-des-vosges-commemore-la-fete-nationale-du-14-juillet\/#primaryimage\"},\"thumbnailUrl\":\"https:\/\/vosgesinfo.fr\/app\/uploads\/sites\/4\/2025\/07\/ceremonie-fete-nationale-2025-3.jpg\",\"keywords\":[\"14 juillet 2025\",\"F\u00eate Nationale fran\u00e7aise\",\"R\u00e9volution Fran\u00e7aise\",\"Saint-Di\u00e9-des-Vosges comm\u00e9more la F\u00eate Nationale du 14 juillet\"],\"articleSection\":[\"A la Une\",\"Saint-Di\u00e9-des-Vosges\"],\"inLanguage\":\"fr-FR\",\"potentialAction\":[{\"@type\":\"CommentAction\",\"name\":\"Comment\",\"target\":[\"https:\/\/vosgesinfo.fr\/saintdieinfo\/2025\/07\/saint-die-des-vosges-commemore-la-fete-nationale-du-14-juillet\/#respond\"]}]},{\"@type\":\"WebPage\",\"@id\":\"https:\/\/vosgesinfo.fr\/saintdieinfo\/2025\/07\/saint-die-des-vosges-commemore-la-fete-nationale-du-14-juillet\/\",\"url\":\"https:\/\/vosgesinfo.fr\/saintdieinfo\/2025\/07\/saint-die-des-vosges-commemore-la-fete-nationale-du-14-juillet\/\",\"name\":\"Saint-Di\u00e9-des-Vosges comm\u00e9more la F\u00eate Nationale du 14 juillet - Saint Die Info\",\"isPartOf\":{\"@id\":\"https:\/\/vosgesinfo.fr\/saintdieinfo\/#website\"},\"primaryImageOfPage\":{\"@id\":\"https:\/\/vosgesinfo.fr\/saintdieinfo\/2025\/07\/saint-die-des-vosges-commemore-la-fete-nationale-du-14-juillet\/#primaryimage\"},\"image\":{\"@id\":\"https:\/\/vosgesinfo.fr\/saintdieinfo\/2025\/07\/saint-die-des-vosges-commemore-la-fete-nationale-du-14-juillet\/#primaryimage\"},\"thumbnailUrl\":\"https:\/\/vosgesinfo.fr\/app\/uploads\/sites\/4\/2025\/07\/ceremonie-fete-nationale-2025-3.jpg\",\"datePublished\":\"2025-07-14T20:00:19+00:00\",\"dateModified\":\"2025-07-14T19:43:13+00:00\",\"breadcrumb\":{\"@id\":\"https:\/\/vosgesinfo.fr\/saintdieinfo\/2025\/07\/saint-die-des-vosges-commemore-la-fete-nationale-du-14-juillet\/#breadcrumb\"},\"inLanguage\":\"fr-FR\",\"potentialAction\":[{\"@type\":\"ReadAction\",\"target\":[\"https:\/\/vosgesinfo.fr\/saintdieinfo\/2025\/07\/saint-die-des-vosges-commemore-la-fete-nationale-du-14-juillet\/\"]}]},{\"@type\":\"ImageObject\",\"inLanguage\":\"fr-FR\",\"@id\":\"https:\/\/vosgesinfo.fr\/saintdieinfo\/2025\/07\/saint-die-des-vosges-commemore-la-fete-nationale-du-14-juillet\/#primaryimage\",\"url\":\"https:\/\/vosgesinfo.fr\/app\/uploads\/sites\/4\/2025\/07\/ceremonie-fete-nationale-2025-3.jpg\",\"contentUrl\":\"https:\/\/vosgesinfo.fr\/app\/uploads\/sites\/4\/2025\/07\/ceremonie-fete-nationale-2025-3.jpg\",\"width\":1200,\"height\":800,\"caption\":\"(Photographies Marc Fourniquet)\"},{\"@type\":\"BreadcrumbList\",\"@id\":\"https:\/\/vosgesinfo.fr\/saintdieinfo\/2025\/07\/saint-die-des-vosges-commemore-la-fete-nationale-du-14-juillet\/#breadcrumb\",\"itemListElement\":[{\"@type\":\"ListItem\",\"position\":1,\"name\":\"Home\",\"item\":\"https:\/\/vosgesinfo.fr\/saintdieinfo\/\"},{\"@type\":\"ListItem\",\"position\":2,\"name\":\"Saint-Di\u00e9-des-Vosges comm\u00e9more la F\u00eate Nationale du 14 juillet\"}]},{\"@type\":\"WebSite\",\"@id\":\"https:\/\/vosgesinfo.fr\/saintdieinfo\/#website\",\"url\":\"https:\/\/vosgesinfo.fr\/saintdieinfo\/\",\"name\":\"Saint Die Info\",\"description\":\"Toute l&#039;actualit\u00e9 de Saint-Di\u00e9-Des-Vosges\",\"publisher\":{\"@id\":\"https:\/\/vosgesinfo.fr\/saintdieinfo\/#organization\"},\"alternateName\":\"Toute l'actualit\u00e9 de Saint-Di\u00e9-Des-Vosges\",\"potentialAction\":[{\"@type\":\"SearchAction\",\"target\":{\"@type\":\"EntryPoint\",\"urlTemplate\":\"https:\/\/vosgesinfo.fr\/saintdieinfo\/?s={search_term_string}\"},\"query-input\":\"required name=search_term_string\"}],\"inLanguage\":\"fr-FR\"},{\"@type\":\"Organization\",\"@id\":\"https:\/\/vosgesinfo.fr\/saintdieinfo\/#organization\",\"name\":\"Saint Die Info\",\"url\":\"https:\/\/vosgesinfo.fr\/saintdieinfo\/\",\"logo\":{\"@type\":\"ImageObject\",\"inLanguage\":\"fr-FR\",\"@id\":\"https:\/\/vosgesinfo.fr\/saintdieinfo\/#\/schema\/logo\/image\/\",\"url\":\"https:\/\/vosgesinfo.fr\/app\/uploads\/sites\/4\/2024\/02\/logo-sdi.jpg\",\"contentUrl\":\"https:\/\/vosgesinfo.fr\/app\/uploads\/sites\/4\/2024\/02\/logo-sdi.jpg\",\"width\":600,\"height\":600,\"caption\":\"Saint Die Info\"},\"image\":{\"@id\":\"https:\/\/vosgesinfo.fr\/saintdieinfo\/#\/schema\/logo\/image\/\"},\"sameAs\":[\"https:\/\/www.facebook.com\/Saintdieinfofr\",\"https:\/\/x.com\/VosgesInfo88\",\"https:\/\/www.youtube.com\/@vosgesinfo\"]},{\"@type\":\"Person\",\"@id\":\"https:\/\/vosgesinfo.fr\/saintdieinfo\/#\/schema\/person\/fa73e9f726d67bb88f46d5b7943cb572\",\"name\":\"J.J.\",\"image\":{\"@type\":\"ImageObject\",\"inLanguage\":\"fr-FR\",\"@id\":\"https:\/\/vosgesinfo.fr\/saintdieinfo\/#\/schema\/person\/image\/\",\"url\":\"https:\/\/secure.gravatar.com\/avatar\/219e749e47ffbcca018a360ae4add7d4cdf1cdaaf8bc7676b27efade3fe65615?s=96&d=mm&r=g\",\"contentUrl\":\"https:\/\/secure.gravatar.com\/avatar\/219e749e47ffbcca018a360ae4add7d4cdf1cdaaf8bc7676b27efade3fe65615?s=96&d=mm&r=g\",\"caption\":\"J.J.\"},\"url\":\"https:\/\/vosgesinfo.fr\/saintdieinfo\/author\/j-j\/\"}]}<\/script>\n<!-- \/ Yoast SEO plugin. -->","yoast_head_json":{"title":"Saint-Di\u00e9-des-Vosges comm\u00e9more la F\u00eate Nationale du 14 juillet - Saint Die Info","robots":{"index":"index","follow":"follow","max-snippet":"max-snippet:-1","max-image-preview":"max-image-preview:large","max-video-preview":"max-video-preview:-1"},"canonical":"https:\/\/vosgesinfo.fr\/saintdieinfo\/2025\/07\/saint-die-des-vosges-commemore-la-fete-nationale-du-14-juillet\/","twitter_card":"summary_large_image","twitter_title":"Saint-Di\u00e9-des-Vosges comm\u00e9more la F\u00eate Nationale du 14 juillet - Saint Die Info","twitter_description":"Les comm\u00e9morations de la F\u00eate Nationale se sont d\u00e9roul\u00e9es dans la matin\u00e9e et en deux temps \u00e0 Saint-Di\u00e9-des-Vosges, en ce [&hellip;]","twitter_image":"https:\/\/vosgesinfo.fr\/app\/uploads\/sites\/4\/2025\/07\/ceremonie-fete-nationale-2025-3.jpg","twitter_creator":"@VosgesInfo88","twitter_site":"@VosgesInfo88","twitter_misc":{"\u00c9crit par":"J.J.","Dur\u00e9e de lecture estim\u00e9e":"2 minutes"},"schema":{"@context":"https:\/\/schema.org","@graph":[{"@type":"Article","@id":"https:\/\/vosgesinfo.fr\/saintdieinfo\/2025\/07\/saint-die-des-vosges-commemore-la-fete-nationale-du-14-juillet\/#article","isPartOf":{"@id":"https:\/\/vosgesinfo.fr\/saintdieinfo\/2025\/07\/saint-die-des-vosges-commemore-la-fete-nationale-du-14-juillet\/"},"author":{"name":"J.J.","@id":"https:\/\/vosgesinfo.fr\/saintdieinfo\/#\/schema\/person\/fa73e9f726d67bb88f46d5b7943cb572"},"headline":"Saint-Di\u00e9-des-Vosges comm\u00e9more la F\u00eate Nationale du 14 juillet","datePublished":"2025-07-14T20:00:19+00:00","dateModified":"2025-07-14T19:43:13+00:00","mainEntityOfPage":{"@id":"https:\/\/vosgesinfo.fr\/saintdieinfo\/2025\/07\/saint-die-des-vosges-commemore-la-fete-nationale-du-14-juillet\/"},"wordCount":366,"commentCount":1,"publisher":{"@id":"https:\/\/vosgesinfo.fr\/saintdieinfo\/#organization"},"image":{"@id":"https:\/\/vosgesinfo.fr\/saintdieinfo\/2025\/07\/saint-die-des-vosges-commemore-la-fete-nationale-du-14-juillet\/#primaryimage"},"thumbnailUrl":"https:\/\/vosgesinfo.fr\/app\/uploads\/sites\/4\/2025\/07\/ceremonie-fete-nationale-2025-3.jpg","keywords":["14 juillet 2025","F\u00eate Nationale fran\u00e7aise","R\u00e9volution Fran\u00e7aise","Saint-Di\u00e9-des-Vosges comm\u00e9more la F\u00eate Nationale du 14 juillet"],"articleSection":["A la Une","Saint-Di\u00e9-des-Vosges"],"inLanguage":"fr-FR","potentialAction":[{"@type":"CommentAction","name":"Comment","target":["https:\/\/vosgesinfo.fr\/saintdieinfo\/2025\/07\/saint-die-des-vosges-commemore-la-fete-nationale-du-14-juillet\/#respond"]}]},{"@type":"WebPage","@id":"https:\/\/vosgesinfo.fr\/saintdieinfo\/2025\/07\/saint-die-des-vosges-commemore-la-fete-nationale-du-14-juillet\/","url":"https:\/\/vosgesinfo.fr\/saintdieinfo\/2025\/07\/saint-die-des-vosges-commemore-la-fete-nationale-du-14-juillet\/","name":"Saint-Di\u00e9-des-Vosges comm\u00e9more la F\u00eate Nationale du 14 juillet - Saint Die Info","isPartOf":{"@id":"https:\/\/vosgesinfo.fr\/saintdieinfo\/#website"},"primaryImageOfPage":{"@id":"https:\/\/vosgesinfo.fr\/saintdieinfo\/2025\/07\/saint-die-des-vosges-commemore-la-fete-nationale-du-14-juillet\/#primaryimage"},"image":{"@id":"https:\/\/vosgesinfo.fr\/saintdieinfo\/2025\/07\/saint-die-des-vosges-commemore-la-fete-nationale-du-14-juillet\/#primaryimage"},"thumbnailUrl":"https:\/\/vosgesinfo.fr\/app\/uploads\/sites\/4\/2025\/07\/ceremonie-fete-nationale-2025-3.jpg","datePublished":"2025-07-14T20:00:19+00:00","dateModified":"2025-07-14T19:43:13+00:00","breadcrumb":{"@id":"https:\/\/vosgesinfo.fr\/saintdieinfo\/2025\/07\/saint-die-des-vosges-commemore-la-fete-nationale-du-14-juillet\/#breadcrumb"},"inLanguage":"fr-FR","potentialAction":[{"@type":"ReadAction","target":["https:\/\/vosgesinfo.fr\/saintdieinfo\/2025\/07\/saint-die-des-vosges-commemore-la-fete-nationale-du-14-juillet\/"]}]},{"@type":"ImageObject","inLanguage":"fr-FR","@id":"https:\/\/vosgesinfo.fr\/saintdieinfo\/2025\/07\/saint-die-des-vosges-commemore-la-fete-nationale-du-14-juillet\/#primaryimage","url":"https:\/\/vosgesinfo.fr\/app\/uploads\/sites\/4\/2025\/07\/ceremonie-fete-nationale-2025-3.jpg","contentUrl":"https:\/\/vosgesinfo.fr\/app\/uploads\/sites\/4\/2025\/07\/ceremonie-fete-nationale-2025-3.jpg","width":1200,"height":800,"caption":"(Photographies Marc Fourniquet)"},{"@type":"BreadcrumbList","@id":"https:\/\/vosgesinfo.fr\/saintdieinfo\/2025\/07\/saint-die-des-vosges-commemore-la-fete-nationale-du-14-juillet\/#breadcrumb","itemListElement":[{"@type":"ListItem","position":1,"name":"Home","item":"https:\/\/vosgesinfo.fr\/saintdieinfo\/"},{"@type":"ListItem","position":2,"name":"Saint-Di\u00e9-des-Vosges comm\u00e9more la F\u00eate Nationale du 14 juillet"}]},{"@type":"WebSite","@id":"https:\/\/vosgesinfo.fr\/saintdieinfo\/#website","url":"https:\/\/vosgesinfo.fr\/saintdieinfo\/","name":"Saint Die Info","description":"Toute l&#039;actualit\u00e9 de Saint-Di\u00e9-Des-Vosges","publisher":{"@id":"https:\/\/vosgesinfo.fr\/saintdieinfo\/#organization"},"alternateName":"Toute l'actualit\u00e9 de Saint-Di\u00e9-Des-Vosges","potentialAction":[{"@type":"SearchAction","target":{"@type":"EntryPoint","urlTemplate":"https:\/\/vosgesinfo.fr\/saintdieinfo\/?s={search_term_string}"},"query-input":"required name=search_term_string"}],"inLanguage":"fr-FR"},{"@type":"Organization","@id":"https:\/\/vosgesinfo.fr\/saintdieinfo\/#organization","name":"Saint Die Info","url":"https:\/\/vosgesinfo.fr\/saintdieinfo\/","logo":{"@type":"ImageObject","inLanguage":"fr-FR","@id":"https:\/\/vosgesinfo.fr\/saintdieinfo\/#\/schema\/logo\/image\/","url":"https:\/\/vosgesinfo.fr\/app\/uploads\/sites\/4\/2024\/02\/logo-sdi.jpg","contentUrl":"https:\/\/vosgesinfo.fr\/app\/uploads\/sites\/4\/2024\/02\/logo-sdi.jpg","width":600,"height":600,"caption":"Saint Die Info"},"image":{"@id":"https:\/\/vosgesinfo.fr\/saintdieinfo\/#\/schema\/logo\/image\/"},"sameAs":["https:\/\/www.facebook.com\/Saintdieinfofr","https:\/\/x.com\/VosgesInfo88","https:\/\/www.youtube.com\/@vosgesinfo"]},{"@type":"Person","@id":"https:\/\/vosgesinfo.fr\/saintdieinfo\/#\/schema\/person\/fa73e9f726d67bb88f46d5b7943cb572","name":"J.J.","image":{"@type":"ImageObject","inLanguage":"fr-FR","@id":"https:\/\/vosgesinfo.fr\/saintdieinfo\/#\/schema\/person\/image\/","url":"https:\/\/secure.gravatar.com\/avatar\/219e749e47ffbcca018a360ae4add7d4cdf1cdaaf8bc7676b27efade3fe65615?s=96&d=mm&r=g","contentUrl":"https:\/\/secure.gravatar.com\/avatar\/219e749e47ffbcca018a360ae4add7d4cdf1cdaaf8bc7676b27efade3fe65615?s=96&d=mm&r=g","caption":"J.J."},"url":"https:\/\/vosgesinfo.fr\/saintdieinfo\/author\/j-j\/"}]}},"_links":{"self":[{"href":"https:\/\/vosgesinfo.fr\/saintdieinfo\/wp-json\/wp\/v2\/posts\/80230","targetHints":{"allow":["GET"]}}],"collection":[{"href":"https:\/\/vosgesinfo.fr\/saintdieinfo\/wp-json\/wp\/v2\/posts"}],"about":[{"href":"https:\/\/vosgesinfo.fr\/saintdieinfo\/wp-json\/wp\/v2\/types\/post"}],"author":[{"embeddable":true,"href":"https:\/\/vosgesinfo.fr\/saintdieinfo\/wp-json\/wp\/v2\/users\/46"}],"replies":[{"embeddable":true,"href":"https:\/\/vosgesinfo.fr\/saintdieinfo\/wp-json\/wp\/v2\/comments?post=80230"}],"version-history":[{"count":1,"href":"https:\/\/vosgesinfo.fr\/saintdieinfo\/wp-json\/wp\/v2\/posts\/80230\/revisions"}],"predecessor-version":[{"id":80236,"href":"https:\/\/vosgesinfo.fr\/saintdieinfo\/wp-json\/wp\/v2\/posts\/80230\/revisions\/80236"}],"wp:featuredmedia":[{"embeddable":true,"href":"https:\/\/vosgesinfo.fr\/saintdieinfo\/wp-json\/wp\/v2\/media\/80233"}],"wp:attachment":[{"href":"https:\/\/vosgesinfo.fr\/saintdieinfo\/wp-json\/wp\/v2\/media?parent=80230"}],"wp:term":[{"taxonomy":"category","embeddable":true,"href":"https:\/\/vosgesinfo.fr\/saintdieinfo\/wp-json\/wp\/v2\/categories?post=80230"},{"taxonomy":"post_tag","embeddable":true,"href":"https:\/\/vosgesinfo.fr\/saintdieinfo\/wp-json\/wp\/v2\/tags?post=80230"}],"curies":[{"name":"wp","href":"https:\/\/api.w.org\/{rel}","templated":true}]}}