{"id":80271,"date":"2025-07-16T09:15:23","date_gmt":"2025-07-16T07:15:23","guid":{"rendered":"https:\/\/vosgesinfo.fr\/saintdieinfo\/?p=80271"},"modified":"2025-07-16T08:57:10","modified_gmt":"2025-07-16T06:57:10","slug":"conference-1940-1945-les-prisonniers-de-guerre-de-saint-die-et-environs-en-allemagne-par-axel-balland","status":"publish","type":"post","link":"https:\/\/vosgesinfo.fr\/saintdieinfo\/2025\/07\/conference-1940-1945-les-prisonniers-de-guerre-de-saint-die-et-environs-en-allemagne-par-axel-balland\/","title":{"rendered":"Conf\u00e9rence : \u00ab\u00a01940-1945 : les prisonniers de guerre de Saint-Di\u00e9 et environs en Allemagne\u00a0\u00bb par Axel Balland"},"content":{"rendered":"<div id=\"attachment_80272\" style=\"width: 995px\" class=\"wp-caption alignnone\"><a href=\"https:\/\/vosgesinfo.fr\/app\/uploads\/sites\/4\/2025\/07\/conference-historique-axel-balland.jpg\"><img decoding=\"async\" aria-describedby=\"caption-attachment-80272\" class=\"size-full wp-image-80272\" src=\"https:\/\/vosgesinfo.fr\/app\/uploads\/sites\/4\/2025\/07\/conference-historique-axel-balland.jpg\" alt=\"\" width=\"985\" height=\"799\" srcset=\"https:\/\/vosgesinfo.fr\/app\/uploads\/sites\/4\/2025\/07\/conference-historique-axel-balland.jpg 985w, https:\/\/vosgesinfo.fr\/app\/uploads\/sites\/4\/2025\/07\/conference-historique-axel-balland-300x243.jpg 300w, https:\/\/vosgesinfo.fr\/app\/uploads\/sites\/4\/2025\/07\/conference-historique-axel-balland-768x623.jpg 768w\" sizes=\"(max-width: 985px) 100vw, 985px\" \/><\/a><p id=\"caption-attachment-80272\" class=\"wp-caption-text\">Ensemble des Stalags et Oflags en Allemagne pendant la 2de Guerre mondiale.<\/p><\/div>\n<h2>\u00c0 l&rsquo;occasion des <strong>80 ans du retour en France des prisonniers de guerre de 1940<\/strong>, <strong>Axel Balland<\/strong>, historien et animateur de la <strong>commission Temps de Guerre de la Soci\u00e9t\u00e9 Philomatique Vosgienne<\/strong>, donnera une conf\u00e9rence au <strong>mus\u00e9e Pierre-No\u00ebl<\/strong>, ce <strong>samedi 19 juillet \u00e0 14h30<\/strong>. <strong>Entr\u00e9e libre<\/strong>.<\/h2>\n<p><!--more--><\/p>\n<h3><strong>Retour sur le parcours de plusieurs prisonniers<\/strong><\/h3>\n<p>Suite \u00e0 la campagne de <strong>mai-juin 1940<\/strong>, <strong>plusieurs centaines de prisonniers de guerre originaires du canton de Saint-Di\u00e9<\/strong> sont d\u00e9tenus dans les <strong>Stalags<\/strong> pour les hommes de troupes et sous-officiers ainsi que les <strong>Oflags<\/strong> pour les officiers. Lors de la conf\u00e9rence, <strong>Axel Balland<\/strong> reviendra sur la vie des prisonniers en Allemagne, le parcours de plusieurs d&rsquo;entre eux, sur leur <strong>lib\u00e9ration<\/strong> puis <strong>retour dans les Vosges<\/strong>.<\/p>\n","protected":false},"excerpt":{"rendered":"<p>\u00c0 l&rsquo;occasion des 80 ans du retour en France des prisonniers de guerre de 1940, Axel Balland, historien et animateur [&hellip;]<\/p>\n","protected":false},"author":46,"featured_media":80272,"comment_status":"open","ping_status":"open","sticky":false,"template":"","format":"standard","meta":{"footnotes":""},"categories":[3900,7847,167,17],"tags":[4352,4427,4353,3333,4658,3215],"class_list":["post-80271","post","type-post","status-publish","format-standard","has-post-thumbnail","hentry","category-breves","category-art-culture","category-saint-die-des-vosges","category-vie-associative","tag-axel-balland","tag-commission-temps-de-guerre-de-la-societe-philomatique-vosgienne","tag-conference-historique","tag-musee-pierre-noel","tag-seconde-guerre-mondiale","tag-societe-philomatique-vosgienne"],"acf":[],"yoast_head":"<!-- This site is optimized with the Yoast SEO plugin v22.5 - https:\/\/yoast.com\/wordpress\/plugins\/seo\/ -->\n<title>Conf\u00e9rence : &quot;1940-1945 : les prisonniers de guerre de Saint-Di\u00e9 et environs en Allemagne&quot; par Axel Balland - Saint Die Info<\/title>\n<meta name=\"robots\" content=\"index, follow, max-snippet:-1, max-image-preview:large, max-video-preview:-1\" \/>\n<link rel=\"canonical\" href=\"https:\/\/vosgesinfo.fr\/saintdieinfo\/2025\/07\/conference-1940-1945-les-prisonniers-de-guerre-de-saint-die-et-environs-en-allemagne-par-axel-balland\/\" \/>\n<meta name=\"twitter:card\" content=\"summary_large_image\" \/>\n<meta name=\"twitter:title\" content=\"Conf\u00e9rence : &quot;1940-1945 : les prisonniers de guerre de Saint-Di\u00e9 et environs en Allemagne&quot; par Axel Balland - Saint Die Info\" \/>\n<meta name=\"twitter:description\" content=\"\u00c0 l&rsquo;occasion des 80 ans du retour en France des prisonniers de guerre de 1940, Axel Balland, historien et animateur [&hellip;]\" \/>\n<meta name=\"twitter:image\" content=\"https:\/\/vosgesinfo.fr\/app\/uploads\/sites\/4\/2025\/07\/conference-historique-axel-balland.jpg\" \/>\n<meta name=\"twitter:creator\" content=\"@VosgesInfo88\" \/>\n<meta name=\"twitter:site\" content=\"@VosgesInfo88\" \/>\n<meta name=\"twitter:label1\" content=\"\u00c9crit par\" \/>\n\t<meta name=\"twitter:data1\" content=\"J.J.\" \/>\n\t<meta name=\"twitter:label2\" content=\"Dur\u00e9e de lecture estim\u00e9e\" \/>\n\t<meta name=\"twitter:data2\" content=\"1 minute\" \/>\n<script type=\"application\/ld+json\" class=\"yoast-schema-graph\">{\"@context\":\"https:\/\/schema.org\",\"@graph\":[{\"@type\":\"Article\",\"@id\":\"https:\/\/vosgesinfo.fr\/saintdieinfo\/2025\/07\/conference-1940-1945-les-prisonniers-de-guerre-de-saint-die-et-environs-en-allemagne-par-axel-balland\/#article\",\"isPartOf\":{\"@id\":\"https:\/\/vosgesinfo.fr\/saintdieinfo\/2025\/07\/conference-1940-1945-les-prisonniers-de-guerre-de-saint-die-et-environs-en-allemagne-par-axel-balland\/\"},\"author\":{\"name\":\"J.J.\",\"@id\":\"https:\/\/vosgesinfo.fr\/saintdieinfo\/#\/schema\/person\/fa73e9f726d67bb88f46d5b7943cb572\"},\"headline\":\"Conf\u00e9rence : \u00ab\u00a01940-1945 : les prisonniers de guerre de Saint-Di\u00e9 et environs en Allemagne\u00a0\u00bb par Axel Balland\",\"datePublished\":\"2025-07-16T07:15:23+00:00\",\"dateModified\":\"2025-07-16T06:57:10+00:00\",\"mainEntityOfPage\":{\"@id\":\"https:\/\/vosgesinfo.fr\/saintdieinfo\/2025\/07\/conference-1940-1945-les-prisonniers-de-guerre-de-saint-die-et-environs-en-allemagne-par-axel-balland\/\"},\"wordCount\":155,\"commentCount\":0,\"publisher\":{\"@id\":\"https:\/\/vosgesinfo.fr\/saintdieinfo\/#organization\"},\"image\":{\"@id\":\"https:\/\/vosgesinfo.fr\/saintdieinfo\/2025\/07\/conference-1940-1945-les-prisonniers-de-guerre-de-saint-die-et-environs-en-allemagne-par-axel-balland\/#primaryimage\"},\"thumbnailUrl\":\"https:\/\/vosgesinfo.fr\/app\/uploads\/sites\/4\/2025\/07\/conference-historique-axel-balland.jpg\",\"keywords\":[\"Axel Balland\",\"Commission Temps de Guerre de la Soci\u00e9t\u00e9 Philomatique Vosgienne\",\"Conf\u00e9rence historique\",\"Mus\u00e9e Pierre-No\u00ebl\",\"Seconde Guerre mondiale\",\"Soci\u00e9t\u00e9 Philomatique Vosgienne\"],\"articleSection\":[\"Br\u00e8ves\",\"Culture\",\"Saint-Di\u00e9-des-Vosges\",\"Vie Associative\"],\"inLanguage\":\"fr-FR\",\"potentialAction\":[{\"@type\":\"CommentAction\",\"name\":\"Comment\",\"target\":[\"https:\/\/vosgesinfo.fr\/saintdieinfo\/2025\/07\/conference-1940-1945-les-prisonniers-de-guerre-de-saint-die-et-environs-en-allemagne-par-axel-balland\/#respond\"]}]},{\"@type\":\"WebPage\",\"@id\":\"https:\/\/vosgesinfo.fr\/saintdieinfo\/2025\/07\/conference-1940-1945-les-prisonniers-de-guerre-de-saint-die-et-environs-en-allemagne-par-axel-balland\/\",\"url\":\"https:\/\/vosgesinfo.fr\/saintdieinfo\/2025\/07\/conference-1940-1945-les-prisonniers-de-guerre-de-saint-die-et-environs-en-allemagne-par-axel-balland\/\",\"name\":\"Conf\u00e9rence : \\\"1940-1945 : les prisonniers de guerre de Saint-Di\u00e9 et environs en Allemagne\\\" par Axel Balland - Saint Die Info\",\"isPartOf\":{\"@id\":\"https:\/\/vosgesinfo.fr\/saintdieinfo\/#website\"},\"primaryImageOfPage\":{\"@id\":\"https:\/\/vosgesinfo.fr\/saintdieinfo\/2025\/07\/conference-1940-1945-les-prisonniers-de-guerre-de-saint-die-et-environs-en-allemagne-par-axel-balland\/#primaryimage\"},\"image\":{\"@id\":\"https:\/\/vosgesinfo.fr\/saintdieinfo\/2025\/07\/conference-1940-1945-les-prisonniers-de-guerre-de-saint-die-et-environs-en-allemagne-par-axel-balland\/#primaryimage\"},\"thumbnailUrl\":\"https:\/\/vosgesinfo.fr\/app\/uploads\/sites\/4\/2025\/07\/conference-historique-axel-balland.jpg\",\"datePublished\":\"2025-07-16T07:15:23+00:00\",\"dateModified\":\"2025-07-16T06:57:10+00:00\",\"breadcrumb\":{\"@id\":\"https:\/\/vosgesinfo.fr\/saintdieinfo\/2025\/07\/conference-1940-1945-les-prisonniers-de-guerre-de-saint-die-et-environs-en-allemagne-par-axel-balland\/#breadcrumb\"},\"inLanguage\":\"fr-FR\",\"potentialAction\":[{\"@type\":\"ReadAction\",\"target\":[\"https:\/\/vosgesinfo.fr\/saintdieinfo\/2025\/07\/conference-1940-1945-les-prisonniers-de-guerre-de-saint-die-et-environs-en-allemagne-par-axel-balland\/\"]}]},{\"@type\":\"ImageObject\",\"inLanguage\":\"fr-FR\",\"@id\":\"https:\/\/vosgesinfo.fr\/saintdieinfo\/2025\/07\/conference-1940-1945-les-prisonniers-de-guerre-de-saint-die-et-environs-en-allemagne-par-axel-balland\/#primaryimage\",\"url\":\"https:\/\/vosgesinfo.fr\/app\/uploads\/sites\/4\/2025\/07\/conference-historique-axel-balland.jpg\",\"contentUrl\":\"https:\/\/vosgesinfo.fr\/app\/uploads\/sites\/4\/2025\/07\/conference-historique-axel-balland.jpg\",\"width\":985,\"height\":799,\"caption\":\"Ensemble des Stalags et Oflags en Allemagne pendant la 2de Guerre mondiale.\"},{\"@type\":\"BreadcrumbList\",\"@id\":\"https:\/\/vosgesinfo.fr\/saintdieinfo\/2025\/07\/conference-1940-1945-les-prisonniers-de-guerre-de-saint-die-et-environs-en-allemagne-par-axel-balland\/#breadcrumb\",\"itemListElement\":[{\"@type\":\"ListItem\",\"position\":1,\"name\":\"Home\",\"item\":\"https:\/\/vosgesinfo.fr\/saintdieinfo\/\"},{\"@type\":\"ListItem\",\"position\":2,\"name\":\"Conf\u00e9rence : \u00ab\u00a01940-1945 : les prisonniers de guerre de Saint-Di\u00e9 et environs en Allemagne\u00a0\u00bb par Axel Balland\"}]},{\"@type\":\"WebSite\",\"@id\":\"https:\/\/vosgesinfo.fr\/saintdieinfo\/#website\",\"url\":\"https:\/\/vosgesinfo.fr\/saintdieinfo\/\",\"name\":\"Saint Die Info\",\"description\":\"Toute l&#039;actualit\u00e9 de Saint-Di\u00e9-Des-Vosges\",\"publisher\":{\"@id\":\"https:\/\/vosgesinfo.fr\/saintdieinfo\/#organization\"},\"alternateName\":\"Toute l'actualit\u00e9 de Saint-Di\u00e9-Des-Vosges\",\"potentialAction\":[{\"@type\":\"SearchAction\",\"target\":{\"@type\":\"EntryPoint\",\"urlTemplate\":\"https:\/\/vosgesinfo.fr\/saintdieinfo\/?s={search_term_string}\"},\"query-input\":\"required name=search_term_string\"}],\"inLanguage\":\"fr-FR\"},{\"@type\":\"Organization\",\"@id\":\"https:\/\/vosgesinfo.fr\/saintdieinfo\/#organization\",\"name\":\"Saint Die Info\",\"url\":\"https:\/\/vosgesinfo.fr\/saintdieinfo\/\",\"logo\":{\"@type\":\"ImageObject\",\"inLanguage\":\"fr-FR\",\"@id\":\"https:\/\/vosgesinfo.fr\/saintdieinfo\/#\/schema\/logo\/image\/\",\"url\":\"https:\/\/vosgesinfo.fr\/app\/uploads\/sites\/4\/2024\/02\/logo-sdi.jpg\",\"contentUrl\":\"https:\/\/vosgesinfo.fr\/app\/uploads\/sites\/4\/2024\/02\/logo-sdi.jpg\",\"width\":600,\"height\":600,\"caption\":\"Saint Die Info\"},\"image\":{\"@id\":\"https:\/\/vosgesinfo.fr\/saintdieinfo\/#\/schema\/logo\/image\/\"},\"sameAs\":[\"https:\/\/www.facebook.com\/Saintdieinfofr\",\"https:\/\/x.com\/VosgesInfo88\",\"https:\/\/www.youtube.com\/@vosgesinfo\"]},{\"@type\":\"Person\",\"@id\":\"https:\/\/vosgesinfo.fr\/saintdieinfo\/#\/schema\/person\/fa73e9f726d67bb88f46d5b7943cb572\",\"name\":\"J.J.\",\"image\":{\"@type\":\"ImageObject\",\"inLanguage\":\"fr-FR\",\"@id\":\"https:\/\/vosgesinfo.fr\/saintdieinfo\/#\/schema\/person\/image\/\",\"url\":\"https:\/\/secure.gravatar.com\/avatar\/219e749e47ffbcca018a360ae4add7d4cdf1cdaaf8bc7676b27efade3fe65615?s=96&d=mm&r=g\",\"contentUrl\":\"https:\/\/secure.gravatar.com\/avatar\/219e749e47ffbcca018a360ae4add7d4cdf1cdaaf8bc7676b27efade3fe65615?s=96&d=mm&r=g\",\"caption\":\"J.J.\"},\"url\":\"https:\/\/vosgesinfo.fr\/saintdieinfo\/author\/j-j\/\"}]}<\/script>\n<!-- \/ Yoast SEO plugin. -->","yoast_head_json":{"title":"Conf\u00e9rence : \"1940-1945 : les prisonniers de guerre de Saint-Di\u00e9 et environs en Allemagne\" par Axel Balland - Saint Die Info","robots":{"index":"index","follow":"follow","max-snippet":"max-snippet:-1","max-image-preview":"max-image-preview:large","max-video-preview":"max-video-preview:-1"},"canonical":"https:\/\/vosgesinfo.fr\/saintdieinfo\/2025\/07\/conference-1940-1945-les-prisonniers-de-guerre-de-saint-die-et-environs-en-allemagne-par-axel-balland\/","twitter_card":"summary_large_image","twitter_title":"Conf\u00e9rence : \"1940-1945 : les prisonniers de guerre de Saint-Di\u00e9 et environs en Allemagne\" par Axel Balland - Saint Die Info","twitter_description":"\u00c0 l&rsquo;occasion des 80 ans du retour en France des prisonniers de guerre de 1940, Axel Balland, historien et animateur [&hellip;]","twitter_image":"https:\/\/vosgesinfo.fr\/app\/uploads\/sites\/4\/2025\/07\/conference-historique-axel-balland.jpg","twitter_creator":"@VosgesInfo88","twitter_site":"@VosgesInfo88","twitter_misc":{"\u00c9crit par":"J.J.","Dur\u00e9e de lecture estim\u00e9e":"1 minute"},"schema":{"@context":"https:\/\/schema.org","@graph":[{"@type":"Article","@id":"https:\/\/vosgesinfo.fr\/saintdieinfo\/2025\/07\/conference-1940-1945-les-prisonniers-de-guerre-de-saint-die-et-environs-en-allemagne-par-axel-balland\/#article","isPartOf":{"@id":"https:\/\/vosgesinfo.fr\/saintdieinfo\/2025\/07\/conference-1940-1945-les-prisonniers-de-guerre-de-saint-die-et-environs-en-allemagne-par-axel-balland\/"},"author":{"name":"J.J.","@id":"https:\/\/vosgesinfo.fr\/saintdieinfo\/#\/schema\/person\/fa73e9f726d67bb88f46d5b7943cb572"},"headline":"Conf\u00e9rence : \u00ab\u00a01940-1945 : les prisonniers de guerre de Saint-Di\u00e9 et environs en Allemagne\u00a0\u00bb par Axel Balland","datePublished":"2025-07-16T07:15:23+00:00","dateModified":"2025-07-16T06:57:10+00:00","mainEntityOfPage":{"@id":"https:\/\/vosgesinfo.fr\/saintdieinfo\/2025\/07\/conference-1940-1945-les-prisonniers-de-guerre-de-saint-die-et-environs-en-allemagne-par-axel-balland\/"},"wordCount":155,"commentCount":0,"publisher":{"@id":"https:\/\/vosgesinfo.fr\/saintdieinfo\/#organization"},"image":{"@id":"https:\/\/vosgesinfo.fr\/saintdieinfo\/2025\/07\/conference-1940-1945-les-prisonniers-de-guerre-de-saint-die-et-environs-en-allemagne-par-axel-balland\/#primaryimage"},"thumbnailUrl":"https:\/\/vosgesinfo.fr\/app\/uploads\/sites\/4\/2025\/07\/conference-historique-axel-balland.jpg","keywords":["Axel Balland","Commission Temps de Guerre de la Soci\u00e9t\u00e9 Philomatique Vosgienne","Conf\u00e9rence historique","Mus\u00e9e Pierre-No\u00ebl","Seconde Guerre mondiale","Soci\u00e9t\u00e9 Philomatique Vosgienne"],"articleSection":["Br\u00e8ves","Culture","Saint-Di\u00e9-des-Vosges","Vie Associative"],"inLanguage":"fr-FR","potentialAction":[{"@type":"CommentAction","name":"Comment","target":["https:\/\/vosgesinfo.fr\/saintdieinfo\/2025\/07\/conference-1940-1945-les-prisonniers-de-guerre-de-saint-die-et-environs-en-allemagne-par-axel-balland\/#respond"]}]},{"@type":"WebPage","@id":"https:\/\/vosgesinfo.fr\/saintdieinfo\/2025\/07\/conference-1940-1945-les-prisonniers-de-guerre-de-saint-die-et-environs-en-allemagne-par-axel-balland\/","url":"https:\/\/vosgesinfo.fr\/saintdieinfo\/2025\/07\/conference-1940-1945-les-prisonniers-de-guerre-de-saint-die-et-environs-en-allemagne-par-axel-balland\/","name":"Conf\u00e9rence : \"1940-1945 : les prisonniers de guerre de Saint-Di\u00e9 et environs en Allemagne\" par Axel Balland - Saint Die Info","isPartOf":{"@id":"https:\/\/vosgesinfo.fr\/saintdieinfo\/#website"},"primaryImageOfPage":{"@id":"https:\/\/vosgesinfo.fr\/saintdieinfo\/2025\/07\/conference-1940-1945-les-prisonniers-de-guerre-de-saint-die-et-environs-en-allemagne-par-axel-balland\/#primaryimage"},"image":{"@id":"https:\/\/vosgesinfo.fr\/saintdieinfo\/2025\/07\/conference-1940-1945-les-prisonniers-de-guerre-de-saint-die-et-environs-en-allemagne-par-axel-balland\/#primaryimage"},"thumbnailUrl":"https:\/\/vosgesinfo.fr\/app\/uploads\/sites\/4\/2025\/07\/conference-historique-axel-balland.jpg","datePublished":"2025-07-16T07:15:23+00:00","dateModified":"2025-07-16T06:57:10+00:00","breadcrumb":{"@id":"https:\/\/vosgesinfo.fr\/saintdieinfo\/2025\/07\/conference-1940-1945-les-prisonniers-de-guerre-de-saint-die-et-environs-en-allemagne-par-axel-balland\/#breadcrumb"},"inLanguage":"fr-FR","potentialAction":[{"@type":"ReadAction","target":["https:\/\/vosgesinfo.fr\/saintdieinfo\/2025\/07\/conference-1940-1945-les-prisonniers-de-guerre-de-saint-die-et-environs-en-allemagne-par-axel-balland\/"]}]},{"@type":"ImageObject","inLanguage":"fr-FR","@id":"https:\/\/vosgesinfo.fr\/saintdieinfo\/2025\/07\/conference-1940-1945-les-prisonniers-de-guerre-de-saint-die-et-environs-en-allemagne-par-axel-balland\/#primaryimage","url":"https:\/\/vosgesinfo.fr\/app\/uploads\/sites\/4\/2025\/07\/conference-historique-axel-balland.jpg","contentUrl":"https:\/\/vosgesinfo.fr\/app\/uploads\/sites\/4\/2025\/07\/conference-historique-axel-balland.jpg","width":985,"height":799,"caption":"Ensemble des Stalags et Oflags en Allemagne pendant la 2de Guerre mondiale."},{"@type":"BreadcrumbList","@id":"https:\/\/vosgesinfo.fr\/saintdieinfo\/2025\/07\/conference-1940-1945-les-prisonniers-de-guerre-de-saint-die-et-environs-en-allemagne-par-axel-balland\/#breadcrumb","itemListElement":[{"@type":"ListItem","position":1,"name":"Home","item":"https:\/\/vosgesinfo.fr\/saintdieinfo\/"},{"@type":"ListItem","position":2,"name":"Conf\u00e9rence : \u00ab\u00a01940-1945 : les prisonniers de guerre de Saint-Di\u00e9 et environs en Allemagne\u00a0\u00bb par Axel Balland"}]},{"@type":"WebSite","@id":"https:\/\/vosgesinfo.fr\/saintdieinfo\/#website","url":"https:\/\/vosgesinfo.fr\/saintdieinfo\/","name":"Saint Die Info","description":"Toute l&#039;actualit\u00e9 de Saint-Di\u00e9-Des-Vosges","publisher":{"@id":"https:\/\/vosgesinfo.fr\/saintdieinfo\/#organization"},"alternateName":"Toute l'actualit\u00e9 de Saint-Di\u00e9-Des-Vosges","potentialAction":[{"@type":"SearchAction","target":{"@type":"EntryPoint","urlTemplate":"https:\/\/vosgesinfo.fr\/saintdieinfo\/?s={search_term_string}"},"query-input":"required name=search_term_string"}],"inLanguage":"fr-FR"},{"@type":"Organization","@id":"https:\/\/vosgesinfo.fr\/saintdieinfo\/#organization","name":"Saint Die Info","url":"https:\/\/vosgesinfo.fr\/saintdieinfo\/","logo":{"@type":"ImageObject","inLanguage":"fr-FR","@id":"https:\/\/vosgesinfo.fr\/saintdieinfo\/#\/schema\/logo\/image\/","url":"https:\/\/vosgesinfo.fr\/app\/uploads\/sites\/4\/2024\/02\/logo-sdi.jpg","contentUrl":"https:\/\/vosgesinfo.fr\/app\/uploads\/sites\/4\/2024\/02\/logo-sdi.jpg","width":600,"height":600,"caption":"Saint Die Info"},"image":{"@id":"https:\/\/vosgesinfo.fr\/saintdieinfo\/#\/schema\/logo\/image\/"},"sameAs":["https:\/\/www.facebook.com\/Saintdieinfofr","https:\/\/x.com\/VosgesInfo88","https:\/\/www.youtube.com\/@vosgesinfo"]},{"@type":"Person","@id":"https:\/\/vosgesinfo.fr\/saintdieinfo\/#\/schema\/person\/fa73e9f726d67bb88f46d5b7943cb572","name":"J.J.","image":{"@type":"ImageObject","inLanguage":"fr-FR","@id":"https:\/\/vosgesinfo.fr\/saintdieinfo\/#\/schema\/person\/image\/","url":"https:\/\/secure.gravatar.com\/avatar\/219e749e47ffbcca018a360ae4add7d4cdf1cdaaf8bc7676b27efade3fe65615?s=96&d=mm&r=g","contentUrl":"https:\/\/secure.gravatar.com\/avatar\/219e749e47ffbcca018a360ae4add7d4cdf1cdaaf8bc7676b27efade3fe65615?s=96&d=mm&r=g","caption":"J.J."},"url":"https:\/\/vosgesinfo.fr\/saintdieinfo\/author\/j-j\/"}]}},"_links":{"self":[{"href":"https:\/\/vosgesinfo.fr\/saintdieinfo\/wp-json\/wp\/v2\/posts\/80271","targetHints":{"allow":["GET"]}}],"collection":[{"href":"https:\/\/vosgesinfo.fr\/saintdieinfo\/wp-json\/wp\/v2\/posts"}],"about":[{"href":"https:\/\/vosgesinfo.fr\/saintdieinfo\/wp-json\/wp\/v2\/types\/post"}],"author":[{"embeddable":true,"href":"https:\/\/vosgesinfo.fr\/saintdieinfo\/wp-json\/wp\/v2\/users\/46"}],"replies":[{"embeddable":true,"href":"https:\/\/vosgesinfo.fr\/saintdieinfo\/wp-json\/wp\/v2\/comments?post=80271"}],"version-history":[{"count":2,"href":"https:\/\/vosgesinfo.fr\/saintdieinfo\/wp-json\/wp\/v2\/posts\/80271\/revisions"}],"predecessor-version":[{"id":80274,"href":"https:\/\/vosgesinfo.fr\/saintdieinfo\/wp-json\/wp\/v2\/posts\/80271\/revisions\/80274"}],"wp:featuredmedia":[{"embeddable":true,"href":"https:\/\/vosgesinfo.fr\/saintdieinfo\/wp-json\/wp\/v2\/media\/80272"}],"wp:attachment":[{"href":"https:\/\/vosgesinfo.fr\/saintdieinfo\/wp-json\/wp\/v2\/media?parent=80271"}],"wp:term":[{"taxonomy":"category","embeddable":true,"href":"https:\/\/vosgesinfo.fr\/saintdieinfo\/wp-json\/wp\/v2\/categories?post=80271"},{"taxonomy":"post_tag","embeddable":true,"href":"https:\/\/vosgesinfo.fr\/saintdieinfo\/wp-json\/wp\/v2\/tags?post=80271"}],"curies":[{"name":"wp","href":"https:\/\/api.w.org\/{rel}","templated":true}]}}