{"id":80307,"date":"2025-07-17T08:25:35","date_gmt":"2025-07-17T06:25:35","guid":{"rendered":"https:\/\/vosgesinfo.fr\/saintdieinfo\/?p=80307"},"modified":"2025-07-17T08:09:59","modified_gmt":"2025-07-17T06:09:59","slug":"plus-de-100-jeunes-footballeurs-en-lice-pour-la-premiere-summer-cup-sddv-2025","status":"publish","type":"post","link":"https:\/\/vosgesinfo.fr\/saintdieinfo\/2025\/07\/plus-de-100-jeunes-footballeurs-en-lice-pour-la-premiere-summer-cup-sddv-2025\/","title":{"rendered":"Plus de 100 jeunes footballeurs en lice pour la premi\u00e8re Summer Cup SDDV 2025"},"content":{"rendered":"<h3><a href=\"https:\/\/vosgesinfo.fr\/app\/uploads\/sites\/4\/2025\/07\/summer-cup-sddv-2025-2.jpg\"><img decoding=\"async\" class=\"alignnone size-large wp-image-80282\" src=\"https:\/\/vosgesinfo.fr\/app\/uploads\/sites\/4\/2025\/07\/summer-cup-sddv-2025-2-1024x771.jpg\" alt=\"\" width=\"1024\" height=\"771\" srcset=\"https:\/\/vosgesinfo.fr\/app\/uploads\/sites\/4\/2025\/07\/summer-cup-sddv-2025-2-1024x771.jpg 1024w, https:\/\/vosgesinfo.fr\/app\/uploads\/sites\/4\/2025\/07\/summer-cup-sddv-2025-2-300x226.jpg 300w, https:\/\/vosgesinfo.fr\/app\/uploads\/sites\/4\/2025\/07\/summer-cup-sddv-2025-2-768x578.jpg 768w, https:\/\/vosgesinfo.fr\/app\/uploads\/sites\/4\/2025\/07\/summer-cup-sddv-2025-2-1536x1157.jpg 1536w, https:\/\/vosgesinfo.fr\/app\/uploads\/sites\/4\/2025\/07\/summer-cup-sddv-2025-2.jpg 1600w\" sizes=\"(max-width: 1024px) 100vw, 1024px\" \/><\/a><\/h3>\n<h2>La <strong>Coupe du Monde des Clubs<\/strong> d\u00e9sormais termin\u00e9e, place \u00e0 la <a href=\"https:\/\/vosgesinfo.fr\/saintdieinfo\/2025\/06\/summer-cup-sddv-2025-un-tournoi-de-football-inter-quartiers-a-saint-die-des-vosges\/\" target=\"_blank\" rel=\"noopener\"><strong>Summer Cup SDDV 2025<\/strong><\/a>\u202f! Pour sa <strong>premi\u00e8re \u00e9dition<\/strong>, le <strong>tournoi de foot mixte<\/strong>, <strong>port\u00e9 par La Rue Ensemble<\/strong> de l&rsquo;association <strong>Selia<\/strong> et organis\u00e9 dans le cadre du <strong>dispositif Quartiers 2030<\/strong>, r\u00e9unit ce <strong>mercredi plus de 100 jeunes footballeurs<\/strong> sur le <strong>terrain synth\u00e9tique du Parc des Sports Woehrl\u00e9<\/strong>.<\/h2>\n<p><!--more--><\/p>\n<h3><strong>11 \u00e9quipes r\u00e9parties en 2 cat\u00e9gories<\/strong><\/h3>\n<p>Les <strong>11 \u00e9quipes en lice<\/strong> sont r\u00e9parties en <strong>2 cat\u00e9gories<\/strong>, avec <strong>4 \u00e9quipes pour les 10 \u00e0 14 ans<\/strong> contre <strong>7 pour les 15 \u00e0 30 ans<\/strong>. Au <strong>coup d&rsquo;envoi ce matin sur les coups de 10h30<\/strong>, les <strong>matchs de poule de 10 minutes<\/strong> se sont encha\u00een\u00e9s, pour d\u00e9boucher sur les <strong>phases finales l&rsquo;apr\u00e8s-midi<\/strong>. Apr\u00e8s un <strong>match de gala<\/strong> jou\u00e9 par les <strong>organisateurs et leurs partenaires<\/strong>, l&rsquo;heure \u00e9tait \u00e0 la <strong>remise des prix<\/strong> des <strong>2 meilleures \u00e9quipes, en pr\u00e9sence du maire Bruno Toussaint<\/strong>\u202f: <strong>\u00ab\u00a0Les Madril\u00e8nes\u00a0\u00bb<\/strong>\u00a0pour les plus jeunes, <strong>\u00ab\u00a0Saint-Di\u00e9\u00a0\u00bb <\/strong>pour leurs a\u00een\u00e9s.<\/p>\n<h3><strong>Un tournoi de foot inter-quartiers<\/strong><\/h3>\n<p>Comme l&rsquo;explique <strong>Ga\u00eblle Merlin<\/strong>, cheffe de service de <strong>La Rue Ensemble<\/strong>, \u00ab\u202fl&rsquo;id\u00e9e est d&rsquo;organiser un <strong>tournoi de foot inter-quartiers<\/strong>, de <strong>Saint-Di\u00e9-des-Vosges<\/strong> mais aussi des environs, pour favoriser le <strong>lien social<\/strong> et promouvoir <strong>l&rsquo;inter-mixit\u00e9<\/strong>. L&rsquo;objectif est aussi d&rsquo;<strong>occuper le temps libre des jeunes<\/strong>, d&rsquo;<strong>animer la ville pendant les vacances scolaires<\/strong>, tout en diffusant des <strong>messages de pr\u00e9vention<\/strong>. Notamment sur la <strong>consommation de sucre<\/strong>.\u202f\u00bb<\/p>\n<h3><strong>Un \u00e9v\u00e9nement sportif annuel<\/strong><\/h3>\n<p><strong>Financ\u00e9e par la Pr\u00e9fecture des Vosges<\/strong>, la <strong>Communaut\u00e9 d&rsquo;Agglom\u00e9ration<\/strong> et <strong>l&rsquo;association Selia<\/strong>, cette premi\u00e8re <strong>Summer Cup SDDV<\/strong> a f\u00e9d\u00e9r\u00e9 <strong>plusieurs partenaires<\/strong> autour de <strong>La Rue Ensemble<\/strong>\u202f: le <strong>club des SRDK<\/strong>, <strong>Adali-Habitat<\/strong> via le <strong>Foyer des Jeunes Travailleurs<\/strong>, la <strong>Mission Locale<\/strong>, <strong>l&rsquo;\u00c9cole de la Seconde Chance<\/strong> et le <strong>bailleur social Vosgelis<\/strong>. Et s&rsquo;il s&rsquo;agissait d\u2019un <strong>coup d\u2019essai hier<\/strong>, le <strong>tournoi de foot d\u00e9odatien<\/strong> devrait \u00eatre de retour <strong>l\u2019ann\u00e9e prochaine<\/strong>, puis ensuite <strong>chaque \u00e9t\u00e9<\/strong>.<\/p>\n\n\t\t<style type=\"text\/css\">\n\t\t\t#gallery-1 {\n\t\t\t\tmargin: auto;\n\t\t\t}\n\t\t\t#gallery-1 .gallery-item {\n\t\t\t\tfloat: left;\n\t\t\t\tmargin-top: 10px;\n\t\t\t\ttext-align: center;\n\t\t\t\twidth: 33%;\n\t\t\t}\n\t\t\t#gallery-1 img {\n\t\t\t\tborder: 2px solid #cfcfcf;\n\t\t\t}\n\t\t\t#gallery-1 .gallery-caption {\n\t\t\t\tmargin-left: 0;\n\t\t\t}\n\t\t\t\/* see gallery_shortcode() in wp-includes\/media.php *\/\n\t\t<\/style>\n\t\t<div id='gallery-1' class='gallery galleryid-80307 gallery-columns-3 gallery-size-thumbnail'><dl class='gallery-item'>\n\t\t\t<dt class='gallery-icon landscape'>\n\t\t\t\t<a href='https:\/\/vosgesinfo.fr\/app\/uploads\/sites\/4\/2025\/07\/summer-cup-sddv-2025-1.jpg'><img decoding=\"async\" width=\"150\" height=\"150\" src=\"https:\/\/vosgesinfo.fr\/app\/uploads\/sites\/4\/2025\/07\/summer-cup-sddv-2025-1-150x150.jpg\" class=\"attachment-thumbnail size-thumbnail\" alt=\"\" \/><\/a>\n\t\t\t<\/dt><\/dl><dl class='gallery-item'>\n\t\t\t<dt class='gallery-icon landscape'>\n\t\t\t\t<a href='https:\/\/vosgesinfo.fr\/app\/uploads\/sites\/4\/2025\/07\/summer-cup-sddv-2025-4.jpg'><img decoding=\"async\" width=\"150\" height=\"150\" src=\"https:\/\/vosgesinfo.fr\/app\/uploads\/sites\/4\/2025\/07\/summer-cup-sddv-2025-4-150x150.jpg\" class=\"attachment-thumbnail size-thumbnail\" alt=\"\" \/><\/a>\n\t\t\t<\/dt><\/dl><dl class='gallery-item'>\n\t\t\t<dt class='gallery-icon landscape'>\n\t\t\t\t<a href='https:\/\/vosgesinfo.fr\/app\/uploads\/sites\/4\/2025\/07\/summer-cup-sddv-2025-3.jpg'><img decoding=\"async\" width=\"150\" height=\"150\" src=\"https:\/\/vosgesinfo.fr\/app\/uploads\/sites\/4\/2025\/07\/summer-cup-sddv-2025-3-150x150.jpg\" class=\"attachment-thumbnail size-thumbnail\" alt=\"\" \/><\/a>\n\t\t\t<\/dt><\/dl><br style=\"clear: both\" \/><dl class='gallery-item'>\n\t\t\t<dt class='gallery-icon landscape'>\n\t\t\t\t<a href='https:\/\/vosgesinfo.fr\/app\/uploads\/sites\/4\/2025\/07\/summer-cup-sddv-2025-7.jpg'><img decoding=\"async\" width=\"150\" height=\"150\" src=\"https:\/\/vosgesinfo.fr\/app\/uploads\/sites\/4\/2025\/07\/summer-cup-sddv-2025-7-150x150.jpg\" class=\"attachment-thumbnail size-thumbnail\" alt=\"\" aria-describedby=\"gallery-1-80311\" \/><\/a>\n\t\t\t<\/dt>\n\t\t\t\t<dd class='wp-caption-text gallery-caption' id='gallery-1-80311'>\n\t\t\t\t(Photographie Ga\u00eblle Merlin)\n\t\t\t\t<\/dd><\/dl><dl class='gallery-item'>\n\t\t\t<dt class='gallery-icon landscape'>\n\t\t\t\t<a href='https:\/\/vosgesinfo.fr\/app\/uploads\/sites\/4\/2025\/07\/summer-cup-sddv-2025-5.jpg'><img decoding=\"async\" width=\"150\" height=\"150\" src=\"https:\/\/vosgesinfo.fr\/app\/uploads\/sites\/4\/2025\/07\/summer-cup-sddv-2025-5-150x150.jpg\" class=\"attachment-thumbnail size-thumbnail\" alt=\"\" aria-describedby=\"gallery-1-80309\" \/><\/a>\n\t\t\t<\/dt>\n\t\t\t\t<dd class='wp-caption-text gallery-caption' id='gallery-1-80309'>\n\t\t\t\t(Photographie Ga\u00eblle Merlin)\n\t\t\t\t<\/dd><\/dl><dl class='gallery-item'>\n\t\t\t<dt class='gallery-icon landscape'>\n\t\t\t\t<a href='https:\/\/vosgesinfo.fr\/app\/uploads\/sites\/4\/2025\/07\/summer-cup-sddv-2025-6.jpg'><img decoding=\"async\" width=\"150\" height=\"150\" src=\"https:\/\/vosgesinfo.fr\/app\/uploads\/sites\/4\/2025\/07\/summer-cup-sddv-2025-6-150x150.jpg\" class=\"attachment-thumbnail size-thumbnail\" alt=\"\" aria-describedby=\"gallery-1-80310\" \/><\/a>\n\t\t\t<\/dt>\n\t\t\t\t<dd class='wp-caption-text gallery-caption' id='gallery-1-80310'>\n\t\t\t\t(Photographie Ga\u00eblle Merlin)\n\t\t\t\t<\/dd><\/dl><br style=\"clear: both\" \/>\n\t\t<\/div>\n\n","protected":false},"excerpt":{"rendered":"<p>La Coupe du Monde des Clubs d\u00e9sormais termin\u00e9e, place \u00e0 la Summer Cup SDDV 2025\u202f! Pour sa premi\u00e8re \u00e9dition, le [&hellip;]<\/p>\n","protected":false},"author":46,"featured_media":80282,"comment_status":"open","ping_status":"open","sticky":false,"template":"","format":"standard","meta":{"footnotes":""},"categories":[460,167,14],"tags":[6230,15526,12986,17573,6732,17780],"class_list":["post-80307","post","type-post","status-publish","format-standard","has-post-thumbnail","hentry","category-a-la-une","category-saint-die-des-vosges","category-sport","tag-association-selia","tag-la-rue-ensemble","tag-parc-des-sports-woehrle","tag-summer-cup-sddv-2025","tag-terrain-synthetique-de-saint-die-des-vosges","tag-tournoi-de-football"],"acf":[],"yoast_head":"<!-- This site is optimized with the Yoast SEO plugin v22.5 - https:\/\/yoast.com\/wordpress\/plugins\/seo\/ -->\n<title>Plus de 100 jeunes footballeurs en lice pour la premi\u00e8re Summer Cup SDDV 2025 - Saint Die Info<\/title>\n<meta name=\"robots\" content=\"index, follow, max-snippet:-1, max-image-preview:large, max-video-preview:-1\" \/>\n<link rel=\"canonical\" href=\"https:\/\/vosgesinfo.fr\/saintdieinfo\/2025\/07\/plus-de-100-jeunes-footballeurs-en-lice-pour-la-premiere-summer-cup-sddv-2025\/\" \/>\n<meta name=\"twitter:card\" content=\"summary_large_image\" \/>\n<meta name=\"twitter:title\" content=\"Plus de 100 jeunes footballeurs en lice pour la premi\u00e8re Summer Cup SDDV 2025 - Saint Die Info\" \/>\n<meta name=\"twitter:description\" content=\"La Coupe du Monde des Clubs d\u00e9sormais termin\u00e9e, place \u00e0 la Summer Cup SDDV 2025\u202f! Pour sa premi\u00e8re \u00e9dition, le [&hellip;]\" \/>\n<meta name=\"twitter:image\" content=\"https:\/\/vosgesinfo.fr\/app\/uploads\/sites\/4\/2025\/07\/summer-cup-sddv-2025-2.jpg\" \/>\n<meta name=\"twitter:creator\" content=\"@VosgesInfo88\" \/>\n<meta name=\"twitter:site\" content=\"@VosgesInfo88\" \/>\n<meta name=\"twitter:label1\" content=\"\u00c9crit par\" \/>\n\t<meta name=\"twitter:data1\" content=\"J.J.\" \/>\n\t<meta name=\"twitter:label2\" content=\"Dur\u00e9e de lecture estim\u00e9e\" \/>\n\t<meta name=\"twitter:data2\" content=\"2 minutes\" \/>\n<script type=\"application\/ld+json\" class=\"yoast-schema-graph\">{\"@context\":\"https:\/\/schema.org\",\"@graph\":[{\"@type\":\"Article\",\"@id\":\"https:\/\/vosgesinfo.fr\/saintdieinfo\/2025\/07\/plus-de-100-jeunes-footballeurs-en-lice-pour-la-premiere-summer-cup-sddv-2025\/#article\",\"isPartOf\":{\"@id\":\"https:\/\/vosgesinfo.fr\/saintdieinfo\/2025\/07\/plus-de-100-jeunes-footballeurs-en-lice-pour-la-premiere-summer-cup-sddv-2025\/\"},\"author\":{\"name\":\"J.J.\",\"@id\":\"https:\/\/vosgesinfo.fr\/saintdieinfo\/#\/schema\/person\/fa73e9f726d67bb88f46d5b7943cb572\"},\"headline\":\"Plus de 100 jeunes footballeurs en lice pour la premi\u00e8re Summer Cup SDDV 2025\",\"datePublished\":\"2025-07-17T06:25:35+00:00\",\"dateModified\":\"2025-07-17T06:09:59+00:00\",\"mainEntityOfPage\":{\"@id\":\"https:\/\/vosgesinfo.fr\/saintdieinfo\/2025\/07\/plus-de-100-jeunes-footballeurs-en-lice-pour-la-premiere-summer-cup-sddv-2025\/\"},\"wordCount\":348,\"commentCount\":0,\"publisher\":{\"@id\":\"https:\/\/vosgesinfo.fr\/saintdieinfo\/#organization\"},\"image\":{\"@id\":\"https:\/\/vosgesinfo.fr\/saintdieinfo\/2025\/07\/plus-de-100-jeunes-footballeurs-en-lice-pour-la-premiere-summer-cup-sddv-2025\/#primaryimage\"},\"thumbnailUrl\":\"https:\/\/vosgesinfo.fr\/app\/uploads\/sites\/4\/2025\/07\/summer-cup-sddv-2025-2.jpg\",\"keywords\":[\"Association S\u00e9lia\",\"La Rue Ensemble\",\"Parc des Sports Woehrl\u00e9\",\"Summer Cup SDDV 2025\",\"Terrain synth\u00e9tique de Saint-Di\u00e9-des-Vosges\",\"Tournoi de football\"],\"articleSection\":[\"A la Une\",\"Saint-Di\u00e9-des-Vosges\",\"Sport\"],\"inLanguage\":\"fr-FR\",\"potentialAction\":[{\"@type\":\"CommentAction\",\"name\":\"Comment\",\"target\":[\"https:\/\/vosgesinfo.fr\/saintdieinfo\/2025\/07\/plus-de-100-jeunes-footballeurs-en-lice-pour-la-premiere-summer-cup-sddv-2025\/#respond\"]}]},{\"@type\":\"WebPage\",\"@id\":\"https:\/\/vosgesinfo.fr\/saintdieinfo\/2025\/07\/plus-de-100-jeunes-footballeurs-en-lice-pour-la-premiere-summer-cup-sddv-2025\/\",\"url\":\"https:\/\/vosgesinfo.fr\/saintdieinfo\/2025\/07\/plus-de-100-jeunes-footballeurs-en-lice-pour-la-premiere-summer-cup-sddv-2025\/\",\"name\":\"Plus de 100 jeunes footballeurs en lice pour la premi\u00e8re Summer Cup SDDV 2025 - Saint Die Info\",\"isPartOf\":{\"@id\":\"https:\/\/vosgesinfo.fr\/saintdieinfo\/#website\"},\"primaryImageOfPage\":{\"@id\":\"https:\/\/vosgesinfo.fr\/saintdieinfo\/2025\/07\/plus-de-100-jeunes-footballeurs-en-lice-pour-la-premiere-summer-cup-sddv-2025\/#primaryimage\"},\"image\":{\"@id\":\"https:\/\/vosgesinfo.fr\/saintdieinfo\/2025\/07\/plus-de-100-jeunes-footballeurs-en-lice-pour-la-premiere-summer-cup-sddv-2025\/#primaryimage\"},\"thumbnailUrl\":\"https:\/\/vosgesinfo.fr\/app\/uploads\/sites\/4\/2025\/07\/summer-cup-sddv-2025-2.jpg\",\"datePublished\":\"2025-07-17T06:25:35+00:00\",\"dateModified\":\"2025-07-17T06:09:59+00:00\",\"breadcrumb\":{\"@id\":\"https:\/\/vosgesinfo.fr\/saintdieinfo\/2025\/07\/plus-de-100-jeunes-footballeurs-en-lice-pour-la-premiere-summer-cup-sddv-2025\/#breadcrumb\"},\"inLanguage\":\"fr-FR\",\"potentialAction\":[{\"@type\":\"ReadAction\",\"target\":[\"https:\/\/vosgesinfo.fr\/saintdieinfo\/2025\/07\/plus-de-100-jeunes-footballeurs-en-lice-pour-la-premiere-summer-cup-sddv-2025\/\"]}]},{\"@type\":\"ImageObject\",\"inLanguage\":\"fr-FR\",\"@id\":\"https:\/\/vosgesinfo.fr\/saintdieinfo\/2025\/07\/plus-de-100-jeunes-footballeurs-en-lice-pour-la-premiere-summer-cup-sddv-2025\/#primaryimage\",\"url\":\"https:\/\/vosgesinfo.fr\/app\/uploads\/sites\/4\/2025\/07\/summer-cup-sddv-2025-2.jpg\",\"contentUrl\":\"https:\/\/vosgesinfo.fr\/app\/uploads\/sites\/4\/2025\/07\/summer-cup-sddv-2025-2.jpg\",\"width\":1600,\"height\":1205},{\"@type\":\"BreadcrumbList\",\"@id\":\"https:\/\/vosgesinfo.fr\/saintdieinfo\/2025\/07\/plus-de-100-jeunes-footballeurs-en-lice-pour-la-premiere-summer-cup-sddv-2025\/#breadcrumb\",\"itemListElement\":[{\"@type\":\"ListItem\",\"position\":1,\"name\":\"Home\",\"item\":\"https:\/\/vosgesinfo.fr\/saintdieinfo\/\"},{\"@type\":\"ListItem\",\"position\":2,\"name\":\"Plus de 100 jeunes footballeurs en lice pour la premi\u00e8re Summer Cup SDDV 2025\"}]},{\"@type\":\"WebSite\",\"@id\":\"https:\/\/vosgesinfo.fr\/saintdieinfo\/#website\",\"url\":\"https:\/\/vosgesinfo.fr\/saintdieinfo\/\",\"name\":\"Saint Die Info\",\"description\":\"Toute l&#039;actualit\u00e9 de Saint-Di\u00e9-Des-Vosges\",\"publisher\":{\"@id\":\"https:\/\/vosgesinfo.fr\/saintdieinfo\/#organization\"},\"alternateName\":\"Toute l'actualit\u00e9 de Saint-Di\u00e9-Des-Vosges\",\"potentialAction\":[{\"@type\":\"SearchAction\",\"target\":{\"@type\":\"EntryPoint\",\"urlTemplate\":\"https:\/\/vosgesinfo.fr\/saintdieinfo\/?s={search_term_string}\"},\"query-input\":\"required name=search_term_string\"}],\"inLanguage\":\"fr-FR\"},{\"@type\":\"Organization\",\"@id\":\"https:\/\/vosgesinfo.fr\/saintdieinfo\/#organization\",\"name\":\"Saint Die Info\",\"url\":\"https:\/\/vosgesinfo.fr\/saintdieinfo\/\",\"logo\":{\"@type\":\"ImageObject\",\"inLanguage\":\"fr-FR\",\"@id\":\"https:\/\/vosgesinfo.fr\/saintdieinfo\/#\/schema\/logo\/image\/\",\"url\":\"https:\/\/vosgesinfo.fr\/app\/uploads\/sites\/4\/2024\/02\/logo-sdi.jpg\",\"contentUrl\":\"https:\/\/vosgesinfo.fr\/app\/uploads\/sites\/4\/2024\/02\/logo-sdi.jpg\",\"width\":600,\"height\":600,\"caption\":\"Saint Die Info\"},\"image\":{\"@id\":\"https:\/\/vosgesinfo.fr\/saintdieinfo\/#\/schema\/logo\/image\/\"},\"sameAs\":[\"https:\/\/www.facebook.com\/Saintdieinfofr\",\"https:\/\/x.com\/VosgesInfo88\",\"https:\/\/www.youtube.com\/@vosgesinfo\"]},{\"@type\":\"Person\",\"@id\":\"https:\/\/vosgesinfo.fr\/saintdieinfo\/#\/schema\/person\/fa73e9f726d67bb88f46d5b7943cb572\",\"name\":\"J.J.\",\"image\":{\"@type\":\"ImageObject\",\"inLanguage\":\"fr-FR\",\"@id\":\"https:\/\/vosgesinfo.fr\/saintdieinfo\/#\/schema\/person\/image\/\",\"url\":\"https:\/\/secure.gravatar.com\/avatar\/219e749e47ffbcca018a360ae4add7d4cdf1cdaaf8bc7676b27efade3fe65615?s=96&d=mm&r=g\",\"contentUrl\":\"https:\/\/secure.gravatar.com\/avatar\/219e749e47ffbcca018a360ae4add7d4cdf1cdaaf8bc7676b27efade3fe65615?s=96&d=mm&r=g\",\"caption\":\"J.J.\"},\"url\":\"https:\/\/vosgesinfo.fr\/saintdieinfo\/author\/j-j\/\"}]}<\/script>\n<!-- \/ Yoast SEO plugin. -->","yoast_head_json":{"title":"Plus de 100 jeunes footballeurs en lice pour la premi\u00e8re Summer Cup SDDV 2025 - Saint Die Info","robots":{"index":"index","follow":"follow","max-snippet":"max-snippet:-1","max-image-preview":"max-image-preview:large","max-video-preview":"max-video-preview:-1"},"canonical":"https:\/\/vosgesinfo.fr\/saintdieinfo\/2025\/07\/plus-de-100-jeunes-footballeurs-en-lice-pour-la-premiere-summer-cup-sddv-2025\/","twitter_card":"summary_large_image","twitter_title":"Plus de 100 jeunes footballeurs en lice pour la premi\u00e8re Summer Cup SDDV 2025 - Saint Die Info","twitter_description":"La Coupe du Monde des Clubs d\u00e9sormais termin\u00e9e, place \u00e0 la Summer Cup SDDV 2025\u202f! Pour sa premi\u00e8re \u00e9dition, le [&hellip;]","twitter_image":"https:\/\/vosgesinfo.fr\/app\/uploads\/sites\/4\/2025\/07\/summer-cup-sddv-2025-2.jpg","twitter_creator":"@VosgesInfo88","twitter_site":"@VosgesInfo88","twitter_misc":{"\u00c9crit par":"J.J.","Dur\u00e9e de lecture estim\u00e9e":"2 minutes"},"schema":{"@context":"https:\/\/schema.org","@graph":[{"@type":"Article","@id":"https:\/\/vosgesinfo.fr\/saintdieinfo\/2025\/07\/plus-de-100-jeunes-footballeurs-en-lice-pour-la-premiere-summer-cup-sddv-2025\/#article","isPartOf":{"@id":"https:\/\/vosgesinfo.fr\/saintdieinfo\/2025\/07\/plus-de-100-jeunes-footballeurs-en-lice-pour-la-premiere-summer-cup-sddv-2025\/"},"author":{"name":"J.J.","@id":"https:\/\/vosgesinfo.fr\/saintdieinfo\/#\/schema\/person\/fa73e9f726d67bb88f46d5b7943cb572"},"headline":"Plus de 100 jeunes footballeurs en lice pour la premi\u00e8re Summer Cup SDDV 2025","datePublished":"2025-07-17T06:25:35+00:00","dateModified":"2025-07-17T06:09:59+00:00","mainEntityOfPage":{"@id":"https:\/\/vosgesinfo.fr\/saintdieinfo\/2025\/07\/plus-de-100-jeunes-footballeurs-en-lice-pour-la-premiere-summer-cup-sddv-2025\/"},"wordCount":348,"commentCount":0,"publisher":{"@id":"https:\/\/vosgesinfo.fr\/saintdieinfo\/#organization"},"image":{"@id":"https:\/\/vosgesinfo.fr\/saintdieinfo\/2025\/07\/plus-de-100-jeunes-footballeurs-en-lice-pour-la-premiere-summer-cup-sddv-2025\/#primaryimage"},"thumbnailUrl":"https:\/\/vosgesinfo.fr\/app\/uploads\/sites\/4\/2025\/07\/summer-cup-sddv-2025-2.jpg","keywords":["Association S\u00e9lia","La Rue Ensemble","Parc des Sports Woehrl\u00e9","Summer Cup SDDV 2025","Terrain synth\u00e9tique de Saint-Di\u00e9-des-Vosges","Tournoi de football"],"articleSection":["A la Une","Saint-Di\u00e9-des-Vosges","Sport"],"inLanguage":"fr-FR","potentialAction":[{"@type":"CommentAction","name":"Comment","target":["https:\/\/vosgesinfo.fr\/saintdieinfo\/2025\/07\/plus-de-100-jeunes-footballeurs-en-lice-pour-la-premiere-summer-cup-sddv-2025\/#respond"]}]},{"@type":"WebPage","@id":"https:\/\/vosgesinfo.fr\/saintdieinfo\/2025\/07\/plus-de-100-jeunes-footballeurs-en-lice-pour-la-premiere-summer-cup-sddv-2025\/","url":"https:\/\/vosgesinfo.fr\/saintdieinfo\/2025\/07\/plus-de-100-jeunes-footballeurs-en-lice-pour-la-premiere-summer-cup-sddv-2025\/","name":"Plus de 100 jeunes footballeurs en lice pour la premi\u00e8re Summer Cup SDDV 2025 - Saint Die Info","isPartOf":{"@id":"https:\/\/vosgesinfo.fr\/saintdieinfo\/#website"},"primaryImageOfPage":{"@id":"https:\/\/vosgesinfo.fr\/saintdieinfo\/2025\/07\/plus-de-100-jeunes-footballeurs-en-lice-pour-la-premiere-summer-cup-sddv-2025\/#primaryimage"},"image":{"@id":"https:\/\/vosgesinfo.fr\/saintdieinfo\/2025\/07\/plus-de-100-jeunes-footballeurs-en-lice-pour-la-premiere-summer-cup-sddv-2025\/#primaryimage"},"thumbnailUrl":"https:\/\/vosgesinfo.fr\/app\/uploads\/sites\/4\/2025\/07\/summer-cup-sddv-2025-2.jpg","datePublished":"2025-07-17T06:25:35+00:00","dateModified":"2025-07-17T06:09:59+00:00","breadcrumb":{"@id":"https:\/\/vosgesinfo.fr\/saintdieinfo\/2025\/07\/plus-de-100-jeunes-footballeurs-en-lice-pour-la-premiere-summer-cup-sddv-2025\/#breadcrumb"},"inLanguage":"fr-FR","potentialAction":[{"@type":"ReadAction","target":["https:\/\/vosgesinfo.fr\/saintdieinfo\/2025\/07\/plus-de-100-jeunes-footballeurs-en-lice-pour-la-premiere-summer-cup-sddv-2025\/"]}]},{"@type":"ImageObject","inLanguage":"fr-FR","@id":"https:\/\/vosgesinfo.fr\/saintdieinfo\/2025\/07\/plus-de-100-jeunes-footballeurs-en-lice-pour-la-premiere-summer-cup-sddv-2025\/#primaryimage","url":"https:\/\/vosgesinfo.fr\/app\/uploads\/sites\/4\/2025\/07\/summer-cup-sddv-2025-2.jpg","contentUrl":"https:\/\/vosgesinfo.fr\/app\/uploads\/sites\/4\/2025\/07\/summer-cup-sddv-2025-2.jpg","width":1600,"height":1205},{"@type":"BreadcrumbList","@id":"https:\/\/vosgesinfo.fr\/saintdieinfo\/2025\/07\/plus-de-100-jeunes-footballeurs-en-lice-pour-la-premiere-summer-cup-sddv-2025\/#breadcrumb","itemListElement":[{"@type":"ListItem","position":1,"name":"Home","item":"https:\/\/vosgesinfo.fr\/saintdieinfo\/"},{"@type":"ListItem","position":2,"name":"Plus de 100 jeunes footballeurs en lice pour la premi\u00e8re Summer Cup SDDV 2025"}]},{"@type":"WebSite","@id":"https:\/\/vosgesinfo.fr\/saintdieinfo\/#website","url":"https:\/\/vosgesinfo.fr\/saintdieinfo\/","name":"Saint Die Info","description":"Toute l&#039;actualit\u00e9 de Saint-Di\u00e9-Des-Vosges","publisher":{"@id":"https:\/\/vosgesinfo.fr\/saintdieinfo\/#organization"},"alternateName":"Toute l'actualit\u00e9 de Saint-Di\u00e9-Des-Vosges","potentialAction":[{"@type":"SearchAction","target":{"@type":"EntryPoint","urlTemplate":"https:\/\/vosgesinfo.fr\/saintdieinfo\/?s={search_term_string}"},"query-input":"required name=search_term_string"}],"inLanguage":"fr-FR"},{"@type":"Organization","@id":"https:\/\/vosgesinfo.fr\/saintdieinfo\/#organization","name":"Saint Die Info","url":"https:\/\/vosgesinfo.fr\/saintdieinfo\/","logo":{"@type":"ImageObject","inLanguage":"fr-FR","@id":"https:\/\/vosgesinfo.fr\/saintdieinfo\/#\/schema\/logo\/image\/","url":"https:\/\/vosgesinfo.fr\/app\/uploads\/sites\/4\/2024\/02\/logo-sdi.jpg","contentUrl":"https:\/\/vosgesinfo.fr\/app\/uploads\/sites\/4\/2024\/02\/logo-sdi.jpg","width":600,"height":600,"caption":"Saint Die Info"},"image":{"@id":"https:\/\/vosgesinfo.fr\/saintdieinfo\/#\/schema\/logo\/image\/"},"sameAs":["https:\/\/www.facebook.com\/Saintdieinfofr","https:\/\/x.com\/VosgesInfo88","https:\/\/www.youtube.com\/@vosgesinfo"]},{"@type":"Person","@id":"https:\/\/vosgesinfo.fr\/saintdieinfo\/#\/schema\/person\/fa73e9f726d67bb88f46d5b7943cb572","name":"J.J.","image":{"@type":"ImageObject","inLanguage":"fr-FR","@id":"https:\/\/vosgesinfo.fr\/saintdieinfo\/#\/schema\/person\/image\/","url":"https:\/\/secure.gravatar.com\/avatar\/219e749e47ffbcca018a360ae4add7d4cdf1cdaaf8bc7676b27efade3fe65615?s=96&d=mm&r=g","contentUrl":"https:\/\/secure.gravatar.com\/avatar\/219e749e47ffbcca018a360ae4add7d4cdf1cdaaf8bc7676b27efade3fe65615?s=96&d=mm&r=g","caption":"J.J."},"url":"https:\/\/vosgesinfo.fr\/saintdieinfo\/author\/j-j\/"}]}},"_links":{"self":[{"href":"https:\/\/vosgesinfo.fr\/saintdieinfo\/wp-json\/wp\/v2\/posts\/80307","targetHints":{"allow":["GET"]}}],"collection":[{"href":"https:\/\/vosgesinfo.fr\/saintdieinfo\/wp-json\/wp\/v2\/posts"}],"about":[{"href":"https:\/\/vosgesinfo.fr\/saintdieinfo\/wp-json\/wp\/v2\/types\/post"}],"author":[{"embeddable":true,"href":"https:\/\/vosgesinfo.fr\/saintdieinfo\/wp-json\/wp\/v2\/users\/46"}],"replies":[{"embeddable":true,"href":"https:\/\/vosgesinfo.fr\/saintdieinfo\/wp-json\/wp\/v2\/comments?post=80307"}],"version-history":[{"count":2,"href":"https:\/\/vosgesinfo.fr\/saintdieinfo\/wp-json\/wp\/v2\/posts\/80307\/revisions"}],"predecessor-version":[{"id":80312,"href":"https:\/\/vosgesinfo.fr\/saintdieinfo\/wp-json\/wp\/v2\/posts\/80307\/revisions\/80312"}],"wp:featuredmedia":[{"embeddable":true,"href":"https:\/\/vosgesinfo.fr\/saintdieinfo\/wp-json\/wp\/v2\/media\/80282"}],"wp:attachment":[{"href":"https:\/\/vosgesinfo.fr\/saintdieinfo\/wp-json\/wp\/v2\/media?parent=80307"}],"wp:term":[{"taxonomy":"category","embeddable":true,"href":"https:\/\/vosgesinfo.fr\/saintdieinfo\/wp-json\/wp\/v2\/categories?post=80307"},{"taxonomy":"post_tag","embeddable":true,"href":"https:\/\/vosgesinfo.fr\/saintdieinfo\/wp-json\/wp\/v2\/tags?post=80307"}],"curies":[{"name":"wp","href":"https:\/\/api.w.org\/{rel}","templated":true}]}}