{"id":80442,"date":"2025-07-21T11:00:36","date_gmt":"2025-07-21T09:00:36","guid":{"rendered":"https:\/\/vosgesinfo.fr\/saintdieinfo\/?p=80442"},"modified":"2025-07-21T10:43:36","modified_gmt":"2025-07-21T08:43:36","slug":"remomeix-un-cortege-de-caravanes-sinstalle-illegalement-pres-de-laire-de-jeux","status":"publish","type":"post","link":"https:\/\/vosgesinfo.fr\/saintdieinfo\/2025\/07\/remomeix-un-cortege-de-caravanes-sinstalle-illegalement-pres-de-laire-de-jeux\/","title":{"rendered":"Remomeix \u2013 Un cort\u00e8ge de caravanes s&rsquo;installe ill\u00e9galement pr\u00e8s de l&rsquo;aire de jeux"},"content":{"rendered":"<h4><a href=\"https:\/\/vosgesinfo.fr\/app\/uploads\/sites\/4\/2025\/07\/remomeix-installation-gens-du-voyage.jpg\"><img decoding=\"async\" class=\"alignnone size-large wp-image-80443\" src=\"https:\/\/vosgesinfo.fr\/app\/uploads\/sites\/4\/2025\/07\/remomeix-installation-gens-du-voyage-1024x789.jpg\" alt=\"\" width=\"1024\" height=\"789\" srcset=\"https:\/\/vosgesinfo.fr\/app\/uploads\/sites\/4\/2025\/07\/remomeix-installation-gens-du-voyage-1024x789.jpg 1024w, https:\/\/vosgesinfo.fr\/app\/uploads\/sites\/4\/2025\/07\/remomeix-installation-gens-du-voyage-300x231.jpg 300w, https:\/\/vosgesinfo.fr\/app\/uploads\/sites\/4\/2025\/07\/remomeix-installation-gens-du-voyage-768x592.jpg 768w, https:\/\/vosgesinfo.fr\/app\/uploads\/sites\/4\/2025\/07\/remomeix-installation-gens-du-voyage-1536x1184.jpg 1536w, https:\/\/vosgesinfo.fr\/app\/uploads\/sites\/4\/2025\/07\/remomeix-installation-gens-du-voyage.jpg 1600w\" sizes=\"(max-width: 1024px) 100vw, 1024px\" \/><\/a><\/h4>\n<h2><strong>Hier dimanche en milieu d&rsquo;apr\u00e8s-midi<\/strong>, un <strong>important cort\u00e8ge de la communaut\u00e9 des gens du voyage<\/strong> s&rsquo;est install\u00e9 \u00e0 <strong>Remomeix<\/strong>, <strong>route de Saales<\/strong>, du c\u00f4t\u00e9 de <strong>l&rsquo;aire de jeux<\/strong> et en face de <strong>l&rsquo;a\u00e9rodrome Ren\u00e9-Fonck<\/strong>.<\/h2>\n<p><!--more--><\/p>\n<p>De <strong>nombreuses voitures et caravanes, de l&rsquo;ordre de 200, <\/strong>sont actuellement <strong>install\u00e9es ill\u00e9galement<\/strong> sur des <strong>terrains appartenant \u00e0 plusieurs propri\u00e9taires<\/strong>. Le <strong>maire de Remomeix<\/strong>, <strong>David Laxenaire<\/strong>, a pr\u00e9venu les <strong>services d&rsquo;astreinte de la Pr\u00e9fecture<\/strong>.<\/p>\n<p>Une <strong>convention doit \u00eatre sign\u00e9e ce lundi<\/strong>, dans le courant de la journ\u00e9e, entre la <strong>Commune<\/strong> et la <strong>communaut\u00e9 des gens du voyage<\/strong>, pour que cette derni\u00e8re <strong>s&rsquo;engage \u00e0 r\u00e9gler la facture des frais<\/strong> et \u00e0 <strong>nettoyer les terrains concern\u00e9s<\/strong>. La <strong>date du d\u00e9part du cort\u00e8ge<\/strong> n&rsquo;\u00e9tant pas connue \u00e0 ce jour.<\/p>\n","protected":false},"excerpt":{"rendered":"<p>Hier dimanche en milieu d&rsquo;apr\u00e8s-midi, un important cort\u00e8ge de la communaut\u00e9 des gens du voyage s&rsquo;est install\u00e9 \u00e0 Remomeix, route [&hellip;]<\/p>\n","protected":false},"author":46,"featured_media":80443,"comment_status":"open","ping_status":"open","sticky":false,"template":"","format":"standard","meta":{"footnotes":""},"categories":[460,3903,2924,18],"tags":[17809,17811,17810,3262,17812],"class_list":["post-80442","post","type-post","status-publish","format-standard","has-post-thumbnail","hentry","category-a-la-une","category-deodatie","category-fait-divers","category-vosges","tag-communaute-des-gens-du-voyage","tag-david-laxenaire","tag-mairie-de-remomeix","tag-remomeix","tag-un-cortege-de-caravanes-sinstalle-illegalement-pres-de-laire-de-jeux"],"acf":[],"yoast_head":"<!-- This site is optimized with the Yoast SEO plugin v22.5 - https:\/\/yoast.com\/wordpress\/plugins\/seo\/ -->\n<title>Remomeix \u2013 Un cort\u00e8ge de caravanes s&#039;installe ill\u00e9galement pr\u00e8s de l&#039;aire de jeux - Saint Die Info<\/title>\n<meta name=\"robots\" content=\"index, follow, max-snippet:-1, max-image-preview:large, max-video-preview:-1\" \/>\n<link rel=\"canonical\" href=\"https:\/\/vosgesinfo.fr\/saintdieinfo\/2025\/07\/remomeix-un-cortege-de-caravanes-sinstalle-illegalement-pres-de-laire-de-jeux\/\" \/>\n<meta name=\"twitter:card\" content=\"summary_large_image\" \/>\n<meta name=\"twitter:title\" content=\"Remomeix \u2013 Un cort\u00e8ge de caravanes s&#039;installe ill\u00e9galement pr\u00e8s de l&#039;aire de jeux - Saint Die Info\" \/>\n<meta name=\"twitter:description\" content=\"Hier dimanche en milieu d&rsquo;apr\u00e8s-midi, un important cort\u00e8ge de la communaut\u00e9 des gens du voyage s&rsquo;est install\u00e9 \u00e0 Remomeix, route [&hellip;]\" \/>\n<meta name=\"twitter:image\" content=\"https:\/\/vosgesinfo.fr\/app\/uploads\/sites\/4\/2025\/07\/remomeix-installation-gens-du-voyage.jpg\" \/>\n<meta name=\"twitter:creator\" content=\"@VosgesInfo88\" \/>\n<meta name=\"twitter:site\" content=\"@VosgesInfo88\" \/>\n<meta name=\"twitter:label1\" content=\"\u00c9crit par\" \/>\n\t<meta name=\"twitter:data1\" content=\"J.J.\" \/>\n\t<meta name=\"twitter:label2\" content=\"Dur\u00e9e de lecture estim\u00e9e\" \/>\n\t<meta name=\"twitter:data2\" content=\"2 minutes\" \/>\n<script type=\"application\/ld+json\" class=\"yoast-schema-graph\">{\"@context\":\"https:\/\/schema.org\",\"@graph\":[{\"@type\":\"Article\",\"@id\":\"https:\/\/vosgesinfo.fr\/saintdieinfo\/2025\/07\/remomeix-un-cortege-de-caravanes-sinstalle-illegalement-pres-de-laire-de-jeux\/#article\",\"isPartOf\":{\"@id\":\"https:\/\/vosgesinfo.fr\/saintdieinfo\/2025\/07\/remomeix-un-cortege-de-caravanes-sinstalle-illegalement-pres-de-laire-de-jeux\/\"},\"author\":{\"name\":\"J.J.\",\"@id\":\"https:\/\/vosgesinfo.fr\/saintdieinfo\/#\/schema\/person\/fa73e9f726d67bb88f46d5b7943cb572\"},\"headline\":\"Remomeix \u2013 Un cort\u00e8ge de caravanes s&rsquo;installe ill\u00e9galement pr\u00e8s de l&rsquo;aire de jeux\",\"datePublished\":\"2025-07-21T09:00:36+00:00\",\"dateModified\":\"2025-07-21T08:43:36+00:00\",\"mainEntityOfPage\":{\"@id\":\"https:\/\/vosgesinfo.fr\/saintdieinfo\/2025\/07\/remomeix-un-cortege-de-caravanes-sinstalle-illegalement-pres-de-laire-de-jeux\/\"},\"wordCount\":156,\"commentCount\":2,\"publisher\":{\"@id\":\"https:\/\/vosgesinfo.fr\/saintdieinfo\/#organization\"},\"image\":{\"@id\":\"https:\/\/vosgesinfo.fr\/saintdieinfo\/2025\/07\/remomeix-un-cortege-de-caravanes-sinstalle-illegalement-pres-de-laire-de-jeux\/#primaryimage\"},\"thumbnailUrl\":\"https:\/\/vosgesinfo.fr\/app\/uploads\/sites\/4\/2025\/07\/remomeix-installation-gens-du-voyage.jpg\",\"keywords\":[\"Communaut\u00e9 des gens du voyage\",\"David Laxenaire\",\"Mairie de Remomeix\",\"Remomeix\",\"Un cort\u00e8ge de caravanes s'installe ill\u00e9galement pr\u00e8s de l'aire de jeux\"],\"articleSection\":[\"A la Une\",\"D\u00e9odatie\",\"Fait Divers\",\"Vosges\"],\"inLanguage\":\"fr-FR\",\"potentialAction\":[{\"@type\":\"CommentAction\",\"name\":\"Comment\",\"target\":[\"https:\/\/vosgesinfo.fr\/saintdieinfo\/2025\/07\/remomeix-un-cortege-de-caravanes-sinstalle-illegalement-pres-de-laire-de-jeux\/#respond\"]}]},{\"@type\":\"WebPage\",\"@id\":\"https:\/\/vosgesinfo.fr\/saintdieinfo\/2025\/07\/remomeix-un-cortege-de-caravanes-sinstalle-illegalement-pres-de-laire-de-jeux\/\",\"url\":\"https:\/\/vosgesinfo.fr\/saintdieinfo\/2025\/07\/remomeix-un-cortege-de-caravanes-sinstalle-illegalement-pres-de-laire-de-jeux\/\",\"name\":\"Remomeix \u2013 Un cort\u00e8ge de caravanes s'installe ill\u00e9galement pr\u00e8s de l'aire de jeux - Saint Die Info\",\"isPartOf\":{\"@id\":\"https:\/\/vosgesinfo.fr\/saintdieinfo\/#website\"},\"primaryImageOfPage\":{\"@id\":\"https:\/\/vosgesinfo.fr\/saintdieinfo\/2025\/07\/remomeix-un-cortege-de-caravanes-sinstalle-illegalement-pres-de-laire-de-jeux\/#primaryimage\"},\"image\":{\"@id\":\"https:\/\/vosgesinfo.fr\/saintdieinfo\/2025\/07\/remomeix-un-cortege-de-caravanes-sinstalle-illegalement-pres-de-laire-de-jeux\/#primaryimage\"},\"thumbnailUrl\":\"https:\/\/vosgesinfo.fr\/app\/uploads\/sites\/4\/2025\/07\/remomeix-installation-gens-du-voyage.jpg\",\"datePublished\":\"2025-07-21T09:00:36+00:00\",\"dateModified\":\"2025-07-21T08:43:36+00:00\",\"breadcrumb\":{\"@id\":\"https:\/\/vosgesinfo.fr\/saintdieinfo\/2025\/07\/remomeix-un-cortege-de-caravanes-sinstalle-illegalement-pres-de-laire-de-jeux\/#breadcrumb\"},\"inLanguage\":\"fr-FR\",\"potentialAction\":[{\"@type\":\"ReadAction\",\"target\":[\"https:\/\/vosgesinfo.fr\/saintdieinfo\/2025\/07\/remomeix-un-cortege-de-caravanes-sinstalle-illegalement-pres-de-laire-de-jeux\/\"]}]},{\"@type\":\"ImageObject\",\"inLanguage\":\"fr-FR\",\"@id\":\"https:\/\/vosgesinfo.fr\/saintdieinfo\/2025\/07\/remomeix-un-cortege-de-caravanes-sinstalle-illegalement-pres-de-laire-de-jeux\/#primaryimage\",\"url\":\"https:\/\/vosgesinfo.fr\/app\/uploads\/sites\/4\/2025\/07\/remomeix-installation-gens-du-voyage.jpg\",\"contentUrl\":\"https:\/\/vosgesinfo.fr\/app\/uploads\/sites\/4\/2025\/07\/remomeix-installation-gens-du-voyage.jpg\",\"width\":1600,\"height\":1233},{\"@type\":\"BreadcrumbList\",\"@id\":\"https:\/\/vosgesinfo.fr\/saintdieinfo\/2025\/07\/remomeix-un-cortege-de-caravanes-sinstalle-illegalement-pres-de-laire-de-jeux\/#breadcrumb\",\"itemListElement\":[{\"@type\":\"ListItem\",\"position\":1,\"name\":\"Home\",\"item\":\"https:\/\/vosgesinfo.fr\/saintdieinfo\/\"},{\"@type\":\"ListItem\",\"position\":2,\"name\":\"Remomeix \u2013 Un cort\u00e8ge de caravanes s&rsquo;installe ill\u00e9galement pr\u00e8s de l&rsquo;aire de jeux\"}]},{\"@type\":\"WebSite\",\"@id\":\"https:\/\/vosgesinfo.fr\/saintdieinfo\/#website\",\"url\":\"https:\/\/vosgesinfo.fr\/saintdieinfo\/\",\"name\":\"Saint Die Info\",\"description\":\"Toute l&#039;actualit\u00e9 de Saint-Di\u00e9-Des-Vosges\",\"publisher\":{\"@id\":\"https:\/\/vosgesinfo.fr\/saintdieinfo\/#organization\"},\"alternateName\":\"Toute l'actualit\u00e9 de Saint-Di\u00e9-Des-Vosges\",\"potentialAction\":[{\"@type\":\"SearchAction\",\"target\":{\"@type\":\"EntryPoint\",\"urlTemplate\":\"https:\/\/vosgesinfo.fr\/saintdieinfo\/?s={search_term_string}\"},\"query-input\":\"required name=search_term_string\"}],\"inLanguage\":\"fr-FR\"},{\"@type\":\"Organization\",\"@id\":\"https:\/\/vosgesinfo.fr\/saintdieinfo\/#organization\",\"name\":\"Saint Die Info\",\"url\":\"https:\/\/vosgesinfo.fr\/saintdieinfo\/\",\"logo\":{\"@type\":\"ImageObject\",\"inLanguage\":\"fr-FR\",\"@id\":\"https:\/\/vosgesinfo.fr\/saintdieinfo\/#\/schema\/logo\/image\/\",\"url\":\"https:\/\/vosgesinfo.fr\/app\/uploads\/sites\/4\/2024\/02\/logo-sdi.jpg\",\"contentUrl\":\"https:\/\/vosgesinfo.fr\/app\/uploads\/sites\/4\/2024\/02\/logo-sdi.jpg\",\"width\":600,\"height\":600,\"caption\":\"Saint Die Info\"},\"image\":{\"@id\":\"https:\/\/vosgesinfo.fr\/saintdieinfo\/#\/schema\/logo\/image\/\"},\"sameAs\":[\"https:\/\/www.facebook.com\/Saintdieinfofr\",\"https:\/\/x.com\/VosgesInfo88\",\"https:\/\/www.youtube.com\/@vosgesinfo\"]},{\"@type\":\"Person\",\"@id\":\"https:\/\/vosgesinfo.fr\/saintdieinfo\/#\/schema\/person\/fa73e9f726d67bb88f46d5b7943cb572\",\"name\":\"J.J.\",\"image\":{\"@type\":\"ImageObject\",\"inLanguage\":\"fr-FR\",\"@id\":\"https:\/\/vosgesinfo.fr\/saintdieinfo\/#\/schema\/person\/image\/\",\"url\":\"https:\/\/secure.gravatar.com\/avatar\/219e749e47ffbcca018a360ae4add7d4cdf1cdaaf8bc7676b27efade3fe65615?s=96&d=mm&r=g\",\"contentUrl\":\"https:\/\/secure.gravatar.com\/avatar\/219e749e47ffbcca018a360ae4add7d4cdf1cdaaf8bc7676b27efade3fe65615?s=96&d=mm&r=g\",\"caption\":\"J.J.\"},\"url\":\"https:\/\/vosgesinfo.fr\/saintdieinfo\/author\/j-j\/\"}]}<\/script>\n<!-- \/ Yoast SEO plugin. -->","yoast_head_json":{"title":"Remomeix \u2013 Un cort\u00e8ge de caravanes s'installe ill\u00e9galement pr\u00e8s de l'aire de jeux - Saint Die Info","robots":{"index":"index","follow":"follow","max-snippet":"max-snippet:-1","max-image-preview":"max-image-preview:large","max-video-preview":"max-video-preview:-1"},"canonical":"https:\/\/vosgesinfo.fr\/saintdieinfo\/2025\/07\/remomeix-un-cortege-de-caravanes-sinstalle-illegalement-pres-de-laire-de-jeux\/","twitter_card":"summary_large_image","twitter_title":"Remomeix \u2013 Un cort\u00e8ge de caravanes s'installe ill\u00e9galement pr\u00e8s de l'aire de jeux - Saint Die Info","twitter_description":"Hier dimanche en milieu d&rsquo;apr\u00e8s-midi, un important cort\u00e8ge de la communaut\u00e9 des gens du voyage s&rsquo;est install\u00e9 \u00e0 Remomeix, route [&hellip;]","twitter_image":"https:\/\/vosgesinfo.fr\/app\/uploads\/sites\/4\/2025\/07\/remomeix-installation-gens-du-voyage.jpg","twitter_creator":"@VosgesInfo88","twitter_site":"@VosgesInfo88","twitter_misc":{"\u00c9crit par":"J.J.","Dur\u00e9e de lecture estim\u00e9e":"2 minutes"},"schema":{"@context":"https:\/\/schema.org","@graph":[{"@type":"Article","@id":"https:\/\/vosgesinfo.fr\/saintdieinfo\/2025\/07\/remomeix-un-cortege-de-caravanes-sinstalle-illegalement-pres-de-laire-de-jeux\/#article","isPartOf":{"@id":"https:\/\/vosgesinfo.fr\/saintdieinfo\/2025\/07\/remomeix-un-cortege-de-caravanes-sinstalle-illegalement-pres-de-laire-de-jeux\/"},"author":{"name":"J.J.","@id":"https:\/\/vosgesinfo.fr\/saintdieinfo\/#\/schema\/person\/fa73e9f726d67bb88f46d5b7943cb572"},"headline":"Remomeix \u2013 Un cort\u00e8ge de caravanes s&rsquo;installe ill\u00e9galement pr\u00e8s de l&rsquo;aire de jeux","datePublished":"2025-07-21T09:00:36+00:00","dateModified":"2025-07-21T08:43:36+00:00","mainEntityOfPage":{"@id":"https:\/\/vosgesinfo.fr\/saintdieinfo\/2025\/07\/remomeix-un-cortege-de-caravanes-sinstalle-illegalement-pres-de-laire-de-jeux\/"},"wordCount":156,"commentCount":2,"publisher":{"@id":"https:\/\/vosgesinfo.fr\/saintdieinfo\/#organization"},"image":{"@id":"https:\/\/vosgesinfo.fr\/saintdieinfo\/2025\/07\/remomeix-un-cortege-de-caravanes-sinstalle-illegalement-pres-de-laire-de-jeux\/#primaryimage"},"thumbnailUrl":"https:\/\/vosgesinfo.fr\/app\/uploads\/sites\/4\/2025\/07\/remomeix-installation-gens-du-voyage.jpg","keywords":["Communaut\u00e9 des gens du voyage","David Laxenaire","Mairie de Remomeix","Remomeix","Un cort\u00e8ge de caravanes s'installe ill\u00e9galement pr\u00e8s de l'aire de jeux"],"articleSection":["A la Une","D\u00e9odatie","Fait Divers","Vosges"],"inLanguage":"fr-FR","potentialAction":[{"@type":"CommentAction","name":"Comment","target":["https:\/\/vosgesinfo.fr\/saintdieinfo\/2025\/07\/remomeix-un-cortege-de-caravanes-sinstalle-illegalement-pres-de-laire-de-jeux\/#respond"]}]},{"@type":"WebPage","@id":"https:\/\/vosgesinfo.fr\/saintdieinfo\/2025\/07\/remomeix-un-cortege-de-caravanes-sinstalle-illegalement-pres-de-laire-de-jeux\/","url":"https:\/\/vosgesinfo.fr\/saintdieinfo\/2025\/07\/remomeix-un-cortege-de-caravanes-sinstalle-illegalement-pres-de-laire-de-jeux\/","name":"Remomeix \u2013 Un cort\u00e8ge de caravanes s'installe ill\u00e9galement pr\u00e8s de l'aire de jeux - Saint Die Info","isPartOf":{"@id":"https:\/\/vosgesinfo.fr\/saintdieinfo\/#website"},"primaryImageOfPage":{"@id":"https:\/\/vosgesinfo.fr\/saintdieinfo\/2025\/07\/remomeix-un-cortege-de-caravanes-sinstalle-illegalement-pres-de-laire-de-jeux\/#primaryimage"},"image":{"@id":"https:\/\/vosgesinfo.fr\/saintdieinfo\/2025\/07\/remomeix-un-cortege-de-caravanes-sinstalle-illegalement-pres-de-laire-de-jeux\/#primaryimage"},"thumbnailUrl":"https:\/\/vosgesinfo.fr\/app\/uploads\/sites\/4\/2025\/07\/remomeix-installation-gens-du-voyage.jpg","datePublished":"2025-07-21T09:00:36+00:00","dateModified":"2025-07-21T08:43:36+00:00","breadcrumb":{"@id":"https:\/\/vosgesinfo.fr\/saintdieinfo\/2025\/07\/remomeix-un-cortege-de-caravanes-sinstalle-illegalement-pres-de-laire-de-jeux\/#breadcrumb"},"inLanguage":"fr-FR","potentialAction":[{"@type":"ReadAction","target":["https:\/\/vosgesinfo.fr\/saintdieinfo\/2025\/07\/remomeix-un-cortege-de-caravanes-sinstalle-illegalement-pres-de-laire-de-jeux\/"]}]},{"@type":"ImageObject","inLanguage":"fr-FR","@id":"https:\/\/vosgesinfo.fr\/saintdieinfo\/2025\/07\/remomeix-un-cortege-de-caravanes-sinstalle-illegalement-pres-de-laire-de-jeux\/#primaryimage","url":"https:\/\/vosgesinfo.fr\/app\/uploads\/sites\/4\/2025\/07\/remomeix-installation-gens-du-voyage.jpg","contentUrl":"https:\/\/vosgesinfo.fr\/app\/uploads\/sites\/4\/2025\/07\/remomeix-installation-gens-du-voyage.jpg","width":1600,"height":1233},{"@type":"BreadcrumbList","@id":"https:\/\/vosgesinfo.fr\/saintdieinfo\/2025\/07\/remomeix-un-cortege-de-caravanes-sinstalle-illegalement-pres-de-laire-de-jeux\/#breadcrumb","itemListElement":[{"@type":"ListItem","position":1,"name":"Home","item":"https:\/\/vosgesinfo.fr\/saintdieinfo\/"},{"@type":"ListItem","position":2,"name":"Remomeix \u2013 Un cort\u00e8ge de caravanes s&rsquo;installe ill\u00e9galement pr\u00e8s de l&rsquo;aire de jeux"}]},{"@type":"WebSite","@id":"https:\/\/vosgesinfo.fr\/saintdieinfo\/#website","url":"https:\/\/vosgesinfo.fr\/saintdieinfo\/","name":"Saint Die Info","description":"Toute l&#039;actualit\u00e9 de Saint-Di\u00e9-Des-Vosges","publisher":{"@id":"https:\/\/vosgesinfo.fr\/saintdieinfo\/#organization"},"alternateName":"Toute l'actualit\u00e9 de Saint-Di\u00e9-Des-Vosges","potentialAction":[{"@type":"SearchAction","target":{"@type":"EntryPoint","urlTemplate":"https:\/\/vosgesinfo.fr\/saintdieinfo\/?s={search_term_string}"},"query-input":"required name=search_term_string"}],"inLanguage":"fr-FR"},{"@type":"Organization","@id":"https:\/\/vosgesinfo.fr\/saintdieinfo\/#organization","name":"Saint Die Info","url":"https:\/\/vosgesinfo.fr\/saintdieinfo\/","logo":{"@type":"ImageObject","inLanguage":"fr-FR","@id":"https:\/\/vosgesinfo.fr\/saintdieinfo\/#\/schema\/logo\/image\/","url":"https:\/\/vosgesinfo.fr\/app\/uploads\/sites\/4\/2024\/02\/logo-sdi.jpg","contentUrl":"https:\/\/vosgesinfo.fr\/app\/uploads\/sites\/4\/2024\/02\/logo-sdi.jpg","width":600,"height":600,"caption":"Saint Die Info"},"image":{"@id":"https:\/\/vosgesinfo.fr\/saintdieinfo\/#\/schema\/logo\/image\/"},"sameAs":["https:\/\/www.facebook.com\/Saintdieinfofr","https:\/\/x.com\/VosgesInfo88","https:\/\/www.youtube.com\/@vosgesinfo"]},{"@type":"Person","@id":"https:\/\/vosgesinfo.fr\/saintdieinfo\/#\/schema\/person\/fa73e9f726d67bb88f46d5b7943cb572","name":"J.J.","image":{"@type":"ImageObject","inLanguage":"fr-FR","@id":"https:\/\/vosgesinfo.fr\/saintdieinfo\/#\/schema\/person\/image\/","url":"https:\/\/secure.gravatar.com\/avatar\/219e749e47ffbcca018a360ae4add7d4cdf1cdaaf8bc7676b27efade3fe65615?s=96&d=mm&r=g","contentUrl":"https:\/\/secure.gravatar.com\/avatar\/219e749e47ffbcca018a360ae4add7d4cdf1cdaaf8bc7676b27efade3fe65615?s=96&d=mm&r=g","caption":"J.J."},"url":"https:\/\/vosgesinfo.fr\/saintdieinfo\/author\/j-j\/"}]}},"_links":{"self":[{"href":"https:\/\/vosgesinfo.fr\/saintdieinfo\/wp-json\/wp\/v2\/posts\/80442","targetHints":{"allow":["GET"]}}],"collection":[{"href":"https:\/\/vosgesinfo.fr\/saintdieinfo\/wp-json\/wp\/v2\/posts"}],"about":[{"href":"https:\/\/vosgesinfo.fr\/saintdieinfo\/wp-json\/wp\/v2\/types\/post"}],"author":[{"embeddable":true,"href":"https:\/\/vosgesinfo.fr\/saintdieinfo\/wp-json\/wp\/v2\/users\/46"}],"replies":[{"embeddable":true,"href":"https:\/\/vosgesinfo.fr\/saintdieinfo\/wp-json\/wp\/v2\/comments?post=80442"}],"version-history":[{"count":1,"href":"https:\/\/vosgesinfo.fr\/saintdieinfo\/wp-json\/wp\/v2\/posts\/80442\/revisions"}],"predecessor-version":[{"id":80444,"href":"https:\/\/vosgesinfo.fr\/saintdieinfo\/wp-json\/wp\/v2\/posts\/80442\/revisions\/80444"}],"wp:featuredmedia":[{"embeddable":true,"href":"https:\/\/vosgesinfo.fr\/saintdieinfo\/wp-json\/wp\/v2\/media\/80443"}],"wp:attachment":[{"href":"https:\/\/vosgesinfo.fr\/saintdieinfo\/wp-json\/wp\/v2\/media?parent=80442"}],"wp:term":[{"taxonomy":"category","embeddable":true,"href":"https:\/\/vosgesinfo.fr\/saintdieinfo\/wp-json\/wp\/v2\/categories?post=80442"},{"taxonomy":"post_tag","embeddable":true,"href":"https:\/\/vosgesinfo.fr\/saintdieinfo\/wp-json\/wp\/v2\/tags?post=80442"}],"curies":[{"name":"wp","href":"https:\/\/api.w.org\/{rel}","templated":true}]}}