{"id":80455,"date":"2025-07-21T15:00:15","date_gmt":"2025-07-21T13:00:15","guid":{"rendered":"https:\/\/vosgesinfo.fr\/saintdieinfo\/?p=80455"},"modified":"2025-07-21T14:38:11","modified_gmt":"2025-07-21T12:38:11","slug":"vittel-mathias-malzieu-du-groupe-dionysos-en-concert-a-lespace-alhambra","status":"publish","type":"post","link":"https:\/\/vosgesinfo.fr\/saintdieinfo\/2025\/07\/vittel-mathias-malzieu-du-groupe-dionysos-en-concert-a-lespace-alhambra\/","title":{"rendered":"Vittel \u2013 Mathias Malzieu, du groupe Dionysos, en concert \u00e0 l&rsquo;Espace Alhambra"},"content":{"rendered":"<div id=\"attachment_80458\" style=\"width: 830px\" class=\"wp-caption alignnone\"><a href=\"https:\/\/vosgesinfo.fr\/app\/uploads\/sites\/4\/2025\/07\/mathias-malzieu-credit-sebastien-salamand.jpg.png\"><img decoding=\"async\" aria-describedby=\"caption-attachment-80458\" class=\"size-large wp-image-80458\" src=\"https:\/\/vosgesinfo.fr\/app\/uploads\/sites\/4\/2025\/07\/mathias-malzieu-credit-sebastien-salamand.jpg-820x1024.png\" alt=\"\" width=\"820\" height=\"1024\" srcset=\"https:\/\/vosgesinfo.fr\/app\/uploads\/sites\/4\/2025\/07\/mathias-malzieu-credit-sebastien-salamand.jpg-820x1024.png 820w, https:\/\/vosgesinfo.fr\/app\/uploads\/sites\/4\/2025\/07\/mathias-malzieu-credit-sebastien-salamand.jpg-240x300.png 240w, https:\/\/vosgesinfo.fr\/app\/uploads\/sites\/4\/2025\/07\/mathias-malzieu-credit-sebastien-salamand.jpg-768x959.png 768w, https:\/\/vosgesinfo.fr\/app\/uploads\/sites\/4\/2025\/07\/mathias-malzieu-credit-sebastien-salamand.jpg-1230x1536.png 1230w, https:\/\/vosgesinfo.fr\/app\/uploads\/sites\/4\/2025\/07\/mathias-malzieu-credit-sebastien-salamand.jpg.png 1333w\" sizes=\"(max-width: 820px) 100vw, 820px\" \/><\/a><p id=\"caption-attachment-80458\" class=\"wp-caption-text\">(Photographie S\u00e9bastien Salamand)<\/p><\/div>\n<h2>Le <strong>samedi 15 novembre prochain, \u00e0 20h, l<\/strong>\u2019<strong>Espace Alhambra de Vittel<\/strong> accueillera \u00a0la <strong>premi\u00e8re repr\u00e9sentation publique<\/strong> du spectacle <em>L\u2019homme qui \u00e9coutait battre le c\u0153ur des chats<\/em> de <strong>Mathias Malzieu<\/strong>, auteur, chanteur du groupe <strong>Dionysos&#8230;<\/strong> et plus g\u00e9n\u00e9ralement touche-\u00e0-tout de la sc\u00e8ne artistique contemporaine.<\/h2>\n<p><!--more--><\/p>\n<p>Ce <strong>concert-lecture po\u00e9tique<\/strong>, m\u00ealant <strong>musique<\/strong>, <strong>r\u00e9cit<\/strong> et <strong>th\u00e9\u00e2tre visuel<\/strong>, a \u00e9t\u00e9 <strong>cr\u00e9\u00e9 en r\u00e9sidence \u00e0 Vittel<\/strong> au printemps dernier. Il avait \u00e9t\u00e9 pr\u00e9sent\u00e9 en avant-premi\u00e8re sous forme de <strong>r\u00e9p\u00e9tition g\u00e9n\u00e9rale devant un public scolaire<\/strong>, incluant des \u00e9l\u00e8ves d\u2019\u00e9coles primaires, de coll\u00e8ge et de l\u2019\u00e9cole de musique.<\/p>\n<p>Adapt\u00e9 de son <strong>roman \u00e9ponyme<\/strong>, le spectacle transporte le spectateur dans une <strong>odyss\u00e9e intime et fantastique<\/strong>, peupl\u00e9e de <strong>chats<\/strong>, de <strong>souvenirs<\/strong>, de <strong>fant\u00f4mes<\/strong> et de <strong>chansons<\/strong>, oscillant entre <strong>r\u00eaverie po\u00e9tique<\/strong> et <strong>\u00e9nergie rock<\/strong>.<\/p>\n<p>En <strong>premi\u00e8re partie<\/strong>, le public pourra d\u00e9couvrir <strong>Mauve<\/strong>, jeune voix montante de la sc\u00e8ne <strong>folk-rock fran\u00e7aise<\/strong>.<\/p>\n<p>Le spectacle est <strong>ouvert \u00e0 tous d\u00e8s 10 ans<\/strong>. <strong>Dur\u00e9e : 1h30<\/strong>. <strong>Tarifs : 15 \u20ac (plein), 12 \u20ac (r\u00e9duit)<\/strong>. <strong>Placement assis libre<\/strong>.<\/p>\n<p>R\u00e9servations en ligne : <a href=\"https:\/\/web.digitick.com\/index-css5-mairiedevittel-pg1.html\">digitick.com<\/a><br \/>\nOu sur place, <strong>dans la limite des places disponibles<\/strong>.<br \/>\nRenseignements : <strong>03-29-08-16-59<\/strong>.<\/p>\n","protected":false},"excerpt":{"rendered":"<p>Le samedi 15 novembre prochain, \u00e0 20h, l\u2019Espace Alhambra de Vittel accueillera \u00a0la premi\u00e8re repr\u00e9sentation publique du spectacle L\u2019homme qui [&hellip;]<\/p>\n","protected":false},"author":46,"featured_media":80459,"comment_status":"open","ping_status":"open","sticky":false,"template":"","format":"standard","meta":{"footnotes":""},"categories":[460,8003,5389],"tags":[9762,17814,14051,116],"class_list":["post-80455","post","type-post","status-publish","format-standard","has-post-thumbnail","hentry","category-a-la-une","category-concert-culture","category-la-plaine-des-vosges","tag-espace-alhambra","tag-lhomme-qui-ecoutait-battre-le-coeur-des-chats","tag-mathias-malzieu","tag-vittel"],"acf":[],"yoast_head":"<!-- This site is optimized with the Yoast SEO plugin v22.5 - https:\/\/yoast.com\/wordpress\/plugins\/seo\/ -->\n<title>Vittel \u2013 Mathias Malzieu, du groupe Dionysos, en concert \u00e0 l&#039;Espace Alhambra - Saint Die Info<\/title>\n<meta name=\"robots\" content=\"index, follow, max-snippet:-1, max-image-preview:large, max-video-preview:-1\" \/>\n<link rel=\"canonical\" href=\"https:\/\/vosgesinfo.fr\/saintdieinfo\/2025\/07\/vittel-mathias-malzieu-du-groupe-dionysos-en-concert-a-lespace-alhambra\/\" \/>\n<meta name=\"twitter:card\" content=\"summary_large_image\" \/>\n<meta name=\"twitter:title\" content=\"Vittel \u2013 Mathias Malzieu, du groupe Dionysos, en concert \u00e0 l&#039;Espace Alhambra - Saint Die Info\" \/>\n<meta name=\"twitter:description\" content=\"Le samedi 15 novembre prochain, \u00e0 20h, l\u2019Espace Alhambra de Vittel accueillera \u00a0la premi\u00e8re repr\u00e9sentation publique du spectacle L\u2019homme qui [&hellip;]\" \/>\n<meta name=\"twitter:image\" content=\"https:\/\/vosgesinfo.fr\/app\/uploads\/sites\/4\/2025\/07\/mathias-malzieu-credit-sebastien-salamand-01.png\" \/>\n<meta name=\"twitter:creator\" content=\"@VosgesInfo88\" \/>\n<meta name=\"twitter:site\" content=\"@VosgesInfo88\" \/>\n<meta name=\"twitter:label1\" content=\"\u00c9crit par\" \/>\n\t<meta name=\"twitter:data1\" content=\"J.J.\" \/>\n\t<meta name=\"twitter:label2\" content=\"Dur\u00e9e de lecture estim\u00e9e\" \/>\n\t<meta name=\"twitter:data2\" content=\"1 minute\" \/>\n<script type=\"application\/ld+json\" class=\"yoast-schema-graph\">{\"@context\":\"https:\/\/schema.org\",\"@graph\":[{\"@type\":\"Article\",\"@id\":\"https:\/\/vosgesinfo.fr\/saintdieinfo\/2025\/07\/vittel-mathias-malzieu-du-groupe-dionysos-en-concert-a-lespace-alhambra\/#article\",\"isPartOf\":{\"@id\":\"https:\/\/vosgesinfo.fr\/saintdieinfo\/2025\/07\/vittel-mathias-malzieu-du-groupe-dionysos-en-concert-a-lespace-alhambra\/\"},\"author\":{\"name\":\"J.J.\",\"@id\":\"https:\/\/vosgesinfo.fr\/saintdieinfo\/#\/schema\/person\/fa73e9f726d67bb88f46d5b7943cb572\"},\"headline\":\"Vittel \u2013 Mathias Malzieu, du groupe Dionysos, en concert \u00e0 l&rsquo;Espace Alhambra\",\"datePublished\":\"2025-07-21T13:00:15+00:00\",\"dateModified\":\"2025-07-21T12:38:11+00:00\",\"mainEntityOfPage\":{\"@id\":\"https:\/\/vosgesinfo.fr\/saintdieinfo\/2025\/07\/vittel-mathias-malzieu-du-groupe-dionysos-en-concert-a-lespace-alhambra\/\"},\"wordCount\":228,\"commentCount\":0,\"publisher\":{\"@id\":\"https:\/\/vosgesinfo.fr\/saintdieinfo\/#organization\"},\"image\":{\"@id\":\"https:\/\/vosgesinfo.fr\/saintdieinfo\/2025\/07\/vittel-mathias-malzieu-du-groupe-dionysos-en-concert-a-lespace-alhambra\/#primaryimage\"},\"thumbnailUrl\":\"https:\/\/vosgesinfo.fr\/app\/uploads\/sites\/4\/2025\/07\/mathias-malzieu-credit-sebastien-salamand-01.png\",\"keywords\":[\"Espace Alhambra\",\"L'homme qui \u00e9coutait battre le coeur des chats\",\"Mathias Malzieu\",\"Vittel\"],\"articleSection\":[\"A la Une\",\"Concert\",\"La plaine des vosges\"],\"inLanguage\":\"fr-FR\",\"potentialAction\":[{\"@type\":\"CommentAction\",\"name\":\"Comment\",\"target\":[\"https:\/\/vosgesinfo.fr\/saintdieinfo\/2025\/07\/vittel-mathias-malzieu-du-groupe-dionysos-en-concert-a-lespace-alhambra\/#respond\"]}]},{\"@type\":\"WebPage\",\"@id\":\"https:\/\/vosgesinfo.fr\/saintdieinfo\/2025\/07\/vittel-mathias-malzieu-du-groupe-dionysos-en-concert-a-lespace-alhambra\/\",\"url\":\"https:\/\/vosgesinfo.fr\/saintdieinfo\/2025\/07\/vittel-mathias-malzieu-du-groupe-dionysos-en-concert-a-lespace-alhambra\/\",\"name\":\"Vittel \u2013 Mathias Malzieu, du groupe Dionysos, en concert \u00e0 l'Espace Alhambra - Saint Die Info\",\"isPartOf\":{\"@id\":\"https:\/\/vosgesinfo.fr\/saintdieinfo\/#website\"},\"primaryImageOfPage\":{\"@id\":\"https:\/\/vosgesinfo.fr\/saintdieinfo\/2025\/07\/vittel-mathias-malzieu-du-groupe-dionysos-en-concert-a-lespace-alhambra\/#primaryimage\"},\"image\":{\"@id\":\"https:\/\/vosgesinfo.fr\/saintdieinfo\/2025\/07\/vittel-mathias-malzieu-du-groupe-dionysos-en-concert-a-lespace-alhambra\/#primaryimage\"},\"thumbnailUrl\":\"https:\/\/vosgesinfo.fr\/app\/uploads\/sites\/4\/2025\/07\/mathias-malzieu-credit-sebastien-salamand-01.png\",\"datePublished\":\"2025-07-21T13:00:15+00:00\",\"dateModified\":\"2025-07-21T12:38:11+00:00\",\"breadcrumb\":{\"@id\":\"https:\/\/vosgesinfo.fr\/saintdieinfo\/2025\/07\/vittel-mathias-malzieu-du-groupe-dionysos-en-concert-a-lespace-alhambra\/#breadcrumb\"},\"inLanguage\":\"fr-FR\",\"potentialAction\":[{\"@type\":\"ReadAction\",\"target\":[\"https:\/\/vosgesinfo.fr\/saintdieinfo\/2025\/07\/vittel-mathias-malzieu-du-groupe-dionysos-en-concert-a-lespace-alhambra\/\"]}]},{\"@type\":\"ImageObject\",\"inLanguage\":\"fr-FR\",\"@id\":\"https:\/\/vosgesinfo.fr\/saintdieinfo\/2025\/07\/vittel-mathias-malzieu-du-groupe-dionysos-en-concert-a-lespace-alhambra\/#primaryimage\",\"url\":\"https:\/\/vosgesinfo.fr\/app\/uploads\/sites\/4\/2025\/07\/mathias-malzieu-credit-sebastien-salamand-01.png\",\"contentUrl\":\"https:\/\/vosgesinfo.fr\/app\/uploads\/sites\/4\/2025\/07\/mathias-malzieu-credit-sebastien-salamand-01.png\",\"width\":1536,\"height\":1359},{\"@type\":\"BreadcrumbList\",\"@id\":\"https:\/\/vosgesinfo.fr\/saintdieinfo\/2025\/07\/vittel-mathias-malzieu-du-groupe-dionysos-en-concert-a-lespace-alhambra\/#breadcrumb\",\"itemListElement\":[{\"@type\":\"ListItem\",\"position\":1,\"name\":\"Home\",\"item\":\"https:\/\/vosgesinfo.fr\/saintdieinfo\/\"},{\"@type\":\"ListItem\",\"position\":2,\"name\":\"Vittel \u2013 Mathias Malzieu, du groupe Dionysos, en concert \u00e0 l&rsquo;Espace Alhambra\"}]},{\"@type\":\"WebSite\",\"@id\":\"https:\/\/vosgesinfo.fr\/saintdieinfo\/#website\",\"url\":\"https:\/\/vosgesinfo.fr\/saintdieinfo\/\",\"name\":\"Saint Die Info\",\"description\":\"Toute l&#039;actualit\u00e9 de Saint-Di\u00e9-Des-Vosges\",\"publisher\":{\"@id\":\"https:\/\/vosgesinfo.fr\/saintdieinfo\/#organization\"},\"alternateName\":\"Toute l'actualit\u00e9 de Saint-Di\u00e9-Des-Vosges\",\"potentialAction\":[{\"@type\":\"SearchAction\",\"target\":{\"@type\":\"EntryPoint\",\"urlTemplate\":\"https:\/\/vosgesinfo.fr\/saintdieinfo\/?s={search_term_string}\"},\"query-input\":\"required name=search_term_string\"}],\"inLanguage\":\"fr-FR\"},{\"@type\":\"Organization\",\"@id\":\"https:\/\/vosgesinfo.fr\/saintdieinfo\/#organization\",\"name\":\"Saint Die Info\",\"url\":\"https:\/\/vosgesinfo.fr\/saintdieinfo\/\",\"logo\":{\"@type\":\"ImageObject\",\"inLanguage\":\"fr-FR\",\"@id\":\"https:\/\/vosgesinfo.fr\/saintdieinfo\/#\/schema\/logo\/image\/\",\"url\":\"https:\/\/vosgesinfo.fr\/app\/uploads\/sites\/4\/2024\/02\/logo-sdi.jpg\",\"contentUrl\":\"https:\/\/vosgesinfo.fr\/app\/uploads\/sites\/4\/2024\/02\/logo-sdi.jpg\",\"width\":600,\"height\":600,\"caption\":\"Saint Die Info\"},\"image\":{\"@id\":\"https:\/\/vosgesinfo.fr\/saintdieinfo\/#\/schema\/logo\/image\/\"},\"sameAs\":[\"https:\/\/www.facebook.com\/Saintdieinfofr\",\"https:\/\/x.com\/VosgesInfo88\",\"https:\/\/www.youtube.com\/@vosgesinfo\"]},{\"@type\":\"Person\",\"@id\":\"https:\/\/vosgesinfo.fr\/saintdieinfo\/#\/schema\/person\/fa73e9f726d67bb88f46d5b7943cb572\",\"name\":\"J.J.\",\"image\":{\"@type\":\"ImageObject\",\"inLanguage\":\"fr-FR\",\"@id\":\"https:\/\/vosgesinfo.fr\/saintdieinfo\/#\/schema\/person\/image\/\",\"url\":\"https:\/\/secure.gravatar.com\/avatar\/219e749e47ffbcca018a360ae4add7d4cdf1cdaaf8bc7676b27efade3fe65615?s=96&d=mm&r=g\",\"contentUrl\":\"https:\/\/secure.gravatar.com\/avatar\/219e749e47ffbcca018a360ae4add7d4cdf1cdaaf8bc7676b27efade3fe65615?s=96&d=mm&r=g\",\"caption\":\"J.J.\"},\"url\":\"https:\/\/vosgesinfo.fr\/saintdieinfo\/author\/j-j\/\"}]}<\/script>\n<!-- \/ Yoast SEO plugin. -->","yoast_head_json":{"title":"Vittel \u2013 Mathias Malzieu, du groupe Dionysos, en concert \u00e0 l'Espace Alhambra - Saint Die Info","robots":{"index":"index","follow":"follow","max-snippet":"max-snippet:-1","max-image-preview":"max-image-preview:large","max-video-preview":"max-video-preview:-1"},"canonical":"https:\/\/vosgesinfo.fr\/saintdieinfo\/2025\/07\/vittel-mathias-malzieu-du-groupe-dionysos-en-concert-a-lespace-alhambra\/","twitter_card":"summary_large_image","twitter_title":"Vittel \u2013 Mathias Malzieu, du groupe Dionysos, en concert \u00e0 l'Espace Alhambra - Saint Die Info","twitter_description":"Le samedi 15 novembre prochain, \u00e0 20h, l\u2019Espace Alhambra de Vittel accueillera \u00a0la premi\u00e8re repr\u00e9sentation publique du spectacle L\u2019homme qui [&hellip;]","twitter_image":"https:\/\/vosgesinfo.fr\/app\/uploads\/sites\/4\/2025\/07\/mathias-malzieu-credit-sebastien-salamand-01.png","twitter_creator":"@VosgesInfo88","twitter_site":"@VosgesInfo88","twitter_misc":{"\u00c9crit par":"J.J.","Dur\u00e9e de lecture estim\u00e9e":"1 minute"},"schema":{"@context":"https:\/\/schema.org","@graph":[{"@type":"Article","@id":"https:\/\/vosgesinfo.fr\/saintdieinfo\/2025\/07\/vittel-mathias-malzieu-du-groupe-dionysos-en-concert-a-lespace-alhambra\/#article","isPartOf":{"@id":"https:\/\/vosgesinfo.fr\/saintdieinfo\/2025\/07\/vittel-mathias-malzieu-du-groupe-dionysos-en-concert-a-lespace-alhambra\/"},"author":{"name":"J.J.","@id":"https:\/\/vosgesinfo.fr\/saintdieinfo\/#\/schema\/person\/fa73e9f726d67bb88f46d5b7943cb572"},"headline":"Vittel \u2013 Mathias Malzieu, du groupe Dionysos, en concert \u00e0 l&rsquo;Espace Alhambra","datePublished":"2025-07-21T13:00:15+00:00","dateModified":"2025-07-21T12:38:11+00:00","mainEntityOfPage":{"@id":"https:\/\/vosgesinfo.fr\/saintdieinfo\/2025\/07\/vittel-mathias-malzieu-du-groupe-dionysos-en-concert-a-lespace-alhambra\/"},"wordCount":228,"commentCount":0,"publisher":{"@id":"https:\/\/vosgesinfo.fr\/saintdieinfo\/#organization"},"image":{"@id":"https:\/\/vosgesinfo.fr\/saintdieinfo\/2025\/07\/vittel-mathias-malzieu-du-groupe-dionysos-en-concert-a-lespace-alhambra\/#primaryimage"},"thumbnailUrl":"https:\/\/vosgesinfo.fr\/app\/uploads\/sites\/4\/2025\/07\/mathias-malzieu-credit-sebastien-salamand-01.png","keywords":["Espace Alhambra","L'homme qui \u00e9coutait battre le coeur des chats","Mathias Malzieu","Vittel"],"articleSection":["A la Une","Concert","La plaine des vosges"],"inLanguage":"fr-FR","potentialAction":[{"@type":"CommentAction","name":"Comment","target":["https:\/\/vosgesinfo.fr\/saintdieinfo\/2025\/07\/vittel-mathias-malzieu-du-groupe-dionysos-en-concert-a-lespace-alhambra\/#respond"]}]},{"@type":"WebPage","@id":"https:\/\/vosgesinfo.fr\/saintdieinfo\/2025\/07\/vittel-mathias-malzieu-du-groupe-dionysos-en-concert-a-lespace-alhambra\/","url":"https:\/\/vosgesinfo.fr\/saintdieinfo\/2025\/07\/vittel-mathias-malzieu-du-groupe-dionysos-en-concert-a-lespace-alhambra\/","name":"Vittel \u2013 Mathias Malzieu, du groupe Dionysos, en concert \u00e0 l'Espace Alhambra - Saint Die Info","isPartOf":{"@id":"https:\/\/vosgesinfo.fr\/saintdieinfo\/#website"},"primaryImageOfPage":{"@id":"https:\/\/vosgesinfo.fr\/saintdieinfo\/2025\/07\/vittel-mathias-malzieu-du-groupe-dionysos-en-concert-a-lespace-alhambra\/#primaryimage"},"image":{"@id":"https:\/\/vosgesinfo.fr\/saintdieinfo\/2025\/07\/vittel-mathias-malzieu-du-groupe-dionysos-en-concert-a-lespace-alhambra\/#primaryimage"},"thumbnailUrl":"https:\/\/vosgesinfo.fr\/app\/uploads\/sites\/4\/2025\/07\/mathias-malzieu-credit-sebastien-salamand-01.png","datePublished":"2025-07-21T13:00:15+00:00","dateModified":"2025-07-21T12:38:11+00:00","breadcrumb":{"@id":"https:\/\/vosgesinfo.fr\/saintdieinfo\/2025\/07\/vittel-mathias-malzieu-du-groupe-dionysos-en-concert-a-lespace-alhambra\/#breadcrumb"},"inLanguage":"fr-FR","potentialAction":[{"@type":"ReadAction","target":["https:\/\/vosgesinfo.fr\/saintdieinfo\/2025\/07\/vittel-mathias-malzieu-du-groupe-dionysos-en-concert-a-lespace-alhambra\/"]}]},{"@type":"ImageObject","inLanguage":"fr-FR","@id":"https:\/\/vosgesinfo.fr\/saintdieinfo\/2025\/07\/vittel-mathias-malzieu-du-groupe-dionysos-en-concert-a-lespace-alhambra\/#primaryimage","url":"https:\/\/vosgesinfo.fr\/app\/uploads\/sites\/4\/2025\/07\/mathias-malzieu-credit-sebastien-salamand-01.png","contentUrl":"https:\/\/vosgesinfo.fr\/app\/uploads\/sites\/4\/2025\/07\/mathias-malzieu-credit-sebastien-salamand-01.png","width":1536,"height":1359},{"@type":"BreadcrumbList","@id":"https:\/\/vosgesinfo.fr\/saintdieinfo\/2025\/07\/vittel-mathias-malzieu-du-groupe-dionysos-en-concert-a-lespace-alhambra\/#breadcrumb","itemListElement":[{"@type":"ListItem","position":1,"name":"Home","item":"https:\/\/vosgesinfo.fr\/saintdieinfo\/"},{"@type":"ListItem","position":2,"name":"Vittel \u2013 Mathias Malzieu, du groupe Dionysos, en concert \u00e0 l&rsquo;Espace Alhambra"}]},{"@type":"WebSite","@id":"https:\/\/vosgesinfo.fr\/saintdieinfo\/#website","url":"https:\/\/vosgesinfo.fr\/saintdieinfo\/","name":"Saint Die Info","description":"Toute l&#039;actualit\u00e9 de Saint-Di\u00e9-Des-Vosges","publisher":{"@id":"https:\/\/vosgesinfo.fr\/saintdieinfo\/#organization"},"alternateName":"Toute l'actualit\u00e9 de Saint-Di\u00e9-Des-Vosges","potentialAction":[{"@type":"SearchAction","target":{"@type":"EntryPoint","urlTemplate":"https:\/\/vosgesinfo.fr\/saintdieinfo\/?s={search_term_string}"},"query-input":"required name=search_term_string"}],"inLanguage":"fr-FR"},{"@type":"Organization","@id":"https:\/\/vosgesinfo.fr\/saintdieinfo\/#organization","name":"Saint Die Info","url":"https:\/\/vosgesinfo.fr\/saintdieinfo\/","logo":{"@type":"ImageObject","inLanguage":"fr-FR","@id":"https:\/\/vosgesinfo.fr\/saintdieinfo\/#\/schema\/logo\/image\/","url":"https:\/\/vosgesinfo.fr\/app\/uploads\/sites\/4\/2024\/02\/logo-sdi.jpg","contentUrl":"https:\/\/vosgesinfo.fr\/app\/uploads\/sites\/4\/2024\/02\/logo-sdi.jpg","width":600,"height":600,"caption":"Saint Die Info"},"image":{"@id":"https:\/\/vosgesinfo.fr\/saintdieinfo\/#\/schema\/logo\/image\/"},"sameAs":["https:\/\/www.facebook.com\/Saintdieinfofr","https:\/\/x.com\/VosgesInfo88","https:\/\/www.youtube.com\/@vosgesinfo"]},{"@type":"Person","@id":"https:\/\/vosgesinfo.fr\/saintdieinfo\/#\/schema\/person\/fa73e9f726d67bb88f46d5b7943cb572","name":"J.J.","image":{"@type":"ImageObject","inLanguage":"fr-FR","@id":"https:\/\/vosgesinfo.fr\/saintdieinfo\/#\/schema\/person\/image\/","url":"https:\/\/secure.gravatar.com\/avatar\/219e749e47ffbcca018a360ae4add7d4cdf1cdaaf8bc7676b27efade3fe65615?s=96&d=mm&r=g","contentUrl":"https:\/\/secure.gravatar.com\/avatar\/219e749e47ffbcca018a360ae4add7d4cdf1cdaaf8bc7676b27efade3fe65615?s=96&d=mm&r=g","caption":"J.J."},"url":"https:\/\/vosgesinfo.fr\/saintdieinfo\/author\/j-j\/"}]}},"_links":{"self":[{"href":"https:\/\/vosgesinfo.fr\/saintdieinfo\/wp-json\/wp\/v2\/posts\/80455","targetHints":{"allow":["GET"]}}],"collection":[{"href":"https:\/\/vosgesinfo.fr\/saintdieinfo\/wp-json\/wp\/v2\/posts"}],"about":[{"href":"https:\/\/vosgesinfo.fr\/saintdieinfo\/wp-json\/wp\/v2\/types\/post"}],"author":[{"embeddable":true,"href":"https:\/\/vosgesinfo.fr\/saintdieinfo\/wp-json\/wp\/v2\/users\/46"}],"replies":[{"embeddable":true,"href":"https:\/\/vosgesinfo.fr\/saintdieinfo\/wp-json\/wp\/v2\/comments?post=80455"}],"version-history":[{"count":1,"href":"https:\/\/vosgesinfo.fr\/saintdieinfo\/wp-json\/wp\/v2\/posts\/80455\/revisions"}],"predecessor-version":[{"id":80460,"href":"https:\/\/vosgesinfo.fr\/saintdieinfo\/wp-json\/wp\/v2\/posts\/80455\/revisions\/80460"}],"wp:featuredmedia":[{"embeddable":true,"href":"https:\/\/vosgesinfo.fr\/saintdieinfo\/wp-json\/wp\/v2\/media\/80459"}],"wp:attachment":[{"href":"https:\/\/vosgesinfo.fr\/saintdieinfo\/wp-json\/wp\/v2\/media?parent=80455"}],"wp:term":[{"taxonomy":"category","embeddable":true,"href":"https:\/\/vosgesinfo.fr\/saintdieinfo\/wp-json\/wp\/v2\/categories?post=80455"},{"taxonomy":"post_tag","embeddable":true,"href":"https:\/\/vosgesinfo.fr\/saintdieinfo\/wp-json\/wp\/v2\/tags?post=80455"}],"curies":[{"name":"wp","href":"https:\/\/api.w.org\/{rel}","templated":true}]}}