{"id":80461,"date":"2025-07-21T15:20:31","date_gmt":"2025-07-21T13:20:31","guid":{"rendered":"https:\/\/vosgesinfo.fr\/saintdieinfo\/?p=80461"},"modified":"2025-07-21T15:03:15","modified_gmt":"2025-07-21T13:03:15","slug":"les-refuges-des-alpes-sexposent-au-bar-les-deux-rives","status":"publish","type":"post","link":"https:\/\/vosgesinfo.fr\/saintdieinfo\/2025\/07\/les-refuges-des-alpes-sexposent-au-bar-les-deux-rives\/","title":{"rendered":"Les refuges des Alpes s&rsquo;exposent au bar Les Deux Rives"},"content":{"rendered":"<h4><a href=\"https:\/\/vosgesinfo.fr\/app\/uploads\/sites\/4\/2025\/07\/expression-ephemere-refuges-alpes-2.jpg\"><img decoding=\"async\" class=\"alignnone size-large wp-image-80457\" src=\"https:\/\/vosgesinfo.fr\/app\/uploads\/sites\/4\/2025\/07\/expression-ephemere-refuges-alpes-2-1024x771.jpg\" alt=\"\" width=\"1024\" height=\"771\" srcset=\"https:\/\/vosgesinfo.fr\/app\/uploads\/sites\/4\/2025\/07\/expression-ephemere-refuges-alpes-2-1024x771.jpg 1024w, https:\/\/vosgesinfo.fr\/app\/uploads\/sites\/4\/2025\/07\/expression-ephemere-refuges-alpes-2-300x226.jpg 300w, https:\/\/vosgesinfo.fr\/app\/uploads\/sites\/4\/2025\/07\/expression-ephemere-refuges-alpes-2-768x578.jpg 768w, https:\/\/vosgesinfo.fr\/app\/uploads\/sites\/4\/2025\/07\/expression-ephemere-refuges-alpes-2-1536x1157.jpg 1536w, https:\/\/vosgesinfo.fr\/app\/uploads\/sites\/4\/2025\/07\/expression-ephemere-refuges-alpes-2.jpg 1600w\" sizes=\"(max-width: 1024px) 100vw, 1024px\" \/><\/a><\/h4>\n<h2>Depuis <strong>vendredi<\/strong> et jusqu&rsquo;\u00e0 la <strong>fin du mois d&rsquo;ao\u00fbt<\/strong>, les murs du <strong>bar Les Deux Rives<\/strong> accueillent l&rsquo;exposition <strong>\u00ab Refuge des Alpes \u2013 Entre terre et ciel \u00bb<\/strong>.<\/h2>\n<p><!--more--><\/p>\n<p>Cette exposition, qui fait office de <strong>parenth\u00e8se estivale<\/strong> dans le cycle <strong>\u00ab Expression Eph\u00e9m\u00e8re \u00bb<\/strong>, pr\u00e9sente une <strong>douzaine d&rsquo;images ext\u00e9rieures de refuges<\/strong>, syst\u00e9matiquement <strong>int\u00e9gr\u00e9s dans les paysages alpins environnants<\/strong>.<\/p>\n<p>Issues de l\u2019<strong>Inventaire g\u00e9n\u00e9ral du patrimoine culturel<\/strong> de la <strong>R\u00e9gion Auvergne-Rh\u00f4ne-Alpes<\/strong>, ces images ont \u00e9t\u00e9 captur\u00e9es par les photographes <strong>Eric Dessert<\/strong>, <strong>Thierry Leroy<\/strong> et <strong>Franck Trabouillet<\/strong>. <strong>\u00ab Refuge des Alpes \u2013 Entre terre et ciel \u00bb<\/strong> est le fruit d\u2019un <strong>partenariat<\/strong> entre l\u2019<strong>IUT de Saint-Di\u00e9-des-Vosges<\/strong> et <strong>Christian Hocquel<\/strong>, l\u2019initiateur du cycle <strong>\u00ab Expression Eph\u00e9m\u00e8re \u00bb<\/strong>.<\/p>\n<p>Comme l\u2019explique ce dernier, \u00ab\u202fces <strong>photographies<\/strong> ont \u00e9t\u00e9 <strong>pr\u00eat\u00e9es par la Biblioth\u00e8que Universitaire de l\u2019IUT de Saint-Di\u00e9-des-Vosges<\/strong>, o\u00f9 j\u2019y ai d\u00e9couvert l\u2019exposition le mois dernier. <strong>Pauline Sarrazin<\/strong>, la <strong>responsable de la Biblioth\u00e8que Universitaire<\/strong>, a accept\u00e9 de me les pr\u00eater le temps de <strong>l\u2019exposition aux Deux Rives<\/strong>. En sachant que j\u2019avais d\u00e9j\u00e0 fait <strong>2 expositions \u00e0 l\u2019IUT<\/strong>, sur les <strong>machines industrielles<\/strong> et \u00e0 l\u2019occasion des <strong>130 ans de Gantois<\/strong>.\u202f\u00bb<\/p>\n<p><a href=\"https:\/\/vosgesinfo.fr\/app\/uploads\/sites\/4\/2025\/07\/expression-ephemere-refuges-alpes-1.jpg\"><img decoding=\"async\" class=\"alignnone size-large wp-image-80456\" src=\"https:\/\/vosgesinfo.fr\/app\/uploads\/sites\/4\/2025\/07\/expression-ephemere-refuges-alpes-1-1024x771.jpg\" alt=\"\" width=\"1024\" height=\"771\" srcset=\"https:\/\/vosgesinfo.fr\/app\/uploads\/sites\/4\/2025\/07\/expression-ephemere-refuges-alpes-1-1024x771.jpg 1024w, https:\/\/vosgesinfo.fr\/app\/uploads\/sites\/4\/2025\/07\/expression-ephemere-refuges-alpes-1-300x226.jpg 300w, https:\/\/vosgesinfo.fr\/app\/uploads\/sites\/4\/2025\/07\/expression-ephemere-refuges-alpes-1-768x578.jpg 768w, https:\/\/vosgesinfo.fr\/app\/uploads\/sites\/4\/2025\/07\/expression-ephemere-refuges-alpes-1-1536x1157.jpg 1536w, https:\/\/vosgesinfo.fr\/app\/uploads\/sites\/4\/2025\/07\/expression-ephemere-refuges-alpes-1.jpg 1600w\" sizes=\"(max-width: 1024px) 100vw, 1024px\" \/><\/a><\/p>\n","protected":false},"excerpt":{"rendered":"<p>Depuis vendredi et jusqu&rsquo;\u00e0 la fin du mois d&rsquo;ao\u00fbt, les murs du bar Les Deux Rives accueillent l&rsquo;exposition \u00ab Refuge [&hellip;]<\/p>\n","protected":false},"author":46,"featured_media":80457,"comment_status":"open","ping_status":"open","sticky":false,"template":"","format":"standard","meta":{"footnotes":""},"categories":[460,7847,167],"tags":[3293,17815,3294,3786,3205,17817,17816],"class_list":["post-80461","post","type-post","status-publish","format-standard","has-post-thumbnail","hentry","category-a-la-une","category-art-culture","category-saint-die-des-vosges","tag-bar-les-deux-rives","tag-bibliotheque-universitaire-de-liut-de-saint-die-des-vosges","tag-christian-hocquel","tag-expression-ephemere","tag-iut-de-saint-die-des-vosges","tag-massif-des-alpes","tag-refuges-des-alpes"],"acf":[],"yoast_head":"<!-- This site is optimized with the Yoast SEO plugin v22.5 - https:\/\/yoast.com\/wordpress\/plugins\/seo\/ -->\n<title>Les refuges des Alpes s&#039;exposent au bar Les Deux Rives - Saint Die Info<\/title>\n<meta name=\"robots\" content=\"index, follow, max-snippet:-1, max-image-preview:large, max-video-preview:-1\" \/>\n<link rel=\"canonical\" href=\"https:\/\/vosgesinfo.fr\/saintdieinfo\/2025\/07\/les-refuges-des-alpes-sexposent-au-bar-les-deux-rives\/\" \/>\n<meta name=\"twitter:card\" content=\"summary_large_image\" \/>\n<meta name=\"twitter:title\" content=\"Les refuges des Alpes s&#039;exposent au bar Les Deux Rives - Saint Die Info\" \/>\n<meta name=\"twitter:description\" content=\"Depuis vendredi et jusqu&rsquo;\u00e0 la fin du mois d&rsquo;ao\u00fbt, les murs du bar Les Deux Rives accueillent l&rsquo;exposition \u00ab Refuge [&hellip;]\" \/>\n<meta name=\"twitter:image\" content=\"https:\/\/vosgesinfo.fr\/app\/uploads\/sites\/4\/2025\/07\/expression-ephemere-refuges-alpes-2.jpg\" \/>\n<meta name=\"twitter:creator\" content=\"@VosgesInfo88\" \/>\n<meta name=\"twitter:site\" content=\"@VosgesInfo88\" \/>\n<meta name=\"twitter:label1\" content=\"\u00c9crit par\" \/>\n\t<meta name=\"twitter:data1\" content=\"J.J.\" \/>\n\t<meta name=\"twitter:label2\" content=\"Dur\u00e9e de lecture estim\u00e9e\" \/>\n\t<meta name=\"twitter:data2\" content=\"1 minute\" \/>\n<script type=\"application\/ld+json\" class=\"yoast-schema-graph\">{\"@context\":\"https:\/\/schema.org\",\"@graph\":[{\"@type\":\"Article\",\"@id\":\"https:\/\/vosgesinfo.fr\/saintdieinfo\/2025\/07\/les-refuges-des-alpes-sexposent-au-bar-les-deux-rives\/#article\",\"isPartOf\":{\"@id\":\"https:\/\/vosgesinfo.fr\/saintdieinfo\/2025\/07\/les-refuges-des-alpes-sexposent-au-bar-les-deux-rives\/\"},\"author\":{\"name\":\"J.J.\",\"@id\":\"https:\/\/vosgesinfo.fr\/saintdieinfo\/#\/schema\/person\/fa73e9f726d67bb88f46d5b7943cb572\"},\"headline\":\"Les refuges des Alpes s&rsquo;exposent au bar Les Deux Rives\",\"datePublished\":\"2025-07-21T13:20:31+00:00\",\"dateModified\":\"2025-07-21T13:03:15+00:00\",\"mainEntityOfPage\":{\"@id\":\"https:\/\/vosgesinfo.fr\/saintdieinfo\/2025\/07\/les-refuges-des-alpes-sexposent-au-bar-les-deux-rives\/\"},\"wordCount\":217,\"commentCount\":0,\"publisher\":{\"@id\":\"https:\/\/vosgesinfo.fr\/saintdieinfo\/#organization\"},\"image\":{\"@id\":\"https:\/\/vosgesinfo.fr\/saintdieinfo\/2025\/07\/les-refuges-des-alpes-sexposent-au-bar-les-deux-rives\/#primaryimage\"},\"thumbnailUrl\":\"https:\/\/vosgesinfo.fr\/app\/uploads\/sites\/4\/2025\/07\/expression-ephemere-refuges-alpes-2.jpg\",\"keywords\":[\"Bar Les Deux Rives\",\"Biblioth\u00e8que Universitaire de l'IUT de Saint-Di\u00e9-des-Vosges\",\"Christian Hocquel\",\"Expression \u00e9ph\u00e9m\u00e8re\",\"IUT de Saint-Di\u00e9-des-Vosges\",\"Massif des Alpes\",\"Refuges des Alpes\"],\"articleSection\":[\"A la Une\",\"Culture\",\"Saint-Di\u00e9-des-Vosges\"],\"inLanguage\":\"fr-FR\",\"potentialAction\":[{\"@type\":\"CommentAction\",\"name\":\"Comment\",\"target\":[\"https:\/\/vosgesinfo.fr\/saintdieinfo\/2025\/07\/les-refuges-des-alpes-sexposent-au-bar-les-deux-rives\/#respond\"]}]},{\"@type\":\"WebPage\",\"@id\":\"https:\/\/vosgesinfo.fr\/saintdieinfo\/2025\/07\/les-refuges-des-alpes-sexposent-au-bar-les-deux-rives\/\",\"url\":\"https:\/\/vosgesinfo.fr\/saintdieinfo\/2025\/07\/les-refuges-des-alpes-sexposent-au-bar-les-deux-rives\/\",\"name\":\"Les refuges des Alpes s'exposent au bar Les Deux Rives - Saint Die Info\",\"isPartOf\":{\"@id\":\"https:\/\/vosgesinfo.fr\/saintdieinfo\/#website\"},\"primaryImageOfPage\":{\"@id\":\"https:\/\/vosgesinfo.fr\/saintdieinfo\/2025\/07\/les-refuges-des-alpes-sexposent-au-bar-les-deux-rives\/#primaryimage\"},\"image\":{\"@id\":\"https:\/\/vosgesinfo.fr\/saintdieinfo\/2025\/07\/les-refuges-des-alpes-sexposent-au-bar-les-deux-rives\/#primaryimage\"},\"thumbnailUrl\":\"https:\/\/vosgesinfo.fr\/app\/uploads\/sites\/4\/2025\/07\/expression-ephemere-refuges-alpes-2.jpg\",\"datePublished\":\"2025-07-21T13:20:31+00:00\",\"dateModified\":\"2025-07-21T13:03:15+00:00\",\"breadcrumb\":{\"@id\":\"https:\/\/vosgesinfo.fr\/saintdieinfo\/2025\/07\/les-refuges-des-alpes-sexposent-au-bar-les-deux-rives\/#breadcrumb\"},\"inLanguage\":\"fr-FR\",\"potentialAction\":[{\"@type\":\"ReadAction\",\"target\":[\"https:\/\/vosgesinfo.fr\/saintdieinfo\/2025\/07\/les-refuges-des-alpes-sexposent-au-bar-les-deux-rives\/\"]}]},{\"@type\":\"ImageObject\",\"inLanguage\":\"fr-FR\",\"@id\":\"https:\/\/vosgesinfo.fr\/saintdieinfo\/2025\/07\/les-refuges-des-alpes-sexposent-au-bar-les-deux-rives\/#primaryimage\",\"url\":\"https:\/\/vosgesinfo.fr\/app\/uploads\/sites\/4\/2025\/07\/expression-ephemere-refuges-alpes-2.jpg\",\"contentUrl\":\"https:\/\/vosgesinfo.fr\/app\/uploads\/sites\/4\/2025\/07\/expression-ephemere-refuges-alpes-2.jpg\",\"width\":1600,\"height\":1205},{\"@type\":\"BreadcrumbList\",\"@id\":\"https:\/\/vosgesinfo.fr\/saintdieinfo\/2025\/07\/les-refuges-des-alpes-sexposent-au-bar-les-deux-rives\/#breadcrumb\",\"itemListElement\":[{\"@type\":\"ListItem\",\"position\":1,\"name\":\"Home\",\"item\":\"https:\/\/vosgesinfo.fr\/saintdieinfo\/\"},{\"@type\":\"ListItem\",\"position\":2,\"name\":\"Les refuges des Alpes s&rsquo;exposent au bar Les Deux Rives\"}]},{\"@type\":\"WebSite\",\"@id\":\"https:\/\/vosgesinfo.fr\/saintdieinfo\/#website\",\"url\":\"https:\/\/vosgesinfo.fr\/saintdieinfo\/\",\"name\":\"Saint Die Info\",\"description\":\"Toute l&#039;actualit\u00e9 de Saint-Di\u00e9-Des-Vosges\",\"publisher\":{\"@id\":\"https:\/\/vosgesinfo.fr\/saintdieinfo\/#organization\"},\"alternateName\":\"Toute l'actualit\u00e9 de Saint-Di\u00e9-Des-Vosges\",\"potentialAction\":[{\"@type\":\"SearchAction\",\"target\":{\"@type\":\"EntryPoint\",\"urlTemplate\":\"https:\/\/vosgesinfo.fr\/saintdieinfo\/?s={search_term_string}\"},\"query-input\":\"required name=search_term_string\"}],\"inLanguage\":\"fr-FR\"},{\"@type\":\"Organization\",\"@id\":\"https:\/\/vosgesinfo.fr\/saintdieinfo\/#organization\",\"name\":\"Saint Die Info\",\"url\":\"https:\/\/vosgesinfo.fr\/saintdieinfo\/\",\"logo\":{\"@type\":\"ImageObject\",\"inLanguage\":\"fr-FR\",\"@id\":\"https:\/\/vosgesinfo.fr\/saintdieinfo\/#\/schema\/logo\/image\/\",\"url\":\"https:\/\/vosgesinfo.fr\/app\/uploads\/sites\/4\/2024\/02\/logo-sdi.jpg\",\"contentUrl\":\"https:\/\/vosgesinfo.fr\/app\/uploads\/sites\/4\/2024\/02\/logo-sdi.jpg\",\"width\":600,\"height\":600,\"caption\":\"Saint Die Info\"},\"image\":{\"@id\":\"https:\/\/vosgesinfo.fr\/saintdieinfo\/#\/schema\/logo\/image\/\"},\"sameAs\":[\"https:\/\/www.facebook.com\/Saintdieinfofr\",\"https:\/\/x.com\/VosgesInfo88\",\"https:\/\/www.youtube.com\/@vosgesinfo\"]},{\"@type\":\"Person\",\"@id\":\"https:\/\/vosgesinfo.fr\/saintdieinfo\/#\/schema\/person\/fa73e9f726d67bb88f46d5b7943cb572\",\"name\":\"J.J.\",\"image\":{\"@type\":\"ImageObject\",\"inLanguage\":\"fr-FR\",\"@id\":\"https:\/\/vosgesinfo.fr\/saintdieinfo\/#\/schema\/person\/image\/\",\"url\":\"https:\/\/secure.gravatar.com\/avatar\/219e749e47ffbcca018a360ae4add7d4cdf1cdaaf8bc7676b27efade3fe65615?s=96&d=mm&r=g\",\"contentUrl\":\"https:\/\/secure.gravatar.com\/avatar\/219e749e47ffbcca018a360ae4add7d4cdf1cdaaf8bc7676b27efade3fe65615?s=96&d=mm&r=g\",\"caption\":\"J.J.\"},\"url\":\"https:\/\/vosgesinfo.fr\/saintdieinfo\/author\/j-j\/\"}]}<\/script>\n<!-- \/ Yoast SEO plugin. -->","yoast_head_json":{"title":"Les refuges des Alpes s'exposent au bar Les Deux Rives - Saint Die Info","robots":{"index":"index","follow":"follow","max-snippet":"max-snippet:-1","max-image-preview":"max-image-preview:large","max-video-preview":"max-video-preview:-1"},"canonical":"https:\/\/vosgesinfo.fr\/saintdieinfo\/2025\/07\/les-refuges-des-alpes-sexposent-au-bar-les-deux-rives\/","twitter_card":"summary_large_image","twitter_title":"Les refuges des Alpes s'exposent au bar Les Deux Rives - Saint Die Info","twitter_description":"Depuis vendredi et jusqu&rsquo;\u00e0 la fin du mois d&rsquo;ao\u00fbt, les murs du bar Les Deux Rives accueillent l&rsquo;exposition \u00ab Refuge [&hellip;]","twitter_image":"https:\/\/vosgesinfo.fr\/app\/uploads\/sites\/4\/2025\/07\/expression-ephemere-refuges-alpes-2.jpg","twitter_creator":"@VosgesInfo88","twitter_site":"@VosgesInfo88","twitter_misc":{"\u00c9crit par":"J.J.","Dur\u00e9e de lecture estim\u00e9e":"1 minute"},"schema":{"@context":"https:\/\/schema.org","@graph":[{"@type":"Article","@id":"https:\/\/vosgesinfo.fr\/saintdieinfo\/2025\/07\/les-refuges-des-alpes-sexposent-au-bar-les-deux-rives\/#article","isPartOf":{"@id":"https:\/\/vosgesinfo.fr\/saintdieinfo\/2025\/07\/les-refuges-des-alpes-sexposent-au-bar-les-deux-rives\/"},"author":{"name":"J.J.","@id":"https:\/\/vosgesinfo.fr\/saintdieinfo\/#\/schema\/person\/fa73e9f726d67bb88f46d5b7943cb572"},"headline":"Les refuges des Alpes s&rsquo;exposent au bar Les Deux Rives","datePublished":"2025-07-21T13:20:31+00:00","dateModified":"2025-07-21T13:03:15+00:00","mainEntityOfPage":{"@id":"https:\/\/vosgesinfo.fr\/saintdieinfo\/2025\/07\/les-refuges-des-alpes-sexposent-au-bar-les-deux-rives\/"},"wordCount":217,"commentCount":0,"publisher":{"@id":"https:\/\/vosgesinfo.fr\/saintdieinfo\/#organization"},"image":{"@id":"https:\/\/vosgesinfo.fr\/saintdieinfo\/2025\/07\/les-refuges-des-alpes-sexposent-au-bar-les-deux-rives\/#primaryimage"},"thumbnailUrl":"https:\/\/vosgesinfo.fr\/app\/uploads\/sites\/4\/2025\/07\/expression-ephemere-refuges-alpes-2.jpg","keywords":["Bar Les Deux Rives","Biblioth\u00e8que Universitaire de l'IUT de Saint-Di\u00e9-des-Vosges","Christian Hocquel","Expression \u00e9ph\u00e9m\u00e8re","IUT de Saint-Di\u00e9-des-Vosges","Massif des Alpes","Refuges des Alpes"],"articleSection":["A la Une","Culture","Saint-Di\u00e9-des-Vosges"],"inLanguage":"fr-FR","potentialAction":[{"@type":"CommentAction","name":"Comment","target":["https:\/\/vosgesinfo.fr\/saintdieinfo\/2025\/07\/les-refuges-des-alpes-sexposent-au-bar-les-deux-rives\/#respond"]}]},{"@type":"WebPage","@id":"https:\/\/vosgesinfo.fr\/saintdieinfo\/2025\/07\/les-refuges-des-alpes-sexposent-au-bar-les-deux-rives\/","url":"https:\/\/vosgesinfo.fr\/saintdieinfo\/2025\/07\/les-refuges-des-alpes-sexposent-au-bar-les-deux-rives\/","name":"Les refuges des Alpes s'exposent au bar Les Deux Rives - Saint Die Info","isPartOf":{"@id":"https:\/\/vosgesinfo.fr\/saintdieinfo\/#website"},"primaryImageOfPage":{"@id":"https:\/\/vosgesinfo.fr\/saintdieinfo\/2025\/07\/les-refuges-des-alpes-sexposent-au-bar-les-deux-rives\/#primaryimage"},"image":{"@id":"https:\/\/vosgesinfo.fr\/saintdieinfo\/2025\/07\/les-refuges-des-alpes-sexposent-au-bar-les-deux-rives\/#primaryimage"},"thumbnailUrl":"https:\/\/vosgesinfo.fr\/app\/uploads\/sites\/4\/2025\/07\/expression-ephemere-refuges-alpes-2.jpg","datePublished":"2025-07-21T13:20:31+00:00","dateModified":"2025-07-21T13:03:15+00:00","breadcrumb":{"@id":"https:\/\/vosgesinfo.fr\/saintdieinfo\/2025\/07\/les-refuges-des-alpes-sexposent-au-bar-les-deux-rives\/#breadcrumb"},"inLanguage":"fr-FR","potentialAction":[{"@type":"ReadAction","target":["https:\/\/vosgesinfo.fr\/saintdieinfo\/2025\/07\/les-refuges-des-alpes-sexposent-au-bar-les-deux-rives\/"]}]},{"@type":"ImageObject","inLanguage":"fr-FR","@id":"https:\/\/vosgesinfo.fr\/saintdieinfo\/2025\/07\/les-refuges-des-alpes-sexposent-au-bar-les-deux-rives\/#primaryimage","url":"https:\/\/vosgesinfo.fr\/app\/uploads\/sites\/4\/2025\/07\/expression-ephemere-refuges-alpes-2.jpg","contentUrl":"https:\/\/vosgesinfo.fr\/app\/uploads\/sites\/4\/2025\/07\/expression-ephemere-refuges-alpes-2.jpg","width":1600,"height":1205},{"@type":"BreadcrumbList","@id":"https:\/\/vosgesinfo.fr\/saintdieinfo\/2025\/07\/les-refuges-des-alpes-sexposent-au-bar-les-deux-rives\/#breadcrumb","itemListElement":[{"@type":"ListItem","position":1,"name":"Home","item":"https:\/\/vosgesinfo.fr\/saintdieinfo\/"},{"@type":"ListItem","position":2,"name":"Les refuges des Alpes s&rsquo;exposent au bar Les Deux Rives"}]},{"@type":"WebSite","@id":"https:\/\/vosgesinfo.fr\/saintdieinfo\/#website","url":"https:\/\/vosgesinfo.fr\/saintdieinfo\/","name":"Saint Die Info","description":"Toute l&#039;actualit\u00e9 de Saint-Di\u00e9-Des-Vosges","publisher":{"@id":"https:\/\/vosgesinfo.fr\/saintdieinfo\/#organization"},"alternateName":"Toute l'actualit\u00e9 de Saint-Di\u00e9-Des-Vosges","potentialAction":[{"@type":"SearchAction","target":{"@type":"EntryPoint","urlTemplate":"https:\/\/vosgesinfo.fr\/saintdieinfo\/?s={search_term_string}"},"query-input":"required name=search_term_string"}],"inLanguage":"fr-FR"},{"@type":"Organization","@id":"https:\/\/vosgesinfo.fr\/saintdieinfo\/#organization","name":"Saint Die Info","url":"https:\/\/vosgesinfo.fr\/saintdieinfo\/","logo":{"@type":"ImageObject","inLanguage":"fr-FR","@id":"https:\/\/vosgesinfo.fr\/saintdieinfo\/#\/schema\/logo\/image\/","url":"https:\/\/vosgesinfo.fr\/app\/uploads\/sites\/4\/2024\/02\/logo-sdi.jpg","contentUrl":"https:\/\/vosgesinfo.fr\/app\/uploads\/sites\/4\/2024\/02\/logo-sdi.jpg","width":600,"height":600,"caption":"Saint Die Info"},"image":{"@id":"https:\/\/vosgesinfo.fr\/saintdieinfo\/#\/schema\/logo\/image\/"},"sameAs":["https:\/\/www.facebook.com\/Saintdieinfofr","https:\/\/x.com\/VosgesInfo88","https:\/\/www.youtube.com\/@vosgesinfo"]},{"@type":"Person","@id":"https:\/\/vosgesinfo.fr\/saintdieinfo\/#\/schema\/person\/fa73e9f726d67bb88f46d5b7943cb572","name":"J.J.","image":{"@type":"ImageObject","inLanguage":"fr-FR","@id":"https:\/\/vosgesinfo.fr\/saintdieinfo\/#\/schema\/person\/image\/","url":"https:\/\/secure.gravatar.com\/avatar\/219e749e47ffbcca018a360ae4add7d4cdf1cdaaf8bc7676b27efade3fe65615?s=96&d=mm&r=g","contentUrl":"https:\/\/secure.gravatar.com\/avatar\/219e749e47ffbcca018a360ae4add7d4cdf1cdaaf8bc7676b27efade3fe65615?s=96&d=mm&r=g","caption":"J.J."},"url":"https:\/\/vosgesinfo.fr\/saintdieinfo\/author\/j-j\/"}]}},"_links":{"self":[{"href":"https:\/\/vosgesinfo.fr\/saintdieinfo\/wp-json\/wp\/v2\/posts\/80461","targetHints":{"allow":["GET"]}}],"collection":[{"href":"https:\/\/vosgesinfo.fr\/saintdieinfo\/wp-json\/wp\/v2\/posts"}],"about":[{"href":"https:\/\/vosgesinfo.fr\/saintdieinfo\/wp-json\/wp\/v2\/types\/post"}],"author":[{"embeddable":true,"href":"https:\/\/vosgesinfo.fr\/saintdieinfo\/wp-json\/wp\/v2\/users\/46"}],"replies":[{"embeddable":true,"href":"https:\/\/vosgesinfo.fr\/saintdieinfo\/wp-json\/wp\/v2\/comments?post=80461"}],"version-history":[{"count":1,"href":"https:\/\/vosgesinfo.fr\/saintdieinfo\/wp-json\/wp\/v2\/posts\/80461\/revisions"}],"predecessor-version":[{"id":80462,"href":"https:\/\/vosgesinfo.fr\/saintdieinfo\/wp-json\/wp\/v2\/posts\/80461\/revisions\/80462"}],"wp:featuredmedia":[{"embeddable":true,"href":"https:\/\/vosgesinfo.fr\/saintdieinfo\/wp-json\/wp\/v2\/media\/80457"}],"wp:attachment":[{"href":"https:\/\/vosgesinfo.fr\/saintdieinfo\/wp-json\/wp\/v2\/media?parent=80461"}],"wp:term":[{"taxonomy":"category","embeddable":true,"href":"https:\/\/vosgesinfo.fr\/saintdieinfo\/wp-json\/wp\/v2\/categories?post=80461"},{"taxonomy":"post_tag","embeddable":true,"href":"https:\/\/vosgesinfo.fr\/saintdieinfo\/wp-json\/wp\/v2\/tags?post=80461"}],"curies":[{"name":"wp","href":"https:\/\/api.w.org\/{rel}","templated":true}]}}