{"id":80472,"date":"2025-07-22T10:00:29","date_gmt":"2025-07-22T08:00:29","guid":{"rendered":"https:\/\/vosgesinfo.fr\/saintdieinfo\/?p=80472"},"modified":"2025-07-22T09:44:13","modified_gmt":"2025-07-22T07:44:13","slug":"la-nature-vosgienne-sinvite-a-la-tour-de-la-liberte","status":"publish","type":"post","link":"https:\/\/vosgesinfo.fr\/saintdieinfo\/2025\/07\/la-nature-vosgienne-sinvite-a-la-tour-de-la-liberte\/","title":{"rendered":"La nature vosgienne s\u2019invite \u00e0 la Tour de la Libert\u00e9"},"content":{"rendered":"<h2>Une exposition photo d\u00e9di\u00e9e \u00e0 la <strong>faune<\/strong>, la <strong>flore<\/strong> et aux <strong>paysages vosgiens<\/strong> sera pr\u00e9sent\u00e9e du <strong>16 au 30 ao\u00fbt<\/strong> \u00e0 la <strong>Tour de la Libert\u00e9<\/strong> de <strong>Saint-Di\u00e9-des-Vosges<\/strong>.<\/h2>\n<p>Sobrement intitul\u00e9e <strong>Nos Vosges<\/strong>, cette exposition collective r\u00e9unit les <strong>regards d\u2019auteurs photographes passionn\u00e9s<\/strong> du groupe <strong>\u00ab Passion-Photos-Nature des Amis de la Nature \u00bb<\/strong>. \u00c0 travers leurs clich\u00e9s, les visiteurs pourront d\u00e9couvrir la <strong>richesse<\/strong> et la <strong>beaut\u00e9 des milieux naturels<\/strong> du territoire vosgien. L&rsquo;exposition sera visible chaque jour, de <strong>13h30 \u00e0 18h<\/strong>. <strong>Entr\u00e9e libre<\/strong>.<\/p>\n<p><a href=\"https:\/\/vosgesinfo.fr\/app\/uploads\/sites\/4\/2025\/07\/exposition-amis-de-la-nature.jpg\"><img decoding=\"async\" class=\"alignnone size-large wp-image-80473\" src=\"https:\/\/vosgesinfo.fr\/app\/uploads\/sites\/4\/2025\/07\/exposition-amis-de-la-nature-708x1024.jpg\" alt=\"\" width=\"708\" height=\"1024\" srcset=\"https:\/\/vosgesinfo.fr\/app\/uploads\/sites\/4\/2025\/07\/exposition-amis-de-la-nature-708x1024.jpg 708w, https:\/\/vosgesinfo.fr\/app\/uploads\/sites\/4\/2025\/07\/exposition-amis-de-la-nature-207x300.jpg 207w, https:\/\/vosgesinfo.fr\/app\/uploads\/sites\/4\/2025\/07\/exposition-amis-de-la-nature-768x1112.jpg 768w, https:\/\/vosgesinfo.fr\/app\/uploads\/sites\/4\/2025\/07\/exposition-amis-de-la-nature-1061x1536.jpg 1061w, https:\/\/vosgesinfo.fr\/app\/uploads\/sites\/4\/2025\/07\/exposition-amis-de-la-nature.jpg 1415w\" sizes=\"(max-width: 708px) 100vw, 708px\" \/><\/a><\/p>\n","protected":false},"excerpt":{"rendered":"<p>Une exposition photo d\u00e9di\u00e9e \u00e0 la faune, la flore et aux paysages vosgiens sera pr\u00e9sent\u00e9e du 16 au 30 ao\u00fbt [&hellip;]<\/p>\n","protected":false},"author":46,"featured_media":80474,"comment_status":"open","ping_status":"open","sticky":false,"template":"","format":"standard","meta":{"footnotes":""},"categories":[3900,7,167,17],"tags":[5556,2952,17825,6856,17826,2953],"class_list":["post-80472","post","type-post","status-publish","format-standard","has-post-thumbnail","hentry","category-breves","category-environnement","category-saint-die-des-vosges","category-vie-associative","tag-amis-de-la-nature-de-saint-die-des-vosges","tag-exposition-photographique","tag-groupe-passion-photos-nature-des-amis-de-la-nature","tag-les-amis-de-la-nature","tag-nos-vosges","tag-tour-de-la-liberte"],"acf":[],"yoast_head":"<!-- This site is optimized with the Yoast SEO plugin v22.5 - https:\/\/yoast.com\/wordpress\/plugins\/seo\/ -->\n<title>La nature vosgienne s\u2019invite \u00e0 la Tour de la Libert\u00e9 - Saint Die Info<\/title>\n<meta name=\"robots\" content=\"index, follow, max-snippet:-1, max-image-preview:large, max-video-preview:-1\" \/>\n<link rel=\"canonical\" href=\"https:\/\/vosgesinfo.fr\/saintdieinfo\/2025\/07\/la-nature-vosgienne-sinvite-a-la-tour-de-la-liberte\/\" \/>\n<meta name=\"twitter:card\" content=\"summary_large_image\" \/>\n<meta name=\"twitter:title\" content=\"La nature vosgienne s\u2019invite \u00e0 la Tour de la Libert\u00e9 - Saint Die Info\" \/>\n<meta name=\"twitter:description\" content=\"Une exposition photo d\u00e9di\u00e9e \u00e0 la faune, la flore et aux paysages vosgiens sera pr\u00e9sent\u00e9e du 16 au 30 ao\u00fbt [&hellip;]\" \/>\n<meta name=\"twitter:image\" content=\"https:\/\/vosgesinfo.fr\/app\/uploads\/sites\/4\/2025\/07\/exposition-amis-de-la-nature.png\" \/>\n<meta name=\"twitter:creator\" content=\"@VosgesInfo88\" \/>\n<meta name=\"twitter:site\" content=\"@VosgesInfo88\" \/>\n<meta name=\"twitter:label1\" content=\"\u00c9crit par\" \/>\n\t<meta name=\"twitter:data1\" content=\"J.J.\" \/>\n<script type=\"application\/ld+json\" class=\"yoast-schema-graph\">{\"@context\":\"https:\/\/schema.org\",\"@graph\":[{\"@type\":\"Article\",\"@id\":\"https:\/\/vosgesinfo.fr\/saintdieinfo\/2025\/07\/la-nature-vosgienne-sinvite-a-la-tour-de-la-liberte\/#article\",\"isPartOf\":{\"@id\":\"https:\/\/vosgesinfo.fr\/saintdieinfo\/2025\/07\/la-nature-vosgienne-sinvite-a-la-tour-de-la-liberte\/\"},\"author\":{\"name\":\"J.J.\",\"@id\":\"https:\/\/vosgesinfo.fr\/saintdieinfo\/#\/schema\/person\/fa73e9f726d67bb88f46d5b7943cb572\"},\"headline\":\"La nature vosgienne s\u2019invite \u00e0 la Tour de la Libert\u00e9\",\"datePublished\":\"2025-07-22T08:00:29+00:00\",\"dateModified\":\"2025-07-22T07:44:13+00:00\",\"mainEntityOfPage\":{\"@id\":\"https:\/\/vosgesinfo.fr\/saintdieinfo\/2025\/07\/la-nature-vosgienne-sinvite-a-la-tour-de-la-liberte\/\"},\"wordCount\":97,\"commentCount\":0,\"publisher\":{\"@id\":\"https:\/\/vosgesinfo.fr\/saintdieinfo\/#organization\"},\"image\":{\"@id\":\"https:\/\/vosgesinfo.fr\/saintdieinfo\/2025\/07\/la-nature-vosgienne-sinvite-a-la-tour-de-la-liberte\/#primaryimage\"},\"thumbnailUrl\":\"https:\/\/vosgesinfo.fr\/app\/uploads\/sites\/4\/2025\/07\/exposition-amis-de-la-nature.png\",\"keywords\":[\"Amis de la Nature de Saint-Di\u00e9-des-Vosges\",\"Exposition photographique\",\"Groupe Passion-Photos-Nature des Amis de la Nature\",\"Les Amis de la Nature\",\"Nos Vosges\",\"Tour de la Libert\u00e9\"],\"articleSection\":[\"Br\u00e8ves\",\"Environnement\",\"Saint-Di\u00e9-des-Vosges\",\"Vie Associative\"],\"inLanguage\":\"fr-FR\",\"potentialAction\":[{\"@type\":\"CommentAction\",\"name\":\"Comment\",\"target\":[\"https:\/\/vosgesinfo.fr\/saintdieinfo\/2025\/07\/la-nature-vosgienne-sinvite-a-la-tour-de-la-liberte\/#respond\"]}]},{\"@type\":\"WebPage\",\"@id\":\"https:\/\/vosgesinfo.fr\/saintdieinfo\/2025\/07\/la-nature-vosgienne-sinvite-a-la-tour-de-la-liberte\/\",\"url\":\"https:\/\/vosgesinfo.fr\/saintdieinfo\/2025\/07\/la-nature-vosgienne-sinvite-a-la-tour-de-la-liberte\/\",\"name\":\"La nature vosgienne s\u2019invite \u00e0 la Tour de la Libert\u00e9 - Saint Die Info\",\"isPartOf\":{\"@id\":\"https:\/\/vosgesinfo.fr\/saintdieinfo\/#website\"},\"primaryImageOfPage\":{\"@id\":\"https:\/\/vosgesinfo.fr\/saintdieinfo\/2025\/07\/la-nature-vosgienne-sinvite-a-la-tour-de-la-liberte\/#primaryimage\"},\"image\":{\"@id\":\"https:\/\/vosgesinfo.fr\/saintdieinfo\/2025\/07\/la-nature-vosgienne-sinvite-a-la-tour-de-la-liberte\/#primaryimage\"},\"thumbnailUrl\":\"https:\/\/vosgesinfo.fr\/app\/uploads\/sites\/4\/2025\/07\/exposition-amis-de-la-nature.png\",\"datePublished\":\"2025-07-22T08:00:29+00:00\",\"dateModified\":\"2025-07-22T07:44:13+00:00\",\"breadcrumb\":{\"@id\":\"https:\/\/vosgesinfo.fr\/saintdieinfo\/2025\/07\/la-nature-vosgienne-sinvite-a-la-tour-de-la-liberte\/#breadcrumb\"},\"inLanguage\":\"fr-FR\",\"potentialAction\":[{\"@type\":\"ReadAction\",\"target\":[\"https:\/\/vosgesinfo.fr\/saintdieinfo\/2025\/07\/la-nature-vosgienne-sinvite-a-la-tour-de-la-liberte\/\"]}]},{\"@type\":\"ImageObject\",\"inLanguage\":\"fr-FR\",\"@id\":\"https:\/\/vosgesinfo.fr\/saintdieinfo\/2025\/07\/la-nature-vosgienne-sinvite-a-la-tour-de-la-liberte\/#primaryimage\",\"url\":\"https:\/\/vosgesinfo.fr\/app\/uploads\/sites\/4\/2025\/07\/exposition-amis-de-la-nature.png\",\"contentUrl\":\"https:\/\/vosgesinfo.fr\/app\/uploads\/sites\/4\/2025\/07\/exposition-amis-de-la-nature.png\",\"width\":1794,\"height\":1194},{\"@type\":\"BreadcrumbList\",\"@id\":\"https:\/\/vosgesinfo.fr\/saintdieinfo\/2025\/07\/la-nature-vosgienne-sinvite-a-la-tour-de-la-liberte\/#breadcrumb\",\"itemListElement\":[{\"@type\":\"ListItem\",\"position\":1,\"name\":\"Home\",\"item\":\"https:\/\/vosgesinfo.fr\/saintdieinfo\/\"},{\"@type\":\"ListItem\",\"position\":2,\"name\":\"La nature vosgienne s\u2019invite \u00e0 la Tour de la Libert\u00e9\"}]},{\"@type\":\"WebSite\",\"@id\":\"https:\/\/vosgesinfo.fr\/saintdieinfo\/#website\",\"url\":\"https:\/\/vosgesinfo.fr\/saintdieinfo\/\",\"name\":\"Saint Die Info\",\"description\":\"Toute l&#039;actualit\u00e9 de Saint-Di\u00e9-Des-Vosges\",\"publisher\":{\"@id\":\"https:\/\/vosgesinfo.fr\/saintdieinfo\/#organization\"},\"alternateName\":\"Toute l'actualit\u00e9 de Saint-Di\u00e9-Des-Vosges\",\"potentialAction\":[{\"@type\":\"SearchAction\",\"target\":{\"@type\":\"EntryPoint\",\"urlTemplate\":\"https:\/\/vosgesinfo.fr\/saintdieinfo\/?s={search_term_string}\"},\"query-input\":\"required name=search_term_string\"}],\"inLanguage\":\"fr-FR\"},{\"@type\":\"Organization\",\"@id\":\"https:\/\/vosgesinfo.fr\/saintdieinfo\/#organization\",\"name\":\"Saint Die Info\",\"url\":\"https:\/\/vosgesinfo.fr\/saintdieinfo\/\",\"logo\":{\"@type\":\"ImageObject\",\"inLanguage\":\"fr-FR\",\"@id\":\"https:\/\/vosgesinfo.fr\/saintdieinfo\/#\/schema\/logo\/image\/\",\"url\":\"https:\/\/vosgesinfo.fr\/app\/uploads\/sites\/4\/2024\/02\/logo-sdi.jpg\",\"contentUrl\":\"https:\/\/vosgesinfo.fr\/app\/uploads\/sites\/4\/2024\/02\/logo-sdi.jpg\",\"width\":600,\"height\":600,\"caption\":\"Saint Die Info\"},\"image\":{\"@id\":\"https:\/\/vosgesinfo.fr\/saintdieinfo\/#\/schema\/logo\/image\/\"},\"sameAs\":[\"https:\/\/www.facebook.com\/Saintdieinfofr\",\"https:\/\/x.com\/VosgesInfo88\",\"https:\/\/www.youtube.com\/@vosgesinfo\"]},{\"@type\":\"Person\",\"@id\":\"https:\/\/vosgesinfo.fr\/saintdieinfo\/#\/schema\/person\/fa73e9f726d67bb88f46d5b7943cb572\",\"name\":\"J.J.\",\"image\":{\"@type\":\"ImageObject\",\"inLanguage\":\"fr-FR\",\"@id\":\"https:\/\/vosgesinfo.fr\/saintdieinfo\/#\/schema\/person\/image\/\",\"url\":\"https:\/\/secure.gravatar.com\/avatar\/219e749e47ffbcca018a360ae4add7d4cdf1cdaaf8bc7676b27efade3fe65615?s=96&d=mm&r=g\",\"contentUrl\":\"https:\/\/secure.gravatar.com\/avatar\/219e749e47ffbcca018a360ae4add7d4cdf1cdaaf8bc7676b27efade3fe65615?s=96&d=mm&r=g\",\"caption\":\"J.J.\"},\"url\":\"https:\/\/vosgesinfo.fr\/saintdieinfo\/author\/j-j\/\"}]}<\/script>\n<!-- \/ Yoast SEO plugin. -->","yoast_head_json":{"title":"La nature vosgienne s\u2019invite \u00e0 la Tour de la Libert\u00e9 - Saint Die Info","robots":{"index":"index","follow":"follow","max-snippet":"max-snippet:-1","max-image-preview":"max-image-preview:large","max-video-preview":"max-video-preview:-1"},"canonical":"https:\/\/vosgesinfo.fr\/saintdieinfo\/2025\/07\/la-nature-vosgienne-sinvite-a-la-tour-de-la-liberte\/","twitter_card":"summary_large_image","twitter_title":"La nature vosgienne s\u2019invite \u00e0 la Tour de la Libert\u00e9 - Saint Die Info","twitter_description":"Une exposition photo d\u00e9di\u00e9e \u00e0 la faune, la flore et aux paysages vosgiens sera pr\u00e9sent\u00e9e du 16 au 30 ao\u00fbt [&hellip;]","twitter_image":"https:\/\/vosgesinfo.fr\/app\/uploads\/sites\/4\/2025\/07\/exposition-amis-de-la-nature.png","twitter_creator":"@VosgesInfo88","twitter_site":"@VosgesInfo88","twitter_misc":{"\u00c9crit par":"J.J."},"schema":{"@context":"https:\/\/schema.org","@graph":[{"@type":"Article","@id":"https:\/\/vosgesinfo.fr\/saintdieinfo\/2025\/07\/la-nature-vosgienne-sinvite-a-la-tour-de-la-liberte\/#article","isPartOf":{"@id":"https:\/\/vosgesinfo.fr\/saintdieinfo\/2025\/07\/la-nature-vosgienne-sinvite-a-la-tour-de-la-liberte\/"},"author":{"name":"J.J.","@id":"https:\/\/vosgesinfo.fr\/saintdieinfo\/#\/schema\/person\/fa73e9f726d67bb88f46d5b7943cb572"},"headline":"La nature vosgienne s\u2019invite \u00e0 la Tour de la Libert\u00e9","datePublished":"2025-07-22T08:00:29+00:00","dateModified":"2025-07-22T07:44:13+00:00","mainEntityOfPage":{"@id":"https:\/\/vosgesinfo.fr\/saintdieinfo\/2025\/07\/la-nature-vosgienne-sinvite-a-la-tour-de-la-liberte\/"},"wordCount":97,"commentCount":0,"publisher":{"@id":"https:\/\/vosgesinfo.fr\/saintdieinfo\/#organization"},"image":{"@id":"https:\/\/vosgesinfo.fr\/saintdieinfo\/2025\/07\/la-nature-vosgienne-sinvite-a-la-tour-de-la-liberte\/#primaryimage"},"thumbnailUrl":"https:\/\/vosgesinfo.fr\/app\/uploads\/sites\/4\/2025\/07\/exposition-amis-de-la-nature.png","keywords":["Amis de la Nature de Saint-Di\u00e9-des-Vosges","Exposition photographique","Groupe Passion-Photos-Nature des Amis de la Nature","Les Amis de la Nature","Nos Vosges","Tour de la Libert\u00e9"],"articleSection":["Br\u00e8ves","Environnement","Saint-Di\u00e9-des-Vosges","Vie Associative"],"inLanguage":"fr-FR","potentialAction":[{"@type":"CommentAction","name":"Comment","target":["https:\/\/vosgesinfo.fr\/saintdieinfo\/2025\/07\/la-nature-vosgienne-sinvite-a-la-tour-de-la-liberte\/#respond"]}]},{"@type":"WebPage","@id":"https:\/\/vosgesinfo.fr\/saintdieinfo\/2025\/07\/la-nature-vosgienne-sinvite-a-la-tour-de-la-liberte\/","url":"https:\/\/vosgesinfo.fr\/saintdieinfo\/2025\/07\/la-nature-vosgienne-sinvite-a-la-tour-de-la-liberte\/","name":"La nature vosgienne s\u2019invite \u00e0 la Tour de la Libert\u00e9 - Saint Die Info","isPartOf":{"@id":"https:\/\/vosgesinfo.fr\/saintdieinfo\/#website"},"primaryImageOfPage":{"@id":"https:\/\/vosgesinfo.fr\/saintdieinfo\/2025\/07\/la-nature-vosgienne-sinvite-a-la-tour-de-la-liberte\/#primaryimage"},"image":{"@id":"https:\/\/vosgesinfo.fr\/saintdieinfo\/2025\/07\/la-nature-vosgienne-sinvite-a-la-tour-de-la-liberte\/#primaryimage"},"thumbnailUrl":"https:\/\/vosgesinfo.fr\/app\/uploads\/sites\/4\/2025\/07\/exposition-amis-de-la-nature.png","datePublished":"2025-07-22T08:00:29+00:00","dateModified":"2025-07-22T07:44:13+00:00","breadcrumb":{"@id":"https:\/\/vosgesinfo.fr\/saintdieinfo\/2025\/07\/la-nature-vosgienne-sinvite-a-la-tour-de-la-liberte\/#breadcrumb"},"inLanguage":"fr-FR","potentialAction":[{"@type":"ReadAction","target":["https:\/\/vosgesinfo.fr\/saintdieinfo\/2025\/07\/la-nature-vosgienne-sinvite-a-la-tour-de-la-liberte\/"]}]},{"@type":"ImageObject","inLanguage":"fr-FR","@id":"https:\/\/vosgesinfo.fr\/saintdieinfo\/2025\/07\/la-nature-vosgienne-sinvite-a-la-tour-de-la-liberte\/#primaryimage","url":"https:\/\/vosgesinfo.fr\/app\/uploads\/sites\/4\/2025\/07\/exposition-amis-de-la-nature.png","contentUrl":"https:\/\/vosgesinfo.fr\/app\/uploads\/sites\/4\/2025\/07\/exposition-amis-de-la-nature.png","width":1794,"height":1194},{"@type":"BreadcrumbList","@id":"https:\/\/vosgesinfo.fr\/saintdieinfo\/2025\/07\/la-nature-vosgienne-sinvite-a-la-tour-de-la-liberte\/#breadcrumb","itemListElement":[{"@type":"ListItem","position":1,"name":"Home","item":"https:\/\/vosgesinfo.fr\/saintdieinfo\/"},{"@type":"ListItem","position":2,"name":"La nature vosgienne s\u2019invite \u00e0 la Tour de la Libert\u00e9"}]},{"@type":"WebSite","@id":"https:\/\/vosgesinfo.fr\/saintdieinfo\/#website","url":"https:\/\/vosgesinfo.fr\/saintdieinfo\/","name":"Saint Die Info","description":"Toute l&#039;actualit\u00e9 de Saint-Di\u00e9-Des-Vosges","publisher":{"@id":"https:\/\/vosgesinfo.fr\/saintdieinfo\/#organization"},"alternateName":"Toute l'actualit\u00e9 de Saint-Di\u00e9-Des-Vosges","potentialAction":[{"@type":"SearchAction","target":{"@type":"EntryPoint","urlTemplate":"https:\/\/vosgesinfo.fr\/saintdieinfo\/?s={search_term_string}"},"query-input":"required name=search_term_string"}],"inLanguage":"fr-FR"},{"@type":"Organization","@id":"https:\/\/vosgesinfo.fr\/saintdieinfo\/#organization","name":"Saint Die Info","url":"https:\/\/vosgesinfo.fr\/saintdieinfo\/","logo":{"@type":"ImageObject","inLanguage":"fr-FR","@id":"https:\/\/vosgesinfo.fr\/saintdieinfo\/#\/schema\/logo\/image\/","url":"https:\/\/vosgesinfo.fr\/app\/uploads\/sites\/4\/2024\/02\/logo-sdi.jpg","contentUrl":"https:\/\/vosgesinfo.fr\/app\/uploads\/sites\/4\/2024\/02\/logo-sdi.jpg","width":600,"height":600,"caption":"Saint Die Info"},"image":{"@id":"https:\/\/vosgesinfo.fr\/saintdieinfo\/#\/schema\/logo\/image\/"},"sameAs":["https:\/\/www.facebook.com\/Saintdieinfofr","https:\/\/x.com\/VosgesInfo88","https:\/\/www.youtube.com\/@vosgesinfo"]},{"@type":"Person","@id":"https:\/\/vosgesinfo.fr\/saintdieinfo\/#\/schema\/person\/fa73e9f726d67bb88f46d5b7943cb572","name":"J.J.","image":{"@type":"ImageObject","inLanguage":"fr-FR","@id":"https:\/\/vosgesinfo.fr\/saintdieinfo\/#\/schema\/person\/image\/","url":"https:\/\/secure.gravatar.com\/avatar\/219e749e47ffbcca018a360ae4add7d4cdf1cdaaf8bc7676b27efade3fe65615?s=96&d=mm&r=g","contentUrl":"https:\/\/secure.gravatar.com\/avatar\/219e749e47ffbcca018a360ae4add7d4cdf1cdaaf8bc7676b27efade3fe65615?s=96&d=mm&r=g","caption":"J.J."},"url":"https:\/\/vosgesinfo.fr\/saintdieinfo\/author\/j-j\/"}]}},"_links":{"self":[{"href":"https:\/\/vosgesinfo.fr\/saintdieinfo\/wp-json\/wp\/v2\/posts\/80472","targetHints":{"allow":["GET"]}}],"collection":[{"href":"https:\/\/vosgesinfo.fr\/saintdieinfo\/wp-json\/wp\/v2\/posts"}],"about":[{"href":"https:\/\/vosgesinfo.fr\/saintdieinfo\/wp-json\/wp\/v2\/types\/post"}],"author":[{"embeddable":true,"href":"https:\/\/vosgesinfo.fr\/saintdieinfo\/wp-json\/wp\/v2\/users\/46"}],"replies":[{"embeddable":true,"href":"https:\/\/vosgesinfo.fr\/saintdieinfo\/wp-json\/wp\/v2\/comments?post=80472"}],"version-history":[{"count":1,"href":"https:\/\/vosgesinfo.fr\/saintdieinfo\/wp-json\/wp\/v2\/posts\/80472\/revisions"}],"predecessor-version":[{"id":80475,"href":"https:\/\/vosgesinfo.fr\/saintdieinfo\/wp-json\/wp\/v2\/posts\/80472\/revisions\/80475"}],"wp:featuredmedia":[{"embeddable":true,"href":"https:\/\/vosgesinfo.fr\/saintdieinfo\/wp-json\/wp\/v2\/media\/80474"}],"wp:attachment":[{"href":"https:\/\/vosgesinfo.fr\/saintdieinfo\/wp-json\/wp\/v2\/media?parent=80472"}],"wp:term":[{"taxonomy":"category","embeddable":true,"href":"https:\/\/vosgesinfo.fr\/saintdieinfo\/wp-json\/wp\/v2\/categories?post=80472"},{"taxonomy":"post_tag","embeddable":true,"href":"https:\/\/vosgesinfo.fr\/saintdieinfo\/wp-json\/wp\/v2\/tags?post=80472"}],"curies":[{"name":"wp","href":"https:\/\/api.w.org\/{rel}","templated":true}]}}