{"id":80476,"date":"2025-07-22T11:15:35","date_gmt":"2025-07-22T09:15:35","guid":{"rendered":"https:\/\/vosgesinfo.fr\/saintdieinfo\/?p=80476"},"modified":"2025-07-22T10:56:53","modified_gmt":"2025-07-22T08:56:53","slug":"celles-sur-plaine-une-sortie-nature-a-la-decouverte-de-la-riviere-la-plaine","status":"publish","type":"post","link":"https:\/\/vosgesinfo.fr\/saintdieinfo\/2025\/07\/celles-sur-plaine-une-sortie-nature-a-la-decouverte-de-la-riviere-la-plaine\/","title":{"rendered":"Celles-sur-Plaine \u2013 Une sortie nature \u00e0 la d\u00e9couverte de la rivi\u00e8re La Plaine"},"content":{"rendered":"<h2><strong>Ce jeudi 24 juillet \u00e0 14h30, l\u2019association ETC Terra propose une sortie nature \u00e0 Celles-sur-Plaine, qui sera consacr\u00e9e \u00e0 la d\u00e9couverte de la rivi\u00e8re La Plaine. Une occasion d\u2019en apprendre davantage sur les richesses naturelles et les secrets de ce cours d\u2019eau.<\/strong><\/h2>\n<p><!--more--><\/p>\n<p>Cette sortie nature est <strong>gratuite<\/strong> et <strong>ouverte \u00e0 tous<\/strong>, mais une <strong>inscription pr\u00e9alable<\/strong> est demand\u00e9e, par t\u00e9l\u00e9phone au <strong>07-81-52-29-81<\/strong> ou par courriel via <strong><a href=\"mailto:contact@etcterra.fr\" target=\"_blank\" rel=\"noopener\">contact@etcterra.fr<\/a><\/strong>. Le <strong>lieu exact de rendez-vous<\/strong> sera communiqu\u00e9 lors de l\u2019inscription.<\/p>\n<p><a href=\"https:\/\/vosgesinfo.fr\/app\/uploads\/sites\/4\/2025\/07\/en-plaine-nature.jpg\"><img decoding=\"async\" class=\"alignnone size-large wp-image-80477\" src=\"https:\/\/vosgesinfo.fr\/app\/uploads\/sites\/4\/2025\/07\/en-plaine-nature-722x1024.jpg\" alt=\"\" width=\"722\" height=\"1024\" srcset=\"https:\/\/vosgesinfo.fr\/app\/uploads\/sites\/4\/2025\/07\/en-plaine-nature-722x1024.jpg 722w, https:\/\/vosgesinfo.fr\/app\/uploads\/sites\/4\/2025\/07\/en-plaine-nature-212x300.jpg 212w, https:\/\/vosgesinfo.fr\/app\/uploads\/sites\/4\/2025\/07\/en-plaine-nature-768x1089.jpg 768w, https:\/\/vosgesinfo.fr\/app\/uploads\/sites\/4\/2025\/07\/en-plaine-nature.jpg 839w\" sizes=\"(max-width: 722px) 100vw, 722px\" \/><\/a><\/p>\n","protected":false},"excerpt":{"rendered":"<p>Ce jeudi 24 juillet \u00e0 14h30, l\u2019association ETC Terra propose une sortie nature \u00e0 Celles-sur-Plaine, qui sera consacr\u00e9e \u00e0 la [&hellip;]<\/p>\n","protected":false},"author":46,"featured_media":80477,"comment_status":"open","ping_status":"open","sticky":false,"template":"","format":"standard","meta":{"footnotes":""},"categories":[3900,3903,7,17],"tags":[11419,3278,3029,17827],"class_list":["post-80476","post","type-post","status-publish","format-standard","has-post-thumbnail","hentry","category-breves","category-deodatie","category-environnement","category-vie-associative","tag-celles-sur-plaine","tag-en-plaine-nature","tag-etc-terra","tag-riviere-de-la-plaine"],"acf":[],"yoast_head":"<!-- This site is optimized with the Yoast SEO plugin v22.5 - https:\/\/yoast.com\/wordpress\/plugins\/seo\/ -->\n<title>Celles-sur-Plaine \u2013 Une sortie nature \u00e0 la d\u00e9couverte de la rivi\u00e8re La Plaine - Saint Die Info<\/title>\n<meta name=\"robots\" content=\"index, follow, max-snippet:-1, max-image-preview:large, max-video-preview:-1\" \/>\n<link rel=\"canonical\" href=\"https:\/\/vosgesinfo.fr\/saintdieinfo\/2025\/07\/celles-sur-plaine-une-sortie-nature-a-la-decouverte-de-la-riviere-la-plaine\/\" \/>\n<meta name=\"twitter:card\" content=\"summary_large_image\" \/>\n<meta name=\"twitter:title\" content=\"Celles-sur-Plaine \u2013 Une sortie nature \u00e0 la d\u00e9couverte de la rivi\u00e8re La Plaine - Saint Die Info\" \/>\n<meta name=\"twitter:description\" content=\"Ce jeudi 24 juillet \u00e0 14h30, l\u2019association ETC Terra propose une sortie nature \u00e0 Celles-sur-Plaine, qui sera consacr\u00e9e \u00e0 la [&hellip;]\" \/>\n<meta name=\"twitter:image\" content=\"https:\/\/vosgesinfo.fr\/app\/uploads\/sites\/4\/2025\/07\/en-plaine-nature.jpg\" \/>\n<meta name=\"twitter:creator\" content=\"@VosgesInfo88\" \/>\n<meta name=\"twitter:site\" content=\"@VosgesInfo88\" \/>\n<meta name=\"twitter:label1\" content=\"\u00c9crit par\" \/>\n\t<meta name=\"twitter:data1\" content=\"J.J.\" \/>\n<script type=\"application\/ld+json\" class=\"yoast-schema-graph\">{\"@context\":\"https:\/\/schema.org\",\"@graph\":[{\"@type\":\"Article\",\"@id\":\"https:\/\/vosgesinfo.fr\/saintdieinfo\/2025\/07\/celles-sur-plaine-une-sortie-nature-a-la-decouverte-de-la-riviere-la-plaine\/#article\",\"isPartOf\":{\"@id\":\"https:\/\/vosgesinfo.fr\/saintdieinfo\/2025\/07\/celles-sur-plaine-une-sortie-nature-a-la-decouverte-de-la-riviere-la-plaine\/\"},\"author\":{\"name\":\"J.J.\",\"@id\":\"https:\/\/vosgesinfo.fr\/saintdieinfo\/#\/schema\/person\/fa73e9f726d67bb88f46d5b7943cb572\"},\"headline\":\"Celles-sur-Plaine \u2013 Une sortie nature \u00e0 la d\u00e9couverte de la rivi\u00e8re La Plaine\",\"datePublished\":\"2025-07-22T09:15:35+00:00\",\"dateModified\":\"2025-07-22T08:56:53+00:00\",\"mainEntityOfPage\":{\"@id\":\"https:\/\/vosgesinfo.fr\/saintdieinfo\/2025\/07\/celles-sur-plaine-une-sortie-nature-a-la-decouverte-de-la-riviere-la-plaine\/\"},\"wordCount\":100,\"commentCount\":0,\"publisher\":{\"@id\":\"https:\/\/vosgesinfo.fr\/saintdieinfo\/#organization\"},\"image\":{\"@id\":\"https:\/\/vosgesinfo.fr\/saintdieinfo\/2025\/07\/celles-sur-plaine-une-sortie-nature-a-la-decouverte-de-la-riviere-la-plaine\/#primaryimage\"},\"thumbnailUrl\":\"https:\/\/vosgesinfo.fr\/app\/uploads\/sites\/4\/2025\/07\/en-plaine-nature.jpg\",\"keywords\":[\"Celles-sur-Plaine\",\"En plaine nature\",\"ETC... Terra\",\"Rivi\u00e8re de La Plaine\"],\"articleSection\":[\"Br\u00e8ves\",\"D\u00e9odatie\",\"Environnement\",\"Vie Associative\"],\"inLanguage\":\"fr-FR\",\"potentialAction\":[{\"@type\":\"CommentAction\",\"name\":\"Comment\",\"target\":[\"https:\/\/vosgesinfo.fr\/saintdieinfo\/2025\/07\/celles-sur-plaine-une-sortie-nature-a-la-decouverte-de-la-riviere-la-plaine\/#respond\"]}]},{\"@type\":\"WebPage\",\"@id\":\"https:\/\/vosgesinfo.fr\/saintdieinfo\/2025\/07\/celles-sur-plaine-une-sortie-nature-a-la-decouverte-de-la-riviere-la-plaine\/\",\"url\":\"https:\/\/vosgesinfo.fr\/saintdieinfo\/2025\/07\/celles-sur-plaine-une-sortie-nature-a-la-decouverte-de-la-riviere-la-plaine\/\",\"name\":\"Celles-sur-Plaine \u2013 Une sortie nature \u00e0 la d\u00e9couverte de la rivi\u00e8re La Plaine - Saint Die Info\",\"isPartOf\":{\"@id\":\"https:\/\/vosgesinfo.fr\/saintdieinfo\/#website\"},\"primaryImageOfPage\":{\"@id\":\"https:\/\/vosgesinfo.fr\/saintdieinfo\/2025\/07\/celles-sur-plaine-une-sortie-nature-a-la-decouverte-de-la-riviere-la-plaine\/#primaryimage\"},\"image\":{\"@id\":\"https:\/\/vosgesinfo.fr\/saintdieinfo\/2025\/07\/celles-sur-plaine-une-sortie-nature-a-la-decouverte-de-la-riviere-la-plaine\/#primaryimage\"},\"thumbnailUrl\":\"https:\/\/vosgesinfo.fr\/app\/uploads\/sites\/4\/2025\/07\/en-plaine-nature.jpg\",\"datePublished\":\"2025-07-22T09:15:35+00:00\",\"dateModified\":\"2025-07-22T08:56:53+00:00\",\"breadcrumb\":{\"@id\":\"https:\/\/vosgesinfo.fr\/saintdieinfo\/2025\/07\/celles-sur-plaine-une-sortie-nature-a-la-decouverte-de-la-riviere-la-plaine\/#breadcrumb\"},\"inLanguage\":\"fr-FR\",\"potentialAction\":[{\"@type\":\"ReadAction\",\"target\":[\"https:\/\/vosgesinfo.fr\/saintdieinfo\/2025\/07\/celles-sur-plaine-une-sortie-nature-a-la-decouverte-de-la-riviere-la-plaine\/\"]}]},{\"@type\":\"ImageObject\",\"inLanguage\":\"fr-FR\",\"@id\":\"https:\/\/vosgesinfo.fr\/saintdieinfo\/2025\/07\/celles-sur-plaine-une-sortie-nature-a-la-decouverte-de-la-riviere-la-plaine\/#primaryimage\",\"url\":\"https:\/\/vosgesinfo.fr\/app\/uploads\/sites\/4\/2025\/07\/en-plaine-nature.jpg\",\"contentUrl\":\"https:\/\/vosgesinfo.fr\/app\/uploads\/sites\/4\/2025\/07\/en-plaine-nature.jpg\",\"width\":839,\"height\":1190},{\"@type\":\"BreadcrumbList\",\"@id\":\"https:\/\/vosgesinfo.fr\/saintdieinfo\/2025\/07\/celles-sur-plaine-une-sortie-nature-a-la-decouverte-de-la-riviere-la-plaine\/#breadcrumb\",\"itemListElement\":[{\"@type\":\"ListItem\",\"position\":1,\"name\":\"Home\",\"item\":\"https:\/\/vosgesinfo.fr\/saintdieinfo\/\"},{\"@type\":\"ListItem\",\"position\":2,\"name\":\"Celles-sur-Plaine \u2013 Une sortie nature \u00e0 la d\u00e9couverte de la rivi\u00e8re La Plaine\"}]},{\"@type\":\"WebSite\",\"@id\":\"https:\/\/vosgesinfo.fr\/saintdieinfo\/#website\",\"url\":\"https:\/\/vosgesinfo.fr\/saintdieinfo\/\",\"name\":\"Saint Die Info\",\"description\":\"Toute l&#039;actualit\u00e9 de Saint-Di\u00e9-Des-Vosges\",\"publisher\":{\"@id\":\"https:\/\/vosgesinfo.fr\/saintdieinfo\/#organization\"},\"alternateName\":\"Toute l'actualit\u00e9 de Saint-Di\u00e9-Des-Vosges\",\"potentialAction\":[{\"@type\":\"SearchAction\",\"target\":{\"@type\":\"EntryPoint\",\"urlTemplate\":\"https:\/\/vosgesinfo.fr\/saintdieinfo\/?s={search_term_string}\"},\"query-input\":\"required name=search_term_string\"}],\"inLanguage\":\"fr-FR\"},{\"@type\":\"Organization\",\"@id\":\"https:\/\/vosgesinfo.fr\/saintdieinfo\/#organization\",\"name\":\"Saint Die Info\",\"url\":\"https:\/\/vosgesinfo.fr\/saintdieinfo\/\",\"logo\":{\"@type\":\"ImageObject\",\"inLanguage\":\"fr-FR\",\"@id\":\"https:\/\/vosgesinfo.fr\/saintdieinfo\/#\/schema\/logo\/image\/\",\"url\":\"https:\/\/vosgesinfo.fr\/app\/uploads\/sites\/4\/2024\/02\/logo-sdi.jpg\",\"contentUrl\":\"https:\/\/vosgesinfo.fr\/app\/uploads\/sites\/4\/2024\/02\/logo-sdi.jpg\",\"width\":600,\"height\":600,\"caption\":\"Saint Die Info\"},\"image\":{\"@id\":\"https:\/\/vosgesinfo.fr\/saintdieinfo\/#\/schema\/logo\/image\/\"},\"sameAs\":[\"https:\/\/www.facebook.com\/Saintdieinfofr\",\"https:\/\/x.com\/VosgesInfo88\",\"https:\/\/www.youtube.com\/@vosgesinfo\"]},{\"@type\":\"Person\",\"@id\":\"https:\/\/vosgesinfo.fr\/saintdieinfo\/#\/schema\/person\/fa73e9f726d67bb88f46d5b7943cb572\",\"name\":\"J.J.\",\"image\":{\"@type\":\"ImageObject\",\"inLanguage\":\"fr-FR\",\"@id\":\"https:\/\/vosgesinfo.fr\/saintdieinfo\/#\/schema\/person\/image\/\",\"url\":\"https:\/\/secure.gravatar.com\/avatar\/219e749e47ffbcca018a360ae4add7d4cdf1cdaaf8bc7676b27efade3fe65615?s=96&d=mm&r=g\",\"contentUrl\":\"https:\/\/secure.gravatar.com\/avatar\/219e749e47ffbcca018a360ae4add7d4cdf1cdaaf8bc7676b27efade3fe65615?s=96&d=mm&r=g\",\"caption\":\"J.J.\"},\"url\":\"https:\/\/vosgesinfo.fr\/saintdieinfo\/author\/j-j\/\"}]}<\/script>\n<!-- \/ Yoast SEO plugin. -->","yoast_head_json":{"title":"Celles-sur-Plaine \u2013 Une sortie nature \u00e0 la d\u00e9couverte de la rivi\u00e8re La Plaine - Saint Die Info","robots":{"index":"index","follow":"follow","max-snippet":"max-snippet:-1","max-image-preview":"max-image-preview:large","max-video-preview":"max-video-preview:-1"},"canonical":"https:\/\/vosgesinfo.fr\/saintdieinfo\/2025\/07\/celles-sur-plaine-une-sortie-nature-a-la-decouverte-de-la-riviere-la-plaine\/","twitter_card":"summary_large_image","twitter_title":"Celles-sur-Plaine \u2013 Une sortie nature \u00e0 la d\u00e9couverte de la rivi\u00e8re La Plaine - Saint Die Info","twitter_description":"Ce jeudi 24 juillet \u00e0 14h30, l\u2019association ETC Terra propose une sortie nature \u00e0 Celles-sur-Plaine, qui sera consacr\u00e9e \u00e0 la [&hellip;]","twitter_image":"https:\/\/vosgesinfo.fr\/app\/uploads\/sites\/4\/2025\/07\/en-plaine-nature.jpg","twitter_creator":"@VosgesInfo88","twitter_site":"@VosgesInfo88","twitter_misc":{"\u00c9crit par":"J.J."},"schema":{"@context":"https:\/\/schema.org","@graph":[{"@type":"Article","@id":"https:\/\/vosgesinfo.fr\/saintdieinfo\/2025\/07\/celles-sur-plaine-une-sortie-nature-a-la-decouverte-de-la-riviere-la-plaine\/#article","isPartOf":{"@id":"https:\/\/vosgesinfo.fr\/saintdieinfo\/2025\/07\/celles-sur-plaine-une-sortie-nature-a-la-decouverte-de-la-riviere-la-plaine\/"},"author":{"name":"J.J.","@id":"https:\/\/vosgesinfo.fr\/saintdieinfo\/#\/schema\/person\/fa73e9f726d67bb88f46d5b7943cb572"},"headline":"Celles-sur-Plaine \u2013 Une sortie nature \u00e0 la d\u00e9couverte de la rivi\u00e8re La Plaine","datePublished":"2025-07-22T09:15:35+00:00","dateModified":"2025-07-22T08:56:53+00:00","mainEntityOfPage":{"@id":"https:\/\/vosgesinfo.fr\/saintdieinfo\/2025\/07\/celles-sur-plaine-une-sortie-nature-a-la-decouverte-de-la-riviere-la-plaine\/"},"wordCount":100,"commentCount":0,"publisher":{"@id":"https:\/\/vosgesinfo.fr\/saintdieinfo\/#organization"},"image":{"@id":"https:\/\/vosgesinfo.fr\/saintdieinfo\/2025\/07\/celles-sur-plaine-une-sortie-nature-a-la-decouverte-de-la-riviere-la-plaine\/#primaryimage"},"thumbnailUrl":"https:\/\/vosgesinfo.fr\/app\/uploads\/sites\/4\/2025\/07\/en-plaine-nature.jpg","keywords":["Celles-sur-Plaine","En plaine nature","ETC... Terra","Rivi\u00e8re de La Plaine"],"articleSection":["Br\u00e8ves","D\u00e9odatie","Environnement","Vie Associative"],"inLanguage":"fr-FR","potentialAction":[{"@type":"CommentAction","name":"Comment","target":["https:\/\/vosgesinfo.fr\/saintdieinfo\/2025\/07\/celles-sur-plaine-une-sortie-nature-a-la-decouverte-de-la-riviere-la-plaine\/#respond"]}]},{"@type":"WebPage","@id":"https:\/\/vosgesinfo.fr\/saintdieinfo\/2025\/07\/celles-sur-plaine-une-sortie-nature-a-la-decouverte-de-la-riviere-la-plaine\/","url":"https:\/\/vosgesinfo.fr\/saintdieinfo\/2025\/07\/celles-sur-plaine-une-sortie-nature-a-la-decouverte-de-la-riviere-la-plaine\/","name":"Celles-sur-Plaine \u2013 Une sortie nature \u00e0 la d\u00e9couverte de la rivi\u00e8re La Plaine - Saint Die Info","isPartOf":{"@id":"https:\/\/vosgesinfo.fr\/saintdieinfo\/#website"},"primaryImageOfPage":{"@id":"https:\/\/vosgesinfo.fr\/saintdieinfo\/2025\/07\/celles-sur-plaine-une-sortie-nature-a-la-decouverte-de-la-riviere-la-plaine\/#primaryimage"},"image":{"@id":"https:\/\/vosgesinfo.fr\/saintdieinfo\/2025\/07\/celles-sur-plaine-une-sortie-nature-a-la-decouverte-de-la-riviere-la-plaine\/#primaryimage"},"thumbnailUrl":"https:\/\/vosgesinfo.fr\/app\/uploads\/sites\/4\/2025\/07\/en-plaine-nature.jpg","datePublished":"2025-07-22T09:15:35+00:00","dateModified":"2025-07-22T08:56:53+00:00","breadcrumb":{"@id":"https:\/\/vosgesinfo.fr\/saintdieinfo\/2025\/07\/celles-sur-plaine-une-sortie-nature-a-la-decouverte-de-la-riviere-la-plaine\/#breadcrumb"},"inLanguage":"fr-FR","potentialAction":[{"@type":"ReadAction","target":["https:\/\/vosgesinfo.fr\/saintdieinfo\/2025\/07\/celles-sur-plaine-une-sortie-nature-a-la-decouverte-de-la-riviere-la-plaine\/"]}]},{"@type":"ImageObject","inLanguage":"fr-FR","@id":"https:\/\/vosgesinfo.fr\/saintdieinfo\/2025\/07\/celles-sur-plaine-une-sortie-nature-a-la-decouverte-de-la-riviere-la-plaine\/#primaryimage","url":"https:\/\/vosgesinfo.fr\/app\/uploads\/sites\/4\/2025\/07\/en-plaine-nature.jpg","contentUrl":"https:\/\/vosgesinfo.fr\/app\/uploads\/sites\/4\/2025\/07\/en-plaine-nature.jpg","width":839,"height":1190},{"@type":"BreadcrumbList","@id":"https:\/\/vosgesinfo.fr\/saintdieinfo\/2025\/07\/celles-sur-plaine-une-sortie-nature-a-la-decouverte-de-la-riviere-la-plaine\/#breadcrumb","itemListElement":[{"@type":"ListItem","position":1,"name":"Home","item":"https:\/\/vosgesinfo.fr\/saintdieinfo\/"},{"@type":"ListItem","position":2,"name":"Celles-sur-Plaine \u2013 Une sortie nature \u00e0 la d\u00e9couverte de la rivi\u00e8re La Plaine"}]},{"@type":"WebSite","@id":"https:\/\/vosgesinfo.fr\/saintdieinfo\/#website","url":"https:\/\/vosgesinfo.fr\/saintdieinfo\/","name":"Saint Die Info","description":"Toute l&#039;actualit\u00e9 de Saint-Di\u00e9-Des-Vosges","publisher":{"@id":"https:\/\/vosgesinfo.fr\/saintdieinfo\/#organization"},"alternateName":"Toute l'actualit\u00e9 de Saint-Di\u00e9-Des-Vosges","potentialAction":[{"@type":"SearchAction","target":{"@type":"EntryPoint","urlTemplate":"https:\/\/vosgesinfo.fr\/saintdieinfo\/?s={search_term_string}"},"query-input":"required name=search_term_string"}],"inLanguage":"fr-FR"},{"@type":"Organization","@id":"https:\/\/vosgesinfo.fr\/saintdieinfo\/#organization","name":"Saint Die Info","url":"https:\/\/vosgesinfo.fr\/saintdieinfo\/","logo":{"@type":"ImageObject","inLanguage":"fr-FR","@id":"https:\/\/vosgesinfo.fr\/saintdieinfo\/#\/schema\/logo\/image\/","url":"https:\/\/vosgesinfo.fr\/app\/uploads\/sites\/4\/2024\/02\/logo-sdi.jpg","contentUrl":"https:\/\/vosgesinfo.fr\/app\/uploads\/sites\/4\/2024\/02\/logo-sdi.jpg","width":600,"height":600,"caption":"Saint Die Info"},"image":{"@id":"https:\/\/vosgesinfo.fr\/saintdieinfo\/#\/schema\/logo\/image\/"},"sameAs":["https:\/\/www.facebook.com\/Saintdieinfofr","https:\/\/x.com\/VosgesInfo88","https:\/\/www.youtube.com\/@vosgesinfo"]},{"@type":"Person","@id":"https:\/\/vosgesinfo.fr\/saintdieinfo\/#\/schema\/person\/fa73e9f726d67bb88f46d5b7943cb572","name":"J.J.","image":{"@type":"ImageObject","inLanguage":"fr-FR","@id":"https:\/\/vosgesinfo.fr\/saintdieinfo\/#\/schema\/person\/image\/","url":"https:\/\/secure.gravatar.com\/avatar\/219e749e47ffbcca018a360ae4add7d4cdf1cdaaf8bc7676b27efade3fe65615?s=96&d=mm&r=g","contentUrl":"https:\/\/secure.gravatar.com\/avatar\/219e749e47ffbcca018a360ae4add7d4cdf1cdaaf8bc7676b27efade3fe65615?s=96&d=mm&r=g","caption":"J.J."},"url":"https:\/\/vosgesinfo.fr\/saintdieinfo\/author\/j-j\/"}]}},"_links":{"self":[{"href":"https:\/\/vosgesinfo.fr\/saintdieinfo\/wp-json\/wp\/v2\/posts\/80476","targetHints":{"allow":["GET"]}}],"collection":[{"href":"https:\/\/vosgesinfo.fr\/saintdieinfo\/wp-json\/wp\/v2\/posts"}],"about":[{"href":"https:\/\/vosgesinfo.fr\/saintdieinfo\/wp-json\/wp\/v2\/types\/post"}],"author":[{"embeddable":true,"href":"https:\/\/vosgesinfo.fr\/saintdieinfo\/wp-json\/wp\/v2\/users\/46"}],"replies":[{"embeddable":true,"href":"https:\/\/vosgesinfo.fr\/saintdieinfo\/wp-json\/wp\/v2\/comments?post=80476"}],"version-history":[{"count":1,"href":"https:\/\/vosgesinfo.fr\/saintdieinfo\/wp-json\/wp\/v2\/posts\/80476\/revisions"}],"predecessor-version":[{"id":80478,"href":"https:\/\/vosgesinfo.fr\/saintdieinfo\/wp-json\/wp\/v2\/posts\/80476\/revisions\/80478"}],"wp:featuredmedia":[{"embeddable":true,"href":"https:\/\/vosgesinfo.fr\/saintdieinfo\/wp-json\/wp\/v2\/media\/80477"}],"wp:attachment":[{"href":"https:\/\/vosgesinfo.fr\/saintdieinfo\/wp-json\/wp\/v2\/media?parent=80476"}],"wp:term":[{"taxonomy":"category","embeddable":true,"href":"https:\/\/vosgesinfo.fr\/saintdieinfo\/wp-json\/wp\/v2\/categories?post=80476"},{"taxonomy":"post_tag","embeddable":true,"href":"https:\/\/vosgesinfo.fr\/saintdieinfo\/wp-json\/wp\/v2\/tags?post=80476"}],"curies":[{"name":"wp","href":"https:\/\/api.w.org\/{rel}","templated":true}]}}