{"id":80479,"date":"2025-07-22T11:30:17","date_gmt":"2025-07-22T09:30:17","guid":{"rendered":"https:\/\/vosgesinfo.fr\/saintdieinfo\/?p=80479"},"modified":"2025-07-22T11:01:12","modified_gmt":"2025-07-22T09:01:12","slug":"vosges-une-convention-departementale-pour-lutter-contre-levitement-scolaire","status":"publish","type":"post","link":"https:\/\/vosgesinfo.fr\/saintdieinfo\/2025\/07\/vosges-une-convention-departementale-pour-lutter-contre-levitement-scolaire\/","title":{"rendered":"Vosges \u2013 Une convention d\u00e9partementale pour lutter contre l&rsquo;\u00e9vitement scolaire"},"content":{"rendered":"<div id=\"attachment_80480\" style=\"width: 1034px\" class=\"wp-caption alignnone\"><a href=\"https:\/\/vosgesinfo.fr\/app\/uploads\/sites\/4\/2025\/07\/vosges-lutte-contre-evitement-scolaire.jpg\"><img decoding=\"async\" aria-describedby=\"caption-attachment-80480\" class=\"size-large wp-image-80480\" src=\"https:\/\/vosgesinfo.fr\/app\/uploads\/sites\/4\/2025\/07\/vosges-lutte-contre-evitement-scolaire-1024x768.jpg\" alt=\"\" width=\"1024\" height=\"768\" srcset=\"https:\/\/vosgesinfo.fr\/app\/uploads\/sites\/4\/2025\/07\/vosges-lutte-contre-evitement-scolaire-1024x768.jpg 1024w, https:\/\/vosgesinfo.fr\/app\/uploads\/sites\/4\/2025\/07\/vosges-lutte-contre-evitement-scolaire-300x225.jpg 300w, https:\/\/vosgesinfo.fr\/app\/uploads\/sites\/4\/2025\/07\/vosges-lutte-contre-evitement-scolaire-768x576.jpg 768w, https:\/\/vosgesinfo.fr\/app\/uploads\/sites\/4\/2025\/07\/vosges-lutte-contre-evitement-scolaire-1536x1152.jpg 1536w, https:\/\/vosgesinfo.fr\/app\/uploads\/sites\/4\/2025\/07\/vosges-lutte-contre-evitement-scolaire.jpg 2048w\" sizes=\"(max-width: 1024px) 100vw, 1024px\" \/><\/a><p id=\"caption-attachment-80480\" class=\"wp-caption-text\">(Photographie Pr\u00e9fecture des Vosges)<\/p><\/div>\n<h2><strong>Jeudi dernier \u00e0 \u00c9pinal,<\/strong> une <strong>convention d\u00e9partementale<\/strong> a \u00e9t\u00e9 sign\u00e9e par <strong>Val\u00e9rie Michel-Moreaux<\/strong>, <strong>pr\u00e9f\u00e8te des Vosges<\/strong>, le <strong>Procureur de la R\u00e9publique Fr\u00e9d\u00e9ric Nahon<\/strong>, l\u2019<strong>Inspecteur d\u2019acad\u00e9mie Olivier Delmas<\/strong> et <strong>Sophie Rivot<\/strong>, responsable du service Prestations et relations de service \u00e0 la <strong>CAF des Vosges<\/strong>.<\/h2>\n<p><!--more--><\/p>\n<h3><strong>Renforcer le rep\u00e9rage et le suivi<\/strong><\/h3>\n<p>Cette convention vise \u00e0 <strong>renforcer le suivi des enfants soumis \u00e0 l\u2019obligation scolaire<\/strong> et \u00e0 <strong>rep\u00e9rer les situations d\u2019\u00e9vitement<\/strong>, c\u2019est-\u00e0-dire les cas d\u2019<strong>enfants non inscrits<\/strong> et <strong>sans autorisation d\u2019instruction en famille<\/strong>.<\/p>\n<p>Elle pr\u00e9voit notamment le <strong>signalement rapide<\/strong> au procureur des situations pr\u00e9occupantes, la <strong>mise en commun des informations<\/strong> entre les services de l\u2019\u00c9tat, un <strong>suivi coordonn\u00e9<\/strong> des cas rep\u00e9r\u00e9s, ainsi que l\u2019<strong>adaptation des prestations familiales<\/strong>, si n\u00e9cessaire.<\/p>\n<p>Une <strong>instance d\u00e9partementale<\/strong> se r\u00e9unira <strong>deux fois par an<\/strong> pour faire le point sur les situations suivies.<\/p>\n","protected":false},"excerpt":{"rendered":"<p>Jeudi dernier \u00e0 \u00c9pinal, une convention d\u00e9partementale a \u00e9t\u00e9 sign\u00e9e par Val\u00e9rie Michel-Moreaux, pr\u00e9f\u00e8te des Vosges, le Procureur de la [&hellip;]<\/p>\n","protected":false},"author":46,"featured_media":80480,"comment_status":"open","ping_status":"open","sticky":false,"template":"","format":"standard","meta":{"footnotes":""},"categories":[460,6,5392,18],"tags":[17828,41,17829],"class_list":["post-80479","post","type-post","status-publish","format-standard","has-post-thumbnail","hentry","category-a-la-une","category-education","category-epinal","category-vosges","tag-convention-departementale-pour-lutter-contre-levitement-scolaire","tag-epinal","tag-evitement-scolaire"],"acf":[],"yoast_head":"<!-- This site is optimized with the Yoast SEO plugin v22.5 - https:\/\/yoast.com\/wordpress\/plugins\/seo\/ -->\n<title>Vosges \u2013 Une convention d\u00e9partementale pour lutter contre l&#039;\u00e9vitement scolaire - Saint Die Info<\/title>\n<meta name=\"robots\" content=\"index, follow, max-snippet:-1, max-image-preview:large, max-video-preview:-1\" \/>\n<link rel=\"canonical\" href=\"https:\/\/vosgesinfo.fr\/saintdieinfo\/2025\/07\/vosges-une-convention-departementale-pour-lutter-contre-levitement-scolaire\/\" \/>\n<meta name=\"twitter:card\" content=\"summary_large_image\" \/>\n<meta name=\"twitter:title\" content=\"Vosges \u2013 Une convention d\u00e9partementale pour lutter contre l&#039;\u00e9vitement scolaire - Saint Die Info\" \/>\n<meta name=\"twitter:description\" content=\"Jeudi dernier \u00e0 \u00c9pinal, une convention d\u00e9partementale a \u00e9t\u00e9 sign\u00e9e par Val\u00e9rie Michel-Moreaux, pr\u00e9f\u00e8te des Vosges, le Procureur de la [&hellip;]\" \/>\n<meta name=\"twitter:image\" content=\"https:\/\/vosgesinfo.fr\/app\/uploads\/sites\/4\/2025\/07\/vosges-lutte-contre-evitement-scolaire.jpg\" \/>\n<meta name=\"twitter:creator\" content=\"@VosgesInfo88\" \/>\n<meta name=\"twitter:site\" content=\"@VosgesInfo88\" \/>\n<meta name=\"twitter:label1\" content=\"\u00c9crit par\" \/>\n\t<meta name=\"twitter:data1\" content=\"J.J.\" \/>\n\t<meta name=\"twitter:label2\" content=\"Dur\u00e9e de lecture estim\u00e9e\" \/>\n\t<meta name=\"twitter:data2\" content=\"1 minute\" \/>\n<script type=\"application\/ld+json\" class=\"yoast-schema-graph\">{\"@context\":\"https:\/\/schema.org\",\"@graph\":[{\"@type\":\"Article\",\"@id\":\"https:\/\/vosgesinfo.fr\/saintdieinfo\/2025\/07\/vosges-une-convention-departementale-pour-lutter-contre-levitement-scolaire\/#article\",\"isPartOf\":{\"@id\":\"https:\/\/vosgesinfo.fr\/saintdieinfo\/2025\/07\/vosges-une-convention-departementale-pour-lutter-contre-levitement-scolaire\/\"},\"author\":{\"name\":\"J.J.\",\"@id\":\"https:\/\/vosgesinfo.fr\/saintdieinfo\/#\/schema\/person\/fa73e9f726d67bb88f46d5b7943cb572\"},\"headline\":\"Vosges \u2013 Une convention d\u00e9partementale pour lutter contre l&rsquo;\u00e9vitement scolaire\",\"datePublished\":\"2025-07-22T09:30:17+00:00\",\"dateModified\":\"2025-07-22T09:01:12+00:00\",\"mainEntityOfPage\":{\"@id\":\"https:\/\/vosgesinfo.fr\/saintdieinfo\/2025\/07\/vosges-une-convention-departementale-pour-lutter-contre-levitement-scolaire\/\"},\"wordCount\":179,\"commentCount\":1,\"publisher\":{\"@id\":\"https:\/\/vosgesinfo.fr\/saintdieinfo\/#organization\"},\"image\":{\"@id\":\"https:\/\/vosgesinfo.fr\/saintdieinfo\/2025\/07\/vosges-une-convention-departementale-pour-lutter-contre-levitement-scolaire\/#primaryimage\"},\"thumbnailUrl\":\"https:\/\/vosgesinfo.fr\/app\/uploads\/sites\/4\/2025\/07\/vosges-lutte-contre-evitement-scolaire.jpg\",\"keywords\":[\"Convention d\u00e9partementale pour lutter contre l'\u00e9vitement scolaire\",\"Epinal\",\"Evitement scolaire\"],\"articleSection\":[\"A la Une\",\"\u00c9ducation\",\"Epinal\",\"Vosges\"],\"inLanguage\":\"fr-FR\",\"potentialAction\":[{\"@type\":\"CommentAction\",\"name\":\"Comment\",\"target\":[\"https:\/\/vosgesinfo.fr\/saintdieinfo\/2025\/07\/vosges-une-convention-departementale-pour-lutter-contre-levitement-scolaire\/#respond\"]}]},{\"@type\":\"WebPage\",\"@id\":\"https:\/\/vosgesinfo.fr\/saintdieinfo\/2025\/07\/vosges-une-convention-departementale-pour-lutter-contre-levitement-scolaire\/\",\"url\":\"https:\/\/vosgesinfo.fr\/saintdieinfo\/2025\/07\/vosges-une-convention-departementale-pour-lutter-contre-levitement-scolaire\/\",\"name\":\"Vosges \u2013 Une convention d\u00e9partementale pour lutter contre l'\u00e9vitement scolaire - Saint Die Info\",\"isPartOf\":{\"@id\":\"https:\/\/vosgesinfo.fr\/saintdieinfo\/#website\"},\"primaryImageOfPage\":{\"@id\":\"https:\/\/vosgesinfo.fr\/saintdieinfo\/2025\/07\/vosges-une-convention-departementale-pour-lutter-contre-levitement-scolaire\/#primaryimage\"},\"image\":{\"@id\":\"https:\/\/vosgesinfo.fr\/saintdieinfo\/2025\/07\/vosges-une-convention-departementale-pour-lutter-contre-levitement-scolaire\/#primaryimage\"},\"thumbnailUrl\":\"https:\/\/vosgesinfo.fr\/app\/uploads\/sites\/4\/2025\/07\/vosges-lutte-contre-evitement-scolaire.jpg\",\"datePublished\":\"2025-07-22T09:30:17+00:00\",\"dateModified\":\"2025-07-22T09:01:12+00:00\",\"breadcrumb\":{\"@id\":\"https:\/\/vosgesinfo.fr\/saintdieinfo\/2025\/07\/vosges-une-convention-departementale-pour-lutter-contre-levitement-scolaire\/#breadcrumb\"},\"inLanguage\":\"fr-FR\",\"potentialAction\":[{\"@type\":\"ReadAction\",\"target\":[\"https:\/\/vosgesinfo.fr\/saintdieinfo\/2025\/07\/vosges-une-convention-departementale-pour-lutter-contre-levitement-scolaire\/\"]}]},{\"@type\":\"ImageObject\",\"inLanguage\":\"fr-FR\",\"@id\":\"https:\/\/vosgesinfo.fr\/saintdieinfo\/2025\/07\/vosges-une-convention-departementale-pour-lutter-contre-levitement-scolaire\/#primaryimage\",\"url\":\"https:\/\/vosgesinfo.fr\/app\/uploads\/sites\/4\/2025\/07\/vosges-lutte-contre-evitement-scolaire.jpg\",\"contentUrl\":\"https:\/\/vosgesinfo.fr\/app\/uploads\/sites\/4\/2025\/07\/vosges-lutte-contre-evitement-scolaire.jpg\",\"width\":2048,\"height\":1536,\"caption\":\"(Photographie Pr\u00e9fecture des Vosges)\"},{\"@type\":\"BreadcrumbList\",\"@id\":\"https:\/\/vosgesinfo.fr\/saintdieinfo\/2025\/07\/vosges-une-convention-departementale-pour-lutter-contre-levitement-scolaire\/#breadcrumb\",\"itemListElement\":[{\"@type\":\"ListItem\",\"position\":1,\"name\":\"Home\",\"item\":\"https:\/\/vosgesinfo.fr\/saintdieinfo\/\"},{\"@type\":\"ListItem\",\"position\":2,\"name\":\"Vosges \u2013 Une convention d\u00e9partementale pour lutter contre l&rsquo;\u00e9vitement scolaire\"}]},{\"@type\":\"WebSite\",\"@id\":\"https:\/\/vosgesinfo.fr\/saintdieinfo\/#website\",\"url\":\"https:\/\/vosgesinfo.fr\/saintdieinfo\/\",\"name\":\"Saint Die Info\",\"description\":\"Toute l&#039;actualit\u00e9 de Saint-Di\u00e9-Des-Vosges\",\"publisher\":{\"@id\":\"https:\/\/vosgesinfo.fr\/saintdieinfo\/#organization\"},\"alternateName\":\"Toute l'actualit\u00e9 de Saint-Di\u00e9-Des-Vosges\",\"potentialAction\":[{\"@type\":\"SearchAction\",\"target\":{\"@type\":\"EntryPoint\",\"urlTemplate\":\"https:\/\/vosgesinfo.fr\/saintdieinfo\/?s={search_term_string}\"},\"query-input\":\"required name=search_term_string\"}],\"inLanguage\":\"fr-FR\"},{\"@type\":\"Organization\",\"@id\":\"https:\/\/vosgesinfo.fr\/saintdieinfo\/#organization\",\"name\":\"Saint Die Info\",\"url\":\"https:\/\/vosgesinfo.fr\/saintdieinfo\/\",\"logo\":{\"@type\":\"ImageObject\",\"inLanguage\":\"fr-FR\",\"@id\":\"https:\/\/vosgesinfo.fr\/saintdieinfo\/#\/schema\/logo\/image\/\",\"url\":\"https:\/\/vosgesinfo.fr\/app\/uploads\/sites\/4\/2024\/02\/logo-sdi.jpg\",\"contentUrl\":\"https:\/\/vosgesinfo.fr\/app\/uploads\/sites\/4\/2024\/02\/logo-sdi.jpg\",\"width\":600,\"height\":600,\"caption\":\"Saint Die Info\"},\"image\":{\"@id\":\"https:\/\/vosgesinfo.fr\/saintdieinfo\/#\/schema\/logo\/image\/\"},\"sameAs\":[\"https:\/\/www.facebook.com\/Saintdieinfofr\",\"https:\/\/x.com\/VosgesInfo88\",\"https:\/\/www.youtube.com\/@vosgesinfo\"]},{\"@type\":\"Person\",\"@id\":\"https:\/\/vosgesinfo.fr\/saintdieinfo\/#\/schema\/person\/fa73e9f726d67bb88f46d5b7943cb572\",\"name\":\"J.J.\",\"image\":{\"@type\":\"ImageObject\",\"inLanguage\":\"fr-FR\",\"@id\":\"https:\/\/vosgesinfo.fr\/saintdieinfo\/#\/schema\/person\/image\/\",\"url\":\"https:\/\/secure.gravatar.com\/avatar\/219e749e47ffbcca018a360ae4add7d4cdf1cdaaf8bc7676b27efade3fe65615?s=96&d=mm&r=g\",\"contentUrl\":\"https:\/\/secure.gravatar.com\/avatar\/219e749e47ffbcca018a360ae4add7d4cdf1cdaaf8bc7676b27efade3fe65615?s=96&d=mm&r=g\",\"caption\":\"J.J.\"},\"url\":\"https:\/\/vosgesinfo.fr\/saintdieinfo\/author\/j-j\/\"}]}<\/script>\n<!-- \/ Yoast SEO plugin. -->","yoast_head_json":{"title":"Vosges \u2013 Une convention d\u00e9partementale pour lutter contre l'\u00e9vitement scolaire - Saint Die Info","robots":{"index":"index","follow":"follow","max-snippet":"max-snippet:-1","max-image-preview":"max-image-preview:large","max-video-preview":"max-video-preview:-1"},"canonical":"https:\/\/vosgesinfo.fr\/saintdieinfo\/2025\/07\/vosges-une-convention-departementale-pour-lutter-contre-levitement-scolaire\/","twitter_card":"summary_large_image","twitter_title":"Vosges \u2013 Une convention d\u00e9partementale pour lutter contre l'\u00e9vitement scolaire - Saint Die Info","twitter_description":"Jeudi dernier \u00e0 \u00c9pinal, une convention d\u00e9partementale a \u00e9t\u00e9 sign\u00e9e par Val\u00e9rie Michel-Moreaux, pr\u00e9f\u00e8te des Vosges, le Procureur de la [&hellip;]","twitter_image":"https:\/\/vosgesinfo.fr\/app\/uploads\/sites\/4\/2025\/07\/vosges-lutte-contre-evitement-scolaire.jpg","twitter_creator":"@VosgesInfo88","twitter_site":"@VosgesInfo88","twitter_misc":{"\u00c9crit par":"J.J.","Dur\u00e9e de lecture estim\u00e9e":"1 minute"},"schema":{"@context":"https:\/\/schema.org","@graph":[{"@type":"Article","@id":"https:\/\/vosgesinfo.fr\/saintdieinfo\/2025\/07\/vosges-une-convention-departementale-pour-lutter-contre-levitement-scolaire\/#article","isPartOf":{"@id":"https:\/\/vosgesinfo.fr\/saintdieinfo\/2025\/07\/vosges-une-convention-departementale-pour-lutter-contre-levitement-scolaire\/"},"author":{"name":"J.J.","@id":"https:\/\/vosgesinfo.fr\/saintdieinfo\/#\/schema\/person\/fa73e9f726d67bb88f46d5b7943cb572"},"headline":"Vosges \u2013 Une convention d\u00e9partementale pour lutter contre l&rsquo;\u00e9vitement scolaire","datePublished":"2025-07-22T09:30:17+00:00","dateModified":"2025-07-22T09:01:12+00:00","mainEntityOfPage":{"@id":"https:\/\/vosgesinfo.fr\/saintdieinfo\/2025\/07\/vosges-une-convention-departementale-pour-lutter-contre-levitement-scolaire\/"},"wordCount":179,"commentCount":1,"publisher":{"@id":"https:\/\/vosgesinfo.fr\/saintdieinfo\/#organization"},"image":{"@id":"https:\/\/vosgesinfo.fr\/saintdieinfo\/2025\/07\/vosges-une-convention-departementale-pour-lutter-contre-levitement-scolaire\/#primaryimage"},"thumbnailUrl":"https:\/\/vosgesinfo.fr\/app\/uploads\/sites\/4\/2025\/07\/vosges-lutte-contre-evitement-scolaire.jpg","keywords":["Convention d\u00e9partementale pour lutter contre l'\u00e9vitement scolaire","Epinal","Evitement scolaire"],"articleSection":["A la Une","\u00c9ducation","Epinal","Vosges"],"inLanguage":"fr-FR","potentialAction":[{"@type":"CommentAction","name":"Comment","target":["https:\/\/vosgesinfo.fr\/saintdieinfo\/2025\/07\/vosges-une-convention-departementale-pour-lutter-contre-levitement-scolaire\/#respond"]}]},{"@type":"WebPage","@id":"https:\/\/vosgesinfo.fr\/saintdieinfo\/2025\/07\/vosges-une-convention-departementale-pour-lutter-contre-levitement-scolaire\/","url":"https:\/\/vosgesinfo.fr\/saintdieinfo\/2025\/07\/vosges-une-convention-departementale-pour-lutter-contre-levitement-scolaire\/","name":"Vosges \u2013 Une convention d\u00e9partementale pour lutter contre l'\u00e9vitement scolaire - Saint Die Info","isPartOf":{"@id":"https:\/\/vosgesinfo.fr\/saintdieinfo\/#website"},"primaryImageOfPage":{"@id":"https:\/\/vosgesinfo.fr\/saintdieinfo\/2025\/07\/vosges-une-convention-departementale-pour-lutter-contre-levitement-scolaire\/#primaryimage"},"image":{"@id":"https:\/\/vosgesinfo.fr\/saintdieinfo\/2025\/07\/vosges-une-convention-departementale-pour-lutter-contre-levitement-scolaire\/#primaryimage"},"thumbnailUrl":"https:\/\/vosgesinfo.fr\/app\/uploads\/sites\/4\/2025\/07\/vosges-lutte-contre-evitement-scolaire.jpg","datePublished":"2025-07-22T09:30:17+00:00","dateModified":"2025-07-22T09:01:12+00:00","breadcrumb":{"@id":"https:\/\/vosgesinfo.fr\/saintdieinfo\/2025\/07\/vosges-une-convention-departementale-pour-lutter-contre-levitement-scolaire\/#breadcrumb"},"inLanguage":"fr-FR","potentialAction":[{"@type":"ReadAction","target":["https:\/\/vosgesinfo.fr\/saintdieinfo\/2025\/07\/vosges-une-convention-departementale-pour-lutter-contre-levitement-scolaire\/"]}]},{"@type":"ImageObject","inLanguage":"fr-FR","@id":"https:\/\/vosgesinfo.fr\/saintdieinfo\/2025\/07\/vosges-une-convention-departementale-pour-lutter-contre-levitement-scolaire\/#primaryimage","url":"https:\/\/vosgesinfo.fr\/app\/uploads\/sites\/4\/2025\/07\/vosges-lutte-contre-evitement-scolaire.jpg","contentUrl":"https:\/\/vosgesinfo.fr\/app\/uploads\/sites\/4\/2025\/07\/vosges-lutte-contre-evitement-scolaire.jpg","width":2048,"height":1536,"caption":"(Photographie Pr\u00e9fecture des Vosges)"},{"@type":"BreadcrumbList","@id":"https:\/\/vosgesinfo.fr\/saintdieinfo\/2025\/07\/vosges-une-convention-departementale-pour-lutter-contre-levitement-scolaire\/#breadcrumb","itemListElement":[{"@type":"ListItem","position":1,"name":"Home","item":"https:\/\/vosgesinfo.fr\/saintdieinfo\/"},{"@type":"ListItem","position":2,"name":"Vosges \u2013 Une convention d\u00e9partementale pour lutter contre l&rsquo;\u00e9vitement scolaire"}]},{"@type":"WebSite","@id":"https:\/\/vosgesinfo.fr\/saintdieinfo\/#website","url":"https:\/\/vosgesinfo.fr\/saintdieinfo\/","name":"Saint Die Info","description":"Toute l&#039;actualit\u00e9 de Saint-Di\u00e9-Des-Vosges","publisher":{"@id":"https:\/\/vosgesinfo.fr\/saintdieinfo\/#organization"},"alternateName":"Toute l'actualit\u00e9 de Saint-Di\u00e9-Des-Vosges","potentialAction":[{"@type":"SearchAction","target":{"@type":"EntryPoint","urlTemplate":"https:\/\/vosgesinfo.fr\/saintdieinfo\/?s={search_term_string}"},"query-input":"required name=search_term_string"}],"inLanguage":"fr-FR"},{"@type":"Organization","@id":"https:\/\/vosgesinfo.fr\/saintdieinfo\/#organization","name":"Saint Die Info","url":"https:\/\/vosgesinfo.fr\/saintdieinfo\/","logo":{"@type":"ImageObject","inLanguage":"fr-FR","@id":"https:\/\/vosgesinfo.fr\/saintdieinfo\/#\/schema\/logo\/image\/","url":"https:\/\/vosgesinfo.fr\/app\/uploads\/sites\/4\/2024\/02\/logo-sdi.jpg","contentUrl":"https:\/\/vosgesinfo.fr\/app\/uploads\/sites\/4\/2024\/02\/logo-sdi.jpg","width":600,"height":600,"caption":"Saint Die Info"},"image":{"@id":"https:\/\/vosgesinfo.fr\/saintdieinfo\/#\/schema\/logo\/image\/"},"sameAs":["https:\/\/www.facebook.com\/Saintdieinfofr","https:\/\/x.com\/VosgesInfo88","https:\/\/www.youtube.com\/@vosgesinfo"]},{"@type":"Person","@id":"https:\/\/vosgesinfo.fr\/saintdieinfo\/#\/schema\/person\/fa73e9f726d67bb88f46d5b7943cb572","name":"J.J.","image":{"@type":"ImageObject","inLanguage":"fr-FR","@id":"https:\/\/vosgesinfo.fr\/saintdieinfo\/#\/schema\/person\/image\/","url":"https:\/\/secure.gravatar.com\/avatar\/219e749e47ffbcca018a360ae4add7d4cdf1cdaaf8bc7676b27efade3fe65615?s=96&d=mm&r=g","contentUrl":"https:\/\/secure.gravatar.com\/avatar\/219e749e47ffbcca018a360ae4add7d4cdf1cdaaf8bc7676b27efade3fe65615?s=96&d=mm&r=g","caption":"J.J."},"url":"https:\/\/vosgesinfo.fr\/saintdieinfo\/author\/j-j\/"}]}},"_links":{"self":[{"href":"https:\/\/vosgesinfo.fr\/saintdieinfo\/wp-json\/wp\/v2\/posts\/80479","targetHints":{"allow":["GET"]}}],"collection":[{"href":"https:\/\/vosgesinfo.fr\/saintdieinfo\/wp-json\/wp\/v2\/posts"}],"about":[{"href":"https:\/\/vosgesinfo.fr\/saintdieinfo\/wp-json\/wp\/v2\/types\/post"}],"author":[{"embeddable":true,"href":"https:\/\/vosgesinfo.fr\/saintdieinfo\/wp-json\/wp\/v2\/users\/46"}],"replies":[{"embeddable":true,"href":"https:\/\/vosgesinfo.fr\/saintdieinfo\/wp-json\/wp\/v2\/comments?post=80479"}],"version-history":[{"count":1,"href":"https:\/\/vosgesinfo.fr\/saintdieinfo\/wp-json\/wp\/v2\/posts\/80479\/revisions"}],"predecessor-version":[{"id":80481,"href":"https:\/\/vosgesinfo.fr\/saintdieinfo\/wp-json\/wp\/v2\/posts\/80479\/revisions\/80481"}],"wp:featuredmedia":[{"embeddable":true,"href":"https:\/\/vosgesinfo.fr\/saintdieinfo\/wp-json\/wp\/v2\/media\/80480"}],"wp:attachment":[{"href":"https:\/\/vosgesinfo.fr\/saintdieinfo\/wp-json\/wp\/v2\/media?parent=80479"}],"wp:term":[{"taxonomy":"category","embeddable":true,"href":"https:\/\/vosgesinfo.fr\/saintdieinfo\/wp-json\/wp\/v2\/categories?post=80479"},{"taxonomy":"post_tag","embeddable":true,"href":"https:\/\/vosgesinfo.fr\/saintdieinfo\/wp-json\/wp\/v2\/tags?post=80479"}],"curies":[{"name":"wp","href":"https:\/\/api.w.org\/{rel}","templated":true}]}}