{"id":80521,"date":"2025-07-23T14:30:46","date_gmt":"2025-07-23T12:30:46","guid":{"rendered":"https:\/\/vosgesinfo.fr\/saintdieinfo\/?p=80521"},"modified":"2025-07-23T14:08:42","modified_gmt":"2025-07-23T12:08:42","slug":"deuxieme-concert-sauvage-pour-enfants-de-jean-michel-rey","status":"publish","type":"post","link":"https:\/\/vosgesinfo.fr\/saintdieinfo\/2025\/07\/deuxieme-concert-sauvage-pour-enfants-de-jean-michel-rey\/","title":{"rendered":"Deuxi\u00e8me \u00ab\u00a0concert sauvage\u00a0\u00bb pour enfants de Jean-Michel Rey"},"content":{"rendered":"<div id=\"attachment_80523\" style=\"width: 843px\" class=\"wp-caption alignnone\"><a href=\"https:\/\/vosgesinfo.fr\/app\/uploads\/sites\/4\/2025\/07\/deuxieme-concert-sauvage-jm-rey.jpg\"><img decoding=\"async\" aria-describedby=\"caption-attachment-80523\" class=\"size-large wp-image-80523\" src=\"https:\/\/vosgesinfo.fr\/app\/uploads\/sites\/4\/2025\/07\/deuxieme-concert-sauvage-jm-rey-833x1024.jpg\" alt=\"\" width=\"833\" height=\"1024\" srcset=\"https:\/\/vosgesinfo.fr\/app\/uploads\/sites\/4\/2025\/07\/deuxieme-concert-sauvage-jm-rey-833x1024.jpg 833w, https:\/\/vosgesinfo.fr\/app\/uploads\/sites\/4\/2025\/07\/deuxieme-concert-sauvage-jm-rey-244x300.jpg 244w, https:\/\/vosgesinfo.fr\/app\/uploads\/sites\/4\/2025\/07\/deuxieme-concert-sauvage-jm-rey-768x945.jpg 768w, https:\/\/vosgesinfo.fr\/app\/uploads\/sites\/4\/2025\/07\/deuxieme-concert-sauvage-jm-rey-1249x1536.jpg 1249w, https:\/\/vosgesinfo.fr\/app\/uploads\/sites\/4\/2025\/07\/deuxieme-concert-sauvage-jm-rey.jpg 1665w\" sizes=\"(max-width: 833px) 100vw, 833px\" \/><\/a><p id=\"caption-attachment-80523\" class=\"wp-caption-text\">(Photographie Dominique Rey)<\/p><\/div>\n<h2>Cet \u00e9t\u00e9, <strong>Jean-Michel Rey<\/strong> lance un nouveau concept\u202f: des <strong>\u00ab\u202fconcerts sauvages\u202f\u00bb pour enfants<\/strong> \u2013 les adultes sont aussi les bienvenus. Le <strong>jour et le lieu<\/strong> de chaque concert <strong>est annonc\u00e9 la veille<\/strong> sur la <a href=\"https:\/\/www.facebook.com\/jeanmichel.rey.39\" target=\"_blank\" rel=\"noopener\"><strong>page Facebook de l&rsquo;auteur-compositeur-interpr\u00e8te d\u00e9odatien.<\/strong><\/a> Tous d\u00e9butent <strong>\u00e0 16h<\/strong>, durent environ une heure et ont pour d\u00e9cor des <strong>endroits peu ou pas connus de Foucharupt<\/strong>.<\/h2>\n<p><!--more--><\/p>\n<h3><strong>Deuxi\u00e8me rendez-vous \u00e0 la chapelle Saint-D\u00e9odat<\/strong><\/h3>\n<p>Apr\u00e8s un premier rendez-vous <strong>le 10 juillet au petit-bois Suzanne-No\u00ebl<\/strong>, le <strong>deuxi\u00e8me des \u00ab\u202fconcerts sauvages\u202f\u00bb se tiendra demain jeudi<\/strong>, cette fois-ci <strong>\u00e0 l&rsquo;int\u00e9rieur de la chapelle Saint-D\u00e9odat<\/strong>&#8230; m\u00e9t\u00e9o pluvieuse oblige. <strong>Un go\u00fbter<\/strong> avec des madeleines et de la grenadine viendra compl\u00e9ter le concert, dont <strong>l&rsquo;entr\u00e9e est toujours libre avec une participation au chapeau<\/strong>.<\/p>\n","protected":false},"excerpt":{"rendered":"<p>Cet \u00e9t\u00e9, Jean-Michel Rey lance un nouveau concept\u202f: des \u00ab\u202fconcerts sauvages\u202f\u00bb pour enfants \u2013 les adultes sont aussi les bienvenus. [&hellip;]<\/p>\n","protected":false},"author":46,"featured_media":80522,"comment_status":"open","ping_status":"open","sticky":false,"template":"","format":"standard","meta":{"footnotes":""},"categories":[460,8003,3532,167],"tags":[4350,17854,2940,3719],"class_list":["post-80521","post","type-post","status-publish","format-standard","has-post-thumbnail","hentry","category-a-la-une","category-concert-culture","category-enfants","category-saint-die-des-vosges","tag-chapelle-saint-deodat","tag-concerts-sauvages-pour-enfants","tag-jean-michel-rey","tag-quartier-foucharupt"],"acf":[],"yoast_head":"<!-- This site is optimized with the Yoast SEO plugin v22.5 - https:\/\/yoast.com\/wordpress\/plugins\/seo\/ -->\n<title>Deuxi\u00e8me \u00ab\u00a0concert sauvage\u00a0\u00bb pour enfants de Jean-Michel Rey - Saint Die Info<\/title>\n<meta name=\"robots\" content=\"index, follow, max-snippet:-1, max-image-preview:large, max-video-preview:-1\" \/>\n<link rel=\"canonical\" href=\"https:\/\/vosgesinfo.fr\/saintdieinfo\/2025\/07\/deuxieme-concert-sauvage-pour-enfants-de-jean-michel-rey\/\" \/>\n<meta name=\"twitter:card\" content=\"summary_large_image\" \/>\n<meta name=\"twitter:title\" content=\"Deuxi\u00e8me \u00ab\u00a0concert sauvage\u00a0\u00bb pour enfants de Jean-Michel Rey - Saint Die Info\" \/>\n<meta name=\"twitter:description\" content=\"Cet \u00e9t\u00e9, Jean-Michel Rey lance un nouveau concept\u202f: des \u00ab\u202fconcerts sauvages\u202f\u00bb pour enfants \u2013 les adultes sont aussi les bienvenus. [&hellip;]\" \/>\n<meta name=\"twitter:image\" content=\"https:\/\/vosgesinfo.fr\/app\/uploads\/sites\/4\/2025\/07\/deuxieme-concert-sauvage-jm-rey.png\" \/>\n<meta name=\"twitter:creator\" content=\"@VosgesInfo88\" \/>\n<meta name=\"twitter:site\" content=\"@VosgesInfo88\" \/>\n<meta name=\"twitter:label1\" content=\"\u00c9crit par\" \/>\n\t<meta name=\"twitter:data1\" content=\"J.J.\" \/>\n\t<meta name=\"twitter:label2\" content=\"Dur\u00e9e de lecture estim\u00e9e\" \/>\n\t<meta name=\"twitter:data2\" content=\"1 minute\" \/>\n<script type=\"application\/ld+json\" class=\"yoast-schema-graph\">{\"@context\":\"https:\/\/schema.org\",\"@graph\":[{\"@type\":\"Article\",\"@id\":\"https:\/\/vosgesinfo.fr\/saintdieinfo\/2025\/07\/deuxieme-concert-sauvage-pour-enfants-de-jean-michel-rey\/#article\",\"isPartOf\":{\"@id\":\"https:\/\/vosgesinfo.fr\/saintdieinfo\/2025\/07\/deuxieme-concert-sauvage-pour-enfants-de-jean-michel-rey\/\"},\"author\":{\"name\":\"J.J.\",\"@id\":\"https:\/\/vosgesinfo.fr\/saintdieinfo\/#\/schema\/person\/fa73e9f726d67bb88f46d5b7943cb572\"},\"headline\":\"Deuxi\u00e8me \u00ab\u00a0concert sauvage\u00a0\u00bb pour enfants de Jean-Michel Rey\",\"datePublished\":\"2025-07-23T12:30:46+00:00\",\"dateModified\":\"2025-07-23T12:08:42+00:00\",\"mainEntityOfPage\":{\"@id\":\"https:\/\/vosgesinfo.fr\/saintdieinfo\/2025\/07\/deuxieme-concert-sauvage-pour-enfants-de-jean-michel-rey\/\"},\"wordCount\":151,\"commentCount\":0,\"publisher\":{\"@id\":\"https:\/\/vosgesinfo.fr\/saintdieinfo\/#organization\"},\"image\":{\"@id\":\"https:\/\/vosgesinfo.fr\/saintdieinfo\/2025\/07\/deuxieme-concert-sauvage-pour-enfants-de-jean-michel-rey\/#primaryimage\"},\"thumbnailUrl\":\"https:\/\/vosgesinfo.fr\/app\/uploads\/sites\/4\/2025\/07\/deuxieme-concert-sauvage-jm-rey.png\",\"keywords\":[\"Chapelle Saint-D\u00e9odat\",\"Concerts sauvages pour enfants\",\"Jean-Michel Rey\",\"Quartier Foucharupt\"],\"articleSection\":[\"A la Une\",\"Concert\",\"Enfants\",\"Saint-Di\u00e9-des-Vosges\"],\"inLanguage\":\"fr-FR\",\"potentialAction\":[{\"@type\":\"CommentAction\",\"name\":\"Comment\",\"target\":[\"https:\/\/vosgesinfo.fr\/saintdieinfo\/2025\/07\/deuxieme-concert-sauvage-pour-enfants-de-jean-michel-rey\/#respond\"]}]},{\"@type\":\"WebPage\",\"@id\":\"https:\/\/vosgesinfo.fr\/saintdieinfo\/2025\/07\/deuxieme-concert-sauvage-pour-enfants-de-jean-michel-rey\/\",\"url\":\"https:\/\/vosgesinfo.fr\/saintdieinfo\/2025\/07\/deuxieme-concert-sauvage-pour-enfants-de-jean-michel-rey\/\",\"name\":\"Deuxi\u00e8me \u00ab\u00a0concert sauvage\u00a0\u00bb pour enfants de Jean-Michel Rey - Saint Die Info\",\"isPartOf\":{\"@id\":\"https:\/\/vosgesinfo.fr\/saintdieinfo\/#website\"},\"primaryImageOfPage\":{\"@id\":\"https:\/\/vosgesinfo.fr\/saintdieinfo\/2025\/07\/deuxieme-concert-sauvage-pour-enfants-de-jean-michel-rey\/#primaryimage\"},\"image\":{\"@id\":\"https:\/\/vosgesinfo.fr\/saintdieinfo\/2025\/07\/deuxieme-concert-sauvage-pour-enfants-de-jean-michel-rey\/#primaryimage\"},\"thumbnailUrl\":\"https:\/\/vosgesinfo.fr\/app\/uploads\/sites\/4\/2025\/07\/deuxieme-concert-sauvage-jm-rey.png\",\"datePublished\":\"2025-07-23T12:30:46+00:00\",\"dateModified\":\"2025-07-23T12:08:42+00:00\",\"breadcrumb\":{\"@id\":\"https:\/\/vosgesinfo.fr\/saintdieinfo\/2025\/07\/deuxieme-concert-sauvage-pour-enfants-de-jean-michel-rey\/#breadcrumb\"},\"inLanguage\":\"fr-FR\",\"potentialAction\":[{\"@type\":\"ReadAction\",\"target\":[\"https:\/\/vosgesinfo.fr\/saintdieinfo\/2025\/07\/deuxieme-concert-sauvage-pour-enfants-de-jean-michel-rey\/\"]}]},{\"@type\":\"ImageObject\",\"inLanguage\":\"fr-FR\",\"@id\":\"https:\/\/vosgesinfo.fr\/saintdieinfo\/2025\/07\/deuxieme-concert-sauvage-pour-enfants-de-jean-michel-rey\/#primaryimage\",\"url\":\"https:\/\/vosgesinfo.fr\/app\/uploads\/sites\/4\/2025\/07\/deuxieme-concert-sauvage-jm-rey.png\",\"contentUrl\":\"https:\/\/vosgesinfo.fr\/app\/uploads\/sites\/4\/2025\/07\/deuxieme-concert-sauvage-jm-rey.png\",\"width\":1200,\"height\":1031},{\"@type\":\"BreadcrumbList\",\"@id\":\"https:\/\/vosgesinfo.fr\/saintdieinfo\/2025\/07\/deuxieme-concert-sauvage-pour-enfants-de-jean-michel-rey\/#breadcrumb\",\"itemListElement\":[{\"@type\":\"ListItem\",\"position\":1,\"name\":\"Home\",\"item\":\"https:\/\/vosgesinfo.fr\/saintdieinfo\/\"},{\"@type\":\"ListItem\",\"position\":2,\"name\":\"Deuxi\u00e8me \u00ab\u00a0concert sauvage\u00a0\u00bb pour enfants de Jean-Michel Rey\"}]},{\"@type\":\"WebSite\",\"@id\":\"https:\/\/vosgesinfo.fr\/saintdieinfo\/#website\",\"url\":\"https:\/\/vosgesinfo.fr\/saintdieinfo\/\",\"name\":\"Saint Die Info\",\"description\":\"Toute l&#039;actualit\u00e9 de Saint-Di\u00e9-Des-Vosges\",\"publisher\":{\"@id\":\"https:\/\/vosgesinfo.fr\/saintdieinfo\/#organization\"},\"alternateName\":\"Toute l'actualit\u00e9 de Saint-Di\u00e9-Des-Vosges\",\"potentialAction\":[{\"@type\":\"SearchAction\",\"target\":{\"@type\":\"EntryPoint\",\"urlTemplate\":\"https:\/\/vosgesinfo.fr\/saintdieinfo\/?s={search_term_string}\"},\"query-input\":\"required name=search_term_string\"}],\"inLanguage\":\"fr-FR\"},{\"@type\":\"Organization\",\"@id\":\"https:\/\/vosgesinfo.fr\/saintdieinfo\/#organization\",\"name\":\"Saint Die Info\",\"url\":\"https:\/\/vosgesinfo.fr\/saintdieinfo\/\",\"logo\":{\"@type\":\"ImageObject\",\"inLanguage\":\"fr-FR\",\"@id\":\"https:\/\/vosgesinfo.fr\/saintdieinfo\/#\/schema\/logo\/image\/\",\"url\":\"https:\/\/vosgesinfo.fr\/app\/uploads\/sites\/4\/2024\/02\/logo-sdi.jpg\",\"contentUrl\":\"https:\/\/vosgesinfo.fr\/app\/uploads\/sites\/4\/2024\/02\/logo-sdi.jpg\",\"width\":600,\"height\":600,\"caption\":\"Saint Die Info\"},\"image\":{\"@id\":\"https:\/\/vosgesinfo.fr\/saintdieinfo\/#\/schema\/logo\/image\/\"},\"sameAs\":[\"https:\/\/www.facebook.com\/Saintdieinfofr\",\"https:\/\/x.com\/VosgesInfo88\",\"https:\/\/www.youtube.com\/@vosgesinfo\"]},{\"@type\":\"Person\",\"@id\":\"https:\/\/vosgesinfo.fr\/saintdieinfo\/#\/schema\/person\/fa73e9f726d67bb88f46d5b7943cb572\",\"name\":\"J.J.\",\"image\":{\"@type\":\"ImageObject\",\"inLanguage\":\"fr-FR\",\"@id\":\"https:\/\/vosgesinfo.fr\/saintdieinfo\/#\/schema\/person\/image\/\",\"url\":\"https:\/\/secure.gravatar.com\/avatar\/219e749e47ffbcca018a360ae4add7d4cdf1cdaaf8bc7676b27efade3fe65615?s=96&d=mm&r=g\",\"contentUrl\":\"https:\/\/secure.gravatar.com\/avatar\/219e749e47ffbcca018a360ae4add7d4cdf1cdaaf8bc7676b27efade3fe65615?s=96&d=mm&r=g\",\"caption\":\"J.J.\"},\"url\":\"https:\/\/vosgesinfo.fr\/saintdieinfo\/author\/j-j\/\"}]}<\/script>\n<!-- \/ Yoast SEO plugin. -->","yoast_head_json":{"title":"Deuxi\u00e8me \u00ab\u00a0concert sauvage\u00a0\u00bb pour enfants de Jean-Michel Rey - Saint Die Info","robots":{"index":"index","follow":"follow","max-snippet":"max-snippet:-1","max-image-preview":"max-image-preview:large","max-video-preview":"max-video-preview:-1"},"canonical":"https:\/\/vosgesinfo.fr\/saintdieinfo\/2025\/07\/deuxieme-concert-sauvage-pour-enfants-de-jean-michel-rey\/","twitter_card":"summary_large_image","twitter_title":"Deuxi\u00e8me \u00ab\u00a0concert sauvage\u00a0\u00bb pour enfants de Jean-Michel Rey - Saint Die Info","twitter_description":"Cet \u00e9t\u00e9, Jean-Michel Rey lance un nouveau concept\u202f: des \u00ab\u202fconcerts sauvages\u202f\u00bb pour enfants \u2013 les adultes sont aussi les bienvenus. [&hellip;]","twitter_image":"https:\/\/vosgesinfo.fr\/app\/uploads\/sites\/4\/2025\/07\/deuxieme-concert-sauvage-jm-rey.png","twitter_creator":"@VosgesInfo88","twitter_site":"@VosgesInfo88","twitter_misc":{"\u00c9crit par":"J.J.","Dur\u00e9e de lecture estim\u00e9e":"1 minute"},"schema":{"@context":"https:\/\/schema.org","@graph":[{"@type":"Article","@id":"https:\/\/vosgesinfo.fr\/saintdieinfo\/2025\/07\/deuxieme-concert-sauvage-pour-enfants-de-jean-michel-rey\/#article","isPartOf":{"@id":"https:\/\/vosgesinfo.fr\/saintdieinfo\/2025\/07\/deuxieme-concert-sauvage-pour-enfants-de-jean-michel-rey\/"},"author":{"name":"J.J.","@id":"https:\/\/vosgesinfo.fr\/saintdieinfo\/#\/schema\/person\/fa73e9f726d67bb88f46d5b7943cb572"},"headline":"Deuxi\u00e8me \u00ab\u00a0concert sauvage\u00a0\u00bb pour enfants de Jean-Michel Rey","datePublished":"2025-07-23T12:30:46+00:00","dateModified":"2025-07-23T12:08:42+00:00","mainEntityOfPage":{"@id":"https:\/\/vosgesinfo.fr\/saintdieinfo\/2025\/07\/deuxieme-concert-sauvage-pour-enfants-de-jean-michel-rey\/"},"wordCount":151,"commentCount":0,"publisher":{"@id":"https:\/\/vosgesinfo.fr\/saintdieinfo\/#organization"},"image":{"@id":"https:\/\/vosgesinfo.fr\/saintdieinfo\/2025\/07\/deuxieme-concert-sauvage-pour-enfants-de-jean-michel-rey\/#primaryimage"},"thumbnailUrl":"https:\/\/vosgesinfo.fr\/app\/uploads\/sites\/4\/2025\/07\/deuxieme-concert-sauvage-jm-rey.png","keywords":["Chapelle Saint-D\u00e9odat","Concerts sauvages pour enfants","Jean-Michel Rey","Quartier Foucharupt"],"articleSection":["A la Une","Concert","Enfants","Saint-Di\u00e9-des-Vosges"],"inLanguage":"fr-FR","potentialAction":[{"@type":"CommentAction","name":"Comment","target":["https:\/\/vosgesinfo.fr\/saintdieinfo\/2025\/07\/deuxieme-concert-sauvage-pour-enfants-de-jean-michel-rey\/#respond"]}]},{"@type":"WebPage","@id":"https:\/\/vosgesinfo.fr\/saintdieinfo\/2025\/07\/deuxieme-concert-sauvage-pour-enfants-de-jean-michel-rey\/","url":"https:\/\/vosgesinfo.fr\/saintdieinfo\/2025\/07\/deuxieme-concert-sauvage-pour-enfants-de-jean-michel-rey\/","name":"Deuxi\u00e8me \u00ab\u00a0concert sauvage\u00a0\u00bb pour enfants de Jean-Michel Rey - Saint Die Info","isPartOf":{"@id":"https:\/\/vosgesinfo.fr\/saintdieinfo\/#website"},"primaryImageOfPage":{"@id":"https:\/\/vosgesinfo.fr\/saintdieinfo\/2025\/07\/deuxieme-concert-sauvage-pour-enfants-de-jean-michel-rey\/#primaryimage"},"image":{"@id":"https:\/\/vosgesinfo.fr\/saintdieinfo\/2025\/07\/deuxieme-concert-sauvage-pour-enfants-de-jean-michel-rey\/#primaryimage"},"thumbnailUrl":"https:\/\/vosgesinfo.fr\/app\/uploads\/sites\/4\/2025\/07\/deuxieme-concert-sauvage-jm-rey.png","datePublished":"2025-07-23T12:30:46+00:00","dateModified":"2025-07-23T12:08:42+00:00","breadcrumb":{"@id":"https:\/\/vosgesinfo.fr\/saintdieinfo\/2025\/07\/deuxieme-concert-sauvage-pour-enfants-de-jean-michel-rey\/#breadcrumb"},"inLanguage":"fr-FR","potentialAction":[{"@type":"ReadAction","target":["https:\/\/vosgesinfo.fr\/saintdieinfo\/2025\/07\/deuxieme-concert-sauvage-pour-enfants-de-jean-michel-rey\/"]}]},{"@type":"ImageObject","inLanguage":"fr-FR","@id":"https:\/\/vosgesinfo.fr\/saintdieinfo\/2025\/07\/deuxieme-concert-sauvage-pour-enfants-de-jean-michel-rey\/#primaryimage","url":"https:\/\/vosgesinfo.fr\/app\/uploads\/sites\/4\/2025\/07\/deuxieme-concert-sauvage-jm-rey.png","contentUrl":"https:\/\/vosgesinfo.fr\/app\/uploads\/sites\/4\/2025\/07\/deuxieme-concert-sauvage-jm-rey.png","width":1200,"height":1031},{"@type":"BreadcrumbList","@id":"https:\/\/vosgesinfo.fr\/saintdieinfo\/2025\/07\/deuxieme-concert-sauvage-pour-enfants-de-jean-michel-rey\/#breadcrumb","itemListElement":[{"@type":"ListItem","position":1,"name":"Home","item":"https:\/\/vosgesinfo.fr\/saintdieinfo\/"},{"@type":"ListItem","position":2,"name":"Deuxi\u00e8me \u00ab\u00a0concert sauvage\u00a0\u00bb pour enfants de Jean-Michel Rey"}]},{"@type":"WebSite","@id":"https:\/\/vosgesinfo.fr\/saintdieinfo\/#website","url":"https:\/\/vosgesinfo.fr\/saintdieinfo\/","name":"Saint Die Info","description":"Toute l&#039;actualit\u00e9 de Saint-Di\u00e9-Des-Vosges","publisher":{"@id":"https:\/\/vosgesinfo.fr\/saintdieinfo\/#organization"},"alternateName":"Toute l'actualit\u00e9 de Saint-Di\u00e9-Des-Vosges","potentialAction":[{"@type":"SearchAction","target":{"@type":"EntryPoint","urlTemplate":"https:\/\/vosgesinfo.fr\/saintdieinfo\/?s={search_term_string}"},"query-input":"required name=search_term_string"}],"inLanguage":"fr-FR"},{"@type":"Organization","@id":"https:\/\/vosgesinfo.fr\/saintdieinfo\/#organization","name":"Saint Die Info","url":"https:\/\/vosgesinfo.fr\/saintdieinfo\/","logo":{"@type":"ImageObject","inLanguage":"fr-FR","@id":"https:\/\/vosgesinfo.fr\/saintdieinfo\/#\/schema\/logo\/image\/","url":"https:\/\/vosgesinfo.fr\/app\/uploads\/sites\/4\/2024\/02\/logo-sdi.jpg","contentUrl":"https:\/\/vosgesinfo.fr\/app\/uploads\/sites\/4\/2024\/02\/logo-sdi.jpg","width":600,"height":600,"caption":"Saint Die Info"},"image":{"@id":"https:\/\/vosgesinfo.fr\/saintdieinfo\/#\/schema\/logo\/image\/"},"sameAs":["https:\/\/www.facebook.com\/Saintdieinfofr","https:\/\/x.com\/VosgesInfo88","https:\/\/www.youtube.com\/@vosgesinfo"]},{"@type":"Person","@id":"https:\/\/vosgesinfo.fr\/saintdieinfo\/#\/schema\/person\/fa73e9f726d67bb88f46d5b7943cb572","name":"J.J.","image":{"@type":"ImageObject","inLanguage":"fr-FR","@id":"https:\/\/vosgesinfo.fr\/saintdieinfo\/#\/schema\/person\/image\/","url":"https:\/\/secure.gravatar.com\/avatar\/219e749e47ffbcca018a360ae4add7d4cdf1cdaaf8bc7676b27efade3fe65615?s=96&d=mm&r=g","contentUrl":"https:\/\/secure.gravatar.com\/avatar\/219e749e47ffbcca018a360ae4add7d4cdf1cdaaf8bc7676b27efade3fe65615?s=96&d=mm&r=g","caption":"J.J."},"url":"https:\/\/vosgesinfo.fr\/saintdieinfo\/author\/j-j\/"}]}},"_links":{"self":[{"href":"https:\/\/vosgesinfo.fr\/saintdieinfo\/wp-json\/wp\/v2\/posts\/80521","targetHints":{"allow":["GET"]}}],"collection":[{"href":"https:\/\/vosgesinfo.fr\/saintdieinfo\/wp-json\/wp\/v2\/posts"}],"about":[{"href":"https:\/\/vosgesinfo.fr\/saintdieinfo\/wp-json\/wp\/v2\/types\/post"}],"author":[{"embeddable":true,"href":"https:\/\/vosgesinfo.fr\/saintdieinfo\/wp-json\/wp\/v2\/users\/46"}],"replies":[{"embeddable":true,"href":"https:\/\/vosgesinfo.fr\/saintdieinfo\/wp-json\/wp\/v2\/comments?post=80521"}],"version-history":[{"count":1,"href":"https:\/\/vosgesinfo.fr\/saintdieinfo\/wp-json\/wp\/v2\/posts\/80521\/revisions"}],"predecessor-version":[{"id":80524,"href":"https:\/\/vosgesinfo.fr\/saintdieinfo\/wp-json\/wp\/v2\/posts\/80521\/revisions\/80524"}],"wp:featuredmedia":[{"embeddable":true,"href":"https:\/\/vosgesinfo.fr\/saintdieinfo\/wp-json\/wp\/v2\/media\/80522"}],"wp:attachment":[{"href":"https:\/\/vosgesinfo.fr\/saintdieinfo\/wp-json\/wp\/v2\/media?parent=80521"}],"wp:term":[{"taxonomy":"category","embeddable":true,"href":"https:\/\/vosgesinfo.fr\/saintdieinfo\/wp-json\/wp\/v2\/categories?post=80521"},{"taxonomy":"post_tag","embeddable":true,"href":"https:\/\/vosgesinfo.fr\/saintdieinfo\/wp-json\/wp\/v2\/tags?post=80521"}],"curies":[{"name":"wp","href":"https:\/\/api.w.org\/{rel}","templated":true}]}}