{"id":80530,"date":"2025-07-23T17:30:52","date_gmt":"2025-07-23T15:30:52","guid":{"rendered":"https:\/\/vosgesinfo.fr\/saintdieinfo\/?p=80530"},"modified":"2025-07-23T17:10:30","modified_gmt":"2025-07-23T15:10:30","slug":"sur-les-traces-du-patrimoine-avec-le-parcours-du-petit-deodatien","status":"publish","type":"post","link":"https:\/\/vosgesinfo.fr\/saintdieinfo\/2025\/07\/sur-les-traces-du-patrimoine-avec-le-parcours-du-petit-deodatien\/","title":{"rendered":"Sur les traces du patrimoine avec le parcours du Petit D\u00e9odatien"},"content":{"rendered":"<p><a href=\"https:\/\/vosgesinfo.fr\/app\/uploads\/sites\/4\/2025\/07\/parcours-petit-deodatien-1.jpg\"><img decoding=\"async\" class=\"alignnone size-large wp-image-80531\" src=\"https:\/\/vosgesinfo.fr\/app\/uploads\/sites\/4\/2025\/07\/parcours-petit-deodatien-1-1024x768.jpg\" alt=\"\" width=\"1024\" height=\"768\" srcset=\"https:\/\/vosgesinfo.fr\/app\/uploads\/sites\/4\/2025\/07\/parcours-petit-deodatien-1-1024x768.jpg 1024w, https:\/\/vosgesinfo.fr\/app\/uploads\/sites\/4\/2025\/07\/parcours-petit-deodatien-1-300x225.jpg 300w, https:\/\/vosgesinfo.fr\/app\/uploads\/sites\/4\/2025\/07\/parcours-petit-deodatien-1-768x576.jpg 768w, https:\/\/vosgesinfo.fr\/app\/uploads\/sites\/4\/2025\/07\/parcours-petit-deodatien-1.jpg 1080w\" sizes=\"(max-width: 1024px) 100vw, 1024px\" \/><\/a><\/p>\n<h2>Tout au long de la <strong>p\u00e9riode estivale<\/strong>, dans le cadre de <strong>l&rsquo;\u00c9t\u00e9 en grand<\/strong>, les <strong>visites guid\u00e9es de la ville<\/strong> se succ\u00e8dent. Chaque semaine, les <strong>amateurs de patrimoine, d&rsquo;histoire et d&rsquo;architecture<\/strong> en apprennent davantage sur <strong>Saint-Di\u00e9-des-Vosges<\/strong> aux c\u00f4t\u00e9s de <strong>l&rsquo;Office de Tourisme \u00ab\u00a0Destination Vosges, Portes d&rsquo;Alsace\u00a0\u00bb.<\/strong><\/h2>\n<p><!--more--><\/p>\n<h3 class=\"western\"><strong>Un circuit ludique et p\u00e9dagogique<\/strong><\/h3>\n<p>Parmi ces visites guid\u00e9es, <strong>\u00ab\u202fLe parcours du Petit D\u00e9odatien\u202f\u00bb<\/strong> emm\u00e8ne les <strong>jeunes participants et leurs parents<\/strong> \u00e0 la d\u00e9couverte des <strong>fontaines du pont de la R\u00e9publique<\/strong>, de la <strong>Tour de la Libert\u00e9<\/strong>, de la <strong>mosa\u00efque sign\u00e9e Jean Bazaine<\/strong> sur la fa\u00e7ade de l\u2019<strong>Espace Fran\u00e7ois-Mitterrand<\/strong>, de <strong>Jules Ferry<\/strong>, de la <strong>rue Thiers<\/strong> ou de <strong>l\u2019ensemble cath\u00e9dral<\/strong>. \u00c0 chaque \u00e9tape, c\u2019est <strong>carnet en main<\/strong> que les enfants doivent r\u00e9soudre des <strong>\u00e9nigmes<\/strong> sous l\u2019\u00e9gide de <strong>Manon Schneider<\/strong>, <strong>guide-conf\u00e9renci\u00e8re de l\u2019Office de Tourisme intercommunal<\/strong>. Et de devenir, au fil de leurs d\u00e9couvertes, <strong>incollables sur la cit\u00e9 d\u00e9odatienne<\/strong> qui, selon la l\u00e9gende, aurait \u00e9t\u00e9 fond\u00e9e par le <strong>moine Saint D\u00e9odat au VIIe si\u00e8cle<\/strong>.<\/p>\n<h3 class=\"western\"><strong>Prochain rendez-vous le 13 ao\u00fbt<\/strong><\/h3>\n<p>La <strong>prochaine visite estampill\u00e9e \u00ab\u202fLe parcours du Petit D\u00e9odatien\u202f\u00bb<\/strong> se tiendra <strong>le mercredi 13 ao\u00fbt prochain, \u00e0 15h<\/strong>, au d\u00e9part du <strong>bureau de l\u2019Office de Tourisme intercommunal<\/strong>, situ\u00e9 \u00e0 <strong>La Boussole (place Jules-Ferry)<\/strong>. De <strong>6 \u00e0 12 ans<\/strong>, avec un <strong>tarif de 2\u202f\u20ac par enfant<\/strong>. <strong>Renseignements compl\u00e9mentaires et r\u00e9servations<\/strong> par t\u00e9l\u00e9phone, au <strong>03-29-42-22-22<\/strong>, ou via <strong><a href=\"mailto:receptif@ca-saintdie.fr\" target=\"_blank\" rel=\"noopener\">receptif@ca-saintdie.fr<\/a><\/strong>.<\/p>\n<p><a href=\"https:\/\/vosgesinfo.fr\/app\/uploads\/sites\/4\/2025\/07\/parcours-petit-deodatien-2.jpg\"><img decoding=\"async\" class=\"alignnone size-large wp-image-80532\" src=\"https:\/\/vosgesinfo.fr\/app\/uploads\/sites\/4\/2025\/07\/parcours-petit-deodatien-2-1024x768.jpg\" alt=\"\" width=\"1024\" height=\"768\" srcset=\"https:\/\/vosgesinfo.fr\/app\/uploads\/sites\/4\/2025\/07\/parcours-petit-deodatien-2-1024x768.jpg 1024w, https:\/\/vosgesinfo.fr\/app\/uploads\/sites\/4\/2025\/07\/parcours-petit-deodatien-2-300x225.jpg 300w, https:\/\/vosgesinfo.fr\/app\/uploads\/sites\/4\/2025\/07\/parcours-petit-deodatien-2-768x576.jpg 768w, https:\/\/vosgesinfo.fr\/app\/uploads\/sites\/4\/2025\/07\/parcours-petit-deodatien-2.jpg 1080w\" sizes=\"(max-width: 1024px) 100vw, 1024px\" \/><\/a><\/p>\n","protected":false},"excerpt":{"rendered":"<p>Tout au long de la p\u00e9riode estivale, dans le cadre de l&rsquo;\u00c9t\u00e9 en grand, les visites guid\u00e9es de la ville [&hellip;]<\/p>\n","protected":false},"author":46,"featured_media":80531,"comment_status":"open","ping_status":"open","sticky":false,"template":"","format":"standard","meta":{"footnotes":""},"categories":[460,3532,167,15104],"tags":[6421,2967,17858,6419,4351],"class_list":["post-80530","post","type-post","status-publish","format-standard","has-post-thumbnail","hentry","category-a-la-une","category-enfants","category-saint-die-des-vosges","category-tourisme","tag-destination-vosges-portes-dalsace","tag-ete-en-grand-a-saint-die-des-vosges","tag-le-parcours-du-petit-deodatien","tag-office-de-tourisme-de-la-communaute-dagglomeration-de-saint-die-des-vosges","tag-visites-guidees"],"acf":[],"yoast_head":"<!-- This site is optimized with the Yoast SEO plugin v22.5 - https:\/\/yoast.com\/wordpress\/plugins\/seo\/ -->\n<title>Sur les traces du patrimoine avec le parcours du Petit D\u00e9odatien - Saint Die Info<\/title>\n<meta name=\"robots\" content=\"index, follow, max-snippet:-1, max-image-preview:large, max-video-preview:-1\" \/>\n<link rel=\"canonical\" href=\"https:\/\/vosgesinfo.fr\/saintdieinfo\/2025\/07\/sur-les-traces-du-patrimoine-avec-le-parcours-du-petit-deodatien\/\" \/>\n<meta name=\"twitter:card\" content=\"summary_large_image\" \/>\n<meta name=\"twitter:title\" content=\"Sur les traces du patrimoine avec le parcours du Petit D\u00e9odatien - Saint Die Info\" \/>\n<meta name=\"twitter:description\" content=\"Tout au long de la p\u00e9riode estivale, dans le cadre de l&rsquo;\u00c9t\u00e9 en grand, les visites guid\u00e9es de la ville [&hellip;]\" \/>\n<meta name=\"twitter:image\" content=\"https:\/\/vosgesinfo.fr\/app\/uploads\/sites\/4\/2025\/07\/parcours-petit-deodatien-1.jpg\" \/>\n<meta name=\"twitter:creator\" content=\"@VosgesInfo88\" \/>\n<meta name=\"twitter:site\" content=\"@VosgesInfo88\" \/>\n<meta name=\"twitter:label1\" content=\"\u00c9crit par\" \/>\n\t<meta name=\"twitter:data1\" content=\"J.J.\" \/>\n\t<meta name=\"twitter:label2\" content=\"Dur\u00e9e de lecture estim\u00e9e\" \/>\n\t<meta name=\"twitter:data2\" content=\"2 minutes\" \/>\n<script type=\"application\/ld+json\" class=\"yoast-schema-graph\">{\"@context\":\"https:\/\/schema.org\",\"@graph\":[{\"@type\":\"Article\",\"@id\":\"https:\/\/vosgesinfo.fr\/saintdieinfo\/2025\/07\/sur-les-traces-du-patrimoine-avec-le-parcours-du-petit-deodatien\/#article\",\"isPartOf\":{\"@id\":\"https:\/\/vosgesinfo.fr\/saintdieinfo\/2025\/07\/sur-les-traces-du-patrimoine-avec-le-parcours-du-petit-deodatien\/\"},\"author\":{\"name\":\"J.J.\",\"@id\":\"https:\/\/vosgesinfo.fr\/saintdieinfo\/#\/schema\/person\/fa73e9f726d67bb88f46d5b7943cb572\"},\"headline\":\"Sur les traces du patrimoine avec le parcours du Petit D\u00e9odatien\",\"datePublished\":\"2025-07-23T15:30:52+00:00\",\"dateModified\":\"2025-07-23T15:10:30+00:00\",\"mainEntityOfPage\":{\"@id\":\"https:\/\/vosgesinfo.fr\/saintdieinfo\/2025\/07\/sur-les-traces-du-patrimoine-avec-le-parcours-du-petit-deodatien\/\"},\"wordCount\":273,\"commentCount\":0,\"publisher\":{\"@id\":\"https:\/\/vosgesinfo.fr\/saintdieinfo\/#organization\"},\"image\":{\"@id\":\"https:\/\/vosgesinfo.fr\/saintdieinfo\/2025\/07\/sur-les-traces-du-patrimoine-avec-le-parcours-du-petit-deodatien\/#primaryimage\"},\"thumbnailUrl\":\"https:\/\/vosgesinfo.fr\/app\/uploads\/sites\/4\/2025\/07\/parcours-petit-deodatien-1.jpg\",\"keywords\":[\"Destination Vosges Portes d'Alsace\",\"Et\u00e9 en grand \u00e0 Saint-Di\u00e9-des-Vosges\",\"Le parcours du Petit D\u00e9odatien\",\"Office de Tourisme de la Communaut\u00e9 d'Agglom\u00e9ration de Saint-Di\u00e9-des-Vosges\",\"Visites guid\u00e9es\"],\"articleSection\":[\"A la Une\",\"Enfants\",\"Saint-Di\u00e9-des-Vosges\",\"Tourisme\"],\"inLanguage\":\"fr-FR\",\"potentialAction\":[{\"@type\":\"CommentAction\",\"name\":\"Comment\",\"target\":[\"https:\/\/vosgesinfo.fr\/saintdieinfo\/2025\/07\/sur-les-traces-du-patrimoine-avec-le-parcours-du-petit-deodatien\/#respond\"]}]},{\"@type\":\"WebPage\",\"@id\":\"https:\/\/vosgesinfo.fr\/saintdieinfo\/2025\/07\/sur-les-traces-du-patrimoine-avec-le-parcours-du-petit-deodatien\/\",\"url\":\"https:\/\/vosgesinfo.fr\/saintdieinfo\/2025\/07\/sur-les-traces-du-patrimoine-avec-le-parcours-du-petit-deodatien\/\",\"name\":\"Sur les traces du patrimoine avec le parcours du Petit D\u00e9odatien - Saint Die Info\",\"isPartOf\":{\"@id\":\"https:\/\/vosgesinfo.fr\/saintdieinfo\/#website\"},\"primaryImageOfPage\":{\"@id\":\"https:\/\/vosgesinfo.fr\/saintdieinfo\/2025\/07\/sur-les-traces-du-patrimoine-avec-le-parcours-du-petit-deodatien\/#primaryimage\"},\"image\":{\"@id\":\"https:\/\/vosgesinfo.fr\/saintdieinfo\/2025\/07\/sur-les-traces-du-patrimoine-avec-le-parcours-du-petit-deodatien\/#primaryimage\"},\"thumbnailUrl\":\"https:\/\/vosgesinfo.fr\/app\/uploads\/sites\/4\/2025\/07\/parcours-petit-deodatien-1.jpg\",\"datePublished\":\"2025-07-23T15:30:52+00:00\",\"dateModified\":\"2025-07-23T15:10:30+00:00\",\"breadcrumb\":{\"@id\":\"https:\/\/vosgesinfo.fr\/saintdieinfo\/2025\/07\/sur-les-traces-du-patrimoine-avec-le-parcours-du-petit-deodatien\/#breadcrumb\"},\"inLanguage\":\"fr-FR\",\"potentialAction\":[{\"@type\":\"ReadAction\",\"target\":[\"https:\/\/vosgesinfo.fr\/saintdieinfo\/2025\/07\/sur-les-traces-du-patrimoine-avec-le-parcours-du-petit-deodatien\/\"]}]},{\"@type\":\"ImageObject\",\"inLanguage\":\"fr-FR\",\"@id\":\"https:\/\/vosgesinfo.fr\/saintdieinfo\/2025\/07\/sur-les-traces-du-patrimoine-avec-le-parcours-du-petit-deodatien\/#primaryimage\",\"url\":\"https:\/\/vosgesinfo.fr\/app\/uploads\/sites\/4\/2025\/07\/parcours-petit-deodatien-1.jpg\",\"contentUrl\":\"https:\/\/vosgesinfo.fr\/app\/uploads\/sites\/4\/2025\/07\/parcours-petit-deodatien-1.jpg\",\"width\":1080,\"height\":810},{\"@type\":\"BreadcrumbList\",\"@id\":\"https:\/\/vosgesinfo.fr\/saintdieinfo\/2025\/07\/sur-les-traces-du-patrimoine-avec-le-parcours-du-petit-deodatien\/#breadcrumb\",\"itemListElement\":[{\"@type\":\"ListItem\",\"position\":1,\"name\":\"Home\",\"item\":\"https:\/\/vosgesinfo.fr\/saintdieinfo\/\"},{\"@type\":\"ListItem\",\"position\":2,\"name\":\"Sur les traces du patrimoine avec le parcours du Petit D\u00e9odatien\"}]},{\"@type\":\"WebSite\",\"@id\":\"https:\/\/vosgesinfo.fr\/saintdieinfo\/#website\",\"url\":\"https:\/\/vosgesinfo.fr\/saintdieinfo\/\",\"name\":\"Saint Die Info\",\"description\":\"Toute l&#039;actualit\u00e9 de Saint-Di\u00e9-Des-Vosges\",\"publisher\":{\"@id\":\"https:\/\/vosgesinfo.fr\/saintdieinfo\/#organization\"},\"alternateName\":\"Toute l'actualit\u00e9 de Saint-Di\u00e9-Des-Vosges\",\"potentialAction\":[{\"@type\":\"SearchAction\",\"target\":{\"@type\":\"EntryPoint\",\"urlTemplate\":\"https:\/\/vosgesinfo.fr\/saintdieinfo\/?s={search_term_string}\"},\"query-input\":\"required name=search_term_string\"}],\"inLanguage\":\"fr-FR\"},{\"@type\":\"Organization\",\"@id\":\"https:\/\/vosgesinfo.fr\/saintdieinfo\/#organization\",\"name\":\"Saint Die Info\",\"url\":\"https:\/\/vosgesinfo.fr\/saintdieinfo\/\",\"logo\":{\"@type\":\"ImageObject\",\"inLanguage\":\"fr-FR\",\"@id\":\"https:\/\/vosgesinfo.fr\/saintdieinfo\/#\/schema\/logo\/image\/\",\"url\":\"https:\/\/vosgesinfo.fr\/app\/uploads\/sites\/4\/2024\/02\/logo-sdi.jpg\",\"contentUrl\":\"https:\/\/vosgesinfo.fr\/app\/uploads\/sites\/4\/2024\/02\/logo-sdi.jpg\",\"width\":600,\"height\":600,\"caption\":\"Saint Die Info\"},\"image\":{\"@id\":\"https:\/\/vosgesinfo.fr\/saintdieinfo\/#\/schema\/logo\/image\/\"},\"sameAs\":[\"https:\/\/www.facebook.com\/Saintdieinfofr\",\"https:\/\/x.com\/VosgesInfo88\",\"https:\/\/www.youtube.com\/@vosgesinfo\"]},{\"@type\":\"Person\",\"@id\":\"https:\/\/vosgesinfo.fr\/saintdieinfo\/#\/schema\/person\/fa73e9f726d67bb88f46d5b7943cb572\",\"name\":\"J.J.\",\"image\":{\"@type\":\"ImageObject\",\"inLanguage\":\"fr-FR\",\"@id\":\"https:\/\/vosgesinfo.fr\/saintdieinfo\/#\/schema\/person\/image\/\",\"url\":\"https:\/\/secure.gravatar.com\/avatar\/219e749e47ffbcca018a360ae4add7d4cdf1cdaaf8bc7676b27efade3fe65615?s=96&d=mm&r=g\",\"contentUrl\":\"https:\/\/secure.gravatar.com\/avatar\/219e749e47ffbcca018a360ae4add7d4cdf1cdaaf8bc7676b27efade3fe65615?s=96&d=mm&r=g\",\"caption\":\"J.J.\"},\"url\":\"https:\/\/vosgesinfo.fr\/saintdieinfo\/author\/j-j\/\"}]}<\/script>\n<!-- \/ Yoast SEO plugin. -->","yoast_head_json":{"title":"Sur les traces du patrimoine avec le parcours du Petit D\u00e9odatien - Saint Die Info","robots":{"index":"index","follow":"follow","max-snippet":"max-snippet:-1","max-image-preview":"max-image-preview:large","max-video-preview":"max-video-preview:-1"},"canonical":"https:\/\/vosgesinfo.fr\/saintdieinfo\/2025\/07\/sur-les-traces-du-patrimoine-avec-le-parcours-du-petit-deodatien\/","twitter_card":"summary_large_image","twitter_title":"Sur les traces du patrimoine avec le parcours du Petit D\u00e9odatien - Saint Die Info","twitter_description":"Tout au long de la p\u00e9riode estivale, dans le cadre de l&rsquo;\u00c9t\u00e9 en grand, les visites guid\u00e9es de la ville [&hellip;]","twitter_image":"https:\/\/vosgesinfo.fr\/app\/uploads\/sites\/4\/2025\/07\/parcours-petit-deodatien-1.jpg","twitter_creator":"@VosgesInfo88","twitter_site":"@VosgesInfo88","twitter_misc":{"\u00c9crit par":"J.J.","Dur\u00e9e de lecture estim\u00e9e":"2 minutes"},"schema":{"@context":"https:\/\/schema.org","@graph":[{"@type":"Article","@id":"https:\/\/vosgesinfo.fr\/saintdieinfo\/2025\/07\/sur-les-traces-du-patrimoine-avec-le-parcours-du-petit-deodatien\/#article","isPartOf":{"@id":"https:\/\/vosgesinfo.fr\/saintdieinfo\/2025\/07\/sur-les-traces-du-patrimoine-avec-le-parcours-du-petit-deodatien\/"},"author":{"name":"J.J.","@id":"https:\/\/vosgesinfo.fr\/saintdieinfo\/#\/schema\/person\/fa73e9f726d67bb88f46d5b7943cb572"},"headline":"Sur les traces du patrimoine avec le parcours du Petit D\u00e9odatien","datePublished":"2025-07-23T15:30:52+00:00","dateModified":"2025-07-23T15:10:30+00:00","mainEntityOfPage":{"@id":"https:\/\/vosgesinfo.fr\/saintdieinfo\/2025\/07\/sur-les-traces-du-patrimoine-avec-le-parcours-du-petit-deodatien\/"},"wordCount":273,"commentCount":0,"publisher":{"@id":"https:\/\/vosgesinfo.fr\/saintdieinfo\/#organization"},"image":{"@id":"https:\/\/vosgesinfo.fr\/saintdieinfo\/2025\/07\/sur-les-traces-du-patrimoine-avec-le-parcours-du-petit-deodatien\/#primaryimage"},"thumbnailUrl":"https:\/\/vosgesinfo.fr\/app\/uploads\/sites\/4\/2025\/07\/parcours-petit-deodatien-1.jpg","keywords":["Destination Vosges Portes d'Alsace","Et\u00e9 en grand \u00e0 Saint-Di\u00e9-des-Vosges","Le parcours du Petit D\u00e9odatien","Office de Tourisme de la Communaut\u00e9 d'Agglom\u00e9ration de Saint-Di\u00e9-des-Vosges","Visites guid\u00e9es"],"articleSection":["A la Une","Enfants","Saint-Di\u00e9-des-Vosges","Tourisme"],"inLanguage":"fr-FR","potentialAction":[{"@type":"CommentAction","name":"Comment","target":["https:\/\/vosgesinfo.fr\/saintdieinfo\/2025\/07\/sur-les-traces-du-patrimoine-avec-le-parcours-du-petit-deodatien\/#respond"]}]},{"@type":"WebPage","@id":"https:\/\/vosgesinfo.fr\/saintdieinfo\/2025\/07\/sur-les-traces-du-patrimoine-avec-le-parcours-du-petit-deodatien\/","url":"https:\/\/vosgesinfo.fr\/saintdieinfo\/2025\/07\/sur-les-traces-du-patrimoine-avec-le-parcours-du-petit-deodatien\/","name":"Sur les traces du patrimoine avec le parcours du Petit D\u00e9odatien - Saint Die Info","isPartOf":{"@id":"https:\/\/vosgesinfo.fr\/saintdieinfo\/#website"},"primaryImageOfPage":{"@id":"https:\/\/vosgesinfo.fr\/saintdieinfo\/2025\/07\/sur-les-traces-du-patrimoine-avec-le-parcours-du-petit-deodatien\/#primaryimage"},"image":{"@id":"https:\/\/vosgesinfo.fr\/saintdieinfo\/2025\/07\/sur-les-traces-du-patrimoine-avec-le-parcours-du-petit-deodatien\/#primaryimage"},"thumbnailUrl":"https:\/\/vosgesinfo.fr\/app\/uploads\/sites\/4\/2025\/07\/parcours-petit-deodatien-1.jpg","datePublished":"2025-07-23T15:30:52+00:00","dateModified":"2025-07-23T15:10:30+00:00","breadcrumb":{"@id":"https:\/\/vosgesinfo.fr\/saintdieinfo\/2025\/07\/sur-les-traces-du-patrimoine-avec-le-parcours-du-petit-deodatien\/#breadcrumb"},"inLanguage":"fr-FR","potentialAction":[{"@type":"ReadAction","target":["https:\/\/vosgesinfo.fr\/saintdieinfo\/2025\/07\/sur-les-traces-du-patrimoine-avec-le-parcours-du-petit-deodatien\/"]}]},{"@type":"ImageObject","inLanguage":"fr-FR","@id":"https:\/\/vosgesinfo.fr\/saintdieinfo\/2025\/07\/sur-les-traces-du-patrimoine-avec-le-parcours-du-petit-deodatien\/#primaryimage","url":"https:\/\/vosgesinfo.fr\/app\/uploads\/sites\/4\/2025\/07\/parcours-petit-deodatien-1.jpg","contentUrl":"https:\/\/vosgesinfo.fr\/app\/uploads\/sites\/4\/2025\/07\/parcours-petit-deodatien-1.jpg","width":1080,"height":810},{"@type":"BreadcrumbList","@id":"https:\/\/vosgesinfo.fr\/saintdieinfo\/2025\/07\/sur-les-traces-du-patrimoine-avec-le-parcours-du-petit-deodatien\/#breadcrumb","itemListElement":[{"@type":"ListItem","position":1,"name":"Home","item":"https:\/\/vosgesinfo.fr\/saintdieinfo\/"},{"@type":"ListItem","position":2,"name":"Sur les traces du patrimoine avec le parcours du Petit D\u00e9odatien"}]},{"@type":"WebSite","@id":"https:\/\/vosgesinfo.fr\/saintdieinfo\/#website","url":"https:\/\/vosgesinfo.fr\/saintdieinfo\/","name":"Saint Die Info","description":"Toute l&#039;actualit\u00e9 de Saint-Di\u00e9-Des-Vosges","publisher":{"@id":"https:\/\/vosgesinfo.fr\/saintdieinfo\/#organization"},"alternateName":"Toute l'actualit\u00e9 de Saint-Di\u00e9-Des-Vosges","potentialAction":[{"@type":"SearchAction","target":{"@type":"EntryPoint","urlTemplate":"https:\/\/vosgesinfo.fr\/saintdieinfo\/?s={search_term_string}"},"query-input":"required name=search_term_string"}],"inLanguage":"fr-FR"},{"@type":"Organization","@id":"https:\/\/vosgesinfo.fr\/saintdieinfo\/#organization","name":"Saint Die Info","url":"https:\/\/vosgesinfo.fr\/saintdieinfo\/","logo":{"@type":"ImageObject","inLanguage":"fr-FR","@id":"https:\/\/vosgesinfo.fr\/saintdieinfo\/#\/schema\/logo\/image\/","url":"https:\/\/vosgesinfo.fr\/app\/uploads\/sites\/4\/2024\/02\/logo-sdi.jpg","contentUrl":"https:\/\/vosgesinfo.fr\/app\/uploads\/sites\/4\/2024\/02\/logo-sdi.jpg","width":600,"height":600,"caption":"Saint Die Info"},"image":{"@id":"https:\/\/vosgesinfo.fr\/saintdieinfo\/#\/schema\/logo\/image\/"},"sameAs":["https:\/\/www.facebook.com\/Saintdieinfofr","https:\/\/x.com\/VosgesInfo88","https:\/\/www.youtube.com\/@vosgesinfo"]},{"@type":"Person","@id":"https:\/\/vosgesinfo.fr\/saintdieinfo\/#\/schema\/person\/fa73e9f726d67bb88f46d5b7943cb572","name":"J.J.","image":{"@type":"ImageObject","inLanguage":"fr-FR","@id":"https:\/\/vosgesinfo.fr\/saintdieinfo\/#\/schema\/person\/image\/","url":"https:\/\/secure.gravatar.com\/avatar\/219e749e47ffbcca018a360ae4add7d4cdf1cdaaf8bc7676b27efade3fe65615?s=96&d=mm&r=g","contentUrl":"https:\/\/secure.gravatar.com\/avatar\/219e749e47ffbcca018a360ae4add7d4cdf1cdaaf8bc7676b27efade3fe65615?s=96&d=mm&r=g","caption":"J.J."},"url":"https:\/\/vosgesinfo.fr\/saintdieinfo\/author\/j-j\/"}]}},"_links":{"self":[{"href":"https:\/\/vosgesinfo.fr\/saintdieinfo\/wp-json\/wp\/v2\/posts\/80530","targetHints":{"allow":["GET"]}}],"collection":[{"href":"https:\/\/vosgesinfo.fr\/saintdieinfo\/wp-json\/wp\/v2\/posts"}],"about":[{"href":"https:\/\/vosgesinfo.fr\/saintdieinfo\/wp-json\/wp\/v2\/types\/post"}],"author":[{"embeddable":true,"href":"https:\/\/vosgesinfo.fr\/saintdieinfo\/wp-json\/wp\/v2\/users\/46"}],"replies":[{"embeddable":true,"href":"https:\/\/vosgesinfo.fr\/saintdieinfo\/wp-json\/wp\/v2\/comments?post=80530"}],"version-history":[{"count":2,"href":"https:\/\/vosgesinfo.fr\/saintdieinfo\/wp-json\/wp\/v2\/posts\/80530\/revisions"}],"predecessor-version":[{"id":80534,"href":"https:\/\/vosgesinfo.fr\/saintdieinfo\/wp-json\/wp\/v2\/posts\/80530\/revisions\/80534"}],"wp:featuredmedia":[{"embeddable":true,"href":"https:\/\/vosgesinfo.fr\/saintdieinfo\/wp-json\/wp\/v2\/media\/80531"}],"wp:attachment":[{"href":"https:\/\/vosgesinfo.fr\/saintdieinfo\/wp-json\/wp\/v2\/media?parent=80530"}],"wp:term":[{"taxonomy":"category","embeddable":true,"href":"https:\/\/vosgesinfo.fr\/saintdieinfo\/wp-json\/wp\/v2\/categories?post=80530"},{"taxonomy":"post_tag","embeddable":true,"href":"https:\/\/vosgesinfo.fr\/saintdieinfo\/wp-json\/wp\/v2\/tags?post=80530"}],"curies":[{"name":"wp","href":"https:\/\/api.w.org\/{rel}","templated":true}]}}