{"id":80539,"date":"2025-07-23T19:20:17","date_gmt":"2025-07-23T17:20:17","guid":{"rendered":"https:\/\/vosgesinfo.fr\/saintdieinfo\/?p=80539"},"modified":"2025-07-23T19:01:53","modified_gmt":"2025-07-23T17:01:53","slug":"football-les-srdk-ont-leur-groupe-officiel-de-supporters","status":"publish","type":"post","link":"https:\/\/vosgesinfo.fr\/saintdieinfo\/2025\/07\/football-les-srdk-ont-leur-groupe-officiel-de-supporters\/","title":{"rendered":"Football\u00a0: les SRDK ont leur groupe officiel de supporters"},"content":{"rendered":"<div id=\"attachment_80540\" style=\"width: 1034px\" class=\"wp-caption alignnone\"><a href=\"https:\/\/vosgesinfo.fr\/app\/uploads\/sites\/4\/2025\/07\/commando-ultra-rk2l-1.jpg\"><img decoding=\"async\" aria-describedby=\"caption-attachment-80540\" class=\"size-large wp-image-80540\" src=\"https:\/\/vosgesinfo.fr\/app\/uploads\/sites\/4\/2025\/07\/commando-ultra-rk2l-1-1024x683.jpg\" alt=\"\" width=\"1024\" height=\"683\" srcset=\"https:\/\/vosgesinfo.fr\/app\/uploads\/sites\/4\/2025\/07\/commando-ultra-rk2l-1-1024x683.jpg 1024w, https:\/\/vosgesinfo.fr\/app\/uploads\/sites\/4\/2025\/07\/commando-ultra-rk2l-1-300x200.jpg 300w, https:\/\/vosgesinfo.fr\/app\/uploads\/sites\/4\/2025\/07\/commando-ultra-rk2l-1-768x512.jpg 768w, https:\/\/vosgesinfo.fr\/app\/uploads\/sites\/4\/2025\/07\/commando-ultra-rk2l-1-1536x1024.jpg 1536w, https:\/\/vosgesinfo.fr\/app\/uploads\/sites\/4\/2025\/07\/commando-ultra-rk2l-1.jpg 2048w\" sizes=\"(max-width: 1024px) 100vw, 1024px\" \/><\/a><p id=\"caption-attachment-80540\" class=\"wp-caption-text\">(Photographies Violaine Photo Pro)<\/p><\/div>\n<h2>La <strong>saison 2024\/2025<\/strong> a \u00e9t\u00e9 fructueuse pour l&rsquo;\u00e9quipe premi\u00e8re des <strong>Stades R\u00e9unis D\u00e9odatiens-Kellermann \u2013 SRDK<\/strong>, puisqu&rsquo;elle s&rsquo;est conclue par une <strong>mont\u00e9e en R\u00e9gional 1<\/strong>. Il faut remonter \u00e0 <strong>avant la fusion SRD \u2013 ASC Kellermann<\/strong>, lors de la <strong>saison 2015\/2016<\/strong>, pour voir \u00e9voluer la formation d\u00e9odatienne \u00e0 ce niveau.<\/h2>\n<h3><!--more--><strong>D&rsquo;une soixantaine de supporters \u00e0 plus de 700<\/strong><\/h3>\n<p>Au fil des matchs et des <strong>succ\u00e8s des D\u00e9odatiens<\/strong>, un <strong>engouement est n\u00e9 dans la tribune<\/strong> du stade <strong>\u00c9mile-Jeanpiere<\/strong>, pour aboutir sur la cr\u00e9ation du <strong>premier groupe d&rsquo;ultras du club<\/strong> : le <strong>Commando Ultra RK2L<\/strong>. Un projet auquel le club a tout de suite adh\u00e9r\u00e9.<\/p>\n<p>C&rsquo;est lors des <strong>6 derniers matchs de la saison<\/strong>, quand l&rsquo;\u00e9quipe \u00e9tait <strong>dans la course \u00e0 la mont\u00e9e<\/strong>, qu&rsquo;un <strong>groupe d&rsquo;amis d\u00e9odatiens<\/strong> a commenc\u00e9 \u00e0 mettre l&rsquo;ambiance pour <strong>porter les joueurs sur le terrain<\/strong>. Et la mayonnaise a pris dans les gradins, qui accueillaient une <strong>soixantaine de supporters en d\u00e9but de saison<\/strong>&#8230; pour atteindre <strong>plus de 700 personnes lors du dernier match<\/strong>.<\/p>\n<h3><strong>Un noyau dur d&rsquo;une trentaine de personnes<\/strong><\/h3>\n<p>C&rsquo;est dans cette dynamique qu&rsquo;est <strong>officiellement n\u00e9 le Commando Ultra RK2L<\/strong> ce mardi, \u00e0 l&rsquo;initiative de <strong>Lamine Chouiter<\/strong>. Autour de <strong>valeurs sportives et conviviales<\/strong>, l&rsquo;association de supporters rassemble pour l&rsquo;instant un <strong>noyau dur d&rsquo;une trentaine de personnes<\/strong>, notamment des <strong>licenci\u00e9s du club<\/strong> et des <strong>habitants de Kellermann. <\/strong><strong>Ali Samba<\/strong>, le fr\u00e8re du capitaine <strong>Madan Samba<\/strong>, en est le <strong>\u00ab Capo \u00bb<\/strong>. Soit le meneur des ultras, qui <strong>harangue les supporters au m\u00e9gaphone<\/strong>. <strong>Reda Bengardmoud<\/strong> officie pour sa part <strong>au tambour<\/strong>, \u00e9l\u00e9ment cl\u00e9 de l\u2019ambiance. Quant au <strong>logo<\/strong>, il a \u00e9t\u00e9 r\u00e9alis\u00e9 par <strong>Jimmy Etienne<\/strong>.<\/p>\n<h3><strong>Les adh\u00e9sions sont d\u00e9sormais ouvertes<\/strong><\/h3>\n<p>L&rsquo;association Commando Ultra RK2L \u00e9tant d\u00e9sormais officielle, les <strong>adh\u00e9sions sont ouvertes<\/strong>. Le <strong>tarif pour adh\u00e9rer une saison est de 20\u202f\u20ac<\/strong>, ce qui donne <strong>acc\u00e8s \u00e0 la tribune avec le groupe des supporters<\/strong>. Une <strong>cotisation optionnelle<\/strong> \u2013 et facultative \u2013<strong> de 10\u202f\u20ac par mois<\/strong> permettra d\u2019organiser des <strong>d\u00e9placements \u00e0 l\u2019ext\u00e9rieur<\/strong> et de prendre part \u00e0 diff\u00e9rentes sorties : <strong>matchs de Ligue 1, parcs d\u2019attraction<\/strong>, etc. <strong>L\u2019adh\u00e9sion est ouverte \u00e0 tout le monde<\/strong>, aux licenci\u00e9s du club comme aux non licenci\u00e9s.<\/p>\n<h3><strong>Informations pratiques<\/strong><\/h3>\n<p>Les <a href=\"https:\/\/www.sr-saint-die-kellermann.com\/en-savoir-plus\/ultras-rk2l-168646\" target=\"_blank\" rel=\"noopener\"><strong>demandes d\u2019adh\u00e9sion se font via un formulaire<\/strong><\/a> sur le site des SRDK.<\/p>\n<p>Pour suivre l\u2019actualit\u00e9 du <strong>Commando Ultra RK2L<\/strong> : <a href=\"https:\/\/www.facebook.com\/profile.php?id=61578264973975\" target=\"_blank\" rel=\"noopener\"><strong>Facebook<\/strong>.<\/a><\/p>\n\n\t\t<style type=\"text\/css\">\n\t\t\t#gallery-1 {\n\t\t\t\tmargin: auto;\n\t\t\t}\n\t\t\t#gallery-1 .gallery-item {\n\t\t\t\tfloat: left;\n\t\t\t\tmargin-top: 10px;\n\t\t\t\ttext-align: center;\n\t\t\t\twidth: 33%;\n\t\t\t}\n\t\t\t#gallery-1 img {\n\t\t\t\tborder: 2px solid #cfcfcf;\n\t\t\t}\n\t\t\t#gallery-1 .gallery-caption {\n\t\t\t\tmargin-left: 0;\n\t\t\t}\n\t\t\t\/* see gallery_shortcode() in wp-includes\/media.php *\/\n\t\t<\/style>\n\t\t<div id='gallery-1' class='gallery galleryid-80539 gallery-columns-3 gallery-size-thumbnail'><dl class='gallery-item'>\n\t\t\t<dt class='gallery-icon landscape'>\n\t\t\t\t<a href='https:\/\/vosgesinfo.fr\/app\/uploads\/sites\/4\/2025\/07\/commando-ultra-rk2l-2.jpg'><img decoding=\"async\" width=\"150\" height=\"150\" src=\"https:\/\/vosgesinfo.fr\/app\/uploads\/sites\/4\/2025\/07\/commando-ultra-rk2l-2-150x150.jpg\" class=\"attachment-thumbnail size-thumbnail\" alt=\"\" \/><\/a>\n\t\t\t<\/dt><\/dl><dl class='gallery-item'>\n\t\t\t<dt class='gallery-icon landscape'>\n\t\t\t\t<a href='https:\/\/vosgesinfo.fr\/app\/uploads\/sites\/4\/2025\/07\/commando-ultra-rk2l-3.jpg'><img decoding=\"async\" width=\"150\" height=\"150\" src=\"https:\/\/vosgesinfo.fr\/app\/uploads\/sites\/4\/2025\/07\/commando-ultra-rk2l-3-150x150.jpg\" class=\"attachment-thumbnail size-thumbnail\" alt=\"\" \/><\/a>\n\t\t\t<\/dt><\/dl><dl class='gallery-item'>\n\t\t\t<dt class='gallery-icon landscape'>\n\t\t\t\t<a href='https:\/\/vosgesinfo.fr\/app\/uploads\/sites\/4\/2025\/07\/commando-ultra-rk2l-4.jpg'><img decoding=\"async\" width=\"150\" height=\"150\" src=\"https:\/\/vosgesinfo.fr\/app\/uploads\/sites\/4\/2025\/07\/commando-ultra-rk2l-4-150x150.jpg\" class=\"attachment-thumbnail size-thumbnail\" alt=\"\" \/><\/a>\n\t\t\t<\/dt><\/dl><br style=\"clear: both\" \/><dl class='gallery-item'>\n\t\t\t<dt class='gallery-icon landscape'>\n\t\t\t\t<a href='https:\/\/vosgesinfo.fr\/app\/uploads\/sites\/4\/2025\/07\/commando-ultra-rk2l-5.jpg'><img decoding=\"async\" width=\"150\" height=\"150\" src=\"https:\/\/vosgesinfo.fr\/app\/uploads\/sites\/4\/2025\/07\/commando-ultra-rk2l-5-150x150.jpg\" class=\"attachment-thumbnail size-thumbnail\" alt=\"\" \/><\/a>\n\t\t\t<\/dt><\/dl><dl class='gallery-item'>\n\t\t\t<dt class='gallery-icon landscape'>\n\t\t\t\t<a href='https:\/\/vosgesinfo.fr\/app\/uploads\/sites\/4\/2025\/07\/commando-ultra-rk2l-6.jpg'><img decoding=\"async\" width=\"150\" height=\"150\" src=\"https:\/\/vosgesinfo.fr\/app\/uploads\/sites\/4\/2025\/07\/commando-ultra-rk2l-6-150x150.jpg\" class=\"attachment-thumbnail size-thumbnail\" alt=\"\" \/><\/a>\n\t\t\t<\/dt><\/dl>\n\t\t\t<br style='clear: both' \/>\n\t\t<\/div>\n\n<p><a href=\"https:\/\/vosgesinfo.fr\/app\/uploads\/sites\/4\/2025\/07\/commando-ultra-rk2l-7.jpg\"><img decoding=\"async\" class=\"alignnone size-large wp-image-80546\" src=\"https:\/\/vosgesinfo.fr\/app\/uploads\/sites\/4\/2025\/07\/commando-ultra-rk2l-7-1024x1024.jpg\" alt=\"\" width=\"1024\" height=\"1024\" srcset=\"https:\/\/vosgesinfo.fr\/app\/uploads\/sites\/4\/2025\/07\/commando-ultra-rk2l-7-1024x1024.jpg 1024w, https:\/\/vosgesinfo.fr\/app\/uploads\/sites\/4\/2025\/07\/commando-ultra-rk2l-7-300x300.jpg 300w, https:\/\/vosgesinfo.fr\/app\/uploads\/sites\/4\/2025\/07\/commando-ultra-rk2l-7-150x150.jpg 150w, https:\/\/vosgesinfo.fr\/app\/uploads\/sites\/4\/2025\/07\/commando-ultra-rk2l-7-768x768.jpg 768w, https:\/\/vosgesinfo.fr\/app\/uploads\/sites\/4\/2025\/07\/commando-ultra-rk2l-7.jpg 1080w\" sizes=\"(max-width: 1024px) 100vw, 1024px\" \/><\/a><\/p>\n","protected":false},"excerpt":{"rendered":"<p>La saison 2024\/2025 a \u00e9t\u00e9 fructueuse pour l&rsquo;\u00e9quipe premi\u00e8re des Stades R\u00e9unis D\u00e9odatiens-Kellermann \u2013 SRDK, puisqu&rsquo;elle s&rsquo;est conclue par une [&hellip;]<\/p>\n","protected":false},"author":46,"featured_media":80540,"comment_status":"open","ping_status":"open","sticky":false,"template":"","format":"standard","meta":{"footnotes":""},"categories":[460,167,14],"tags":[17861,226,17862,6731,16980],"class_list":["post-80539","post","type-post","status-publish","format-standard","has-post-thumbnail","hentry","category-a-la-une","category-saint-die-des-vosges","category-sport","tag-commando-ultra-rk2l","tag-football","tag-groupe-dultras","tag-srdk","tag-stades-reunis-deodatiens-kellermann"],"acf":[],"yoast_head":"<!-- This site is optimized with the Yoast SEO plugin v22.5 - https:\/\/yoast.com\/wordpress\/plugins\/seo\/ -->\n<title>Football\u00a0: les SRDK ont leur groupe officiel de supporters - Saint Die Info<\/title>\n<meta name=\"robots\" content=\"index, follow, max-snippet:-1, max-image-preview:large, max-video-preview:-1\" \/>\n<link rel=\"canonical\" href=\"https:\/\/vosgesinfo.fr\/saintdieinfo\/2025\/07\/football-les-srdk-ont-leur-groupe-officiel-de-supporters\/\" \/>\n<meta name=\"twitter:card\" content=\"summary_large_image\" \/>\n<meta name=\"twitter:title\" content=\"Football\u00a0: les SRDK ont leur groupe officiel de supporters - Saint Die Info\" \/>\n<meta name=\"twitter:description\" content=\"La saison 2024\/2025 a \u00e9t\u00e9 fructueuse pour l&rsquo;\u00e9quipe premi\u00e8re des Stades R\u00e9unis D\u00e9odatiens-Kellermann \u2013 SRDK, puisqu&rsquo;elle s&rsquo;est conclue par une [&hellip;]\" \/>\n<meta name=\"twitter:image\" content=\"https:\/\/vosgesinfo.fr\/app\/uploads\/sites\/4\/2025\/07\/commando-ultra-rk2l-1.jpg\" \/>\n<meta name=\"twitter:creator\" content=\"@VosgesInfo88\" \/>\n<meta name=\"twitter:site\" content=\"@VosgesInfo88\" \/>\n<meta name=\"twitter:label1\" content=\"\u00c9crit par\" \/>\n\t<meta name=\"twitter:data1\" content=\"J.J.\" \/>\n\t<meta name=\"twitter:label2\" content=\"Dur\u00e9e de lecture estim\u00e9e\" \/>\n\t<meta name=\"twitter:data2\" content=\"3 minutes\" \/>\n<script type=\"application\/ld+json\" class=\"yoast-schema-graph\">{\"@context\":\"https:\/\/schema.org\",\"@graph\":[{\"@type\":\"Article\",\"@id\":\"https:\/\/vosgesinfo.fr\/saintdieinfo\/2025\/07\/football-les-srdk-ont-leur-groupe-officiel-de-supporters\/#article\",\"isPartOf\":{\"@id\":\"https:\/\/vosgesinfo.fr\/saintdieinfo\/2025\/07\/football-les-srdk-ont-leur-groupe-officiel-de-supporters\/\"},\"author\":{\"name\":\"J.J.\",\"@id\":\"https:\/\/vosgesinfo.fr\/saintdieinfo\/#\/schema\/person\/fa73e9f726d67bb88f46d5b7943cb572\"},\"headline\":\"Football\u00a0: les SRDK ont leur groupe officiel de supporters\",\"datePublished\":\"2025-07-23T17:20:17+00:00\",\"dateModified\":\"2025-07-23T17:01:53+00:00\",\"mainEntityOfPage\":{\"@id\":\"https:\/\/vosgesinfo.fr\/saintdieinfo\/2025\/07\/football-les-srdk-ont-leur-groupe-officiel-de-supporters\/\"},\"wordCount\":429,\"commentCount\":1,\"publisher\":{\"@id\":\"https:\/\/vosgesinfo.fr\/saintdieinfo\/#organization\"},\"image\":{\"@id\":\"https:\/\/vosgesinfo.fr\/saintdieinfo\/2025\/07\/football-les-srdk-ont-leur-groupe-officiel-de-supporters\/#primaryimage\"},\"thumbnailUrl\":\"https:\/\/vosgesinfo.fr\/app\/uploads\/sites\/4\/2025\/07\/commando-ultra-rk2l-1.jpg\",\"keywords\":[\"Commando Ultra RK2L\",\"football\",\"Groupe d'ultras\",\"SRDK\",\"Stades R\u00e9unis D\u00e9odatiens Kellermann\"],\"articleSection\":[\"A la Une\",\"Saint-Di\u00e9-des-Vosges\",\"Sport\"],\"inLanguage\":\"fr-FR\",\"potentialAction\":[{\"@type\":\"CommentAction\",\"name\":\"Comment\",\"target\":[\"https:\/\/vosgesinfo.fr\/saintdieinfo\/2025\/07\/football-les-srdk-ont-leur-groupe-officiel-de-supporters\/#respond\"]}]},{\"@type\":\"WebPage\",\"@id\":\"https:\/\/vosgesinfo.fr\/saintdieinfo\/2025\/07\/football-les-srdk-ont-leur-groupe-officiel-de-supporters\/\",\"url\":\"https:\/\/vosgesinfo.fr\/saintdieinfo\/2025\/07\/football-les-srdk-ont-leur-groupe-officiel-de-supporters\/\",\"name\":\"Football\u00a0: les SRDK ont leur groupe officiel de supporters - Saint Die Info\",\"isPartOf\":{\"@id\":\"https:\/\/vosgesinfo.fr\/saintdieinfo\/#website\"},\"primaryImageOfPage\":{\"@id\":\"https:\/\/vosgesinfo.fr\/saintdieinfo\/2025\/07\/football-les-srdk-ont-leur-groupe-officiel-de-supporters\/#primaryimage\"},\"image\":{\"@id\":\"https:\/\/vosgesinfo.fr\/saintdieinfo\/2025\/07\/football-les-srdk-ont-leur-groupe-officiel-de-supporters\/#primaryimage\"},\"thumbnailUrl\":\"https:\/\/vosgesinfo.fr\/app\/uploads\/sites\/4\/2025\/07\/commando-ultra-rk2l-1.jpg\",\"datePublished\":\"2025-07-23T17:20:17+00:00\",\"dateModified\":\"2025-07-23T17:01:53+00:00\",\"breadcrumb\":{\"@id\":\"https:\/\/vosgesinfo.fr\/saintdieinfo\/2025\/07\/football-les-srdk-ont-leur-groupe-officiel-de-supporters\/#breadcrumb\"},\"inLanguage\":\"fr-FR\",\"potentialAction\":[{\"@type\":\"ReadAction\",\"target\":[\"https:\/\/vosgesinfo.fr\/saintdieinfo\/2025\/07\/football-les-srdk-ont-leur-groupe-officiel-de-supporters\/\"]}]},{\"@type\":\"ImageObject\",\"inLanguage\":\"fr-FR\",\"@id\":\"https:\/\/vosgesinfo.fr\/saintdieinfo\/2025\/07\/football-les-srdk-ont-leur-groupe-officiel-de-supporters\/#primaryimage\",\"url\":\"https:\/\/vosgesinfo.fr\/app\/uploads\/sites\/4\/2025\/07\/commando-ultra-rk2l-1.jpg\",\"contentUrl\":\"https:\/\/vosgesinfo.fr\/app\/uploads\/sites\/4\/2025\/07\/commando-ultra-rk2l-1.jpg\",\"width\":2048,\"height\":1365,\"caption\":\"(Photographies Violaine Photo Pro)\"},{\"@type\":\"BreadcrumbList\",\"@id\":\"https:\/\/vosgesinfo.fr\/saintdieinfo\/2025\/07\/football-les-srdk-ont-leur-groupe-officiel-de-supporters\/#breadcrumb\",\"itemListElement\":[{\"@type\":\"ListItem\",\"position\":1,\"name\":\"Home\",\"item\":\"https:\/\/vosgesinfo.fr\/saintdieinfo\/\"},{\"@type\":\"ListItem\",\"position\":2,\"name\":\"Football\u00a0: les SRDK ont leur groupe officiel de supporters\"}]},{\"@type\":\"WebSite\",\"@id\":\"https:\/\/vosgesinfo.fr\/saintdieinfo\/#website\",\"url\":\"https:\/\/vosgesinfo.fr\/saintdieinfo\/\",\"name\":\"Saint Die Info\",\"description\":\"Toute l&#039;actualit\u00e9 de Saint-Di\u00e9-Des-Vosges\",\"publisher\":{\"@id\":\"https:\/\/vosgesinfo.fr\/saintdieinfo\/#organization\"},\"alternateName\":\"Toute l'actualit\u00e9 de Saint-Di\u00e9-Des-Vosges\",\"potentialAction\":[{\"@type\":\"SearchAction\",\"target\":{\"@type\":\"EntryPoint\",\"urlTemplate\":\"https:\/\/vosgesinfo.fr\/saintdieinfo\/?s={search_term_string}\"},\"query-input\":\"required name=search_term_string\"}],\"inLanguage\":\"fr-FR\"},{\"@type\":\"Organization\",\"@id\":\"https:\/\/vosgesinfo.fr\/saintdieinfo\/#organization\",\"name\":\"Saint Die Info\",\"url\":\"https:\/\/vosgesinfo.fr\/saintdieinfo\/\",\"logo\":{\"@type\":\"ImageObject\",\"inLanguage\":\"fr-FR\",\"@id\":\"https:\/\/vosgesinfo.fr\/saintdieinfo\/#\/schema\/logo\/image\/\",\"url\":\"https:\/\/vosgesinfo.fr\/app\/uploads\/sites\/4\/2024\/02\/logo-sdi.jpg\",\"contentUrl\":\"https:\/\/vosgesinfo.fr\/app\/uploads\/sites\/4\/2024\/02\/logo-sdi.jpg\",\"width\":600,\"height\":600,\"caption\":\"Saint Die Info\"},\"image\":{\"@id\":\"https:\/\/vosgesinfo.fr\/saintdieinfo\/#\/schema\/logo\/image\/\"},\"sameAs\":[\"https:\/\/www.facebook.com\/Saintdieinfofr\",\"https:\/\/x.com\/VosgesInfo88\",\"https:\/\/www.youtube.com\/@vosgesinfo\"]},{\"@type\":\"Person\",\"@id\":\"https:\/\/vosgesinfo.fr\/saintdieinfo\/#\/schema\/person\/fa73e9f726d67bb88f46d5b7943cb572\",\"name\":\"J.J.\",\"image\":{\"@type\":\"ImageObject\",\"inLanguage\":\"fr-FR\",\"@id\":\"https:\/\/vosgesinfo.fr\/saintdieinfo\/#\/schema\/person\/image\/\",\"url\":\"https:\/\/secure.gravatar.com\/avatar\/219e749e47ffbcca018a360ae4add7d4cdf1cdaaf8bc7676b27efade3fe65615?s=96&d=mm&r=g\",\"contentUrl\":\"https:\/\/secure.gravatar.com\/avatar\/219e749e47ffbcca018a360ae4add7d4cdf1cdaaf8bc7676b27efade3fe65615?s=96&d=mm&r=g\",\"caption\":\"J.J.\"},\"url\":\"https:\/\/vosgesinfo.fr\/saintdieinfo\/author\/j-j\/\"}]}<\/script>\n<!-- \/ Yoast SEO plugin. -->","yoast_head_json":{"title":"Football\u00a0: les SRDK ont leur groupe officiel de supporters - Saint Die Info","robots":{"index":"index","follow":"follow","max-snippet":"max-snippet:-1","max-image-preview":"max-image-preview:large","max-video-preview":"max-video-preview:-1"},"canonical":"https:\/\/vosgesinfo.fr\/saintdieinfo\/2025\/07\/football-les-srdk-ont-leur-groupe-officiel-de-supporters\/","twitter_card":"summary_large_image","twitter_title":"Football\u00a0: les SRDK ont leur groupe officiel de supporters - Saint Die Info","twitter_description":"La saison 2024\/2025 a \u00e9t\u00e9 fructueuse pour l&rsquo;\u00e9quipe premi\u00e8re des Stades R\u00e9unis D\u00e9odatiens-Kellermann \u2013 SRDK, puisqu&rsquo;elle s&rsquo;est conclue par une [&hellip;]","twitter_image":"https:\/\/vosgesinfo.fr\/app\/uploads\/sites\/4\/2025\/07\/commando-ultra-rk2l-1.jpg","twitter_creator":"@VosgesInfo88","twitter_site":"@VosgesInfo88","twitter_misc":{"\u00c9crit par":"J.J.","Dur\u00e9e de lecture estim\u00e9e":"3 minutes"},"schema":{"@context":"https:\/\/schema.org","@graph":[{"@type":"Article","@id":"https:\/\/vosgesinfo.fr\/saintdieinfo\/2025\/07\/football-les-srdk-ont-leur-groupe-officiel-de-supporters\/#article","isPartOf":{"@id":"https:\/\/vosgesinfo.fr\/saintdieinfo\/2025\/07\/football-les-srdk-ont-leur-groupe-officiel-de-supporters\/"},"author":{"name":"J.J.","@id":"https:\/\/vosgesinfo.fr\/saintdieinfo\/#\/schema\/person\/fa73e9f726d67bb88f46d5b7943cb572"},"headline":"Football\u00a0: les SRDK ont leur groupe officiel de supporters","datePublished":"2025-07-23T17:20:17+00:00","dateModified":"2025-07-23T17:01:53+00:00","mainEntityOfPage":{"@id":"https:\/\/vosgesinfo.fr\/saintdieinfo\/2025\/07\/football-les-srdk-ont-leur-groupe-officiel-de-supporters\/"},"wordCount":429,"commentCount":1,"publisher":{"@id":"https:\/\/vosgesinfo.fr\/saintdieinfo\/#organization"},"image":{"@id":"https:\/\/vosgesinfo.fr\/saintdieinfo\/2025\/07\/football-les-srdk-ont-leur-groupe-officiel-de-supporters\/#primaryimage"},"thumbnailUrl":"https:\/\/vosgesinfo.fr\/app\/uploads\/sites\/4\/2025\/07\/commando-ultra-rk2l-1.jpg","keywords":["Commando Ultra RK2L","football","Groupe d'ultras","SRDK","Stades R\u00e9unis D\u00e9odatiens Kellermann"],"articleSection":["A la Une","Saint-Di\u00e9-des-Vosges","Sport"],"inLanguage":"fr-FR","potentialAction":[{"@type":"CommentAction","name":"Comment","target":["https:\/\/vosgesinfo.fr\/saintdieinfo\/2025\/07\/football-les-srdk-ont-leur-groupe-officiel-de-supporters\/#respond"]}]},{"@type":"WebPage","@id":"https:\/\/vosgesinfo.fr\/saintdieinfo\/2025\/07\/football-les-srdk-ont-leur-groupe-officiel-de-supporters\/","url":"https:\/\/vosgesinfo.fr\/saintdieinfo\/2025\/07\/football-les-srdk-ont-leur-groupe-officiel-de-supporters\/","name":"Football\u00a0: les SRDK ont leur groupe officiel de supporters - Saint Die Info","isPartOf":{"@id":"https:\/\/vosgesinfo.fr\/saintdieinfo\/#website"},"primaryImageOfPage":{"@id":"https:\/\/vosgesinfo.fr\/saintdieinfo\/2025\/07\/football-les-srdk-ont-leur-groupe-officiel-de-supporters\/#primaryimage"},"image":{"@id":"https:\/\/vosgesinfo.fr\/saintdieinfo\/2025\/07\/football-les-srdk-ont-leur-groupe-officiel-de-supporters\/#primaryimage"},"thumbnailUrl":"https:\/\/vosgesinfo.fr\/app\/uploads\/sites\/4\/2025\/07\/commando-ultra-rk2l-1.jpg","datePublished":"2025-07-23T17:20:17+00:00","dateModified":"2025-07-23T17:01:53+00:00","breadcrumb":{"@id":"https:\/\/vosgesinfo.fr\/saintdieinfo\/2025\/07\/football-les-srdk-ont-leur-groupe-officiel-de-supporters\/#breadcrumb"},"inLanguage":"fr-FR","potentialAction":[{"@type":"ReadAction","target":["https:\/\/vosgesinfo.fr\/saintdieinfo\/2025\/07\/football-les-srdk-ont-leur-groupe-officiel-de-supporters\/"]}]},{"@type":"ImageObject","inLanguage":"fr-FR","@id":"https:\/\/vosgesinfo.fr\/saintdieinfo\/2025\/07\/football-les-srdk-ont-leur-groupe-officiel-de-supporters\/#primaryimage","url":"https:\/\/vosgesinfo.fr\/app\/uploads\/sites\/4\/2025\/07\/commando-ultra-rk2l-1.jpg","contentUrl":"https:\/\/vosgesinfo.fr\/app\/uploads\/sites\/4\/2025\/07\/commando-ultra-rk2l-1.jpg","width":2048,"height":1365,"caption":"(Photographies Violaine Photo Pro)"},{"@type":"BreadcrumbList","@id":"https:\/\/vosgesinfo.fr\/saintdieinfo\/2025\/07\/football-les-srdk-ont-leur-groupe-officiel-de-supporters\/#breadcrumb","itemListElement":[{"@type":"ListItem","position":1,"name":"Home","item":"https:\/\/vosgesinfo.fr\/saintdieinfo\/"},{"@type":"ListItem","position":2,"name":"Football\u00a0: les SRDK ont leur groupe officiel de supporters"}]},{"@type":"WebSite","@id":"https:\/\/vosgesinfo.fr\/saintdieinfo\/#website","url":"https:\/\/vosgesinfo.fr\/saintdieinfo\/","name":"Saint Die Info","description":"Toute l&#039;actualit\u00e9 de Saint-Di\u00e9-Des-Vosges","publisher":{"@id":"https:\/\/vosgesinfo.fr\/saintdieinfo\/#organization"},"alternateName":"Toute l'actualit\u00e9 de Saint-Di\u00e9-Des-Vosges","potentialAction":[{"@type":"SearchAction","target":{"@type":"EntryPoint","urlTemplate":"https:\/\/vosgesinfo.fr\/saintdieinfo\/?s={search_term_string}"},"query-input":"required name=search_term_string"}],"inLanguage":"fr-FR"},{"@type":"Organization","@id":"https:\/\/vosgesinfo.fr\/saintdieinfo\/#organization","name":"Saint Die Info","url":"https:\/\/vosgesinfo.fr\/saintdieinfo\/","logo":{"@type":"ImageObject","inLanguage":"fr-FR","@id":"https:\/\/vosgesinfo.fr\/saintdieinfo\/#\/schema\/logo\/image\/","url":"https:\/\/vosgesinfo.fr\/app\/uploads\/sites\/4\/2024\/02\/logo-sdi.jpg","contentUrl":"https:\/\/vosgesinfo.fr\/app\/uploads\/sites\/4\/2024\/02\/logo-sdi.jpg","width":600,"height":600,"caption":"Saint Die Info"},"image":{"@id":"https:\/\/vosgesinfo.fr\/saintdieinfo\/#\/schema\/logo\/image\/"},"sameAs":["https:\/\/www.facebook.com\/Saintdieinfofr","https:\/\/x.com\/VosgesInfo88","https:\/\/www.youtube.com\/@vosgesinfo"]},{"@type":"Person","@id":"https:\/\/vosgesinfo.fr\/saintdieinfo\/#\/schema\/person\/fa73e9f726d67bb88f46d5b7943cb572","name":"J.J.","image":{"@type":"ImageObject","inLanguage":"fr-FR","@id":"https:\/\/vosgesinfo.fr\/saintdieinfo\/#\/schema\/person\/image\/","url":"https:\/\/secure.gravatar.com\/avatar\/219e749e47ffbcca018a360ae4add7d4cdf1cdaaf8bc7676b27efade3fe65615?s=96&d=mm&r=g","contentUrl":"https:\/\/secure.gravatar.com\/avatar\/219e749e47ffbcca018a360ae4add7d4cdf1cdaaf8bc7676b27efade3fe65615?s=96&d=mm&r=g","caption":"J.J."},"url":"https:\/\/vosgesinfo.fr\/saintdieinfo\/author\/j-j\/"}]}},"_links":{"self":[{"href":"https:\/\/vosgesinfo.fr\/saintdieinfo\/wp-json\/wp\/v2\/posts\/80539","targetHints":{"allow":["GET"]}}],"collection":[{"href":"https:\/\/vosgesinfo.fr\/saintdieinfo\/wp-json\/wp\/v2\/posts"}],"about":[{"href":"https:\/\/vosgesinfo.fr\/saintdieinfo\/wp-json\/wp\/v2\/types\/post"}],"author":[{"embeddable":true,"href":"https:\/\/vosgesinfo.fr\/saintdieinfo\/wp-json\/wp\/v2\/users\/46"}],"replies":[{"embeddable":true,"href":"https:\/\/vosgesinfo.fr\/saintdieinfo\/wp-json\/wp\/v2\/comments?post=80539"}],"version-history":[{"count":1,"href":"https:\/\/vosgesinfo.fr\/saintdieinfo\/wp-json\/wp\/v2\/posts\/80539\/revisions"}],"predecessor-version":[{"id":80547,"href":"https:\/\/vosgesinfo.fr\/saintdieinfo\/wp-json\/wp\/v2\/posts\/80539\/revisions\/80547"}],"wp:featuredmedia":[{"embeddable":true,"href":"https:\/\/vosgesinfo.fr\/saintdieinfo\/wp-json\/wp\/v2\/media\/80540"}],"wp:attachment":[{"href":"https:\/\/vosgesinfo.fr\/saintdieinfo\/wp-json\/wp\/v2\/media?parent=80539"}],"wp:term":[{"taxonomy":"category","embeddable":true,"href":"https:\/\/vosgesinfo.fr\/saintdieinfo\/wp-json\/wp\/v2\/categories?post=80539"},{"taxonomy":"post_tag","embeddable":true,"href":"https:\/\/vosgesinfo.fr\/saintdieinfo\/wp-json\/wp\/v2\/tags?post=80539"}],"curies":[{"name":"wp","href":"https:\/\/api.w.org\/{rel}","templated":true}]}}