{"id":80548,"date":"2025-07-23T19:45:13","date_gmt":"2025-07-23T17:45:13","guid":{"rendered":"https:\/\/vosgesinfo.fr\/saintdieinfo\/?p=80548"},"modified":"2025-07-23T19:32:01","modified_gmt":"2025-07-23T17:32:01","slug":"debut-dincendie-maitrise-au-k-kiss-bar","status":"publish","type":"post","link":"https:\/\/vosgesinfo.fr\/saintdieinfo\/2025\/07\/debut-dincendie-maitrise-au-k-kiss-bar\/","title":{"rendered":"D\u00e9but d\u2019incendie ma\u00eetris\u00e9 au K-Kiss Bar"},"content":{"rendered":"<p data-start=\"214\" data-end=\"542\"><a href=\"https:\/\/vosgesinfo.fr\/app\/uploads\/sites\/4\/2025\/07\/debut-incendie-k-kiss-bar-1.jpg\"><img decoding=\"async\" class=\"alignnone size-large wp-image-80549\" src=\"https:\/\/vosgesinfo.fr\/app\/uploads\/sites\/4\/2025\/07\/debut-incendie-k-kiss-bar-1-771x1024.jpg\" alt=\"\" width=\"771\" height=\"1024\" srcset=\"https:\/\/vosgesinfo.fr\/app\/uploads\/sites\/4\/2025\/07\/debut-incendie-k-kiss-bar-1-771x1024.jpg 771w, https:\/\/vosgesinfo.fr\/app\/uploads\/sites\/4\/2025\/07\/debut-incendie-k-kiss-bar-1-226x300.jpg 226w, https:\/\/vosgesinfo.fr\/app\/uploads\/sites\/4\/2025\/07\/debut-incendie-k-kiss-bar-1-768x1020.jpg 768w, https:\/\/vosgesinfo.fr\/app\/uploads\/sites\/4\/2025\/07\/debut-incendie-k-kiss-bar-1.jpg 964w\" sizes=\"(max-width: 771px) 100vw, 771px\" \/><\/a><\/p>\n<h2 data-start=\"214\" data-end=\"542\">Un <strong data-start=\"217\" data-end=\"237\">d\u00e9but d\u2019incendie<\/strong> s\u2019est d\u00e9clar\u00e9 ce <strong data-start=\"255\" data-end=\"278\">mercredi apr\u00e8s-midi<\/strong> dans les cuisines du <strong data-start=\"300\" data-end=\"338\">K-Kiss Bar de Saint-Di\u00e9-des-Vosges<\/strong>, situ\u00e9 \u00e0 l\u2019angle des <strong data-start=\"360\" data-end=\"389\">rues Cach\u00e9e et d\u2019Am\u00e9rique<\/strong>.<\/h2>\n<p data-start=\"214\" data-end=\"542\"><!--more--><\/p>\n<p data-start=\"214\" data-end=\"542\">Rapidement ma\u00eetris\u00e9 par les <strong data-start=\"419\" data-end=\"439\">sapeurs-pompiers<\/strong>, le sinistre serait parti d\u2019un <strong data-start=\"471\" data-end=\"492\">appareil \u00e0 cr\u00eapes<\/strong>, provoquant un d\u00e9gagement de fum\u00e9e \u00e0 l\u2019ext\u00e9rieur. La partie <strong data-start=\"595\" data-end=\"623\">cuisine a \u00e9t\u00e9 endommag\u00e9e<\/strong> et ne pourra plus proposer, pour un certain temps, des cr\u00eapes et autres tartes flamb\u00e9es. Le bar est en revanche<strong> intact et reste ouvert<\/strong>. <strong data-start=\"639\" data-end=\"672\">Aucun bless\u00e9 n&rsquo;est \u00e0 d\u00e9plorer<\/strong>.<\/p>\n\n\t\t<style type=\"text\/css\">\n\t\t\t#gallery-1 {\n\t\t\t\tmargin: auto;\n\t\t\t}\n\t\t\t#gallery-1 .gallery-item {\n\t\t\t\tfloat: left;\n\t\t\t\tmargin-top: 10px;\n\t\t\t\ttext-align: center;\n\t\t\t\twidth: 50%;\n\t\t\t}\n\t\t\t#gallery-1 img {\n\t\t\t\tborder: 2px solid #cfcfcf;\n\t\t\t}\n\t\t\t#gallery-1 .gallery-caption {\n\t\t\t\tmargin-left: 0;\n\t\t\t}\n\t\t\t\/* see gallery_shortcode() in wp-includes\/media.php *\/\n\t\t<\/style>\n\t\t<div id='gallery-1' class='gallery galleryid-80548 gallery-columns-2 gallery-size-thumbnail'><dl class='gallery-item'>\n\t\t\t<dt class='gallery-icon portrait'>\n\t\t\t\t<a href='https:\/\/vosgesinfo.fr\/app\/uploads\/sites\/4\/2025\/07\/debut-incendie-k-kiss-bar-3.jpg'><img decoding=\"async\" width=\"150\" height=\"150\" src=\"https:\/\/vosgesinfo.fr\/app\/uploads\/sites\/4\/2025\/07\/debut-incendie-k-kiss-bar-3-150x150.jpg\" class=\"attachment-thumbnail size-thumbnail\" alt=\"\" \/><\/a>\n\t\t\t<\/dt><\/dl><dl class='gallery-item'>\n\t\t\t<dt class='gallery-icon portrait'>\n\t\t\t\t<a href='https:\/\/vosgesinfo.fr\/app\/uploads\/sites\/4\/2025\/07\/debut-incendie-k-kiss-bar-2.jpg'><img decoding=\"async\" width=\"150\" height=\"150\" src=\"https:\/\/vosgesinfo.fr\/app\/uploads\/sites\/4\/2025\/07\/debut-incendie-k-kiss-bar-2-150x150.jpg\" class=\"attachment-thumbnail size-thumbnail\" alt=\"\" \/><\/a>\n\t\t\t<\/dt><\/dl><br style=\"clear: both\" \/>\n\t\t<\/div>\n\n","protected":false},"excerpt":{"rendered":"<p>Un d\u00e9but d\u2019incendie s\u2019est d\u00e9clar\u00e9 ce mercredi apr\u00e8s-midi dans les cuisines du K-Kiss Bar de Saint-Di\u00e9-des-Vosges, situ\u00e9 \u00e0 l\u2019angle des [&hellip;]<\/p>\n","protected":false},"author":46,"featured_media":80549,"comment_status":"open","ping_status":"open","sticky":false,"template":"","format":"standard","meta":{"footnotes":""},"categories":[460,17257,167],"tags":[17864,17863,3891],"class_list":["post-80548","post","type-post","status-publish","format-standard","has-post-thumbnail","hentry","category-a-la-une","category-faits-divers","category-saint-die-des-vosges","tag-debut-dincendie-maitrise-au-k-kiss-bar","tag-k-kiss-bar","tag-sapeurs-pompiers-de-saint-die-des-vosges"],"acf":[],"yoast_head":"<!-- This site is optimized with the Yoast SEO plugin v22.5 - https:\/\/yoast.com\/wordpress\/plugins\/seo\/ -->\n<title>D\u00e9but d\u2019incendie ma\u00eetris\u00e9 au K-Kiss Bar - Saint Die Info<\/title>\n<meta name=\"robots\" content=\"index, follow, max-snippet:-1, max-image-preview:large, max-video-preview:-1\" \/>\n<link rel=\"canonical\" href=\"https:\/\/vosgesinfo.fr\/saintdieinfo\/2025\/07\/debut-dincendie-maitrise-au-k-kiss-bar\/\" \/>\n<meta name=\"twitter:card\" content=\"summary_large_image\" \/>\n<meta name=\"twitter:title\" content=\"D\u00e9but d\u2019incendie ma\u00eetris\u00e9 au K-Kiss Bar - Saint Die Info\" \/>\n<meta name=\"twitter:description\" content=\"Un d\u00e9but d\u2019incendie s\u2019est d\u00e9clar\u00e9 ce mercredi apr\u00e8s-midi dans les cuisines du K-Kiss Bar de Saint-Di\u00e9-des-Vosges, situ\u00e9 \u00e0 l\u2019angle des [&hellip;]\" \/>\n<meta name=\"twitter:image\" content=\"https:\/\/vosgesinfo.fr\/app\/uploads\/sites\/4\/2025\/07\/debut-incendie-k-kiss-bar-1.jpg\" \/>\n<meta name=\"twitter:creator\" content=\"@VosgesInfo88\" \/>\n<meta name=\"twitter:site\" content=\"@VosgesInfo88\" \/>\n<meta name=\"twitter:label1\" content=\"\u00c9crit par\" \/>\n\t<meta name=\"twitter:data1\" content=\"J.J.\" \/>\n\t<meta name=\"twitter:label2\" content=\"Dur\u00e9e de lecture estim\u00e9e\" \/>\n\t<meta name=\"twitter:data2\" content=\"1 minute\" \/>\n<script type=\"application\/ld+json\" class=\"yoast-schema-graph\">{\"@context\":\"https:\/\/schema.org\",\"@graph\":[{\"@type\":\"Article\",\"@id\":\"https:\/\/vosgesinfo.fr\/saintdieinfo\/2025\/07\/debut-dincendie-maitrise-au-k-kiss-bar\/#article\",\"isPartOf\":{\"@id\":\"https:\/\/vosgesinfo.fr\/saintdieinfo\/2025\/07\/debut-dincendie-maitrise-au-k-kiss-bar\/\"},\"author\":{\"name\":\"J.J.\",\"@id\":\"https:\/\/vosgesinfo.fr\/saintdieinfo\/#\/schema\/person\/fa73e9f726d67bb88f46d5b7943cb572\"},\"headline\":\"D\u00e9but d\u2019incendie ma\u00eetris\u00e9 au K-Kiss Bar\",\"datePublished\":\"2025-07-23T17:45:13+00:00\",\"dateModified\":\"2025-07-23T17:32:01+00:00\",\"mainEntityOfPage\":{\"@id\":\"https:\/\/vosgesinfo.fr\/saintdieinfo\/2025\/07\/debut-dincendie-maitrise-au-k-kiss-bar\/\"},\"wordCount\":111,\"commentCount\":0,\"publisher\":{\"@id\":\"https:\/\/vosgesinfo.fr\/saintdieinfo\/#organization\"},\"image\":{\"@id\":\"https:\/\/vosgesinfo.fr\/saintdieinfo\/2025\/07\/debut-dincendie-maitrise-au-k-kiss-bar\/#primaryimage\"},\"thumbnailUrl\":\"https:\/\/vosgesinfo.fr\/app\/uploads\/sites\/4\/2025\/07\/debut-incendie-k-kiss-bar-1.jpg\",\"keywords\":[\"D\u00e9but d\u2019incendie ma\u00eetris\u00e9 au K-Kiss Bar\",\"K-Kiss Bar\",\"Sapeurs-pompiers de Saint-Di\u00e9-des-Vosges\"],\"articleSection\":[\"A la Une\",\"Faits-divers\",\"Saint-Di\u00e9-des-Vosges\"],\"inLanguage\":\"fr-FR\",\"potentialAction\":[{\"@type\":\"CommentAction\",\"name\":\"Comment\",\"target\":[\"https:\/\/vosgesinfo.fr\/saintdieinfo\/2025\/07\/debut-dincendie-maitrise-au-k-kiss-bar\/#respond\"]}]},{\"@type\":\"WebPage\",\"@id\":\"https:\/\/vosgesinfo.fr\/saintdieinfo\/2025\/07\/debut-dincendie-maitrise-au-k-kiss-bar\/\",\"url\":\"https:\/\/vosgesinfo.fr\/saintdieinfo\/2025\/07\/debut-dincendie-maitrise-au-k-kiss-bar\/\",\"name\":\"D\u00e9but d\u2019incendie ma\u00eetris\u00e9 au K-Kiss Bar - Saint Die Info\",\"isPartOf\":{\"@id\":\"https:\/\/vosgesinfo.fr\/saintdieinfo\/#website\"},\"primaryImageOfPage\":{\"@id\":\"https:\/\/vosgesinfo.fr\/saintdieinfo\/2025\/07\/debut-dincendie-maitrise-au-k-kiss-bar\/#primaryimage\"},\"image\":{\"@id\":\"https:\/\/vosgesinfo.fr\/saintdieinfo\/2025\/07\/debut-dincendie-maitrise-au-k-kiss-bar\/#primaryimage\"},\"thumbnailUrl\":\"https:\/\/vosgesinfo.fr\/app\/uploads\/sites\/4\/2025\/07\/debut-incendie-k-kiss-bar-1.jpg\",\"datePublished\":\"2025-07-23T17:45:13+00:00\",\"dateModified\":\"2025-07-23T17:32:01+00:00\",\"breadcrumb\":{\"@id\":\"https:\/\/vosgesinfo.fr\/saintdieinfo\/2025\/07\/debut-dincendie-maitrise-au-k-kiss-bar\/#breadcrumb\"},\"inLanguage\":\"fr-FR\",\"potentialAction\":[{\"@type\":\"ReadAction\",\"target\":[\"https:\/\/vosgesinfo.fr\/saintdieinfo\/2025\/07\/debut-dincendie-maitrise-au-k-kiss-bar\/\"]}]},{\"@type\":\"ImageObject\",\"inLanguage\":\"fr-FR\",\"@id\":\"https:\/\/vosgesinfo.fr\/saintdieinfo\/2025\/07\/debut-dincendie-maitrise-au-k-kiss-bar\/#primaryimage\",\"url\":\"https:\/\/vosgesinfo.fr\/app\/uploads\/sites\/4\/2025\/07\/debut-incendie-k-kiss-bar-1.jpg\",\"contentUrl\":\"https:\/\/vosgesinfo.fr\/app\/uploads\/sites\/4\/2025\/07\/debut-incendie-k-kiss-bar-1.jpg\",\"width\":964,\"height\":1280},{\"@type\":\"BreadcrumbList\",\"@id\":\"https:\/\/vosgesinfo.fr\/saintdieinfo\/2025\/07\/debut-dincendie-maitrise-au-k-kiss-bar\/#breadcrumb\",\"itemListElement\":[{\"@type\":\"ListItem\",\"position\":1,\"name\":\"Home\",\"item\":\"https:\/\/vosgesinfo.fr\/saintdieinfo\/\"},{\"@type\":\"ListItem\",\"position\":2,\"name\":\"D\u00e9but d\u2019incendie ma\u00eetris\u00e9 au K-Kiss Bar\"}]},{\"@type\":\"WebSite\",\"@id\":\"https:\/\/vosgesinfo.fr\/saintdieinfo\/#website\",\"url\":\"https:\/\/vosgesinfo.fr\/saintdieinfo\/\",\"name\":\"Saint Die Info\",\"description\":\"Toute l&#039;actualit\u00e9 de Saint-Di\u00e9-Des-Vosges\",\"publisher\":{\"@id\":\"https:\/\/vosgesinfo.fr\/saintdieinfo\/#organization\"},\"alternateName\":\"Toute l'actualit\u00e9 de Saint-Di\u00e9-Des-Vosges\",\"potentialAction\":[{\"@type\":\"SearchAction\",\"target\":{\"@type\":\"EntryPoint\",\"urlTemplate\":\"https:\/\/vosgesinfo.fr\/saintdieinfo\/?s={search_term_string}\"},\"query-input\":\"required name=search_term_string\"}],\"inLanguage\":\"fr-FR\"},{\"@type\":\"Organization\",\"@id\":\"https:\/\/vosgesinfo.fr\/saintdieinfo\/#organization\",\"name\":\"Saint Die Info\",\"url\":\"https:\/\/vosgesinfo.fr\/saintdieinfo\/\",\"logo\":{\"@type\":\"ImageObject\",\"inLanguage\":\"fr-FR\",\"@id\":\"https:\/\/vosgesinfo.fr\/saintdieinfo\/#\/schema\/logo\/image\/\",\"url\":\"https:\/\/vosgesinfo.fr\/app\/uploads\/sites\/4\/2024\/02\/logo-sdi.jpg\",\"contentUrl\":\"https:\/\/vosgesinfo.fr\/app\/uploads\/sites\/4\/2024\/02\/logo-sdi.jpg\",\"width\":600,\"height\":600,\"caption\":\"Saint Die Info\"},\"image\":{\"@id\":\"https:\/\/vosgesinfo.fr\/saintdieinfo\/#\/schema\/logo\/image\/\"},\"sameAs\":[\"https:\/\/www.facebook.com\/Saintdieinfofr\",\"https:\/\/x.com\/VosgesInfo88\",\"https:\/\/www.youtube.com\/@vosgesinfo\"]},{\"@type\":\"Person\",\"@id\":\"https:\/\/vosgesinfo.fr\/saintdieinfo\/#\/schema\/person\/fa73e9f726d67bb88f46d5b7943cb572\",\"name\":\"J.J.\",\"image\":{\"@type\":\"ImageObject\",\"inLanguage\":\"fr-FR\",\"@id\":\"https:\/\/vosgesinfo.fr\/saintdieinfo\/#\/schema\/person\/image\/\",\"url\":\"https:\/\/secure.gravatar.com\/avatar\/219e749e47ffbcca018a360ae4add7d4cdf1cdaaf8bc7676b27efade3fe65615?s=96&d=mm&r=g\",\"contentUrl\":\"https:\/\/secure.gravatar.com\/avatar\/219e749e47ffbcca018a360ae4add7d4cdf1cdaaf8bc7676b27efade3fe65615?s=96&d=mm&r=g\",\"caption\":\"J.J.\"},\"url\":\"https:\/\/vosgesinfo.fr\/saintdieinfo\/author\/j-j\/\"}]}<\/script>\n<!-- \/ Yoast SEO plugin. -->","yoast_head_json":{"title":"D\u00e9but d\u2019incendie ma\u00eetris\u00e9 au K-Kiss Bar - Saint Die Info","robots":{"index":"index","follow":"follow","max-snippet":"max-snippet:-1","max-image-preview":"max-image-preview:large","max-video-preview":"max-video-preview:-1"},"canonical":"https:\/\/vosgesinfo.fr\/saintdieinfo\/2025\/07\/debut-dincendie-maitrise-au-k-kiss-bar\/","twitter_card":"summary_large_image","twitter_title":"D\u00e9but d\u2019incendie ma\u00eetris\u00e9 au K-Kiss Bar - Saint Die Info","twitter_description":"Un d\u00e9but d\u2019incendie s\u2019est d\u00e9clar\u00e9 ce mercredi apr\u00e8s-midi dans les cuisines du K-Kiss Bar de Saint-Di\u00e9-des-Vosges, situ\u00e9 \u00e0 l\u2019angle des [&hellip;]","twitter_image":"https:\/\/vosgesinfo.fr\/app\/uploads\/sites\/4\/2025\/07\/debut-incendie-k-kiss-bar-1.jpg","twitter_creator":"@VosgesInfo88","twitter_site":"@VosgesInfo88","twitter_misc":{"\u00c9crit par":"J.J.","Dur\u00e9e de lecture estim\u00e9e":"1 minute"},"schema":{"@context":"https:\/\/schema.org","@graph":[{"@type":"Article","@id":"https:\/\/vosgesinfo.fr\/saintdieinfo\/2025\/07\/debut-dincendie-maitrise-au-k-kiss-bar\/#article","isPartOf":{"@id":"https:\/\/vosgesinfo.fr\/saintdieinfo\/2025\/07\/debut-dincendie-maitrise-au-k-kiss-bar\/"},"author":{"name":"J.J.","@id":"https:\/\/vosgesinfo.fr\/saintdieinfo\/#\/schema\/person\/fa73e9f726d67bb88f46d5b7943cb572"},"headline":"D\u00e9but d\u2019incendie ma\u00eetris\u00e9 au K-Kiss Bar","datePublished":"2025-07-23T17:45:13+00:00","dateModified":"2025-07-23T17:32:01+00:00","mainEntityOfPage":{"@id":"https:\/\/vosgesinfo.fr\/saintdieinfo\/2025\/07\/debut-dincendie-maitrise-au-k-kiss-bar\/"},"wordCount":111,"commentCount":0,"publisher":{"@id":"https:\/\/vosgesinfo.fr\/saintdieinfo\/#organization"},"image":{"@id":"https:\/\/vosgesinfo.fr\/saintdieinfo\/2025\/07\/debut-dincendie-maitrise-au-k-kiss-bar\/#primaryimage"},"thumbnailUrl":"https:\/\/vosgesinfo.fr\/app\/uploads\/sites\/4\/2025\/07\/debut-incendie-k-kiss-bar-1.jpg","keywords":["D\u00e9but d\u2019incendie ma\u00eetris\u00e9 au K-Kiss Bar","K-Kiss Bar","Sapeurs-pompiers de Saint-Di\u00e9-des-Vosges"],"articleSection":["A la Une","Faits-divers","Saint-Di\u00e9-des-Vosges"],"inLanguage":"fr-FR","potentialAction":[{"@type":"CommentAction","name":"Comment","target":["https:\/\/vosgesinfo.fr\/saintdieinfo\/2025\/07\/debut-dincendie-maitrise-au-k-kiss-bar\/#respond"]}]},{"@type":"WebPage","@id":"https:\/\/vosgesinfo.fr\/saintdieinfo\/2025\/07\/debut-dincendie-maitrise-au-k-kiss-bar\/","url":"https:\/\/vosgesinfo.fr\/saintdieinfo\/2025\/07\/debut-dincendie-maitrise-au-k-kiss-bar\/","name":"D\u00e9but d\u2019incendie ma\u00eetris\u00e9 au K-Kiss Bar - Saint Die Info","isPartOf":{"@id":"https:\/\/vosgesinfo.fr\/saintdieinfo\/#website"},"primaryImageOfPage":{"@id":"https:\/\/vosgesinfo.fr\/saintdieinfo\/2025\/07\/debut-dincendie-maitrise-au-k-kiss-bar\/#primaryimage"},"image":{"@id":"https:\/\/vosgesinfo.fr\/saintdieinfo\/2025\/07\/debut-dincendie-maitrise-au-k-kiss-bar\/#primaryimage"},"thumbnailUrl":"https:\/\/vosgesinfo.fr\/app\/uploads\/sites\/4\/2025\/07\/debut-incendie-k-kiss-bar-1.jpg","datePublished":"2025-07-23T17:45:13+00:00","dateModified":"2025-07-23T17:32:01+00:00","breadcrumb":{"@id":"https:\/\/vosgesinfo.fr\/saintdieinfo\/2025\/07\/debut-dincendie-maitrise-au-k-kiss-bar\/#breadcrumb"},"inLanguage":"fr-FR","potentialAction":[{"@type":"ReadAction","target":["https:\/\/vosgesinfo.fr\/saintdieinfo\/2025\/07\/debut-dincendie-maitrise-au-k-kiss-bar\/"]}]},{"@type":"ImageObject","inLanguage":"fr-FR","@id":"https:\/\/vosgesinfo.fr\/saintdieinfo\/2025\/07\/debut-dincendie-maitrise-au-k-kiss-bar\/#primaryimage","url":"https:\/\/vosgesinfo.fr\/app\/uploads\/sites\/4\/2025\/07\/debut-incendie-k-kiss-bar-1.jpg","contentUrl":"https:\/\/vosgesinfo.fr\/app\/uploads\/sites\/4\/2025\/07\/debut-incendie-k-kiss-bar-1.jpg","width":964,"height":1280},{"@type":"BreadcrumbList","@id":"https:\/\/vosgesinfo.fr\/saintdieinfo\/2025\/07\/debut-dincendie-maitrise-au-k-kiss-bar\/#breadcrumb","itemListElement":[{"@type":"ListItem","position":1,"name":"Home","item":"https:\/\/vosgesinfo.fr\/saintdieinfo\/"},{"@type":"ListItem","position":2,"name":"D\u00e9but d\u2019incendie ma\u00eetris\u00e9 au K-Kiss Bar"}]},{"@type":"WebSite","@id":"https:\/\/vosgesinfo.fr\/saintdieinfo\/#website","url":"https:\/\/vosgesinfo.fr\/saintdieinfo\/","name":"Saint Die Info","description":"Toute l&#039;actualit\u00e9 de Saint-Di\u00e9-Des-Vosges","publisher":{"@id":"https:\/\/vosgesinfo.fr\/saintdieinfo\/#organization"},"alternateName":"Toute l'actualit\u00e9 de Saint-Di\u00e9-Des-Vosges","potentialAction":[{"@type":"SearchAction","target":{"@type":"EntryPoint","urlTemplate":"https:\/\/vosgesinfo.fr\/saintdieinfo\/?s={search_term_string}"},"query-input":"required name=search_term_string"}],"inLanguage":"fr-FR"},{"@type":"Organization","@id":"https:\/\/vosgesinfo.fr\/saintdieinfo\/#organization","name":"Saint Die Info","url":"https:\/\/vosgesinfo.fr\/saintdieinfo\/","logo":{"@type":"ImageObject","inLanguage":"fr-FR","@id":"https:\/\/vosgesinfo.fr\/saintdieinfo\/#\/schema\/logo\/image\/","url":"https:\/\/vosgesinfo.fr\/app\/uploads\/sites\/4\/2024\/02\/logo-sdi.jpg","contentUrl":"https:\/\/vosgesinfo.fr\/app\/uploads\/sites\/4\/2024\/02\/logo-sdi.jpg","width":600,"height":600,"caption":"Saint Die Info"},"image":{"@id":"https:\/\/vosgesinfo.fr\/saintdieinfo\/#\/schema\/logo\/image\/"},"sameAs":["https:\/\/www.facebook.com\/Saintdieinfofr","https:\/\/x.com\/VosgesInfo88","https:\/\/www.youtube.com\/@vosgesinfo"]},{"@type":"Person","@id":"https:\/\/vosgesinfo.fr\/saintdieinfo\/#\/schema\/person\/fa73e9f726d67bb88f46d5b7943cb572","name":"J.J.","image":{"@type":"ImageObject","inLanguage":"fr-FR","@id":"https:\/\/vosgesinfo.fr\/saintdieinfo\/#\/schema\/person\/image\/","url":"https:\/\/secure.gravatar.com\/avatar\/219e749e47ffbcca018a360ae4add7d4cdf1cdaaf8bc7676b27efade3fe65615?s=96&d=mm&r=g","contentUrl":"https:\/\/secure.gravatar.com\/avatar\/219e749e47ffbcca018a360ae4add7d4cdf1cdaaf8bc7676b27efade3fe65615?s=96&d=mm&r=g","caption":"J.J."},"url":"https:\/\/vosgesinfo.fr\/saintdieinfo\/author\/j-j\/"}]}},"_links":{"self":[{"href":"https:\/\/vosgesinfo.fr\/saintdieinfo\/wp-json\/wp\/v2\/posts\/80548","targetHints":{"allow":["GET"]}}],"collection":[{"href":"https:\/\/vosgesinfo.fr\/saintdieinfo\/wp-json\/wp\/v2\/posts"}],"about":[{"href":"https:\/\/vosgesinfo.fr\/saintdieinfo\/wp-json\/wp\/v2\/types\/post"}],"author":[{"embeddable":true,"href":"https:\/\/vosgesinfo.fr\/saintdieinfo\/wp-json\/wp\/v2\/users\/46"}],"replies":[{"embeddable":true,"href":"https:\/\/vosgesinfo.fr\/saintdieinfo\/wp-json\/wp\/v2\/comments?post=80548"}],"version-history":[{"count":1,"href":"https:\/\/vosgesinfo.fr\/saintdieinfo\/wp-json\/wp\/v2\/posts\/80548\/revisions"}],"predecessor-version":[{"id":80552,"href":"https:\/\/vosgesinfo.fr\/saintdieinfo\/wp-json\/wp\/v2\/posts\/80548\/revisions\/80552"}],"wp:featuredmedia":[{"embeddable":true,"href":"https:\/\/vosgesinfo.fr\/saintdieinfo\/wp-json\/wp\/v2\/media\/80549"}],"wp:attachment":[{"href":"https:\/\/vosgesinfo.fr\/saintdieinfo\/wp-json\/wp\/v2\/media?parent=80548"}],"wp:term":[{"taxonomy":"category","embeddable":true,"href":"https:\/\/vosgesinfo.fr\/saintdieinfo\/wp-json\/wp\/v2\/categories?post=80548"},{"taxonomy":"post_tag","embeddable":true,"href":"https:\/\/vosgesinfo.fr\/saintdieinfo\/wp-json\/wp\/v2\/tags?post=80548"}],"curies":[{"name":"wp","href":"https:\/\/api.w.org\/{rel}","templated":true}]}}