{"id":80563,"date":"2025-07-24T10:15:14","date_gmt":"2025-07-24T08:15:14","guid":{"rendered":"https:\/\/vosgesinfo.fr\/saintdieinfo\/?p=80563"},"modified":"2025-07-24T09:59:32","modified_gmt":"2025-07-24T07:59:32","slug":"la-deodatienne-melanie-grandmougin-retente-laventure-miss-belleza-lorraine","status":"publish","type":"post","link":"https:\/\/vosgesinfo.fr\/saintdieinfo\/2025\/07\/la-deodatienne-melanie-grandmougin-retente-laventure-miss-belleza-lorraine\/","title":{"rendered":"La D\u00e9odatienne M\u00e9lanie Grandmougin retente l&rsquo;aventure Miss Belleza Lorraine"},"content":{"rendered":"<div id=\"attachment_80564\" style=\"width: 1034px\" class=\"wp-caption alignnone\"><a href=\"https:\/\/vosgesinfo.fr\/app\/uploads\/sites\/4\/2025\/07\/deuxieme-participation-miss-bellza-melanie-grandmougin-1.jpeg\"><img decoding=\"async\" aria-describedby=\"caption-attachment-80564\" class=\"size-large wp-image-80564\" src=\"https:\/\/vosgesinfo.fr\/app\/uploads\/sites\/4\/2025\/07\/deuxieme-participation-miss-bellza-melanie-grandmougin-1-1024x900.jpeg\" alt=\"\" width=\"1024\" height=\"900\" srcset=\"https:\/\/vosgesinfo.fr\/app\/uploads\/sites\/4\/2025\/07\/deuxieme-participation-miss-bellza-melanie-grandmougin-1-1024x900.jpeg 1024w, https:\/\/vosgesinfo.fr\/app\/uploads\/sites\/4\/2025\/07\/deuxieme-participation-miss-bellza-melanie-grandmougin-1-300x264.jpeg 300w, https:\/\/vosgesinfo.fr\/app\/uploads\/sites\/4\/2025\/07\/deuxieme-participation-miss-bellza-melanie-grandmougin-1-768x675.jpeg 768w, https:\/\/vosgesinfo.fr\/app\/uploads\/sites\/4\/2025\/07\/deuxieme-participation-miss-bellza-melanie-grandmougin-1-1536x1349.jpeg 1536w, https:\/\/vosgesinfo.fr\/app\/uploads\/sites\/4\/2025\/07\/deuxieme-participation-miss-bellza-melanie-grandmougin-1.jpeg 1654w\" sizes=\"(max-width: 1024px) 100vw, 1024px\" \/><\/a><p id=\"caption-attachment-80564\" class=\"wp-caption-text\">(Photographies M\u00e9lanie Grandmougin)<\/p><\/div>\n<h2><a href=\"https:\/\/vosgesinfo.fr\/saintdieinfo\/2024\/11\/la-deodatienne-melanie-grandmougin-en-lice-pour-le-concours-miss-belleza-lorraine\/\" target=\"_blank\" rel=\"noopener\">Apr\u00e8s une premi\u00e8re participation en <strong>2025<\/strong><\/a>, <strong>M\u00e9lanie Grandmougin<\/strong> a d\u00e9cid\u00e9 de <strong>retenter l&rsquo;aventure <a href=\"https:\/\/www.instagram.com\/bellezalorraine_\/\" target=\"_blank\" rel=\"noopener\">\u00ab Miss Belleza Lorraine \u00bb<\/a><\/strong>. <strong>Premi\u00e8re Dauphine de Miss 15\/17 Vosges en 2020<\/strong>, la jeune <strong>D\u00e9odatienne<\/strong> est en lice pour succ\u00e9der \u00e0 <strong>C\u00e9lia Hestin<\/strong>, <strong>Miss Belleza Lorraine 2025. <\/strong>Et de se qualifier par la m\u00eame occasion pour l&rsquo;\u00e9lection de <strong>Miss Belleza France<\/strong>. Ce comit\u00e9 de Miss, qui se d\u00e9finit \u00ab comme une famille soud\u00e9e \u00bb, porte des valeurs de \u00ab <strong>solidarit\u00e9, d&rsquo;amiti\u00e9 et de partage<\/strong> \u00bb.<\/h2>\n<p><!--more--><\/p>\n<h3><strong>Bonjour M\u00e9lanie. Vous avez d\u00e9cid\u00e9 de participer de nouveau \u00e0 l&rsquo;aventure Miss Belleza Lorraine. Pourquoi ce choix ?<\/strong><\/h3>\n<p>Effectivement, j\u2019ai d\u00e9cid\u00e9 de retenter l\u2019aventure <strong>Miss Belleza Lorraine<\/strong>, et <strong>ce choix vient du c\u0153ur<\/strong>. L\u2019ann\u00e9e derni\u00e8re a \u00e9t\u00e9 une <strong>exp\u00e9rience tr\u00e8s enrichissante<\/strong> pour moi, <strong>tant sur le plan personnel que relationnel<\/strong>. J\u2019ai beaucoup appris sur moi-m\u00eame, sur mes forces mais aussi sur les aspects que je souhaite encore d\u00e9velopper.<\/p>\n<p>Revenir cette ann\u00e9e, c\u2019est avant tout <strong>une mani\u00e8re de montrer ma d\u00e9termination<\/strong> et ma volont\u00e9 de grandir. J\u2019ai \u00e9volu\u00e9, <strong>gagn\u00e9 en confiance<\/strong>, et je me sens pr\u00eate \u00e0 porter <strong>des valeurs qui me tiennent \u00e0 c\u0153ur<\/strong> avec encore plus de conviction. C\u2019est aussi l\u2019opportunit\u00e9 de vivre <strong>une nouvelle aventure humaine<\/strong>, de rencontrer <strong>d\u2019autres jeunes femmes inspirantes<\/strong>, et de continuer \u00e0 m\u2019engager dans une <strong>d\u00e9marche plus positive<\/strong>.<\/p>\n<h3><strong>Comment abordez-vous cette nouvelle \u00e9lection par rapport \u00e0 l&rsquo;an dernier ?<\/strong><\/h3>\n<p>Cette ann\u00e9e, j\u2019aborde l\u2019\u00e9lection avec <strong>plus de maturit\u00e9 et de s\u00e9r\u00e9nit\u00e9<\/strong>. L\u2019an dernier, tout \u00e9tait nouveau pour moi. Aujourd\u2019hui, je sais \u00e0 quoi m\u2019attendre, <strong>je suis plus confiante<\/strong> et je veux <strong>profiter pleinement de chaque moment<\/strong>, tout en restant moi-m\u00eame.<\/p>\n<h3><strong>Quel est votre objectif \u00e0 travers cette deuxi\u00e8me participation ?<\/strong><\/h3>\n<p>Mon objectif est avant tout <strong>de me d\u00e9passer<\/strong>, de <strong>montrer l\u2019\u00e9volution<\/strong> que j\u2019ai eue depuis ma premi\u00e8re participation, et de <strong>repr\u00e9senter avec fiert\u00e9 les valeurs qui me tiennent \u00e0 c\u0153ur<\/strong>. Cette fois, <strong>je veux aller plus loin<\/strong> et <strong>vivre cette aventure \u00e0 100 %<\/strong>.<\/p>\n<h3><strong>Qu&rsquo;est-ce que cela vous a apport\u00e9, et qu&rsquo;est-ce que cela vous apporte aujourd&rsquo;hui, de participer \u00e0 Miss Belleza ?<\/strong><\/h3>\n<p>Participer \u00e0 Miss Belleza m\u2019a permis de <strong>prendre confiance en moi<\/strong>, de <strong>sortir de ma zone de confort<\/strong> et de faire de <strong>belles rencontres<\/strong>. Aujourd\u2019hui, cela m\u2019apporte encore plus de <strong>d\u00e9termination<\/strong>, de <strong>maturit\u00e9<\/strong>, et <strong>l\u2019envie de porter un message positif<\/strong> en restant fid\u00e8le \u00e0 moi-m\u00eame.<\/p>\n<h3><strong>Est-ce que vous envisagez de prendre part \u00e0 d&rsquo;autres \u00e9lections \u00e0 l&rsquo;avenir ?<\/strong><\/h3>\n<p>Pour l\u2019instant je suis pleinement concentr\u00e9e sur <strong>Miss Belleza Lorraine<\/strong>, c\u2019est une <strong>aventure qui me tient \u00e0 c\u0153ur<\/strong> et <strong>correspond \u00e0 mes valeurs<\/strong>.<\/p>\n<p><a href=\"https:\/\/vosgesinfo.fr\/app\/uploads\/sites\/4\/2025\/07\/deuxieme-participation-miss-bellza-melanie-grandmougin-2.jpeg\"><img decoding=\"async\" class=\"alignnone size-large wp-image-80565\" src=\"https:\/\/vosgesinfo.fr\/app\/uploads\/sites\/4\/2025\/07\/deuxieme-participation-miss-bellza-melanie-grandmougin-2-768x1024.jpeg\" alt=\"\" width=\"768\" height=\"1024\" srcset=\"https:\/\/vosgesinfo.fr\/app\/uploads\/sites\/4\/2025\/07\/deuxieme-participation-miss-bellza-melanie-grandmougin-2-768x1024.jpeg 768w, https:\/\/vosgesinfo.fr\/app\/uploads\/sites\/4\/2025\/07\/deuxieme-participation-miss-bellza-melanie-grandmougin-2-225x300.jpeg 225w, https:\/\/vosgesinfo.fr\/app\/uploads\/sites\/4\/2025\/07\/deuxieme-participation-miss-bellza-melanie-grandmougin-2-1152x1536.jpeg 1152w, https:\/\/vosgesinfo.fr\/app\/uploads\/sites\/4\/2025\/07\/deuxieme-participation-miss-bellza-melanie-grandmougin-2.jpeg 1536w\" sizes=\"(max-width: 768px) 100vw, 768px\" \/><\/a><\/p>\n","protected":false},"excerpt":{"rendered":"<p>Apr\u00e8s une premi\u00e8re participation en 2025, M\u00e9lanie Grandmougin a d\u00e9cid\u00e9 de retenter l&rsquo;aventure \u00ab Miss Belleza Lorraine \u00bb. Premi\u00e8re Dauphine [&hellip;]<\/p>\n","protected":false},"author":46,"featured_media":80566,"comment_status":"open","ping_status":"open","sticky":false,"template":"","format":"standard","meta":{"footnotes":""},"categories":[460,20,167],"tags":[17866,15386,17865,15387],"class_list":["post-80563","post","type-post","status-publish","format-standard","has-post-thumbnail","hentry","category-a-la-une","category-loisirs","category-saint-die-des-vosges","tag-la-deodatienne-melanie-grandmougin-retente-laventure-miss-belleza","tag-melanie-grandmougin","tag-miss-belleza","tag-miss-belleza-lorraine"],"acf":[],"yoast_head":"<!-- This site is optimized with the Yoast SEO plugin v22.5 - https:\/\/yoast.com\/wordpress\/plugins\/seo\/ -->\n<title>La D\u00e9odatienne M\u00e9lanie Grandmougin retente l&#039;aventure Miss Belleza Lorraine - Saint Die Info<\/title>\n<meta name=\"robots\" content=\"index, follow, max-snippet:-1, max-image-preview:large, max-video-preview:-1\" \/>\n<link rel=\"canonical\" href=\"https:\/\/vosgesinfo.fr\/saintdieinfo\/2025\/07\/la-deodatienne-melanie-grandmougin-retente-laventure-miss-belleza-lorraine\/\" \/>\n<meta name=\"twitter:card\" content=\"summary_large_image\" \/>\n<meta name=\"twitter:title\" content=\"La D\u00e9odatienne M\u00e9lanie Grandmougin retente l&#039;aventure Miss Belleza Lorraine - Saint Die Info\" \/>\n<meta name=\"twitter:description\" content=\"Apr\u00e8s une premi\u00e8re participation en 2025, M\u00e9lanie Grandmougin a d\u00e9cid\u00e9 de retenter l&rsquo;aventure \u00ab Miss Belleza Lorraine \u00bb. Premi\u00e8re Dauphine [&hellip;]\" \/>\n<meta name=\"twitter:image\" content=\"https:\/\/vosgesinfo.fr\/app\/uploads\/sites\/4\/2025\/07\/deuxieme-participation-miss-bellza-melanie-grandmougin-3.jpg\" \/>\n<meta name=\"twitter:creator\" content=\"@VosgesInfo88\" \/>\n<meta name=\"twitter:site\" content=\"@VosgesInfo88\" \/>\n<meta name=\"twitter:label1\" content=\"\u00c9crit par\" \/>\n\t<meta name=\"twitter:data1\" content=\"J.J.\" \/>\n\t<meta name=\"twitter:label2\" content=\"Dur\u00e9e de lecture estim\u00e9e\" \/>\n\t<meta name=\"twitter:data2\" content=\"3 minutes\" \/>\n<script type=\"application\/ld+json\" class=\"yoast-schema-graph\">{\"@context\":\"https:\/\/schema.org\",\"@graph\":[{\"@type\":\"Article\",\"@id\":\"https:\/\/vosgesinfo.fr\/saintdieinfo\/2025\/07\/la-deodatienne-melanie-grandmougin-retente-laventure-miss-belleza-lorraine\/#article\",\"isPartOf\":{\"@id\":\"https:\/\/vosgesinfo.fr\/saintdieinfo\/2025\/07\/la-deodatienne-melanie-grandmougin-retente-laventure-miss-belleza-lorraine\/\"},\"author\":{\"name\":\"J.J.\",\"@id\":\"https:\/\/vosgesinfo.fr\/saintdieinfo\/#\/schema\/person\/fa73e9f726d67bb88f46d5b7943cb572\"},\"headline\":\"La D\u00e9odatienne M\u00e9lanie Grandmougin retente l&rsquo;aventure Miss Belleza Lorraine\",\"datePublished\":\"2025-07-24T08:15:14+00:00\",\"dateModified\":\"2025-07-24T07:59:32+00:00\",\"mainEntityOfPage\":{\"@id\":\"https:\/\/vosgesinfo.fr\/saintdieinfo\/2025\/07\/la-deodatienne-melanie-grandmougin-retente-laventure-miss-belleza-lorraine\/\"},\"wordCount\":481,\"commentCount\":2,\"publisher\":{\"@id\":\"https:\/\/vosgesinfo.fr\/saintdieinfo\/#organization\"},\"image\":{\"@id\":\"https:\/\/vosgesinfo.fr\/saintdieinfo\/2025\/07\/la-deodatienne-melanie-grandmougin-retente-laventure-miss-belleza-lorraine\/#primaryimage\"},\"thumbnailUrl\":\"https:\/\/vosgesinfo.fr\/app\/uploads\/sites\/4\/2025\/07\/deuxieme-participation-miss-bellza-melanie-grandmougin-3.jpg\",\"keywords\":[\"La D\u00e9odatienne M\u00e9lanie Grandmougin retente l'aventure Miss Belleza\",\"M\u00e9lanie Grandmougin\",\"Miss Belleza\",\"Miss Belleza Lorraine\"],\"articleSection\":[\"A la Une\",\"Loisirs\",\"Saint-Di\u00e9-des-Vosges\"],\"inLanguage\":\"fr-FR\",\"potentialAction\":[{\"@type\":\"CommentAction\",\"name\":\"Comment\",\"target\":[\"https:\/\/vosgesinfo.fr\/saintdieinfo\/2025\/07\/la-deodatienne-melanie-grandmougin-retente-laventure-miss-belleza-lorraine\/#respond\"]}]},{\"@type\":\"WebPage\",\"@id\":\"https:\/\/vosgesinfo.fr\/saintdieinfo\/2025\/07\/la-deodatienne-melanie-grandmougin-retente-laventure-miss-belleza-lorraine\/\",\"url\":\"https:\/\/vosgesinfo.fr\/saintdieinfo\/2025\/07\/la-deodatienne-melanie-grandmougin-retente-laventure-miss-belleza-lorraine\/\",\"name\":\"La D\u00e9odatienne M\u00e9lanie Grandmougin retente l'aventure Miss Belleza Lorraine - Saint Die Info\",\"isPartOf\":{\"@id\":\"https:\/\/vosgesinfo.fr\/saintdieinfo\/#website\"},\"primaryImageOfPage\":{\"@id\":\"https:\/\/vosgesinfo.fr\/saintdieinfo\/2025\/07\/la-deodatienne-melanie-grandmougin-retente-laventure-miss-belleza-lorraine\/#primaryimage\"},\"image\":{\"@id\":\"https:\/\/vosgesinfo.fr\/saintdieinfo\/2025\/07\/la-deodatienne-melanie-grandmougin-retente-laventure-miss-belleza-lorraine\/#primaryimage\"},\"thumbnailUrl\":\"https:\/\/vosgesinfo.fr\/app\/uploads\/sites\/4\/2025\/07\/deuxieme-participation-miss-bellza-melanie-grandmougin-3.jpg\",\"datePublished\":\"2025-07-24T08:15:14+00:00\",\"dateModified\":\"2025-07-24T07:59:32+00:00\",\"breadcrumb\":{\"@id\":\"https:\/\/vosgesinfo.fr\/saintdieinfo\/2025\/07\/la-deodatienne-melanie-grandmougin-retente-laventure-miss-belleza-lorraine\/#breadcrumb\"},\"inLanguage\":\"fr-FR\",\"potentialAction\":[{\"@type\":\"ReadAction\",\"target\":[\"https:\/\/vosgesinfo.fr\/saintdieinfo\/2025\/07\/la-deodatienne-melanie-grandmougin-retente-laventure-miss-belleza-lorraine\/\"]}]},{\"@type\":\"ImageObject\",\"inLanguage\":\"fr-FR\",\"@id\":\"https:\/\/vosgesinfo.fr\/saintdieinfo\/2025\/07\/la-deodatienne-melanie-grandmougin-retente-laventure-miss-belleza-lorraine\/#primaryimage\",\"url\":\"https:\/\/vosgesinfo.fr\/app\/uploads\/sites\/4\/2025\/07\/deuxieme-participation-miss-bellza-melanie-grandmougin-3.jpg\",\"contentUrl\":\"https:\/\/vosgesinfo.fr\/app\/uploads\/sites\/4\/2025\/07\/deuxieme-participation-miss-bellza-melanie-grandmougin-3.jpg\",\"width\":1600,\"height\":1277},{\"@type\":\"BreadcrumbList\",\"@id\":\"https:\/\/vosgesinfo.fr\/saintdieinfo\/2025\/07\/la-deodatienne-melanie-grandmougin-retente-laventure-miss-belleza-lorraine\/#breadcrumb\",\"itemListElement\":[{\"@type\":\"ListItem\",\"position\":1,\"name\":\"Home\",\"item\":\"https:\/\/vosgesinfo.fr\/saintdieinfo\/\"},{\"@type\":\"ListItem\",\"position\":2,\"name\":\"La D\u00e9odatienne M\u00e9lanie Grandmougin retente l&rsquo;aventure Miss Belleza Lorraine\"}]},{\"@type\":\"WebSite\",\"@id\":\"https:\/\/vosgesinfo.fr\/saintdieinfo\/#website\",\"url\":\"https:\/\/vosgesinfo.fr\/saintdieinfo\/\",\"name\":\"Saint Die Info\",\"description\":\"Toute l&#039;actualit\u00e9 de Saint-Di\u00e9-Des-Vosges\",\"publisher\":{\"@id\":\"https:\/\/vosgesinfo.fr\/saintdieinfo\/#organization\"},\"alternateName\":\"Toute l'actualit\u00e9 de Saint-Di\u00e9-Des-Vosges\",\"potentialAction\":[{\"@type\":\"SearchAction\",\"target\":{\"@type\":\"EntryPoint\",\"urlTemplate\":\"https:\/\/vosgesinfo.fr\/saintdieinfo\/?s={search_term_string}\"},\"query-input\":\"required name=search_term_string\"}],\"inLanguage\":\"fr-FR\"},{\"@type\":\"Organization\",\"@id\":\"https:\/\/vosgesinfo.fr\/saintdieinfo\/#organization\",\"name\":\"Saint Die Info\",\"url\":\"https:\/\/vosgesinfo.fr\/saintdieinfo\/\",\"logo\":{\"@type\":\"ImageObject\",\"inLanguage\":\"fr-FR\",\"@id\":\"https:\/\/vosgesinfo.fr\/saintdieinfo\/#\/schema\/logo\/image\/\",\"url\":\"https:\/\/vosgesinfo.fr\/app\/uploads\/sites\/4\/2024\/02\/logo-sdi.jpg\",\"contentUrl\":\"https:\/\/vosgesinfo.fr\/app\/uploads\/sites\/4\/2024\/02\/logo-sdi.jpg\",\"width\":600,\"height\":600,\"caption\":\"Saint Die Info\"},\"image\":{\"@id\":\"https:\/\/vosgesinfo.fr\/saintdieinfo\/#\/schema\/logo\/image\/\"},\"sameAs\":[\"https:\/\/www.facebook.com\/Saintdieinfofr\",\"https:\/\/x.com\/VosgesInfo88\",\"https:\/\/www.youtube.com\/@vosgesinfo\"]},{\"@type\":\"Person\",\"@id\":\"https:\/\/vosgesinfo.fr\/saintdieinfo\/#\/schema\/person\/fa73e9f726d67bb88f46d5b7943cb572\",\"name\":\"J.J.\",\"image\":{\"@type\":\"ImageObject\",\"inLanguage\":\"fr-FR\",\"@id\":\"https:\/\/vosgesinfo.fr\/saintdieinfo\/#\/schema\/person\/image\/\",\"url\":\"https:\/\/secure.gravatar.com\/avatar\/219e749e47ffbcca018a360ae4add7d4cdf1cdaaf8bc7676b27efade3fe65615?s=96&d=mm&r=g\",\"contentUrl\":\"https:\/\/secure.gravatar.com\/avatar\/219e749e47ffbcca018a360ae4add7d4cdf1cdaaf8bc7676b27efade3fe65615?s=96&d=mm&r=g\",\"caption\":\"J.J.\"},\"url\":\"https:\/\/vosgesinfo.fr\/saintdieinfo\/author\/j-j\/\"}]}<\/script>\n<!-- \/ Yoast SEO plugin. -->","yoast_head_json":{"title":"La D\u00e9odatienne M\u00e9lanie Grandmougin retente l'aventure Miss Belleza Lorraine - Saint Die Info","robots":{"index":"index","follow":"follow","max-snippet":"max-snippet:-1","max-image-preview":"max-image-preview:large","max-video-preview":"max-video-preview:-1"},"canonical":"https:\/\/vosgesinfo.fr\/saintdieinfo\/2025\/07\/la-deodatienne-melanie-grandmougin-retente-laventure-miss-belleza-lorraine\/","twitter_card":"summary_large_image","twitter_title":"La D\u00e9odatienne M\u00e9lanie Grandmougin retente l'aventure Miss Belleza Lorraine - Saint Die Info","twitter_description":"Apr\u00e8s une premi\u00e8re participation en 2025, M\u00e9lanie Grandmougin a d\u00e9cid\u00e9 de retenter l&rsquo;aventure \u00ab Miss Belleza Lorraine \u00bb. Premi\u00e8re Dauphine [&hellip;]","twitter_image":"https:\/\/vosgesinfo.fr\/app\/uploads\/sites\/4\/2025\/07\/deuxieme-participation-miss-bellza-melanie-grandmougin-3.jpg","twitter_creator":"@VosgesInfo88","twitter_site":"@VosgesInfo88","twitter_misc":{"\u00c9crit par":"J.J.","Dur\u00e9e de lecture estim\u00e9e":"3 minutes"},"schema":{"@context":"https:\/\/schema.org","@graph":[{"@type":"Article","@id":"https:\/\/vosgesinfo.fr\/saintdieinfo\/2025\/07\/la-deodatienne-melanie-grandmougin-retente-laventure-miss-belleza-lorraine\/#article","isPartOf":{"@id":"https:\/\/vosgesinfo.fr\/saintdieinfo\/2025\/07\/la-deodatienne-melanie-grandmougin-retente-laventure-miss-belleza-lorraine\/"},"author":{"name":"J.J.","@id":"https:\/\/vosgesinfo.fr\/saintdieinfo\/#\/schema\/person\/fa73e9f726d67bb88f46d5b7943cb572"},"headline":"La D\u00e9odatienne M\u00e9lanie Grandmougin retente l&rsquo;aventure Miss Belleza Lorraine","datePublished":"2025-07-24T08:15:14+00:00","dateModified":"2025-07-24T07:59:32+00:00","mainEntityOfPage":{"@id":"https:\/\/vosgesinfo.fr\/saintdieinfo\/2025\/07\/la-deodatienne-melanie-grandmougin-retente-laventure-miss-belleza-lorraine\/"},"wordCount":481,"commentCount":2,"publisher":{"@id":"https:\/\/vosgesinfo.fr\/saintdieinfo\/#organization"},"image":{"@id":"https:\/\/vosgesinfo.fr\/saintdieinfo\/2025\/07\/la-deodatienne-melanie-grandmougin-retente-laventure-miss-belleza-lorraine\/#primaryimage"},"thumbnailUrl":"https:\/\/vosgesinfo.fr\/app\/uploads\/sites\/4\/2025\/07\/deuxieme-participation-miss-bellza-melanie-grandmougin-3.jpg","keywords":["La D\u00e9odatienne M\u00e9lanie Grandmougin retente l'aventure Miss Belleza","M\u00e9lanie Grandmougin","Miss Belleza","Miss Belleza Lorraine"],"articleSection":["A la Une","Loisirs","Saint-Di\u00e9-des-Vosges"],"inLanguage":"fr-FR","potentialAction":[{"@type":"CommentAction","name":"Comment","target":["https:\/\/vosgesinfo.fr\/saintdieinfo\/2025\/07\/la-deodatienne-melanie-grandmougin-retente-laventure-miss-belleza-lorraine\/#respond"]}]},{"@type":"WebPage","@id":"https:\/\/vosgesinfo.fr\/saintdieinfo\/2025\/07\/la-deodatienne-melanie-grandmougin-retente-laventure-miss-belleza-lorraine\/","url":"https:\/\/vosgesinfo.fr\/saintdieinfo\/2025\/07\/la-deodatienne-melanie-grandmougin-retente-laventure-miss-belleza-lorraine\/","name":"La D\u00e9odatienne M\u00e9lanie Grandmougin retente l'aventure Miss Belleza Lorraine - Saint Die Info","isPartOf":{"@id":"https:\/\/vosgesinfo.fr\/saintdieinfo\/#website"},"primaryImageOfPage":{"@id":"https:\/\/vosgesinfo.fr\/saintdieinfo\/2025\/07\/la-deodatienne-melanie-grandmougin-retente-laventure-miss-belleza-lorraine\/#primaryimage"},"image":{"@id":"https:\/\/vosgesinfo.fr\/saintdieinfo\/2025\/07\/la-deodatienne-melanie-grandmougin-retente-laventure-miss-belleza-lorraine\/#primaryimage"},"thumbnailUrl":"https:\/\/vosgesinfo.fr\/app\/uploads\/sites\/4\/2025\/07\/deuxieme-participation-miss-bellza-melanie-grandmougin-3.jpg","datePublished":"2025-07-24T08:15:14+00:00","dateModified":"2025-07-24T07:59:32+00:00","breadcrumb":{"@id":"https:\/\/vosgesinfo.fr\/saintdieinfo\/2025\/07\/la-deodatienne-melanie-grandmougin-retente-laventure-miss-belleza-lorraine\/#breadcrumb"},"inLanguage":"fr-FR","potentialAction":[{"@type":"ReadAction","target":["https:\/\/vosgesinfo.fr\/saintdieinfo\/2025\/07\/la-deodatienne-melanie-grandmougin-retente-laventure-miss-belleza-lorraine\/"]}]},{"@type":"ImageObject","inLanguage":"fr-FR","@id":"https:\/\/vosgesinfo.fr\/saintdieinfo\/2025\/07\/la-deodatienne-melanie-grandmougin-retente-laventure-miss-belleza-lorraine\/#primaryimage","url":"https:\/\/vosgesinfo.fr\/app\/uploads\/sites\/4\/2025\/07\/deuxieme-participation-miss-bellza-melanie-grandmougin-3.jpg","contentUrl":"https:\/\/vosgesinfo.fr\/app\/uploads\/sites\/4\/2025\/07\/deuxieme-participation-miss-bellza-melanie-grandmougin-3.jpg","width":1600,"height":1277},{"@type":"BreadcrumbList","@id":"https:\/\/vosgesinfo.fr\/saintdieinfo\/2025\/07\/la-deodatienne-melanie-grandmougin-retente-laventure-miss-belleza-lorraine\/#breadcrumb","itemListElement":[{"@type":"ListItem","position":1,"name":"Home","item":"https:\/\/vosgesinfo.fr\/saintdieinfo\/"},{"@type":"ListItem","position":2,"name":"La D\u00e9odatienne M\u00e9lanie Grandmougin retente l&rsquo;aventure Miss Belleza Lorraine"}]},{"@type":"WebSite","@id":"https:\/\/vosgesinfo.fr\/saintdieinfo\/#website","url":"https:\/\/vosgesinfo.fr\/saintdieinfo\/","name":"Saint Die Info","description":"Toute l&#039;actualit\u00e9 de Saint-Di\u00e9-Des-Vosges","publisher":{"@id":"https:\/\/vosgesinfo.fr\/saintdieinfo\/#organization"},"alternateName":"Toute l'actualit\u00e9 de Saint-Di\u00e9-Des-Vosges","potentialAction":[{"@type":"SearchAction","target":{"@type":"EntryPoint","urlTemplate":"https:\/\/vosgesinfo.fr\/saintdieinfo\/?s={search_term_string}"},"query-input":"required name=search_term_string"}],"inLanguage":"fr-FR"},{"@type":"Organization","@id":"https:\/\/vosgesinfo.fr\/saintdieinfo\/#organization","name":"Saint Die Info","url":"https:\/\/vosgesinfo.fr\/saintdieinfo\/","logo":{"@type":"ImageObject","inLanguage":"fr-FR","@id":"https:\/\/vosgesinfo.fr\/saintdieinfo\/#\/schema\/logo\/image\/","url":"https:\/\/vosgesinfo.fr\/app\/uploads\/sites\/4\/2024\/02\/logo-sdi.jpg","contentUrl":"https:\/\/vosgesinfo.fr\/app\/uploads\/sites\/4\/2024\/02\/logo-sdi.jpg","width":600,"height":600,"caption":"Saint Die Info"},"image":{"@id":"https:\/\/vosgesinfo.fr\/saintdieinfo\/#\/schema\/logo\/image\/"},"sameAs":["https:\/\/www.facebook.com\/Saintdieinfofr","https:\/\/x.com\/VosgesInfo88","https:\/\/www.youtube.com\/@vosgesinfo"]},{"@type":"Person","@id":"https:\/\/vosgesinfo.fr\/saintdieinfo\/#\/schema\/person\/fa73e9f726d67bb88f46d5b7943cb572","name":"J.J.","image":{"@type":"ImageObject","inLanguage":"fr-FR","@id":"https:\/\/vosgesinfo.fr\/saintdieinfo\/#\/schema\/person\/image\/","url":"https:\/\/secure.gravatar.com\/avatar\/219e749e47ffbcca018a360ae4add7d4cdf1cdaaf8bc7676b27efade3fe65615?s=96&d=mm&r=g","contentUrl":"https:\/\/secure.gravatar.com\/avatar\/219e749e47ffbcca018a360ae4add7d4cdf1cdaaf8bc7676b27efade3fe65615?s=96&d=mm&r=g","caption":"J.J."},"url":"https:\/\/vosgesinfo.fr\/saintdieinfo\/author\/j-j\/"}]}},"_links":{"self":[{"href":"https:\/\/vosgesinfo.fr\/saintdieinfo\/wp-json\/wp\/v2\/posts\/80563","targetHints":{"allow":["GET"]}}],"collection":[{"href":"https:\/\/vosgesinfo.fr\/saintdieinfo\/wp-json\/wp\/v2\/posts"}],"about":[{"href":"https:\/\/vosgesinfo.fr\/saintdieinfo\/wp-json\/wp\/v2\/types\/post"}],"author":[{"embeddable":true,"href":"https:\/\/vosgesinfo.fr\/saintdieinfo\/wp-json\/wp\/v2\/users\/46"}],"replies":[{"embeddable":true,"href":"https:\/\/vosgesinfo.fr\/saintdieinfo\/wp-json\/wp\/v2\/comments?post=80563"}],"version-history":[{"count":3,"href":"https:\/\/vosgesinfo.fr\/saintdieinfo\/wp-json\/wp\/v2\/posts\/80563\/revisions"}],"predecessor-version":[{"id":80571,"href":"https:\/\/vosgesinfo.fr\/saintdieinfo\/wp-json\/wp\/v2\/posts\/80563\/revisions\/80571"}],"wp:featuredmedia":[{"embeddable":true,"href":"https:\/\/vosgesinfo.fr\/saintdieinfo\/wp-json\/wp\/v2\/media\/80566"}],"wp:attachment":[{"href":"https:\/\/vosgesinfo.fr\/saintdieinfo\/wp-json\/wp\/v2\/media?parent=80563"}],"wp:term":[{"taxonomy":"category","embeddable":true,"href":"https:\/\/vosgesinfo.fr\/saintdieinfo\/wp-json\/wp\/v2\/categories?post=80563"},{"taxonomy":"post_tag","embeddable":true,"href":"https:\/\/vosgesinfo.fr\/saintdieinfo\/wp-json\/wp\/v2\/tags?post=80563"}],"curies":[{"name":"wp","href":"https:\/\/api.w.org\/{rel}","templated":true}]}}