{"id":80576,"date":"2025-07-24T10:45:23","date_gmt":"2025-07-24T08:45:23","guid":{"rendered":"https:\/\/vosgesinfo.fr\/saintdieinfo\/?p=80576"},"modified":"2025-07-24T10:11:36","modified_gmt":"2025-07-24T08:11:36","slug":"rn59-circulation-modifiee-a-hauteur-du-viaduc-criviller","status":"publish","type":"post","link":"https:\/\/vosgesinfo.fr\/saintdieinfo\/2025\/07\/rn59-circulation-modifiee-a-hauteur-du-viaduc-criviller\/","title":{"rendered":"RN59 \u2013 Circulation modifi\u00e9e \u00e0 hauteur du viaduc Criviller"},"content":{"rendered":"<div id=\"attachment_80577\" style=\"width: 1034px\" class=\"wp-caption alignnone\"><a href=\"https:\/\/vosgesinfo.fr\/app\/uploads\/sites\/4\/2025\/07\/rn59-viaduc-criviller.jpg\"><img decoding=\"async\" aria-describedby=\"caption-attachment-80577\" class=\"size-large wp-image-80577\" src=\"https:\/\/vosgesinfo.fr\/app\/uploads\/sites\/4\/2025\/07\/rn59-viaduc-criviller-1024x765.jpg\" alt=\"\" width=\"1024\" height=\"765\" srcset=\"https:\/\/vosgesinfo.fr\/app\/uploads\/sites\/4\/2025\/07\/rn59-viaduc-criviller-1024x765.jpg 1024w, https:\/\/vosgesinfo.fr\/app\/uploads\/sites\/4\/2025\/07\/rn59-viaduc-criviller-300x224.jpg 300w, https:\/\/vosgesinfo.fr\/app\/uploads\/sites\/4\/2025\/07\/rn59-viaduc-criviller-768x574.jpg 768w, https:\/\/vosgesinfo.fr\/app\/uploads\/sites\/4\/2025\/07\/rn59-viaduc-criviller-1536x1148.jpg 1536w, https:\/\/vosgesinfo.fr\/app\/uploads\/sites\/4\/2025\/07\/rn59-viaduc-criviller-2048x1530.jpg 2048w\" sizes=\"(max-width: 1024px) 100vw, 1024px\" \/><\/a><p id=\"caption-attachment-80577\" class=\"wp-caption-text\">(Capture d&rsquo;\u00e9cran Google Maps)<\/p><\/div>\n<h2 data-start=\"61\" data-end=\"373\"><strong data-start=\"61\" data-end=\"88\">Des travaux d&rsquo;entretien<\/strong> seront r\u00e9alis\u00e9s sur les joints du <strong data-start=\"123\" data-end=\"146\">viaduc de Criviller<\/strong>, situ\u00e9 \u00e0 <strong data-start=\"156\" data-end=\"189\">Baccarat (Meurthe-et-Moselle)<\/strong>, du <strong data-start=\"194\" data-end=\"221\">lundi 28 juillet \u00e0 7h30<\/strong> au <strong data-start=\"225\" data-end=\"251\" data-is-only-node=\"\">jeudi 31 juillet \u00e0 12h<\/strong>. Ce chantier est conduit par la <strong data-start=\"284\" data-end=\"347\">DIR Est \u2013 Direction Interd\u00e9partementale des Routes de l\u2019Est<\/strong> pour le compte de l\u2019\u00c9tat.<\/h2>\n<p data-start=\"61\" data-end=\"373\"><!--more--><\/p>\n<p data-start=\"375\" data-end=\"539\">Durant cette p\u00e9riode, la <strong data-start=\"400\" data-end=\"486\">circulation en direction de Saint-Di\u00e9-des-Vosges sera bascul\u00e9e sur la voie oppos\u00e9e<\/strong>, afin de permettre l\u2019intervention en toute s\u00e9curit\u00e9. La DIR Est appelle les automobilistes \u00e0 <strong data-start=\"581\" data-end=\"608\">la plus grande prudence<\/strong>, \u00e0 <strong data-start=\"612\" data-end=\"636\">mod\u00e9rer leur vitesse<\/strong> et \u00e0 <strong data-start=\"642\" data-end=\"684\">respecter la signalisation de chantier.<\/strong><\/p>\n","protected":false},"excerpt":{"rendered":"<p>Des travaux d&rsquo;entretien seront r\u00e9alis\u00e9s sur les joints du viaduc de Criviller, situ\u00e9 \u00e0 Baccarat (Meurthe-et-Moselle), du lundi 28 juillet [&hellip;]<\/p>\n","protected":false},"author":46,"featured_media":80577,"comment_status":"open","ping_status":"open","sticky":false,"template":"","format":"standard","meta":{"footnotes":""},"categories":[460,2915,18],"tags":[3105,17869,3820,3263],"class_list":["post-80576","post","type-post","status-publish","format-standard","has-post-thumbnail","hentry","category-a-la-une","category-saint-die-son-canton","category-vosges","tag-baccarat","tag-circulation-modifiee-a-hauteur-du-viaduc-criviller","tag-dir-est","tag-rn59"],"acf":[],"yoast_head":"<!-- This site is optimized with the Yoast SEO plugin v22.5 - https:\/\/yoast.com\/wordpress\/plugins\/seo\/ -->\n<title>RN59 \u2013 Circulation modifi\u00e9e \u00e0 hauteur du viaduc Criviller - Saint Die Info<\/title>\n<meta name=\"robots\" content=\"index, follow, max-snippet:-1, max-image-preview:large, max-video-preview:-1\" \/>\n<link rel=\"canonical\" href=\"https:\/\/vosgesinfo.fr\/saintdieinfo\/2025\/07\/rn59-circulation-modifiee-a-hauteur-du-viaduc-criviller\/\" \/>\n<meta name=\"twitter:card\" content=\"summary_large_image\" \/>\n<meta name=\"twitter:title\" content=\"RN59 \u2013 Circulation modifi\u00e9e \u00e0 hauteur du viaduc Criviller - Saint Die Info\" \/>\n<meta name=\"twitter:description\" content=\"Des travaux d&rsquo;entretien seront r\u00e9alis\u00e9s sur les joints du viaduc de Criviller, situ\u00e9 \u00e0 Baccarat (Meurthe-et-Moselle), du lundi 28 juillet [&hellip;]\" \/>\n<meta name=\"twitter:image\" content=\"https:\/\/vosgesinfo.fr\/app\/uploads\/sites\/4\/2025\/07\/rn59-viaduc-criviller.jpg\" \/>\n<meta name=\"twitter:creator\" content=\"@VosgesInfo88\" \/>\n<meta name=\"twitter:site\" content=\"@VosgesInfo88\" \/>\n<meta name=\"twitter:label1\" content=\"\u00c9crit par\" \/>\n\t<meta name=\"twitter:data1\" content=\"J.J.\" \/>\n\t<meta name=\"twitter:label2\" content=\"Dur\u00e9e de lecture estim\u00e9e\" \/>\n\t<meta name=\"twitter:data2\" content=\"1 minute\" \/>\n<script type=\"application\/ld+json\" class=\"yoast-schema-graph\">{\"@context\":\"https:\/\/schema.org\",\"@graph\":[{\"@type\":\"Article\",\"@id\":\"https:\/\/vosgesinfo.fr\/saintdieinfo\/2025\/07\/rn59-circulation-modifiee-a-hauteur-du-viaduc-criviller\/#article\",\"isPartOf\":{\"@id\":\"https:\/\/vosgesinfo.fr\/saintdieinfo\/2025\/07\/rn59-circulation-modifiee-a-hauteur-du-viaduc-criviller\/\"},\"author\":{\"name\":\"J.J.\",\"@id\":\"https:\/\/vosgesinfo.fr\/saintdieinfo\/#\/schema\/person\/fa73e9f726d67bb88f46d5b7943cb572\"},\"headline\":\"RN59 \u2013 Circulation modifi\u00e9e \u00e0 hauteur du viaduc Criviller\",\"datePublished\":\"2025-07-24T08:45:23+00:00\",\"dateModified\":\"2025-07-24T08:11:36+00:00\",\"mainEntityOfPage\":{\"@id\":\"https:\/\/vosgesinfo.fr\/saintdieinfo\/2025\/07\/rn59-circulation-modifiee-a-hauteur-du-viaduc-criviller\/\"},\"wordCount\":116,\"commentCount\":0,\"publisher\":{\"@id\":\"https:\/\/vosgesinfo.fr\/saintdieinfo\/#organization\"},\"image\":{\"@id\":\"https:\/\/vosgesinfo.fr\/saintdieinfo\/2025\/07\/rn59-circulation-modifiee-a-hauteur-du-viaduc-criviller\/#primaryimage\"},\"thumbnailUrl\":\"https:\/\/vosgesinfo.fr\/app\/uploads\/sites\/4\/2025\/07\/rn59-viaduc-criviller.jpg\",\"keywords\":[\"Baccarat\",\"Circulation modifi\u00e9e \u00e0 hauteur du viaduc Criviller\",\"DIR Est\",\"RN59\"],\"articleSection\":[\"A la Une\",\"Saint-Di\u00e9-des-Vosges et son Agglom\u00e9ration\",\"Vosges\"],\"inLanguage\":\"fr-FR\",\"potentialAction\":[{\"@type\":\"CommentAction\",\"name\":\"Comment\",\"target\":[\"https:\/\/vosgesinfo.fr\/saintdieinfo\/2025\/07\/rn59-circulation-modifiee-a-hauteur-du-viaduc-criviller\/#respond\"]}]},{\"@type\":\"WebPage\",\"@id\":\"https:\/\/vosgesinfo.fr\/saintdieinfo\/2025\/07\/rn59-circulation-modifiee-a-hauteur-du-viaduc-criviller\/\",\"url\":\"https:\/\/vosgesinfo.fr\/saintdieinfo\/2025\/07\/rn59-circulation-modifiee-a-hauteur-du-viaduc-criviller\/\",\"name\":\"RN59 \u2013 Circulation modifi\u00e9e \u00e0 hauteur du viaduc Criviller - Saint Die Info\",\"isPartOf\":{\"@id\":\"https:\/\/vosgesinfo.fr\/saintdieinfo\/#website\"},\"primaryImageOfPage\":{\"@id\":\"https:\/\/vosgesinfo.fr\/saintdieinfo\/2025\/07\/rn59-circulation-modifiee-a-hauteur-du-viaduc-criviller\/#primaryimage\"},\"image\":{\"@id\":\"https:\/\/vosgesinfo.fr\/saintdieinfo\/2025\/07\/rn59-circulation-modifiee-a-hauteur-du-viaduc-criviller\/#primaryimage\"},\"thumbnailUrl\":\"https:\/\/vosgesinfo.fr\/app\/uploads\/sites\/4\/2025\/07\/rn59-viaduc-criviller.jpg\",\"datePublished\":\"2025-07-24T08:45:23+00:00\",\"dateModified\":\"2025-07-24T08:11:36+00:00\",\"breadcrumb\":{\"@id\":\"https:\/\/vosgesinfo.fr\/saintdieinfo\/2025\/07\/rn59-circulation-modifiee-a-hauteur-du-viaduc-criviller\/#breadcrumb\"},\"inLanguage\":\"fr-FR\",\"potentialAction\":[{\"@type\":\"ReadAction\",\"target\":[\"https:\/\/vosgesinfo.fr\/saintdieinfo\/2025\/07\/rn59-circulation-modifiee-a-hauteur-du-viaduc-criviller\/\"]}]},{\"@type\":\"ImageObject\",\"inLanguage\":\"fr-FR\",\"@id\":\"https:\/\/vosgesinfo.fr\/saintdieinfo\/2025\/07\/rn59-circulation-modifiee-a-hauteur-du-viaduc-criviller\/#primaryimage\",\"url\":\"https:\/\/vosgesinfo.fr\/app\/uploads\/sites\/4\/2025\/07\/rn59-viaduc-criviller.jpg\",\"contentUrl\":\"https:\/\/vosgesinfo.fr\/app\/uploads\/sites\/4\/2025\/07\/rn59-viaduc-criviller.jpg\",\"width\":2499,\"height\":1867,\"caption\":\"(Capture d'\u00e9cran Google Maps)\"},{\"@type\":\"BreadcrumbList\",\"@id\":\"https:\/\/vosgesinfo.fr\/saintdieinfo\/2025\/07\/rn59-circulation-modifiee-a-hauteur-du-viaduc-criviller\/#breadcrumb\",\"itemListElement\":[{\"@type\":\"ListItem\",\"position\":1,\"name\":\"Home\",\"item\":\"https:\/\/vosgesinfo.fr\/saintdieinfo\/\"},{\"@type\":\"ListItem\",\"position\":2,\"name\":\"RN59 \u2013 Circulation modifi\u00e9e \u00e0 hauteur du viaduc Criviller\"}]},{\"@type\":\"WebSite\",\"@id\":\"https:\/\/vosgesinfo.fr\/saintdieinfo\/#website\",\"url\":\"https:\/\/vosgesinfo.fr\/saintdieinfo\/\",\"name\":\"Saint Die Info\",\"description\":\"Toute l&#039;actualit\u00e9 de Saint-Di\u00e9-Des-Vosges\",\"publisher\":{\"@id\":\"https:\/\/vosgesinfo.fr\/saintdieinfo\/#organization\"},\"alternateName\":\"Toute l'actualit\u00e9 de Saint-Di\u00e9-Des-Vosges\",\"potentialAction\":[{\"@type\":\"SearchAction\",\"target\":{\"@type\":\"EntryPoint\",\"urlTemplate\":\"https:\/\/vosgesinfo.fr\/saintdieinfo\/?s={search_term_string}\"},\"query-input\":\"required name=search_term_string\"}],\"inLanguage\":\"fr-FR\"},{\"@type\":\"Organization\",\"@id\":\"https:\/\/vosgesinfo.fr\/saintdieinfo\/#organization\",\"name\":\"Saint Die Info\",\"url\":\"https:\/\/vosgesinfo.fr\/saintdieinfo\/\",\"logo\":{\"@type\":\"ImageObject\",\"inLanguage\":\"fr-FR\",\"@id\":\"https:\/\/vosgesinfo.fr\/saintdieinfo\/#\/schema\/logo\/image\/\",\"url\":\"https:\/\/vosgesinfo.fr\/app\/uploads\/sites\/4\/2024\/02\/logo-sdi.jpg\",\"contentUrl\":\"https:\/\/vosgesinfo.fr\/app\/uploads\/sites\/4\/2024\/02\/logo-sdi.jpg\",\"width\":600,\"height\":600,\"caption\":\"Saint Die Info\"},\"image\":{\"@id\":\"https:\/\/vosgesinfo.fr\/saintdieinfo\/#\/schema\/logo\/image\/\"},\"sameAs\":[\"https:\/\/www.facebook.com\/Saintdieinfofr\",\"https:\/\/x.com\/VosgesInfo88\",\"https:\/\/www.youtube.com\/@vosgesinfo\"]},{\"@type\":\"Person\",\"@id\":\"https:\/\/vosgesinfo.fr\/saintdieinfo\/#\/schema\/person\/fa73e9f726d67bb88f46d5b7943cb572\",\"name\":\"J.J.\",\"image\":{\"@type\":\"ImageObject\",\"inLanguage\":\"fr-FR\",\"@id\":\"https:\/\/vosgesinfo.fr\/saintdieinfo\/#\/schema\/person\/image\/\",\"url\":\"https:\/\/secure.gravatar.com\/avatar\/219e749e47ffbcca018a360ae4add7d4cdf1cdaaf8bc7676b27efade3fe65615?s=96&d=mm&r=g\",\"contentUrl\":\"https:\/\/secure.gravatar.com\/avatar\/219e749e47ffbcca018a360ae4add7d4cdf1cdaaf8bc7676b27efade3fe65615?s=96&d=mm&r=g\",\"caption\":\"J.J.\"},\"url\":\"https:\/\/vosgesinfo.fr\/saintdieinfo\/author\/j-j\/\"}]}<\/script>\n<!-- \/ Yoast SEO plugin. -->","yoast_head_json":{"title":"RN59 \u2013 Circulation modifi\u00e9e \u00e0 hauteur du viaduc Criviller - Saint Die Info","robots":{"index":"index","follow":"follow","max-snippet":"max-snippet:-1","max-image-preview":"max-image-preview:large","max-video-preview":"max-video-preview:-1"},"canonical":"https:\/\/vosgesinfo.fr\/saintdieinfo\/2025\/07\/rn59-circulation-modifiee-a-hauteur-du-viaduc-criviller\/","twitter_card":"summary_large_image","twitter_title":"RN59 \u2013 Circulation modifi\u00e9e \u00e0 hauteur du viaduc Criviller - Saint Die Info","twitter_description":"Des travaux d&rsquo;entretien seront r\u00e9alis\u00e9s sur les joints du viaduc de Criviller, situ\u00e9 \u00e0 Baccarat (Meurthe-et-Moselle), du lundi 28 juillet [&hellip;]","twitter_image":"https:\/\/vosgesinfo.fr\/app\/uploads\/sites\/4\/2025\/07\/rn59-viaduc-criviller.jpg","twitter_creator":"@VosgesInfo88","twitter_site":"@VosgesInfo88","twitter_misc":{"\u00c9crit par":"J.J.","Dur\u00e9e de lecture estim\u00e9e":"1 minute"},"schema":{"@context":"https:\/\/schema.org","@graph":[{"@type":"Article","@id":"https:\/\/vosgesinfo.fr\/saintdieinfo\/2025\/07\/rn59-circulation-modifiee-a-hauteur-du-viaduc-criviller\/#article","isPartOf":{"@id":"https:\/\/vosgesinfo.fr\/saintdieinfo\/2025\/07\/rn59-circulation-modifiee-a-hauteur-du-viaduc-criviller\/"},"author":{"name":"J.J.","@id":"https:\/\/vosgesinfo.fr\/saintdieinfo\/#\/schema\/person\/fa73e9f726d67bb88f46d5b7943cb572"},"headline":"RN59 \u2013 Circulation modifi\u00e9e \u00e0 hauteur du viaduc Criviller","datePublished":"2025-07-24T08:45:23+00:00","dateModified":"2025-07-24T08:11:36+00:00","mainEntityOfPage":{"@id":"https:\/\/vosgesinfo.fr\/saintdieinfo\/2025\/07\/rn59-circulation-modifiee-a-hauteur-du-viaduc-criviller\/"},"wordCount":116,"commentCount":0,"publisher":{"@id":"https:\/\/vosgesinfo.fr\/saintdieinfo\/#organization"},"image":{"@id":"https:\/\/vosgesinfo.fr\/saintdieinfo\/2025\/07\/rn59-circulation-modifiee-a-hauteur-du-viaduc-criviller\/#primaryimage"},"thumbnailUrl":"https:\/\/vosgesinfo.fr\/app\/uploads\/sites\/4\/2025\/07\/rn59-viaduc-criviller.jpg","keywords":["Baccarat","Circulation modifi\u00e9e \u00e0 hauteur du viaduc Criviller","DIR Est","RN59"],"articleSection":["A la Une","Saint-Di\u00e9-des-Vosges et son Agglom\u00e9ration","Vosges"],"inLanguage":"fr-FR","potentialAction":[{"@type":"CommentAction","name":"Comment","target":["https:\/\/vosgesinfo.fr\/saintdieinfo\/2025\/07\/rn59-circulation-modifiee-a-hauteur-du-viaduc-criviller\/#respond"]}]},{"@type":"WebPage","@id":"https:\/\/vosgesinfo.fr\/saintdieinfo\/2025\/07\/rn59-circulation-modifiee-a-hauteur-du-viaduc-criviller\/","url":"https:\/\/vosgesinfo.fr\/saintdieinfo\/2025\/07\/rn59-circulation-modifiee-a-hauteur-du-viaduc-criviller\/","name":"RN59 \u2013 Circulation modifi\u00e9e \u00e0 hauteur du viaduc Criviller - Saint Die Info","isPartOf":{"@id":"https:\/\/vosgesinfo.fr\/saintdieinfo\/#website"},"primaryImageOfPage":{"@id":"https:\/\/vosgesinfo.fr\/saintdieinfo\/2025\/07\/rn59-circulation-modifiee-a-hauteur-du-viaduc-criviller\/#primaryimage"},"image":{"@id":"https:\/\/vosgesinfo.fr\/saintdieinfo\/2025\/07\/rn59-circulation-modifiee-a-hauteur-du-viaduc-criviller\/#primaryimage"},"thumbnailUrl":"https:\/\/vosgesinfo.fr\/app\/uploads\/sites\/4\/2025\/07\/rn59-viaduc-criviller.jpg","datePublished":"2025-07-24T08:45:23+00:00","dateModified":"2025-07-24T08:11:36+00:00","breadcrumb":{"@id":"https:\/\/vosgesinfo.fr\/saintdieinfo\/2025\/07\/rn59-circulation-modifiee-a-hauteur-du-viaduc-criviller\/#breadcrumb"},"inLanguage":"fr-FR","potentialAction":[{"@type":"ReadAction","target":["https:\/\/vosgesinfo.fr\/saintdieinfo\/2025\/07\/rn59-circulation-modifiee-a-hauteur-du-viaduc-criviller\/"]}]},{"@type":"ImageObject","inLanguage":"fr-FR","@id":"https:\/\/vosgesinfo.fr\/saintdieinfo\/2025\/07\/rn59-circulation-modifiee-a-hauteur-du-viaduc-criviller\/#primaryimage","url":"https:\/\/vosgesinfo.fr\/app\/uploads\/sites\/4\/2025\/07\/rn59-viaduc-criviller.jpg","contentUrl":"https:\/\/vosgesinfo.fr\/app\/uploads\/sites\/4\/2025\/07\/rn59-viaduc-criviller.jpg","width":2499,"height":1867,"caption":"(Capture d'\u00e9cran Google Maps)"},{"@type":"BreadcrumbList","@id":"https:\/\/vosgesinfo.fr\/saintdieinfo\/2025\/07\/rn59-circulation-modifiee-a-hauteur-du-viaduc-criviller\/#breadcrumb","itemListElement":[{"@type":"ListItem","position":1,"name":"Home","item":"https:\/\/vosgesinfo.fr\/saintdieinfo\/"},{"@type":"ListItem","position":2,"name":"RN59 \u2013 Circulation modifi\u00e9e \u00e0 hauteur du viaduc Criviller"}]},{"@type":"WebSite","@id":"https:\/\/vosgesinfo.fr\/saintdieinfo\/#website","url":"https:\/\/vosgesinfo.fr\/saintdieinfo\/","name":"Saint Die Info","description":"Toute l&#039;actualit\u00e9 de Saint-Di\u00e9-Des-Vosges","publisher":{"@id":"https:\/\/vosgesinfo.fr\/saintdieinfo\/#organization"},"alternateName":"Toute l'actualit\u00e9 de Saint-Di\u00e9-Des-Vosges","potentialAction":[{"@type":"SearchAction","target":{"@type":"EntryPoint","urlTemplate":"https:\/\/vosgesinfo.fr\/saintdieinfo\/?s={search_term_string}"},"query-input":"required name=search_term_string"}],"inLanguage":"fr-FR"},{"@type":"Organization","@id":"https:\/\/vosgesinfo.fr\/saintdieinfo\/#organization","name":"Saint Die Info","url":"https:\/\/vosgesinfo.fr\/saintdieinfo\/","logo":{"@type":"ImageObject","inLanguage":"fr-FR","@id":"https:\/\/vosgesinfo.fr\/saintdieinfo\/#\/schema\/logo\/image\/","url":"https:\/\/vosgesinfo.fr\/app\/uploads\/sites\/4\/2024\/02\/logo-sdi.jpg","contentUrl":"https:\/\/vosgesinfo.fr\/app\/uploads\/sites\/4\/2024\/02\/logo-sdi.jpg","width":600,"height":600,"caption":"Saint Die Info"},"image":{"@id":"https:\/\/vosgesinfo.fr\/saintdieinfo\/#\/schema\/logo\/image\/"},"sameAs":["https:\/\/www.facebook.com\/Saintdieinfofr","https:\/\/x.com\/VosgesInfo88","https:\/\/www.youtube.com\/@vosgesinfo"]},{"@type":"Person","@id":"https:\/\/vosgesinfo.fr\/saintdieinfo\/#\/schema\/person\/fa73e9f726d67bb88f46d5b7943cb572","name":"J.J.","image":{"@type":"ImageObject","inLanguage":"fr-FR","@id":"https:\/\/vosgesinfo.fr\/saintdieinfo\/#\/schema\/person\/image\/","url":"https:\/\/secure.gravatar.com\/avatar\/219e749e47ffbcca018a360ae4add7d4cdf1cdaaf8bc7676b27efade3fe65615?s=96&d=mm&r=g","contentUrl":"https:\/\/secure.gravatar.com\/avatar\/219e749e47ffbcca018a360ae4add7d4cdf1cdaaf8bc7676b27efade3fe65615?s=96&d=mm&r=g","caption":"J.J."},"url":"https:\/\/vosgesinfo.fr\/saintdieinfo\/author\/j-j\/"}]}},"_links":{"self":[{"href":"https:\/\/vosgesinfo.fr\/saintdieinfo\/wp-json\/wp\/v2\/posts\/80576","targetHints":{"allow":["GET"]}}],"collection":[{"href":"https:\/\/vosgesinfo.fr\/saintdieinfo\/wp-json\/wp\/v2\/posts"}],"about":[{"href":"https:\/\/vosgesinfo.fr\/saintdieinfo\/wp-json\/wp\/v2\/types\/post"}],"author":[{"embeddable":true,"href":"https:\/\/vosgesinfo.fr\/saintdieinfo\/wp-json\/wp\/v2\/users\/46"}],"replies":[{"embeddable":true,"href":"https:\/\/vosgesinfo.fr\/saintdieinfo\/wp-json\/wp\/v2\/comments?post=80576"}],"version-history":[{"count":2,"href":"https:\/\/vosgesinfo.fr\/saintdieinfo\/wp-json\/wp\/v2\/posts\/80576\/revisions"}],"predecessor-version":[{"id":80579,"href":"https:\/\/vosgesinfo.fr\/saintdieinfo\/wp-json\/wp\/v2\/posts\/80576\/revisions\/80579"}],"wp:featuredmedia":[{"embeddable":true,"href":"https:\/\/vosgesinfo.fr\/saintdieinfo\/wp-json\/wp\/v2\/media\/80577"}],"wp:attachment":[{"href":"https:\/\/vosgesinfo.fr\/saintdieinfo\/wp-json\/wp\/v2\/media?parent=80576"}],"wp:term":[{"taxonomy":"category","embeddable":true,"href":"https:\/\/vosgesinfo.fr\/saintdieinfo\/wp-json\/wp\/v2\/categories?post=80576"},{"taxonomy":"post_tag","embeddable":true,"href":"https:\/\/vosgesinfo.fr\/saintdieinfo\/wp-json\/wp\/v2\/tags?post=80576"}],"curies":[{"name":"wp","href":"https:\/\/api.w.org\/{rel}","templated":true}]}}