{"id":80583,"date":"2025-07-25T16:10:51","date_gmt":"2025-07-25T14:10:51","guid":{"rendered":"https:\/\/vosgesinfo.fr\/saintdieinfo\/?p=80583"},"modified":"2025-07-25T15:47:02","modified_gmt":"2025-07-25T13:47:02","slug":"un-mouvement-digital-est-ne-a-saint-die-des-vosges","status":"publish","type":"post","link":"https:\/\/vosgesinfo.fr\/saintdieinfo\/2025\/07\/un-mouvement-digital-est-ne-a-saint-die-des-vosges\/","title":{"rendered":"Un mouvement digital est n\u00e9 \u00e0 Saint-Di\u00e9-des-Vosges"},"content":{"rendered":"<div id=\"attachment_80591\" style=\"width: 1034px\" class=\"wp-caption alignnone\"><a href=\"https:\/\/vosgesinfo.fr\/app\/uploads\/sites\/4\/2025\/07\/association-mouvement-digital-deodatien-3.jpg\"><img decoding=\"async\" aria-describedby=\"caption-attachment-80591\" class=\"size-large wp-image-80591\" src=\"https:\/\/vosgesinfo.fr\/app\/uploads\/sites\/4\/2025\/07\/association-mouvement-digital-deodatien-3-1024x682.jpg\" alt=\"\" width=\"1024\" height=\"682\" srcset=\"https:\/\/vosgesinfo.fr\/app\/uploads\/sites\/4\/2025\/07\/association-mouvement-digital-deodatien-3-1024x682.jpg 1024w, https:\/\/vosgesinfo.fr\/app\/uploads\/sites\/4\/2025\/07\/association-mouvement-digital-deodatien-3-300x200.jpg 300w, https:\/\/vosgesinfo.fr\/app\/uploads\/sites\/4\/2025\/07\/association-mouvement-digital-deodatien-3-768x511.jpg 768w, https:\/\/vosgesinfo.fr\/app\/uploads\/sites\/4\/2025\/07\/association-mouvement-digital-deodatien-3-1536x1022.jpg 1536w, https:\/\/vosgesinfo.fr\/app\/uploads\/sites\/4\/2025\/07\/association-mouvement-digital-deodatien-3.jpg 1600w\" sizes=\"(max-width: 1024px) 100vw, 1024px\" \/><\/a><p id=\"caption-attachment-80591\" class=\"wp-caption-text\">(Photographies Ville de Saint-Di\u00e9-des-Vosges)<\/p><\/div>\n<h2 data-start=\"103\" data-end=\"475\">Depuis <strong data-start=\"110\" data-end=\"127\">novembre 2023<\/strong>, <strong data-start=\"129\" data-end=\"168\">La Boussole de Saint-Di\u00e9-des-Vosges<\/strong> accueille les \u00e9v\u00e9nements e-sport \u00ab\u202f<strong data-start=\"204\" data-end=\"221\">Smash de Dahu<\/strong>\u202f\u00bb, <a href=\"https:\/\/vosgesinfo.fr\/saintdieinfo\/2025\/06\/trois-tournois-e-sport-a-la-boussole\/\" target=\"_blank\" rel=\"noopener\">devenu tr\u00e8s r\u00e9cemment \u00ab\u202f<strong data-start=\"249\" data-end=\"265\">Game de Dahu<\/strong>\u202f\u00bb.<\/a> Ces tournois du populaire jeu <strong data-start=\"299\" data-end=\"328\">Super Smash Bros Ultimate<\/strong>, et d\u00e9sormais \u00e9galement de <strong data-start=\"356\" data-end=\"379\">Mario Kart 8 Deluxe<\/strong> et <strong data-start=\"383\" data-end=\"395\">Tekken 8<\/strong>, sont organis\u00e9s par la toute jeune association <strong data-start=\"443\" data-end=\"474\">Mouvement Digital D\u00e9odatien<\/strong>.<\/h2>\n<p data-start=\"103\" data-end=\"475\"><!--more--><\/p>\n<h3 data-start=\"477\" data-end=\"505\"><strong>Quatre amis passionn\u00e9s<\/strong><\/h3>\n<p data-start=\"507\" data-end=\"740\">Une association <strong>officiellement cr\u00e9\u00e9e fin mai dernier<\/strong>, derri\u00e8re laquelle on retrouve les fr\u00e8res <strong data-start=\"564\" data-end=\"592\">Arthur et Maxime Jeannon<\/strong>, respectivement <strong data-start=\"609\" data-end=\"622\">pr\u00e9sident<\/strong> et <strong data-start=\"626\" data-end=\"640\">secr\u00e9taire<\/strong>, ainsi que leurs amis <strong data-start=\"663\" data-end=\"681\">Dawson Boulard<\/strong> (<strong data-start=\"683\" data-end=\"701\">vice-pr\u00e9sident<\/strong>) et <strong data-start=\"706\" data-end=\"723\">Thomas Paulus<\/strong> (<strong data-start=\"725\" data-end=\"738\">tr\u00e9sorier<\/strong>).<\/p>\n<p data-start=\"742\" data-end=\"1352\">\u00ab\u202fAvec des amis, on jouait beaucoup \u00e0 \u201cSmash Bros Ultimate\u201d. Les comp\u00e9titions autour de ce jeu n\u2019\u00e9taient organis\u00e9es que dans des villes comme <strong data-start=\"884\" data-end=\"893\">Nancy<\/strong> ou <strong data-start=\"897\" data-end=\"905\">Metz<\/strong>, et on voulait pouvoir ramener \u00e7a \u00e0 <strong data-start=\"942\" data-end=\"966\">Saint-Di\u00e9-des-Vosges<\/strong>. Au d\u00e9part, <strong>on organisait des tournois chez nous.<\/strong> C\u2019\u00e9tait en <strong data-start=\"1028\" data-end=\"1036\">2023<\/strong>. \u00c0 la fin de la m\u00eame ann\u00e9e, on a propos\u00e9 l\u2019id\u00e9e d\u2019organiser des tournois \u00e0 <strong data-start=\"1112\" data-end=\"1130\">Gr\u00e9gory Lacour<\/strong>, m\u00e9diateur num\u00e9rique de La Boussole. Il a tout de suite accept\u00e9, et c\u2019est de l\u00e0 que le projet d\u2019association a \u00e9merg\u00e9\u202f\u00bb explique <strong data-start=\"1259\" data-end=\"1277\">Arthur Jeannon<\/strong>, qui a notamment suivi une <strong data-start=\"1305\" data-end=\"1351\">Licence Pro M\u00e9tiers du Jeu Vid\u00e9o \u00e0 Bobigny<\/strong>.<\/p>\n<h3 data-start=\"1354\" data-end=\"1395\"><strong>Un jeu populaire et un ancrage local<\/strong><\/h3>\n<p data-start=\"1397\" data-end=\"1764\">Et si le choix s\u2019est originellement port\u00e9 sur \u00ab\u202fSmash Bros Ultimate\u202f\u00bb, c\u2019est parce que ce jeu est \u00e0 la fois <strong data-start=\"1505\" data-end=\"1519\">accessible<\/strong> tout en \u00e9tant <strong data-start=\"1534\" data-end=\"1548\">comp\u00e9titif<\/strong>. Il est donc possible de s\u2019amuser <strong data-start=\"1583\" data-end=\"1611\">quel que soit son niveau<\/strong>. Se jouant sur <strong data-start=\"1627\" data-end=\"1646\">Nintendo Switch<\/strong>, \u00ab\u202fSmash Bros Ultimate\u202f\u00bb permet \u00e9galement de faciliter la partie <strong data-start=\"1712\" data-end=\"1726\">logistique<\/strong>, car chaque joueur ram\u00e8ne sa console.<\/p>\n<p data-start=\"1766\" data-end=\"2043\">Quant au nom retenu pour les tournois, \u00ab\u202f<strong data-start=\"1807\" data-end=\"1815\">Dahu<\/strong>\u202f\u00bb permet de les <strong data-start=\"1832\" data-end=\"1858\">ancrer dans les Vosges<\/strong>.\u00ab\u202fOn a d\u00e9couvert par la suite qu\u2019il aurait fallu plut\u00f4t employer le terme <strong data-start=\"172\" data-end=\"183\">\u201cDarou\u201d<\/strong>, mais au final ce n\u2019est pas plus mal car \u00e7a \u00e9vite toute confusion avec le bar <strong data-start=\"262\" data-end=\"286\">\u201cLa Cabane au Darou\u201d<\/strong>.\u202f\u00bb<\/p>\n<h3 data-start=\"1766\" data-end=\"2043\"><strong>Des joueurs du Grand Est, de Belgique et du Luxembourg<\/strong><\/h3>\n<p data-start=\"2045\" data-end=\"2661\">\u00ab\u202fSmash Bros Ultimate\u202f\u00bb dispose d\u2019une <strong data-start=\"2083\" data-end=\"2112\">forte communaut\u00e9 en ligne<\/strong>, qui liste tous les tournois du jeu \u00e0 travers la France. Donc d\u00e8s la premi\u00e8re \u00e9dition du \u00ab\u202f<strong data-start=\"2204\" data-end=\"2221\">Smash de Dahu<\/strong>\u202f\u00bb, <strong data-start=\"2225\" data-end=\"2255\">des joueurs de haut niveau<\/strong> ont fait le d\u00e9placement depuis <strong data-start=\"2287\" data-end=\"2296\">Nancy<\/strong> ou <strong data-start=\"2300\" data-end=\"2310\">Colmar<\/strong>. De <strong data-start=\"2315\" data-end=\"2388\">16 comp\u00e9titeurs \u00e0 la premi\u00e8re \u00e9dition contre 48 \u00e0 la derni\u00e8re en date<\/strong>, la mayonnaise a pris du c\u00f4t\u00e9 de la <strong data-start=\"2425\" data-end=\"2453\">salle Isabelle-Autissier<\/strong>. \u00ab\u202fLe bouche \u00e0 oreille a bien fonctionn\u00e9. Des <strong data-start=\"2500\" data-end=\"2540\">joueurs de Belgique ou du Luxembourg<\/strong> ont particip\u00e9 \u00e0 nos tournois. On a m\u00eame eu <strong data-start=\"2584\" data-end=\"2631\">un joueur sponsoris\u00e9 par une \u00e9quipe e-sport<\/strong>\u202f\u00bb pr\u00e9cise <strong data-start=\"2642\" data-end=\"2660\">Arthur Jeannon<\/strong>.<\/p>\n<h3 data-start=\"2663\" data-end=\"2689\"><strong>Un futur grand \u00e9v\u00e9nement annuel<\/strong><\/h3>\n<p data-start=\"2691\" data-end=\"3303\">Et maintenant que <strong data-start=\"2709\" data-end=\"2811\">les tournois de l\u2019association sont identifi\u00e9s par les joueurs du Grand Est et des pays limitrophes<\/strong>, <strong data-start=\"2813\" data-end=\"2844\">Mouvement Digital D\u00e9odatien<\/strong> veut aller plus loin en organisant <strong data-start=\"2880\" data-end=\"2932\">un grand \u00e9v\u00e9nement annuel \u00e0 Saint-Di\u00e9-des-Vosges<\/strong>. Id\u00e9alement \u00e0 <strong data-start=\"2947\" data-end=\"2979\">l\u2019Espace Fran\u00e7ois-Mitterrand<\/strong>, autour des <strong data-start=\"2992\" data-end=\"3006\">jeux vid\u00e9o<\/strong>, mais pas que. \u00ab\u202fL\u2019objectif principal de notre association est d\u2019organiser cet \u00e9v\u00e9nement, qui se partagerait <strong>entre les jeux vid\u00e9o, les jeux de soci\u00e9t\u00e9 et le num\u00e9rique.<\/strong> L\u2019id\u00e9e est de mettre en avant <strong data-start=\"3205\" data-end=\"3238\">le jeu sous toutes ses formes<\/strong>. Pour l\u2019instant, on r\u00e9fl\u00e9chit \u00e0 de <strong data-start=\"3274\" data-end=\"3300\">potentiels partenaires<\/strong>.\u202f\u00bb<\/p>\n<h3 data-start=\"3305\" data-end=\"3333\"><strong>Rendez-vous fin novembre pour le prochain \u00ab\u00a0Game de Dahu\u00a0\u00bb<\/strong><\/h3>\n<p data-start=\"3335\" data-end=\"3732\">Quant au prochain \u00ab\u202f<strong data-start=\"3355\" data-end=\"3371\">Game de Dahu<\/strong>\u202f\u00bb, il aura lieu <strong data-start=\"3388\" data-end=\"3420\">\u00e0 la fin du mois de novembre<\/strong>, toujours \u00e0 <strong data-start=\"3433\" data-end=\"3448\">La Boussole<\/strong> mais avec des <strong data-start=\"3463\" data-end=\"3487\">nouveaut\u00e9s c\u00f4t\u00e9 jeux<\/strong>. \u00ab\u202fOn va passer sur <strong data-start=\"3508\" data-end=\"3528\">Mario Kart World<\/strong> et on aimerait bien ajouter <strong data-start=\"3557\" data-end=\"3575\">Street Fighter<\/strong> \u00e9galement. \u00c0 l\u2019avenir, on pourrait aussi proposer <strong data-start=\"3614\" data-end=\"3659\">une comp\u00e9tition sur des jeux ind\u00e9pendants<\/strong>, sur le mod\u00e8le de la <strong data-start=\"3681\" data-end=\"3689\">ZLAN<\/strong>\u202f\u00bb ajoute <strong data-start=\"3699\" data-end=\"3717\">Arthur Jeannon<\/strong> en conclusion.<\/p>\n<h3 data-start=\"3335\" data-end=\"3732\"><strong data-start=\"0\" data-end=\"78\" data-is-only-node=\"\">Pour suivre l\u2019actualit\u00e9 des tournois \u00ab\u202fGame de Dahu\u202f\u00bb :<\/strong><\/h3>\n<p data-start=\"3335\" data-end=\"3732\"><strong data-start=\"81\" data-end=\"96\">X (Twitter)<\/strong> : <a class=\"\" href=\"https:\/\/x.com\/game_de_dahu\" target=\"_new\" rel=\"noopener\" data-start=\"99\" data-end=\"147\">x.com\/game_de_dahu<\/a><br data-start=\"147\" data-end=\"150\" \/><strong data-start=\"150\" data-end=\"163\">Instagram<\/strong> : <a class=\"\" href=\"https:\/\/instagram.com\/game_de_dahu\" target=\"_new\" rel=\"noopener\" data-start=\"166\" data-end=\"230\">instagram.com\/game_de_dahu<\/a><br data-start=\"230\" data-end=\"233\" \/><strong data-start=\"233\" data-end=\"245\">Facebook<\/strong> : <a class=\"\" href=\"https:\/\/facebook.com\/gamededahu\" target=\"_new\" rel=\"noopener\" data-start=\"248\" data-end=\"306\">facebook.com\/gamededahu<\/a><br data-start=\"306\" data-end=\"309\" \/><strong data-start=\"309\" data-end=\"319\">Twitch<\/strong> : <a class=\"\" href=\"https:\/\/twitch.tv\/gamededahu\" target=\"_new\" rel=\"noopener\" data-start=\"322\" data-end=\"374\" data-is-last-node=\"\">twitch.tv\/gamededahu<\/a><\/p>\n\n\t\t<style type=\"text\/css\">\n\t\t\t#gallery-1 {\n\t\t\t\tmargin: auto;\n\t\t\t}\n\t\t\t#gallery-1 .gallery-item {\n\t\t\t\tfloat: left;\n\t\t\t\tmargin-top: 10px;\n\t\t\t\ttext-align: center;\n\t\t\t\twidth: 50%;\n\t\t\t}\n\t\t\t#gallery-1 img {\n\t\t\t\tborder: 2px solid #cfcfcf;\n\t\t\t}\n\t\t\t#gallery-1 .gallery-caption {\n\t\t\t\tmargin-left: 0;\n\t\t\t}\n\t\t\t\/* see gallery_shortcode() in wp-includes\/media.php *\/\n\t\t<\/style>\n\t\t<div id='gallery-1' class='gallery galleryid-80583 gallery-columns-2 gallery-size-thumbnail'><dl class='gallery-item'>\n\t\t\t<dt class='gallery-icon landscape'>\n\t\t\t\t<a href='https:\/\/vosgesinfo.fr\/app\/uploads\/sites\/4\/2025\/07\/association-mouvement-digital-deodatien-2.jpg'><img decoding=\"async\" width=\"150\" height=\"150\" src=\"https:\/\/vosgesinfo.fr\/app\/uploads\/sites\/4\/2025\/07\/association-mouvement-digital-deodatien-2-150x150.jpg\" class=\"attachment-thumbnail size-thumbnail\" alt=\"\" \/><\/a>\n\t\t\t<\/dt><\/dl><dl class='gallery-item'>\n\t\t\t<dt class='gallery-icon landscape'>\n\t\t\t\t<a href='https:\/\/vosgesinfo.fr\/app\/uploads\/sites\/4\/2025\/07\/association-mouvement-digital-deodatien-1.jpg'><img decoding=\"async\" width=\"150\" height=\"150\" src=\"https:\/\/vosgesinfo.fr\/app\/uploads\/sites\/4\/2025\/07\/association-mouvement-digital-deodatien-1-150x150.jpg\" class=\"attachment-thumbnail size-thumbnail\" alt=\"\" \/><\/a>\n\t\t\t<\/dt><\/dl><br style=\"clear: both\" \/>\n\t\t<\/div>\n\n","protected":false},"excerpt":{"rendered":"<p>Depuis novembre 2023, La Boussole de Saint-Di\u00e9-des-Vosges accueille les \u00e9v\u00e9nements e-sport \u00ab\u202fSmash de Dahu\u202f\u00bb, devenu tr\u00e8s r\u00e9cemment \u00ab\u202fGame de Dahu\u202f\u00bb. [&hellip;]<\/p>\n","protected":false},"author":46,"featured_media":80591,"comment_status":"open","ping_status":"open","sticky":false,"template":"","format":"standard","meta":{"footnotes":""},"categories":[460,20,167,17],"tags":[17874,17388,3027,17389],"class_list":["post-80583","post","type-post","status-publish","format-standard","has-post-thumbnail","hentry","category-a-la-une","category-loisirs","category-saint-die-des-vosges","category-vie-associative","tag-arthur-jeannon","tag-game-de-dahu","tag-la-boussole","tag-mouvement-digital-deodatien"],"acf":[],"yoast_head":"<!-- This site is optimized with the Yoast SEO plugin v22.5 - https:\/\/yoast.com\/wordpress\/plugins\/seo\/ -->\n<title>Un mouvement digital est n\u00e9 \u00e0 Saint-Di\u00e9-des-Vosges - Saint Die Info<\/title>\n<meta name=\"robots\" content=\"index, follow, max-snippet:-1, max-image-preview:large, max-video-preview:-1\" \/>\n<link rel=\"canonical\" href=\"https:\/\/vosgesinfo.fr\/saintdieinfo\/2025\/07\/un-mouvement-digital-est-ne-a-saint-die-des-vosges\/\" \/>\n<meta name=\"twitter:card\" content=\"summary_large_image\" \/>\n<meta name=\"twitter:title\" content=\"Un mouvement digital est n\u00e9 \u00e0 Saint-Di\u00e9-des-Vosges - Saint Die Info\" \/>\n<meta name=\"twitter:description\" content=\"Depuis novembre 2023, La Boussole de Saint-Di\u00e9-des-Vosges accueille les \u00e9v\u00e9nements e-sport \u00ab\u202fSmash de Dahu\u202f\u00bb, devenu tr\u00e8s r\u00e9cemment \u00ab\u202fGame de Dahu\u202f\u00bb. [&hellip;]\" \/>\n<meta name=\"twitter:image\" content=\"https:\/\/vosgesinfo.fr\/app\/uploads\/sites\/4\/2025\/07\/association-mouvement-digital-deodatien-3.jpg\" \/>\n<meta name=\"twitter:creator\" content=\"@VosgesInfo88\" \/>\n<meta name=\"twitter:site\" content=\"@VosgesInfo88\" \/>\n<meta name=\"twitter:label1\" content=\"\u00c9crit par\" \/>\n\t<meta name=\"twitter:data1\" content=\"J.J.\" \/>\n\t<meta name=\"twitter:label2\" content=\"Dur\u00e9e de lecture estim\u00e9e\" \/>\n\t<meta name=\"twitter:data2\" content=\"4 minutes\" \/>\n<script type=\"application\/ld+json\" class=\"yoast-schema-graph\">{\"@context\":\"https:\/\/schema.org\",\"@graph\":[{\"@type\":\"Article\",\"@id\":\"https:\/\/vosgesinfo.fr\/saintdieinfo\/2025\/07\/un-mouvement-digital-est-ne-a-saint-die-des-vosges\/#article\",\"isPartOf\":{\"@id\":\"https:\/\/vosgesinfo.fr\/saintdieinfo\/2025\/07\/un-mouvement-digital-est-ne-a-saint-die-des-vosges\/\"},\"author\":{\"name\":\"J.J.\",\"@id\":\"https:\/\/vosgesinfo.fr\/saintdieinfo\/#\/schema\/person\/fa73e9f726d67bb88f46d5b7943cb572\"},\"headline\":\"Un mouvement digital est n\u00e9 \u00e0 Saint-Di\u00e9-des-Vosges\",\"datePublished\":\"2025-07-25T14:10:51+00:00\",\"dateModified\":\"2025-07-25T13:47:02+00:00\",\"mainEntityOfPage\":{\"@id\":\"https:\/\/vosgesinfo.fr\/saintdieinfo\/2025\/07\/un-mouvement-digital-est-ne-a-saint-die-des-vosges\/\"},\"wordCount\":682,\"commentCount\":0,\"publisher\":{\"@id\":\"https:\/\/vosgesinfo.fr\/saintdieinfo\/#organization\"},\"image\":{\"@id\":\"https:\/\/vosgesinfo.fr\/saintdieinfo\/2025\/07\/un-mouvement-digital-est-ne-a-saint-die-des-vosges\/#primaryimage\"},\"thumbnailUrl\":\"https:\/\/vosgesinfo.fr\/app\/uploads\/sites\/4\/2025\/07\/association-mouvement-digital-deodatien-3.jpg\",\"keywords\":[\"Arthur Jeannon\",\"Game de Dahu\",\"La Boussole\",\"Mouvement Digital D\u00e9odatien\"],\"articleSection\":[\"A la Une\",\"Loisirs\",\"Saint-Di\u00e9-des-Vosges\",\"Vie Associative\"],\"inLanguage\":\"fr-FR\",\"potentialAction\":[{\"@type\":\"CommentAction\",\"name\":\"Comment\",\"target\":[\"https:\/\/vosgesinfo.fr\/saintdieinfo\/2025\/07\/un-mouvement-digital-est-ne-a-saint-die-des-vosges\/#respond\"]}]},{\"@type\":\"WebPage\",\"@id\":\"https:\/\/vosgesinfo.fr\/saintdieinfo\/2025\/07\/un-mouvement-digital-est-ne-a-saint-die-des-vosges\/\",\"url\":\"https:\/\/vosgesinfo.fr\/saintdieinfo\/2025\/07\/un-mouvement-digital-est-ne-a-saint-die-des-vosges\/\",\"name\":\"Un mouvement digital est n\u00e9 \u00e0 Saint-Di\u00e9-des-Vosges - Saint Die Info\",\"isPartOf\":{\"@id\":\"https:\/\/vosgesinfo.fr\/saintdieinfo\/#website\"},\"primaryImageOfPage\":{\"@id\":\"https:\/\/vosgesinfo.fr\/saintdieinfo\/2025\/07\/un-mouvement-digital-est-ne-a-saint-die-des-vosges\/#primaryimage\"},\"image\":{\"@id\":\"https:\/\/vosgesinfo.fr\/saintdieinfo\/2025\/07\/un-mouvement-digital-est-ne-a-saint-die-des-vosges\/#primaryimage\"},\"thumbnailUrl\":\"https:\/\/vosgesinfo.fr\/app\/uploads\/sites\/4\/2025\/07\/association-mouvement-digital-deodatien-3.jpg\",\"datePublished\":\"2025-07-25T14:10:51+00:00\",\"dateModified\":\"2025-07-25T13:47:02+00:00\",\"breadcrumb\":{\"@id\":\"https:\/\/vosgesinfo.fr\/saintdieinfo\/2025\/07\/un-mouvement-digital-est-ne-a-saint-die-des-vosges\/#breadcrumb\"},\"inLanguage\":\"fr-FR\",\"potentialAction\":[{\"@type\":\"ReadAction\",\"target\":[\"https:\/\/vosgesinfo.fr\/saintdieinfo\/2025\/07\/un-mouvement-digital-est-ne-a-saint-die-des-vosges\/\"]}]},{\"@type\":\"ImageObject\",\"inLanguage\":\"fr-FR\",\"@id\":\"https:\/\/vosgesinfo.fr\/saintdieinfo\/2025\/07\/un-mouvement-digital-est-ne-a-saint-die-des-vosges\/#primaryimage\",\"url\":\"https:\/\/vosgesinfo.fr\/app\/uploads\/sites\/4\/2025\/07\/association-mouvement-digital-deodatien-3.jpg\",\"contentUrl\":\"https:\/\/vosgesinfo.fr\/app\/uploads\/sites\/4\/2025\/07\/association-mouvement-digital-deodatien-3.jpg\",\"width\":1600,\"height\":1065,\"caption\":\"(Photographies Ville de Saint-Di\u00e9-des-Vosges)\"},{\"@type\":\"BreadcrumbList\",\"@id\":\"https:\/\/vosgesinfo.fr\/saintdieinfo\/2025\/07\/un-mouvement-digital-est-ne-a-saint-die-des-vosges\/#breadcrumb\",\"itemListElement\":[{\"@type\":\"ListItem\",\"position\":1,\"name\":\"Home\",\"item\":\"https:\/\/vosgesinfo.fr\/saintdieinfo\/\"},{\"@type\":\"ListItem\",\"position\":2,\"name\":\"Un mouvement digital est n\u00e9 \u00e0 Saint-Di\u00e9-des-Vosges\"}]},{\"@type\":\"WebSite\",\"@id\":\"https:\/\/vosgesinfo.fr\/saintdieinfo\/#website\",\"url\":\"https:\/\/vosgesinfo.fr\/saintdieinfo\/\",\"name\":\"Saint Die Info\",\"description\":\"Toute l&#039;actualit\u00e9 de Saint-Di\u00e9-Des-Vosges\",\"publisher\":{\"@id\":\"https:\/\/vosgesinfo.fr\/saintdieinfo\/#organization\"},\"alternateName\":\"Toute l'actualit\u00e9 de Saint-Di\u00e9-Des-Vosges\",\"potentialAction\":[{\"@type\":\"SearchAction\",\"target\":{\"@type\":\"EntryPoint\",\"urlTemplate\":\"https:\/\/vosgesinfo.fr\/saintdieinfo\/?s={search_term_string}\"},\"query-input\":\"required name=search_term_string\"}],\"inLanguage\":\"fr-FR\"},{\"@type\":\"Organization\",\"@id\":\"https:\/\/vosgesinfo.fr\/saintdieinfo\/#organization\",\"name\":\"Saint Die Info\",\"url\":\"https:\/\/vosgesinfo.fr\/saintdieinfo\/\",\"logo\":{\"@type\":\"ImageObject\",\"inLanguage\":\"fr-FR\",\"@id\":\"https:\/\/vosgesinfo.fr\/saintdieinfo\/#\/schema\/logo\/image\/\",\"url\":\"https:\/\/vosgesinfo.fr\/app\/uploads\/sites\/4\/2024\/02\/logo-sdi.jpg\",\"contentUrl\":\"https:\/\/vosgesinfo.fr\/app\/uploads\/sites\/4\/2024\/02\/logo-sdi.jpg\",\"width\":600,\"height\":600,\"caption\":\"Saint Die Info\"},\"image\":{\"@id\":\"https:\/\/vosgesinfo.fr\/saintdieinfo\/#\/schema\/logo\/image\/\"},\"sameAs\":[\"https:\/\/www.facebook.com\/Saintdieinfofr\",\"https:\/\/x.com\/VosgesInfo88\",\"https:\/\/www.youtube.com\/@vosgesinfo\"]},{\"@type\":\"Person\",\"@id\":\"https:\/\/vosgesinfo.fr\/saintdieinfo\/#\/schema\/person\/fa73e9f726d67bb88f46d5b7943cb572\",\"name\":\"J.J.\",\"image\":{\"@type\":\"ImageObject\",\"inLanguage\":\"fr-FR\",\"@id\":\"https:\/\/vosgesinfo.fr\/saintdieinfo\/#\/schema\/person\/image\/\",\"url\":\"https:\/\/secure.gravatar.com\/avatar\/219e749e47ffbcca018a360ae4add7d4cdf1cdaaf8bc7676b27efade3fe65615?s=96&d=mm&r=g\",\"contentUrl\":\"https:\/\/secure.gravatar.com\/avatar\/219e749e47ffbcca018a360ae4add7d4cdf1cdaaf8bc7676b27efade3fe65615?s=96&d=mm&r=g\",\"caption\":\"J.J.\"},\"url\":\"https:\/\/vosgesinfo.fr\/saintdieinfo\/author\/j-j\/\"}]}<\/script>\n<!-- \/ Yoast SEO plugin. -->","yoast_head_json":{"title":"Un mouvement digital est n\u00e9 \u00e0 Saint-Di\u00e9-des-Vosges - Saint Die Info","robots":{"index":"index","follow":"follow","max-snippet":"max-snippet:-1","max-image-preview":"max-image-preview:large","max-video-preview":"max-video-preview:-1"},"canonical":"https:\/\/vosgesinfo.fr\/saintdieinfo\/2025\/07\/un-mouvement-digital-est-ne-a-saint-die-des-vosges\/","twitter_card":"summary_large_image","twitter_title":"Un mouvement digital est n\u00e9 \u00e0 Saint-Di\u00e9-des-Vosges - Saint Die Info","twitter_description":"Depuis novembre 2023, La Boussole de Saint-Di\u00e9-des-Vosges accueille les \u00e9v\u00e9nements e-sport \u00ab\u202fSmash de Dahu\u202f\u00bb, devenu tr\u00e8s r\u00e9cemment \u00ab\u202fGame de Dahu\u202f\u00bb. [&hellip;]","twitter_image":"https:\/\/vosgesinfo.fr\/app\/uploads\/sites\/4\/2025\/07\/association-mouvement-digital-deodatien-3.jpg","twitter_creator":"@VosgesInfo88","twitter_site":"@VosgesInfo88","twitter_misc":{"\u00c9crit par":"J.J.","Dur\u00e9e de lecture estim\u00e9e":"4 minutes"},"schema":{"@context":"https:\/\/schema.org","@graph":[{"@type":"Article","@id":"https:\/\/vosgesinfo.fr\/saintdieinfo\/2025\/07\/un-mouvement-digital-est-ne-a-saint-die-des-vosges\/#article","isPartOf":{"@id":"https:\/\/vosgesinfo.fr\/saintdieinfo\/2025\/07\/un-mouvement-digital-est-ne-a-saint-die-des-vosges\/"},"author":{"name":"J.J.","@id":"https:\/\/vosgesinfo.fr\/saintdieinfo\/#\/schema\/person\/fa73e9f726d67bb88f46d5b7943cb572"},"headline":"Un mouvement digital est n\u00e9 \u00e0 Saint-Di\u00e9-des-Vosges","datePublished":"2025-07-25T14:10:51+00:00","dateModified":"2025-07-25T13:47:02+00:00","mainEntityOfPage":{"@id":"https:\/\/vosgesinfo.fr\/saintdieinfo\/2025\/07\/un-mouvement-digital-est-ne-a-saint-die-des-vosges\/"},"wordCount":682,"commentCount":0,"publisher":{"@id":"https:\/\/vosgesinfo.fr\/saintdieinfo\/#organization"},"image":{"@id":"https:\/\/vosgesinfo.fr\/saintdieinfo\/2025\/07\/un-mouvement-digital-est-ne-a-saint-die-des-vosges\/#primaryimage"},"thumbnailUrl":"https:\/\/vosgesinfo.fr\/app\/uploads\/sites\/4\/2025\/07\/association-mouvement-digital-deodatien-3.jpg","keywords":["Arthur Jeannon","Game de Dahu","La Boussole","Mouvement Digital D\u00e9odatien"],"articleSection":["A la Une","Loisirs","Saint-Di\u00e9-des-Vosges","Vie Associative"],"inLanguage":"fr-FR","potentialAction":[{"@type":"CommentAction","name":"Comment","target":["https:\/\/vosgesinfo.fr\/saintdieinfo\/2025\/07\/un-mouvement-digital-est-ne-a-saint-die-des-vosges\/#respond"]}]},{"@type":"WebPage","@id":"https:\/\/vosgesinfo.fr\/saintdieinfo\/2025\/07\/un-mouvement-digital-est-ne-a-saint-die-des-vosges\/","url":"https:\/\/vosgesinfo.fr\/saintdieinfo\/2025\/07\/un-mouvement-digital-est-ne-a-saint-die-des-vosges\/","name":"Un mouvement digital est n\u00e9 \u00e0 Saint-Di\u00e9-des-Vosges - Saint Die Info","isPartOf":{"@id":"https:\/\/vosgesinfo.fr\/saintdieinfo\/#website"},"primaryImageOfPage":{"@id":"https:\/\/vosgesinfo.fr\/saintdieinfo\/2025\/07\/un-mouvement-digital-est-ne-a-saint-die-des-vosges\/#primaryimage"},"image":{"@id":"https:\/\/vosgesinfo.fr\/saintdieinfo\/2025\/07\/un-mouvement-digital-est-ne-a-saint-die-des-vosges\/#primaryimage"},"thumbnailUrl":"https:\/\/vosgesinfo.fr\/app\/uploads\/sites\/4\/2025\/07\/association-mouvement-digital-deodatien-3.jpg","datePublished":"2025-07-25T14:10:51+00:00","dateModified":"2025-07-25T13:47:02+00:00","breadcrumb":{"@id":"https:\/\/vosgesinfo.fr\/saintdieinfo\/2025\/07\/un-mouvement-digital-est-ne-a-saint-die-des-vosges\/#breadcrumb"},"inLanguage":"fr-FR","potentialAction":[{"@type":"ReadAction","target":["https:\/\/vosgesinfo.fr\/saintdieinfo\/2025\/07\/un-mouvement-digital-est-ne-a-saint-die-des-vosges\/"]}]},{"@type":"ImageObject","inLanguage":"fr-FR","@id":"https:\/\/vosgesinfo.fr\/saintdieinfo\/2025\/07\/un-mouvement-digital-est-ne-a-saint-die-des-vosges\/#primaryimage","url":"https:\/\/vosgesinfo.fr\/app\/uploads\/sites\/4\/2025\/07\/association-mouvement-digital-deodatien-3.jpg","contentUrl":"https:\/\/vosgesinfo.fr\/app\/uploads\/sites\/4\/2025\/07\/association-mouvement-digital-deodatien-3.jpg","width":1600,"height":1065,"caption":"(Photographies Ville de Saint-Di\u00e9-des-Vosges)"},{"@type":"BreadcrumbList","@id":"https:\/\/vosgesinfo.fr\/saintdieinfo\/2025\/07\/un-mouvement-digital-est-ne-a-saint-die-des-vosges\/#breadcrumb","itemListElement":[{"@type":"ListItem","position":1,"name":"Home","item":"https:\/\/vosgesinfo.fr\/saintdieinfo\/"},{"@type":"ListItem","position":2,"name":"Un mouvement digital est n\u00e9 \u00e0 Saint-Di\u00e9-des-Vosges"}]},{"@type":"WebSite","@id":"https:\/\/vosgesinfo.fr\/saintdieinfo\/#website","url":"https:\/\/vosgesinfo.fr\/saintdieinfo\/","name":"Saint Die Info","description":"Toute l&#039;actualit\u00e9 de Saint-Di\u00e9-Des-Vosges","publisher":{"@id":"https:\/\/vosgesinfo.fr\/saintdieinfo\/#organization"},"alternateName":"Toute l'actualit\u00e9 de Saint-Di\u00e9-Des-Vosges","potentialAction":[{"@type":"SearchAction","target":{"@type":"EntryPoint","urlTemplate":"https:\/\/vosgesinfo.fr\/saintdieinfo\/?s={search_term_string}"},"query-input":"required name=search_term_string"}],"inLanguage":"fr-FR"},{"@type":"Organization","@id":"https:\/\/vosgesinfo.fr\/saintdieinfo\/#organization","name":"Saint Die Info","url":"https:\/\/vosgesinfo.fr\/saintdieinfo\/","logo":{"@type":"ImageObject","inLanguage":"fr-FR","@id":"https:\/\/vosgesinfo.fr\/saintdieinfo\/#\/schema\/logo\/image\/","url":"https:\/\/vosgesinfo.fr\/app\/uploads\/sites\/4\/2024\/02\/logo-sdi.jpg","contentUrl":"https:\/\/vosgesinfo.fr\/app\/uploads\/sites\/4\/2024\/02\/logo-sdi.jpg","width":600,"height":600,"caption":"Saint Die Info"},"image":{"@id":"https:\/\/vosgesinfo.fr\/saintdieinfo\/#\/schema\/logo\/image\/"},"sameAs":["https:\/\/www.facebook.com\/Saintdieinfofr","https:\/\/x.com\/VosgesInfo88","https:\/\/www.youtube.com\/@vosgesinfo"]},{"@type":"Person","@id":"https:\/\/vosgesinfo.fr\/saintdieinfo\/#\/schema\/person\/fa73e9f726d67bb88f46d5b7943cb572","name":"J.J.","image":{"@type":"ImageObject","inLanguage":"fr-FR","@id":"https:\/\/vosgesinfo.fr\/saintdieinfo\/#\/schema\/person\/image\/","url":"https:\/\/secure.gravatar.com\/avatar\/219e749e47ffbcca018a360ae4add7d4cdf1cdaaf8bc7676b27efade3fe65615?s=96&d=mm&r=g","contentUrl":"https:\/\/secure.gravatar.com\/avatar\/219e749e47ffbcca018a360ae4add7d4cdf1cdaaf8bc7676b27efade3fe65615?s=96&d=mm&r=g","caption":"J.J."},"url":"https:\/\/vosgesinfo.fr\/saintdieinfo\/author\/j-j\/"}]}},"_links":{"self":[{"href":"https:\/\/vosgesinfo.fr\/saintdieinfo\/wp-json\/wp\/v2\/posts\/80583","targetHints":{"allow":["GET"]}}],"collection":[{"href":"https:\/\/vosgesinfo.fr\/saintdieinfo\/wp-json\/wp\/v2\/posts"}],"about":[{"href":"https:\/\/vosgesinfo.fr\/saintdieinfo\/wp-json\/wp\/v2\/types\/post"}],"author":[{"embeddable":true,"href":"https:\/\/vosgesinfo.fr\/saintdieinfo\/wp-json\/wp\/v2\/users\/46"}],"replies":[{"embeddable":true,"href":"https:\/\/vosgesinfo.fr\/saintdieinfo\/wp-json\/wp\/v2\/comments?post=80583"}],"version-history":[{"count":4,"href":"https:\/\/vosgesinfo.fr\/saintdieinfo\/wp-json\/wp\/v2\/posts\/80583\/revisions"}],"predecessor-version":[{"id":80650,"href":"https:\/\/vosgesinfo.fr\/saintdieinfo\/wp-json\/wp\/v2\/posts\/80583\/revisions\/80650"}],"wp:featuredmedia":[{"embeddable":true,"href":"https:\/\/vosgesinfo.fr\/saintdieinfo\/wp-json\/wp\/v2\/media\/80591"}],"wp:attachment":[{"href":"https:\/\/vosgesinfo.fr\/saintdieinfo\/wp-json\/wp\/v2\/media?parent=80583"}],"wp:term":[{"taxonomy":"category","embeddable":true,"href":"https:\/\/vosgesinfo.fr\/saintdieinfo\/wp-json\/wp\/v2\/categories?post=80583"},{"taxonomy":"post_tag","embeddable":true,"href":"https:\/\/vosgesinfo.fr\/saintdieinfo\/wp-json\/wp\/v2\/tags?post=80583"}],"curies":[{"name":"wp","href":"https:\/\/api.w.org\/{rel}","templated":true}]}}