{"id":80595,"date":"2025-07-24T14:30:43","date_gmt":"2025-07-24T12:30:43","guid":{"rendered":"https:\/\/vosgesinfo.fr\/saintdieinfo\/?p=80595"},"modified":"2025-07-24T14:30:43","modified_gmt":"2025-07-24T12:30:43","slug":"coupe-du-monde-de-rollerski-superbe-entree-en-matiere-de-levi-et-eliott-maury-a-madona","status":"publish","type":"post","link":"https:\/\/vosgesinfo.fr\/saintdieinfo\/2025\/07\/coupe-du-monde-de-rollerski-superbe-entree-en-matiere-de-levi-et-eliott-maury-a-madona\/","title":{"rendered":"Coupe du monde de rollerski : superbe entr\u00e9e en mati\u00e8re de L\u00e9vi et \u00c9liott Maury \u00e0 Madona"},"content":{"rendered":"<p data-pm-slice=\"1 1 []\"><a href=\"https:\/\/vosgesinfo.fr\/app\/uploads\/sites\/6\/2025\/07\/levi-eliott-maury-madona-2.jpg\"><img decoding=\"async\" class=\"aligncenter size-large wp-image-80863\" src=\"https:\/\/vosgesinfo.fr\/app\/uploads\/sites\/6\/2025\/07\/levi-eliott-maury-madona-2-1024x833.jpg\" alt=\"\" width=\"1024\" height=\"833\" \/><\/a><\/p>\n<p><strong>Madona (Lettonie) 17\u201320 juillet 2025.<\/strong><\/p>\n<p>La premi\u00e8re \u00e9tape de la Coupe du monde de rollerski, qui faisait \u00e9galement office de championnats du monde junior (jeunes de 15 \u00e0 20 ans), s\u2019est tenue sur quatre jours en Lettonie, r\u00e9unissant des athl\u00e8tes de 19 nations.<br \/>\nAu programme : une course individuelle classique, un team sprint, un super sprint en ville et une massstart de 15 km. Chaque \u00e9preuve attribu\u00e2t un titre mondial.<\/p>\n<p>Parmi les engag\u00e9s, deux jeunes G\u00e9r\u00f4mois, Eliott et L\u00e9vi Maury (\u00e2g\u00e9es de 15 et 16 ans), dont l&rsquo;inscription avait \u00e9t\u00e9 valid\u00e9e par la F\u00e9d\u00e9ration fran\u00e7aise de ski durant l&rsquo;hiver.<br \/>\nContrairement \u00e0 la majorit\u00e9 des concurrents pr\u00e9sents, ils ne faisaient pas partie d&rsquo;une s\u00e9lection nationale constitu\u00e9e. De fait, leur route vers Madona s\u2019est faite en voiture personnelle, sans staff, sans structure derri\u00e8re eux (23 heures de route !) Pourtant, leur bilan sportif d\u00e9passe celui de nombreuses s\u00e9lections nationales officielles.<\/p>\n<p><strong>Une entr\u00e9e en mati\u00e8re ma\u00eetris\u00e9e<\/strong><\/p>\n<p>La premi\u00e8re \u00e9preuve, une individuelle classique sur le parcours vallonn\u00e9 et rapide du circuit de Smeceres Sils, a permis aux fr\u00e8res de prendre leurs premi\u00e8res marques sur une comp\u00e9tition internationale et de poser des bases solides. Sans prendre de risques excessifs dans les descentes o\u00f9 les pointes de vitesse d\u00e9passaient 60 km\/h, \u00c9liott a termin\u00e9 18\u1d49, L\u00e9vi 22\u1d49, de quoi les rassurer sur la l\u00e9gitimit\u00e9 de leur pr\u00e9sence sur la comp\u00e9tition.<\/p>\n<p><strong>Un team sprint de tr\u00e8s haut niveau<\/strong><\/p>\n<p><a href=\"https:\/\/vosgesinfo.fr\/app\/uploads\/sites\/6\/2025\/07\/levi-eliott-maury-madona-4.jpg\"><img decoding=\"async\" class=\"alignright size-medium wp-image-80865\" src=\"https:\/\/vosgesinfo.fr\/app\/uploads\/sites\/6\/2025\/07\/levi-eliott-maury-madona-4-300x200.jpg\" alt=\"\" width=\"300\" height=\"200\" \/><\/a>Le lendemain, le team sprint a marqu\u00e9 un tournant. Face \u00e0 des bin\u00f4mes issus d&rsquo;une s\u00e9lection parmi les structures nationales (une seule \u00e9quipe par nation), les deux fr\u00e8res, qui \u00e9taient surtout venus prendre des rep\u00e8res\u2026 se trouvaient avec la pression de repr\u00e9senter la France sur cette \u00e9preuve\u2026<br \/>\nUn retour d\u2019autant plus scrut\u00e9 que la m\u00e9moire collective du rollerski fran\u00e7ais reste marqu\u00e9e par les ann\u00e9es fastes du <strong>Rollerski Racing Team<\/strong>, emmen\u00e9 par Romain Claudon, Igor Cuny et leurs co\u00e9quipiers.<\/p>\n<p><strong>Un \u00e9tat d\u2019esprit diff\u00e9rent<\/strong><br \/>\nRassur\u00e9s mais pour autant pas sp\u00e9cialement satisfaits, L\u00e9vi et \u00c9liott se pr\u00e9sentaient au d\u00e9part du Team Sprint dans un \u00e9tat d&rsquo;esprit diff\u00e9rent.<br \/>\n3 boucles de 1,7 km \u00e0 couvrir chacune en se relayant et avec pour objectif de rester au contact du groupe de t\u00eate, co\u00fbte que co\u00fbte, en g\u00e9rant les organismes entam\u00e9s par la course de la veille\u2026<br \/>\nLes fr\u00e8res partaient en mission, donnaient tout et franchissaient finalement la ligne \u00e0 une superbe 5\u1d49 place, devan\u00e7ant notamment la s\u00e9lection italienne.<br \/>\nUne p\u00e9nalit\u00e9 de 15 secondes pour un d\u00e9part anticip\u00e9 (d&rsquo;un tiers de roue de ski \u00e0 roulettes !) lors d\u2019un relais les repousse malheureusement \u00e0 la 7\u1d49 position finale. Mais le message est clair : <strong>la paire fran\u00e7aise jouait le podium !<\/strong><\/p>\n<p><strong>L\u00e9vi finaliste du super sprint urbain de 200m<\/strong><\/p>\n<p>Le troisi\u00e8me jour, le super sprint, disput\u00e9 dans les rues de Madona par vagues de quatre, s\u2019est d\u00e9roul\u00e9 dans des conditions m\u00e9t\u00e9o difficiles.<br \/>\nLes deux fr\u00e8res, d\u00e9sinhib\u00e9s par leur performance de la veille et dans un exercice qu&rsquo;ils affectionnent particuli\u00e8rement, se sont tous les deux qualifi\u00e9s pour les phases finales : L\u00e9vi avec le 7\u1d49 temps et \u00c9liott avec le 11\u1d49 temps.<br \/>\n\u00c9liott s\u2019arr\u00eate en quart de finale, mais L\u00e9vi se hisse jusqu\u2019en finale, \u00e9liminant notamment le Letton Valts Skujins, favori local et pensionnaire du syst\u00e8me norv\u00e9gien.<br \/>\nDevant lui, les Su\u00e9dois Eddie Pettersson et Ville Jutterdal se sont respectivement class\u00e9s premier et deuxi\u00e8me, devant le Norv\u00e9gien Mattis Hansen.<\/p>\n<p><strong>Une chute en mass-start de cl\u00f4ture pour \u00c9liott<\/strong><\/p>\n<p>La derni\u00e8re journ\u00e9e proposait une mass-start de 15 km, seule course en style libre. L\u00e9vi prend une tr\u00e8s belle 12\u1d49 place, 2 places seulement derri\u00e8re le jeune prodige norv\u00e9gien Jutterdal. \u00c9liott chute et boucle dans la douleur \u00e0 la 19\u1d49 place. Des examens sont pr\u00e9vus pour \u00e9valuer les cons\u00e9quences de cette chute sur la suite de la saison.<\/p>\n<p>\u00c0 noter que ce sont les Su\u00e9dois et les Su\u00e9doises qui ont \u00e9t\u00e9 les plus fort(e)s de ces championnats du monde junior de Rollerski avec 12 m\u00e9dailles sur un total de 24 d\u00e9cern\u00e9es. Leur \u00e9quipe junior comportait 6 repr\u00e9sentants.<br \/>\nToujours chez les juniors, derri\u00e8re la Su\u00e8de, la Norv\u00e8ge et la Slovaquie compl\u00e8tent le podium avec 4 m\u00e9dailles chacune.<\/p>\n<p>L\u00e9vi Maury est 4\u1d49 du classement provisoire de la Coupe du monde junior en sprint et 9\u1d49 du classement g\u00e9n\u00e9ral. \u00c9liott est 13\u1d49 en sprint et 15\u1d49 du g\u00e9n\u00e9ral.<\/p>\n<p>Tous les r\u00e9sultats de l\u2019\u00e9preuve :<br \/>\n<a class=\"qbe-widget\" href=\"https:\/\/www.fis-ski.com\/DB\/cross-country\/cup-standings.html?sectorcode=CC&amp;seasoncode=2026&amp;cupcode=ROLJWC&amp;disciplinecode=ALL&amp;gendercode=M&amp;nationcode=\" target=\"_blank\" rel=\"noopener noreferrer\">https:\/\/www.fis-ski.com\/DB\/cross-country\/cup-standings.html?sectorcode=CC&amp;seasoncode=2026&amp;cupcode=ROLJWC&amp;disciplinecode=ALL&amp;gendercode=M&amp;nationcode=<\/a><\/p>\n<p>&nbsp;<\/p>\n<p>Chez les seniors,\u00a0les Italiens se sont une nouvelle fois illustr\u00e9s, leurs 8 athl\u00e8tes (5 hommes et 3 femmes) entrant tous au final dans le top 10 du classement provisoire g\u00e9n\u00e9ral de la Coupe du monde,\u00a0confirmant leur excellence dans cette discipline \u00e0 part qu&rsquo;est le rollerski,\u00a0y compris sur un profil de piste plus proche de ce que l&rsquo;on nomme d\u00e9sormais couramment du ski de fond d&rsquo;\u00e9t\u00e9.<\/p>\n<p><strong>Une suite de saison en suspens pour les G\u00e9r\u00f4mois<\/strong><\/p>\n<p>La Trollh\u00e4ttan Action Week (Su\u00e8de), prochaine \u00e9tape de la Coupe du monde, se d\u00e9roulera sans les fr\u00e8res Maury, faute de moyens. Leur prochain objectif sera donc l\u2019\u00e9tape de Rome, troisi\u00e8me du circuit, avant une quatri\u00e8me et derni\u00e8re manche \u00e0 Val di Fiemme.<\/p>\n<p>La pr\u00e9paration devrait \u00e9galement passer par une nouvelle course de la Coppa Italia, \u00e0 Verrayes dans 2 semaines, mais la participation d\u2019\u00c9liott d\u00e9pendra des r\u00e9sultats des examens de son poignet.<\/p>\n<p><strong>Une aventure singuli\u00e8re<\/strong><\/p>\n<p>Sans encadrement, sans financement f\u00e9d\u00e9ral, et dans une discipline o\u00f9 les \u00e9carts de moyens sont flagrants, les r\u00e9sultats obtenus par les fr\u00e8res Maury ont une port\u00e9e bien plus large que le classement brut. Ils ont prouv\u00e9 qu\u2019on pouvait exister sur le circuit international en venant de loin, avec d\u00e9termination, rigueur, et un certain sens du d\u00e9fi. Une aventure sportive et humaine qui m\u00e9rite d\u2019\u00eatre salu\u00e9e !<\/p>\n<p>\u00c0 noter enfin que la team G\u00e9r\u00f4moise est en recherche de partenaires, si vous souhaitez soutenir leur projet, n&rsquo;h\u00e9sitez pas \u00e0 les contacter !<\/p>\n","protected":false},"excerpt":{"rendered":"<p>Madona (Lettonie) 17\u201320 juillet 2025. La premi\u00e8re \u00e9tape de la Coupe du monde de rollerski, qui faisait \u00e9galement office de [&hellip;]<\/p>\n","protected":false},"author":42,"featured_media":80596,"comment_status":"open","ping_status":"open","sticky":false,"template":"","format":"standard","meta":{"footnotes":""},"categories":[460,5392,5391,5389,4099,4100,14],"tags":[],"class_list":["post-80595","post","type-post","status-publish","format-standard","has-post-thumbnail","hentry","category-a-la-une","category-epinal","category-gerardmer","category-la-plaine-des-vosges","category-remiremont","category-saint-die","category-sport"],"acf":[],"yoast_head":"<!-- This site is optimized with the Yoast SEO plugin v22.5 - https:\/\/yoast.com\/wordpress\/plugins\/seo\/ -->\n<title>Coupe du monde de rollerski : superbe entr\u00e9e en mati\u00e8re de L\u00e9vi et \u00c9liott Maury \u00e0 Madona - Saint Die Info<\/title>\n<meta name=\"robots\" content=\"index, follow, max-snippet:-1, max-image-preview:large, max-video-preview:-1\" \/>\n<link rel=\"canonical\" href=\"https:\/\/vosgesinfo.fr\/saintdieinfo\/2025\/07\/coupe-du-monde-de-rollerski-superbe-entree-en-matiere-de-levi-et-eliott-maury-a-madona\/\" \/>\n<meta name=\"twitter:card\" content=\"summary_large_image\" \/>\n<meta name=\"twitter:title\" content=\"Coupe du monde de rollerski : superbe entr\u00e9e en mati\u00e8re de L\u00e9vi et \u00c9liott Maury \u00e0 Madona - Saint Die Info\" \/>\n<meta name=\"twitter:description\" content=\"Madona (Lettonie) 17\u201320 juillet 2025. La premi\u00e8re \u00e9tape de la Coupe du monde de rollerski, qui faisait \u00e9galement office de [&hellip;]\" \/>\n<meta name=\"twitter:image\" content=\"https:\/\/vosgesinfo.fr\/app\/uploads\/sites\/4\/2025\/07\/levi-eliott-maury-madona-2.jpg\" \/>\n<meta name=\"twitter:creator\" content=\"@VosgesInfo88\" \/>\n<meta name=\"twitter:site\" content=\"@VosgesInfo88\" \/>\n<meta name=\"twitter:label1\" content=\"\u00c9crit par\" \/>\n\t<meta name=\"twitter:data1\" content=\"QG\" \/>\n\t<meta name=\"twitter:label2\" content=\"Dur\u00e9e de lecture estim\u00e9e\" \/>\n\t<meta name=\"twitter:data2\" content=\"5 minutes\" \/>\n<script type=\"application\/ld+json\" class=\"yoast-schema-graph\">{\"@context\":\"https:\/\/schema.org\",\"@graph\":[{\"@type\":\"Article\",\"@id\":\"https:\/\/vosgesinfo.fr\/saintdieinfo\/2025\/07\/coupe-du-monde-de-rollerski-superbe-entree-en-matiere-de-levi-et-eliott-maury-a-madona\/#article\",\"isPartOf\":{\"@id\":\"https:\/\/vosgesinfo.fr\/saintdieinfo\/2025\/07\/coupe-du-monde-de-rollerski-superbe-entree-en-matiere-de-levi-et-eliott-maury-a-madona\/\"},\"author\":{\"name\":\"QG\",\"@id\":\"https:\/\/vosgesinfo.fr\/saintdieinfo\/#\/schema\/person\/db5605779a843dad16b5368f3e7613a5\"},\"headline\":\"Coupe du monde de rollerski : superbe entr\u00e9e en mati\u00e8re de L\u00e9vi et \u00c9liott Maury \u00e0 Madona\",\"datePublished\":\"2025-07-24T12:30:43+00:00\",\"dateModified\":\"2025-07-24T12:30:43+00:00\",\"mainEntityOfPage\":{\"@id\":\"https:\/\/vosgesinfo.fr\/saintdieinfo\/2025\/07\/coupe-du-monde-de-rollerski-superbe-entree-en-matiere-de-levi-et-eliott-maury-a-madona\/\"},\"wordCount\":1099,\"commentCount\":0,\"publisher\":{\"@id\":\"https:\/\/vosgesinfo.fr\/saintdieinfo\/#organization\"},\"image\":{\"@id\":\"https:\/\/vosgesinfo.fr\/saintdieinfo\/2025\/07\/coupe-du-monde-de-rollerski-superbe-entree-en-matiere-de-levi-et-eliott-maury-a-madona\/#primaryimage\"},\"thumbnailUrl\":\"https:\/\/vosgesinfo.fr\/app\/uploads\/sites\/4\/2025\/07\/levi-eliott-maury-madona-2.jpg\",\"articleSection\":[\"A la Une\",\"Epinal\",\"Gerardmer\",\"La plaine des vosges\",\"Remiremont\",\"Saint-di\u00e9\",\"Sport\"],\"inLanguage\":\"fr-FR\",\"potentialAction\":[{\"@type\":\"CommentAction\",\"name\":\"Comment\",\"target\":[\"https:\/\/vosgesinfo.fr\/saintdieinfo\/2025\/07\/coupe-du-monde-de-rollerski-superbe-entree-en-matiere-de-levi-et-eliott-maury-a-madona\/#respond\"]}]},{\"@type\":\"WebPage\",\"@id\":\"https:\/\/vosgesinfo.fr\/saintdieinfo\/2025\/07\/coupe-du-monde-de-rollerski-superbe-entree-en-matiere-de-levi-et-eliott-maury-a-madona\/\",\"url\":\"https:\/\/vosgesinfo.fr\/saintdieinfo\/2025\/07\/coupe-du-monde-de-rollerski-superbe-entree-en-matiere-de-levi-et-eliott-maury-a-madona\/\",\"name\":\"Coupe du monde de rollerski : superbe entr\u00e9e en mati\u00e8re de L\u00e9vi et \u00c9liott Maury \u00e0 Madona - Saint Die Info\",\"isPartOf\":{\"@id\":\"https:\/\/vosgesinfo.fr\/saintdieinfo\/#website\"},\"primaryImageOfPage\":{\"@id\":\"https:\/\/vosgesinfo.fr\/saintdieinfo\/2025\/07\/coupe-du-monde-de-rollerski-superbe-entree-en-matiere-de-levi-et-eliott-maury-a-madona\/#primaryimage\"},\"image\":{\"@id\":\"https:\/\/vosgesinfo.fr\/saintdieinfo\/2025\/07\/coupe-du-monde-de-rollerski-superbe-entree-en-matiere-de-levi-et-eliott-maury-a-madona\/#primaryimage\"},\"thumbnailUrl\":\"https:\/\/vosgesinfo.fr\/app\/uploads\/sites\/4\/2025\/07\/levi-eliott-maury-madona-2.jpg\",\"datePublished\":\"2025-07-24T12:30:43+00:00\",\"dateModified\":\"2025-07-24T12:30:43+00:00\",\"breadcrumb\":{\"@id\":\"https:\/\/vosgesinfo.fr\/saintdieinfo\/2025\/07\/coupe-du-monde-de-rollerski-superbe-entree-en-matiere-de-levi-et-eliott-maury-a-madona\/#breadcrumb\"},\"inLanguage\":\"fr-FR\",\"potentialAction\":[{\"@type\":\"ReadAction\",\"target\":[\"https:\/\/vosgesinfo.fr\/saintdieinfo\/2025\/07\/coupe-du-monde-de-rollerski-superbe-entree-en-matiere-de-levi-et-eliott-maury-a-madona\/\"]}]},{\"@type\":\"ImageObject\",\"inLanguage\":\"fr-FR\",\"@id\":\"https:\/\/vosgesinfo.fr\/saintdieinfo\/2025\/07\/coupe-du-monde-de-rollerski-superbe-entree-en-matiere-de-levi-et-eliott-maury-a-madona\/#primaryimage\",\"url\":\"https:\/\/vosgesinfo.fr\/app\/uploads\/sites\/4\/2025\/07\/levi-eliott-maury-madona-2.jpg\",\"contentUrl\":\"https:\/\/vosgesinfo.fr\/app\/uploads\/sites\/4\/2025\/07\/levi-eliott-maury-madona-2.jpg\",\"width\":1242,\"height\":1010},{\"@type\":\"BreadcrumbList\",\"@id\":\"https:\/\/vosgesinfo.fr\/saintdieinfo\/2025\/07\/coupe-du-monde-de-rollerski-superbe-entree-en-matiere-de-levi-et-eliott-maury-a-madona\/#breadcrumb\",\"itemListElement\":[{\"@type\":\"ListItem\",\"position\":1,\"name\":\"Home\",\"item\":\"https:\/\/vosgesinfo.fr\/saintdieinfo\/\"},{\"@type\":\"ListItem\",\"position\":2,\"name\":\"Coupe du monde de rollerski : superbe entr\u00e9e en mati\u00e8re de L\u00e9vi et \u00c9liott Maury \u00e0 Madona\"}]},{\"@type\":\"WebSite\",\"@id\":\"https:\/\/vosgesinfo.fr\/saintdieinfo\/#website\",\"url\":\"https:\/\/vosgesinfo.fr\/saintdieinfo\/\",\"name\":\"Saint Die Info\",\"description\":\"Toute l&#039;actualit\u00e9 de Saint-Di\u00e9-Des-Vosges\",\"publisher\":{\"@id\":\"https:\/\/vosgesinfo.fr\/saintdieinfo\/#organization\"},\"alternateName\":\"Toute l'actualit\u00e9 de Saint-Di\u00e9-Des-Vosges\",\"potentialAction\":[{\"@type\":\"SearchAction\",\"target\":{\"@type\":\"EntryPoint\",\"urlTemplate\":\"https:\/\/vosgesinfo.fr\/saintdieinfo\/?s={search_term_string}\"},\"query-input\":\"required name=search_term_string\"}],\"inLanguage\":\"fr-FR\"},{\"@type\":\"Organization\",\"@id\":\"https:\/\/vosgesinfo.fr\/saintdieinfo\/#organization\",\"name\":\"Saint Die Info\",\"url\":\"https:\/\/vosgesinfo.fr\/saintdieinfo\/\",\"logo\":{\"@type\":\"ImageObject\",\"inLanguage\":\"fr-FR\",\"@id\":\"https:\/\/vosgesinfo.fr\/saintdieinfo\/#\/schema\/logo\/image\/\",\"url\":\"https:\/\/vosgesinfo.fr\/app\/uploads\/sites\/4\/2024\/02\/logo-sdi.jpg\",\"contentUrl\":\"https:\/\/vosgesinfo.fr\/app\/uploads\/sites\/4\/2024\/02\/logo-sdi.jpg\",\"width\":600,\"height\":600,\"caption\":\"Saint Die Info\"},\"image\":{\"@id\":\"https:\/\/vosgesinfo.fr\/saintdieinfo\/#\/schema\/logo\/image\/\"},\"sameAs\":[\"https:\/\/www.facebook.com\/Saintdieinfofr\",\"https:\/\/x.com\/VosgesInfo88\",\"https:\/\/www.youtube.com\/@vosgesinfo\"]},{\"@type\":\"Person\",\"@id\":\"https:\/\/vosgesinfo.fr\/saintdieinfo\/#\/schema\/person\/db5605779a843dad16b5368f3e7613a5\",\"name\":\"QG\",\"image\":{\"@type\":\"ImageObject\",\"inLanguage\":\"fr-FR\",\"@id\":\"https:\/\/vosgesinfo.fr\/saintdieinfo\/#\/schema\/person\/image\/\",\"url\":\"https:\/\/secure.gravatar.com\/avatar\/ea80c42c204b534408512832fde52504ecabb9706bcb6151cf6175e5b64e6793?s=96&d=mm&r=g\",\"contentUrl\":\"https:\/\/secure.gravatar.com\/avatar\/ea80c42c204b534408512832fde52504ecabb9706bcb6151cf6175e5b64e6793?s=96&d=mm&r=g\",\"caption\":\"QG\"},\"url\":\"https:\/\/vosgesinfo.fr\/saintdieinfo\/author\/quentin88\/\"}]}<\/script>\n<!-- \/ Yoast SEO plugin. -->","yoast_head_json":{"title":"Coupe du monde de rollerski : superbe entr\u00e9e en mati\u00e8re de L\u00e9vi et \u00c9liott Maury \u00e0 Madona - Saint Die Info","robots":{"index":"index","follow":"follow","max-snippet":"max-snippet:-1","max-image-preview":"max-image-preview:large","max-video-preview":"max-video-preview:-1"},"canonical":"https:\/\/vosgesinfo.fr\/saintdieinfo\/2025\/07\/coupe-du-monde-de-rollerski-superbe-entree-en-matiere-de-levi-et-eliott-maury-a-madona\/","twitter_card":"summary_large_image","twitter_title":"Coupe du monde de rollerski : superbe entr\u00e9e en mati\u00e8re de L\u00e9vi et \u00c9liott Maury \u00e0 Madona - Saint Die Info","twitter_description":"Madona (Lettonie) 17\u201320 juillet 2025. La premi\u00e8re \u00e9tape de la Coupe du monde de rollerski, qui faisait \u00e9galement office de [&hellip;]","twitter_image":"https:\/\/vosgesinfo.fr\/app\/uploads\/sites\/4\/2025\/07\/levi-eliott-maury-madona-2.jpg","twitter_creator":"@VosgesInfo88","twitter_site":"@VosgesInfo88","twitter_misc":{"\u00c9crit par":"QG","Dur\u00e9e de lecture estim\u00e9e":"5 minutes"},"schema":{"@context":"https:\/\/schema.org","@graph":[{"@type":"Article","@id":"https:\/\/vosgesinfo.fr\/saintdieinfo\/2025\/07\/coupe-du-monde-de-rollerski-superbe-entree-en-matiere-de-levi-et-eliott-maury-a-madona\/#article","isPartOf":{"@id":"https:\/\/vosgesinfo.fr\/saintdieinfo\/2025\/07\/coupe-du-monde-de-rollerski-superbe-entree-en-matiere-de-levi-et-eliott-maury-a-madona\/"},"author":{"name":"QG","@id":"https:\/\/vosgesinfo.fr\/saintdieinfo\/#\/schema\/person\/db5605779a843dad16b5368f3e7613a5"},"headline":"Coupe du monde de rollerski : superbe entr\u00e9e en mati\u00e8re de L\u00e9vi et \u00c9liott Maury \u00e0 Madona","datePublished":"2025-07-24T12:30:43+00:00","dateModified":"2025-07-24T12:30:43+00:00","mainEntityOfPage":{"@id":"https:\/\/vosgesinfo.fr\/saintdieinfo\/2025\/07\/coupe-du-monde-de-rollerski-superbe-entree-en-matiere-de-levi-et-eliott-maury-a-madona\/"},"wordCount":1099,"commentCount":0,"publisher":{"@id":"https:\/\/vosgesinfo.fr\/saintdieinfo\/#organization"},"image":{"@id":"https:\/\/vosgesinfo.fr\/saintdieinfo\/2025\/07\/coupe-du-monde-de-rollerski-superbe-entree-en-matiere-de-levi-et-eliott-maury-a-madona\/#primaryimage"},"thumbnailUrl":"https:\/\/vosgesinfo.fr\/app\/uploads\/sites\/4\/2025\/07\/levi-eliott-maury-madona-2.jpg","articleSection":["A la Une","Epinal","Gerardmer","La plaine des vosges","Remiremont","Saint-di\u00e9","Sport"],"inLanguage":"fr-FR","potentialAction":[{"@type":"CommentAction","name":"Comment","target":["https:\/\/vosgesinfo.fr\/saintdieinfo\/2025\/07\/coupe-du-monde-de-rollerski-superbe-entree-en-matiere-de-levi-et-eliott-maury-a-madona\/#respond"]}]},{"@type":"WebPage","@id":"https:\/\/vosgesinfo.fr\/saintdieinfo\/2025\/07\/coupe-du-monde-de-rollerski-superbe-entree-en-matiere-de-levi-et-eliott-maury-a-madona\/","url":"https:\/\/vosgesinfo.fr\/saintdieinfo\/2025\/07\/coupe-du-monde-de-rollerski-superbe-entree-en-matiere-de-levi-et-eliott-maury-a-madona\/","name":"Coupe du monde de rollerski : superbe entr\u00e9e en mati\u00e8re de L\u00e9vi et \u00c9liott Maury \u00e0 Madona - Saint Die Info","isPartOf":{"@id":"https:\/\/vosgesinfo.fr\/saintdieinfo\/#website"},"primaryImageOfPage":{"@id":"https:\/\/vosgesinfo.fr\/saintdieinfo\/2025\/07\/coupe-du-monde-de-rollerski-superbe-entree-en-matiere-de-levi-et-eliott-maury-a-madona\/#primaryimage"},"image":{"@id":"https:\/\/vosgesinfo.fr\/saintdieinfo\/2025\/07\/coupe-du-monde-de-rollerski-superbe-entree-en-matiere-de-levi-et-eliott-maury-a-madona\/#primaryimage"},"thumbnailUrl":"https:\/\/vosgesinfo.fr\/app\/uploads\/sites\/4\/2025\/07\/levi-eliott-maury-madona-2.jpg","datePublished":"2025-07-24T12:30:43+00:00","dateModified":"2025-07-24T12:30:43+00:00","breadcrumb":{"@id":"https:\/\/vosgesinfo.fr\/saintdieinfo\/2025\/07\/coupe-du-monde-de-rollerski-superbe-entree-en-matiere-de-levi-et-eliott-maury-a-madona\/#breadcrumb"},"inLanguage":"fr-FR","potentialAction":[{"@type":"ReadAction","target":["https:\/\/vosgesinfo.fr\/saintdieinfo\/2025\/07\/coupe-du-monde-de-rollerski-superbe-entree-en-matiere-de-levi-et-eliott-maury-a-madona\/"]}]},{"@type":"ImageObject","inLanguage":"fr-FR","@id":"https:\/\/vosgesinfo.fr\/saintdieinfo\/2025\/07\/coupe-du-monde-de-rollerski-superbe-entree-en-matiere-de-levi-et-eliott-maury-a-madona\/#primaryimage","url":"https:\/\/vosgesinfo.fr\/app\/uploads\/sites\/4\/2025\/07\/levi-eliott-maury-madona-2.jpg","contentUrl":"https:\/\/vosgesinfo.fr\/app\/uploads\/sites\/4\/2025\/07\/levi-eliott-maury-madona-2.jpg","width":1242,"height":1010},{"@type":"BreadcrumbList","@id":"https:\/\/vosgesinfo.fr\/saintdieinfo\/2025\/07\/coupe-du-monde-de-rollerski-superbe-entree-en-matiere-de-levi-et-eliott-maury-a-madona\/#breadcrumb","itemListElement":[{"@type":"ListItem","position":1,"name":"Home","item":"https:\/\/vosgesinfo.fr\/saintdieinfo\/"},{"@type":"ListItem","position":2,"name":"Coupe du monde de rollerski : superbe entr\u00e9e en mati\u00e8re de L\u00e9vi et \u00c9liott Maury \u00e0 Madona"}]},{"@type":"WebSite","@id":"https:\/\/vosgesinfo.fr\/saintdieinfo\/#website","url":"https:\/\/vosgesinfo.fr\/saintdieinfo\/","name":"Saint Die Info","description":"Toute l&#039;actualit\u00e9 de Saint-Di\u00e9-Des-Vosges","publisher":{"@id":"https:\/\/vosgesinfo.fr\/saintdieinfo\/#organization"},"alternateName":"Toute l'actualit\u00e9 de Saint-Di\u00e9-Des-Vosges","potentialAction":[{"@type":"SearchAction","target":{"@type":"EntryPoint","urlTemplate":"https:\/\/vosgesinfo.fr\/saintdieinfo\/?s={search_term_string}"},"query-input":"required name=search_term_string"}],"inLanguage":"fr-FR"},{"@type":"Organization","@id":"https:\/\/vosgesinfo.fr\/saintdieinfo\/#organization","name":"Saint Die Info","url":"https:\/\/vosgesinfo.fr\/saintdieinfo\/","logo":{"@type":"ImageObject","inLanguage":"fr-FR","@id":"https:\/\/vosgesinfo.fr\/saintdieinfo\/#\/schema\/logo\/image\/","url":"https:\/\/vosgesinfo.fr\/app\/uploads\/sites\/4\/2024\/02\/logo-sdi.jpg","contentUrl":"https:\/\/vosgesinfo.fr\/app\/uploads\/sites\/4\/2024\/02\/logo-sdi.jpg","width":600,"height":600,"caption":"Saint Die Info"},"image":{"@id":"https:\/\/vosgesinfo.fr\/saintdieinfo\/#\/schema\/logo\/image\/"},"sameAs":["https:\/\/www.facebook.com\/Saintdieinfofr","https:\/\/x.com\/VosgesInfo88","https:\/\/www.youtube.com\/@vosgesinfo"]},{"@type":"Person","@id":"https:\/\/vosgesinfo.fr\/saintdieinfo\/#\/schema\/person\/db5605779a843dad16b5368f3e7613a5","name":"QG","image":{"@type":"ImageObject","inLanguage":"fr-FR","@id":"https:\/\/vosgesinfo.fr\/saintdieinfo\/#\/schema\/person\/image\/","url":"https:\/\/secure.gravatar.com\/avatar\/ea80c42c204b534408512832fde52504ecabb9706bcb6151cf6175e5b64e6793?s=96&d=mm&r=g","contentUrl":"https:\/\/secure.gravatar.com\/avatar\/ea80c42c204b534408512832fde52504ecabb9706bcb6151cf6175e5b64e6793?s=96&d=mm&r=g","caption":"QG"},"url":"https:\/\/vosgesinfo.fr\/saintdieinfo\/author\/quentin88\/"}]}},"_links":{"self":[{"href":"https:\/\/vosgesinfo.fr\/saintdieinfo\/wp-json\/wp\/v2\/posts\/80595","targetHints":{"allow":["GET"]}}],"collection":[{"href":"https:\/\/vosgesinfo.fr\/saintdieinfo\/wp-json\/wp\/v2\/posts"}],"about":[{"href":"https:\/\/vosgesinfo.fr\/saintdieinfo\/wp-json\/wp\/v2\/types\/post"}],"author":[{"embeddable":true,"href":"https:\/\/vosgesinfo.fr\/saintdieinfo\/wp-json\/wp\/v2\/users\/42"}],"replies":[{"embeddable":true,"href":"https:\/\/vosgesinfo.fr\/saintdieinfo\/wp-json\/wp\/v2\/comments?post=80595"}],"version-history":[{"count":0,"href":"https:\/\/vosgesinfo.fr\/saintdieinfo\/wp-json\/wp\/v2\/posts\/80595\/revisions"}],"wp:featuredmedia":[{"embeddable":true,"href":"https:\/\/vosgesinfo.fr\/saintdieinfo\/wp-json\/wp\/v2\/media\/80596"}],"wp:attachment":[{"href":"https:\/\/vosgesinfo.fr\/saintdieinfo\/wp-json\/wp\/v2\/media?parent=80595"}],"wp:term":[{"taxonomy":"category","embeddable":true,"href":"https:\/\/vosgesinfo.fr\/saintdieinfo\/wp-json\/wp\/v2\/categories?post=80595"},{"taxonomy":"post_tag","embeddable":true,"href":"https:\/\/vosgesinfo.fr\/saintdieinfo\/wp-json\/wp\/v2\/tags?post=80595"}],"curies":[{"name":"wp","href":"https:\/\/api.w.org\/{rel}","templated":true}]}}