{"id":80621,"date":"2025-07-25T08:49:43","date_gmt":"2025-07-25T06:49:43","guid":{"rendered":"https:\/\/vosgesinfo.fr\/saintdieinfo\/?p=80621"},"modified":"2025-07-25T08:49:43","modified_gmt":"2025-07-25T06:49:43","slug":"filiere-textile-dans-les-vosges-votre-geste-continue-davoir-un-impact","status":"publish","type":"post","link":"https:\/\/vosgesinfo.fr\/saintdieinfo\/2025\/07\/filiere-textile-dans-les-vosges-votre-geste-continue-davoir-un-impact\/","title":{"rendered":"Fili\u00e8re textile dans les Vosges : votre geste continue d\u2019avoir un impact !"},"content":{"rendered":"<p><strong><a href=\"https:\/\/vosgesinfo.fr\/app\/uploads\/sites\/3\/2025\/07\/fibre.png\"><img decoding=\"async\" class=\"alignright wp-image-133944 size-full\" src=\"https:\/\/vosgesinfo.fr\/app\/uploads\/sites\/3\/2025\/07\/fibre.png\" alt=\"\" width=\"338\" height=\"446\" \/><\/a>Face aux tensions nationales qui fragilisent la fili\u00e8re textile, les Vosges tirent leur \u00e9pingle du jeu. Gr\u00e2ce \u00e0 une<\/strong><br \/>\n<strong>strat\u00e9gie structur\u00e9e de longue date et \u00e0 des acteurs engag\u00e9s, le territoire continue de collecter, trier et<\/strong><br \/>\n<strong>valoriser localement les textiles usag\u00e9s. Une dynamique exemplaire qui allie \u00e9cologie, \u00e9conomie et insertion<\/strong><br \/>\n<strong>sociale.<\/strong><br \/>\n<strong>Textile : la fibre se tend<\/strong><br \/>\nLa fili\u00e8re textile en France \u00e9prouve ces derniers mois de nombreuses tensions dues \u00e0 un contexte international tendu et fragilis\u00e9 : effondrement des d\u00e9bouch\u00e9s internationaux, baisse des prix de revente des textiles de seconde main, et par la m\u00eame saturation des centres de tri. Un des acteurs majeurs de la collecte a d\u2019ailleurs suspendu son activit\u00e9 afin d\u2019alerter sur la situation complexe de la fili\u00e8re.<br \/>\nIl est essentiel de souligner que ces perturbations ne concernent pas les Vosges. Sur notre territoire, la collecte textile se poursuit normalement : les bornes de d\u00e9p\u00f4t restent accessibles et les Vosgiens peuvent continuer \u00e0 y d\u00e9poser v\u00eatements, chaussures et linge de maison en toute confiance.<br \/>\nLe centre de tri local de Girmont fonctionne pleinement. Les \u00e9quipes engag\u00e9es de Vosges TLC assurent le tri et la valorisation des textiles garantissant ainsi leur r\u00e9emploi ou recyclage efficace.<br \/>\n<strong>Les Vosges gardent le fil et innovent<\/strong><br \/>\nDans ce contexte en \u00e9volution, les Vosges r\u00e9sistent gr\u00e2ce \u00e0 une strat\u00e9gie mise en place il y a de cela plus de 10 ans. En structurant l\u2019ensemble de la fili\u00e8re textile, de la collecte \u00e0 la valorisation, les choix politiques ont permis de s\u00e9curiser durablement l\u2019activit\u00e9 sur le territoire avec un mod\u00e8le reconnu \u00e0 l\u2019\u00e9chelle nationale.<br \/>\nPionnier de l\u2019avant-gardisme dans la fili\u00e8re textile, \u00c9VODIA persiste et signe en misant sur une strat\u00e9gie au long court avec comme objectif d\u2019am\u00e9liorer la qualit\u00e9 du gisement, mais \u00e9galement la quantit\u00e9. Collectes \u00e9v\u00e9nementielles dans les entreprises, cr\u00e9ation d\u2019un nouveau parcours p\u00e9dagogique, d\u00e9ploiement d\u2019un nouveau maillage de points de collecte dans les mairies, mise en place d\u2019un module de sensibilisation int\u00e9grant la collecte, des animations et une visite du centre de tri : voici les ingr\u00e9dients de la r\u00e9ussite<br \/>\nd\u2019\u00c9VODIA. Les Vosges peuvent ainsi poursuivre leur engagement en faveur d\u2019un geste simple, utile et porteur de sens, au b\u00e9n\u00e9fice de l\u2019environnement et des habitants.<\/p>\n<p><strong>La fili\u00e8re textile exemplaire dans les Vosges<\/strong><br \/>\nDans les Vosges, c\u2019est Vosges TLC (pour Textiles, Linge, Chaussures) qui g\u00e8re le tri des textiles usag\u00e9s. Cr\u00e9\u00e9 par Evodia en 2013, cette entreprise d\u2019insertion a accueilli 4500 tonnes de v\u00eatements, chaussures, sacs, accessoires, linge de maison\u2026 dont plus 1 600 issues des 330 bornes disponibles sur tout le d\u00e9partement.<br \/>\nBas\u00e9 \u00e0 Girmont, le centre de tri permet de s\u00e9parer les textiles selon leur qualit\u00e9. En tr\u00e8s bon \u00e9tat et au go\u00fbt du jour ? Ils alimentent les 7 friperies de Vosges TLC. Le reste sera transform\u00e9 en chiffons d\u2019essuyage ou en de nouvelles bobines de fil, en isolant ou en de nouvelles mati\u00e8res premi\u00e8res.<br \/>\nSi les Vosgiens d\u00e9posent plus de 4 kilos de textiles par an dans les bornes de Vosges TLC (plus que la moyenne nationale), des efforts restent \u00e0 faire ! On retrouve encore de nombreux textiles dans la poubelle d\u2019ordures m\u00e9nag\u00e8res, dans les sacs et bacs jaunes et dans les bennes de \u00ab tout-venant \u00bb des d\u00e9ch\u00e8teries. Autant de v\u00eatements, chaussures\u2026 qui sont incin\u00e9r\u00e9s et \u00e9chappent donc \u00e0 une nouvelle vie. Le bon geste de tri des textiles est un des maillons de l\u2019\u00e9conomie circulaire vertueuse pour l\u2019environnement, pour l\u2019\u00e9conomie et pour la solidarit\u00e9 dans les Vosges.<\/p>\n","protected":false},"excerpt":{"rendered":"<p>Face aux tensions nationales qui fragilisent la fili\u00e8re textile, les Vosges tirent leur \u00e9pingle du jeu. Gr\u00e2ce \u00e0 une strat\u00e9gie [&hellip;]<\/p>\n","protected":false},"author":39,"featured_media":80622,"comment_status":"open","ping_status":"open","sticky":false,"template":"","format":"standard","meta":{"footnotes":""},"categories":[460,5392,5391,5389,4099,4100],"tags":[],"class_list":["post-80621","post","type-post","status-publish","format-standard","has-post-thumbnail","hentry","category-a-la-une","category-epinal","category-gerardmer","category-la-plaine-des-vosges","category-remiremont","category-saint-die"],"acf":[],"yoast_head":"<!-- This site is optimized with the Yoast SEO plugin v22.5 - https:\/\/yoast.com\/wordpress\/plugins\/seo\/ -->\n<title>Fili\u00e8re textile dans les Vosges : votre geste continue d\u2019avoir un impact ! - Saint Die Info<\/title>\n<meta name=\"robots\" content=\"index, follow, max-snippet:-1, max-image-preview:large, max-video-preview:-1\" \/>\n<link rel=\"canonical\" href=\"https:\/\/vosgesinfo.fr\/saintdieinfo\/2025\/07\/filiere-textile-dans-les-vosges-votre-geste-continue-davoir-un-impact\/\" \/>\n<meta name=\"twitter:card\" content=\"summary_large_image\" \/>\n<meta name=\"twitter:title\" content=\"Fili\u00e8re textile dans les Vosges : votre geste continue d\u2019avoir un impact ! - Saint Die Info\" \/>\n<meta name=\"twitter:description\" content=\"Face aux tensions nationales qui fragilisent la fili\u00e8re textile, les Vosges tirent leur \u00e9pingle du jeu. Gr\u00e2ce \u00e0 une strat\u00e9gie [&hellip;]\" \/>\n<meta name=\"twitter:image\" content=\"https:\/\/vosgesinfo.fr\/app\/uploads\/sites\/4\/2025\/07\/fibre.png\" \/>\n<meta name=\"twitter:creator\" content=\"@VosgesInfo88\" \/>\n<meta name=\"twitter:site\" content=\"@VosgesInfo88\" \/>\n<meta name=\"twitter:label1\" content=\"\u00c9crit par\" \/>\n\t<meta name=\"twitter:data1\" content=\"Phj\" \/>\n\t<meta name=\"twitter:label2\" content=\"Dur\u00e9e de lecture estim\u00e9e\" \/>\n\t<meta name=\"twitter:data2\" content=\"3 minutes\" \/>\n<script type=\"application\/ld+json\" class=\"yoast-schema-graph\">{\"@context\":\"https:\/\/schema.org\",\"@graph\":[{\"@type\":\"Article\",\"@id\":\"https:\/\/vosgesinfo.fr\/saintdieinfo\/2025\/07\/filiere-textile-dans-les-vosges-votre-geste-continue-davoir-un-impact\/#article\",\"isPartOf\":{\"@id\":\"https:\/\/vosgesinfo.fr\/saintdieinfo\/2025\/07\/filiere-textile-dans-les-vosges-votre-geste-continue-davoir-un-impact\/\"},\"author\":{\"name\":\"Phj\",\"@id\":\"https:\/\/vosgesinfo.fr\/saintdieinfo\/#\/schema\/person\/4f57dc393faf2ac8b9f1cab30ad79250\"},\"headline\":\"Fili\u00e8re textile dans les Vosges : votre geste continue d\u2019avoir un impact !\",\"datePublished\":\"2025-07-25T06:49:43+00:00\",\"dateModified\":\"2025-07-25T06:49:43+00:00\",\"mainEntityOfPage\":{\"@id\":\"https:\/\/vosgesinfo.fr\/saintdieinfo\/2025\/07\/filiere-textile-dans-les-vosges-votre-geste-continue-davoir-un-impact\/\"},\"wordCount\":632,\"commentCount\":0,\"publisher\":{\"@id\":\"https:\/\/vosgesinfo.fr\/saintdieinfo\/#organization\"},\"image\":{\"@id\":\"https:\/\/vosgesinfo.fr\/saintdieinfo\/2025\/07\/filiere-textile-dans-les-vosges-votre-geste-continue-davoir-un-impact\/#primaryimage\"},\"thumbnailUrl\":\"https:\/\/vosgesinfo.fr\/app\/uploads\/sites\/4\/2025\/07\/fibre.png\",\"articleSection\":[\"A la Une\",\"Epinal\",\"Gerardmer\",\"La plaine des vosges\",\"Remiremont\",\"Saint-di\u00e9\"],\"inLanguage\":\"fr-FR\",\"potentialAction\":[{\"@type\":\"CommentAction\",\"name\":\"Comment\",\"target\":[\"https:\/\/vosgesinfo.fr\/saintdieinfo\/2025\/07\/filiere-textile-dans-les-vosges-votre-geste-continue-davoir-un-impact\/#respond\"]}]},{\"@type\":\"WebPage\",\"@id\":\"https:\/\/vosgesinfo.fr\/saintdieinfo\/2025\/07\/filiere-textile-dans-les-vosges-votre-geste-continue-davoir-un-impact\/\",\"url\":\"https:\/\/vosgesinfo.fr\/saintdieinfo\/2025\/07\/filiere-textile-dans-les-vosges-votre-geste-continue-davoir-un-impact\/\",\"name\":\"Fili\u00e8re textile dans les Vosges : votre geste continue d\u2019avoir un impact ! - Saint Die Info\",\"isPartOf\":{\"@id\":\"https:\/\/vosgesinfo.fr\/saintdieinfo\/#website\"},\"primaryImageOfPage\":{\"@id\":\"https:\/\/vosgesinfo.fr\/saintdieinfo\/2025\/07\/filiere-textile-dans-les-vosges-votre-geste-continue-davoir-un-impact\/#primaryimage\"},\"image\":{\"@id\":\"https:\/\/vosgesinfo.fr\/saintdieinfo\/2025\/07\/filiere-textile-dans-les-vosges-votre-geste-continue-davoir-un-impact\/#primaryimage\"},\"thumbnailUrl\":\"https:\/\/vosgesinfo.fr\/app\/uploads\/sites\/4\/2025\/07\/fibre.png\",\"datePublished\":\"2025-07-25T06:49:43+00:00\",\"dateModified\":\"2025-07-25T06:49:43+00:00\",\"breadcrumb\":{\"@id\":\"https:\/\/vosgesinfo.fr\/saintdieinfo\/2025\/07\/filiere-textile-dans-les-vosges-votre-geste-continue-davoir-un-impact\/#breadcrumb\"},\"inLanguage\":\"fr-FR\",\"potentialAction\":[{\"@type\":\"ReadAction\",\"target\":[\"https:\/\/vosgesinfo.fr\/saintdieinfo\/2025\/07\/filiere-textile-dans-les-vosges-votre-geste-continue-davoir-un-impact\/\"]}]},{\"@type\":\"ImageObject\",\"inLanguage\":\"fr-FR\",\"@id\":\"https:\/\/vosgesinfo.fr\/saintdieinfo\/2025\/07\/filiere-textile-dans-les-vosges-votre-geste-continue-davoir-un-impact\/#primaryimage\",\"url\":\"https:\/\/vosgesinfo.fr\/app\/uploads\/sites\/4\/2025\/07\/fibre.png\",\"contentUrl\":\"https:\/\/vosgesinfo.fr\/app\/uploads\/sites\/4\/2025\/07\/fibre.png\",\"width\":338,\"height\":446},{\"@type\":\"BreadcrumbList\",\"@id\":\"https:\/\/vosgesinfo.fr\/saintdieinfo\/2025\/07\/filiere-textile-dans-les-vosges-votre-geste-continue-davoir-un-impact\/#breadcrumb\",\"itemListElement\":[{\"@type\":\"ListItem\",\"position\":1,\"name\":\"Home\",\"item\":\"https:\/\/vosgesinfo.fr\/saintdieinfo\/\"},{\"@type\":\"ListItem\",\"position\":2,\"name\":\"Fili\u00e8re textile dans les Vosges : votre geste continue d\u2019avoir un impact !\"}]},{\"@type\":\"WebSite\",\"@id\":\"https:\/\/vosgesinfo.fr\/saintdieinfo\/#website\",\"url\":\"https:\/\/vosgesinfo.fr\/saintdieinfo\/\",\"name\":\"Saint Die Info\",\"description\":\"Toute l&#039;actualit\u00e9 de Saint-Di\u00e9-Des-Vosges\",\"publisher\":{\"@id\":\"https:\/\/vosgesinfo.fr\/saintdieinfo\/#organization\"},\"alternateName\":\"Toute l'actualit\u00e9 de Saint-Di\u00e9-Des-Vosges\",\"potentialAction\":[{\"@type\":\"SearchAction\",\"target\":{\"@type\":\"EntryPoint\",\"urlTemplate\":\"https:\/\/vosgesinfo.fr\/saintdieinfo\/?s={search_term_string}\"},\"query-input\":\"required name=search_term_string\"}],\"inLanguage\":\"fr-FR\"},{\"@type\":\"Organization\",\"@id\":\"https:\/\/vosgesinfo.fr\/saintdieinfo\/#organization\",\"name\":\"Saint Die Info\",\"url\":\"https:\/\/vosgesinfo.fr\/saintdieinfo\/\",\"logo\":{\"@type\":\"ImageObject\",\"inLanguage\":\"fr-FR\",\"@id\":\"https:\/\/vosgesinfo.fr\/saintdieinfo\/#\/schema\/logo\/image\/\",\"url\":\"https:\/\/vosgesinfo.fr\/app\/uploads\/sites\/4\/2024\/02\/logo-sdi.jpg\",\"contentUrl\":\"https:\/\/vosgesinfo.fr\/app\/uploads\/sites\/4\/2024\/02\/logo-sdi.jpg\",\"width\":600,\"height\":600,\"caption\":\"Saint Die Info\"},\"image\":{\"@id\":\"https:\/\/vosgesinfo.fr\/saintdieinfo\/#\/schema\/logo\/image\/\"},\"sameAs\":[\"https:\/\/www.facebook.com\/Saintdieinfofr\",\"https:\/\/x.com\/VosgesInfo88\",\"https:\/\/www.youtube.com\/@vosgesinfo\"]},{\"@type\":\"Person\",\"@id\":\"https:\/\/vosgesinfo.fr\/saintdieinfo\/#\/schema\/person\/4f57dc393faf2ac8b9f1cab30ad79250\",\"name\":\"Phj\",\"image\":{\"@type\":\"ImageObject\",\"inLanguage\":\"fr-FR\",\"@id\":\"https:\/\/vosgesinfo.fr\/saintdieinfo\/#\/schema\/person\/image\/\",\"url\":\"https:\/\/secure.gravatar.com\/avatar\/ada60265080fb9a89c9809bf0abb1f448a128cb85db1c08905baa5038fbe3cfe?s=96&d=mm&r=g\",\"contentUrl\":\"https:\/\/secure.gravatar.com\/avatar\/ada60265080fb9a89c9809bf0abb1f448a128cb85db1c08905baa5038fbe3cfe?s=96&d=mm&r=g\",\"caption\":\"Phj\"},\"url\":\"https:\/\/vosgesinfo.fr\/saintdieinfo\/author\/phj\/\"}]}<\/script>\n<!-- \/ Yoast SEO plugin. -->","yoast_head_json":{"title":"Fili\u00e8re textile dans les Vosges : votre geste continue d\u2019avoir un impact ! - Saint Die Info","robots":{"index":"index","follow":"follow","max-snippet":"max-snippet:-1","max-image-preview":"max-image-preview:large","max-video-preview":"max-video-preview:-1"},"canonical":"https:\/\/vosgesinfo.fr\/saintdieinfo\/2025\/07\/filiere-textile-dans-les-vosges-votre-geste-continue-davoir-un-impact\/","twitter_card":"summary_large_image","twitter_title":"Fili\u00e8re textile dans les Vosges : votre geste continue d\u2019avoir un impact ! - Saint Die Info","twitter_description":"Face aux tensions nationales qui fragilisent la fili\u00e8re textile, les Vosges tirent leur \u00e9pingle du jeu. Gr\u00e2ce \u00e0 une strat\u00e9gie [&hellip;]","twitter_image":"https:\/\/vosgesinfo.fr\/app\/uploads\/sites\/4\/2025\/07\/fibre.png","twitter_creator":"@VosgesInfo88","twitter_site":"@VosgesInfo88","twitter_misc":{"\u00c9crit par":"Phj","Dur\u00e9e de lecture estim\u00e9e":"3 minutes"},"schema":{"@context":"https:\/\/schema.org","@graph":[{"@type":"Article","@id":"https:\/\/vosgesinfo.fr\/saintdieinfo\/2025\/07\/filiere-textile-dans-les-vosges-votre-geste-continue-davoir-un-impact\/#article","isPartOf":{"@id":"https:\/\/vosgesinfo.fr\/saintdieinfo\/2025\/07\/filiere-textile-dans-les-vosges-votre-geste-continue-davoir-un-impact\/"},"author":{"name":"Phj","@id":"https:\/\/vosgesinfo.fr\/saintdieinfo\/#\/schema\/person\/4f57dc393faf2ac8b9f1cab30ad79250"},"headline":"Fili\u00e8re textile dans les Vosges : votre geste continue d\u2019avoir un impact !","datePublished":"2025-07-25T06:49:43+00:00","dateModified":"2025-07-25T06:49:43+00:00","mainEntityOfPage":{"@id":"https:\/\/vosgesinfo.fr\/saintdieinfo\/2025\/07\/filiere-textile-dans-les-vosges-votre-geste-continue-davoir-un-impact\/"},"wordCount":632,"commentCount":0,"publisher":{"@id":"https:\/\/vosgesinfo.fr\/saintdieinfo\/#organization"},"image":{"@id":"https:\/\/vosgesinfo.fr\/saintdieinfo\/2025\/07\/filiere-textile-dans-les-vosges-votre-geste-continue-davoir-un-impact\/#primaryimage"},"thumbnailUrl":"https:\/\/vosgesinfo.fr\/app\/uploads\/sites\/4\/2025\/07\/fibre.png","articleSection":["A la Une","Epinal","Gerardmer","La plaine des vosges","Remiremont","Saint-di\u00e9"],"inLanguage":"fr-FR","potentialAction":[{"@type":"CommentAction","name":"Comment","target":["https:\/\/vosgesinfo.fr\/saintdieinfo\/2025\/07\/filiere-textile-dans-les-vosges-votre-geste-continue-davoir-un-impact\/#respond"]}]},{"@type":"WebPage","@id":"https:\/\/vosgesinfo.fr\/saintdieinfo\/2025\/07\/filiere-textile-dans-les-vosges-votre-geste-continue-davoir-un-impact\/","url":"https:\/\/vosgesinfo.fr\/saintdieinfo\/2025\/07\/filiere-textile-dans-les-vosges-votre-geste-continue-davoir-un-impact\/","name":"Fili\u00e8re textile dans les Vosges : votre geste continue d\u2019avoir un impact ! - Saint Die Info","isPartOf":{"@id":"https:\/\/vosgesinfo.fr\/saintdieinfo\/#website"},"primaryImageOfPage":{"@id":"https:\/\/vosgesinfo.fr\/saintdieinfo\/2025\/07\/filiere-textile-dans-les-vosges-votre-geste-continue-davoir-un-impact\/#primaryimage"},"image":{"@id":"https:\/\/vosgesinfo.fr\/saintdieinfo\/2025\/07\/filiere-textile-dans-les-vosges-votre-geste-continue-davoir-un-impact\/#primaryimage"},"thumbnailUrl":"https:\/\/vosgesinfo.fr\/app\/uploads\/sites\/4\/2025\/07\/fibre.png","datePublished":"2025-07-25T06:49:43+00:00","dateModified":"2025-07-25T06:49:43+00:00","breadcrumb":{"@id":"https:\/\/vosgesinfo.fr\/saintdieinfo\/2025\/07\/filiere-textile-dans-les-vosges-votre-geste-continue-davoir-un-impact\/#breadcrumb"},"inLanguage":"fr-FR","potentialAction":[{"@type":"ReadAction","target":["https:\/\/vosgesinfo.fr\/saintdieinfo\/2025\/07\/filiere-textile-dans-les-vosges-votre-geste-continue-davoir-un-impact\/"]}]},{"@type":"ImageObject","inLanguage":"fr-FR","@id":"https:\/\/vosgesinfo.fr\/saintdieinfo\/2025\/07\/filiere-textile-dans-les-vosges-votre-geste-continue-davoir-un-impact\/#primaryimage","url":"https:\/\/vosgesinfo.fr\/app\/uploads\/sites\/4\/2025\/07\/fibre.png","contentUrl":"https:\/\/vosgesinfo.fr\/app\/uploads\/sites\/4\/2025\/07\/fibre.png","width":338,"height":446},{"@type":"BreadcrumbList","@id":"https:\/\/vosgesinfo.fr\/saintdieinfo\/2025\/07\/filiere-textile-dans-les-vosges-votre-geste-continue-davoir-un-impact\/#breadcrumb","itemListElement":[{"@type":"ListItem","position":1,"name":"Home","item":"https:\/\/vosgesinfo.fr\/saintdieinfo\/"},{"@type":"ListItem","position":2,"name":"Fili\u00e8re textile dans les Vosges : votre geste continue d\u2019avoir un impact !"}]},{"@type":"WebSite","@id":"https:\/\/vosgesinfo.fr\/saintdieinfo\/#website","url":"https:\/\/vosgesinfo.fr\/saintdieinfo\/","name":"Saint Die Info","description":"Toute l&#039;actualit\u00e9 de Saint-Di\u00e9-Des-Vosges","publisher":{"@id":"https:\/\/vosgesinfo.fr\/saintdieinfo\/#organization"},"alternateName":"Toute l'actualit\u00e9 de Saint-Di\u00e9-Des-Vosges","potentialAction":[{"@type":"SearchAction","target":{"@type":"EntryPoint","urlTemplate":"https:\/\/vosgesinfo.fr\/saintdieinfo\/?s={search_term_string}"},"query-input":"required name=search_term_string"}],"inLanguage":"fr-FR"},{"@type":"Organization","@id":"https:\/\/vosgesinfo.fr\/saintdieinfo\/#organization","name":"Saint Die Info","url":"https:\/\/vosgesinfo.fr\/saintdieinfo\/","logo":{"@type":"ImageObject","inLanguage":"fr-FR","@id":"https:\/\/vosgesinfo.fr\/saintdieinfo\/#\/schema\/logo\/image\/","url":"https:\/\/vosgesinfo.fr\/app\/uploads\/sites\/4\/2024\/02\/logo-sdi.jpg","contentUrl":"https:\/\/vosgesinfo.fr\/app\/uploads\/sites\/4\/2024\/02\/logo-sdi.jpg","width":600,"height":600,"caption":"Saint Die Info"},"image":{"@id":"https:\/\/vosgesinfo.fr\/saintdieinfo\/#\/schema\/logo\/image\/"},"sameAs":["https:\/\/www.facebook.com\/Saintdieinfofr","https:\/\/x.com\/VosgesInfo88","https:\/\/www.youtube.com\/@vosgesinfo"]},{"@type":"Person","@id":"https:\/\/vosgesinfo.fr\/saintdieinfo\/#\/schema\/person\/4f57dc393faf2ac8b9f1cab30ad79250","name":"Phj","image":{"@type":"ImageObject","inLanguage":"fr-FR","@id":"https:\/\/vosgesinfo.fr\/saintdieinfo\/#\/schema\/person\/image\/","url":"https:\/\/secure.gravatar.com\/avatar\/ada60265080fb9a89c9809bf0abb1f448a128cb85db1c08905baa5038fbe3cfe?s=96&d=mm&r=g","contentUrl":"https:\/\/secure.gravatar.com\/avatar\/ada60265080fb9a89c9809bf0abb1f448a128cb85db1c08905baa5038fbe3cfe?s=96&d=mm&r=g","caption":"Phj"},"url":"https:\/\/vosgesinfo.fr\/saintdieinfo\/author\/phj\/"}]}},"_links":{"self":[{"href":"https:\/\/vosgesinfo.fr\/saintdieinfo\/wp-json\/wp\/v2\/posts\/80621","targetHints":{"allow":["GET"]}}],"collection":[{"href":"https:\/\/vosgesinfo.fr\/saintdieinfo\/wp-json\/wp\/v2\/posts"}],"about":[{"href":"https:\/\/vosgesinfo.fr\/saintdieinfo\/wp-json\/wp\/v2\/types\/post"}],"author":[{"embeddable":true,"href":"https:\/\/vosgesinfo.fr\/saintdieinfo\/wp-json\/wp\/v2\/users\/39"}],"replies":[{"embeddable":true,"href":"https:\/\/vosgesinfo.fr\/saintdieinfo\/wp-json\/wp\/v2\/comments?post=80621"}],"version-history":[{"count":0,"href":"https:\/\/vosgesinfo.fr\/saintdieinfo\/wp-json\/wp\/v2\/posts\/80621\/revisions"}],"wp:featuredmedia":[{"embeddable":true,"href":"https:\/\/vosgesinfo.fr\/saintdieinfo\/wp-json\/wp\/v2\/media\/80622"}],"wp:attachment":[{"href":"https:\/\/vosgesinfo.fr\/saintdieinfo\/wp-json\/wp\/v2\/media?parent=80621"}],"wp:term":[{"taxonomy":"category","embeddable":true,"href":"https:\/\/vosgesinfo.fr\/saintdieinfo\/wp-json\/wp\/v2\/categories?post=80621"},{"taxonomy":"post_tag","embeddable":true,"href":"https:\/\/vosgesinfo.fr\/saintdieinfo\/wp-json\/wp\/v2\/tags?post=80621"}],"curies":[{"name":"wp","href":"https:\/\/api.w.org\/{rel}","templated":true}]}}