{"id":80623,"date":"2025-07-25T09:25:25","date_gmt":"2025-07-25T07:25:25","guid":{"rendered":"https:\/\/vosgesinfo.fr\/saintdieinfo\/?p=80623"},"modified":"2025-07-25T09:05:09","modified_gmt":"2025-07-25T07:05:09","slug":"carton-plein-pour-le-deuxieme-concert-sauvage-pour-enfants-de-jean-michel-rey","status":"publish","type":"post","link":"https:\/\/vosgesinfo.fr\/saintdieinfo\/2025\/07\/carton-plein-pour-le-deuxieme-concert-sauvage-pour-enfants-de-jean-michel-rey\/","title":{"rendered":"Carton plein pour le deuxi\u00e8me \u00ab\u00a0concert sauvage\u00a0\u00bb pour enfants de Jean-Michel Rey"},"content":{"rendered":"<div id=\"attachment_80625\" style=\"width: 1034px\" class=\"wp-caption alignnone\"><a href=\"https:\/\/vosgesinfo.fr\/app\/uploads\/sites\/4\/2025\/07\/concert-sauvage-jm-rey-2.jpg\"><img decoding=\"async\" aria-describedby=\"caption-attachment-80625\" class=\"size-large wp-image-80625\" src=\"https:\/\/vosgesinfo.fr\/app\/uploads\/sites\/4\/2025\/07\/concert-sauvage-jm-rey-2-1024x575.jpg\" alt=\"\" width=\"1024\" height=\"575\" srcset=\"https:\/\/vosgesinfo.fr\/app\/uploads\/sites\/4\/2025\/07\/concert-sauvage-jm-rey-2-1024x575.jpg 1024w, https:\/\/vosgesinfo.fr\/app\/uploads\/sites\/4\/2025\/07\/concert-sauvage-jm-rey-2-300x169.jpg 300w, https:\/\/vosgesinfo.fr\/app\/uploads\/sites\/4\/2025\/07\/concert-sauvage-jm-rey-2-768x431.jpg 768w, https:\/\/vosgesinfo.fr\/app\/uploads\/sites\/4\/2025\/07\/concert-sauvage-jm-rey-2.jpg 1200w\" sizes=\"(max-width: 1024px) 100vw, 1024px\" \/><\/a><p id=\"caption-attachment-80625\" class=\"wp-caption-text\">(Photographies Marc Fourniquet)<\/p><\/div>\n<h2 data-start=\"73\" data-end=\"312\"><strong data-start=\"73\" data-end=\"89\">Carton plein<\/strong> hier <strong data-start=\"95\" data-end=\"124\">jeudi en fin d\u2019apr\u00e8s-midi<\/strong> \u00e0 la <strong data-start=\"130\" data-end=\"155\">chapelle Saint-D\u00e9odat<\/strong>, qui accueillait le <strong data-start=\"176\" data-end=\"223\" data-is-only-node=\"\">deuxi\u00e8me des concerts sauvages pour enfants<\/strong> de <strong data-start=\"227\" data-end=\"246\">Jean-Michel Rey<\/strong>. Le <strong data-start=\"251\" data-end=\"295\">petit \u00e9difice religieux affichait comble<\/strong> pour l&rsquo;occasion.<\/h2>\n<p data-start=\"73\" data-end=\"312\"><!--more--><\/p>\n<p data-start=\"314\" data-end=\"542\">Pour rappel, le <strong data-start=\"330\" data-end=\"349\">premier concert<\/strong> de cette s\u00e9rie avait \u00e9t\u00e9 propos\u00e9 au <strong data-start=\"386\" data-end=\"428\">petit bois Suzanne No\u00eblle \u00e0 Foucharupt<\/strong>. Ce moment musical, <strong data-start=\"449\" data-end=\"472\">festif et convivial<\/strong>, s\u2019est termin\u00e9 par un <strong data-start=\"495\" data-end=\"541\">go\u00fbter \u00e0 base de grenadine et de madeleine<\/strong>.<\/p>\n<p data-start=\"544\" data-end=\"709\" data-is-last-node=\"\" data-is-only-node=\"\">Pour le <strong data-start=\"552\" data-end=\"560\">lieu<\/strong> et la <strong data-start=\"567\" data-end=\"606\">date du prochain concert(s) sauvage<\/strong>, il faudra surveiller r\u00e9guli\u00e8rement la <a href=\"https:\/\/www.facebook.com\/jeanmichel.rey.39\" target=\"_blank\" rel=\"noopener\"><strong data-start=\"646\" data-end=\"708\">page Facebook de l&rsquo;auteur-compositeur-interpr\u00e8te d\u00e9odatien<\/strong>.<\/a><\/p>\n<p data-start=\"544\" data-end=\"709\" data-is-last-node=\"\" data-is-only-node=\"\"><a href=\"https:\/\/vosgesinfo.fr\/app\/uploads\/sites\/4\/2025\/07\/concert-sauvage-jm-rey-1.jpg\"><img decoding=\"async\" class=\"alignnone size-large wp-image-80624\" src=\"https:\/\/vosgesinfo.fr\/app\/uploads\/sites\/4\/2025\/07\/concert-sauvage-jm-rey-1-768x1024.jpg\" alt=\"\" width=\"768\" height=\"1024\" srcset=\"https:\/\/vosgesinfo.fr\/app\/uploads\/sites\/4\/2025\/07\/concert-sauvage-jm-rey-1-768x1024.jpg 768w, https:\/\/vosgesinfo.fr\/app\/uploads\/sites\/4\/2025\/07\/concert-sauvage-jm-rey-1-225x300.jpg 225w, https:\/\/vosgesinfo.fr\/app\/uploads\/sites\/4\/2025\/07\/concert-sauvage-jm-rey-1.jpg 900w\" sizes=\"(max-width: 768px) 100vw, 768px\" \/><\/a><\/p>\n","protected":false},"excerpt":{"rendered":"<p>Carton plein hier jeudi en fin d\u2019apr\u00e8s-midi \u00e0 la chapelle Saint-D\u00e9odat, qui accueillait le deuxi\u00e8me des concerts sauvages pour enfants [&hellip;]<\/p>\n","protected":false},"author":46,"featured_media":80625,"comment_status":"open","ping_status":"open","sticky":false,"template":"","format":"standard","meta":{"footnotes":""},"categories":[460,8003,167],"tags":[4350,17854,17883,2940],"class_list":["post-80623","post","type-post","status-publish","format-standard","has-post-thumbnail","hentry","category-a-la-une","category-concert-culture","category-saint-die-des-vosges","tag-chapelle-saint-deodat","tag-concerts-sauvages-pour-enfants","tag-concerts-sauvages-pour-enfants-de-jean-michel-rey","tag-jean-michel-rey"],"acf":[],"yoast_head":"<!-- This site is optimized with the Yoast SEO plugin v22.5 - https:\/\/yoast.com\/wordpress\/plugins\/seo\/ -->\n<title>Carton plein pour le deuxi\u00e8me \u00ab\u00a0concert sauvage\u00a0\u00bb pour enfants de Jean-Michel Rey - Saint Die Info<\/title>\n<meta name=\"robots\" content=\"index, follow, max-snippet:-1, max-image-preview:large, max-video-preview:-1\" \/>\n<link rel=\"canonical\" href=\"https:\/\/vosgesinfo.fr\/saintdieinfo\/2025\/07\/carton-plein-pour-le-deuxieme-concert-sauvage-pour-enfants-de-jean-michel-rey\/\" \/>\n<meta name=\"twitter:card\" content=\"summary_large_image\" \/>\n<meta name=\"twitter:title\" content=\"Carton plein pour le deuxi\u00e8me \u00ab\u00a0concert sauvage\u00a0\u00bb pour enfants de Jean-Michel Rey - Saint Die Info\" \/>\n<meta name=\"twitter:description\" content=\"Carton plein hier jeudi en fin d\u2019apr\u00e8s-midi \u00e0 la chapelle Saint-D\u00e9odat, qui accueillait le deuxi\u00e8me des concerts sauvages pour enfants [&hellip;]\" \/>\n<meta name=\"twitter:image\" content=\"https:\/\/vosgesinfo.fr\/app\/uploads\/sites\/4\/2025\/07\/concert-sauvage-jm-rey-2.jpg\" \/>\n<meta name=\"twitter:creator\" content=\"@VosgesInfo88\" \/>\n<meta name=\"twitter:site\" content=\"@VosgesInfo88\" \/>\n<meta name=\"twitter:label1\" content=\"\u00c9crit par\" \/>\n\t<meta name=\"twitter:data1\" content=\"J.J.\" \/>\n\t<meta name=\"twitter:label2\" content=\"Dur\u00e9e de lecture estim\u00e9e\" \/>\n\t<meta name=\"twitter:data2\" content=\"1 minute\" \/>\n<script type=\"application\/ld+json\" class=\"yoast-schema-graph\">{\"@context\":\"https:\/\/schema.org\",\"@graph\":[{\"@type\":\"Article\",\"@id\":\"https:\/\/vosgesinfo.fr\/saintdieinfo\/2025\/07\/carton-plein-pour-le-deuxieme-concert-sauvage-pour-enfants-de-jean-michel-rey\/#article\",\"isPartOf\":{\"@id\":\"https:\/\/vosgesinfo.fr\/saintdieinfo\/2025\/07\/carton-plein-pour-le-deuxieme-concert-sauvage-pour-enfants-de-jean-michel-rey\/\"},\"author\":{\"name\":\"J.J.\",\"@id\":\"https:\/\/vosgesinfo.fr\/saintdieinfo\/#\/schema\/person\/fa73e9f726d67bb88f46d5b7943cb572\"},\"headline\":\"Carton plein pour le deuxi\u00e8me \u00ab\u00a0concert sauvage\u00a0\u00bb pour enfants de Jean-Michel Rey\",\"datePublished\":\"2025-07-25T07:25:25+00:00\",\"dateModified\":\"2025-07-25T07:05:09+00:00\",\"mainEntityOfPage\":{\"@id\":\"https:\/\/vosgesinfo.fr\/saintdieinfo\/2025\/07\/carton-plein-pour-le-deuxieme-concert-sauvage-pour-enfants-de-jean-michel-rey\/\"},\"wordCount\":122,\"commentCount\":0,\"publisher\":{\"@id\":\"https:\/\/vosgesinfo.fr\/saintdieinfo\/#organization\"},\"image\":{\"@id\":\"https:\/\/vosgesinfo.fr\/saintdieinfo\/2025\/07\/carton-plein-pour-le-deuxieme-concert-sauvage-pour-enfants-de-jean-michel-rey\/#primaryimage\"},\"thumbnailUrl\":\"https:\/\/vosgesinfo.fr\/app\/uploads\/sites\/4\/2025\/07\/concert-sauvage-jm-rey-2.jpg\",\"keywords\":[\"Chapelle Saint-D\u00e9odat\",\"Concerts sauvages pour enfants\",\"Concerts sauvages pour enfants de Jean-Michel Rey\",\"Jean-Michel Rey\"],\"articleSection\":[\"A la Une\",\"Concert\",\"Saint-Di\u00e9-des-Vosges\"],\"inLanguage\":\"fr-FR\",\"potentialAction\":[{\"@type\":\"CommentAction\",\"name\":\"Comment\",\"target\":[\"https:\/\/vosgesinfo.fr\/saintdieinfo\/2025\/07\/carton-plein-pour-le-deuxieme-concert-sauvage-pour-enfants-de-jean-michel-rey\/#respond\"]}]},{\"@type\":\"WebPage\",\"@id\":\"https:\/\/vosgesinfo.fr\/saintdieinfo\/2025\/07\/carton-plein-pour-le-deuxieme-concert-sauvage-pour-enfants-de-jean-michel-rey\/\",\"url\":\"https:\/\/vosgesinfo.fr\/saintdieinfo\/2025\/07\/carton-plein-pour-le-deuxieme-concert-sauvage-pour-enfants-de-jean-michel-rey\/\",\"name\":\"Carton plein pour le deuxi\u00e8me \u00ab\u00a0concert sauvage\u00a0\u00bb pour enfants de Jean-Michel Rey - Saint Die Info\",\"isPartOf\":{\"@id\":\"https:\/\/vosgesinfo.fr\/saintdieinfo\/#website\"},\"primaryImageOfPage\":{\"@id\":\"https:\/\/vosgesinfo.fr\/saintdieinfo\/2025\/07\/carton-plein-pour-le-deuxieme-concert-sauvage-pour-enfants-de-jean-michel-rey\/#primaryimage\"},\"image\":{\"@id\":\"https:\/\/vosgesinfo.fr\/saintdieinfo\/2025\/07\/carton-plein-pour-le-deuxieme-concert-sauvage-pour-enfants-de-jean-michel-rey\/#primaryimage\"},\"thumbnailUrl\":\"https:\/\/vosgesinfo.fr\/app\/uploads\/sites\/4\/2025\/07\/concert-sauvage-jm-rey-2.jpg\",\"datePublished\":\"2025-07-25T07:25:25+00:00\",\"dateModified\":\"2025-07-25T07:05:09+00:00\",\"breadcrumb\":{\"@id\":\"https:\/\/vosgesinfo.fr\/saintdieinfo\/2025\/07\/carton-plein-pour-le-deuxieme-concert-sauvage-pour-enfants-de-jean-michel-rey\/#breadcrumb\"},\"inLanguage\":\"fr-FR\",\"potentialAction\":[{\"@type\":\"ReadAction\",\"target\":[\"https:\/\/vosgesinfo.fr\/saintdieinfo\/2025\/07\/carton-plein-pour-le-deuxieme-concert-sauvage-pour-enfants-de-jean-michel-rey\/\"]}]},{\"@type\":\"ImageObject\",\"inLanguage\":\"fr-FR\",\"@id\":\"https:\/\/vosgesinfo.fr\/saintdieinfo\/2025\/07\/carton-plein-pour-le-deuxieme-concert-sauvage-pour-enfants-de-jean-michel-rey\/#primaryimage\",\"url\":\"https:\/\/vosgesinfo.fr\/app\/uploads\/sites\/4\/2025\/07\/concert-sauvage-jm-rey-2.jpg\",\"contentUrl\":\"https:\/\/vosgesinfo.fr\/app\/uploads\/sites\/4\/2025\/07\/concert-sauvage-jm-rey-2.jpg\",\"width\":1200,\"height\":674,\"caption\":\"(Photographies Marc Fourniquet)\"},{\"@type\":\"BreadcrumbList\",\"@id\":\"https:\/\/vosgesinfo.fr\/saintdieinfo\/2025\/07\/carton-plein-pour-le-deuxieme-concert-sauvage-pour-enfants-de-jean-michel-rey\/#breadcrumb\",\"itemListElement\":[{\"@type\":\"ListItem\",\"position\":1,\"name\":\"Home\",\"item\":\"https:\/\/vosgesinfo.fr\/saintdieinfo\/\"},{\"@type\":\"ListItem\",\"position\":2,\"name\":\"Carton plein pour le deuxi\u00e8me \u00ab\u00a0concert sauvage\u00a0\u00bb pour enfants de Jean-Michel Rey\"}]},{\"@type\":\"WebSite\",\"@id\":\"https:\/\/vosgesinfo.fr\/saintdieinfo\/#website\",\"url\":\"https:\/\/vosgesinfo.fr\/saintdieinfo\/\",\"name\":\"Saint Die Info\",\"description\":\"Toute l&#039;actualit\u00e9 de Saint-Di\u00e9-Des-Vosges\",\"publisher\":{\"@id\":\"https:\/\/vosgesinfo.fr\/saintdieinfo\/#organization\"},\"alternateName\":\"Toute l'actualit\u00e9 de Saint-Di\u00e9-Des-Vosges\",\"potentialAction\":[{\"@type\":\"SearchAction\",\"target\":{\"@type\":\"EntryPoint\",\"urlTemplate\":\"https:\/\/vosgesinfo.fr\/saintdieinfo\/?s={search_term_string}\"},\"query-input\":\"required name=search_term_string\"}],\"inLanguage\":\"fr-FR\"},{\"@type\":\"Organization\",\"@id\":\"https:\/\/vosgesinfo.fr\/saintdieinfo\/#organization\",\"name\":\"Saint Die Info\",\"url\":\"https:\/\/vosgesinfo.fr\/saintdieinfo\/\",\"logo\":{\"@type\":\"ImageObject\",\"inLanguage\":\"fr-FR\",\"@id\":\"https:\/\/vosgesinfo.fr\/saintdieinfo\/#\/schema\/logo\/image\/\",\"url\":\"https:\/\/vosgesinfo.fr\/app\/uploads\/sites\/4\/2024\/02\/logo-sdi.jpg\",\"contentUrl\":\"https:\/\/vosgesinfo.fr\/app\/uploads\/sites\/4\/2024\/02\/logo-sdi.jpg\",\"width\":600,\"height\":600,\"caption\":\"Saint Die Info\"},\"image\":{\"@id\":\"https:\/\/vosgesinfo.fr\/saintdieinfo\/#\/schema\/logo\/image\/\"},\"sameAs\":[\"https:\/\/www.facebook.com\/Saintdieinfofr\",\"https:\/\/x.com\/VosgesInfo88\",\"https:\/\/www.youtube.com\/@vosgesinfo\"]},{\"@type\":\"Person\",\"@id\":\"https:\/\/vosgesinfo.fr\/saintdieinfo\/#\/schema\/person\/fa73e9f726d67bb88f46d5b7943cb572\",\"name\":\"J.J.\",\"image\":{\"@type\":\"ImageObject\",\"inLanguage\":\"fr-FR\",\"@id\":\"https:\/\/vosgesinfo.fr\/saintdieinfo\/#\/schema\/person\/image\/\",\"url\":\"https:\/\/secure.gravatar.com\/avatar\/219e749e47ffbcca018a360ae4add7d4cdf1cdaaf8bc7676b27efade3fe65615?s=96&d=mm&r=g\",\"contentUrl\":\"https:\/\/secure.gravatar.com\/avatar\/219e749e47ffbcca018a360ae4add7d4cdf1cdaaf8bc7676b27efade3fe65615?s=96&d=mm&r=g\",\"caption\":\"J.J.\"},\"url\":\"https:\/\/vosgesinfo.fr\/saintdieinfo\/author\/j-j\/\"}]}<\/script>\n<!-- \/ Yoast SEO plugin. -->","yoast_head_json":{"title":"Carton plein pour le deuxi\u00e8me \u00ab\u00a0concert sauvage\u00a0\u00bb pour enfants de Jean-Michel Rey - Saint Die Info","robots":{"index":"index","follow":"follow","max-snippet":"max-snippet:-1","max-image-preview":"max-image-preview:large","max-video-preview":"max-video-preview:-1"},"canonical":"https:\/\/vosgesinfo.fr\/saintdieinfo\/2025\/07\/carton-plein-pour-le-deuxieme-concert-sauvage-pour-enfants-de-jean-michel-rey\/","twitter_card":"summary_large_image","twitter_title":"Carton plein pour le deuxi\u00e8me \u00ab\u00a0concert sauvage\u00a0\u00bb pour enfants de Jean-Michel Rey - Saint Die Info","twitter_description":"Carton plein hier jeudi en fin d\u2019apr\u00e8s-midi \u00e0 la chapelle Saint-D\u00e9odat, qui accueillait le deuxi\u00e8me des concerts sauvages pour enfants [&hellip;]","twitter_image":"https:\/\/vosgesinfo.fr\/app\/uploads\/sites\/4\/2025\/07\/concert-sauvage-jm-rey-2.jpg","twitter_creator":"@VosgesInfo88","twitter_site":"@VosgesInfo88","twitter_misc":{"\u00c9crit par":"J.J.","Dur\u00e9e de lecture estim\u00e9e":"1 minute"},"schema":{"@context":"https:\/\/schema.org","@graph":[{"@type":"Article","@id":"https:\/\/vosgesinfo.fr\/saintdieinfo\/2025\/07\/carton-plein-pour-le-deuxieme-concert-sauvage-pour-enfants-de-jean-michel-rey\/#article","isPartOf":{"@id":"https:\/\/vosgesinfo.fr\/saintdieinfo\/2025\/07\/carton-plein-pour-le-deuxieme-concert-sauvage-pour-enfants-de-jean-michel-rey\/"},"author":{"name":"J.J.","@id":"https:\/\/vosgesinfo.fr\/saintdieinfo\/#\/schema\/person\/fa73e9f726d67bb88f46d5b7943cb572"},"headline":"Carton plein pour le deuxi\u00e8me \u00ab\u00a0concert sauvage\u00a0\u00bb pour enfants de Jean-Michel Rey","datePublished":"2025-07-25T07:25:25+00:00","dateModified":"2025-07-25T07:05:09+00:00","mainEntityOfPage":{"@id":"https:\/\/vosgesinfo.fr\/saintdieinfo\/2025\/07\/carton-plein-pour-le-deuxieme-concert-sauvage-pour-enfants-de-jean-michel-rey\/"},"wordCount":122,"commentCount":0,"publisher":{"@id":"https:\/\/vosgesinfo.fr\/saintdieinfo\/#organization"},"image":{"@id":"https:\/\/vosgesinfo.fr\/saintdieinfo\/2025\/07\/carton-plein-pour-le-deuxieme-concert-sauvage-pour-enfants-de-jean-michel-rey\/#primaryimage"},"thumbnailUrl":"https:\/\/vosgesinfo.fr\/app\/uploads\/sites\/4\/2025\/07\/concert-sauvage-jm-rey-2.jpg","keywords":["Chapelle Saint-D\u00e9odat","Concerts sauvages pour enfants","Concerts sauvages pour enfants de Jean-Michel Rey","Jean-Michel Rey"],"articleSection":["A la Une","Concert","Saint-Di\u00e9-des-Vosges"],"inLanguage":"fr-FR","potentialAction":[{"@type":"CommentAction","name":"Comment","target":["https:\/\/vosgesinfo.fr\/saintdieinfo\/2025\/07\/carton-plein-pour-le-deuxieme-concert-sauvage-pour-enfants-de-jean-michel-rey\/#respond"]}]},{"@type":"WebPage","@id":"https:\/\/vosgesinfo.fr\/saintdieinfo\/2025\/07\/carton-plein-pour-le-deuxieme-concert-sauvage-pour-enfants-de-jean-michel-rey\/","url":"https:\/\/vosgesinfo.fr\/saintdieinfo\/2025\/07\/carton-plein-pour-le-deuxieme-concert-sauvage-pour-enfants-de-jean-michel-rey\/","name":"Carton plein pour le deuxi\u00e8me \u00ab\u00a0concert sauvage\u00a0\u00bb pour enfants de Jean-Michel Rey - Saint Die Info","isPartOf":{"@id":"https:\/\/vosgesinfo.fr\/saintdieinfo\/#website"},"primaryImageOfPage":{"@id":"https:\/\/vosgesinfo.fr\/saintdieinfo\/2025\/07\/carton-plein-pour-le-deuxieme-concert-sauvage-pour-enfants-de-jean-michel-rey\/#primaryimage"},"image":{"@id":"https:\/\/vosgesinfo.fr\/saintdieinfo\/2025\/07\/carton-plein-pour-le-deuxieme-concert-sauvage-pour-enfants-de-jean-michel-rey\/#primaryimage"},"thumbnailUrl":"https:\/\/vosgesinfo.fr\/app\/uploads\/sites\/4\/2025\/07\/concert-sauvage-jm-rey-2.jpg","datePublished":"2025-07-25T07:25:25+00:00","dateModified":"2025-07-25T07:05:09+00:00","breadcrumb":{"@id":"https:\/\/vosgesinfo.fr\/saintdieinfo\/2025\/07\/carton-plein-pour-le-deuxieme-concert-sauvage-pour-enfants-de-jean-michel-rey\/#breadcrumb"},"inLanguage":"fr-FR","potentialAction":[{"@type":"ReadAction","target":["https:\/\/vosgesinfo.fr\/saintdieinfo\/2025\/07\/carton-plein-pour-le-deuxieme-concert-sauvage-pour-enfants-de-jean-michel-rey\/"]}]},{"@type":"ImageObject","inLanguage":"fr-FR","@id":"https:\/\/vosgesinfo.fr\/saintdieinfo\/2025\/07\/carton-plein-pour-le-deuxieme-concert-sauvage-pour-enfants-de-jean-michel-rey\/#primaryimage","url":"https:\/\/vosgesinfo.fr\/app\/uploads\/sites\/4\/2025\/07\/concert-sauvage-jm-rey-2.jpg","contentUrl":"https:\/\/vosgesinfo.fr\/app\/uploads\/sites\/4\/2025\/07\/concert-sauvage-jm-rey-2.jpg","width":1200,"height":674,"caption":"(Photographies Marc Fourniquet)"},{"@type":"BreadcrumbList","@id":"https:\/\/vosgesinfo.fr\/saintdieinfo\/2025\/07\/carton-plein-pour-le-deuxieme-concert-sauvage-pour-enfants-de-jean-michel-rey\/#breadcrumb","itemListElement":[{"@type":"ListItem","position":1,"name":"Home","item":"https:\/\/vosgesinfo.fr\/saintdieinfo\/"},{"@type":"ListItem","position":2,"name":"Carton plein pour le deuxi\u00e8me \u00ab\u00a0concert sauvage\u00a0\u00bb pour enfants de Jean-Michel Rey"}]},{"@type":"WebSite","@id":"https:\/\/vosgesinfo.fr\/saintdieinfo\/#website","url":"https:\/\/vosgesinfo.fr\/saintdieinfo\/","name":"Saint Die Info","description":"Toute l&#039;actualit\u00e9 de Saint-Di\u00e9-Des-Vosges","publisher":{"@id":"https:\/\/vosgesinfo.fr\/saintdieinfo\/#organization"},"alternateName":"Toute l'actualit\u00e9 de Saint-Di\u00e9-Des-Vosges","potentialAction":[{"@type":"SearchAction","target":{"@type":"EntryPoint","urlTemplate":"https:\/\/vosgesinfo.fr\/saintdieinfo\/?s={search_term_string}"},"query-input":"required name=search_term_string"}],"inLanguage":"fr-FR"},{"@type":"Organization","@id":"https:\/\/vosgesinfo.fr\/saintdieinfo\/#organization","name":"Saint Die Info","url":"https:\/\/vosgesinfo.fr\/saintdieinfo\/","logo":{"@type":"ImageObject","inLanguage":"fr-FR","@id":"https:\/\/vosgesinfo.fr\/saintdieinfo\/#\/schema\/logo\/image\/","url":"https:\/\/vosgesinfo.fr\/app\/uploads\/sites\/4\/2024\/02\/logo-sdi.jpg","contentUrl":"https:\/\/vosgesinfo.fr\/app\/uploads\/sites\/4\/2024\/02\/logo-sdi.jpg","width":600,"height":600,"caption":"Saint Die Info"},"image":{"@id":"https:\/\/vosgesinfo.fr\/saintdieinfo\/#\/schema\/logo\/image\/"},"sameAs":["https:\/\/www.facebook.com\/Saintdieinfofr","https:\/\/x.com\/VosgesInfo88","https:\/\/www.youtube.com\/@vosgesinfo"]},{"@type":"Person","@id":"https:\/\/vosgesinfo.fr\/saintdieinfo\/#\/schema\/person\/fa73e9f726d67bb88f46d5b7943cb572","name":"J.J.","image":{"@type":"ImageObject","inLanguage":"fr-FR","@id":"https:\/\/vosgesinfo.fr\/saintdieinfo\/#\/schema\/person\/image\/","url":"https:\/\/secure.gravatar.com\/avatar\/219e749e47ffbcca018a360ae4add7d4cdf1cdaaf8bc7676b27efade3fe65615?s=96&d=mm&r=g","contentUrl":"https:\/\/secure.gravatar.com\/avatar\/219e749e47ffbcca018a360ae4add7d4cdf1cdaaf8bc7676b27efade3fe65615?s=96&d=mm&r=g","caption":"J.J."},"url":"https:\/\/vosgesinfo.fr\/saintdieinfo\/author\/j-j\/"}]}},"_links":{"self":[{"href":"https:\/\/vosgesinfo.fr\/saintdieinfo\/wp-json\/wp\/v2\/posts\/80623","targetHints":{"allow":["GET"]}}],"collection":[{"href":"https:\/\/vosgesinfo.fr\/saintdieinfo\/wp-json\/wp\/v2\/posts"}],"about":[{"href":"https:\/\/vosgesinfo.fr\/saintdieinfo\/wp-json\/wp\/v2\/types\/post"}],"author":[{"embeddable":true,"href":"https:\/\/vosgesinfo.fr\/saintdieinfo\/wp-json\/wp\/v2\/users\/46"}],"replies":[{"embeddable":true,"href":"https:\/\/vosgesinfo.fr\/saintdieinfo\/wp-json\/wp\/v2\/comments?post=80623"}],"version-history":[{"count":1,"href":"https:\/\/vosgesinfo.fr\/saintdieinfo\/wp-json\/wp\/v2\/posts\/80623\/revisions"}],"predecessor-version":[{"id":80626,"href":"https:\/\/vosgesinfo.fr\/saintdieinfo\/wp-json\/wp\/v2\/posts\/80623\/revisions\/80626"}],"wp:featuredmedia":[{"embeddable":true,"href":"https:\/\/vosgesinfo.fr\/saintdieinfo\/wp-json\/wp\/v2\/media\/80625"}],"wp:attachment":[{"href":"https:\/\/vosgesinfo.fr\/saintdieinfo\/wp-json\/wp\/v2\/media?parent=80623"}],"wp:term":[{"taxonomy":"category","embeddable":true,"href":"https:\/\/vosgesinfo.fr\/saintdieinfo\/wp-json\/wp\/v2\/categories?post=80623"},{"taxonomy":"post_tag","embeddable":true,"href":"https:\/\/vosgesinfo.fr\/saintdieinfo\/wp-json\/wp\/v2\/tags?post=80623"}],"curies":[{"name":"wp","href":"https:\/\/api.w.org\/{rel}","templated":true}]}}