{"id":80629,"date":"2025-07-25T11:00:37","date_gmt":"2025-07-25T09:00:37","guid":{"rendered":"https:\/\/vosgesinfo.fr\/saintdieinfo\/?p=80629"},"modified":"2025-07-25T10:47:41","modified_gmt":"2025-07-25T08:47:41","slug":"clairiere-urbaine-un-spectacle-en-apesanteur-a-saint-die-des-vosges","status":"publish","type":"post","link":"https:\/\/vosgesinfo.fr\/saintdieinfo\/2025\/07\/clairiere-urbaine-un-spectacle-en-apesanteur-a-saint-die-des-vosges\/","title":{"rendered":"Clairi\u00e8re Urbaine : un spectacle en apesanteur \u00e0 Saint-Di\u00e9-des-Vosges"},"content":{"rendered":"<div id=\"attachment_80630\" style=\"width: 1034px\" class=\"wp-caption alignnone\"><a href=\"https:\/\/vosgesinfo.fr\/app\/uploads\/sites\/4\/2025\/07\/clairiere-urbaine.png\"><img decoding=\"async\" aria-describedby=\"caption-attachment-80630\" class=\"size-large wp-image-80630\" src=\"https:\/\/vosgesinfo.fr\/app\/uploads\/sites\/4\/2025\/07\/clairiere-urbaine-1024x568.png\" alt=\"\" width=\"1024\" height=\"568\" srcset=\"https:\/\/vosgesinfo.fr\/app\/uploads\/sites\/4\/2025\/07\/clairiere-urbaine-1024x568.png 1024w, https:\/\/vosgesinfo.fr\/app\/uploads\/sites\/4\/2025\/07\/clairiere-urbaine-300x166.png 300w, https:\/\/vosgesinfo.fr\/app\/uploads\/sites\/4\/2025\/07\/clairiere-urbaine-768x426.png 768w, https:\/\/vosgesinfo.fr\/app\/uploads\/sites\/4\/2025\/07\/clairiere-urbaine.png 1173w\" sizes=\"(max-width: 1024px) 100vw, 1024px\" \/><\/a><p id=\"caption-attachment-80630\" class=\"wp-caption-text\">(Compagnie Retouramont)<\/p><\/div>\n<h2>Pour son <strong>dernier rendez-vous de la saison<\/strong>, le <strong>P\u00f4le du Spectacle Vivant de la D\u00e9odatie<\/strong>, <a href=\"https:\/\/vosgesinfo.fr\/saintdieinfo\/2025\/07\/letincelle-une-nouvelle-identite-pour-le-spectacle-vivant-de-la-deodatie\/\" target=\"_blank\" rel=\"noopener\">r\u00e9cemment baptis\u00e9 <strong>\u00ab\u202fL&rsquo;\u00c9tincelle\u202f\u00bb<\/strong><\/a>, invite le public \u00e0 assister \u00e0 une <strong>performance vertigineuse<\/strong> avec la <strong>compagnie Retouramont<\/strong>, ce <strong>dimanche 27 juillet \u00e0 18h<\/strong>.<\/h2>\n<p><!--more--><\/p>\n<h3>Une danse verticale en hauteur<\/h3>\n<p>Intitul\u00e9 <em>Clairi\u00e8re Urbaine<\/em>, ce <strong>spectacle original et professionnel<\/strong> investira la <strong>Tour de la Libert\u00e9<\/strong>, pour une repr\u00e9sentation de <strong>danse verticale<\/strong>, m\u00ealant <strong>acrobaties<\/strong> et <strong>po\u00e9sie visuelle<\/strong>. \u00c0 travers un <strong>dialogue entre sculpture et mouvement<\/strong>, les artistes transformeront, durant <strong>45 minutes<\/strong>, l\u2019<strong>architecture du site<\/strong> en un <strong>terrain de jeu a\u00e9rien<\/strong>, en <strong>constante \u00e9volution<\/strong>. Ce <strong>temps fort de l&rsquo;\u00c9t\u00e9 en grand<\/strong> est <strong>gratuit et ouvert \u00e0 tous<\/strong>.<\/p>\n","protected":false},"excerpt":{"rendered":"<p>Pour son dernier rendez-vous de la saison, le P\u00f4le du Spectacle Vivant de la D\u00e9odatie, r\u00e9cemment baptis\u00e9 \u00ab\u202fL&rsquo;\u00c9tincelle\u202f\u00bb, invite le [&hellip;]<\/p>\n","protected":false},"author":46,"featured_media":80630,"comment_status":"open","ping_status":"open","sticky":false,"template":"","format":"standard","meta":{"footnotes":""},"categories":[460,7847,167],"tags":[17886,17885,2967,4438,2953],"class_list":["post-80629","post","type-post","status-publish","format-standard","has-post-thumbnail","hentry","category-a-la-une","category-art-culture","category-saint-die-des-vosges","tag-clairiere-urbaine","tag-compagnie-retouramont","tag-ete-en-grand-a-saint-die-des-vosges","tag-pole-du-spectacle-vivant-de-la-communaute-dagglomeration-de-saint-die-des-vosges","tag-tour-de-la-liberte"],"acf":[],"yoast_head":"<!-- This site is optimized with the Yoast SEO plugin v22.5 - https:\/\/yoast.com\/wordpress\/plugins\/seo\/ -->\n<title>Clairi\u00e8re Urbaine : un spectacle en apesanteur \u00e0 Saint-Di\u00e9-des-Vosges - Saint Die Info<\/title>\n<meta name=\"robots\" content=\"index, follow, max-snippet:-1, max-image-preview:large, max-video-preview:-1\" \/>\n<link rel=\"canonical\" href=\"https:\/\/vosgesinfo.fr\/saintdieinfo\/2025\/07\/clairiere-urbaine-un-spectacle-en-apesanteur-a-saint-die-des-vosges\/\" \/>\n<meta name=\"twitter:card\" content=\"summary_large_image\" \/>\n<meta name=\"twitter:title\" content=\"Clairi\u00e8re Urbaine : un spectacle en apesanteur \u00e0 Saint-Di\u00e9-des-Vosges - Saint Die Info\" \/>\n<meta name=\"twitter:description\" content=\"Pour son dernier rendez-vous de la saison, le P\u00f4le du Spectacle Vivant de la D\u00e9odatie, r\u00e9cemment baptis\u00e9 \u00ab\u202fL&rsquo;\u00c9tincelle\u202f\u00bb, invite le [&hellip;]\" \/>\n<meta name=\"twitter:image\" content=\"https:\/\/vosgesinfo.fr\/app\/uploads\/sites\/4\/2025\/07\/clairiere-urbaine.png\" \/>\n<meta name=\"twitter:creator\" content=\"@VosgesInfo88\" \/>\n<meta name=\"twitter:site\" content=\"@VosgesInfo88\" \/>\n<meta name=\"twitter:label1\" content=\"\u00c9crit par\" \/>\n\t<meta name=\"twitter:data1\" content=\"J.J.\" \/>\n\t<meta name=\"twitter:label2\" content=\"Dur\u00e9e de lecture estim\u00e9e\" \/>\n\t<meta name=\"twitter:data2\" content=\"1 minute\" \/>\n<script type=\"application\/ld+json\" class=\"yoast-schema-graph\">{\"@context\":\"https:\/\/schema.org\",\"@graph\":[{\"@type\":\"Article\",\"@id\":\"https:\/\/vosgesinfo.fr\/saintdieinfo\/2025\/07\/clairiere-urbaine-un-spectacle-en-apesanteur-a-saint-die-des-vosges\/#article\",\"isPartOf\":{\"@id\":\"https:\/\/vosgesinfo.fr\/saintdieinfo\/2025\/07\/clairiere-urbaine-un-spectacle-en-apesanteur-a-saint-die-des-vosges\/\"},\"author\":{\"name\":\"J.J.\",\"@id\":\"https:\/\/vosgesinfo.fr\/saintdieinfo\/#\/schema\/person\/fa73e9f726d67bb88f46d5b7943cb572\"},\"headline\":\"Clairi\u00e8re Urbaine : un spectacle en apesanteur \u00e0 Saint-Di\u00e9-des-Vosges\",\"datePublished\":\"2025-07-25T09:00:37+00:00\",\"dateModified\":\"2025-07-25T08:47:41+00:00\",\"mainEntityOfPage\":{\"@id\":\"https:\/\/vosgesinfo.fr\/saintdieinfo\/2025\/07\/clairiere-urbaine-un-spectacle-en-apesanteur-a-saint-die-des-vosges\/\"},\"wordCount\":128,\"commentCount\":0,\"publisher\":{\"@id\":\"https:\/\/vosgesinfo.fr\/saintdieinfo\/#organization\"},\"image\":{\"@id\":\"https:\/\/vosgesinfo.fr\/saintdieinfo\/2025\/07\/clairiere-urbaine-un-spectacle-en-apesanteur-a-saint-die-des-vosges\/#primaryimage\"},\"thumbnailUrl\":\"https:\/\/vosgesinfo.fr\/app\/uploads\/sites\/4\/2025\/07\/clairiere-urbaine.png\",\"keywords\":[\"Clairi\u00e8re Urbaine\",\"Compagnie Retouramont\",\"Et\u00e9 en grand \u00e0 Saint-Di\u00e9-des-Vosges\",\"P\u00f4le du spectacle vivant de la Communaut\u00e9 d'Agglom\u00e9ration de Saint-Di\u00e9-des-Vosges\",\"Tour de la Libert\u00e9\"],\"articleSection\":[\"A la Une\",\"Culture\",\"Saint-Di\u00e9-des-Vosges\"],\"inLanguage\":\"fr-FR\",\"potentialAction\":[{\"@type\":\"CommentAction\",\"name\":\"Comment\",\"target\":[\"https:\/\/vosgesinfo.fr\/saintdieinfo\/2025\/07\/clairiere-urbaine-un-spectacle-en-apesanteur-a-saint-die-des-vosges\/#respond\"]}]},{\"@type\":\"WebPage\",\"@id\":\"https:\/\/vosgesinfo.fr\/saintdieinfo\/2025\/07\/clairiere-urbaine-un-spectacle-en-apesanteur-a-saint-die-des-vosges\/\",\"url\":\"https:\/\/vosgesinfo.fr\/saintdieinfo\/2025\/07\/clairiere-urbaine-un-spectacle-en-apesanteur-a-saint-die-des-vosges\/\",\"name\":\"Clairi\u00e8re Urbaine : un spectacle en apesanteur \u00e0 Saint-Di\u00e9-des-Vosges - Saint Die Info\",\"isPartOf\":{\"@id\":\"https:\/\/vosgesinfo.fr\/saintdieinfo\/#website\"},\"primaryImageOfPage\":{\"@id\":\"https:\/\/vosgesinfo.fr\/saintdieinfo\/2025\/07\/clairiere-urbaine-un-spectacle-en-apesanteur-a-saint-die-des-vosges\/#primaryimage\"},\"image\":{\"@id\":\"https:\/\/vosgesinfo.fr\/saintdieinfo\/2025\/07\/clairiere-urbaine-un-spectacle-en-apesanteur-a-saint-die-des-vosges\/#primaryimage\"},\"thumbnailUrl\":\"https:\/\/vosgesinfo.fr\/app\/uploads\/sites\/4\/2025\/07\/clairiere-urbaine.png\",\"datePublished\":\"2025-07-25T09:00:37+00:00\",\"dateModified\":\"2025-07-25T08:47:41+00:00\",\"breadcrumb\":{\"@id\":\"https:\/\/vosgesinfo.fr\/saintdieinfo\/2025\/07\/clairiere-urbaine-un-spectacle-en-apesanteur-a-saint-die-des-vosges\/#breadcrumb\"},\"inLanguage\":\"fr-FR\",\"potentialAction\":[{\"@type\":\"ReadAction\",\"target\":[\"https:\/\/vosgesinfo.fr\/saintdieinfo\/2025\/07\/clairiere-urbaine-un-spectacle-en-apesanteur-a-saint-die-des-vosges\/\"]}]},{\"@type\":\"ImageObject\",\"inLanguage\":\"fr-FR\",\"@id\":\"https:\/\/vosgesinfo.fr\/saintdieinfo\/2025\/07\/clairiere-urbaine-un-spectacle-en-apesanteur-a-saint-die-des-vosges\/#primaryimage\",\"url\":\"https:\/\/vosgesinfo.fr\/app\/uploads\/sites\/4\/2025\/07\/clairiere-urbaine.png\",\"contentUrl\":\"https:\/\/vosgesinfo.fr\/app\/uploads\/sites\/4\/2025\/07\/clairiere-urbaine.png\",\"width\":1173,\"height\":651,\"caption\":\"(Compagnie Retouramont)\"},{\"@type\":\"BreadcrumbList\",\"@id\":\"https:\/\/vosgesinfo.fr\/saintdieinfo\/2025\/07\/clairiere-urbaine-un-spectacle-en-apesanteur-a-saint-die-des-vosges\/#breadcrumb\",\"itemListElement\":[{\"@type\":\"ListItem\",\"position\":1,\"name\":\"Home\",\"item\":\"https:\/\/vosgesinfo.fr\/saintdieinfo\/\"},{\"@type\":\"ListItem\",\"position\":2,\"name\":\"Clairi\u00e8re Urbaine : un spectacle en apesanteur \u00e0 Saint-Di\u00e9-des-Vosges\"}]},{\"@type\":\"WebSite\",\"@id\":\"https:\/\/vosgesinfo.fr\/saintdieinfo\/#website\",\"url\":\"https:\/\/vosgesinfo.fr\/saintdieinfo\/\",\"name\":\"Saint Die Info\",\"description\":\"Toute l&#039;actualit\u00e9 de Saint-Di\u00e9-Des-Vosges\",\"publisher\":{\"@id\":\"https:\/\/vosgesinfo.fr\/saintdieinfo\/#organization\"},\"alternateName\":\"Toute l'actualit\u00e9 de Saint-Di\u00e9-Des-Vosges\",\"potentialAction\":[{\"@type\":\"SearchAction\",\"target\":{\"@type\":\"EntryPoint\",\"urlTemplate\":\"https:\/\/vosgesinfo.fr\/saintdieinfo\/?s={search_term_string}\"},\"query-input\":\"required name=search_term_string\"}],\"inLanguage\":\"fr-FR\"},{\"@type\":\"Organization\",\"@id\":\"https:\/\/vosgesinfo.fr\/saintdieinfo\/#organization\",\"name\":\"Saint Die Info\",\"url\":\"https:\/\/vosgesinfo.fr\/saintdieinfo\/\",\"logo\":{\"@type\":\"ImageObject\",\"inLanguage\":\"fr-FR\",\"@id\":\"https:\/\/vosgesinfo.fr\/saintdieinfo\/#\/schema\/logo\/image\/\",\"url\":\"https:\/\/vosgesinfo.fr\/app\/uploads\/sites\/4\/2024\/02\/logo-sdi.jpg\",\"contentUrl\":\"https:\/\/vosgesinfo.fr\/app\/uploads\/sites\/4\/2024\/02\/logo-sdi.jpg\",\"width\":600,\"height\":600,\"caption\":\"Saint Die Info\"},\"image\":{\"@id\":\"https:\/\/vosgesinfo.fr\/saintdieinfo\/#\/schema\/logo\/image\/\"},\"sameAs\":[\"https:\/\/www.facebook.com\/Saintdieinfofr\",\"https:\/\/x.com\/VosgesInfo88\",\"https:\/\/www.youtube.com\/@vosgesinfo\"]},{\"@type\":\"Person\",\"@id\":\"https:\/\/vosgesinfo.fr\/saintdieinfo\/#\/schema\/person\/fa73e9f726d67bb88f46d5b7943cb572\",\"name\":\"J.J.\",\"image\":{\"@type\":\"ImageObject\",\"inLanguage\":\"fr-FR\",\"@id\":\"https:\/\/vosgesinfo.fr\/saintdieinfo\/#\/schema\/person\/image\/\",\"url\":\"https:\/\/secure.gravatar.com\/avatar\/219e749e47ffbcca018a360ae4add7d4cdf1cdaaf8bc7676b27efade3fe65615?s=96&d=mm&r=g\",\"contentUrl\":\"https:\/\/secure.gravatar.com\/avatar\/219e749e47ffbcca018a360ae4add7d4cdf1cdaaf8bc7676b27efade3fe65615?s=96&d=mm&r=g\",\"caption\":\"J.J.\"},\"url\":\"https:\/\/vosgesinfo.fr\/saintdieinfo\/author\/j-j\/\"}]}<\/script>\n<!-- \/ Yoast SEO plugin. -->","yoast_head_json":{"title":"Clairi\u00e8re Urbaine : un spectacle en apesanteur \u00e0 Saint-Di\u00e9-des-Vosges - Saint Die Info","robots":{"index":"index","follow":"follow","max-snippet":"max-snippet:-1","max-image-preview":"max-image-preview:large","max-video-preview":"max-video-preview:-1"},"canonical":"https:\/\/vosgesinfo.fr\/saintdieinfo\/2025\/07\/clairiere-urbaine-un-spectacle-en-apesanteur-a-saint-die-des-vosges\/","twitter_card":"summary_large_image","twitter_title":"Clairi\u00e8re Urbaine : un spectacle en apesanteur \u00e0 Saint-Di\u00e9-des-Vosges - Saint Die Info","twitter_description":"Pour son dernier rendez-vous de la saison, le P\u00f4le du Spectacle Vivant de la D\u00e9odatie, r\u00e9cemment baptis\u00e9 \u00ab\u202fL&rsquo;\u00c9tincelle\u202f\u00bb, invite le [&hellip;]","twitter_image":"https:\/\/vosgesinfo.fr\/app\/uploads\/sites\/4\/2025\/07\/clairiere-urbaine.png","twitter_creator":"@VosgesInfo88","twitter_site":"@VosgesInfo88","twitter_misc":{"\u00c9crit par":"J.J.","Dur\u00e9e de lecture estim\u00e9e":"1 minute"},"schema":{"@context":"https:\/\/schema.org","@graph":[{"@type":"Article","@id":"https:\/\/vosgesinfo.fr\/saintdieinfo\/2025\/07\/clairiere-urbaine-un-spectacle-en-apesanteur-a-saint-die-des-vosges\/#article","isPartOf":{"@id":"https:\/\/vosgesinfo.fr\/saintdieinfo\/2025\/07\/clairiere-urbaine-un-spectacle-en-apesanteur-a-saint-die-des-vosges\/"},"author":{"name":"J.J.","@id":"https:\/\/vosgesinfo.fr\/saintdieinfo\/#\/schema\/person\/fa73e9f726d67bb88f46d5b7943cb572"},"headline":"Clairi\u00e8re Urbaine : un spectacle en apesanteur \u00e0 Saint-Di\u00e9-des-Vosges","datePublished":"2025-07-25T09:00:37+00:00","dateModified":"2025-07-25T08:47:41+00:00","mainEntityOfPage":{"@id":"https:\/\/vosgesinfo.fr\/saintdieinfo\/2025\/07\/clairiere-urbaine-un-spectacle-en-apesanteur-a-saint-die-des-vosges\/"},"wordCount":128,"commentCount":0,"publisher":{"@id":"https:\/\/vosgesinfo.fr\/saintdieinfo\/#organization"},"image":{"@id":"https:\/\/vosgesinfo.fr\/saintdieinfo\/2025\/07\/clairiere-urbaine-un-spectacle-en-apesanteur-a-saint-die-des-vosges\/#primaryimage"},"thumbnailUrl":"https:\/\/vosgesinfo.fr\/app\/uploads\/sites\/4\/2025\/07\/clairiere-urbaine.png","keywords":["Clairi\u00e8re Urbaine","Compagnie Retouramont","Et\u00e9 en grand \u00e0 Saint-Di\u00e9-des-Vosges","P\u00f4le du spectacle vivant de la Communaut\u00e9 d'Agglom\u00e9ration de Saint-Di\u00e9-des-Vosges","Tour de la Libert\u00e9"],"articleSection":["A la Une","Culture","Saint-Di\u00e9-des-Vosges"],"inLanguage":"fr-FR","potentialAction":[{"@type":"CommentAction","name":"Comment","target":["https:\/\/vosgesinfo.fr\/saintdieinfo\/2025\/07\/clairiere-urbaine-un-spectacle-en-apesanteur-a-saint-die-des-vosges\/#respond"]}]},{"@type":"WebPage","@id":"https:\/\/vosgesinfo.fr\/saintdieinfo\/2025\/07\/clairiere-urbaine-un-spectacle-en-apesanteur-a-saint-die-des-vosges\/","url":"https:\/\/vosgesinfo.fr\/saintdieinfo\/2025\/07\/clairiere-urbaine-un-spectacle-en-apesanteur-a-saint-die-des-vosges\/","name":"Clairi\u00e8re Urbaine : un spectacle en apesanteur \u00e0 Saint-Di\u00e9-des-Vosges - Saint Die Info","isPartOf":{"@id":"https:\/\/vosgesinfo.fr\/saintdieinfo\/#website"},"primaryImageOfPage":{"@id":"https:\/\/vosgesinfo.fr\/saintdieinfo\/2025\/07\/clairiere-urbaine-un-spectacle-en-apesanteur-a-saint-die-des-vosges\/#primaryimage"},"image":{"@id":"https:\/\/vosgesinfo.fr\/saintdieinfo\/2025\/07\/clairiere-urbaine-un-spectacle-en-apesanteur-a-saint-die-des-vosges\/#primaryimage"},"thumbnailUrl":"https:\/\/vosgesinfo.fr\/app\/uploads\/sites\/4\/2025\/07\/clairiere-urbaine.png","datePublished":"2025-07-25T09:00:37+00:00","dateModified":"2025-07-25T08:47:41+00:00","breadcrumb":{"@id":"https:\/\/vosgesinfo.fr\/saintdieinfo\/2025\/07\/clairiere-urbaine-un-spectacle-en-apesanteur-a-saint-die-des-vosges\/#breadcrumb"},"inLanguage":"fr-FR","potentialAction":[{"@type":"ReadAction","target":["https:\/\/vosgesinfo.fr\/saintdieinfo\/2025\/07\/clairiere-urbaine-un-spectacle-en-apesanteur-a-saint-die-des-vosges\/"]}]},{"@type":"ImageObject","inLanguage":"fr-FR","@id":"https:\/\/vosgesinfo.fr\/saintdieinfo\/2025\/07\/clairiere-urbaine-un-spectacle-en-apesanteur-a-saint-die-des-vosges\/#primaryimage","url":"https:\/\/vosgesinfo.fr\/app\/uploads\/sites\/4\/2025\/07\/clairiere-urbaine.png","contentUrl":"https:\/\/vosgesinfo.fr\/app\/uploads\/sites\/4\/2025\/07\/clairiere-urbaine.png","width":1173,"height":651,"caption":"(Compagnie Retouramont)"},{"@type":"BreadcrumbList","@id":"https:\/\/vosgesinfo.fr\/saintdieinfo\/2025\/07\/clairiere-urbaine-un-spectacle-en-apesanteur-a-saint-die-des-vosges\/#breadcrumb","itemListElement":[{"@type":"ListItem","position":1,"name":"Home","item":"https:\/\/vosgesinfo.fr\/saintdieinfo\/"},{"@type":"ListItem","position":2,"name":"Clairi\u00e8re Urbaine : un spectacle en apesanteur \u00e0 Saint-Di\u00e9-des-Vosges"}]},{"@type":"WebSite","@id":"https:\/\/vosgesinfo.fr\/saintdieinfo\/#website","url":"https:\/\/vosgesinfo.fr\/saintdieinfo\/","name":"Saint Die Info","description":"Toute l&#039;actualit\u00e9 de Saint-Di\u00e9-Des-Vosges","publisher":{"@id":"https:\/\/vosgesinfo.fr\/saintdieinfo\/#organization"},"alternateName":"Toute l'actualit\u00e9 de Saint-Di\u00e9-Des-Vosges","potentialAction":[{"@type":"SearchAction","target":{"@type":"EntryPoint","urlTemplate":"https:\/\/vosgesinfo.fr\/saintdieinfo\/?s={search_term_string}"},"query-input":"required name=search_term_string"}],"inLanguage":"fr-FR"},{"@type":"Organization","@id":"https:\/\/vosgesinfo.fr\/saintdieinfo\/#organization","name":"Saint Die Info","url":"https:\/\/vosgesinfo.fr\/saintdieinfo\/","logo":{"@type":"ImageObject","inLanguage":"fr-FR","@id":"https:\/\/vosgesinfo.fr\/saintdieinfo\/#\/schema\/logo\/image\/","url":"https:\/\/vosgesinfo.fr\/app\/uploads\/sites\/4\/2024\/02\/logo-sdi.jpg","contentUrl":"https:\/\/vosgesinfo.fr\/app\/uploads\/sites\/4\/2024\/02\/logo-sdi.jpg","width":600,"height":600,"caption":"Saint Die Info"},"image":{"@id":"https:\/\/vosgesinfo.fr\/saintdieinfo\/#\/schema\/logo\/image\/"},"sameAs":["https:\/\/www.facebook.com\/Saintdieinfofr","https:\/\/x.com\/VosgesInfo88","https:\/\/www.youtube.com\/@vosgesinfo"]},{"@type":"Person","@id":"https:\/\/vosgesinfo.fr\/saintdieinfo\/#\/schema\/person\/fa73e9f726d67bb88f46d5b7943cb572","name":"J.J.","image":{"@type":"ImageObject","inLanguage":"fr-FR","@id":"https:\/\/vosgesinfo.fr\/saintdieinfo\/#\/schema\/person\/image\/","url":"https:\/\/secure.gravatar.com\/avatar\/219e749e47ffbcca018a360ae4add7d4cdf1cdaaf8bc7676b27efade3fe65615?s=96&d=mm&r=g","contentUrl":"https:\/\/secure.gravatar.com\/avatar\/219e749e47ffbcca018a360ae4add7d4cdf1cdaaf8bc7676b27efade3fe65615?s=96&d=mm&r=g","caption":"J.J."},"url":"https:\/\/vosgesinfo.fr\/saintdieinfo\/author\/j-j\/"}]}},"_links":{"self":[{"href":"https:\/\/vosgesinfo.fr\/saintdieinfo\/wp-json\/wp\/v2\/posts\/80629","targetHints":{"allow":["GET"]}}],"collection":[{"href":"https:\/\/vosgesinfo.fr\/saintdieinfo\/wp-json\/wp\/v2\/posts"}],"about":[{"href":"https:\/\/vosgesinfo.fr\/saintdieinfo\/wp-json\/wp\/v2\/types\/post"}],"author":[{"embeddable":true,"href":"https:\/\/vosgesinfo.fr\/saintdieinfo\/wp-json\/wp\/v2\/users\/46"}],"replies":[{"embeddable":true,"href":"https:\/\/vosgesinfo.fr\/saintdieinfo\/wp-json\/wp\/v2\/comments?post=80629"}],"version-history":[{"count":1,"href":"https:\/\/vosgesinfo.fr\/saintdieinfo\/wp-json\/wp\/v2\/posts\/80629\/revisions"}],"predecessor-version":[{"id":80631,"href":"https:\/\/vosgesinfo.fr\/saintdieinfo\/wp-json\/wp\/v2\/posts\/80629\/revisions\/80631"}],"wp:featuredmedia":[{"embeddable":true,"href":"https:\/\/vosgesinfo.fr\/saintdieinfo\/wp-json\/wp\/v2\/media\/80630"}],"wp:attachment":[{"href":"https:\/\/vosgesinfo.fr\/saintdieinfo\/wp-json\/wp\/v2\/media?parent=80629"}],"wp:term":[{"taxonomy":"category","embeddable":true,"href":"https:\/\/vosgesinfo.fr\/saintdieinfo\/wp-json\/wp\/v2\/categories?post=80629"},{"taxonomy":"post_tag","embeddable":true,"href":"https:\/\/vosgesinfo.fr\/saintdieinfo\/wp-json\/wp\/v2\/tags?post=80629"}],"curies":[{"name":"wp","href":"https:\/\/api.w.org\/{rel}","templated":true}]}}