{"id":80636,"date":"2025-07-25T14:20:09","date_gmt":"2025-07-25T12:20:09","guid":{"rendered":"https:\/\/vosgesinfo.fr\/saintdieinfo\/?p=80636"},"modified":"2025-07-25T14:04:47","modified_gmt":"2025-07-25T12:04:47","slug":"vosges-signature-de-la-charte-agrivoltaique-departementale","status":"publish","type":"post","link":"https:\/\/vosgesinfo.fr\/saintdieinfo\/2025\/07\/vosges-signature-de-la-charte-agrivoltaique-departementale\/","title":{"rendered":"Vosges \u2013 Signature de la charte agrivolta\u00efque d\u00e9partementale"},"content":{"rendered":"<div id=\"attachment_80639\" style=\"width: 1034px\" class=\"wp-caption alignnone\"><a href=\"https:\/\/vosgesinfo.fr\/app\/uploads\/sites\/4\/2025\/07\/vosges-signature-charte-agrivoltaique-3.jpg\"><img decoding=\"async\" aria-describedby=\"caption-attachment-80639\" class=\"size-large wp-image-80639\" src=\"https:\/\/vosgesinfo.fr\/app\/uploads\/sites\/4\/2025\/07\/vosges-signature-charte-agrivoltaique-3-1024x768.jpg\" alt=\"\" width=\"1024\" height=\"768\" srcset=\"https:\/\/vosgesinfo.fr\/app\/uploads\/sites\/4\/2025\/07\/vosges-signature-charte-agrivoltaique-3-1024x768.jpg 1024w, https:\/\/vosgesinfo.fr\/app\/uploads\/sites\/4\/2025\/07\/vosges-signature-charte-agrivoltaique-3-300x225.jpg 300w, https:\/\/vosgesinfo.fr\/app\/uploads\/sites\/4\/2025\/07\/vosges-signature-charte-agrivoltaique-3-768x576.jpg 768w, https:\/\/vosgesinfo.fr\/app\/uploads\/sites\/4\/2025\/07\/vosges-signature-charte-agrivoltaique-3-1536x1152.jpg 1536w, https:\/\/vosgesinfo.fr\/app\/uploads\/sites\/4\/2025\/07\/vosges-signature-charte-agrivoltaique-3.jpg 2048w\" sizes=\"(max-width: 1024px) 100vw, 1024px\" \/><\/a><p id=\"caption-attachment-80639\" class=\"wp-caption-text\">(Photographies Pr\u00e9fecture des Vosges)<\/p><\/div>\n<h2 data-start=\"164\" data-end=\"486\"><strong data-start=\"164\" data-end=\"186\">En ce vendredi 25 juillet<\/strong>, la <strong data-start=\"191\" data-end=\"230\">charte agrivolta\u00efque d\u00e9partementale<\/strong> a \u00e9t\u00e9 sign\u00e9e par les repr\u00e9sentants de la <strong data-start=\"272\" data-end=\"295\">profession agricole<\/strong>, des <strong data-start=\"301\" data-end=\"326\">collectivit\u00e9s locales<\/strong> et des <strong data-start=\"334\" data-end=\"356\">services de l\u2019\u00c9tat<\/strong>. L\u2019objectif affich\u00e9 \u00e9tant\u00a0 de <strong data-start=\"384\" data-end=\"426\">concilier production d\u2019\u00e9nergie solaire<\/strong> et <strong data-start=\"430\" data-end=\"469\">pr\u00e9servation de l\u2019activit\u00e9 agricole<\/strong> dans les Vosges.<\/h2>\n<p data-start=\"164\" data-end=\"486\"><!--more--><\/p>\n<h3 data-start=\"488\" data-end=\"531\"><strong>Un cadre fix\u00e9 pour les projets solaires<\/strong><\/h3>\n<p data-start=\"533\" data-end=\"925\">Dans le contexte de la <strong data-start=\"556\" data-end=\"584\">loi APER du 10 mars 2023<\/strong>, qui encadre l\u2019installation de panneaux solaires sur les <strong data-start=\"642\" data-end=\"694\">espaces naturels, agricoles et forestiers (ENAF)<\/strong>, deux types de projets sont autoris\u00e9s : les projets <strong data-start=\"747\" data-end=\"799\">agrivolta\u00efques compatibles avec l\u2019usage agricole<\/strong> ou ceux implant\u00e9s sur <strong data-start=\"822\" data-end=\"870\">des terrains incultes depuis plus de dix ans<\/strong>, r\u00e9pertori\u00e9s dans un <strong data-start=\"892\" data-end=\"924\">document-cadre d\u00e9partemental<\/strong>.<\/p>\n<p data-start=\"927\" data-end=\"1170\">Dans les Vosges, ce document est d\u00e9sormais finalis\u00e9 : <strong data-start=\"981\" data-end=\"1009\">23 sites ont \u00e9t\u00e9 retenus<\/strong>, repr\u00e9sentant <strong data-start=\"1024\" data-end=\"1042\">49,36 hectares<\/strong>, contre les <strong data-start=\"1055\" data-end=\"1092\">86 hectares propos\u00e9s initialement<\/strong>, apr\u00e8s <strong data-start=\"1100\" data-end=\"1138\">consultation des acteurs agricoles<\/strong>, des <strong data-start=\"1144\" data-end=\"1152\">EPCI<\/strong> et du <strong data-start=\"1159\" data-end=\"1169\">public<\/strong>.<\/p>\n<h3 data-start=\"1172\" data-end=\"1224\"><strong>Une charte pour orienter les porteurs de projets<\/strong><\/h3>\n<p data-start=\"1226\" data-end=\"1499\">Port\u00e9e par la <strong data-start=\"1240\" data-end=\"1265\">Chambre d\u2019agriculture<\/strong>, la charte vise \u00e0 <strong data-start=\"1284\" data-end=\"1318\">guider les porteurs de projets<\/strong> en posant des principes clairs : <strong data-start=\"1352\" data-end=\"1384\">maintien de l\u2019usage agricole<\/strong>, <strong data-start=\"1386\" data-end=\"1420\">partage \u00e9quitable de la valeur<\/strong>, et <strong data-start=\"1425\" data-end=\"1455\">crit\u00e8res techniques pr\u00e9cis<\/strong> (taux de couverture, hauteur, espacement\u2026).<\/p>\n<p data-start=\"1501\" data-end=\"1738\" data-is-last-node=\"\" data-is-only-node=\"\">Sans <strong data-start=\"1506\" data-end=\"1530\">valeur r\u00e9glementaire<\/strong>, elle constitue n\u00e9anmoins une <strong data-start=\"1561\" data-end=\"1617\">r\u00e9f\u00e9rence pour les d\u00e9veloppeurs et les collectivit\u00e9s<\/strong>. Sa signature marque une <strong data-start=\"1643\" data-end=\"1663\">\u00e9tape importante<\/strong> vers un <strong data-start=\"1672\" data-end=\"1717\">d\u00e9veloppement ma\u00eetris\u00e9 de l\u2019agrivolta\u00efsme<\/strong> dans le d\u00e9partement.<\/p>\n\n\t\t<style type=\"text\/css\">\n\t\t\t#gallery-1 {\n\t\t\t\tmargin: auto;\n\t\t\t}\n\t\t\t#gallery-1 .gallery-item {\n\t\t\t\tfloat: left;\n\t\t\t\tmargin-top: 10px;\n\t\t\t\ttext-align: center;\n\t\t\t\twidth: 50%;\n\t\t\t}\n\t\t\t#gallery-1 img {\n\t\t\t\tborder: 2px solid #cfcfcf;\n\t\t\t}\n\t\t\t#gallery-1 .gallery-caption {\n\t\t\t\tmargin-left: 0;\n\t\t\t}\n\t\t\t\/* see gallery_shortcode() in wp-includes\/media.php *\/\n\t\t<\/style>\n\t\t<div id='gallery-1' class='gallery galleryid-80636 gallery-columns-2 gallery-size-thumbnail'><dl class='gallery-item'>\n\t\t\t<dt class='gallery-icon landscape'>\n\t\t\t\t<a href='https:\/\/vosgesinfo.fr\/app\/uploads\/sites\/4\/2025\/07\/vosges-signature-charte-agrivoltaique-2.jpg'><img decoding=\"async\" width=\"150\" height=\"150\" src=\"https:\/\/vosgesinfo.fr\/app\/uploads\/sites\/4\/2025\/07\/vosges-signature-charte-agrivoltaique-2-150x150.jpg\" class=\"attachment-thumbnail size-thumbnail\" alt=\"\" \/><\/a>\n\t\t\t<\/dt><\/dl><dl class='gallery-item'>\n\t\t\t<dt class='gallery-icon landscape'>\n\t\t\t\t<a href='https:\/\/vosgesinfo.fr\/app\/uploads\/sites\/4\/2025\/07\/vosges-signature-charte-agrivoltaique-1.jpg'><img decoding=\"async\" width=\"150\" height=\"150\" src=\"https:\/\/vosgesinfo.fr\/app\/uploads\/sites\/4\/2025\/07\/vosges-signature-charte-agrivoltaique-1-150x150.jpg\" class=\"attachment-thumbnail size-thumbnail\" alt=\"\" \/><\/a>\n\t\t\t<\/dt><\/dl><br style=\"clear: both\" \/>\n\t\t<\/div>\n\n","protected":false},"excerpt":{"rendered":"<p>En ce vendredi 25 juillet, la charte agrivolta\u00efque d\u00e9partementale a \u00e9t\u00e9 sign\u00e9e par les repr\u00e9sentants de la profession agricole, des [&hellip;]<\/p>\n","protected":false},"author":46,"featured_media":80639,"comment_status":"open","ping_status":"open","sticky":false,"template":"","format":"standard","meta":{"footnotes":""},"categories":[460,128,7,5392,5391,5389,4099,18],"tags":[4619,17887,17888],"class_list":["post-80636","post","type-post","status-publish","format-standard","has-post-thumbnail","hentry","category-a-la-une","category-agriculture","category-environnement","category-epinal","category-gerardmer","category-la-plaine-des-vosges","category-remiremont","category-vosges","tag-chambre-dagriculture-des-vosges","tag-charte-agrivoltaique-departementale-des-vosges","tag-loi-aper"],"acf":[],"yoast_head":"<!-- This site is optimized with the Yoast SEO plugin v22.5 - https:\/\/yoast.com\/wordpress\/plugins\/seo\/ -->\n<title>Vosges \u2013 Signature de la charte agrivolta\u00efque d\u00e9partementale - Saint Die Info<\/title>\n<meta name=\"robots\" content=\"index, follow, max-snippet:-1, max-image-preview:large, max-video-preview:-1\" \/>\n<link rel=\"canonical\" href=\"https:\/\/vosgesinfo.fr\/saintdieinfo\/2025\/07\/vosges-signature-de-la-charte-agrivoltaique-departementale\/\" \/>\n<meta name=\"twitter:card\" content=\"summary_large_image\" \/>\n<meta name=\"twitter:title\" content=\"Vosges \u2013 Signature de la charte agrivolta\u00efque d\u00e9partementale - Saint Die Info\" \/>\n<meta name=\"twitter:description\" content=\"En ce vendredi 25 juillet, la charte agrivolta\u00efque d\u00e9partementale a \u00e9t\u00e9 sign\u00e9e par les repr\u00e9sentants de la profession agricole, des [&hellip;]\" \/>\n<meta name=\"twitter:image\" content=\"https:\/\/vosgesinfo.fr\/app\/uploads\/sites\/4\/2025\/07\/vosges-signature-charte-agrivoltaique-3.jpg\" \/>\n<meta name=\"twitter:creator\" content=\"@VosgesInfo88\" \/>\n<meta name=\"twitter:site\" content=\"@VosgesInfo88\" \/>\n<meta name=\"twitter:label1\" content=\"\u00c9crit par\" \/>\n\t<meta name=\"twitter:data1\" content=\"J.J.\" \/>\n\t<meta name=\"twitter:label2\" content=\"Dur\u00e9e de lecture estim\u00e9e\" \/>\n\t<meta name=\"twitter:data2\" content=\"1 minute\" \/>\n<script type=\"application\/ld+json\" class=\"yoast-schema-graph\">{\"@context\":\"https:\/\/schema.org\",\"@graph\":[{\"@type\":\"Article\",\"@id\":\"https:\/\/vosgesinfo.fr\/saintdieinfo\/2025\/07\/vosges-signature-de-la-charte-agrivoltaique-departementale\/#article\",\"isPartOf\":{\"@id\":\"https:\/\/vosgesinfo.fr\/saintdieinfo\/2025\/07\/vosges-signature-de-la-charte-agrivoltaique-departementale\/\"},\"author\":{\"name\":\"J.J.\",\"@id\":\"https:\/\/vosgesinfo.fr\/saintdieinfo\/#\/schema\/person\/fa73e9f726d67bb88f46d5b7943cb572\"},\"headline\":\"Vosges \u2013 Signature de la charte agrivolta\u00efque d\u00e9partementale\",\"datePublished\":\"2025-07-25T12:20:09+00:00\",\"dateModified\":\"2025-07-25T12:04:47+00:00\",\"mainEntityOfPage\":{\"@id\":\"https:\/\/vosgesinfo.fr\/saintdieinfo\/2025\/07\/vosges-signature-de-la-charte-agrivoltaique-departementale\/\"},\"wordCount\":268,\"commentCount\":0,\"publisher\":{\"@id\":\"https:\/\/vosgesinfo.fr\/saintdieinfo\/#organization\"},\"image\":{\"@id\":\"https:\/\/vosgesinfo.fr\/saintdieinfo\/2025\/07\/vosges-signature-de-la-charte-agrivoltaique-departementale\/#primaryimage\"},\"thumbnailUrl\":\"https:\/\/vosgesinfo.fr\/app\/uploads\/sites\/4\/2025\/07\/vosges-signature-charte-agrivoltaique-3.jpg\",\"keywords\":[\"Chambre d'Agriculture des Vosges\",\"Charte agrivolta\u00efque d\u00e9partementale des Vosges\",\"Loi APER\"],\"articleSection\":[\"A la Une\",\"Agriculture\",\"Environnement\",\"Epinal\",\"Gerardmer\",\"La plaine des vosges\",\"Remiremont\",\"Vosges\"],\"inLanguage\":\"fr-FR\",\"potentialAction\":[{\"@type\":\"CommentAction\",\"name\":\"Comment\",\"target\":[\"https:\/\/vosgesinfo.fr\/saintdieinfo\/2025\/07\/vosges-signature-de-la-charte-agrivoltaique-departementale\/#respond\"]}]},{\"@type\":\"WebPage\",\"@id\":\"https:\/\/vosgesinfo.fr\/saintdieinfo\/2025\/07\/vosges-signature-de-la-charte-agrivoltaique-departementale\/\",\"url\":\"https:\/\/vosgesinfo.fr\/saintdieinfo\/2025\/07\/vosges-signature-de-la-charte-agrivoltaique-departementale\/\",\"name\":\"Vosges \u2013 Signature de la charte agrivolta\u00efque d\u00e9partementale - Saint Die Info\",\"isPartOf\":{\"@id\":\"https:\/\/vosgesinfo.fr\/saintdieinfo\/#website\"},\"primaryImageOfPage\":{\"@id\":\"https:\/\/vosgesinfo.fr\/saintdieinfo\/2025\/07\/vosges-signature-de-la-charte-agrivoltaique-departementale\/#primaryimage\"},\"image\":{\"@id\":\"https:\/\/vosgesinfo.fr\/saintdieinfo\/2025\/07\/vosges-signature-de-la-charte-agrivoltaique-departementale\/#primaryimage\"},\"thumbnailUrl\":\"https:\/\/vosgesinfo.fr\/app\/uploads\/sites\/4\/2025\/07\/vosges-signature-charte-agrivoltaique-3.jpg\",\"datePublished\":\"2025-07-25T12:20:09+00:00\",\"dateModified\":\"2025-07-25T12:04:47+00:00\",\"breadcrumb\":{\"@id\":\"https:\/\/vosgesinfo.fr\/saintdieinfo\/2025\/07\/vosges-signature-de-la-charte-agrivoltaique-departementale\/#breadcrumb\"},\"inLanguage\":\"fr-FR\",\"potentialAction\":[{\"@type\":\"ReadAction\",\"target\":[\"https:\/\/vosgesinfo.fr\/saintdieinfo\/2025\/07\/vosges-signature-de-la-charte-agrivoltaique-departementale\/\"]}]},{\"@type\":\"ImageObject\",\"inLanguage\":\"fr-FR\",\"@id\":\"https:\/\/vosgesinfo.fr\/saintdieinfo\/2025\/07\/vosges-signature-de-la-charte-agrivoltaique-departementale\/#primaryimage\",\"url\":\"https:\/\/vosgesinfo.fr\/app\/uploads\/sites\/4\/2025\/07\/vosges-signature-charte-agrivoltaique-3.jpg\",\"contentUrl\":\"https:\/\/vosgesinfo.fr\/app\/uploads\/sites\/4\/2025\/07\/vosges-signature-charte-agrivoltaique-3.jpg\",\"width\":2048,\"height\":1536,\"caption\":\"(Photographies Pr\u00e9fecture des Vosges)\"},{\"@type\":\"BreadcrumbList\",\"@id\":\"https:\/\/vosgesinfo.fr\/saintdieinfo\/2025\/07\/vosges-signature-de-la-charte-agrivoltaique-departementale\/#breadcrumb\",\"itemListElement\":[{\"@type\":\"ListItem\",\"position\":1,\"name\":\"Home\",\"item\":\"https:\/\/vosgesinfo.fr\/saintdieinfo\/\"},{\"@type\":\"ListItem\",\"position\":2,\"name\":\"Vosges \u2013 Signature de la charte agrivolta\u00efque d\u00e9partementale\"}]},{\"@type\":\"WebSite\",\"@id\":\"https:\/\/vosgesinfo.fr\/saintdieinfo\/#website\",\"url\":\"https:\/\/vosgesinfo.fr\/saintdieinfo\/\",\"name\":\"Saint Die Info\",\"description\":\"Toute l&#039;actualit\u00e9 de Saint-Di\u00e9-Des-Vosges\",\"publisher\":{\"@id\":\"https:\/\/vosgesinfo.fr\/saintdieinfo\/#organization\"},\"alternateName\":\"Toute l'actualit\u00e9 de Saint-Di\u00e9-Des-Vosges\",\"potentialAction\":[{\"@type\":\"SearchAction\",\"target\":{\"@type\":\"EntryPoint\",\"urlTemplate\":\"https:\/\/vosgesinfo.fr\/saintdieinfo\/?s={search_term_string}\"},\"query-input\":\"required name=search_term_string\"}],\"inLanguage\":\"fr-FR\"},{\"@type\":\"Organization\",\"@id\":\"https:\/\/vosgesinfo.fr\/saintdieinfo\/#organization\",\"name\":\"Saint Die Info\",\"url\":\"https:\/\/vosgesinfo.fr\/saintdieinfo\/\",\"logo\":{\"@type\":\"ImageObject\",\"inLanguage\":\"fr-FR\",\"@id\":\"https:\/\/vosgesinfo.fr\/saintdieinfo\/#\/schema\/logo\/image\/\",\"url\":\"https:\/\/vosgesinfo.fr\/app\/uploads\/sites\/4\/2024\/02\/logo-sdi.jpg\",\"contentUrl\":\"https:\/\/vosgesinfo.fr\/app\/uploads\/sites\/4\/2024\/02\/logo-sdi.jpg\",\"width\":600,\"height\":600,\"caption\":\"Saint Die Info\"},\"image\":{\"@id\":\"https:\/\/vosgesinfo.fr\/saintdieinfo\/#\/schema\/logo\/image\/\"},\"sameAs\":[\"https:\/\/www.facebook.com\/Saintdieinfofr\",\"https:\/\/x.com\/VosgesInfo88\",\"https:\/\/www.youtube.com\/@vosgesinfo\"]},{\"@type\":\"Person\",\"@id\":\"https:\/\/vosgesinfo.fr\/saintdieinfo\/#\/schema\/person\/fa73e9f726d67bb88f46d5b7943cb572\",\"name\":\"J.J.\",\"image\":{\"@type\":\"ImageObject\",\"inLanguage\":\"fr-FR\",\"@id\":\"https:\/\/vosgesinfo.fr\/saintdieinfo\/#\/schema\/person\/image\/\",\"url\":\"https:\/\/secure.gravatar.com\/avatar\/219e749e47ffbcca018a360ae4add7d4cdf1cdaaf8bc7676b27efade3fe65615?s=96&d=mm&r=g\",\"contentUrl\":\"https:\/\/secure.gravatar.com\/avatar\/219e749e47ffbcca018a360ae4add7d4cdf1cdaaf8bc7676b27efade3fe65615?s=96&d=mm&r=g\",\"caption\":\"J.J.\"},\"url\":\"https:\/\/vosgesinfo.fr\/saintdieinfo\/author\/j-j\/\"}]}<\/script>\n<!-- \/ Yoast SEO plugin. -->","yoast_head_json":{"title":"Vosges \u2013 Signature de la charte agrivolta\u00efque d\u00e9partementale - Saint Die Info","robots":{"index":"index","follow":"follow","max-snippet":"max-snippet:-1","max-image-preview":"max-image-preview:large","max-video-preview":"max-video-preview:-1"},"canonical":"https:\/\/vosgesinfo.fr\/saintdieinfo\/2025\/07\/vosges-signature-de-la-charte-agrivoltaique-departementale\/","twitter_card":"summary_large_image","twitter_title":"Vosges \u2013 Signature de la charte agrivolta\u00efque d\u00e9partementale - Saint Die Info","twitter_description":"En ce vendredi 25 juillet, la charte agrivolta\u00efque d\u00e9partementale a \u00e9t\u00e9 sign\u00e9e par les repr\u00e9sentants de la profession agricole, des [&hellip;]","twitter_image":"https:\/\/vosgesinfo.fr\/app\/uploads\/sites\/4\/2025\/07\/vosges-signature-charte-agrivoltaique-3.jpg","twitter_creator":"@VosgesInfo88","twitter_site":"@VosgesInfo88","twitter_misc":{"\u00c9crit par":"J.J.","Dur\u00e9e de lecture estim\u00e9e":"1 minute"},"schema":{"@context":"https:\/\/schema.org","@graph":[{"@type":"Article","@id":"https:\/\/vosgesinfo.fr\/saintdieinfo\/2025\/07\/vosges-signature-de-la-charte-agrivoltaique-departementale\/#article","isPartOf":{"@id":"https:\/\/vosgesinfo.fr\/saintdieinfo\/2025\/07\/vosges-signature-de-la-charte-agrivoltaique-departementale\/"},"author":{"name":"J.J.","@id":"https:\/\/vosgesinfo.fr\/saintdieinfo\/#\/schema\/person\/fa73e9f726d67bb88f46d5b7943cb572"},"headline":"Vosges \u2013 Signature de la charte agrivolta\u00efque d\u00e9partementale","datePublished":"2025-07-25T12:20:09+00:00","dateModified":"2025-07-25T12:04:47+00:00","mainEntityOfPage":{"@id":"https:\/\/vosgesinfo.fr\/saintdieinfo\/2025\/07\/vosges-signature-de-la-charte-agrivoltaique-departementale\/"},"wordCount":268,"commentCount":0,"publisher":{"@id":"https:\/\/vosgesinfo.fr\/saintdieinfo\/#organization"},"image":{"@id":"https:\/\/vosgesinfo.fr\/saintdieinfo\/2025\/07\/vosges-signature-de-la-charte-agrivoltaique-departementale\/#primaryimage"},"thumbnailUrl":"https:\/\/vosgesinfo.fr\/app\/uploads\/sites\/4\/2025\/07\/vosges-signature-charte-agrivoltaique-3.jpg","keywords":["Chambre d'Agriculture des Vosges","Charte agrivolta\u00efque d\u00e9partementale des Vosges","Loi APER"],"articleSection":["A la Une","Agriculture","Environnement","Epinal","Gerardmer","La plaine des vosges","Remiremont","Vosges"],"inLanguage":"fr-FR","potentialAction":[{"@type":"CommentAction","name":"Comment","target":["https:\/\/vosgesinfo.fr\/saintdieinfo\/2025\/07\/vosges-signature-de-la-charte-agrivoltaique-departementale\/#respond"]}]},{"@type":"WebPage","@id":"https:\/\/vosgesinfo.fr\/saintdieinfo\/2025\/07\/vosges-signature-de-la-charte-agrivoltaique-departementale\/","url":"https:\/\/vosgesinfo.fr\/saintdieinfo\/2025\/07\/vosges-signature-de-la-charte-agrivoltaique-departementale\/","name":"Vosges \u2013 Signature de la charte agrivolta\u00efque d\u00e9partementale - Saint Die Info","isPartOf":{"@id":"https:\/\/vosgesinfo.fr\/saintdieinfo\/#website"},"primaryImageOfPage":{"@id":"https:\/\/vosgesinfo.fr\/saintdieinfo\/2025\/07\/vosges-signature-de-la-charte-agrivoltaique-departementale\/#primaryimage"},"image":{"@id":"https:\/\/vosgesinfo.fr\/saintdieinfo\/2025\/07\/vosges-signature-de-la-charte-agrivoltaique-departementale\/#primaryimage"},"thumbnailUrl":"https:\/\/vosgesinfo.fr\/app\/uploads\/sites\/4\/2025\/07\/vosges-signature-charte-agrivoltaique-3.jpg","datePublished":"2025-07-25T12:20:09+00:00","dateModified":"2025-07-25T12:04:47+00:00","breadcrumb":{"@id":"https:\/\/vosgesinfo.fr\/saintdieinfo\/2025\/07\/vosges-signature-de-la-charte-agrivoltaique-departementale\/#breadcrumb"},"inLanguage":"fr-FR","potentialAction":[{"@type":"ReadAction","target":["https:\/\/vosgesinfo.fr\/saintdieinfo\/2025\/07\/vosges-signature-de-la-charte-agrivoltaique-departementale\/"]}]},{"@type":"ImageObject","inLanguage":"fr-FR","@id":"https:\/\/vosgesinfo.fr\/saintdieinfo\/2025\/07\/vosges-signature-de-la-charte-agrivoltaique-departementale\/#primaryimage","url":"https:\/\/vosgesinfo.fr\/app\/uploads\/sites\/4\/2025\/07\/vosges-signature-charte-agrivoltaique-3.jpg","contentUrl":"https:\/\/vosgesinfo.fr\/app\/uploads\/sites\/4\/2025\/07\/vosges-signature-charte-agrivoltaique-3.jpg","width":2048,"height":1536,"caption":"(Photographies Pr\u00e9fecture des Vosges)"},{"@type":"BreadcrumbList","@id":"https:\/\/vosgesinfo.fr\/saintdieinfo\/2025\/07\/vosges-signature-de-la-charte-agrivoltaique-departementale\/#breadcrumb","itemListElement":[{"@type":"ListItem","position":1,"name":"Home","item":"https:\/\/vosgesinfo.fr\/saintdieinfo\/"},{"@type":"ListItem","position":2,"name":"Vosges \u2013 Signature de la charte agrivolta\u00efque d\u00e9partementale"}]},{"@type":"WebSite","@id":"https:\/\/vosgesinfo.fr\/saintdieinfo\/#website","url":"https:\/\/vosgesinfo.fr\/saintdieinfo\/","name":"Saint Die Info","description":"Toute l&#039;actualit\u00e9 de Saint-Di\u00e9-Des-Vosges","publisher":{"@id":"https:\/\/vosgesinfo.fr\/saintdieinfo\/#organization"},"alternateName":"Toute l'actualit\u00e9 de Saint-Di\u00e9-Des-Vosges","potentialAction":[{"@type":"SearchAction","target":{"@type":"EntryPoint","urlTemplate":"https:\/\/vosgesinfo.fr\/saintdieinfo\/?s={search_term_string}"},"query-input":"required name=search_term_string"}],"inLanguage":"fr-FR"},{"@type":"Organization","@id":"https:\/\/vosgesinfo.fr\/saintdieinfo\/#organization","name":"Saint Die Info","url":"https:\/\/vosgesinfo.fr\/saintdieinfo\/","logo":{"@type":"ImageObject","inLanguage":"fr-FR","@id":"https:\/\/vosgesinfo.fr\/saintdieinfo\/#\/schema\/logo\/image\/","url":"https:\/\/vosgesinfo.fr\/app\/uploads\/sites\/4\/2024\/02\/logo-sdi.jpg","contentUrl":"https:\/\/vosgesinfo.fr\/app\/uploads\/sites\/4\/2024\/02\/logo-sdi.jpg","width":600,"height":600,"caption":"Saint Die Info"},"image":{"@id":"https:\/\/vosgesinfo.fr\/saintdieinfo\/#\/schema\/logo\/image\/"},"sameAs":["https:\/\/www.facebook.com\/Saintdieinfofr","https:\/\/x.com\/VosgesInfo88","https:\/\/www.youtube.com\/@vosgesinfo"]},{"@type":"Person","@id":"https:\/\/vosgesinfo.fr\/saintdieinfo\/#\/schema\/person\/fa73e9f726d67bb88f46d5b7943cb572","name":"J.J.","image":{"@type":"ImageObject","inLanguage":"fr-FR","@id":"https:\/\/vosgesinfo.fr\/saintdieinfo\/#\/schema\/person\/image\/","url":"https:\/\/secure.gravatar.com\/avatar\/219e749e47ffbcca018a360ae4add7d4cdf1cdaaf8bc7676b27efade3fe65615?s=96&d=mm&r=g","contentUrl":"https:\/\/secure.gravatar.com\/avatar\/219e749e47ffbcca018a360ae4add7d4cdf1cdaaf8bc7676b27efade3fe65615?s=96&d=mm&r=g","caption":"J.J."},"url":"https:\/\/vosgesinfo.fr\/saintdieinfo\/author\/j-j\/"}]}},"_links":{"self":[{"href":"https:\/\/vosgesinfo.fr\/saintdieinfo\/wp-json\/wp\/v2\/posts\/80636","targetHints":{"allow":["GET"]}}],"collection":[{"href":"https:\/\/vosgesinfo.fr\/saintdieinfo\/wp-json\/wp\/v2\/posts"}],"about":[{"href":"https:\/\/vosgesinfo.fr\/saintdieinfo\/wp-json\/wp\/v2\/types\/post"}],"author":[{"embeddable":true,"href":"https:\/\/vosgesinfo.fr\/saintdieinfo\/wp-json\/wp\/v2\/users\/46"}],"replies":[{"embeddable":true,"href":"https:\/\/vosgesinfo.fr\/saintdieinfo\/wp-json\/wp\/v2\/comments?post=80636"}],"version-history":[{"count":1,"href":"https:\/\/vosgesinfo.fr\/saintdieinfo\/wp-json\/wp\/v2\/posts\/80636\/revisions"}],"predecessor-version":[{"id":80640,"href":"https:\/\/vosgesinfo.fr\/saintdieinfo\/wp-json\/wp\/v2\/posts\/80636\/revisions\/80640"}],"wp:featuredmedia":[{"embeddable":true,"href":"https:\/\/vosgesinfo.fr\/saintdieinfo\/wp-json\/wp\/v2\/media\/80639"}],"wp:attachment":[{"href":"https:\/\/vosgesinfo.fr\/saintdieinfo\/wp-json\/wp\/v2\/media?parent=80636"}],"wp:term":[{"taxonomy":"category","embeddable":true,"href":"https:\/\/vosgesinfo.fr\/saintdieinfo\/wp-json\/wp\/v2\/categories?post=80636"},{"taxonomy":"post_tag","embeddable":true,"href":"https:\/\/vosgesinfo.fr\/saintdieinfo\/wp-json\/wp\/v2\/tags?post=80636"}],"curies":[{"name":"wp","href":"https:\/\/api.w.org\/{rel}","templated":true}]}}